{"id":1692,"date":"2023-03-19T00:01:01","date_gmt":"2023-03-18T23:01:01","guid":{"rendered":"https:\/\/mission.spaziospadoni.org\/it\/?p=1692"},"modified":"2023-03-19T00:01:01","modified_gmt":"2023-03-18T23:01:01","slug":"santo-del-giorno-19-marzo-san-giuseppe","status":"publish","type":"post","link":"https:\/\/spaziospadoni.org\/it\/santo-del-giorno-19-marzo-san-giuseppe\/","title":{"rendered":"Santo del giorno 19 marzo &#8211; San Giuseppe"},"content":{"rendered":"<h2>La tradizionale festa del pap\u00e0 impersonificato a meraviglia dalla figura di San Giuseppe, un lavoratore, un falegname responsabile<\/h2>\n<p>Oggi, 19 marzo, gi\u00e0 i figli, a partire da una tradizione ed un costume ormai secolarizzati, si affrettano a consegnare regali al pap\u00e0.<\/p>\n<p>Un&#8217;incetta di baci ed attenzioni che non saranno mai le odiose smancerie perch\u00e9 il pap\u00e0 \u00e8 sempre pap\u00e0.<\/p>\n<p>Tra le prime parole che abbiamo imparato a pronunziare c&#8217;\u00e8 sempre questo bellissimo accostamento di suoni paritetici: PAP\u00c0<\/p>\n<p>San Giuseppe \u00e8 il pap\u00e0, e poco importa se biologico perch\u00e9 il pap\u00e0 \u00e8 sempre pap\u00e0.<\/p>\n<p>Qualcuno preferisce la parola babbo dando un tono di saggezza portante a questo uomo tutto d&#8217;un pezzo che accompagna i migliori anni della nostra vita.<\/p>\n<p>Ecco alcune caratteristiche che i pap\u00e0, sulle orme di San Giuseppe devono cercare di apprendere con l&#8217;esperienza della paternit\u00e0 (filiale, spirituale, biologica&#8230;).<\/p>\n<h3>Il dono della custodia paterna di San Giuseppe<\/h3>\n<p>&#8220;Dopo Maria Santissima, \u00e8 costituito depositario e custode delle celesti grazie. Non si conosce da molti la sua possanza e bont\u00e0, e da ogni parte i fedeli ricorrono a lui che ha attributi necessari per soccorrere gli infelici&#8221;.<\/p>\n<p>Da queste parole di Don Giacinto Bianchi, missionario apostolico fondatore delle Figlie di Maria Missionarie, emerge appunto una doppia levatura positiva della figura di Giuseppe.<\/p>\n<p>Saper custodire sembra facile ma non lo \u00e8 perch\u00e9 il mondo in cui viviamo \u00e8 un mondo &#8220;Usa e getta&#8221;.<\/p>\n<p>Se si riesce a preservare il valore della vita, allora si pu\u00f2 trasmettere agli altri la gioia.<\/p>\n<p>Come puoi consolare gli afflitti se tu per primo non sei gioia?<\/p>\n<h3>Accendere il cuore di carit\u00e0: Giuseppe ci ama<\/h3>\n<p>Ritrovarsi a sgridare un figlio non \u00e8 bello quanto il cercare di comprendere le pene del figlio.<\/p>\n<p>La carit\u00e0 \u00e8 amore, se manca la carit\u00e0 non c&#8217;\u00e8 amore.<\/p>\n<p>Una virt\u00f9 teologale da cui non si sfugge, cembali sonanti non servono.<\/p>\n<p>La carit\u00e0 tutto tace, non mormora e conosce il linguaggio sensibile dell&#8217;amore di Dio.<\/p>\n<p>Giuseppe pu\u00f2 per quella fiamma di carit\u00e0 di cui arde il suo cuore soccorrerci in ogni necessit\u00e0.<\/p>\n<p>Ricorriamo a lui sempre.<\/p>\n<p><em>Suor Ines Carlone Figlie di Maria Missionarie<\/em><\/p>\n<h3>Per approfondire<\/h3>\n<p><a href=\"https:\/\/mission.spaziospadoni.org\/it\/il-papa-dagli-estremi-confini-della-terra-porta-un-nuovo-stile-a-roma-10-anni-di-francesco\/\" title=\"Il Papa \u201cdagli estremi confini della terra\u201d porta un nuovo stile a Roma: 10 anni di Francesco\">Il Papa \u201cdagli estremi confini della terra\u201d porta un nuovo stile a Roma: 10 anni di Francesco<\/a><\/p>\n<p><a href=\"https:\/\/mission.spaziospadoni.org\/it\/santo-del-giorno-del-1-marzo-davide-del-galles\/\" title=\"Santo del giorno del 1\u00b0 marzo: Davide del Galles\">Santo del giorno del 1\u00b0 marzo: Davide del Galles<\/a><\/p>\n<p><a href=\"https:\/\/mission.spaziospadoni.org\/it\/santo-del-giorno-del-24-febbraio-san-sergio-di-cesarea\/\" title=\"Santo del giorno del 24 febbraio: San Sergio di Cesarea\">Santo del giorno del 24 febbraio: San Sergio di Cesarea<\/a><\/p>\n<p><a href=\"https:\/\/mission.spaziospadoni.org\/it\/vangelo-di-domenica-12-febbraio-matteo-5-17-37\/\" title=\"Vangelo di Domenica 12 febbraio: Matteo 5, 17-37\">Vangelo di Domenica 12 febbraio: Matteo 5, 17-37<\/a><\/p>\n<p><a href=\"https:\/\/mission.spaziospadoni.org\/it\/santo-del-giorno-per-il-14-febbraio-santisacco-di-pecerska\/\" title=\"Santo del giorno per il 14 febbraio: Sant\u2019Isacco di Pecerska\">Santo del giorno per il 14 febbraio: Sant\u2019Isacco di Pecerska<\/a><\/p>\n<h3>Fonte dell&#8217;articolo<\/h3>\n<p><a href=\"https:\/\/sites.google.com\/site\/padregiacintobianchi\/\" target=\"_blank\" rel=\"noopener\" title=\"Giacinto Bianchi Venerabile\">Giacinto Bianchi Venerabile<\/a><\/p>\n","protected":false},"excerpt":{"rendered":"<p>La tradizionale festa del pap\u00e0 impersonificato a meraviglia dalla figura di San Giuseppe, un lavoratore, un falegname responsabile <\/p>\n","protected":false},"author":36,"featured_media":12895,"comment_status":"closed","ping_status":"closed","sticky":false,"template":"","format":"standard","meta":{"_sitemap_exclude":false,"_sitemap_priority":"","_sitemap_frequency":"","ss_featured_image_title":"","ss_featured_image_alt":"","ss_featured_image_caption":"","footnotes":""},"categories":[55],"tags":[],"class_list":["post-1692","post","type-post","status-publish","format-standard","has-post-thumbnail","hentry","category-santo-del-giorno","infinite-scroll-item","generate-columns","tablet-grid-50","mobile-grid-100","grid-parent","grid-50"],"yoast_head":"<!-- This site is optimized with the Yoast SEO plugin v28.4 - https:\/\/yoast.com\/product\/yoast-seo-wordpress\/ -->\n<title>Santo del giorno 19 marzo: San Giuseppe<\/title>\n<meta name=\"description\" content=\"La tradizionale festa del pap\u00e0 impersonificato a meraviglia dalla figura di San Giuseppe, un lavoratore, un falegname responsabile\" \/>\n<meta name=\"robots\" content=\"index, follow, max-snippet:-1, max-image-preview:large, max-video-preview:-1\" \/>\n<link rel=\"canonical\" href=\"https:\/\/spaziospadoni.org\/it\/santo-del-giorno-19-marzo-san-giuseppe\/\" \/>\n<meta property=\"og:locale\" content=\"it_IT\" \/>\n<meta property=\"og:type\" content=\"article\" \/>\n<meta property=\"og:title\" content=\"Santo del giorno 19 marzo: San Giuseppe\" \/>\n<meta property=\"og:description\" content=\"La tradizionale festa del pap\u00e0 impersonificato a meraviglia dalla figura di San Giuseppe, un lavoratore, un falegname responsabile\" \/>\n<meta property=\"og:url\" content=\"https:\/\/spaziospadoni.org\/it\/santo-del-giorno-19-marzo-san-giuseppe\/\" \/>\n<meta property=\"og:site_name\" content=\"spazio + spadoni\" \/>\n<meta property=\"article:publisher\" content=\"https:\/\/www.facebook.com\/SpazioSpadoni\/\" \/>\n<meta property=\"article:published_time\" content=\"2023-03-18T23:01:01+00:00\" \/>\n<meta property=\"og:image\" content=\"https:\/\/staging.spaziospadoni.org\/wp-content\/uploads\/2023\/03\/Giuseppe800600.jpg\" \/>\n\t<meta property=\"og:image:width\" content=\"800\" \/>\n\t<meta property=\"og:image:height\" content=\"600\" \/>\n\t<meta property=\"og:image:type\" content=\"image\/jpeg\" \/>\n<meta name=\"author\" content=\"Suor Ines Carlone\" \/>\n<meta name=\"twitter:card\" content=\"summary_large_image\" \/>\n<meta name=\"twitter:label1\" content=\"Scritto da\" \/>\n\t<meta name=\"twitter:data1\" content=\"Suor Ines Carlone\" \/>\n\t<meta name=\"twitter:label2\" content=\"Tempo di lettura stimato\" \/>\n\t<meta name=\"twitter:data2\" content=\"3 minuti\" \/>\n<script type=\"application\/ld+json\" class=\"yoast-schema-graph\">{\"@context\":\"https:\\\/\\\/schema.org\",\"@graph\":[{\"@type\":\"Article\",\"@id\":\"https:\\\/\\\/spaziospadoni.org\\\/it\\\/santo-del-giorno-19-marzo-san-giuseppe\\\/#article\",\"isPartOf\":{\"@id\":\"https:\\\/\\\/spaziospadoni.org\\\/it\\\/santo-del-giorno-19-marzo-san-giuseppe\\\/\"},\"author\":{\"name\":\"Suor Ines Carlone\",\"@id\":\"https:\\\/\\\/spaziospadoni.org\\\/it\\\/#\\\/schema\\\/person\\\/18e18e5c0d0eb91591318c7bb76753fe\"},\"headline\":\"Santo del giorno 19 marzo &#8211; San Giuseppe\",\"datePublished\":\"2023-03-18T23:01:01+00:00\",\"mainEntityOfPage\":{\"@id\":\"https:\\\/\\\/spaziospadoni.org\\\/it\\\/santo-del-giorno-19-marzo-san-giuseppe\\\/\"},\"wordCount\":409,\"publisher\":{\"@id\":\"https:\\\/\\\/spaziospadoni.org\\\/it\\\/#organization\"},\"image\":{\"@id\":\"https:\\\/\\\/spaziospadoni.org\\\/it\\\/santo-del-giorno-19-marzo-san-giuseppe\\\/#primaryimage\"},\"thumbnailUrl\":\"https:\\\/\\\/spaziospadoni.org\\\/wp-content\\\/uploads\\\/2023\\\/03\\\/Giuseppe800600.jpg\",\"articleSection\":[\"Santo del Giorno\"],\"inLanguage\":\"it-IT\"},{\"@type\":\"WebPage\",\"@id\":\"https:\\\/\\\/spaziospadoni.org\\\/it\\\/santo-del-giorno-19-marzo-san-giuseppe\\\/\",\"url\":\"https:\\\/\\\/spaziospadoni.org\\\/it\\\/santo-del-giorno-19-marzo-san-giuseppe\\\/\",\"name\":\"Santo del giorno 19 marzo: San Giuseppe\",\"isPartOf\":{\"@id\":\"https:\\\/\\\/spaziospadoni.org\\\/it\\\/#website\"},\"primaryImageOfPage\":{\"@id\":\"https:\\\/\\\/spaziospadoni.org\\\/it\\\/santo-del-giorno-19-marzo-san-giuseppe\\\/#primaryimage\"},\"image\":{\"@id\":\"https:\\\/\\\/spaziospadoni.org\\\/it\\\/santo-del-giorno-19-marzo-san-giuseppe\\\/#primaryimage\"},\"thumbnailUrl\":\"https:\\\/\\\/spaziospadoni.org\\\/wp-content\\\/uploads\\\/2023\\\/03\\\/Giuseppe800600.jpg\",\"datePublished\":\"2023-03-18T23:01:01+00:00\",\"description\":\"La tradizionale festa del pap\u00e0 impersonificato a meraviglia dalla figura di San Giuseppe, un lavoratore, un falegname responsabile\",\"breadcrumb\":{\"@id\":\"https:\\\/\\\/spaziospadoni.org\\\/it\\\/santo-del-giorno-19-marzo-san-giuseppe\\\/#breadcrumb\"},\"inLanguage\":\"it-IT\",\"potentialAction\":[{\"@type\":\"ReadAction\",\"target\":[\"https:\\\/\\\/spaziospadoni.org\\\/it\\\/santo-del-giorno-19-marzo-san-giuseppe\\\/\"]}]},{\"@type\":\"ImageObject\",\"inLanguage\":\"it-IT\",\"@id\":\"https:\\\/\\\/spaziospadoni.org\\\/it\\\/santo-del-giorno-19-marzo-san-giuseppe\\\/#primaryimage\",\"url\":\"https:\\\/\\\/spaziospadoni.org\\\/wp-content\\\/uploads\\\/2023\\\/03\\\/Giuseppe800600.jpg\",\"contentUrl\":\"https:\\\/\\\/spaziospadoni.org\\\/wp-content\\\/uploads\\\/2023\\\/03\\\/Giuseppe800600.jpg\",\"width\":800,\"height\":600,\"caption\":\"Giuseppe\"},{\"@type\":\"BreadcrumbList\",\"@id\":\"https:\\\/\\\/spaziospadoni.org\\\/it\\\/santo-del-giorno-19-marzo-san-giuseppe\\\/#breadcrumb\",\"itemListElement\":[{\"@type\":\"ListItem\",\"position\":1,\"name\":\"Home\",\"item\":\"https:\\\/\\\/spaziospadoni.org\\\/it\\\/\"},{\"@type\":\"ListItem\",\"position\":2,\"name\":\"Santo del giorno 19 marzo &#8211; San Giuseppe\"}]},{\"@type\":\"WebSite\",\"@id\":\"https:\\\/\\\/spaziospadoni.org\\\/it\\\/#website\",\"url\":\"https:\\\/\\\/spaziospadoni.org\\\/it\\\/\",\"name\":\"spazio + spadoni\",\"description\":\"Generazione di misericordia e missione nel mondo\",\"publisher\":{\"@id\":\"https:\\\/\\\/spaziospadoni.org\\\/it\\\/#organization\"},\"alternateName\":\"spaziospadoni.org\",\"potentialAction\":[{\"@type\":\"SearchAction\",\"target\":{\"@type\":\"EntryPoint\",\"urlTemplate\":\"https:\\\/\\\/spaziospadoni.org\\\/it\\\/?s={search_term_string}\"},\"query-input\":{\"@type\":\"PropertyValueSpecification\",\"valueRequired\":true,\"valueName\":\"search_term_string\"}}],\"inLanguage\":\"it-IT\"},{\"@type\":\"Organization\",\"@id\":\"https:\\\/\\\/spaziospadoni.org\\\/it\\\/#organization\",\"name\":\"spazio + spadoni\",\"alternateName\":\"spaziospadoni.org\",\"url\":\"https:\\\/\\\/spaziospadoni.org\\\/it\\\/\",\"logo\":{\"@type\":\"ImageObject\",\"inLanguage\":\"it-IT\",\"@id\":\"https:\\\/\\\/spaziospadoni.org\\\/it\\\/#\\\/schema\\\/logo\\\/image\\\/\",\"url\":\"https:\\\/\\\/spaziospadoni.org\\\/wp-content\\\/uploads\\\/2026\\\/05\\\/spazio-spadoni-logo-100x100-1.webp\",\"contentUrl\":\"https:\\\/\\\/spaziospadoni.org\\\/wp-content\\\/uploads\\\/2026\\\/05\\\/spazio-spadoni-logo-100x100-1.webp\",\"width\":100,\"height\":100,\"caption\":\"spazio + spadoni\"},\"image\":{\"@id\":\"https:\\\/\\\/spaziospadoni.org\\\/it\\\/#\\\/schema\\\/logo\\\/image\\\/\"},\"sameAs\":[\"https:\\\/\\\/www.facebook.com\\\/SpazioSpadoni\\\/\",\"https:\\\/\\\/www.instagram.com\\\/spaziospadoni\\\/\",\"https:\\\/\\\/www.youtube.com\\\/@spaziospadoni\\\/playlists\"]},{\"@type\":\"Person\",\"@id\":\"https:\\\/\\\/spaziospadoni.org\\\/it\\\/#\\\/schema\\\/person\\\/18e18e5c0d0eb91591318c7bb76753fe\",\"name\":\"Suor Ines Carlone\",\"image\":{\"@type\":\"ImageObject\",\"inLanguage\":\"it-IT\",\"@id\":\"https:\\\/\\\/secure.gravatar.com\\\/avatar\\\/bf6c680182806777026b2682670d4e47e20ee9bc82a1654eac760ffc87ea1e7c?s=96&d=mm&r=g\",\"url\":\"https:\\\/\\\/secure.gravatar.com\\\/avatar\\\/bf6c680182806777026b2682670d4e47e20ee9bc82a1654eac760ffc87ea1e7c?s=96&d=mm&r=g\",\"contentUrl\":\"https:\\\/\\\/secure.gravatar.com\\\/avatar\\\/bf6c680182806777026b2682670d4e47e20ee9bc82a1654eac760ffc87ea1e7c?s=96&d=mm&r=g\",\"caption\":\"Suor Ines Carlone\"},\"description\":\"Laureata in Economia, appartiene alla congregazione delle Figlie di Maria Missionarie. Nutre una grande passione per l\u2019India. Oggi si trova in terra d\u2019oriente in vicinanza al popolo cercando di essere volto di misericordia ed imparando dagli altri. Ha pronunciato i voti perpetui nel 2024. Oggi ha 44 anni.\",\"url\":\"https:\\\/\\\/spaziospadoni.org\\\/it\\\/author\\\/mission_suor_ines\\\/\"}]}<\/script>\n<!-- \/ Yoast SEO plugin. -->","yoast_head_json":{"title":"Santo del giorno 19 marzo: San Giuseppe","description":"La tradizionale festa del pap\u00e0 impersonificato a meraviglia dalla figura di San Giuseppe, un lavoratore, un falegname responsabile","robots":{"index":"index","follow":"follow","max-snippet":"max-snippet:-1","max-image-preview":"max-image-preview:large","max-video-preview":"max-video-preview:-1"},"canonical":"https:\/\/spaziospadoni.org\/it\/santo-del-giorno-19-marzo-san-giuseppe\/","og_locale":"it_IT","og_type":"article","og_title":"Santo del giorno 19 marzo: San Giuseppe","og_description":"La tradizionale festa del pap\u00e0 impersonificato a meraviglia dalla figura di San Giuseppe, un lavoratore, un falegname responsabile","og_url":"https:\/\/spaziospadoni.org\/it\/santo-del-giorno-19-marzo-san-giuseppe\/","og_site_name":"spazio + spadoni","article_publisher":"https:\/\/www.facebook.com\/SpazioSpadoni\/","article_published_time":"2023-03-18T23:01:01+00:00","og_image":[{"width":800,"height":600,"url":"https:\/\/staging.spaziospadoni.org\/wp-content\/uploads\/2023\/03\/Giuseppe800600.jpg","type":"image\/jpeg"}],"author":"Suor Ines Carlone","twitter_card":"summary_large_image","twitter_misc":{"Scritto da":"Suor Ines Carlone","Tempo di lettura stimato":"3 minuti"},"schema":{"@context":"https:\/\/schema.org","@graph":[{"@type":"Article","@id":"https:\/\/spaziospadoni.org\/it\/santo-del-giorno-19-marzo-san-giuseppe\/#article","isPartOf":{"@id":"https:\/\/spaziospadoni.org\/it\/santo-del-giorno-19-marzo-san-giuseppe\/"},"author":{"name":"Suor Ines Carlone","@id":"https:\/\/spaziospadoni.org\/it\/#\/schema\/person\/18e18e5c0d0eb91591318c7bb76753fe"},"headline":"Santo del giorno 19 marzo &#8211; San Giuseppe","datePublished":"2023-03-18T23:01:01+00:00","mainEntityOfPage":{"@id":"https:\/\/spaziospadoni.org\/it\/santo-del-giorno-19-marzo-san-giuseppe\/"},"wordCount":409,"publisher":{"@id":"https:\/\/spaziospadoni.org\/it\/#organization"},"image":{"@id":"https:\/\/spaziospadoni.org\/it\/santo-del-giorno-19-marzo-san-giuseppe\/#primaryimage"},"thumbnailUrl":"https:\/\/spaziospadoni.org\/wp-content\/uploads\/2023\/03\/Giuseppe800600.jpg","articleSection":["Santo del Giorno"],"inLanguage":"it-IT"},{"@type":"WebPage","@id":"https:\/\/spaziospadoni.org\/it\/santo-del-giorno-19-marzo-san-giuseppe\/","url":"https:\/\/spaziospadoni.org\/it\/santo-del-giorno-19-marzo-san-giuseppe\/","name":"Santo del giorno 19 marzo: San Giuseppe","isPartOf":{"@id":"https:\/\/spaziospadoni.org\/it\/#website"},"primaryImageOfPage":{"@id":"https:\/\/spaziospadoni.org\/it\/santo-del-giorno-19-marzo-san-giuseppe\/#primaryimage"},"image":{"@id":"https:\/\/spaziospadoni.org\/it\/santo-del-giorno-19-marzo-san-giuseppe\/#primaryimage"},"thumbnailUrl":"https:\/\/spaziospadoni.org\/wp-content\/uploads\/2023\/03\/Giuseppe800600.jpg","datePublished":"2023-03-18T23:01:01+00:00","description":"La tradizionale festa del pap\u00e0 impersonificato a meraviglia dalla figura di San Giuseppe, un lavoratore, un falegname responsabile","breadcrumb":{"@id":"https:\/\/spaziospadoni.org\/it\/santo-del-giorno-19-marzo-san-giuseppe\/#breadcrumb"},"inLanguage":"it-IT","potentialAction":[{"@type":"ReadAction","target":["https:\/\/spaziospadoni.org\/it\/santo-del-giorno-19-marzo-san-giuseppe\/"]}]},{"@type":"ImageObject","inLanguage":"it-IT","@id":"https:\/\/spaziospadoni.org\/it\/santo-del-giorno-19-marzo-san-giuseppe\/#primaryimage","url":"https:\/\/spaziospadoni.org\/wp-content\/uploads\/2023\/03\/Giuseppe800600.jpg","contentUrl":"https:\/\/spaziospadoni.org\/wp-content\/uploads\/2023\/03\/Giuseppe800600.jpg","width":800,"height":600,"caption":"Giuseppe"},{"@type":"BreadcrumbList","@id":"https:\/\/spaziospadoni.org\/it\/santo-del-giorno-19-marzo-san-giuseppe\/#breadcrumb","itemListElement":[{"@type":"ListItem","position":1,"name":"Home","item":"https:\/\/spaziospadoni.org\/it\/"},{"@type":"ListItem","position":2,"name":"Santo del giorno 19 marzo &#8211; San Giuseppe"}]},{"@type":"WebSite","@id":"https:\/\/spaziospadoni.org\/it\/#website","url":"https:\/\/spaziospadoni.org\/it\/","name":"spazio + spadoni","description":"Generazione di misericordia e missione nel mondo","publisher":{"@id":"https:\/\/spaziospadoni.org\/it\/#organization"},"alternateName":"spaziospadoni.org","potentialAction":[{"@type":"SearchAction","target":{"@type":"EntryPoint","urlTemplate":"https:\/\/spaziospadoni.org\/it\/?s={search_term_string}"},"query-input":{"@type":"PropertyValueSpecification","valueRequired":true,"valueName":"search_term_string"}}],"inLanguage":"it-IT"},{"@type":"Organization","@id":"https:\/\/spaziospadoni.org\/it\/#organization","name":"spazio + spadoni","alternateName":"spaziospadoni.org","url":"https:\/\/spaziospadoni.org\/it\/","logo":{"@type":"ImageObject","inLanguage":"it-IT","@id":"https:\/\/spaziospadoni.org\/it\/#\/schema\/logo\/image\/","url":"https:\/\/spaziospadoni.org\/wp-content\/uploads\/2026\/05\/spazio-spadoni-logo-100x100-1.webp","contentUrl":"https:\/\/spaziospadoni.org\/wp-content\/uploads\/2026\/05\/spazio-spadoni-logo-100x100-1.webp","width":100,"height":100,"caption":"spazio + spadoni"},"image":{"@id":"https:\/\/spaziospadoni.org\/it\/#\/schema\/logo\/image\/"},"sameAs":["https:\/\/www.facebook.com\/SpazioSpadoni\/","https:\/\/www.instagram.com\/spaziospadoni\/","https:\/\/www.youtube.com\/@spaziospadoni\/playlists"]},{"@type":"Person","@id":"https:\/\/spaziospadoni.org\/it\/#\/schema\/person\/18e18e5c0d0eb91591318c7bb76753fe","name":"Suor Ines Carlone","image":{"@type":"ImageObject","inLanguage":"it-IT","@id":"https:\/\/secure.gravatar.com\/avatar\/bf6c680182806777026b2682670d4e47e20ee9bc82a1654eac760ffc87ea1e7c?s=96&d=mm&r=g","url":"https:\/\/secure.gravatar.com\/avatar\/bf6c680182806777026b2682670d4e47e20ee9bc82a1654eac760ffc87ea1e7c?s=96&d=mm&r=g","contentUrl":"https:\/\/secure.gravatar.com\/avatar\/bf6c680182806777026b2682670d4e47e20ee9bc82a1654eac760ffc87ea1e7c?s=96&d=mm&r=g","caption":"Suor Ines Carlone"},"description":"Laureata in Economia, appartiene alla congregazione delle Figlie di Maria Missionarie. Nutre una grande passione per l\u2019India. Oggi si trova in terra d\u2019oriente in vicinanza al popolo cercando di essere volto di misericordia ed imparando dagli altri. Ha pronunciato i voti perpetui nel 2024. Oggi ha 44 anni.","url":"https:\/\/spaziospadoni.org\/it\/author\/mission_suor_ines\/"}]}},"_links":{"self":[{"href":"https:\/\/spaziospadoni.org\/it\/wp-json\/wp\/v2\/posts\/1692","targetHints":{"allow":["GET"]}}],"collection":[{"href":"https:\/\/spaziospadoni.org\/it\/wp-json\/wp\/v2\/posts"}],"about":[{"href":"https:\/\/spaziospadoni.org\/it\/wp-json\/wp\/v2\/types\/post"}],"author":[{"embeddable":true,"href":"https:\/\/spaziospadoni.org\/it\/wp-json\/wp\/v2\/users\/36"}],"replies":[{"embeddable":true,"href":"https:\/\/spaziospadoni.org\/it\/wp-json\/wp\/v2\/comments?post=1692"}],"version-history":[{"count":0,"href":"https:\/\/spaziospadoni.org\/it\/wp-json\/wp\/v2\/posts\/1692\/revisions"}],"wp:featuredmedia":[{"embeddable":true,"href":"https:\/\/spaziospadoni.org\/it\/wp-json\/wp\/v2\/media\/12895"}],"wp:attachment":[{"href":"https:\/\/spaziospadoni.org\/it\/wp-json\/wp\/v2\/media?parent=1692"}],"wp:term":[{"taxonomy":"category","embeddable":true,"href":"https:\/\/spaziospadoni.org\/it\/wp-json\/wp\/v2\/categories?post=1692"},{"taxonomy":"post_tag","embeddable":true,"href":"https:\/\/spaziospadoni.org\/it\/wp-json\/wp\/v2\/tags?post=1692"}],"curies":[{"name":"wp","href":"https:\/\/api.w.org\/{rel}","templated":true}]}}