{"id":26420,"date":"2025-08-13T14:30:49","date_gmt":"2025-08-13T12:30:49","guid":{"rendered":"https:\/\/spaziospadoni.org\/?p=26420"},"modified":"2025-08-13T14:30:49","modified_gmt":"2025-08-13T12:30:49","slug":"uganda-terra-di-accoglienza-nel-cuore-di-una-crisi-umanitaria-regionale","status":"publish","type":"post","link":"https:\/\/spaziospadoni.org\/it\/uganda-terra-di-accoglienza-nel-cuore-di-una-crisi-umanitaria-regionale\/","title":{"rendered":"Uganda: terra di accoglienza nel cuore di una crisi umanitaria regionale"},"content":{"rendered":"<h2>Dal nostro corrispondente per l&#8217;Africa Rodrigue Bidubula, un articolo che ci presenta l&#8217;Uganda: terra accogliente, ma che si scontra con i suoi limiti<\/h2>\n<p>Da diversi anni l\u2019Uganda si \u00e8 affermata come un\u2019oasi di pace per centinaia di migliaia di rifugiati in fuga dai conflitti che devastano la regione dei Grandi Laghi e il Corno d\u2019Africa. Oggi, mentre le tensioni si intensificano nella Repubblica Democratica del Congo (RDC), in Sudan e nel Sudan del Sud, l\u2019Uganda si trova a un bivio, tra la fedelt\u00e0 alla sua politica di accoglienza e i limiti crescenti delle sue capacit\u00e0 di ospitalit\u00e0 e assistenza.<\/p>\n<h3>Un ruolo di accoglienza eccezionale<\/h3>\n<p>Con oltre 1,93 milioni di rifugiati registrati sul suo territorio secondo l\u2019ONU, questa cifra potrebbe raggiungere i 2 milioni entro la fine dell\u2019anno.<br \/>\nL\u2019Uganda \u00e8 ora i<strong>l primo Paese di accoglienza in Africa e il terzo al mondo<\/strong>, secondo i dati pi\u00f9 recenti delle Nazioni Unite. Pur non avendo sbocco sul mare, ha adottato una politica progressista e umanitaria nei confronti degli sfollati.<br \/>\nA differenza di altri contesti in cui i rifugiati sono confinati in campi chiusi, l\u2019Uganda offre loro il <strong>diritto di lavorare, di accedere all\u2019istruzione, all\u2019assistenza sanitaria e alla terra per l\u2019agricoltura<\/strong>. Questo approccio inclusivo mira a promuovere l\u2019autonomia e la dignit\u00e0 dei rifugiati.<br \/>\nTra i nuovi sfollati registrati, il Paese accoglie non solo i congolesi in fuga dalle recenti violenze nella parte orientale della Repubblica Democratica del Congo, ma anche sudanesi, sud-sudanesi, somali, eritrei e burundesi. Ogni giorno, circa 600 nuovi arrivati attraversano i confini ugandesi nella speranza di trovare sicurezza e speranza.<\/p>\n<h3>Una pressione crescente sulle risorse locali<\/h3>\n<p><img decoding=\"async\" class=\"alignleft size-medium wp-image-26424\" src=\"https:\/\/spaziospadoni.org\/wp-content\/uploads\/2025\/08\/Uganda2-300x300.jpeg\" alt=\"Uganda2\" width=\"300\" height=\"300\" srcset=\"https:\/\/spaziospadoni.org\/wp-content\/uploads\/2025\/08\/Uganda2-300x300.jpeg 300w, https:\/\/spaziospadoni.org\/wp-content\/uploads\/2025\/08\/Uganda2-150x150.jpeg 150w, https:\/\/spaziospadoni.org\/wp-content\/uploads\/2025\/08\/Uganda2-768x768.jpeg 768w, https:\/\/spaziospadoni.org\/wp-content\/uploads\/2025\/08\/Uganda2.jpeg 796w\" sizes=\"(max-width: 300px) 100vw, 300px\" \/>Tuttavia, questa ospitalit\u00e0 \u00e8 messa a dura prova. <strong>Le risorse disponibili per accogliere i rifugiati si stanno riducendo notevolmente<\/strong>. L\u2019Alto Commissariato delle Nazioni Unite per i rifugiati (UNHCR) indica che la risposta umanitaria in Uganda \u00e8 finanziata solo al 25%: questa carenza di finanziamenti si traduce in un <strong>deterioramento delle condizioni di vita<\/strong> nei campi e nelle comunit\u00e0 di accoglienza: accesso limitato all\u2019acqua potabile, sovraffollamento nelle scuole, servizi sanitari sovraccarichi, mancanza di viveri e crescente insicurezza alimentare.<\/p>\n<p>I rifugiati vivono in gran parte in condizioni precarie, dipendendo in larga misura dagli aiuti internazionali. Sebbene l\u2019Uganda dimostri buona volont\u00e0, \u00e8 evidente che le sue capacit\u00e0 finanziarie e logistiche sono superate dalla portata della crisi.<\/p>\n<p>Le tensioni tra i rifugiati e le comunit\u00e0 locali sono spesso ricorrenti, soprattutto quando<strong> le risorse scarseggiano<\/strong>. Molti rifugiati, in particolare donne e bambini, sono vulnerabili ad abusi, tratta di esseri umani o sfruttamento sessuale.<br \/>\nNonostante i diritti garantiti dalla legislazione ugandese, la realt\u00e0 quotidiana \u00e8 spesso caratterizzata dall\u2019esclusione dal mercato del lavoro formale, dall\u2019emarginazione nelle decisioni locali e da un senso di instabilit\u00e0 permanente. La salute mentale dei rifugiati, segnata dai traumi della guerra, dallo sradicamento e dall\u2019incertezza, rimane una questione poco affrontata.<\/p>\n<h3>L\u2019urgenza di un sostegno internazionale strutturale<\/h3>\n<p>Il caso dell\u2019Uganda \u00e8 un chiaro <strong>appello alla solidariet\u00e0 internazionale<\/strong>. L\u2019ONU e le sue agenzie hanno lanciato appelli urgenti per aumentare i finanziamenti umanitari. Ma al di l\u00e0 degli aiuti puntuali, \u00e8 fondamentale mettere in atto una strategia a lungo termine, basata sulla condivisione delle responsabilit\u00e0.<\/p>\n<p>I Paesi donatori dovranno non solo aumentare il loro sostegno finanziario, ma anche investire nel rafforzamento delle infrastrutture locali (sanit\u00e0, istruzione, servizi igienico-sanitari), affinch\u00e9 l\u2019accoglienza dei rifugiati non vada a discapito delle popolazioni locali; senza dimenticare il supporto tecnico alle autorit\u00e0 ugandesi nella gestione dei dati, nel coordinamento degli attori umanitari e nella pianificazione urbana.<\/p>\n<h3>Quale ruolo possono svolgere le organizzazioni religiose, i movimenti e la societ\u00e0 civile?<\/h3>\n<p>\u00c8 opportuno ricordare che le iniziative di accompagnamento sono indispensabili. I rifugiati hanno bisogno di un sostegno sociale e psicologico; a ci\u00f2 si aggiunge il coinvolgimento della societ\u00e0 civile nella lotta contro ogni forma di discriminazione e di incitamento all\u2019odio. La vita \u00e8 un dono sacro e anche la vita di un rifugiato deve essere rispettata e dare dignit\u00e0 a ciascuno.<\/p>\n<h3>Ritrovare la pace per sperare in un ritorno<\/h3>\n<p>\u00c8 essenziale ricordare che il destino dei rifugiati non pu\u00f2 essere dissociato dai conflitti che li hanno costretti ad abbandonare le loro case. Il futuro di milioni di sfollati dipende dal ripristino della pace nei loro Paesi d\u2019origine. Ci\u00f2 richiede <strong>maggiori sforzi diplomatici per risolvere le crisi<\/strong> nella Repubblica Democratica del Congo, in Sudan e nel Sudan del Sud, nonch\u00e9 il sostegno alla ricostruzione delle regioni colpite.<\/p>\n<p>Gli stessi rifugiati esprimono il desiderio di tornare a casa, ma in condizioni dignitose, sicure e durature. Per questo \u00e8 necessario <strong>lavorare alla stabilizzazione politica, alla riconciliazione e alla giustizia transitoria<\/strong>. La vita dei rifugiati non deve essere una condanna all\u2019esilio perpetuo, ma una tappa verso il ritorno alla dignit\u00e0 e alla pace.<\/p>\n<h3>Immagini<\/h3>\n<ul>\n<li>Foto di Rodrigue Bidubula<\/li>\n<\/ul>\n","protected":false},"excerpt":{"rendered":"<p>Dal nostro corrispondente per l&#8217;Africa Rodrigue Bidubula, un articolo che ci presenta l&#8217;Uganda: terra accogliente, ma che si scontra con i suoi limiti Da diversi anni l\u2019Uganda si \u00e8 affermata come un\u2019oasi di pace per centinaia di migliaia di rifugiati in fuga dai conflitti che devastano la regione dei Grandi Laghi e il Corno d\u2019Africa. &#8230; <a title=\"Uganda: terra di accoglienza nel cuore di una crisi umanitaria regionale\" class=\"read-more\" href=\"https:\/\/spaziospadoni.org\/it\/uganda-terra-di-accoglienza-nel-cuore-di-una-crisi-umanitaria-regionale\/\" aria-label=\"Per saperne di pi\u00f9 su Uganda: terra di accoglienza nel cuore di una crisi umanitaria regionale\">Leggi tutto<\/a><\/p>\n","protected":false},"author":41,"featured_media":26423,"comment_status":"closed","ping_status":"closed","sticky":false,"template":"","format":"standard","meta":{"_sitemap_exclude":false,"_sitemap_priority":"","_sitemap_frequency":"","ss_featured_image_title":"","ss_featured_image_alt":"","ss_featured_image_caption":"","footnotes":""},"categories":[60],"tags":[63,59,152],"class_list":["post-26420","post","type-post","status-publish","format-standard","has-post-thumbnail","hentry","category-notizie-dal-mondo","tag-africa","tag-migranti","tag-uganda","infinite-scroll-item","generate-columns","tablet-grid-50","mobile-grid-100","grid-parent","grid-50"],"yoast_head":"<!-- This site is optimized with the Yoast SEO plugin v28.4 - https:\/\/yoast.com\/product\/yoast-seo-wordpress\/ -->\n<title>Uganda: terra di accoglienza nel cuore di una crisi umanitaria regionale<\/title>\n<meta name=\"description\" content=\"Dal nostro corrispondente per l&#039;Africa Rodrigue Bidubula, un articolo che ci presenta l&#039;Uganda: terra accogliente, ma che si scontra con i...\" \/>\n<meta name=\"robots\" content=\"index, follow, max-snippet:-1, max-image-preview:large, max-video-preview:-1\" \/>\n<link rel=\"canonical\" href=\"https:\/\/spaziospadoni.org\/it\/uganda-terra-di-accoglienza-nel-cuore-di-una-crisi-umanitaria-regionale\/\" \/>\n<meta property=\"og:locale\" content=\"it_IT\" \/>\n<meta property=\"og:type\" content=\"article\" \/>\n<meta property=\"og:title\" content=\"Uganda: terra di accoglienza nel cuore di una crisi umanitaria regionale\" \/>\n<meta property=\"og:description\" content=\"Dal nostro corrispondente per l&#039;Africa Rodrigue Bidubula, un articolo che ci presenta l&#039;Uganda: terra accogliente, ma che si scontra con i...\" \/>\n<meta property=\"og:url\" content=\"https:\/\/spaziospadoni.org\/it\/uganda-terra-di-accoglienza-nel-cuore-di-una-crisi-umanitaria-regionale\/\" \/>\n<meta property=\"og:site_name\" content=\"spazio + spadoni\" \/>\n<meta property=\"article:publisher\" content=\"https:\/\/www.facebook.com\/SpazioSpadoni\/\" \/>\n<meta property=\"article:published_time\" content=\"2025-08-13T12:30:49+00:00\" \/>\n<meta property=\"og:image\" content=\"https:\/\/staging.spaziospadoni.org\/wp-content\/uploads\/2025\/08\/Uganda1.jpeg\" \/>\n\t<meta property=\"og:image:width\" content=\"800\" \/>\n\t<meta property=\"og:image:height\" content=\"800\" \/>\n\t<meta property=\"og:image:type\" content=\"image\/jpeg\" \/>\n<meta name=\"author\" content=\"Rodrigue Bidubula\" \/>\n<meta name=\"twitter:card\" content=\"summary_large_image\" \/>\n<meta name=\"twitter:label1\" content=\"Scritto da\" \/>\n\t<meta name=\"twitter:data1\" content=\"Rodrigue Bidubula\" \/>\n\t<meta name=\"twitter:label2\" content=\"Tempo di lettura stimato\" \/>\n\t<meta name=\"twitter:data2\" content=\"5 minuti\" \/>\n<script type=\"application\/ld+json\" class=\"yoast-schema-graph\">{\"@context\":\"https:\\\/\\\/schema.org\",\"@graph\":[{\"@type\":\"Article\",\"@id\":\"https:\\\/\\\/spaziospadoni.org\\\/it\\\/uganda-terra-di-accoglienza-nel-cuore-di-una-crisi-umanitaria-regionale\\\/#article\",\"isPartOf\":{\"@id\":\"https:\\\/\\\/spaziospadoni.org\\\/it\\\/uganda-terra-di-accoglienza-nel-cuore-di-una-crisi-umanitaria-regionale\\\/\"},\"author\":{\"name\":\"Rodrigue Bidubula\",\"@id\":\"https:\\\/\\\/spaziospadoni.org\\\/it\\\/#\\\/schema\\\/person\\\/68537b158ba3b98a10624d112dc433c1\"},\"headline\":\"Uganda: terra di accoglienza nel cuore di una crisi umanitaria regionale\",\"datePublished\":\"2025-08-13T12:30:49+00:00\",\"mainEntityOfPage\":{\"@id\":\"https:\\\/\\\/spaziospadoni.org\\\/it\\\/uganda-terra-di-accoglienza-nel-cuore-di-una-crisi-umanitaria-regionale\\\/\"},\"wordCount\":799,\"publisher\":{\"@id\":\"https:\\\/\\\/spaziospadoni.org\\\/it\\\/#organization\"},\"image\":{\"@id\":\"https:\\\/\\\/spaziospadoni.org\\\/it\\\/uganda-terra-di-accoglienza-nel-cuore-di-una-crisi-umanitaria-regionale\\\/#primaryimage\"},\"thumbnailUrl\":\"https:\\\/\\\/spaziospadoni.org\\\/wp-content\\\/uploads\\\/2025\\\/08\\\/Uganda1.jpeg\",\"keywords\":[\"Africa\",\"migranti\",\"Uganda\"],\"articleSection\":[\"Notizie dal Mondo\"],\"inLanguage\":\"it-IT\"},{\"@type\":\"WebPage\",\"@id\":\"https:\\\/\\\/spaziospadoni.org\\\/it\\\/uganda-terra-di-accoglienza-nel-cuore-di-una-crisi-umanitaria-regionale\\\/\",\"url\":\"https:\\\/\\\/spaziospadoni.org\\\/it\\\/uganda-terra-di-accoglienza-nel-cuore-di-una-crisi-umanitaria-regionale\\\/\",\"name\":\"Uganda: terra di accoglienza nel cuore di una crisi umanitaria regionale\",\"isPartOf\":{\"@id\":\"https:\\\/\\\/spaziospadoni.org\\\/it\\\/#website\"},\"primaryImageOfPage\":{\"@id\":\"https:\\\/\\\/spaziospadoni.org\\\/it\\\/uganda-terra-di-accoglienza-nel-cuore-di-una-crisi-umanitaria-regionale\\\/#primaryimage\"},\"image\":{\"@id\":\"https:\\\/\\\/spaziospadoni.org\\\/it\\\/uganda-terra-di-accoglienza-nel-cuore-di-una-crisi-umanitaria-regionale\\\/#primaryimage\"},\"thumbnailUrl\":\"https:\\\/\\\/spaziospadoni.org\\\/wp-content\\\/uploads\\\/2025\\\/08\\\/Uganda1.jpeg\",\"datePublished\":\"2025-08-13T12:30:49+00:00\",\"description\":\"Dal nostro corrispondente per l'Africa Rodrigue Bidubula, un articolo che ci presenta l'Uganda: terra accogliente, ma che si scontra con i...\",\"breadcrumb\":{\"@id\":\"https:\\\/\\\/spaziospadoni.org\\\/it\\\/uganda-terra-di-accoglienza-nel-cuore-di-una-crisi-umanitaria-regionale\\\/#breadcrumb\"},\"inLanguage\":\"it-IT\",\"potentialAction\":[{\"@type\":\"ReadAction\",\"target\":[\"https:\\\/\\\/spaziospadoni.org\\\/it\\\/uganda-terra-di-accoglienza-nel-cuore-di-una-crisi-umanitaria-regionale\\\/\"]}]},{\"@type\":\"ImageObject\",\"inLanguage\":\"it-IT\",\"@id\":\"https:\\\/\\\/spaziospadoni.org\\\/it\\\/uganda-terra-di-accoglienza-nel-cuore-di-una-crisi-umanitaria-regionale\\\/#primaryimage\",\"url\":\"https:\\\/\\\/spaziospadoni.org\\\/wp-content\\\/uploads\\\/2025\\\/08\\\/Uganda1.jpeg\",\"contentUrl\":\"https:\\\/\\\/spaziospadoni.org\\\/wp-content\\\/uploads\\\/2025\\\/08\\\/Uganda1.jpeg\",\"width\":800,\"height\":800,\"caption\":\"Foto di Rodrigue Bidubula\"},{\"@type\":\"BreadcrumbList\",\"@id\":\"https:\\\/\\\/spaziospadoni.org\\\/it\\\/uganda-terra-di-accoglienza-nel-cuore-di-una-crisi-umanitaria-regionale\\\/#breadcrumb\",\"itemListElement\":[{\"@type\":\"ListItem\",\"position\":1,\"name\":\"Home\",\"item\":\"https:\\\/\\\/spaziospadoni.org\\\/it\\\/\"},{\"@type\":\"ListItem\",\"position\":2,\"name\":\"Uganda: terra di accoglienza nel cuore di una crisi umanitaria regionale\"}]},{\"@type\":\"WebSite\",\"@id\":\"https:\\\/\\\/spaziospadoni.org\\\/it\\\/#website\",\"url\":\"https:\\\/\\\/spaziospadoni.org\\\/it\\\/\",\"name\":\"spazio + spadoni\",\"description\":\"Generazione di misericordia e missione nel mondo\",\"publisher\":{\"@id\":\"https:\\\/\\\/spaziospadoni.org\\\/it\\\/#organization\"},\"alternateName\":\"spaziospadoni.org\",\"potentialAction\":[{\"@type\":\"SearchAction\",\"target\":{\"@type\":\"EntryPoint\",\"urlTemplate\":\"https:\\\/\\\/spaziospadoni.org\\\/it\\\/?s={search_term_string}\"},\"query-input\":{\"@type\":\"PropertyValueSpecification\",\"valueRequired\":true,\"valueName\":\"search_term_string\"}}],\"inLanguage\":\"it-IT\"},{\"@type\":\"Organization\",\"@id\":\"https:\\\/\\\/spaziospadoni.org\\\/it\\\/#organization\",\"name\":\"spazio + spadoni\",\"alternateName\":\"spaziospadoni.org\",\"url\":\"https:\\\/\\\/spaziospadoni.org\\\/it\\\/\",\"logo\":{\"@type\":\"ImageObject\",\"inLanguage\":\"it-IT\",\"@id\":\"https:\\\/\\\/spaziospadoni.org\\\/it\\\/#\\\/schema\\\/logo\\\/image\\\/\",\"url\":\"https:\\\/\\\/spaziospadoni.org\\\/wp-content\\\/uploads\\\/2026\\\/05\\\/spazio-spadoni-logo-100x100-1.webp\",\"contentUrl\":\"https:\\\/\\\/spaziospadoni.org\\\/wp-content\\\/uploads\\\/2026\\\/05\\\/spazio-spadoni-logo-100x100-1.webp\",\"width\":100,\"height\":100,\"caption\":\"spazio + spadoni\"},\"image\":{\"@id\":\"https:\\\/\\\/spaziospadoni.org\\\/it\\\/#\\\/schema\\\/logo\\\/image\\\/\"},\"sameAs\":[\"https:\\\/\\\/www.facebook.com\\\/SpazioSpadoni\\\/\",\"https:\\\/\\\/www.instagram.com\\\/spaziospadoni\\\/\",\"https:\\\/\\\/www.youtube.com\\\/@spaziospadoni\\\/playlists\"]},{\"@type\":\"Person\",\"@id\":\"https:\\\/\\\/spaziospadoni.org\\\/it\\\/#\\\/schema\\\/person\\\/68537b158ba3b98a10624d112dc433c1\",\"name\":\"Rodrigue Bidubula\",\"image\":{\"@type\":\"ImageObject\",\"inLanguage\":\"it-IT\",\"@id\":\"https:\\\/\\\/secure.gravatar.com\\\/avatar\\\/e5603f7a1d341ef536c07cc5ba6ffcb12883151cba93aed60b2eaaa78b91abb0?s=96&d=mm&r=g\",\"url\":\"https:\\\/\\\/secure.gravatar.com\\\/avatar\\\/e5603f7a1d341ef536c07cc5ba6ffcb12883151cba93aed60b2eaaa78b91abb0?s=96&d=mm&r=g\",\"contentUrl\":\"https:\\\/\\\/secure.gravatar.com\\\/avatar\\\/e5603f7a1d341ef536c07cc5ba6ffcb12883151cba93aed60b2eaaa78b91abb0?s=96&d=mm&r=g\",\"caption\":\"Rodrigue Bidubula\"},\"description\":\"Data e Luogo di Nascita: 13\\\/12\\\/1988 Repubblica Democratica del Congo Laureato in \u201cEconomia e Management\u201d presso l\u2019Universit\u00e0 Evangelica di Bukavu. In Italia, a Loppiano, ha frequentato diversi corsi di Economia di Comunione, Economia Biblica, Economia Civile. Rodrigue parla francese, inglese, italiano e swahili. Per spazio + spadoni si occupa di seguire lo sviluppo delle imprese sociali per i diversi progetti HIC SUM sul territorio congolese e di promuovere i Forum sulla riEvoluzione delle Opere di Misericordia. Ha organizzato il Forum sulla riEvoluzione delle Opere di Misericordia a Kisangani, nella Repubblica Democratica del Congo, nei giorni 18, 19 e 20 settembre 2024.\",\"url\":\"https:\\\/\\\/spaziospadoni.org\\\/it\\\/author\\\/rodrigue_bidubula\\\/\"}]}<\/script>\n<!-- \/ Yoast SEO plugin. -->","yoast_head_json":{"title":"Uganda: terra di accoglienza nel cuore di una crisi umanitaria regionale","description":"Dal nostro corrispondente per l'Africa Rodrigue Bidubula, un articolo che ci presenta l'Uganda: terra accogliente, ma che si scontra con i...","robots":{"index":"index","follow":"follow","max-snippet":"max-snippet:-1","max-image-preview":"max-image-preview:large","max-video-preview":"max-video-preview:-1"},"canonical":"https:\/\/spaziospadoni.org\/it\/uganda-terra-di-accoglienza-nel-cuore-di-una-crisi-umanitaria-regionale\/","og_locale":"it_IT","og_type":"article","og_title":"Uganda: terra di accoglienza nel cuore di una crisi umanitaria regionale","og_description":"Dal nostro corrispondente per l'Africa Rodrigue Bidubula, un articolo che ci presenta l'Uganda: terra accogliente, ma che si scontra con i...","og_url":"https:\/\/spaziospadoni.org\/it\/uganda-terra-di-accoglienza-nel-cuore-di-una-crisi-umanitaria-regionale\/","og_site_name":"spazio + spadoni","article_publisher":"https:\/\/www.facebook.com\/SpazioSpadoni\/","article_published_time":"2025-08-13T12:30:49+00:00","og_image":[{"width":800,"height":800,"url":"https:\/\/staging.spaziospadoni.org\/wp-content\/uploads\/2025\/08\/Uganda1.jpeg","type":"image\/jpeg"}],"author":"Rodrigue Bidubula","twitter_card":"summary_large_image","twitter_misc":{"Scritto da":"Rodrigue Bidubula","Tempo di lettura stimato":"5 minuti"},"schema":{"@context":"https:\/\/schema.org","@graph":[{"@type":"Article","@id":"https:\/\/spaziospadoni.org\/it\/uganda-terra-di-accoglienza-nel-cuore-di-una-crisi-umanitaria-regionale\/#article","isPartOf":{"@id":"https:\/\/spaziospadoni.org\/it\/uganda-terra-di-accoglienza-nel-cuore-di-una-crisi-umanitaria-regionale\/"},"author":{"name":"Rodrigue Bidubula","@id":"https:\/\/spaziospadoni.org\/it\/#\/schema\/person\/68537b158ba3b98a10624d112dc433c1"},"headline":"Uganda: terra di accoglienza nel cuore di una crisi umanitaria regionale","datePublished":"2025-08-13T12:30:49+00:00","mainEntityOfPage":{"@id":"https:\/\/spaziospadoni.org\/it\/uganda-terra-di-accoglienza-nel-cuore-di-una-crisi-umanitaria-regionale\/"},"wordCount":799,"publisher":{"@id":"https:\/\/spaziospadoni.org\/it\/#organization"},"image":{"@id":"https:\/\/spaziospadoni.org\/it\/uganda-terra-di-accoglienza-nel-cuore-di-una-crisi-umanitaria-regionale\/#primaryimage"},"thumbnailUrl":"https:\/\/spaziospadoni.org\/wp-content\/uploads\/2025\/08\/Uganda1.jpeg","keywords":["Africa","migranti","Uganda"],"articleSection":["Notizie dal Mondo"],"inLanguage":"it-IT"},{"@type":"WebPage","@id":"https:\/\/spaziospadoni.org\/it\/uganda-terra-di-accoglienza-nel-cuore-di-una-crisi-umanitaria-regionale\/","url":"https:\/\/spaziospadoni.org\/it\/uganda-terra-di-accoglienza-nel-cuore-di-una-crisi-umanitaria-regionale\/","name":"Uganda: terra di accoglienza nel cuore di una crisi umanitaria regionale","isPartOf":{"@id":"https:\/\/spaziospadoni.org\/it\/#website"},"primaryImageOfPage":{"@id":"https:\/\/spaziospadoni.org\/it\/uganda-terra-di-accoglienza-nel-cuore-di-una-crisi-umanitaria-regionale\/#primaryimage"},"image":{"@id":"https:\/\/spaziospadoni.org\/it\/uganda-terra-di-accoglienza-nel-cuore-di-una-crisi-umanitaria-regionale\/#primaryimage"},"thumbnailUrl":"https:\/\/spaziospadoni.org\/wp-content\/uploads\/2025\/08\/Uganda1.jpeg","datePublished":"2025-08-13T12:30:49+00:00","description":"Dal nostro corrispondente per l'Africa Rodrigue Bidubula, un articolo che ci presenta l'Uganda: terra accogliente, ma che si scontra con i...","breadcrumb":{"@id":"https:\/\/spaziospadoni.org\/it\/uganda-terra-di-accoglienza-nel-cuore-di-una-crisi-umanitaria-regionale\/#breadcrumb"},"inLanguage":"it-IT","potentialAction":[{"@type":"ReadAction","target":["https:\/\/spaziospadoni.org\/it\/uganda-terra-di-accoglienza-nel-cuore-di-una-crisi-umanitaria-regionale\/"]}]},{"@type":"ImageObject","inLanguage":"it-IT","@id":"https:\/\/spaziospadoni.org\/it\/uganda-terra-di-accoglienza-nel-cuore-di-una-crisi-umanitaria-regionale\/#primaryimage","url":"https:\/\/spaziospadoni.org\/wp-content\/uploads\/2025\/08\/Uganda1.jpeg","contentUrl":"https:\/\/spaziospadoni.org\/wp-content\/uploads\/2025\/08\/Uganda1.jpeg","width":800,"height":800,"caption":"Foto di Rodrigue Bidubula"},{"@type":"BreadcrumbList","@id":"https:\/\/spaziospadoni.org\/it\/uganda-terra-di-accoglienza-nel-cuore-di-una-crisi-umanitaria-regionale\/#breadcrumb","itemListElement":[{"@type":"ListItem","position":1,"name":"Home","item":"https:\/\/spaziospadoni.org\/it\/"},{"@type":"ListItem","position":2,"name":"Uganda: terra di accoglienza nel cuore di una crisi umanitaria regionale"}]},{"@type":"WebSite","@id":"https:\/\/spaziospadoni.org\/it\/#website","url":"https:\/\/spaziospadoni.org\/it\/","name":"spazio + spadoni","description":"Generazione di misericordia e missione nel mondo","publisher":{"@id":"https:\/\/spaziospadoni.org\/it\/#organization"},"alternateName":"spaziospadoni.org","potentialAction":[{"@type":"SearchAction","target":{"@type":"EntryPoint","urlTemplate":"https:\/\/spaziospadoni.org\/it\/?s={search_term_string}"},"query-input":{"@type":"PropertyValueSpecification","valueRequired":true,"valueName":"search_term_string"}}],"inLanguage":"it-IT"},{"@type":"Organization","@id":"https:\/\/spaziospadoni.org\/it\/#organization","name":"spazio + spadoni","alternateName":"spaziospadoni.org","url":"https:\/\/spaziospadoni.org\/it\/","logo":{"@type":"ImageObject","inLanguage":"it-IT","@id":"https:\/\/spaziospadoni.org\/it\/#\/schema\/logo\/image\/","url":"https:\/\/spaziospadoni.org\/wp-content\/uploads\/2026\/05\/spazio-spadoni-logo-100x100-1.webp","contentUrl":"https:\/\/spaziospadoni.org\/wp-content\/uploads\/2026\/05\/spazio-spadoni-logo-100x100-1.webp","width":100,"height":100,"caption":"spazio + spadoni"},"image":{"@id":"https:\/\/spaziospadoni.org\/it\/#\/schema\/logo\/image\/"},"sameAs":["https:\/\/www.facebook.com\/SpazioSpadoni\/","https:\/\/www.instagram.com\/spaziospadoni\/","https:\/\/www.youtube.com\/@spaziospadoni\/playlists"]},{"@type":"Person","@id":"https:\/\/spaziospadoni.org\/it\/#\/schema\/person\/68537b158ba3b98a10624d112dc433c1","name":"Rodrigue Bidubula","image":{"@type":"ImageObject","inLanguage":"it-IT","@id":"https:\/\/secure.gravatar.com\/avatar\/e5603f7a1d341ef536c07cc5ba6ffcb12883151cba93aed60b2eaaa78b91abb0?s=96&d=mm&r=g","url":"https:\/\/secure.gravatar.com\/avatar\/e5603f7a1d341ef536c07cc5ba6ffcb12883151cba93aed60b2eaaa78b91abb0?s=96&d=mm&r=g","contentUrl":"https:\/\/secure.gravatar.com\/avatar\/e5603f7a1d341ef536c07cc5ba6ffcb12883151cba93aed60b2eaaa78b91abb0?s=96&d=mm&r=g","caption":"Rodrigue Bidubula"},"description":"Data e Luogo di Nascita: 13\/12\/1988 Repubblica Democratica del Congo Laureato in \u201cEconomia e Management\u201d presso l\u2019Universit\u00e0 Evangelica di Bukavu. In Italia, a Loppiano, ha frequentato diversi corsi di Economia di Comunione, Economia Biblica, Economia Civile. Rodrigue parla francese, inglese, italiano e swahili. Per spazio + spadoni si occupa di seguire lo sviluppo delle imprese sociali per i diversi progetti HIC SUM sul territorio congolese e di promuovere i Forum sulla riEvoluzione delle Opere di Misericordia. Ha organizzato il Forum sulla riEvoluzione delle Opere di Misericordia a Kisangani, nella Repubblica Democratica del Congo, nei giorni 18, 19 e 20 settembre 2024.","url":"https:\/\/spaziospadoni.org\/it\/author\/rodrigue_bidubula\/"}]}},"_links":{"self":[{"href":"https:\/\/spaziospadoni.org\/it\/wp-json\/wp\/v2\/posts\/26420","targetHints":{"allow":["GET"]}}],"collection":[{"href":"https:\/\/spaziospadoni.org\/it\/wp-json\/wp\/v2\/posts"}],"about":[{"href":"https:\/\/spaziospadoni.org\/it\/wp-json\/wp\/v2\/types\/post"}],"author":[{"embeddable":true,"href":"https:\/\/spaziospadoni.org\/it\/wp-json\/wp\/v2\/users\/41"}],"replies":[{"embeddable":true,"href":"https:\/\/spaziospadoni.org\/it\/wp-json\/wp\/v2\/comments?post=26420"}],"version-history":[{"count":0,"href":"https:\/\/spaziospadoni.org\/it\/wp-json\/wp\/v2\/posts\/26420\/revisions"}],"wp:featuredmedia":[{"embeddable":true,"href":"https:\/\/spaziospadoni.org\/it\/wp-json\/wp\/v2\/media\/26423"}],"wp:attachment":[{"href":"https:\/\/spaziospadoni.org\/it\/wp-json\/wp\/v2\/media?parent=26420"}],"wp:term":[{"taxonomy":"category","embeddable":true,"href":"https:\/\/spaziospadoni.org\/it\/wp-json\/wp\/v2\/categories?post=26420"},{"taxonomy":"post_tag","embeddable":true,"href":"https:\/\/spaziospadoni.org\/it\/wp-json\/wp\/v2\/tags?post=26420"}],"curies":[{"name":"wp","href":"https:\/\/api.w.org\/{rel}","templated":true}]}}