{"id":89746,"date":"2026-08-14T07:30:00","date_gmt":"2026-08-14T06:30:00","guid":{"rendered":"https:\/\/spaziospadoni.org\/?p=89746"},"modified":"2026-08-13T09:29:59","modified_gmt":"2026-08-13T08:29:59","slug":"dio-ha-una-fantasia-enorme-nel-suo-modo-di-chiamare-terza-puntata","status":"publish","type":"post","link":"https:\/\/spaziospadoni.org\/it\/dio-ha-una-fantasia-enorme-nel-suo-modo-di-chiamare-terza-puntata\/","title":{"rendered":"\u201cDio ha una fantasia enorme nel suo modo di chiamare\u201d | Terza puntata"},"content":{"rendered":"\n<pre class=\"wp-block-verse\"><em><strong>La terza puntata della testimonianza di fra Paolo Maria Braghini, Frate Minore Cappuccino, al \u201cGo! Franciscan Youth Meet 2026\u201d, evento promosso dai Frati Minori, dai Frati Minori Conventuali e dai Frati Minori Cappuccini che si \u00e8 tenuto ad Assisi dal 3 al 6 agosto. Una storia che ci mostra la fantasia e la misericordia di Dio.<\/strong><\/em>\n<\/pre>\n\n\n\n<h2 id=\"la-chiamata-al-francescanesimo-e-la-missione-in-amazzonia\" class=\"wp-block-heading\">La chiamata al francescanesimo e la missione in Amazzonia<\/h2>\n\n\n\n<p class=\"wp-block-paragraph\">Io ho proprio sentito che il Signore mi chiamava ad essere frate. Ho visto un uomo radicale, in fraternit\u00e0, nella povert\u00e0, anche nel vivere radicalmente il Vangelo, e <strong>ho detto di s\u00ec <\/strong>al Signore. Non ho avuto timore.<\/p>\n\n\n\n<p class=\"wp-block-paragraph\">Ebbene, ho cominciato il cammino per essere frate e dopo pochi anni io e un altro giovane frate siamo stati inviati in <strong>Amazzonia<\/strong>. Ho passato 20 anni l\u00ec.<\/p>\n\n\n\n<h2 id=\"le-sfide-della-natura-e-la-scoperta-dei-72-villaggi\" class=\"wp-block-heading\">Le sfide della natura e la scoperta dei 72 villaggi<\/h2>\n\n\n\n<p class=\"wp-block-paragraph\">Sicuramente, quello che normalmente i giovani vogliono sapere sono le avventure: pericoli di vita tantissimi, l\u00ec solo acqua, senza strade, senza moto, senza macchine, realt\u00e0 veramente difficili e pericoli anche della natura. Ho anche naufragato, ma il Signore mi ha salvato per i capelli! Coccodrilli, serpenti che ti passano sui piedi, tarantole&#8230;<\/p>\n\n\n\n<p class=\"wp-block-paragraph\">Ci sarebbero da raccontare tante cose, ma la cosa bella che vi voglio dire \u00e8 questa: dopo 3 anni, io e altri due giovani frati abbiamo scoperto che dalla nostra parrocchietta \u2014 un villaggio indio senza energia, senza elettricit\u00e0, senza telefono, con precariet\u00e0 veramente grandissima (io avevo perso gi\u00e0 10 chili, preso la malaria, eccetera, eccetera) \u2014 potevamo raggiungere <strong>altri 72 villaggi<\/strong>, dove si poteva arrivare solo in canoa, alcuni a un giorno e pi\u00f9 di viaggio.<\/p>\n\n\n\n<p class=\"wp-block-paragraph\">Ci siamo guardati e abbiamo detto: \u00abMa se noi continuiamo con questo ritmo moriamo, ci ritrovano al cimitero! Come avrebbe fatto Ges\u00f9? Ma come ha fatto, infatti?\u00bb. <\/p>\n\n\n\n<p class=\"wp-block-paragraph\">Lui ha chiamato i 12 apostoli, poi ha visto che la missione era grande e ne ha chiamati altri 72, che non erano pi\u00f9 solo i sacerdoti, ma erano famiglie, giovani, uomini, donne.<\/p>\n\n\n\n<h2 id=\"il-coinvolgimento-degli-indios-ticuna-e-la-nascita-di-una-chiesa-viva\" class=\"wp-block-heading\">Il coinvolgimento degli indios Ticuna e la nascita di una chiesa viva<\/h2>\n\n\n\n<p class=\"wp-block-paragraph\">E cos\u00ec abbiamo fatto con gli indigeni, gli <strong>indios Ticuna<\/strong>, popolo generoso. Quelli pi\u00f9 vicini, quando abbiamo cominciato a capire e a parlare la lingua loro dopo 3 anni e pi\u00f9, li abbiamo invitati ad essere missionari anche loro.<\/p>\n\n\n\n<p class=\"wp-block-paragraph\">Non vi dico la generosit\u00e0 di questo popolo umile&#8230; <\/p>\n\n\n\n<p class=\"wp-block-paragraph\">Oggi, ci sono non solo catechisti che riuniscono centinaia, migliaia di bimbi contando tutti i villaggi, ma anche tanti giovani che, con una disponibilit\u00e0, generosit\u00e0 e fiducia immensa nello Spirito Santo, sono diventati grandi missionari. <\/p>\n\n\n\n<p class=\"wp-block-paragraph\">E ricordiamo che tanti giovani diventano pap\u00e0 e mamma a 15 anni e, quando ne hanno 20-25, hanno gi\u00e0 6, 7, 8 figli!<\/p>\n\n\n\n<p class=\"wp-block-paragraph\">Oggi, abbiamo una <strong>chiesa indigena viva<\/strong>, grazie alla generosit\u00e0 di questi giovani che dicono s\u00ec al Signore.<\/p>\n\n\n\n<h3 id=\"fine-terza-parte\" class=\"wp-block-heading has-text-align-center\"><strong>FINE TERZA PARTE<\/strong><\/h3>\n\n\n\n<p class=\"wp-block-paragraph\"><strong>Foto di fra Paolo Maria Braghini<\/strong><\/p>\n\n\n\n<p class=\"wp-block-paragraph\"><\/p>\n","protected":false},"excerpt":{"rendered":"<p>La terza puntata della testimonianza di fra Paolo Maria Braghini, Frate Minore Cappuccino, al \u201cGo! Franciscan Youth Meet 2026\u201d, evento promosso dai Frati Minori, dai Frati Minori Conventuali e dai Frati Minori Cappuccini che si \u00e8 tenuto ad Assisi dal 3 al 6 agosto. Una storia che ci mostra la fantasia e la misericordia di &#8230; <a title=\"\u201cDio ha una fantasia enorme nel suo modo di chiamare\u201d | Terza puntata\" class=\"read-more\" href=\"https:\/\/spaziospadoni.org\/it\/dio-ha-una-fantasia-enorme-nel-suo-modo-di-chiamare-terza-puntata\/\" aria-label=\"Per saperne di pi\u00f9 su \u201cDio ha una fantasia enorme nel suo modo di chiamare\u201d | Terza puntata\">Leggi tutto<\/a><\/p>\n","protected":false},"author":82,"featured_media":89749,"comment_status":"closed","ping_status":"closed","sticky":false,"template":"","format":"standard","meta":{"_sitemap_exclude":false,"_sitemap_priority":"","_sitemap_frequency":"","ss_featured_image_title":"","ss_featured_image_alt":"fra Paolo Braghin in Amazzonia","ss_featured_image_caption":"Fra Paolo Maria Braghini, frate minore cappuccino, \u00e8 stato per 20 anni in Amazzonia, tra i Ticuna dell\u2019Alto Solim\u00f5es","footnotes":""},"categories":[123],"tags":[154,939,155,143],"class_list":["post-89746","post","type-post","status-publish","format-standard","has-post-thumbnail","hentry","category-io-misericordiato","tag-amazzonia","tag-frati-minori-cappuccini","tag-indios","tag-missione","infinite-scroll-item","generate-columns","tablet-grid-50","mobile-grid-100","grid-parent","grid-50"],"yoast_head":"<!-- This site is optimized with the Yoast SEO plugin v28.4 - https:\/\/yoast.com\/product\/yoast-seo-wordpress\/ -->\n<title>\u201cDio ha una fantasia enorme nel suo modo di chiamare\u201d | Terza puntata<\/title>\n<meta name=\"description\" content=\"La testimonianza di fra Paolo in Amazzonia: la missione tra gli indios Ticuna e la nascita di una comunit\u00e0 giovane e piena di fede.\" \/>\n<meta name=\"robots\" content=\"index, follow, max-snippet:-1, max-image-preview:large, max-video-preview:-1\" \/>\n<link rel=\"canonical\" href=\"https:\/\/spaziospadoni.org\/it\/dio-ha-una-fantasia-enorme-nel-suo-modo-di-chiamare-terza-puntata\/\" \/>\n<meta property=\"og:locale\" content=\"it_IT\" \/>\n<meta property=\"og:type\" content=\"article\" \/>\n<meta property=\"og:title\" content=\"\u201cDio ha una fantasia enorme nel suo modo di chiamare\u201d | Terza puntata\" \/>\n<meta property=\"og:description\" content=\"La testimonianza di fra Paolo in Amazzonia: la missione tra gli indios Ticuna e la nascita di una comunit\u00e0 giovane e piena di fede.\" \/>\n<meta property=\"og:url\" content=\"https:\/\/spaziospadoni.org\/it\/dio-ha-una-fantasia-enorme-nel-suo-modo-di-chiamare-terza-puntata\/\" \/>\n<meta property=\"og:site_name\" content=\"spazio + spadoni\" \/>\n<meta property=\"article:publisher\" content=\"https:\/\/www.facebook.com\/SpazioSpadoni\/\" \/>\n<meta property=\"article:published_time\" content=\"2026-08-14T06:30:00+00:00\" \/>\n<meta property=\"og:image\" content=\"https:\/\/spaziospadoni.org\/wp-content\/uploads\/2026\/08\/fra-paolo-braghini-missione.webp\" \/>\n\t<meta property=\"og:image:width\" content=\"1200\" \/>\n\t<meta property=\"og:image:height\" content=\"675\" \/>\n\t<meta property=\"og:image:type\" content=\"image\/webp\" \/>\n<meta name=\"author\" content=\"Fra Paolo Maria Braghini\" \/>\n<meta name=\"twitter:card\" content=\"summary_large_image\" \/>\n<meta name=\"twitter:label1\" content=\"Scritto da\" \/>\n\t<meta name=\"twitter:data1\" content=\"Fra Paolo Maria Braghini\" \/>\n\t<meta name=\"twitter:label2\" content=\"Tempo di lettura stimato\" \/>\n\t<meta name=\"twitter:data2\" content=\"3 minuti\" \/>\n<script type=\"application\/ld+json\" class=\"yoast-schema-graph\">{\"@context\":\"https:\\\/\\\/schema.org\",\"@graph\":[{\"@type\":\"Article\",\"@id\":\"https:\\\/\\\/spaziospadoni.org\\\/it\\\/dio-ha-una-fantasia-enorme-nel-suo-modo-di-chiamare-terza-puntata\\\/#article\",\"isPartOf\":{\"@id\":\"https:\\\/\\\/spaziospadoni.org\\\/it\\\/dio-ha-una-fantasia-enorme-nel-suo-modo-di-chiamare-terza-puntata\\\/\"},\"author\":{\"name\":\"Fra Paolo Maria Braghini\",\"@id\":\"https:\\\/\\\/spaziospadoni.org\\\/it\\\/#\\\/schema\\\/person\\\/3564d8acb9905b1bac4639729953e97d\"},\"headline\":\"\u201cDio ha una fantasia enorme nel suo modo di chiamare\u201d | Terza puntata\",\"datePublished\":\"2026-08-14T06:30:00+00:00\",\"mainEntityOfPage\":{\"@id\":\"https:\\\/\\\/spaziospadoni.org\\\/it\\\/dio-ha-una-fantasia-enorme-nel-suo-modo-di-chiamare-terza-puntata\\\/\"},\"wordCount\":415,\"publisher\":{\"@id\":\"https:\\\/\\\/spaziospadoni.org\\\/it\\\/#organization\"},\"image\":{\"@id\":\"https:\\\/\\\/spaziospadoni.org\\\/it\\\/dio-ha-una-fantasia-enorme-nel-suo-modo-di-chiamare-terza-puntata\\\/#primaryimage\"},\"thumbnailUrl\":\"https:\\\/\\\/spaziospadoni.org\\\/wp-content\\\/uploads\\\/2026\\\/08\\\/fra-paolo-braghini-missione.webp\",\"keywords\":[\"Amazzonia\",\"Frati Minori Cappuccini\",\"Indios\",\"Missione\"],\"articleSection\":[\"Io misericordiato\"],\"inLanguage\":\"it-IT\"},{\"@type\":\"WebPage\",\"@id\":\"https:\\\/\\\/spaziospadoni.org\\\/it\\\/dio-ha-una-fantasia-enorme-nel-suo-modo-di-chiamare-terza-puntata\\\/\",\"url\":\"https:\\\/\\\/spaziospadoni.org\\\/it\\\/dio-ha-una-fantasia-enorme-nel-suo-modo-di-chiamare-terza-puntata\\\/\",\"name\":\"\u201cDio ha una fantasia enorme nel suo modo di chiamare\u201d | Terza puntata\",\"isPartOf\":{\"@id\":\"https:\\\/\\\/spaziospadoni.org\\\/it\\\/#website\"},\"primaryImageOfPage\":{\"@id\":\"https:\\\/\\\/spaziospadoni.org\\\/it\\\/dio-ha-una-fantasia-enorme-nel-suo-modo-di-chiamare-terza-puntata\\\/#primaryimage\"},\"image\":{\"@id\":\"https:\\\/\\\/spaziospadoni.org\\\/it\\\/dio-ha-una-fantasia-enorme-nel-suo-modo-di-chiamare-terza-puntata\\\/#primaryimage\"},\"thumbnailUrl\":\"https:\\\/\\\/spaziospadoni.org\\\/wp-content\\\/uploads\\\/2026\\\/08\\\/fra-paolo-braghini-missione.webp\",\"datePublished\":\"2026-08-14T06:30:00+00:00\",\"description\":\"La testimonianza di fra Paolo in Amazzonia: la missione tra gli indios Ticuna e la nascita di una comunit\u00e0 giovane e piena di fede.\",\"breadcrumb\":{\"@id\":\"https:\\\/\\\/spaziospadoni.org\\\/it\\\/dio-ha-una-fantasia-enorme-nel-suo-modo-di-chiamare-terza-puntata\\\/#breadcrumb\"},\"inLanguage\":\"it-IT\",\"potentialAction\":[{\"@type\":\"ReadAction\",\"target\":[\"https:\\\/\\\/spaziospadoni.org\\\/it\\\/dio-ha-una-fantasia-enorme-nel-suo-modo-di-chiamare-terza-puntata\\\/\"]}]},{\"@type\":\"ImageObject\",\"inLanguage\":\"it-IT\",\"@id\":\"https:\\\/\\\/spaziospadoni.org\\\/it\\\/dio-ha-una-fantasia-enorme-nel-suo-modo-di-chiamare-terza-puntata\\\/#primaryimage\",\"url\":\"https:\\\/\\\/spaziospadoni.org\\\/wp-content\\\/uploads\\\/2026\\\/08\\\/fra-paolo-braghini-missione.webp\",\"contentUrl\":\"https:\\\/\\\/spaziospadoni.org\\\/wp-content\\\/uploads\\\/2026\\\/08\\\/fra-paolo-braghini-missione.webp\",\"width\":1200,\"height\":675,\"caption\":\"Fra Paolo Maria Braghini, frate minore cappuccino, \u00e8 stato per 20 anni in Amazzonia, tra i Ticuna dell\u2019Alto Solim\u00f5es\"},{\"@type\":\"BreadcrumbList\",\"@id\":\"https:\\\/\\\/spaziospadoni.org\\\/it\\\/dio-ha-una-fantasia-enorme-nel-suo-modo-di-chiamare-terza-puntata\\\/#breadcrumb\",\"itemListElement\":[{\"@type\":\"ListItem\",\"position\":1,\"name\":\"Home\",\"item\":\"https:\\\/\\\/spaziospadoni.org\\\/it\\\/\"},{\"@type\":\"ListItem\",\"position\":2,\"name\":\"\u201cDio ha una fantasia enorme nel suo modo di chiamare\u201d | Terza puntata\"}]},{\"@type\":\"WebSite\",\"@id\":\"https:\\\/\\\/spaziospadoni.org\\\/it\\\/#website\",\"url\":\"https:\\\/\\\/spaziospadoni.org\\\/it\\\/\",\"name\":\"spazio + spadoni\",\"description\":\"Generazione di misericordia e missione nel mondo\",\"publisher\":{\"@id\":\"https:\\\/\\\/spaziospadoni.org\\\/it\\\/#organization\"},\"alternateName\":\"spaziospadoni.org\",\"potentialAction\":[{\"@type\":\"SearchAction\",\"target\":{\"@type\":\"EntryPoint\",\"urlTemplate\":\"https:\\\/\\\/spaziospadoni.org\\\/it\\\/?s={search_term_string}\"},\"query-input\":{\"@type\":\"PropertyValueSpecification\",\"valueRequired\":true,\"valueName\":\"search_term_string\"}}],\"inLanguage\":\"it-IT\"},{\"@type\":\"Organization\",\"@id\":\"https:\\\/\\\/spaziospadoni.org\\\/it\\\/#organization\",\"name\":\"spazio + spadoni\",\"alternateName\":\"spaziospadoni.org\",\"url\":\"https:\\\/\\\/spaziospadoni.org\\\/it\\\/\",\"logo\":{\"@type\":\"ImageObject\",\"inLanguage\":\"it-IT\",\"@id\":\"https:\\\/\\\/spaziospadoni.org\\\/it\\\/#\\\/schema\\\/logo\\\/image\\\/\",\"url\":\"https:\\\/\\\/spaziospadoni.org\\\/wp-content\\\/uploads\\\/2026\\\/05\\\/spazio-spadoni-logo-100x100-1.webp\",\"contentUrl\":\"https:\\\/\\\/spaziospadoni.org\\\/wp-content\\\/uploads\\\/2026\\\/05\\\/spazio-spadoni-logo-100x100-1.webp\",\"width\":100,\"height\":100,\"caption\":\"spazio + spadoni\"},\"image\":{\"@id\":\"https:\\\/\\\/spaziospadoni.org\\\/it\\\/#\\\/schema\\\/logo\\\/image\\\/\"},\"sameAs\":[\"https:\\\/\\\/www.facebook.com\\\/SpazioSpadoni\\\/\",\"https:\\\/\\\/www.instagram.com\\\/spaziospadoni\\\/\",\"https:\\\/\\\/www.youtube.com\\\/@spaziospadoni\\\/playlists\"]},{\"@type\":\"Person\",\"@id\":\"https:\\\/\\\/spaziospadoni.org\\\/it\\\/#\\\/schema\\\/person\\\/3564d8acb9905b1bac4639729953e97d\",\"name\":\"Fra Paolo Maria Braghini\",\"image\":{\"@type\":\"ImageObject\",\"inLanguage\":\"it-IT\",\"@id\":\"https:\\\/\\\/secure.gravatar.com\\\/avatar\\\/f32ed802d88a4c5f0c578a2cf8cd64a2f093a3566f4c951be66b98720ef889ee?s=96&d=mm&r=g\",\"url\":\"https:\\\/\\\/secure.gravatar.com\\\/avatar\\\/f32ed802d88a4c5f0c578a2cf8cd64a2f093a3566f4c951be66b98720ef889ee?s=96&d=mm&r=g\",\"contentUrl\":\"https:\\\/\\\/secure.gravatar.com\\\/avatar\\\/f32ed802d88a4c5f0c578a2cf8cd64a2f093a3566f4c951be66b98720ef889ee?s=96&d=mm&r=g\",\"caption\":\"Fra Paolo Maria Braghini\"},\"description\":\"Frate Minore Cappuccino, classe 1975, per quasi 20 anni \u00e8 stato in missione nell\u2019Alto Solim\u00f5es, in Amazzonia, al confine tra il Brasile e il Per\u00f9, dove \u2013 spesso, in canoa \u2013 ha raggiunto 70 villaggi, condividendo la vita e la fede semplice degli Indios. Originario del Varesotto, \u00e8 rientrato in Italia nell\u2019estate 2025.\",\"url\":\"https:\\\/\\\/spaziospadoni.org\\\/it\\\/author\\\/braghini_mission\\\/\"}]}<\/script>\n<!-- \/ Yoast SEO plugin. -->","yoast_head_json":{"title":"\u201cDio ha una fantasia enorme nel suo modo di chiamare\u201d | Terza puntata","description":"La testimonianza di fra Paolo in Amazzonia: la missione tra gli indios Ticuna e la nascita di una comunit\u00e0 giovane e piena di fede.","robots":{"index":"index","follow":"follow","max-snippet":"max-snippet:-1","max-image-preview":"max-image-preview:large","max-video-preview":"max-video-preview:-1"},"canonical":"https:\/\/spaziospadoni.org\/it\/dio-ha-una-fantasia-enorme-nel-suo-modo-di-chiamare-terza-puntata\/","og_locale":"it_IT","og_type":"article","og_title":"\u201cDio ha una fantasia enorme nel suo modo di chiamare\u201d | Terza puntata","og_description":"La testimonianza di fra Paolo in Amazzonia: la missione tra gli indios Ticuna e la nascita di una comunit\u00e0 giovane e piena di fede.","og_url":"https:\/\/spaziospadoni.org\/it\/dio-ha-una-fantasia-enorme-nel-suo-modo-di-chiamare-terza-puntata\/","og_site_name":"spazio + spadoni","article_publisher":"https:\/\/www.facebook.com\/SpazioSpadoni\/","article_published_time":"2026-08-14T06:30:00+00:00","og_image":[{"width":1200,"height":675,"url":"https:\/\/spaziospadoni.org\/wp-content\/uploads\/2026\/08\/fra-paolo-braghini-missione.webp","type":"image\/webp"}],"author":"Fra Paolo Maria Braghini","twitter_card":"summary_large_image","twitter_misc":{"Scritto da":"Fra Paolo Maria Braghini","Tempo di lettura stimato":"3 minuti"},"schema":{"@context":"https:\/\/schema.org","@graph":[{"@type":"Article","@id":"https:\/\/spaziospadoni.org\/it\/dio-ha-una-fantasia-enorme-nel-suo-modo-di-chiamare-terza-puntata\/#article","isPartOf":{"@id":"https:\/\/spaziospadoni.org\/it\/dio-ha-una-fantasia-enorme-nel-suo-modo-di-chiamare-terza-puntata\/"},"author":{"name":"Fra Paolo Maria Braghini","@id":"https:\/\/spaziospadoni.org\/it\/#\/schema\/person\/3564d8acb9905b1bac4639729953e97d"},"headline":"\u201cDio ha una fantasia enorme nel suo modo di chiamare\u201d | Terza puntata","datePublished":"2026-08-14T06:30:00+00:00","mainEntityOfPage":{"@id":"https:\/\/spaziospadoni.org\/it\/dio-ha-una-fantasia-enorme-nel-suo-modo-di-chiamare-terza-puntata\/"},"wordCount":415,"publisher":{"@id":"https:\/\/spaziospadoni.org\/it\/#organization"},"image":{"@id":"https:\/\/spaziospadoni.org\/it\/dio-ha-una-fantasia-enorme-nel-suo-modo-di-chiamare-terza-puntata\/#primaryimage"},"thumbnailUrl":"https:\/\/spaziospadoni.org\/wp-content\/uploads\/2026\/08\/fra-paolo-braghini-missione.webp","keywords":["Amazzonia","Frati Minori Cappuccini","Indios","Missione"],"articleSection":["Io misericordiato"],"inLanguage":"it-IT"},{"@type":"WebPage","@id":"https:\/\/spaziospadoni.org\/it\/dio-ha-una-fantasia-enorme-nel-suo-modo-di-chiamare-terza-puntata\/","url":"https:\/\/spaziospadoni.org\/it\/dio-ha-una-fantasia-enorme-nel-suo-modo-di-chiamare-terza-puntata\/","name":"\u201cDio ha una fantasia enorme nel suo modo di chiamare\u201d | Terza puntata","isPartOf":{"@id":"https:\/\/spaziospadoni.org\/it\/#website"},"primaryImageOfPage":{"@id":"https:\/\/spaziospadoni.org\/it\/dio-ha-una-fantasia-enorme-nel-suo-modo-di-chiamare-terza-puntata\/#primaryimage"},"image":{"@id":"https:\/\/spaziospadoni.org\/it\/dio-ha-una-fantasia-enorme-nel-suo-modo-di-chiamare-terza-puntata\/#primaryimage"},"thumbnailUrl":"https:\/\/spaziospadoni.org\/wp-content\/uploads\/2026\/08\/fra-paolo-braghini-missione.webp","datePublished":"2026-08-14T06:30:00+00:00","description":"La testimonianza di fra Paolo in Amazzonia: la missione tra gli indios Ticuna e la nascita di una comunit\u00e0 giovane e piena di fede.","breadcrumb":{"@id":"https:\/\/spaziospadoni.org\/it\/dio-ha-una-fantasia-enorme-nel-suo-modo-di-chiamare-terza-puntata\/#breadcrumb"},"inLanguage":"it-IT","potentialAction":[{"@type":"ReadAction","target":["https:\/\/spaziospadoni.org\/it\/dio-ha-una-fantasia-enorme-nel-suo-modo-di-chiamare-terza-puntata\/"]}]},{"@type":"ImageObject","inLanguage":"it-IT","@id":"https:\/\/spaziospadoni.org\/it\/dio-ha-una-fantasia-enorme-nel-suo-modo-di-chiamare-terza-puntata\/#primaryimage","url":"https:\/\/spaziospadoni.org\/wp-content\/uploads\/2026\/08\/fra-paolo-braghini-missione.webp","contentUrl":"https:\/\/spaziospadoni.org\/wp-content\/uploads\/2026\/08\/fra-paolo-braghini-missione.webp","width":1200,"height":675,"caption":"Fra Paolo Maria Braghini, frate minore cappuccino, \u00e8 stato per 20 anni in Amazzonia, tra i Ticuna dell\u2019Alto Solim\u00f5es"},{"@type":"BreadcrumbList","@id":"https:\/\/spaziospadoni.org\/it\/dio-ha-una-fantasia-enorme-nel-suo-modo-di-chiamare-terza-puntata\/#breadcrumb","itemListElement":[{"@type":"ListItem","position":1,"name":"Home","item":"https:\/\/spaziospadoni.org\/it\/"},{"@type":"ListItem","position":2,"name":"\u201cDio ha una fantasia enorme nel suo modo di chiamare\u201d | Terza puntata"}]},{"@type":"WebSite","@id":"https:\/\/spaziospadoni.org\/it\/#website","url":"https:\/\/spaziospadoni.org\/it\/","name":"spazio + spadoni","description":"Generazione di misericordia e missione nel mondo","publisher":{"@id":"https:\/\/spaziospadoni.org\/it\/#organization"},"alternateName":"spaziospadoni.org","potentialAction":[{"@type":"SearchAction","target":{"@type":"EntryPoint","urlTemplate":"https:\/\/spaziospadoni.org\/it\/?s={search_term_string}"},"query-input":{"@type":"PropertyValueSpecification","valueRequired":true,"valueName":"search_term_string"}}],"inLanguage":"it-IT"},{"@type":"Organization","@id":"https:\/\/spaziospadoni.org\/it\/#organization","name":"spazio + spadoni","alternateName":"spaziospadoni.org","url":"https:\/\/spaziospadoni.org\/it\/","logo":{"@type":"ImageObject","inLanguage":"it-IT","@id":"https:\/\/spaziospadoni.org\/it\/#\/schema\/logo\/image\/","url":"https:\/\/spaziospadoni.org\/wp-content\/uploads\/2026\/05\/spazio-spadoni-logo-100x100-1.webp","contentUrl":"https:\/\/spaziospadoni.org\/wp-content\/uploads\/2026\/05\/spazio-spadoni-logo-100x100-1.webp","width":100,"height":100,"caption":"spazio + spadoni"},"image":{"@id":"https:\/\/spaziospadoni.org\/it\/#\/schema\/logo\/image\/"},"sameAs":["https:\/\/www.facebook.com\/SpazioSpadoni\/","https:\/\/www.instagram.com\/spaziospadoni\/","https:\/\/www.youtube.com\/@spaziospadoni\/playlists"]},{"@type":"Person","@id":"https:\/\/spaziospadoni.org\/it\/#\/schema\/person\/3564d8acb9905b1bac4639729953e97d","name":"Fra Paolo Maria Braghini","image":{"@type":"ImageObject","inLanguage":"it-IT","@id":"https:\/\/secure.gravatar.com\/avatar\/f32ed802d88a4c5f0c578a2cf8cd64a2f093a3566f4c951be66b98720ef889ee?s=96&d=mm&r=g","url":"https:\/\/secure.gravatar.com\/avatar\/f32ed802d88a4c5f0c578a2cf8cd64a2f093a3566f4c951be66b98720ef889ee?s=96&d=mm&r=g","contentUrl":"https:\/\/secure.gravatar.com\/avatar\/f32ed802d88a4c5f0c578a2cf8cd64a2f093a3566f4c951be66b98720ef889ee?s=96&d=mm&r=g","caption":"Fra Paolo Maria Braghini"},"description":"Frate Minore Cappuccino, classe 1975, per quasi 20 anni \u00e8 stato in missione nell\u2019Alto Solim\u00f5es, in Amazzonia, al confine tra il Brasile e il Per\u00f9, dove \u2013 spesso, in canoa \u2013 ha raggiunto 70 villaggi, condividendo la vita e la fede semplice degli Indios. Originario del Varesotto, \u00e8 rientrato in Italia nell\u2019estate 2025.","url":"https:\/\/spaziospadoni.org\/it\/author\/braghini_mission\/"}]}},"_links":{"self":[{"href":"https:\/\/spaziospadoni.org\/it\/wp-json\/wp\/v2\/posts\/89746","targetHints":{"allow":["GET"]}}],"collection":[{"href":"https:\/\/spaziospadoni.org\/it\/wp-json\/wp\/v2\/posts"}],"about":[{"href":"https:\/\/spaziospadoni.org\/it\/wp-json\/wp\/v2\/types\/post"}],"author":[{"embeddable":true,"href":"https:\/\/spaziospadoni.org\/it\/wp-json\/wp\/v2\/users\/82"}],"replies":[{"embeddable":true,"href":"https:\/\/spaziospadoni.org\/it\/wp-json\/wp\/v2\/comments?post=89746"}],"version-history":[{"count":1,"href":"https:\/\/spaziospadoni.org\/it\/wp-json\/wp\/v2\/posts\/89746\/revisions"}],"predecessor-version":[{"id":89750,"href":"https:\/\/spaziospadoni.org\/it\/wp-json\/wp\/v2\/posts\/89746\/revisions\/89750"}],"wp:featuredmedia":[{"embeddable":true,"href":"https:\/\/spaziospadoni.org\/it\/wp-json\/wp\/v2\/media\/89749"}],"wp:attachment":[{"href":"https:\/\/spaziospadoni.org\/it\/wp-json\/wp\/v2\/media?parent=89746"}],"wp:term":[{"taxonomy":"category","embeddable":true,"href":"https:\/\/spaziospadoni.org\/it\/wp-json\/wp\/v2\/categories?post=89746"},{"taxonomy":"post_tag","embeddable":true,"href":"https:\/\/spaziospadoni.org\/it\/wp-json\/wp\/v2\/tags?post=89746"}],"curies":[{"name":"wp","href":"https:\/\/api.w.org\/{rel}","templated":true}]}}