{"id":89762,"date":"2026-08-15T07:20:00","date_gmt":"2026-08-15T06:20:00","guid":{"rendered":"https:\/\/spaziospadoni.org\/?p=89762"},"modified":"2026-08-13T09:31:01","modified_gmt":"2026-08-13T08:31:01","slug":"dio-ha-una-fantasia-enorme-nel-suo-modo-di-chiamare-quarta-puntata","status":"publish","type":"post","link":"https:\/\/spaziospadoni.org\/it\/dio-ha-una-fantasia-enorme-nel-suo-modo-di-chiamare-quarta-puntata\/","title":{"rendered":"\u201cDio ha una fantasia enorme nel suo modo di chiamare\u201d | Quarta puntata"},"content":{"rendered":"\n<pre class=\"wp-block-verse\"><em><strong>La quarta ed ultima puntata della testimonianza di fra Paolo Maria Braghini, Frate Minore Cappuccino, al \u201cGo! Franciscan Youth Meet 2026\u201d, evento promosso dai Frati Minori, dai Frati Minori Conventuali e dai Frati Minori Cappuccini che si \u00e8 tenuto ad Assisi dal 3 al 6 agosto.<\/strong><\/em><\/pre>\n\n\n\n<pre class=\"wp-block-verse\"><em><strong>Noi di spazio + spadoni ve l'abbiamo proposta in pi\u00f9 puntate, per accompagnarvi passo dopo passo nella lettura e nell\u2019ascolto di una storia che ci ha mostrato<\/strong><\/em> <em><strong>la fantasia e la misericordia di Dio.<\/strong><\/em><\/pre>\n\n\n\n<h2 id=\"linvito-ai-giovani-dire-di-si-al-signore\" class=\"wp-block-heading\">L&#8217;invito ai giovani: dire di s\u00ec al Signore<\/h2>\n\n\n\n<p class=\"wp-block-paragraph\">E concludendo, cosa mi sento di dire a voi giovani? Che sicuramente io, come anche tanti altri frati nel mondo, missionari e missionarie, abbiamo sbagliato tante cose. Ma la cosa che sicuramente non ho sbagliato \u00e8 dire di s\u00ec al Signore, fidarmi. <\/p>\n\n\n\n<blockquote class=\"wp-block-quote is-layout-flow wp-block-quote-is-layout-flow\">\n<p class=\"wp-block-paragraph\"><em>Quindi, giovani, fidatevi del Signore! Se vi chiama, non ragionateci troppo, dite di s\u00ec!<\/em><\/p>\n<\/blockquote>\n\n\n\n<p class=\"wp-block-paragraph\">E vi dico anche questo: quando a 18 anni ho sentito questa chiamata e ho detto di s\u00ec, ho avuto tanti contro. Non solo tanti amici, ma anche familiari. <\/p>\n\n\n\n<p class=\"wp-block-paragraph\">Per esempio, mio fratello saggiamente mi diceva: \u00abMa sei giovane, hai 18 anni, studia, finisci l&#8217;universit\u00e0 e poi, se il Signore veramente ti chiama, ti chiamer\u00e0 ancora, quindi sarai pi\u00f9 preparato, sarai pi\u00f9 maturo\u00bb. <\/p>\n\n\n\n<p class=\"wp-block-paragraph\">Umanamente aveva ragione, ma io vi dico: non fate cos\u00ec! Se il Signore vi chiama, fidatevi di Lui! Quindi, buttatevi, che \u00e8 questo che il Signore vuole! Dite di s\u00ec al Signore!<\/p>\n\n\n\n<h2 id=\"lesperienza-in-amazzonia-e-la-forza-della-vocazione\" class=\"wp-block-heading\">L&#8217;esperienza in Amazzonia e la forza della vocazione<\/h2>\n\n\n\n<p class=\"wp-block-paragraph\">E per ultimo: in Amazzonia \u2014 ma sicuramente \u00e8 l&#8217;esperienza di tanti missionari \u2014 pi\u00f9 di una volta abbiamo visto sorella morte vicina. Pi\u00f9 di una volta abbiamo sentito una forza misteriosa che ci sosteneva e ci sostiene.<\/p>\n\n\n\n<h2 id=\"san-francesco-santa-chiara-e-il-valore-delle-clarisse\" class=\"wp-block-heading\">San Francesco, Santa Chiara e il valore delle Clarisse<\/h2>\n\n\n\n<p class=\"wp-block-paragraph\">E mi sento proprio di dire questo: siamo qui per San Francesco dopo 800 anni ma, se San Francesco oggi \u00e8 quello che \u00e8, lo deve anche a Santa Chiara. <\/p>\n\n\n\n<p class=\"wp-block-paragraph\">Quando lui aveva dubbi: \u00abDobbiamo noi frati ritirarci in preghiera o andare nel mondo?\u00bb, ha chiesto aiuto a Santa Chiara che nella preghiera gli ha detto: \u00abFrancesco, tu e i tuoi frati andate nel mondo\u00bb. E Santa Chiara continua a pregare tutti i giorni per i missionari del mondo: sono le Clarisse!<\/p>\n\n\n\n<p class=\"wp-block-paragraph\">Quindi, giovani, se avete dubbi sulla vostra vocazione, cercate un monastero di Clarisse, chiedete preghiere a queste giovani. <\/p>\n\n\n\n<p class=\"wp-block-paragraph\">E vi dico una cosa: se non ci fossero<strong> le Clarisse<\/strong> che donano la vita 24 ore ogni giorno per la preghiera, per le missioni, per la pace, tante missioni non ci sarebbero. <\/p>\n\n\n\n<p class=\"wp-block-paragraph\">Sono veramente il cuore che palpita nella Chiesa. Quindi, grazie anche alle Clarisse che donano la vita per le missioni, e la donano in preghiera.<\/p>\n\n\n\n<p class=\"wp-block-paragraph\">Giovani, <strong>non abbiate paura!<\/strong> Il Signore vi benedica, vi dia tanta gioia e tanta pace nel dire di s\u00ec al Signore!<\/p>\n\n\n\n<h3 id=\"fine-ma-la-missione-continua\" class=\"wp-block-heading has-text-align-center\"><strong>FINE<\/strong>&#8230; ma la missione continua!<\/h3>\n\n\n\n<p class=\"wp-block-paragraph\"><strong>Foto di fra Paolo Maria Braghini<\/strong><\/p>\n\n\n\n<p class=\"wp-block-paragraph\"><\/p>\n","protected":false},"excerpt":{"rendered":"<p>La quarta ed ultima puntata della testimonianza di fra Paolo Maria Braghini, Frate Minore Cappuccino, al \u201cGo! Franciscan Youth Meet 2026\u201d, evento promosso dai Frati Minori, dai Frati Minori Conventuali e dai Frati Minori Cappuccini che si \u00e8 tenuto ad Assisi dal 3 al 6 agosto. Noi di spazio + spadoni ve l&#8217;abbiamo proposta in &#8230; <a title=\"\u201cDio ha una fantasia enorme nel suo modo di chiamare\u201d | Quarta puntata\" class=\"read-more\" href=\"https:\/\/spaziospadoni.org\/it\/dio-ha-una-fantasia-enorme-nel-suo-modo-di-chiamare-quarta-puntata\/\" aria-label=\"Per saperne di pi\u00f9 su \u201cDio ha una fantasia enorme nel suo modo di chiamare\u201d | Quarta puntata\">Leggi tutto<\/a><\/p>\n","protected":false},"author":82,"featured_media":89829,"comment_status":"closed","ping_status":"closed","sticky":false,"template":"","format":"standard","meta":{"_sitemap_exclude":false,"_sitemap_priority":"","_sitemap_frequency":"","ss_featured_image_title":"","ss_featured_image_alt":"Fra Paolo con i bambini Ticuna in Amazzonia","ss_featured_image_caption":"Fra Paolo con i bambini Ticuna in Amazzonia. Ovunque egli sia in missione, il suo invito \u00e8 sempre quello di guardare in alto","footnotes":""},"categories":[123],"tags":[939,143,141],"class_list":["post-89762","post","type-post","status-publish","format-standard","has-post-thumbnail","hentry","category-io-misericordiato","tag-frati-minori-cappuccini","tag-missione","tag-vocazione","infinite-scroll-item","generate-columns","tablet-grid-50","mobile-grid-100","grid-parent","grid-50"],"yoast_head":"<!-- This site is optimized with the Yoast SEO plugin v28.4 - https:\/\/yoast.com\/product\/yoast-seo-wordpress\/ -->\n<title>\u201cDio ha una fantasia enorme nel suo modo di chiamare\u201d | Quarta puntata<\/title>\n<meta name=\"description\" content=\"L&#039;appello di fra Paolo ai giovani: dire s\u00ec al Signore senza paura, sostenuti dalla preghiera delle Clarisse e dall&#039;esempio di San Francesco.\" \/>\n<meta name=\"robots\" content=\"index, follow, max-snippet:-1, max-image-preview:large, max-video-preview:-1\" \/>\n<link rel=\"canonical\" href=\"https:\/\/spaziospadoni.org\/it\/dio-ha-una-fantasia-enorme-nel-suo-modo-di-chiamare-quarta-puntata\/\" \/>\n<meta property=\"og:locale\" content=\"it_IT\" \/>\n<meta property=\"og:type\" content=\"article\" \/>\n<meta property=\"og:title\" content=\"\u201cDio ha una fantasia enorme nel suo modo di chiamare\u201d | Quarta puntata\" \/>\n<meta property=\"og:description\" content=\"L&#039;appello di fra Paolo ai giovani: dire s\u00ec al Signore senza paura, sostenuti dalla preghiera delle Clarisse e dall&#039;esempio di San Francesco.\" \/>\n<meta property=\"og:url\" content=\"https:\/\/spaziospadoni.org\/it\/dio-ha-una-fantasia-enorme-nel-suo-modo-di-chiamare-quarta-puntata\/\" \/>\n<meta property=\"og:site_name\" content=\"spazio + spadoni\" \/>\n<meta property=\"article:publisher\" content=\"https:\/\/www.facebook.com\/SpazioSpadoni\/\" \/>\n<meta property=\"article:published_time\" content=\"2026-08-15T06:20:00+00:00\" \/>\n<meta property=\"og:image\" content=\"https:\/\/spaziospadoni.org\/wp-content\/uploads\/2026\/08\/fra-paolo-bambini-amazzonia-gesu.webp\" \/>\n\t<meta property=\"og:image:width\" content=\"1200\" \/>\n\t<meta property=\"og:image:height\" content=\"800\" \/>\n\t<meta property=\"og:image:type\" content=\"image\/webp\" \/>\n<meta name=\"author\" content=\"Fra Paolo Maria Braghini\" \/>\n<meta name=\"twitter:card\" content=\"summary_large_image\" \/>\n<meta name=\"twitter:label1\" content=\"Scritto da\" \/>\n\t<meta name=\"twitter:data1\" content=\"Fra Paolo Maria Braghini\" \/>\n\t<meta name=\"twitter:label2\" content=\"Tempo di lettura stimato\" \/>\n\t<meta name=\"twitter:data2\" content=\"3 minuti\" \/>\n<script type=\"application\/ld+json\" class=\"yoast-schema-graph\">{\"@context\":\"https:\\\/\\\/schema.org\",\"@graph\":[{\"@type\":\"Article\",\"@id\":\"https:\\\/\\\/spaziospadoni.org\\\/it\\\/dio-ha-una-fantasia-enorme-nel-suo-modo-di-chiamare-quarta-puntata\\\/#article\",\"isPartOf\":{\"@id\":\"https:\\\/\\\/spaziospadoni.org\\\/it\\\/dio-ha-una-fantasia-enorme-nel-suo-modo-di-chiamare-quarta-puntata\\\/\"},\"author\":{\"name\":\"Fra Paolo Maria Braghini\",\"@id\":\"https:\\\/\\\/spaziospadoni.org\\\/it\\\/#\\\/schema\\\/person\\\/3564d8acb9905b1bac4639729953e97d\"},\"headline\":\"\u201cDio ha una fantasia enorme nel suo modo di chiamare\u201d | Quarta puntata\",\"datePublished\":\"2026-08-15T06:20:00+00:00\",\"mainEntityOfPage\":{\"@id\":\"https:\\\/\\\/spaziospadoni.org\\\/it\\\/dio-ha-una-fantasia-enorme-nel-suo-modo-di-chiamare-quarta-puntata\\\/\"},\"wordCount\":409,\"publisher\":{\"@id\":\"https:\\\/\\\/spaziospadoni.org\\\/it\\\/#organization\"},\"image\":{\"@id\":\"https:\\\/\\\/spaziospadoni.org\\\/it\\\/dio-ha-una-fantasia-enorme-nel-suo-modo-di-chiamare-quarta-puntata\\\/#primaryimage\"},\"thumbnailUrl\":\"https:\\\/\\\/spaziospadoni.org\\\/wp-content\\\/uploads\\\/2026\\\/08\\\/fra-paolo-bambini-amazzonia-gesu.webp\",\"keywords\":[\"Frati Minori Cappuccini\",\"Missione\",\"vocazione\"],\"articleSection\":[\"Io misericordiato\"],\"inLanguage\":\"it-IT\"},{\"@type\":\"WebPage\",\"@id\":\"https:\\\/\\\/spaziospadoni.org\\\/it\\\/dio-ha-una-fantasia-enorme-nel-suo-modo-di-chiamare-quarta-puntata\\\/\",\"url\":\"https:\\\/\\\/spaziospadoni.org\\\/it\\\/dio-ha-una-fantasia-enorme-nel-suo-modo-di-chiamare-quarta-puntata\\\/\",\"name\":\"\u201cDio ha una fantasia enorme nel suo modo di chiamare\u201d | Quarta puntata\",\"isPartOf\":{\"@id\":\"https:\\\/\\\/spaziospadoni.org\\\/it\\\/#website\"},\"primaryImageOfPage\":{\"@id\":\"https:\\\/\\\/spaziospadoni.org\\\/it\\\/dio-ha-una-fantasia-enorme-nel-suo-modo-di-chiamare-quarta-puntata\\\/#primaryimage\"},\"image\":{\"@id\":\"https:\\\/\\\/spaziospadoni.org\\\/it\\\/dio-ha-una-fantasia-enorme-nel-suo-modo-di-chiamare-quarta-puntata\\\/#primaryimage\"},\"thumbnailUrl\":\"https:\\\/\\\/spaziospadoni.org\\\/wp-content\\\/uploads\\\/2026\\\/08\\\/fra-paolo-bambini-amazzonia-gesu.webp\",\"datePublished\":\"2026-08-15T06:20:00+00:00\",\"description\":\"L'appello di fra Paolo ai giovani: dire s\u00ec al Signore senza paura, sostenuti dalla preghiera delle Clarisse e dall'esempio di San Francesco.\",\"breadcrumb\":{\"@id\":\"https:\\\/\\\/spaziospadoni.org\\\/it\\\/dio-ha-una-fantasia-enorme-nel-suo-modo-di-chiamare-quarta-puntata\\\/#breadcrumb\"},\"inLanguage\":\"it-IT\",\"potentialAction\":[{\"@type\":\"ReadAction\",\"target\":[\"https:\\\/\\\/spaziospadoni.org\\\/it\\\/dio-ha-una-fantasia-enorme-nel-suo-modo-di-chiamare-quarta-puntata\\\/\"]}]},{\"@type\":\"ImageObject\",\"inLanguage\":\"it-IT\",\"@id\":\"https:\\\/\\\/spaziospadoni.org\\\/it\\\/dio-ha-una-fantasia-enorme-nel-suo-modo-di-chiamare-quarta-puntata\\\/#primaryimage\",\"url\":\"https:\\\/\\\/spaziospadoni.org\\\/wp-content\\\/uploads\\\/2026\\\/08\\\/fra-paolo-bambini-amazzonia-gesu.webp\",\"contentUrl\":\"https:\\\/\\\/spaziospadoni.org\\\/wp-content\\\/uploads\\\/2026\\\/08\\\/fra-paolo-bambini-amazzonia-gesu.webp\",\"width\":1200,\"height\":800,\"caption\":\"Fra Paolo con i bambini Ticuna in Amazzonia. Ovunque egli sia in missione, il suo invito \u00e8 sempre quello di guardare in alto\"},{\"@type\":\"BreadcrumbList\",\"@id\":\"https:\\\/\\\/spaziospadoni.org\\\/it\\\/dio-ha-una-fantasia-enorme-nel-suo-modo-di-chiamare-quarta-puntata\\\/#breadcrumb\",\"itemListElement\":[{\"@type\":\"ListItem\",\"position\":1,\"name\":\"Home\",\"item\":\"https:\\\/\\\/spaziospadoni.org\\\/it\\\/\"},{\"@type\":\"ListItem\",\"position\":2,\"name\":\"\u201cDio ha una fantasia enorme nel suo modo di chiamare\u201d | Quarta puntata\"}]},{\"@type\":\"WebSite\",\"@id\":\"https:\\\/\\\/spaziospadoni.org\\\/it\\\/#website\",\"url\":\"https:\\\/\\\/spaziospadoni.org\\\/it\\\/\",\"name\":\"spazio + spadoni\",\"description\":\"Generazione di misericordia e missione nel mondo\",\"publisher\":{\"@id\":\"https:\\\/\\\/spaziospadoni.org\\\/it\\\/#organization\"},\"alternateName\":\"spaziospadoni.org\",\"potentialAction\":[{\"@type\":\"SearchAction\",\"target\":{\"@type\":\"EntryPoint\",\"urlTemplate\":\"https:\\\/\\\/spaziospadoni.org\\\/it\\\/?s={search_term_string}\"},\"query-input\":{\"@type\":\"PropertyValueSpecification\",\"valueRequired\":true,\"valueName\":\"search_term_string\"}}],\"inLanguage\":\"it-IT\"},{\"@type\":\"Organization\",\"@id\":\"https:\\\/\\\/spaziospadoni.org\\\/it\\\/#organization\",\"name\":\"spazio + spadoni\",\"alternateName\":\"spaziospadoni.org\",\"url\":\"https:\\\/\\\/spaziospadoni.org\\\/it\\\/\",\"logo\":{\"@type\":\"ImageObject\",\"inLanguage\":\"it-IT\",\"@id\":\"https:\\\/\\\/spaziospadoni.org\\\/it\\\/#\\\/schema\\\/logo\\\/image\\\/\",\"url\":\"https:\\\/\\\/spaziospadoni.org\\\/wp-content\\\/uploads\\\/2026\\\/05\\\/spazio-spadoni-logo-100x100-1.webp\",\"contentUrl\":\"https:\\\/\\\/spaziospadoni.org\\\/wp-content\\\/uploads\\\/2026\\\/05\\\/spazio-spadoni-logo-100x100-1.webp\",\"width\":100,\"height\":100,\"caption\":\"spazio + spadoni\"},\"image\":{\"@id\":\"https:\\\/\\\/spaziospadoni.org\\\/it\\\/#\\\/schema\\\/logo\\\/image\\\/\"},\"sameAs\":[\"https:\\\/\\\/www.facebook.com\\\/SpazioSpadoni\\\/\",\"https:\\\/\\\/www.instagram.com\\\/spaziospadoni\\\/\",\"https:\\\/\\\/www.youtube.com\\\/@spaziospadoni\\\/playlists\"]},{\"@type\":\"Person\",\"@id\":\"https:\\\/\\\/spaziospadoni.org\\\/it\\\/#\\\/schema\\\/person\\\/3564d8acb9905b1bac4639729953e97d\",\"name\":\"Fra Paolo Maria Braghini\",\"image\":{\"@type\":\"ImageObject\",\"inLanguage\":\"it-IT\",\"@id\":\"https:\\\/\\\/secure.gravatar.com\\\/avatar\\\/f32ed802d88a4c5f0c578a2cf8cd64a2f093a3566f4c951be66b98720ef889ee?s=96&d=mm&r=g\",\"url\":\"https:\\\/\\\/secure.gravatar.com\\\/avatar\\\/f32ed802d88a4c5f0c578a2cf8cd64a2f093a3566f4c951be66b98720ef889ee?s=96&d=mm&r=g\",\"contentUrl\":\"https:\\\/\\\/secure.gravatar.com\\\/avatar\\\/f32ed802d88a4c5f0c578a2cf8cd64a2f093a3566f4c951be66b98720ef889ee?s=96&d=mm&r=g\",\"caption\":\"Fra Paolo Maria Braghini\"},\"description\":\"Frate Minore Cappuccino, classe 1975, per quasi 20 anni \u00e8 stato in missione nell\u2019Alto Solim\u00f5es, in Amazzonia, al confine tra il Brasile e il Per\u00f9, dove \u2013 spesso, in canoa \u2013 ha raggiunto 70 villaggi, condividendo la vita e la fede semplice degli Indios. Originario del Varesotto, \u00e8 rientrato in Italia nell\u2019estate 2025.\",\"url\":\"https:\\\/\\\/spaziospadoni.org\\\/it\\\/author\\\/braghini_mission\\\/\"}]}<\/script>\n<!-- \/ Yoast SEO plugin. -->","yoast_head_json":{"title":"\u201cDio ha una fantasia enorme nel suo modo di chiamare\u201d | Quarta puntata","description":"L'appello di fra Paolo ai giovani: dire s\u00ec al Signore senza paura, sostenuti dalla preghiera delle Clarisse e dall'esempio di San Francesco.","robots":{"index":"index","follow":"follow","max-snippet":"max-snippet:-1","max-image-preview":"max-image-preview:large","max-video-preview":"max-video-preview:-1"},"canonical":"https:\/\/spaziospadoni.org\/it\/dio-ha-una-fantasia-enorme-nel-suo-modo-di-chiamare-quarta-puntata\/","og_locale":"it_IT","og_type":"article","og_title":"\u201cDio ha una fantasia enorme nel suo modo di chiamare\u201d | Quarta puntata","og_description":"L'appello di fra Paolo ai giovani: dire s\u00ec al Signore senza paura, sostenuti dalla preghiera delle Clarisse e dall'esempio di San Francesco.","og_url":"https:\/\/spaziospadoni.org\/it\/dio-ha-una-fantasia-enorme-nel-suo-modo-di-chiamare-quarta-puntata\/","og_site_name":"spazio + spadoni","article_publisher":"https:\/\/www.facebook.com\/SpazioSpadoni\/","article_published_time":"2026-08-15T06:20:00+00:00","og_image":[{"width":1200,"height":800,"url":"https:\/\/spaziospadoni.org\/wp-content\/uploads\/2026\/08\/fra-paolo-bambini-amazzonia-gesu.webp","type":"image\/webp"}],"author":"Fra Paolo Maria Braghini","twitter_card":"summary_large_image","twitter_misc":{"Scritto da":"Fra Paolo Maria Braghini","Tempo di lettura stimato":"3 minuti"},"schema":{"@context":"https:\/\/schema.org","@graph":[{"@type":"Article","@id":"https:\/\/spaziospadoni.org\/it\/dio-ha-una-fantasia-enorme-nel-suo-modo-di-chiamare-quarta-puntata\/#article","isPartOf":{"@id":"https:\/\/spaziospadoni.org\/it\/dio-ha-una-fantasia-enorme-nel-suo-modo-di-chiamare-quarta-puntata\/"},"author":{"name":"Fra Paolo Maria Braghini","@id":"https:\/\/spaziospadoni.org\/it\/#\/schema\/person\/3564d8acb9905b1bac4639729953e97d"},"headline":"\u201cDio ha una fantasia enorme nel suo modo di chiamare\u201d | Quarta puntata","datePublished":"2026-08-15T06:20:00+00:00","mainEntityOfPage":{"@id":"https:\/\/spaziospadoni.org\/it\/dio-ha-una-fantasia-enorme-nel-suo-modo-di-chiamare-quarta-puntata\/"},"wordCount":409,"publisher":{"@id":"https:\/\/spaziospadoni.org\/it\/#organization"},"image":{"@id":"https:\/\/spaziospadoni.org\/it\/dio-ha-una-fantasia-enorme-nel-suo-modo-di-chiamare-quarta-puntata\/#primaryimage"},"thumbnailUrl":"https:\/\/spaziospadoni.org\/wp-content\/uploads\/2026\/08\/fra-paolo-bambini-amazzonia-gesu.webp","keywords":["Frati Minori Cappuccini","Missione","vocazione"],"articleSection":["Io misericordiato"],"inLanguage":"it-IT"},{"@type":"WebPage","@id":"https:\/\/spaziospadoni.org\/it\/dio-ha-una-fantasia-enorme-nel-suo-modo-di-chiamare-quarta-puntata\/","url":"https:\/\/spaziospadoni.org\/it\/dio-ha-una-fantasia-enorme-nel-suo-modo-di-chiamare-quarta-puntata\/","name":"\u201cDio ha una fantasia enorme nel suo modo di chiamare\u201d | Quarta puntata","isPartOf":{"@id":"https:\/\/spaziospadoni.org\/it\/#website"},"primaryImageOfPage":{"@id":"https:\/\/spaziospadoni.org\/it\/dio-ha-una-fantasia-enorme-nel-suo-modo-di-chiamare-quarta-puntata\/#primaryimage"},"image":{"@id":"https:\/\/spaziospadoni.org\/it\/dio-ha-una-fantasia-enorme-nel-suo-modo-di-chiamare-quarta-puntata\/#primaryimage"},"thumbnailUrl":"https:\/\/spaziospadoni.org\/wp-content\/uploads\/2026\/08\/fra-paolo-bambini-amazzonia-gesu.webp","datePublished":"2026-08-15T06:20:00+00:00","description":"L'appello di fra Paolo ai giovani: dire s\u00ec al Signore senza paura, sostenuti dalla preghiera delle Clarisse e dall'esempio di San Francesco.","breadcrumb":{"@id":"https:\/\/spaziospadoni.org\/it\/dio-ha-una-fantasia-enorme-nel-suo-modo-di-chiamare-quarta-puntata\/#breadcrumb"},"inLanguage":"it-IT","potentialAction":[{"@type":"ReadAction","target":["https:\/\/spaziospadoni.org\/it\/dio-ha-una-fantasia-enorme-nel-suo-modo-di-chiamare-quarta-puntata\/"]}]},{"@type":"ImageObject","inLanguage":"it-IT","@id":"https:\/\/spaziospadoni.org\/it\/dio-ha-una-fantasia-enorme-nel-suo-modo-di-chiamare-quarta-puntata\/#primaryimage","url":"https:\/\/spaziospadoni.org\/wp-content\/uploads\/2026\/08\/fra-paolo-bambini-amazzonia-gesu.webp","contentUrl":"https:\/\/spaziospadoni.org\/wp-content\/uploads\/2026\/08\/fra-paolo-bambini-amazzonia-gesu.webp","width":1200,"height":800,"caption":"Fra Paolo con i bambini Ticuna in Amazzonia. Ovunque egli sia in missione, il suo invito \u00e8 sempre quello di guardare in alto"},{"@type":"BreadcrumbList","@id":"https:\/\/spaziospadoni.org\/it\/dio-ha-una-fantasia-enorme-nel-suo-modo-di-chiamare-quarta-puntata\/#breadcrumb","itemListElement":[{"@type":"ListItem","position":1,"name":"Home","item":"https:\/\/spaziospadoni.org\/it\/"},{"@type":"ListItem","position":2,"name":"\u201cDio ha una fantasia enorme nel suo modo di chiamare\u201d | Quarta puntata"}]},{"@type":"WebSite","@id":"https:\/\/spaziospadoni.org\/it\/#website","url":"https:\/\/spaziospadoni.org\/it\/","name":"spazio + spadoni","description":"Generazione di misericordia e missione nel mondo","publisher":{"@id":"https:\/\/spaziospadoni.org\/it\/#organization"},"alternateName":"spaziospadoni.org","potentialAction":[{"@type":"SearchAction","target":{"@type":"EntryPoint","urlTemplate":"https:\/\/spaziospadoni.org\/it\/?s={search_term_string}"},"query-input":{"@type":"PropertyValueSpecification","valueRequired":true,"valueName":"search_term_string"}}],"inLanguage":"it-IT"},{"@type":"Organization","@id":"https:\/\/spaziospadoni.org\/it\/#organization","name":"spazio + spadoni","alternateName":"spaziospadoni.org","url":"https:\/\/spaziospadoni.org\/it\/","logo":{"@type":"ImageObject","inLanguage":"it-IT","@id":"https:\/\/spaziospadoni.org\/it\/#\/schema\/logo\/image\/","url":"https:\/\/spaziospadoni.org\/wp-content\/uploads\/2026\/05\/spazio-spadoni-logo-100x100-1.webp","contentUrl":"https:\/\/spaziospadoni.org\/wp-content\/uploads\/2026\/05\/spazio-spadoni-logo-100x100-1.webp","width":100,"height":100,"caption":"spazio + spadoni"},"image":{"@id":"https:\/\/spaziospadoni.org\/it\/#\/schema\/logo\/image\/"},"sameAs":["https:\/\/www.facebook.com\/SpazioSpadoni\/","https:\/\/www.instagram.com\/spaziospadoni\/","https:\/\/www.youtube.com\/@spaziospadoni\/playlists"]},{"@type":"Person","@id":"https:\/\/spaziospadoni.org\/it\/#\/schema\/person\/3564d8acb9905b1bac4639729953e97d","name":"Fra Paolo Maria Braghini","image":{"@type":"ImageObject","inLanguage":"it-IT","@id":"https:\/\/secure.gravatar.com\/avatar\/f32ed802d88a4c5f0c578a2cf8cd64a2f093a3566f4c951be66b98720ef889ee?s=96&d=mm&r=g","url":"https:\/\/secure.gravatar.com\/avatar\/f32ed802d88a4c5f0c578a2cf8cd64a2f093a3566f4c951be66b98720ef889ee?s=96&d=mm&r=g","contentUrl":"https:\/\/secure.gravatar.com\/avatar\/f32ed802d88a4c5f0c578a2cf8cd64a2f093a3566f4c951be66b98720ef889ee?s=96&d=mm&r=g","caption":"Fra Paolo Maria Braghini"},"description":"Frate Minore Cappuccino, classe 1975, per quasi 20 anni \u00e8 stato in missione nell\u2019Alto Solim\u00f5es, in Amazzonia, al confine tra il Brasile e il Per\u00f9, dove \u2013 spesso, in canoa \u2013 ha raggiunto 70 villaggi, condividendo la vita e la fede semplice degli Indios. Originario del Varesotto, \u00e8 rientrato in Italia nell\u2019estate 2025.","url":"https:\/\/spaziospadoni.org\/it\/author\/braghini_mission\/"}]}},"_links":{"self":[{"href":"https:\/\/spaziospadoni.org\/it\/wp-json\/wp\/v2\/posts\/89762","targetHints":{"allow":["GET"]}}],"collection":[{"href":"https:\/\/spaziospadoni.org\/it\/wp-json\/wp\/v2\/posts"}],"about":[{"href":"https:\/\/spaziospadoni.org\/it\/wp-json\/wp\/v2\/types\/post"}],"author":[{"embeddable":true,"href":"https:\/\/spaziospadoni.org\/it\/wp-json\/wp\/v2\/users\/82"}],"replies":[{"embeddable":true,"href":"https:\/\/spaziospadoni.org\/it\/wp-json\/wp\/v2\/comments?post=89762"}],"version-history":[{"count":1,"href":"https:\/\/spaziospadoni.org\/it\/wp-json\/wp\/v2\/posts\/89762\/revisions"}],"predecessor-version":[{"id":89768,"href":"https:\/\/spaziospadoni.org\/it\/wp-json\/wp\/v2\/posts\/89762\/revisions\/89768"}],"wp:featuredmedia":[{"embeddable":true,"href":"https:\/\/spaziospadoni.org\/it\/wp-json\/wp\/v2\/media\/89829"}],"wp:attachment":[{"href":"https:\/\/spaziospadoni.org\/it\/wp-json\/wp\/v2\/media?parent=89762"}],"wp:term":[{"taxonomy":"category","embeddable":true,"href":"https:\/\/spaziospadoni.org\/it\/wp-json\/wp\/v2\/categories?post=89762"},{"taxonomy":"post_tag","embeddable":true,"href":"https:\/\/spaziospadoni.org\/it\/wp-json\/wp\/v2\/tags?post=89762"}],"curies":[{"name":"wp","href":"https:\/\/api.w.org\/{rel}","templated":true}]}}