{"id":89917,"date":"2026-08-15T18:00:00","date_gmt":"2026-08-15T17:00:00","guid":{"rendered":"https:\/\/spaziospadoni.org\/?p=89917"},"modified":"2026-08-27T11:06:47","modified_gmt":"2026-08-27T10:06:47","slug":"il-valore-sacro-della-cura-sguardi-e-gesti-verso-un-corpo-destinato-al-cielo","status":"publish","type":"post","link":"https:\/\/spaziospadoni.org\/it\/il-valore-sacro-della-cura-sguardi-e-gesti-verso-un-corpo-destinato-al-cielo\/","title":{"rendered":"Il valore sacro della cura: sguardi e gesti verso un corpo destinato al Cielo"},"content":{"rendered":"\n<p class=\"wp-block-paragraph\">Quando ci si trova al fianco di chi soffre, il tempo sembra cambiare ritmo. Le ore trascorse ad accomodare un cuscino, a somministrare una terapia o semplicemente a tenere una mano tremante acquistano una dimensione del tutto nuova.<\/p>\n\n\n\n<p class=\"wp-block-paragraph\">Proprio in questi giorni, pensando all&#8217;imminente festa dell&#8217;Assunzione, una persona che si occupa della madre anziana e ammalata ha pronunciato questa frase: <\/p>\n\n\n\n<blockquote class=\"wp-block-quote is-layout-flow wp-block-quote-is-layout-flow\">\n<p class=\"wp-block-paragraph\"><em>\u00abMaria che sale in Cielo con il suo corpo mi aiuta a pensare che ogni gesto di cura e di assistenza verso i fratelli \u00e8 rivolto ad un corpo destinato al Cielo\u00bb.<\/em><\/p>\n<\/blockquote>\n\n\n\n<h2 id=\"un-gesto-quotidiano-che-tocca-leternita\" class=\"wp-block-heading\">Un gesto quotidiano che tocca l&#8217;eternit\u00e0<\/h2>\n\n\n\n<p class=\"wp-block-paragraph\">Accudire una persona malata non \u00e8 mai una mera sequenza di compiti pratici. \u00c8 uno scambio umano in cui la fragilit\u00e0 dell&#8217;altro incontra la nostra disponibilit\u00e0.<\/p>\n\n\n\n<p class=\"wp-block-paragraph\">Quando tocchiamo una spalla stanca o puliamo un volto segnato dal dolore, non stiamo solo offrendo <strong>assistenza<\/strong>, ma stiamo riconoscendo il valore infinito della persona. Ogni corpo fragile, ferito o consumato dagli anni porta in s\u00e9 la promessa di una dignit\u00e0 immortale.<\/p>\n\n\n\n<p class=\"wp-block-paragraph\">Questa consapevolezza trasforma la stanchezza in dono. Non si tratta soltanto di alleviare una sofferenza temporanea, ma di custodire e servire un tempio sacro. Sapere che questa carne non \u00e8 destinata al nulla, ma a una gloria eterna, cambia radicalmente lo sguardo di chi si prende cura dell&#8217;altro.<\/p>\n\n\n\n<h2 id=\"custodire-la-dignita-nella-fragilita\" class=\"wp-block-heading\">Custodire la dignit\u00e0 nella fragilit\u00e0<\/h2>\n\n\n\n<p class=\"wp-block-paragraph\">Nel silenzio delle stanze d&#8217;ospedale o tra le mura domestiche, la <strong>cura<\/strong> della persona diventa un linguaggio d&#8217;amore silenzioso. Spesso ci si sente impotenti di fronte alla malattia, ma la presenza costante \u00e8 gi\u00e0 una risposta concreta.<\/p>\n\n\n\n<p class=\"wp-block-paragraph\">Pronunciare un sincero HIC SUM davanti al bisogno dell&#8217;altro significa dire: \u00abIo sono qui per te\u00bb.<\/p>\n\n\n\n<p class=\"wp-block-paragraph\">La vera <strong>solidariet\u00e0<\/strong> nasce quando smettiamo di vedere unicamente la sofferenza e iniziamo a scorgere la persona nella sua interezza. Ogni attenzione, anche la pi\u00f9 semplice, restituisce speranza e riscatto. Servire il prossimo nella prova \u00e8 un atto di fede vissuta che eleva sia chi riceve il sostegno, sia chi lo offre con cuore aperto.<\/p>\n\n\n\n<h2 id=\"la-presenza-attiva-nel-servizio\" class=\"wp-block-heading\">La presenza attiva nel servizio<\/h2>\n\n\n\n<p class=\"wp-block-paragraph\">L&#8217;esperienza del <strong>volontariato<\/strong> e dell&#8217;assistenza quotidiana insegna che il dono di s\u00e9 non \u00e8 mai una perdita. Nella <strong>reciprocit\u00e0<\/strong>, chi assiste riceve molto pi\u00f9 di quanto dona.<\/p>\n\n\n\n<p class=\"wp-block-paragraph\">Guardare al corpo dell&#8217;altro come a un bene destinato alla luce eterna infonde forza e trasfigura la routine in un cammino ricco di significato.<\/p>\n\n\n\n<p class=\"wp-block-paragraph\">Continuiamo dunque a prestare le nostre mani e il nostro tempo con delicatezza, sapendo che la <strong>misericordia<\/strong> vissuta nei gesti minimi ha un&#8217;eco che supera i confini del tempo presente.<\/p>\n\n\n\n<p class=\"wp-block-paragraph\"><strong><a href=\"https:\/\/pixabay.com\/it\/photos\/donne-villaggio-strada-vicolo-casa-5578067\/\" target=\"_blank\" rel=\"noreferrer noopener nofollow\" title=\"Foto Pixabay\">Foto Pixabay<\/a><\/strong><\/p>\n\n\n\n<p class=\"wp-block-paragraph\"><\/p>\n","protected":false},"excerpt":{"rendered":"<p>Quando ci si trova al fianco di chi soffre, il tempo sembra cambiare ritmo. Le ore trascorse ad accomodare un cuscino, a somministrare una terapia o semplicemente a tenere una mano tremante acquistano una dimensione del tutto nuova. Proprio in questi giorni, pensando all&#8217;imminente festa dell&#8217;Assunzione, una persona che si occupa della madre anziana e &#8230; <a title=\"Il valore sacro della cura: sguardi e gesti verso un corpo destinato al Cielo\" class=\"read-more\" href=\"https:\/\/spaziospadoni.org\/it\/il-valore-sacro-della-cura-sguardi-e-gesti-verso-un-corpo-destinato-al-cielo\/\" aria-label=\"Per saperne di pi\u00f9 su Il valore sacro della cura: sguardi e gesti verso un corpo destinato al Cielo\">Leggi tutto<\/a><\/p>\n","protected":false},"author":39,"featured_media":89918,"comment_status":"closed","ping_status":"closed","sticky":false,"template":"","format":"standard","meta":{"_sitemap_exclude":false,"_sitemap_priority":"","_sitemap_frequency":"","ss_featured_image_title":"","ss_featured_image_alt":"Cura e assistenza anziani","ss_featured_image_caption":"Assistere gli anziani e aver cura di loro \u00e8 un gesto trasversale a tutte le culture","footnotes":""},"categories":[60],"tags":[340,394,665,229,528],"class_list":["post-89917","post","type-post","status-publish","format-standard","has-post-thumbnail","hentry","category-notizie-dal-mondo","tag-ammalati","tag-anziani","tag-assunzione-maria","tag-cura","tag-visitare-gli-infermi","infinite-scroll-item","generate-columns","tablet-grid-50","mobile-grid-100","grid-parent","grid-50"],"yoast_head":"<!-- This site is optimized with the Yoast SEO plugin v28.4 - https:\/\/yoast.com\/product\/yoast-seo-wordpress\/ -->\n<title>Il valore sacro della cura: sguardi e gesti verso un corpo destinato al Cielo<\/title>\n<meta name=\"description\" content=\"Scopri come la cura quotidiana degli ammalati acquisti un senso profondo di eternit\u00e0 e dignit\u00e0 attraverso gesti di sincera compassione.\" \/>\n<meta name=\"robots\" content=\"index, follow, max-snippet:-1, max-image-preview:large, max-video-preview:-1\" \/>\n<link rel=\"canonical\" href=\"https:\/\/spaziospadoni.org\/it\/il-valore-sacro-della-cura-sguardi-e-gesti-verso-un-corpo-destinato-al-cielo\/\" \/>\n<meta property=\"og:locale\" content=\"it_IT\" \/>\n<meta property=\"og:type\" content=\"article\" \/>\n<meta property=\"og:title\" content=\"Il valore sacro della cura: sguardi e gesti verso un corpo destinato al Cielo\" \/>\n<meta property=\"og:description\" content=\"Scopri come la cura quotidiana degli ammalati acquisti un senso profondo di eternit\u00e0 e dignit\u00e0 attraverso gesti di sincera compassione.\" \/>\n<meta property=\"og:url\" content=\"https:\/\/spaziospadoni.org\/it\/il-valore-sacro-della-cura-sguardi-e-gesti-verso-un-corpo-destinato-al-cielo\/\" \/>\n<meta property=\"og:site_name\" content=\"spazio + spadoni\" \/>\n<meta property=\"article:publisher\" content=\"https:\/\/www.facebook.com\/SpazioSpadoni\/\" \/>\n<meta property=\"article:published_time\" content=\"2026-08-15T17:00:00+00:00\" \/>\n<meta property=\"article:modified_time\" content=\"2026-08-27T10:06:47+00:00\" \/>\n<meta property=\"og:image\" content=\"https:\/\/spaziospadoni.org\/wp-content\/uploads\/2026\/08\/cura-assistenza-anziana.webp\" \/>\n\t<meta property=\"og:image:width\" content=\"1280\" \/>\n\t<meta property=\"og:image:height\" content=\"853\" \/>\n\t<meta property=\"og:image:type\" content=\"image\/webp\" \/>\n<meta name=\"author\" content=\"Redazione\" \/>\n<meta name=\"twitter:card\" content=\"summary_large_image\" \/>\n<meta name=\"twitter:label1\" content=\"Scritto da\" \/>\n\t<meta name=\"twitter:data1\" content=\"Redazione\" \/>\n\t<meta name=\"twitter:label2\" content=\"Tempo di lettura stimato\" \/>\n\t<meta name=\"twitter:data2\" content=\"3 minuti\" \/>\n<script type=\"application\/ld+json\" class=\"yoast-schema-graph\">{\"@context\":\"https:\\\/\\\/schema.org\",\"@graph\":[{\"@type\":\"Article\",\"@id\":\"https:\\\/\\\/spaziospadoni.org\\\/it\\\/il-valore-sacro-della-cura-sguardi-e-gesti-verso-un-corpo-destinato-al-cielo\\\/#article\",\"isPartOf\":{\"@id\":\"https:\\\/\\\/spaziospadoni.org\\\/it\\\/il-valore-sacro-della-cura-sguardi-e-gesti-verso-un-corpo-destinato-al-cielo\\\/\"},\"author\":{\"name\":\"Redazione\",\"@id\":\"https:\\\/\\\/spaziospadoni.org\\\/it\\\/#\\\/schema\\\/person\\\/411d7e71b4962bebf7ac6c70acc9a7bc\"},\"headline\":\"Il valore sacro della cura: sguardi e gesti verso un corpo destinato al Cielo\",\"datePublished\":\"2026-08-15T17:00:00+00:00\",\"dateModified\":\"2026-08-27T10:06:47+00:00\",\"mainEntityOfPage\":{\"@id\":\"https:\\\/\\\/spaziospadoni.org\\\/it\\\/il-valore-sacro-della-cura-sguardi-e-gesti-verso-un-corpo-destinato-al-cielo\\\/\"},\"wordCount\":434,\"publisher\":{\"@id\":\"https:\\\/\\\/spaziospadoni.org\\\/it\\\/#organization\"},\"image\":{\"@id\":\"https:\\\/\\\/spaziospadoni.org\\\/it\\\/il-valore-sacro-della-cura-sguardi-e-gesti-verso-un-corpo-destinato-al-cielo\\\/#primaryimage\"},\"thumbnailUrl\":\"https:\\\/\\\/spaziospadoni.org\\\/wp-content\\\/uploads\\\/2026\\\/08\\\/cura-assistenza-anziana.webp\",\"keywords\":[\"ammalati\",\"Anziani\",\"assunzione maria\",\"cura\",\"Visitare gli infermi\"],\"articleSection\":[\"Notizie dal Mondo\"],\"inLanguage\":\"it-IT\"},{\"@type\":\"WebPage\",\"@id\":\"https:\\\/\\\/spaziospadoni.org\\\/it\\\/il-valore-sacro-della-cura-sguardi-e-gesti-verso-un-corpo-destinato-al-cielo\\\/\",\"url\":\"https:\\\/\\\/spaziospadoni.org\\\/it\\\/il-valore-sacro-della-cura-sguardi-e-gesti-verso-un-corpo-destinato-al-cielo\\\/\",\"name\":\"Il valore sacro della cura: sguardi e gesti verso un corpo destinato al Cielo\",\"isPartOf\":{\"@id\":\"https:\\\/\\\/spaziospadoni.org\\\/it\\\/#website\"},\"primaryImageOfPage\":{\"@id\":\"https:\\\/\\\/spaziospadoni.org\\\/it\\\/il-valore-sacro-della-cura-sguardi-e-gesti-verso-un-corpo-destinato-al-cielo\\\/#primaryimage\"},\"image\":{\"@id\":\"https:\\\/\\\/spaziospadoni.org\\\/it\\\/il-valore-sacro-della-cura-sguardi-e-gesti-verso-un-corpo-destinato-al-cielo\\\/#primaryimage\"},\"thumbnailUrl\":\"https:\\\/\\\/spaziospadoni.org\\\/wp-content\\\/uploads\\\/2026\\\/08\\\/cura-assistenza-anziana.webp\",\"datePublished\":\"2026-08-15T17:00:00+00:00\",\"dateModified\":\"2026-08-27T10:06:47+00:00\",\"description\":\"Scopri come la cura quotidiana degli ammalati acquisti un senso profondo di eternit\u00e0 e dignit\u00e0 attraverso gesti di sincera compassione.\",\"breadcrumb\":{\"@id\":\"https:\\\/\\\/spaziospadoni.org\\\/it\\\/il-valore-sacro-della-cura-sguardi-e-gesti-verso-un-corpo-destinato-al-cielo\\\/#breadcrumb\"},\"inLanguage\":\"it-IT\",\"potentialAction\":[{\"@type\":\"ReadAction\",\"target\":[\"https:\\\/\\\/spaziospadoni.org\\\/it\\\/il-valore-sacro-della-cura-sguardi-e-gesti-verso-un-corpo-destinato-al-cielo\\\/\"]}]},{\"@type\":\"ImageObject\",\"inLanguage\":\"it-IT\",\"@id\":\"https:\\\/\\\/spaziospadoni.org\\\/it\\\/il-valore-sacro-della-cura-sguardi-e-gesti-verso-un-corpo-destinato-al-cielo\\\/#primaryimage\",\"url\":\"https:\\\/\\\/spaziospadoni.org\\\/wp-content\\\/uploads\\\/2026\\\/08\\\/cura-assistenza-anziana.webp\",\"contentUrl\":\"https:\\\/\\\/spaziospadoni.org\\\/wp-content\\\/uploads\\\/2026\\\/08\\\/cura-assistenza-anziana.webp\",\"width\":1280,\"height\":853,\"caption\":\"Assistere gli anziani e aver cura di loro \u00e8 un gesto trasversale a tutte le culture\"},{\"@type\":\"BreadcrumbList\",\"@id\":\"https:\\\/\\\/spaziospadoni.org\\\/it\\\/il-valore-sacro-della-cura-sguardi-e-gesti-verso-un-corpo-destinato-al-cielo\\\/#breadcrumb\",\"itemListElement\":[{\"@type\":\"ListItem\",\"position\":1,\"name\":\"Home\",\"item\":\"https:\\\/\\\/spaziospadoni.org\\\/it\\\/\"},{\"@type\":\"ListItem\",\"position\":2,\"name\":\"Il valore sacro della cura: sguardi e gesti verso un corpo destinato al Cielo\"}]},{\"@type\":\"WebSite\",\"@id\":\"https:\\\/\\\/spaziospadoni.org\\\/it\\\/#website\",\"url\":\"https:\\\/\\\/spaziospadoni.org\\\/it\\\/\",\"name\":\"spazio + spadoni\",\"description\":\"Generazione di misericordia e missione nel mondo\",\"publisher\":{\"@id\":\"https:\\\/\\\/spaziospadoni.org\\\/it\\\/#organization\"},\"alternateName\":\"spaziospadoni.org\",\"potentialAction\":[{\"@type\":\"SearchAction\",\"target\":{\"@type\":\"EntryPoint\",\"urlTemplate\":\"https:\\\/\\\/spaziospadoni.org\\\/it\\\/?s={search_term_string}\"},\"query-input\":{\"@type\":\"PropertyValueSpecification\",\"valueRequired\":true,\"valueName\":\"search_term_string\"}}],\"inLanguage\":\"it-IT\"},{\"@type\":\"Organization\",\"@id\":\"https:\\\/\\\/spaziospadoni.org\\\/it\\\/#organization\",\"name\":\"spazio + spadoni\",\"alternateName\":\"spaziospadoni.org\",\"url\":\"https:\\\/\\\/spaziospadoni.org\\\/it\\\/\",\"logo\":{\"@type\":\"ImageObject\",\"inLanguage\":\"it-IT\",\"@id\":\"https:\\\/\\\/spaziospadoni.org\\\/it\\\/#\\\/schema\\\/logo\\\/image\\\/\",\"url\":\"https:\\\/\\\/spaziospadoni.org\\\/wp-content\\\/uploads\\\/2026\\\/05\\\/spazio-spadoni-logo-100x100-1.webp\",\"contentUrl\":\"https:\\\/\\\/spaziospadoni.org\\\/wp-content\\\/uploads\\\/2026\\\/05\\\/spazio-spadoni-logo-100x100-1.webp\",\"width\":100,\"height\":100,\"caption\":\"spazio + spadoni\"},\"image\":{\"@id\":\"https:\\\/\\\/spaziospadoni.org\\\/it\\\/#\\\/schema\\\/logo\\\/image\\\/\"},\"sameAs\":[\"https:\\\/\\\/www.facebook.com\\\/SpazioSpadoni\\\/\",\"https:\\\/\\\/www.instagram.com\\\/spaziospadoni\\\/\",\"https:\\\/\\\/www.youtube.com\\\/@spaziospadoni\\\/playlists\"]},{\"@type\":\"Person\",\"@id\":\"https:\\\/\\\/spaziospadoni.org\\\/it\\\/#\\\/schema\\\/person\\\/411d7e71b4962bebf7ac6c70acc9a7bc\",\"name\":\"Redazione\",\"image\":{\"@type\":\"ImageObject\",\"inLanguage\":\"it-IT\",\"@id\":\"https:\\\/\\\/secure.gravatar.com\\\/avatar\\\/2ba413b4dca69409b680ae806ab0dce8a38d5d2cc2123a96af7bbbee33a5742e?s=96&d=mm&r=g\",\"url\":\"https:\\\/\\\/secure.gravatar.com\\\/avatar\\\/2ba413b4dca69409b680ae806ab0dce8a38d5d2cc2123a96af7bbbee33a5742e?s=96&d=mm&r=g\",\"contentUrl\":\"https:\\\/\\\/secure.gravatar.com\\\/avatar\\\/2ba413b4dca69409b680ae806ab0dce8a38d5d2cc2123a96af7bbbee33a5742e?s=96&d=mm&r=g\",\"caption\":\"Redazione\"},\"url\":\"https:\\\/\\\/spaziospadoni.org\\\/it\\\/author\\\/redazione\\\/\"}]}<\/script>\n<!-- \/ Yoast SEO plugin. -->","yoast_head_json":{"title":"Il valore sacro della cura: sguardi e gesti verso un corpo destinato al Cielo","description":"Scopri come la cura quotidiana degli ammalati acquisti un senso profondo di eternit\u00e0 e dignit\u00e0 attraverso gesti di sincera compassione.","robots":{"index":"index","follow":"follow","max-snippet":"max-snippet:-1","max-image-preview":"max-image-preview:large","max-video-preview":"max-video-preview:-1"},"canonical":"https:\/\/spaziospadoni.org\/it\/il-valore-sacro-della-cura-sguardi-e-gesti-verso-un-corpo-destinato-al-cielo\/","og_locale":"it_IT","og_type":"article","og_title":"Il valore sacro della cura: sguardi e gesti verso un corpo destinato al Cielo","og_description":"Scopri come la cura quotidiana degli ammalati acquisti un senso profondo di eternit\u00e0 e dignit\u00e0 attraverso gesti di sincera compassione.","og_url":"https:\/\/spaziospadoni.org\/it\/il-valore-sacro-della-cura-sguardi-e-gesti-verso-un-corpo-destinato-al-cielo\/","og_site_name":"spazio + spadoni","article_publisher":"https:\/\/www.facebook.com\/SpazioSpadoni\/","article_published_time":"2026-08-15T17:00:00+00:00","article_modified_time":"2026-08-27T10:06:47+00:00","og_image":[{"width":1280,"height":853,"url":"https:\/\/spaziospadoni.org\/wp-content\/uploads\/2026\/08\/cura-assistenza-anziana.webp","type":"image\/webp"}],"author":"Redazione","twitter_card":"summary_large_image","twitter_misc":{"Scritto da":"Redazione","Tempo di lettura stimato":"3 minuti"},"schema":{"@context":"https:\/\/schema.org","@graph":[{"@type":"Article","@id":"https:\/\/spaziospadoni.org\/it\/il-valore-sacro-della-cura-sguardi-e-gesti-verso-un-corpo-destinato-al-cielo\/#article","isPartOf":{"@id":"https:\/\/spaziospadoni.org\/it\/il-valore-sacro-della-cura-sguardi-e-gesti-verso-un-corpo-destinato-al-cielo\/"},"author":{"name":"Redazione","@id":"https:\/\/spaziospadoni.org\/it\/#\/schema\/person\/411d7e71b4962bebf7ac6c70acc9a7bc"},"headline":"Il valore sacro della cura: sguardi e gesti verso un corpo destinato al Cielo","datePublished":"2026-08-15T17:00:00+00:00","dateModified":"2026-08-27T10:06:47+00:00","mainEntityOfPage":{"@id":"https:\/\/spaziospadoni.org\/it\/il-valore-sacro-della-cura-sguardi-e-gesti-verso-un-corpo-destinato-al-cielo\/"},"wordCount":434,"publisher":{"@id":"https:\/\/spaziospadoni.org\/it\/#organization"},"image":{"@id":"https:\/\/spaziospadoni.org\/it\/il-valore-sacro-della-cura-sguardi-e-gesti-verso-un-corpo-destinato-al-cielo\/#primaryimage"},"thumbnailUrl":"https:\/\/spaziospadoni.org\/wp-content\/uploads\/2026\/08\/cura-assistenza-anziana.webp","keywords":["ammalati","Anziani","assunzione maria","cura","Visitare gli infermi"],"articleSection":["Notizie dal Mondo"],"inLanguage":"it-IT"},{"@type":"WebPage","@id":"https:\/\/spaziospadoni.org\/it\/il-valore-sacro-della-cura-sguardi-e-gesti-verso-un-corpo-destinato-al-cielo\/","url":"https:\/\/spaziospadoni.org\/it\/il-valore-sacro-della-cura-sguardi-e-gesti-verso-un-corpo-destinato-al-cielo\/","name":"Il valore sacro della cura: sguardi e gesti verso un corpo destinato al Cielo","isPartOf":{"@id":"https:\/\/spaziospadoni.org\/it\/#website"},"primaryImageOfPage":{"@id":"https:\/\/spaziospadoni.org\/it\/il-valore-sacro-della-cura-sguardi-e-gesti-verso-un-corpo-destinato-al-cielo\/#primaryimage"},"image":{"@id":"https:\/\/spaziospadoni.org\/it\/il-valore-sacro-della-cura-sguardi-e-gesti-verso-un-corpo-destinato-al-cielo\/#primaryimage"},"thumbnailUrl":"https:\/\/spaziospadoni.org\/wp-content\/uploads\/2026\/08\/cura-assistenza-anziana.webp","datePublished":"2026-08-15T17:00:00+00:00","dateModified":"2026-08-27T10:06:47+00:00","description":"Scopri come la cura quotidiana degli ammalati acquisti un senso profondo di eternit\u00e0 e dignit\u00e0 attraverso gesti di sincera compassione.","breadcrumb":{"@id":"https:\/\/spaziospadoni.org\/it\/il-valore-sacro-della-cura-sguardi-e-gesti-verso-un-corpo-destinato-al-cielo\/#breadcrumb"},"inLanguage":"it-IT","potentialAction":[{"@type":"ReadAction","target":["https:\/\/spaziospadoni.org\/it\/il-valore-sacro-della-cura-sguardi-e-gesti-verso-un-corpo-destinato-al-cielo\/"]}]},{"@type":"ImageObject","inLanguage":"it-IT","@id":"https:\/\/spaziospadoni.org\/it\/il-valore-sacro-della-cura-sguardi-e-gesti-verso-un-corpo-destinato-al-cielo\/#primaryimage","url":"https:\/\/spaziospadoni.org\/wp-content\/uploads\/2026\/08\/cura-assistenza-anziana.webp","contentUrl":"https:\/\/spaziospadoni.org\/wp-content\/uploads\/2026\/08\/cura-assistenza-anziana.webp","width":1280,"height":853,"caption":"Assistere gli anziani e aver cura di loro \u00e8 un gesto trasversale a tutte le culture"},{"@type":"BreadcrumbList","@id":"https:\/\/spaziospadoni.org\/it\/il-valore-sacro-della-cura-sguardi-e-gesti-verso-un-corpo-destinato-al-cielo\/#breadcrumb","itemListElement":[{"@type":"ListItem","position":1,"name":"Home","item":"https:\/\/spaziospadoni.org\/it\/"},{"@type":"ListItem","position":2,"name":"Il valore sacro della cura: sguardi e gesti verso un corpo destinato al Cielo"}]},{"@type":"WebSite","@id":"https:\/\/spaziospadoni.org\/it\/#website","url":"https:\/\/spaziospadoni.org\/it\/","name":"spazio + spadoni","description":"Generazione di misericordia e missione nel mondo","publisher":{"@id":"https:\/\/spaziospadoni.org\/it\/#organization"},"alternateName":"spaziospadoni.org","potentialAction":[{"@type":"SearchAction","target":{"@type":"EntryPoint","urlTemplate":"https:\/\/spaziospadoni.org\/it\/?s={search_term_string}"},"query-input":{"@type":"PropertyValueSpecification","valueRequired":true,"valueName":"search_term_string"}}],"inLanguage":"it-IT"},{"@type":"Organization","@id":"https:\/\/spaziospadoni.org\/it\/#organization","name":"spazio + spadoni","alternateName":"spaziospadoni.org","url":"https:\/\/spaziospadoni.org\/it\/","logo":{"@type":"ImageObject","inLanguage":"it-IT","@id":"https:\/\/spaziospadoni.org\/it\/#\/schema\/logo\/image\/","url":"https:\/\/spaziospadoni.org\/wp-content\/uploads\/2026\/05\/spazio-spadoni-logo-100x100-1.webp","contentUrl":"https:\/\/spaziospadoni.org\/wp-content\/uploads\/2026\/05\/spazio-spadoni-logo-100x100-1.webp","width":100,"height":100,"caption":"spazio + spadoni"},"image":{"@id":"https:\/\/spaziospadoni.org\/it\/#\/schema\/logo\/image\/"},"sameAs":["https:\/\/www.facebook.com\/SpazioSpadoni\/","https:\/\/www.instagram.com\/spaziospadoni\/","https:\/\/www.youtube.com\/@spaziospadoni\/playlists"]},{"@type":"Person","@id":"https:\/\/spaziospadoni.org\/it\/#\/schema\/person\/411d7e71b4962bebf7ac6c70acc9a7bc","name":"Redazione","image":{"@type":"ImageObject","inLanguage":"it-IT","@id":"https:\/\/secure.gravatar.com\/avatar\/2ba413b4dca69409b680ae806ab0dce8a38d5d2cc2123a96af7bbbee33a5742e?s=96&d=mm&r=g","url":"https:\/\/secure.gravatar.com\/avatar\/2ba413b4dca69409b680ae806ab0dce8a38d5d2cc2123a96af7bbbee33a5742e?s=96&d=mm&r=g","contentUrl":"https:\/\/secure.gravatar.com\/avatar\/2ba413b4dca69409b680ae806ab0dce8a38d5d2cc2123a96af7bbbee33a5742e?s=96&d=mm&r=g","caption":"Redazione"},"url":"https:\/\/spaziospadoni.org\/it\/author\/redazione\/"}]}},"_links":{"self":[{"href":"https:\/\/spaziospadoni.org\/it\/wp-json\/wp\/v2\/posts\/89917","targetHints":{"allow":["GET"]}}],"collection":[{"href":"https:\/\/spaziospadoni.org\/it\/wp-json\/wp\/v2\/posts"}],"about":[{"href":"https:\/\/spaziospadoni.org\/it\/wp-json\/wp\/v2\/types\/post"}],"author":[{"embeddable":true,"href":"https:\/\/spaziospadoni.org\/it\/wp-json\/wp\/v2\/users\/39"}],"replies":[{"embeddable":true,"href":"https:\/\/spaziospadoni.org\/it\/wp-json\/wp\/v2\/comments?post=89917"}],"version-history":[{"count":1,"href":"https:\/\/spaziospadoni.org\/it\/wp-json\/wp\/v2\/posts\/89917\/revisions"}],"predecessor-version":[{"id":89919,"href":"https:\/\/spaziospadoni.org\/it\/wp-json\/wp\/v2\/posts\/89917\/revisions\/89919"}],"wp:featuredmedia":[{"embeddable":true,"href":"https:\/\/spaziospadoni.org\/it\/wp-json\/wp\/v2\/media\/89918"}],"wp:attachment":[{"href":"https:\/\/spaziospadoni.org\/it\/wp-json\/wp\/v2\/media?parent=89917"}],"wp:term":[{"taxonomy":"category","embeddable":true,"href":"https:\/\/spaziospadoni.org\/it\/wp-json\/wp\/v2\/categories?post=89917"},{"taxonomy":"post_tag","embeddable":true,"href":"https:\/\/spaziospadoni.org\/it\/wp-json\/wp\/v2\/tags?post=89917"}],"curies":[{"name":"wp","href":"https:\/\/api.w.org\/{rel}","templated":true}]}}