{"id":90381,"date":"2026-08-20T07:00:00","date_gmt":"2026-08-20T06:00:00","guid":{"rendered":"https:\/\/spaziospadoni.org\/?p=90381"},"modified":"2026-08-18T09:33:57","modified_gmt":"2026-08-18T08:33:57","slug":"africa-repubblica-democratica-del-congo-al-cuore-dei-conflitti-scegliamo-il-dialogo-lintervista-a-destin-byandike","status":"publish","type":"post","link":"https:\/\/spaziospadoni.org\/it\/africa-repubblica-democratica-del-congo-al-cuore-dei-conflitti-scegliamo-il-dialogo-lintervista-a-destin-byandike\/","title":{"rendered":"Africa, Repubblica Democratica del Congo | \u00abAl cuore dei conflitti, scegliamo il dialogo\u00bb, l\u2019intervista a Destin Byandike"},"content":{"rendered":"\n<pre class=\"wp-block-verse\"><em>L\u2019Universit\u00e0 dei Martiri del Congo istituisce il Centro Africano per la Pace, la Mediazione e la Diplomazia (CAPMD-UNIM).\n\nSecondo il ricercatore <strong>Destin Byandike, specialista in negoziazione internazionale e nuovo corrispondente di spazio + spadoni<\/strong>, la constatazione \u00e8 chiara: dopo decenni di conflitti nell\u2019Est del Paese, mancano meccanismi di prevenzione che nascano dall\u2019interno.\n\nIl CAPMD si propone come una forma di \u201cdiplomazia universitaria\u201d, fondata su quattro pilastri: ASCOLTARE, DIALOGARE, RICONCILIARE, RISOLVERE.\n\nL\u2019obiettivo \u00e8 formare mediatori congolesi, sviluppare attivit\u00e0 di ricerca e accompagnare le comunit\u00e0 sul territorio.\n\nSotto la guida del prof. e generale Alain Alisa Job Sambokera, il CAPMD invita ricercatori, decisori e partner ad aderire e a fare propria questa iniziativa.<\/em><\/pre>\n\n\n\n<h2 id=\"signor-destin-byandike-qual-e-la-constatazione-che-ha-spinto-lunim-a-creare-questo-centro\" class=\"wp-block-heading\">Signor Destin Byandike, qual \u00e8 la constatazione che ha spinto l&#8217;UNIM a creare questo centro?<\/h2>\n\n\n\n<p class=\"wp-block-paragraph\">La constatazione nasce innanzitutto dalla ricerca. Durante la formazione presso la Scuola di Diplomazia, Negoziazione e Mediazione dell\u2019UNIM, i risultati delle ricerche che abbiamo valorizzato hanno dimostrato una cosa:<strong> \u00e8 necessario un centro africano specializzato nel dialogo per la pace<\/strong>, nella risoluzione dei conflitti e nella cooperazione regionale e internazionale, per una sicurezza globale in Africa.<\/p>\n\n\n\n<p class=\"wp-block-paragraph\">La RDC, soprattutto nella sua parte orientale, affronta cicli di conflitto da decenni. Nonostante gli interventi internazionali, mancano <strong>meccanismi di prevenzione<\/strong> che nascano dall\u2019interno.<\/p>\n\n\n\n<p class=\"wp-block-paragraph\">All\u2019UNIM ci siamo detti: \u00e8 tempo che l\u2019universit\u00e0 congolese produca essa stessa <strong>risposte scientifiche e concrete per il proprio popolo<\/strong>. \u00c8 cos\u00ec che nasce il CAPMD-UNIM.<\/p>\n\n\n\n<h2 id=\"in-che-cosa-si-differenzia-il-vostro-approccio\" class=\"wp-block-heading\">In che cosa si differenzia il vostro approccio?<\/h2>\n\n\n\n<p class=\"wp-block-paragraph\">Il nostro motto riassume tutto: ASCOLTARE, DIALOGARE, RICONCILIARE, RISOLVERE.<\/p>\n\n\n\n<p class=\"wp-block-paragraph\">Non vogliamo imporre la pace dall\u2019alto. Vogliamo innanzitutto <strong>ascoltare le cause profonde<\/strong> del conflitto, avvicinare le comunit\u00e0 e facilitare compromessi a livello locale.<\/p>\n\n\n\n<p class=\"wp-block-paragraph\">Il CAPMD vuole <strong>formare<\/strong> mediatori congolesi, produrre ricerca sulla pace nella RDC e andare sul campo. \u00c8 una forma di diplomazia universitaria.<\/p>\n\n\n\n<h2 id=\"perche-porre-laccento-sullest-della-rdc\" class=\"wp-block-heading\">Perch\u00e9 porre l&#8217;accento sull&#8217;est della RDC?<\/h2>\n\n\n\n<p class=\"wp-block-paragraph\">Perch\u00e9 \u00e8 l\u00ec che oggi la sofferenza \u00e8 pi\u00f9 acuta: spostamenti massicci di popolazione, disgregazione del tessuto sociale.<\/p>\n\n\n\n<p class=\"wp-block-paragraph\">Ma la nostra visione \u00e8 nazionale e africana. Se riusciremo a stabilizzare l\u2019Est attraverso il dialogo, offriremo un modello per tutto il continente.<\/p>\n\n\n\n<h2 id=\"qual-e-il-ruolo-delleuropa-e-dei-partner-internazionali\" class=\"wp-block-heading\">Qual \u00e8 il ruolo dell&#8217;Europa e dei partner internazionali?<\/h2>\n\n\n\n<p class=\"wp-block-paragraph\">Il ruolo dei partner \u00e8 fondamentale, ma deve essere di sostegno. Abbiamo bisogno di partenariati tecnici e finanziari per la formazione e la ricerca. Il CAPMD punta a stipulare accordi con diversi partner per il periodo 2026-2027.<\/p>\n\n\n\n<p class=\"wp-block-paragraph\">Ma <strong>la leadership deve rimanere congolese e africana<\/strong>. L\u2019Europa pu\u00f2 contribuire a finanziare la conoscenza, non a sostituirla.<\/p>\n\n\n\n<h2 id=\"e-ottimista-riguardo-alla-pace-nella-rdc\" class=\"wp-block-heading\">\u00c8 ottimista riguardo alla pace nella RDC?<\/h2>\n\n\n\n<p class=\"wp-block-paragraph\">Sono un ricercatore, quindi sono realista. Ma sono anche congolese. E credo che finch\u00e9 scegliamo il dialogo invece delle armi, ci sia speranza. Questo \u00e8 il nostro impegno.<\/p>\n\n\n\n<blockquote class=\"wp-block-quote is-layout-flow wp-block-quote-is-layout-flow\">\n<p class=\"wp-block-paragraph\"><em>\u00abAl cuore dei conflitti, scegliamo il dialogo; di fronte alle divisioni, costruiamo la pace\u00bb.<\/em><\/p>\n<\/blockquote>\n\n\n\n<p class=\"wp-block-paragraph\">Vorrei inoltre salutare gli sforzi e la visione del professor e generale Alain Alisa Job Sambokera, la cui leadership ha reso possibile questa iniziativa all\u2019interno dell\u2019UNIM.<\/p>\n\n\n\n<blockquote class=\"wp-block-quote is-layout-flow wp-block-quote-is-layout-flow\">\n<p class=\"wp-block-paragraph\"><em>\u00abLa pace non si decreta. Si costruisce, ascoltando innanzitutto coloro che soffrono\u00bb.<\/em><\/p>\n<\/blockquote>\n\n\n\n<p class=\"wp-block-paragraph\">Invito quindi ricercatori, decisori, diplomatici ed esperti africani a fare propria questa iniziativa, che rappresenter\u00e0 una risposta concreta e adeguata al contesto di ci\u00f2 che si vive nella Repubblica Democratica del Congo.<\/p>\n\n\n\n<p class=\"wp-block-paragraph\"><strong>Foto di Destin Byandike<\/strong><\/p>\n","protected":false},"excerpt":{"rendered":"<p>L\u2019Universit\u00e0 dei Martiri del Congo istituisce il Centro Africano per la Pace, la Mediazione e la Diplomazia (CAPMD-UNIM). Secondo il ricercatore Destin Byandike, specialista in negoziazione internazionale e nuovo corrispondente di spazio + spadoni, la constatazione \u00e8 chiara: dopo decenni di conflitti nell\u2019Est del Paese, mancano meccanismi di prevenzione che nascano dall\u2019interno. Il CAPMD si &#8230; <a title=\"Africa, Repubblica Democratica del Congo | \u00abAl cuore dei conflitti, scegliamo il dialogo\u00bb, l\u2019intervista a Destin Byandike\" class=\"read-more\" href=\"https:\/\/spaziospadoni.org\/it\/africa-repubblica-democratica-del-congo-al-cuore-dei-conflitti-scegliamo-il-dialogo-lintervista-a-destin-byandike\/\" aria-label=\"Per saperne di pi\u00f9 su Africa, Repubblica Democratica del Congo | \u00abAl cuore dei conflitti, scegliamo il dialogo\u00bb, l\u2019intervista a Destin Byandike\">Leggi tutto<\/a><\/p>\n","protected":false},"author":111,"featured_media":90382,"comment_status":"closed","ping_status":"closed","sticky":false,"template":"","format":"standard","meta":{"_sitemap_exclude":false,"_sitemap_priority":"","_sitemap_frequency":"","ss_featured_image_title":"","ss_featured_image_alt":"Universit\u00e0 dei Martiri del Congo nella RdC","ss_featured_image_caption":"L\u2019Universit\u00e0 dei Martiri del Congo istituisce il Centro Africano per la Pace, la Mediazione e la Diplomazia (CAPMD-UNIM).","footnotes":""},"categories":[103],"tags":[462,75,430,305],"class_list":["post-90381","post","type-post","status-publish","format-standard","has-post-thumbnail","hentry","category-dai-sogni-alle-opere","tag-dialogo","tag-pace","tag-repubblica-democratica-del-congo","tag-riconciliazione","infinite-scroll-item","generate-columns","tablet-grid-50","mobile-grid-100","grid-parent","grid-50"],"yoast_head":"<!-- This site is optimized with the Yoast SEO plugin v28.4 - https:\/\/yoast.com\/product\/yoast-seo-wordpress\/ -->\n<title>Africa, Repubblica Democratica del Congo | \u00abAl cuore dei conflitti, scegliamo il dialogo\u00bb, l\u2019intervista a Destin Byandike<\/title>\n<meta name=\"description\" content=\"Scopri l&#039;intervista a Destin Byandike sulla nascita del Centro africano per la pace e la mediazione all&#039;Universit\u00e0 dei Martiri del Congo nella RDC.\" \/>\n<meta name=\"robots\" content=\"index, follow, max-snippet:-1, max-image-preview:large, max-video-preview:-1\" \/>\n<link rel=\"canonical\" href=\"https:\/\/spaziospadoni.org\/it\/africa-repubblica-democratica-del-congo-al-cuore-dei-conflitti-scegliamo-il-dialogo-lintervista-a-destin-byandike\/\" \/>\n<meta property=\"og:locale\" content=\"it_IT\" \/>\n<meta property=\"og:type\" content=\"article\" \/>\n<meta property=\"og:title\" content=\"Africa, Repubblica Democratica del Congo | \u00abAl cuore dei conflitti, scegliamo il dialogo\u00bb, l\u2019intervista a Destin Byandike\" \/>\n<meta property=\"og:description\" content=\"Scopri l&#039;intervista a Destin Byandike sulla nascita del Centro africano per la pace e la mediazione all&#039;Universit\u00e0 dei Martiri del Congo nella RDC.\" \/>\n<meta property=\"og:url\" content=\"https:\/\/spaziospadoni.org\/it\/africa-repubblica-democratica-del-congo-al-cuore-dei-conflitti-scegliamo-il-dialogo-lintervista-a-destin-byandike\/\" \/>\n<meta property=\"og:site_name\" content=\"spazio + spadoni\" \/>\n<meta property=\"article:publisher\" content=\"https:\/\/www.facebook.com\/SpazioSpadoni\/\" \/>\n<meta property=\"article:published_time\" content=\"2026-08-20T06:00:00+00:00\" \/>\n<meta property=\"og:image\" content=\"https:\/\/spaziospadoni.org\/wp-content\/uploads\/2026\/08\/universita-martiri-congo.webp\" \/>\n\t<meta property=\"og:image:width\" content=\"1200\" \/>\n\t<meta property=\"og:image:height\" content=\"800\" \/>\n\t<meta property=\"og:image:type\" content=\"image\/webp\" \/>\n<meta name=\"author\" content=\"Destin Byandike\" \/>\n<meta name=\"twitter:card\" content=\"summary_large_image\" \/>\n<meta name=\"twitter:label1\" content=\"Scritto da\" \/>\n\t<meta name=\"twitter:data1\" content=\"Destin Byandike\" \/>\n\t<meta name=\"twitter:label2\" content=\"Tempo di lettura stimato\" \/>\n\t<meta name=\"twitter:data2\" content=\"3 minuti\" \/>\n<script type=\"application\/ld+json\" class=\"yoast-schema-graph\">{\"@context\":\"https:\\\/\\\/schema.org\",\"@graph\":[{\"@type\":\"Article\",\"@id\":\"https:\\\/\\\/spaziospadoni.org\\\/it\\\/africa-repubblica-democratica-del-congo-al-cuore-dei-conflitti-scegliamo-il-dialogo-lintervista-a-destin-byandike\\\/#article\",\"isPartOf\":{\"@id\":\"https:\\\/\\\/spaziospadoni.org\\\/it\\\/africa-repubblica-democratica-del-congo-al-cuore-dei-conflitti-scegliamo-il-dialogo-lintervista-a-destin-byandike\\\/\"},\"author\":{\"name\":\"Destin Byandike\",\"@id\":\"https:\\\/\\\/spaziospadoni.org\\\/it\\\/#\\\/schema\\\/person\\\/6297cff4ad988760cee72bb3f83e078f\"},\"headline\":\"Africa, Repubblica Democratica del Congo | \u00abAl cuore dei conflitti, scegliamo il dialogo\u00bb, l\u2019intervista a Destin Byandike\",\"datePublished\":\"2026-08-20T06:00:00+00:00\",\"mainEntityOfPage\":{\"@id\":\"https:\\\/\\\/spaziospadoni.org\\\/it\\\/africa-repubblica-democratica-del-congo-al-cuore-dei-conflitti-scegliamo-il-dialogo-lintervista-a-destin-byandike\\\/\"},\"wordCount\":435,\"publisher\":{\"@id\":\"https:\\\/\\\/spaziospadoni.org\\\/it\\\/#organization\"},\"image\":{\"@id\":\"https:\\\/\\\/spaziospadoni.org\\\/it\\\/africa-repubblica-democratica-del-congo-al-cuore-dei-conflitti-scegliamo-il-dialogo-lintervista-a-destin-byandike\\\/#primaryimage\"},\"thumbnailUrl\":\"https:\\\/\\\/spaziospadoni.org\\\/wp-content\\\/uploads\\\/2026\\\/08\\\/universita-martiri-congo.webp\",\"keywords\":[\"dialogo\",\"Pace\",\"Repubblica Democratica del Congo\",\"riconciliazione\"],\"articleSection\":[\"Dai sogni alle opere\"],\"inLanguage\":\"it-IT\"},{\"@type\":\"WebPage\",\"@id\":\"https:\\\/\\\/spaziospadoni.org\\\/it\\\/africa-repubblica-democratica-del-congo-al-cuore-dei-conflitti-scegliamo-il-dialogo-lintervista-a-destin-byandike\\\/\",\"url\":\"https:\\\/\\\/spaziospadoni.org\\\/it\\\/africa-repubblica-democratica-del-congo-al-cuore-dei-conflitti-scegliamo-il-dialogo-lintervista-a-destin-byandike\\\/\",\"name\":\"Africa, Repubblica Democratica del Congo | \u00abAl cuore dei conflitti, scegliamo il dialogo\u00bb, l\u2019intervista a Destin Byandike\",\"isPartOf\":{\"@id\":\"https:\\\/\\\/spaziospadoni.org\\\/it\\\/#website\"},\"primaryImageOfPage\":{\"@id\":\"https:\\\/\\\/spaziospadoni.org\\\/it\\\/africa-repubblica-democratica-del-congo-al-cuore-dei-conflitti-scegliamo-il-dialogo-lintervista-a-destin-byandike\\\/#primaryimage\"},\"image\":{\"@id\":\"https:\\\/\\\/spaziospadoni.org\\\/it\\\/africa-repubblica-democratica-del-congo-al-cuore-dei-conflitti-scegliamo-il-dialogo-lintervista-a-destin-byandike\\\/#primaryimage\"},\"thumbnailUrl\":\"https:\\\/\\\/spaziospadoni.org\\\/wp-content\\\/uploads\\\/2026\\\/08\\\/universita-martiri-congo.webp\",\"datePublished\":\"2026-08-20T06:00:00+00:00\",\"description\":\"Scopri l'intervista a Destin Byandike sulla nascita del Centro africano per la pace e la mediazione all'Universit\u00e0 dei Martiri del Congo nella RDC.\",\"breadcrumb\":{\"@id\":\"https:\\\/\\\/spaziospadoni.org\\\/it\\\/africa-repubblica-democratica-del-congo-al-cuore-dei-conflitti-scegliamo-il-dialogo-lintervista-a-destin-byandike\\\/#breadcrumb\"},\"inLanguage\":\"it-IT\",\"potentialAction\":[{\"@type\":\"ReadAction\",\"target\":[\"https:\\\/\\\/spaziospadoni.org\\\/it\\\/africa-repubblica-democratica-del-congo-al-cuore-dei-conflitti-scegliamo-il-dialogo-lintervista-a-destin-byandike\\\/\"]}]},{\"@type\":\"ImageObject\",\"inLanguage\":\"it-IT\",\"@id\":\"https:\\\/\\\/spaziospadoni.org\\\/it\\\/africa-repubblica-democratica-del-congo-al-cuore-dei-conflitti-scegliamo-il-dialogo-lintervista-a-destin-byandike\\\/#primaryimage\",\"url\":\"https:\\\/\\\/spaziospadoni.org\\\/wp-content\\\/uploads\\\/2026\\\/08\\\/universita-martiri-congo.webp\",\"contentUrl\":\"https:\\\/\\\/spaziospadoni.org\\\/wp-content\\\/uploads\\\/2026\\\/08\\\/universita-martiri-congo.webp\",\"width\":1200,\"height\":800,\"caption\":\"L\u2019Universit\u00e0 dei Martiri del Congo istituisce il Centro Africano per la Pace, la Mediazione e la Diplomazia (CAPMD-UNIM).\"},{\"@type\":\"BreadcrumbList\",\"@id\":\"https:\\\/\\\/spaziospadoni.org\\\/it\\\/africa-repubblica-democratica-del-congo-al-cuore-dei-conflitti-scegliamo-il-dialogo-lintervista-a-destin-byandike\\\/#breadcrumb\",\"itemListElement\":[{\"@type\":\"ListItem\",\"position\":1,\"name\":\"Home\",\"item\":\"https:\\\/\\\/spaziospadoni.org\\\/it\\\/\"},{\"@type\":\"ListItem\",\"position\":2,\"name\":\"Africa, Repubblica Democratica del Congo | \u00abAl cuore dei conflitti, scegliamo il dialogo\u00bb, l\u2019intervista a Destin Byandike\"}]},{\"@type\":\"WebSite\",\"@id\":\"https:\\\/\\\/spaziospadoni.org\\\/it\\\/#website\",\"url\":\"https:\\\/\\\/spaziospadoni.org\\\/it\\\/\",\"name\":\"spazio + spadoni\",\"description\":\"Generazione di misericordia e missione nel mondo\",\"publisher\":{\"@id\":\"https:\\\/\\\/spaziospadoni.org\\\/it\\\/#organization\"},\"alternateName\":\"spaziospadoni.org\",\"potentialAction\":[{\"@type\":\"SearchAction\",\"target\":{\"@type\":\"EntryPoint\",\"urlTemplate\":\"https:\\\/\\\/spaziospadoni.org\\\/it\\\/?s={search_term_string}\"},\"query-input\":{\"@type\":\"PropertyValueSpecification\",\"valueRequired\":true,\"valueName\":\"search_term_string\"}}],\"inLanguage\":\"it-IT\"},{\"@type\":\"Organization\",\"@id\":\"https:\\\/\\\/spaziospadoni.org\\\/it\\\/#organization\",\"name\":\"spazio + spadoni\",\"alternateName\":\"spaziospadoni.org\",\"url\":\"https:\\\/\\\/spaziospadoni.org\\\/it\\\/\",\"logo\":{\"@type\":\"ImageObject\",\"inLanguage\":\"it-IT\",\"@id\":\"https:\\\/\\\/spaziospadoni.org\\\/it\\\/#\\\/schema\\\/logo\\\/image\\\/\",\"url\":\"https:\\\/\\\/spaziospadoni.org\\\/wp-content\\\/uploads\\\/2026\\\/05\\\/spazio-spadoni-logo-100x100-1.webp\",\"contentUrl\":\"https:\\\/\\\/spaziospadoni.org\\\/wp-content\\\/uploads\\\/2026\\\/05\\\/spazio-spadoni-logo-100x100-1.webp\",\"width\":100,\"height\":100,\"caption\":\"spazio + spadoni\"},\"image\":{\"@id\":\"https:\\\/\\\/spaziospadoni.org\\\/it\\\/#\\\/schema\\\/logo\\\/image\\\/\"},\"sameAs\":[\"https:\\\/\\\/www.facebook.com\\\/SpazioSpadoni\\\/\",\"https:\\\/\\\/www.instagram.com\\\/spaziospadoni\\\/\",\"https:\\\/\\\/www.youtube.com\\\/@spaziospadoni\\\/playlists\"]},{\"@type\":\"Person\",\"@id\":\"https:\\\/\\\/spaziospadoni.org\\\/it\\\/#\\\/schema\\\/person\\\/6297cff4ad988760cee72bb3f83e078f\",\"name\":\"Destin Byandike\",\"image\":{\"@type\":\"ImageObject\",\"inLanguage\":\"it-IT\",\"@id\":\"https:\\\/\\\/secure.gravatar.com\\\/avatar\\\/fd5587495a9a6aa30e738c0964461efb38a880d11d17dd49b6ecbb17fb18d017?s=96&d=mm&r=g\",\"url\":\"https:\\\/\\\/secure.gravatar.com\\\/avatar\\\/fd5587495a9a6aa30e738c0964461efb38a880d11d17dd49b6ecbb17fb18d017?s=96&d=mm&r=g\",\"contentUrl\":\"https:\\\/\\\/secure.gravatar.com\\\/avatar\\\/fd5587495a9a6aa30e738c0964461efb38a880d11d17dd49b6ecbb17fb18d017?s=96&d=mm&r=g\",\"caption\":\"Destin Byandike\"},\"description\":\"Cittadino della Repubblica Democratica del Congo. Autore e ricercatore nel campo della pace nella RDC. Specializzato in cooperazione internazionale e negoziazione strategica presso la Scuola Nazionale di Diplomazia, Negoziazione e Mediazione dell\u2019Universit\u00e0 dei Martiri del Congo. Svolge le sue attivit\u00e0 di ricerca presso l\u2019Universit\u00e0 dei Martiri del Congo ed \u00e8 ricercatore associato alla Revue Africaine des Sciences Sociales, con sede in Camerun.\",\"url\":\"https:\\\/\\\/spaziospadoni.org\\\/it\\\/author\\\/ddyandikespspadoni\\\/\"}]}<\/script>\n<!-- \/ Yoast SEO plugin. -->","yoast_head_json":{"title":"Africa, Repubblica Democratica del Congo | \u00abAl cuore dei conflitti, scegliamo il dialogo\u00bb, l\u2019intervista a Destin Byandike","description":"Scopri l'intervista a Destin Byandike sulla nascita del Centro africano per la pace e la mediazione all'Universit\u00e0 dei Martiri del Congo nella RDC.","robots":{"index":"index","follow":"follow","max-snippet":"max-snippet:-1","max-image-preview":"max-image-preview:large","max-video-preview":"max-video-preview:-1"},"canonical":"https:\/\/spaziospadoni.org\/it\/africa-repubblica-democratica-del-congo-al-cuore-dei-conflitti-scegliamo-il-dialogo-lintervista-a-destin-byandike\/","og_locale":"it_IT","og_type":"article","og_title":"Africa, Repubblica Democratica del Congo | \u00abAl cuore dei conflitti, scegliamo il dialogo\u00bb, l\u2019intervista a Destin Byandike","og_description":"Scopri l'intervista a Destin Byandike sulla nascita del Centro africano per la pace e la mediazione all'Universit\u00e0 dei Martiri del Congo nella RDC.","og_url":"https:\/\/spaziospadoni.org\/it\/africa-repubblica-democratica-del-congo-al-cuore-dei-conflitti-scegliamo-il-dialogo-lintervista-a-destin-byandike\/","og_site_name":"spazio + spadoni","article_publisher":"https:\/\/www.facebook.com\/SpazioSpadoni\/","article_published_time":"2026-08-20T06:00:00+00:00","og_image":[{"width":1200,"height":800,"url":"https:\/\/spaziospadoni.org\/wp-content\/uploads\/2026\/08\/universita-martiri-congo.webp","type":"image\/webp"}],"author":"Destin Byandike","twitter_card":"summary_large_image","twitter_misc":{"Scritto da":"Destin Byandike","Tempo di lettura stimato":"3 minuti"},"schema":{"@context":"https:\/\/schema.org","@graph":[{"@type":"Article","@id":"https:\/\/spaziospadoni.org\/it\/africa-repubblica-democratica-del-congo-al-cuore-dei-conflitti-scegliamo-il-dialogo-lintervista-a-destin-byandike\/#article","isPartOf":{"@id":"https:\/\/spaziospadoni.org\/it\/africa-repubblica-democratica-del-congo-al-cuore-dei-conflitti-scegliamo-il-dialogo-lintervista-a-destin-byandike\/"},"author":{"name":"Destin Byandike","@id":"https:\/\/spaziospadoni.org\/it\/#\/schema\/person\/6297cff4ad988760cee72bb3f83e078f"},"headline":"Africa, Repubblica Democratica del Congo | \u00abAl cuore dei conflitti, scegliamo il dialogo\u00bb, l\u2019intervista a Destin Byandike","datePublished":"2026-08-20T06:00:00+00:00","mainEntityOfPage":{"@id":"https:\/\/spaziospadoni.org\/it\/africa-repubblica-democratica-del-congo-al-cuore-dei-conflitti-scegliamo-il-dialogo-lintervista-a-destin-byandike\/"},"wordCount":435,"publisher":{"@id":"https:\/\/spaziospadoni.org\/it\/#organization"},"image":{"@id":"https:\/\/spaziospadoni.org\/it\/africa-repubblica-democratica-del-congo-al-cuore-dei-conflitti-scegliamo-il-dialogo-lintervista-a-destin-byandike\/#primaryimage"},"thumbnailUrl":"https:\/\/spaziospadoni.org\/wp-content\/uploads\/2026\/08\/universita-martiri-congo.webp","keywords":["dialogo","Pace","Repubblica Democratica del Congo","riconciliazione"],"articleSection":["Dai sogni alle opere"],"inLanguage":"it-IT"},{"@type":"WebPage","@id":"https:\/\/spaziospadoni.org\/it\/africa-repubblica-democratica-del-congo-al-cuore-dei-conflitti-scegliamo-il-dialogo-lintervista-a-destin-byandike\/","url":"https:\/\/spaziospadoni.org\/it\/africa-repubblica-democratica-del-congo-al-cuore-dei-conflitti-scegliamo-il-dialogo-lintervista-a-destin-byandike\/","name":"Africa, Repubblica Democratica del Congo | \u00abAl cuore dei conflitti, scegliamo il dialogo\u00bb, l\u2019intervista a Destin Byandike","isPartOf":{"@id":"https:\/\/spaziospadoni.org\/it\/#website"},"primaryImageOfPage":{"@id":"https:\/\/spaziospadoni.org\/it\/africa-repubblica-democratica-del-congo-al-cuore-dei-conflitti-scegliamo-il-dialogo-lintervista-a-destin-byandike\/#primaryimage"},"image":{"@id":"https:\/\/spaziospadoni.org\/it\/africa-repubblica-democratica-del-congo-al-cuore-dei-conflitti-scegliamo-il-dialogo-lintervista-a-destin-byandike\/#primaryimage"},"thumbnailUrl":"https:\/\/spaziospadoni.org\/wp-content\/uploads\/2026\/08\/universita-martiri-congo.webp","datePublished":"2026-08-20T06:00:00+00:00","description":"Scopri l'intervista a Destin Byandike sulla nascita del Centro africano per la pace e la mediazione all'Universit\u00e0 dei Martiri del Congo nella RDC.","breadcrumb":{"@id":"https:\/\/spaziospadoni.org\/it\/africa-repubblica-democratica-del-congo-al-cuore-dei-conflitti-scegliamo-il-dialogo-lintervista-a-destin-byandike\/#breadcrumb"},"inLanguage":"it-IT","potentialAction":[{"@type":"ReadAction","target":["https:\/\/spaziospadoni.org\/it\/africa-repubblica-democratica-del-congo-al-cuore-dei-conflitti-scegliamo-il-dialogo-lintervista-a-destin-byandike\/"]}]},{"@type":"ImageObject","inLanguage":"it-IT","@id":"https:\/\/spaziospadoni.org\/it\/africa-repubblica-democratica-del-congo-al-cuore-dei-conflitti-scegliamo-il-dialogo-lintervista-a-destin-byandike\/#primaryimage","url":"https:\/\/spaziospadoni.org\/wp-content\/uploads\/2026\/08\/universita-martiri-congo.webp","contentUrl":"https:\/\/spaziospadoni.org\/wp-content\/uploads\/2026\/08\/universita-martiri-congo.webp","width":1200,"height":800,"caption":"L\u2019Universit\u00e0 dei Martiri del Congo istituisce il Centro Africano per la Pace, la Mediazione e la Diplomazia (CAPMD-UNIM)."},{"@type":"BreadcrumbList","@id":"https:\/\/spaziospadoni.org\/it\/africa-repubblica-democratica-del-congo-al-cuore-dei-conflitti-scegliamo-il-dialogo-lintervista-a-destin-byandike\/#breadcrumb","itemListElement":[{"@type":"ListItem","position":1,"name":"Home","item":"https:\/\/spaziospadoni.org\/it\/"},{"@type":"ListItem","position":2,"name":"Africa, Repubblica Democratica del Congo | \u00abAl cuore dei conflitti, scegliamo il dialogo\u00bb, l\u2019intervista a Destin Byandike"}]},{"@type":"WebSite","@id":"https:\/\/spaziospadoni.org\/it\/#website","url":"https:\/\/spaziospadoni.org\/it\/","name":"spazio + spadoni","description":"Generazione di misericordia e missione nel mondo","publisher":{"@id":"https:\/\/spaziospadoni.org\/it\/#organization"},"alternateName":"spaziospadoni.org","potentialAction":[{"@type":"SearchAction","target":{"@type":"EntryPoint","urlTemplate":"https:\/\/spaziospadoni.org\/it\/?s={search_term_string}"},"query-input":{"@type":"PropertyValueSpecification","valueRequired":true,"valueName":"search_term_string"}}],"inLanguage":"it-IT"},{"@type":"Organization","@id":"https:\/\/spaziospadoni.org\/it\/#organization","name":"spazio + spadoni","alternateName":"spaziospadoni.org","url":"https:\/\/spaziospadoni.org\/it\/","logo":{"@type":"ImageObject","inLanguage":"it-IT","@id":"https:\/\/spaziospadoni.org\/it\/#\/schema\/logo\/image\/","url":"https:\/\/spaziospadoni.org\/wp-content\/uploads\/2026\/05\/spazio-spadoni-logo-100x100-1.webp","contentUrl":"https:\/\/spaziospadoni.org\/wp-content\/uploads\/2026\/05\/spazio-spadoni-logo-100x100-1.webp","width":100,"height":100,"caption":"spazio + spadoni"},"image":{"@id":"https:\/\/spaziospadoni.org\/it\/#\/schema\/logo\/image\/"},"sameAs":["https:\/\/www.facebook.com\/SpazioSpadoni\/","https:\/\/www.instagram.com\/spaziospadoni\/","https:\/\/www.youtube.com\/@spaziospadoni\/playlists"]},{"@type":"Person","@id":"https:\/\/spaziospadoni.org\/it\/#\/schema\/person\/6297cff4ad988760cee72bb3f83e078f","name":"Destin Byandike","image":{"@type":"ImageObject","inLanguage":"it-IT","@id":"https:\/\/secure.gravatar.com\/avatar\/fd5587495a9a6aa30e738c0964461efb38a880d11d17dd49b6ecbb17fb18d017?s=96&d=mm&r=g","url":"https:\/\/secure.gravatar.com\/avatar\/fd5587495a9a6aa30e738c0964461efb38a880d11d17dd49b6ecbb17fb18d017?s=96&d=mm&r=g","contentUrl":"https:\/\/secure.gravatar.com\/avatar\/fd5587495a9a6aa30e738c0964461efb38a880d11d17dd49b6ecbb17fb18d017?s=96&d=mm&r=g","caption":"Destin Byandike"},"description":"Cittadino della Repubblica Democratica del Congo. Autore e ricercatore nel campo della pace nella RDC. Specializzato in cooperazione internazionale e negoziazione strategica presso la Scuola Nazionale di Diplomazia, Negoziazione e Mediazione dell\u2019Universit\u00e0 dei Martiri del Congo. Svolge le sue attivit\u00e0 di ricerca presso l\u2019Universit\u00e0 dei Martiri del Congo ed \u00e8 ricercatore associato alla Revue Africaine des Sciences Sociales, con sede in Camerun.","url":"https:\/\/spaziospadoni.org\/it\/author\/ddyandikespspadoni\/"}]}},"_links":{"self":[{"href":"https:\/\/spaziospadoni.org\/it\/wp-json\/wp\/v2\/posts\/90381","targetHints":{"allow":["GET"]}}],"collection":[{"href":"https:\/\/spaziospadoni.org\/it\/wp-json\/wp\/v2\/posts"}],"about":[{"href":"https:\/\/spaziospadoni.org\/it\/wp-json\/wp\/v2\/types\/post"}],"author":[{"embeddable":true,"href":"https:\/\/spaziospadoni.org\/it\/wp-json\/wp\/v2\/users\/111"}],"replies":[{"embeddable":true,"href":"https:\/\/spaziospadoni.org\/it\/wp-json\/wp\/v2\/comments?post=90381"}],"version-history":[{"count":3,"href":"https:\/\/spaziospadoni.org\/it\/wp-json\/wp\/v2\/posts\/90381\/revisions"}],"predecessor-version":[{"id":90395,"href":"https:\/\/spaziospadoni.org\/it\/wp-json\/wp\/v2\/posts\/90381\/revisions\/90395"}],"wp:featuredmedia":[{"embeddable":true,"href":"https:\/\/spaziospadoni.org\/it\/wp-json\/wp\/v2\/media\/90382"}],"wp:attachment":[{"href":"https:\/\/spaziospadoni.org\/it\/wp-json\/wp\/v2\/media?parent=90381"}],"wp:term":[{"taxonomy":"category","embeddable":true,"href":"https:\/\/spaziospadoni.org\/it\/wp-json\/wp\/v2\/categories?post=90381"},{"taxonomy":"post_tag","embeddable":true,"href":"https:\/\/spaziospadoni.org\/it\/wp-json\/wp\/v2\/tags?post=90381"}],"curies":[{"name":"wp","href":"https:\/\/api.w.org\/{rel}","templated":true}]}}