{"id":91259,"date":"2026-08-20T17:30:00","date_gmt":"2026-08-20T16:30:00","guid":{"rendered":"https:\/\/spaziospadoni.org\/?p=91259"},"modified":"2026-08-20T14:11:42","modified_gmt":"2026-08-20T13:11:42","slug":"la-parabola-del-banchetto-di-nozze-linvito-di-dio-e-la-nostra-risposta","status":"publish","type":"post","link":"https:\/\/spaziospadoni.org\/it\/la-parabola-del-banchetto-di-nozze-linvito-di-dio-e-la-nostra-risposta\/","title":{"rendered":"La parabola del banchetto di nozze: l&#8217;invito di Dio e la nostra risposta"},"content":{"rendered":"\n<p class=\"wp-block-paragraph\">Nel vangelo di oggi, 20 agosto 2026, Ges\u00f9 presenta una parabola, i cui destinatari sono i sacerdoti e gli anziani del popolo.<\/p>\n\n\n\n<p class=\"wp-block-paragraph\">Ges\u00f9 paragona il Regno dei cieli a un re che celebra il matrimonio di suo figlio. Questo re manda i suoi servi per invitare gli ospiti al matrimonio, ma questi ospiti non vogliono andare. Il re manda quindi altri servi per invitare le persone, ma con scuse e giustificazioni, il risultato non cambia: nessuno vuole partecipare.<\/p>\n\n\n\n<p class=\"wp-block-paragraph\">Quante scuse e giustificazioni mettiamo a volte in atto per non lavorare per il Regno di Dio e per non prendere sul serio i nostri impegni battesimali!<\/p>\n\n\n\n<h2 id=\"linvito-universale-e-il-rifiuto-degli-invitati\" class=\"wp-block-heading\">L&#8217;invito universale e il rifiuto degli invitati<\/h2>\n\n\n\n<p class=\"wp-block-paragraph\">Finalmente, il re manda i suoi servi per andare e invitare tutti, buoni e cattivi, perch\u00e9 il banchetto \u00e8 preparato. E cos\u00ec la stanza inizia a riempirsi di persone, buone e cattive.<\/p>\n\n\n\n<p class=\"wp-block-paragraph\">L&#8217;invito \u00e8 sempre l&#8217;iniziativa di Dio: Egli vuole che nel Suo Regno nessuno rimanga indietro, perch\u00e9 la salvezza \u00e8 per tutti (e questo \u00e8 stato ripetuto da Papa Francesco a Lisbona ad agosto 2023).<\/p>\n\n\n\n<h2 id=\"la-scelta-personale-e-labito-della-festa\" class=\"wp-block-heading\">La scelta personale e l&#8217;abito della festa<\/h2>\n\n\n\n<p class=\"wp-block-paragraph\">Tuttavia, la decisione \u00e8 personale: gli ospiti, in realt\u00e0, hanno deciso liberamente e volontariamente di non partecipare a questo gioioso banchetto.<\/p>\n\n\n\n<p class=\"wp-block-paragraph\">E tu, caro fratello, carissima sorella, cosa decidi? Vuoi partecipare a questo banchetto? <\/p>\n\n\n\n<p class=\"wp-block-paragraph\">Vuoi indossare l\u2019abito della festa, indispensabile per partecipare a questo banchetto, rappresentato dalla tua sincera conversione, dalle tue buone opere e dalla tua esperienza vissuta delle Beatitudini?<\/p>\n\n\n\n<p class=\"wp-block-paragraph\"><strong>Immagine creata digitalmente da spazio + spadoni<\/strong><\/p>\n\n\n\n<p class=\"wp-block-paragraph\"><\/p>\n","protected":false},"excerpt":{"rendered":"<p>Nel vangelo di oggi, 20 agosto 2026, Ges\u00f9 presenta una parabola, i cui destinatari sono i sacerdoti e gli anziani del popolo. Ges\u00f9 paragona il Regno dei cieli a un re che celebra il matrimonio di suo figlio. Questo re manda i suoi servi per invitare gli ospiti al matrimonio, ma questi ospiti non vogliono &#8230; <a title=\"La parabola del banchetto di nozze: l&#8217;invito di Dio e la nostra risposta\" class=\"read-more\" href=\"https:\/\/spaziospadoni.org\/it\/la-parabola-del-banchetto-di-nozze-linvito-di-dio-e-la-nostra-risposta\/\" aria-label=\"Per saperne di pi\u00f9 su La parabola del banchetto di nozze: l&#8217;invito di Dio e la nostra risposta\">Leggi tutto<\/a><\/p>\n","protected":false},"author":17,"featured_media":91260,"comment_status":"closed","ping_status":"closed","sticky":false,"template":"","format":"standard","meta":{"_sitemap_exclude":false,"_sitemap_priority":"","_sitemap_frequency":"","ss_featured_image_title":"","ss_featured_image_alt":"L'invito al banchetto di Ges\u00f9","ss_featured_image_caption":"Il commento del missionario comboniano padre Alessio Geraci al vangelo dell'invito al banchetto","footnotes":""},"categories":[112],"tags":[134,526,431,39],"class_list":["post-91259","post","type-post","status-publish","format-standard","has-post-thumbnail","hentry","category-spiritualita-cattolica","tag-conversione","tag-opera-spirituale","tag-scelta","tag-vangelo","infinite-scroll-item","generate-columns","tablet-grid-50","mobile-grid-100","grid-parent","grid-50"],"yoast_head":"<!-- This site is optimized with the Yoast SEO plugin v28.4 - https:\/\/yoast.com\/product\/yoast-seo-wordpress\/ -->\n<title>La parabola del banchetto di nozze e l&#039;invito di Dio<\/title>\n<meta name=\"description\" content=\"Riflessione sul vangelo del 20 agosto 2026: la parabola del banchetto di nozze, l&#039;invito universale di Dio e la scelta personale di partecipare.\" \/>\n<meta name=\"robots\" content=\"index, follow, max-snippet:-1, max-image-preview:large, max-video-preview:-1\" \/>\n<link rel=\"canonical\" href=\"https:\/\/spaziospadoni.org\/it\/la-parabola-del-banchetto-di-nozze-linvito-di-dio-e-la-nostra-risposta\/\" \/>\n<meta property=\"og:locale\" content=\"it_IT\" \/>\n<meta property=\"og:type\" content=\"article\" \/>\n<meta property=\"og:title\" content=\"La parabola del banchetto di nozze e l&#039;invito di Dio\" \/>\n<meta property=\"og:description\" content=\"Riflessione sul vangelo del 20 agosto 2026: la parabola del banchetto di nozze, l&#039;invito universale di Dio e la scelta personale di partecipare.\" \/>\n<meta property=\"og:url\" content=\"https:\/\/spaziospadoni.org\/it\/la-parabola-del-banchetto-di-nozze-linvito-di-dio-e-la-nostra-risposta\/\" \/>\n<meta property=\"og:site_name\" content=\"spazio + spadoni\" \/>\n<meta property=\"article:publisher\" content=\"https:\/\/www.facebook.com\/SpazioSpadoni\/\" \/>\n<meta property=\"article:published_time\" content=\"2026-08-20T16:30:00+00:00\" \/>\n<meta property=\"og:image\" content=\"https:\/\/spaziospadoni.org\/wp-content\/uploads\/2026\/08\/invitati-banchetto-gesu.webp\" \/>\n\t<meta property=\"og:image:width\" content=\"1192\" \/>\n\t<meta property=\"og:image:height\" content=\"800\" \/>\n\t<meta property=\"og:image:type\" content=\"image\/webp\" \/>\n<meta name=\"author\" content=\"Padre Alessio Geraci\" \/>\n<meta name=\"twitter:card\" content=\"summary_large_image\" \/>\n<meta name=\"twitter:label1\" content=\"Scritto da\" \/>\n\t<meta name=\"twitter:data1\" content=\"Padre Alessio Geraci\" \/>\n\t<meta name=\"twitter:label2\" content=\"Tempo di lettura stimato\" \/>\n\t<meta name=\"twitter:data2\" content=\"2 minuti\" \/>\n<script type=\"application\/ld+json\" class=\"yoast-schema-graph\">{\"@context\":\"https:\\\/\\\/schema.org\",\"@graph\":[{\"@type\":\"Article\",\"@id\":\"https:\\\/\\\/spaziospadoni.org\\\/it\\\/la-parabola-del-banchetto-di-nozze-linvito-di-dio-e-la-nostra-risposta\\\/#article\",\"isPartOf\":{\"@id\":\"https:\\\/\\\/spaziospadoni.org\\\/it\\\/la-parabola-del-banchetto-di-nozze-linvito-di-dio-e-la-nostra-risposta\\\/\"},\"author\":{\"name\":\"Padre Alessio Geraci\",\"@id\":\"https:\\\/\\\/spaziospadoni.org\\\/it\\\/#\\\/schema\\\/person\\\/d3c66a7bc7dc4e0150284c92e9cbc5df\"},\"headline\":\"La parabola del banchetto di nozze: l&#8217;invito di Dio e la nostra risposta\",\"datePublished\":\"2026-08-20T16:30:00+00:00\",\"mainEntityOfPage\":{\"@id\":\"https:\\\/\\\/spaziospadoni.org\\\/it\\\/la-parabola-del-banchetto-di-nozze-linvito-di-dio-e-la-nostra-risposta\\\/\"},\"wordCount\":263,\"publisher\":{\"@id\":\"https:\\\/\\\/spaziospadoni.org\\\/it\\\/#organization\"},\"image\":{\"@id\":\"https:\\\/\\\/spaziospadoni.org\\\/it\\\/la-parabola-del-banchetto-di-nozze-linvito-di-dio-e-la-nostra-risposta\\\/#primaryimage\"},\"thumbnailUrl\":\"https:\\\/\\\/spaziospadoni.org\\\/wp-content\\\/uploads\\\/2026\\\/08\\\/invitati-banchetto-gesu.webp\",\"keywords\":[\"conversione\",\"opera spirituale\",\"scelta\",\"Vangelo\"],\"articleSection\":[\"Spiritualit\u00e0\"],\"inLanguage\":\"it-IT\"},{\"@type\":\"WebPage\",\"@id\":\"https:\\\/\\\/spaziospadoni.org\\\/it\\\/la-parabola-del-banchetto-di-nozze-linvito-di-dio-e-la-nostra-risposta\\\/\",\"url\":\"https:\\\/\\\/spaziospadoni.org\\\/it\\\/la-parabola-del-banchetto-di-nozze-linvito-di-dio-e-la-nostra-risposta\\\/\",\"name\":\"La parabola del banchetto di nozze e l'invito di Dio\",\"isPartOf\":{\"@id\":\"https:\\\/\\\/spaziospadoni.org\\\/it\\\/#website\"},\"primaryImageOfPage\":{\"@id\":\"https:\\\/\\\/spaziospadoni.org\\\/it\\\/la-parabola-del-banchetto-di-nozze-linvito-di-dio-e-la-nostra-risposta\\\/#primaryimage\"},\"image\":{\"@id\":\"https:\\\/\\\/spaziospadoni.org\\\/it\\\/la-parabola-del-banchetto-di-nozze-linvito-di-dio-e-la-nostra-risposta\\\/#primaryimage\"},\"thumbnailUrl\":\"https:\\\/\\\/spaziospadoni.org\\\/wp-content\\\/uploads\\\/2026\\\/08\\\/invitati-banchetto-gesu.webp\",\"datePublished\":\"2026-08-20T16:30:00+00:00\",\"description\":\"Riflessione sul vangelo del 20 agosto 2026: la parabola del banchetto di nozze, l'invito universale di Dio e la scelta personale di partecipare.\",\"breadcrumb\":{\"@id\":\"https:\\\/\\\/spaziospadoni.org\\\/it\\\/la-parabola-del-banchetto-di-nozze-linvito-di-dio-e-la-nostra-risposta\\\/#breadcrumb\"},\"inLanguage\":\"it-IT\",\"potentialAction\":[{\"@type\":\"ReadAction\",\"target\":[\"https:\\\/\\\/spaziospadoni.org\\\/it\\\/la-parabola-del-banchetto-di-nozze-linvito-di-dio-e-la-nostra-risposta\\\/\"]}]},{\"@type\":\"ImageObject\",\"inLanguage\":\"it-IT\",\"@id\":\"https:\\\/\\\/spaziospadoni.org\\\/it\\\/la-parabola-del-banchetto-di-nozze-linvito-di-dio-e-la-nostra-risposta\\\/#primaryimage\",\"url\":\"https:\\\/\\\/spaziospadoni.org\\\/wp-content\\\/uploads\\\/2026\\\/08\\\/invitati-banchetto-gesu.webp\",\"contentUrl\":\"https:\\\/\\\/spaziospadoni.org\\\/wp-content\\\/uploads\\\/2026\\\/08\\\/invitati-banchetto-gesu.webp\",\"width\":1192,\"height\":800,\"caption\":\"Il commento del missionario comboniano padre Alessio Geraci al vangelo dell'invito al banchetto\"},{\"@type\":\"BreadcrumbList\",\"@id\":\"https:\\\/\\\/spaziospadoni.org\\\/it\\\/la-parabola-del-banchetto-di-nozze-linvito-di-dio-e-la-nostra-risposta\\\/#breadcrumb\",\"itemListElement\":[{\"@type\":\"ListItem\",\"position\":1,\"name\":\"Home\",\"item\":\"https:\\\/\\\/spaziospadoni.org\\\/it\\\/\"},{\"@type\":\"ListItem\",\"position\":2,\"name\":\"La parabola del banchetto di nozze: l&#8217;invito di Dio e la nostra risposta\"}]},{\"@type\":\"WebSite\",\"@id\":\"https:\\\/\\\/spaziospadoni.org\\\/it\\\/#website\",\"url\":\"https:\\\/\\\/spaziospadoni.org\\\/it\\\/\",\"name\":\"spazio + spadoni\",\"description\":\"Generazione di misericordia e missione nel mondo\",\"publisher\":{\"@id\":\"https:\\\/\\\/spaziospadoni.org\\\/it\\\/#organization\"},\"alternateName\":\"spaziospadoni.org\",\"potentialAction\":[{\"@type\":\"SearchAction\",\"target\":{\"@type\":\"EntryPoint\",\"urlTemplate\":\"https:\\\/\\\/spaziospadoni.org\\\/it\\\/?s={search_term_string}\"},\"query-input\":{\"@type\":\"PropertyValueSpecification\",\"valueRequired\":true,\"valueName\":\"search_term_string\"}}],\"inLanguage\":\"it-IT\"},{\"@type\":\"Organization\",\"@id\":\"https:\\\/\\\/spaziospadoni.org\\\/it\\\/#organization\",\"name\":\"spazio + spadoni\",\"alternateName\":\"spaziospadoni.org\",\"url\":\"https:\\\/\\\/spaziospadoni.org\\\/it\\\/\",\"logo\":{\"@type\":\"ImageObject\",\"inLanguage\":\"it-IT\",\"@id\":\"https:\\\/\\\/spaziospadoni.org\\\/it\\\/#\\\/schema\\\/logo\\\/image\\\/\",\"url\":\"https:\\\/\\\/spaziospadoni.org\\\/wp-content\\\/uploads\\\/2026\\\/05\\\/spazio-spadoni-logo-100x100-1.webp\",\"contentUrl\":\"https:\\\/\\\/spaziospadoni.org\\\/wp-content\\\/uploads\\\/2026\\\/05\\\/spazio-spadoni-logo-100x100-1.webp\",\"width\":100,\"height\":100,\"caption\":\"spazio + spadoni\"},\"image\":{\"@id\":\"https:\\\/\\\/spaziospadoni.org\\\/it\\\/#\\\/schema\\\/logo\\\/image\\\/\"},\"sameAs\":[\"https:\\\/\\\/www.facebook.com\\\/SpazioSpadoni\\\/\",\"https:\\\/\\\/www.instagram.com\\\/spaziospadoni\\\/\",\"https:\\\/\\\/www.youtube.com\\\/@spaziospadoni\\\/playlists\"]},{\"@type\":\"Person\",\"@id\":\"https:\\\/\\\/spaziospadoni.org\\\/it\\\/#\\\/schema\\\/person\\\/d3c66a7bc7dc4e0150284c92e9cbc5df\",\"name\":\"Padre Alessio Geraci\",\"image\":{\"@type\":\"ImageObject\",\"inLanguage\":\"it-IT\",\"@id\":\"https:\\\/\\\/secure.gravatar.com\\\/avatar\\\/0c9c9df8c754b964a67f8a08d45b6f0557f16bca4c45a30e2d597191e75bcd69?s=96&d=mm&r=g\",\"url\":\"https:\\\/\\\/secure.gravatar.com\\\/avatar\\\/0c9c9df8c754b964a67f8a08d45b6f0557f16bca4c45a30e2d597191e75bcd69?s=96&d=mm&r=g\",\"contentUrl\":\"https:\\\/\\\/secure.gravatar.com\\\/avatar\\\/0c9c9df8c754b964a67f8a08d45b6f0557f16bca4c45a30e2d597191e75bcd69?s=96&d=mm&r=g\",\"caption\":\"Padre Alessio Geraci\"},\"description\":\"Padre Alessio Geraci nasce a Palermo l\u201911 giugno 1983, figlio unico di Gabriella e Vincenzo. Studia lingue straniere al liceo e le approfondisce all\u2019Universit\u00e0 con il desiderio di partire in missione. Dopo alcuni anni come missionario laico, specialmente in Argentina, entra nei Missionari Comboniani. \u00c8 stato in missione in Per\u00f9 dal 2014 al 2019, e in Italia dal 2019 al 2024, impegnato nel servizio tra e con i giovani. Dall\u2019ottobre del 2024 \u00e8 tornato in Per\u00f9, nella periferia sud di Lima, dove attualmente \u00e8 parroco della Parrocchia \u201cCristo Misionero del Padre\u201d, a Chorrillos.\",\"url\":\"https:\\\/\\\/spaziospadoni.org\\\/it\\\/author\\\/geraci_mission\\\/\"}]}<\/script>\n<!-- \/ Yoast SEO plugin. -->","yoast_head_json":{"title":"La parabola del banchetto di nozze e l'invito di Dio","description":"Riflessione sul vangelo del 20 agosto 2026: la parabola del banchetto di nozze, l'invito universale di Dio e la scelta personale di partecipare.","robots":{"index":"index","follow":"follow","max-snippet":"max-snippet:-1","max-image-preview":"max-image-preview:large","max-video-preview":"max-video-preview:-1"},"canonical":"https:\/\/spaziospadoni.org\/it\/la-parabola-del-banchetto-di-nozze-linvito-di-dio-e-la-nostra-risposta\/","og_locale":"it_IT","og_type":"article","og_title":"La parabola del banchetto di nozze e l'invito di Dio","og_description":"Riflessione sul vangelo del 20 agosto 2026: la parabola del banchetto di nozze, l'invito universale di Dio e la scelta personale di partecipare.","og_url":"https:\/\/spaziospadoni.org\/it\/la-parabola-del-banchetto-di-nozze-linvito-di-dio-e-la-nostra-risposta\/","og_site_name":"spazio + spadoni","article_publisher":"https:\/\/www.facebook.com\/SpazioSpadoni\/","article_published_time":"2026-08-20T16:30:00+00:00","og_image":[{"width":1192,"height":800,"url":"https:\/\/spaziospadoni.org\/wp-content\/uploads\/2026\/08\/invitati-banchetto-gesu.webp","type":"image\/webp"}],"author":"Padre Alessio Geraci","twitter_card":"summary_large_image","twitter_misc":{"Scritto da":"Padre Alessio Geraci","Tempo di lettura stimato":"2 minuti"},"schema":{"@context":"https:\/\/schema.org","@graph":[{"@type":"Article","@id":"https:\/\/spaziospadoni.org\/it\/la-parabola-del-banchetto-di-nozze-linvito-di-dio-e-la-nostra-risposta\/#article","isPartOf":{"@id":"https:\/\/spaziospadoni.org\/it\/la-parabola-del-banchetto-di-nozze-linvito-di-dio-e-la-nostra-risposta\/"},"author":{"name":"Padre Alessio Geraci","@id":"https:\/\/spaziospadoni.org\/it\/#\/schema\/person\/d3c66a7bc7dc4e0150284c92e9cbc5df"},"headline":"La parabola del banchetto di nozze: l&#8217;invito di Dio e la nostra risposta","datePublished":"2026-08-20T16:30:00+00:00","mainEntityOfPage":{"@id":"https:\/\/spaziospadoni.org\/it\/la-parabola-del-banchetto-di-nozze-linvito-di-dio-e-la-nostra-risposta\/"},"wordCount":263,"publisher":{"@id":"https:\/\/spaziospadoni.org\/it\/#organization"},"image":{"@id":"https:\/\/spaziospadoni.org\/it\/la-parabola-del-banchetto-di-nozze-linvito-di-dio-e-la-nostra-risposta\/#primaryimage"},"thumbnailUrl":"https:\/\/spaziospadoni.org\/wp-content\/uploads\/2026\/08\/invitati-banchetto-gesu.webp","keywords":["conversione","opera spirituale","scelta","Vangelo"],"articleSection":["Spiritualit\u00e0"],"inLanguage":"it-IT"},{"@type":"WebPage","@id":"https:\/\/spaziospadoni.org\/it\/la-parabola-del-banchetto-di-nozze-linvito-di-dio-e-la-nostra-risposta\/","url":"https:\/\/spaziospadoni.org\/it\/la-parabola-del-banchetto-di-nozze-linvito-di-dio-e-la-nostra-risposta\/","name":"La parabola del banchetto di nozze e l'invito di Dio","isPartOf":{"@id":"https:\/\/spaziospadoni.org\/it\/#website"},"primaryImageOfPage":{"@id":"https:\/\/spaziospadoni.org\/it\/la-parabola-del-banchetto-di-nozze-linvito-di-dio-e-la-nostra-risposta\/#primaryimage"},"image":{"@id":"https:\/\/spaziospadoni.org\/it\/la-parabola-del-banchetto-di-nozze-linvito-di-dio-e-la-nostra-risposta\/#primaryimage"},"thumbnailUrl":"https:\/\/spaziospadoni.org\/wp-content\/uploads\/2026\/08\/invitati-banchetto-gesu.webp","datePublished":"2026-08-20T16:30:00+00:00","description":"Riflessione sul vangelo del 20 agosto 2026: la parabola del banchetto di nozze, l'invito universale di Dio e la scelta personale di partecipare.","breadcrumb":{"@id":"https:\/\/spaziospadoni.org\/it\/la-parabola-del-banchetto-di-nozze-linvito-di-dio-e-la-nostra-risposta\/#breadcrumb"},"inLanguage":"it-IT","potentialAction":[{"@type":"ReadAction","target":["https:\/\/spaziospadoni.org\/it\/la-parabola-del-banchetto-di-nozze-linvito-di-dio-e-la-nostra-risposta\/"]}]},{"@type":"ImageObject","inLanguage":"it-IT","@id":"https:\/\/spaziospadoni.org\/it\/la-parabola-del-banchetto-di-nozze-linvito-di-dio-e-la-nostra-risposta\/#primaryimage","url":"https:\/\/spaziospadoni.org\/wp-content\/uploads\/2026\/08\/invitati-banchetto-gesu.webp","contentUrl":"https:\/\/spaziospadoni.org\/wp-content\/uploads\/2026\/08\/invitati-banchetto-gesu.webp","width":1192,"height":800,"caption":"Il commento del missionario comboniano padre Alessio Geraci al vangelo dell'invito al banchetto"},{"@type":"BreadcrumbList","@id":"https:\/\/spaziospadoni.org\/it\/la-parabola-del-banchetto-di-nozze-linvito-di-dio-e-la-nostra-risposta\/#breadcrumb","itemListElement":[{"@type":"ListItem","position":1,"name":"Home","item":"https:\/\/spaziospadoni.org\/it\/"},{"@type":"ListItem","position":2,"name":"La parabola del banchetto di nozze: l&#8217;invito di Dio e la nostra risposta"}]},{"@type":"WebSite","@id":"https:\/\/spaziospadoni.org\/it\/#website","url":"https:\/\/spaziospadoni.org\/it\/","name":"spazio + spadoni","description":"Generazione di misericordia e missione nel mondo","publisher":{"@id":"https:\/\/spaziospadoni.org\/it\/#organization"},"alternateName":"spaziospadoni.org","potentialAction":[{"@type":"SearchAction","target":{"@type":"EntryPoint","urlTemplate":"https:\/\/spaziospadoni.org\/it\/?s={search_term_string}"},"query-input":{"@type":"PropertyValueSpecification","valueRequired":true,"valueName":"search_term_string"}}],"inLanguage":"it-IT"},{"@type":"Organization","@id":"https:\/\/spaziospadoni.org\/it\/#organization","name":"spazio + spadoni","alternateName":"spaziospadoni.org","url":"https:\/\/spaziospadoni.org\/it\/","logo":{"@type":"ImageObject","inLanguage":"it-IT","@id":"https:\/\/spaziospadoni.org\/it\/#\/schema\/logo\/image\/","url":"https:\/\/spaziospadoni.org\/wp-content\/uploads\/2026\/05\/spazio-spadoni-logo-100x100-1.webp","contentUrl":"https:\/\/spaziospadoni.org\/wp-content\/uploads\/2026\/05\/spazio-spadoni-logo-100x100-1.webp","width":100,"height":100,"caption":"spazio + spadoni"},"image":{"@id":"https:\/\/spaziospadoni.org\/it\/#\/schema\/logo\/image\/"},"sameAs":["https:\/\/www.facebook.com\/SpazioSpadoni\/","https:\/\/www.instagram.com\/spaziospadoni\/","https:\/\/www.youtube.com\/@spaziospadoni\/playlists"]},{"@type":"Person","@id":"https:\/\/spaziospadoni.org\/it\/#\/schema\/person\/d3c66a7bc7dc4e0150284c92e9cbc5df","name":"Padre Alessio Geraci","image":{"@type":"ImageObject","inLanguage":"it-IT","@id":"https:\/\/secure.gravatar.com\/avatar\/0c9c9df8c754b964a67f8a08d45b6f0557f16bca4c45a30e2d597191e75bcd69?s=96&d=mm&r=g","url":"https:\/\/secure.gravatar.com\/avatar\/0c9c9df8c754b964a67f8a08d45b6f0557f16bca4c45a30e2d597191e75bcd69?s=96&d=mm&r=g","contentUrl":"https:\/\/secure.gravatar.com\/avatar\/0c9c9df8c754b964a67f8a08d45b6f0557f16bca4c45a30e2d597191e75bcd69?s=96&d=mm&r=g","caption":"Padre Alessio Geraci"},"description":"Padre Alessio Geraci nasce a Palermo l\u201911 giugno 1983, figlio unico di Gabriella e Vincenzo. Studia lingue straniere al liceo e le approfondisce all\u2019Universit\u00e0 con il desiderio di partire in missione. Dopo alcuni anni come missionario laico, specialmente in Argentina, entra nei Missionari Comboniani. \u00c8 stato in missione in Per\u00f9 dal 2014 al 2019, e in Italia dal 2019 al 2024, impegnato nel servizio tra e con i giovani. Dall\u2019ottobre del 2024 \u00e8 tornato in Per\u00f9, nella periferia sud di Lima, dove attualmente \u00e8 parroco della Parrocchia \u201cCristo Misionero del Padre\u201d, a Chorrillos.","url":"https:\/\/spaziospadoni.org\/it\/author\/geraci_mission\/"}]}},"_links":{"self":[{"href":"https:\/\/spaziospadoni.org\/it\/wp-json\/wp\/v2\/posts\/91259","targetHints":{"allow":["GET"]}}],"collection":[{"href":"https:\/\/spaziospadoni.org\/it\/wp-json\/wp\/v2\/posts"}],"about":[{"href":"https:\/\/spaziospadoni.org\/it\/wp-json\/wp\/v2\/types\/post"}],"author":[{"embeddable":true,"href":"https:\/\/spaziospadoni.org\/it\/wp-json\/wp\/v2\/users\/17"}],"replies":[{"embeddable":true,"href":"https:\/\/spaziospadoni.org\/it\/wp-json\/wp\/v2\/comments?post=91259"}],"version-history":[{"count":1,"href":"https:\/\/spaziospadoni.org\/it\/wp-json\/wp\/v2\/posts\/91259\/revisions"}],"predecessor-version":[{"id":91261,"href":"https:\/\/spaziospadoni.org\/it\/wp-json\/wp\/v2\/posts\/91259\/revisions\/91261"}],"wp:featuredmedia":[{"embeddable":true,"href":"https:\/\/spaziospadoni.org\/it\/wp-json\/wp\/v2\/media\/91260"}],"wp:attachment":[{"href":"https:\/\/spaziospadoni.org\/it\/wp-json\/wp\/v2\/media?parent=91259"}],"wp:term":[{"taxonomy":"category","embeddable":true,"href":"https:\/\/spaziospadoni.org\/it\/wp-json\/wp\/v2\/categories?post=91259"},{"taxonomy":"post_tag","embeddable":true,"href":"https:\/\/spaziospadoni.org\/it\/wp-json\/wp\/v2\/tags?post=91259"}],"curies":[{"name":"wp","href":"https:\/\/api.w.org\/{rel}","templated":true}]}}