{"id":91411,"date":"2026-08-22T07:00:00","date_gmt":"2026-08-22T06:00:00","guid":{"rendered":"https:\/\/spaziospadoni.org\/?p=91411"},"modified":"2026-08-21T20:20:49","modified_gmt":"2026-08-21T19:20:49","slug":"in-cammino-verso-santiago-tra-fede-e-condivisione","status":"publish","type":"post","link":"https:\/\/spaziospadoni.org\/it\/in-cammino-verso-santiago-tra-fede-e-condivisione\/","title":{"rendered":"In cammino verso Santiago tra fede e condivisione"},"content":{"rendered":"\n<p class=\"has-text-align-right wp-block-paragraph\"><em>(di Anna Maria Federico \u2013 Umbria)<\/em><\/p>\n\n\n\n<p class=\"wp-block-paragraph\">La proposta era impegnativa: un pellegrinaggio diocesano lungo l\u2019ultima parte del cammino francese partendo da Sarria, per ben 118 km verso Santiago de Compostela. Accanto a un grande gruppo di giovani e di educatori della diocesi di Perugia \u2013 ben 420 in totale \u2013 si proponeva agli adulti lo stesso iter ma in modo pi\u00f9 soft. Abbiamo deciso di provare e ci siamo imbarcati dal 24 luglio fino al 1\u00b0 agosto in una esperienza davvero unica\u2026<\/p>\n\n\n\n<p class=\"wp-block-paragraph\">Noi adulti siamo partiti con l\u2019aereo, a differenza dei ragazzi che hanno affrontato il viaggio nei pullman. Nelle sei tappe di avvicinamento, con una media di 20 km ciascuna, abbiamo avuto il supporto di alcuni pullman che poi ci trasportavano i bagagli nelle diverse cittadine dove abbiamo pernottato: Sarria, Portomar\u00edn, Palas de Rei, Melide, Arz\u00faa, O Pino.<\/p>\n\n\n\n<p class=\"wp-block-paragraph\">Iniziare la partenza ogni mattina molto presto intorno alle 6:00-6:30 (perch\u00e9 la mattina la temperatura \u00e8 molto pi\u00f9 fresca, tra i 15 e 18 gradi) ci sembrava faticoso, ma questo <strong>\u00abandare verso\u00bb<\/strong> ci ha aiutato a riscoprire il vero senso del cammino. Tra le nostre famiglie, circa una ventina, c\u2019erano persone pi\u00f9 giovani ma anche adulte: la prima sensazione per alcuni \u00e8 stata quella di non riuscire a fare tutto il percorso proposto, soprattutto nei primi due giorni, con tappe di 22 e 25 km al giorno.<\/p>\n\n\n\n<h2 id=\"il-ritmo-interiore-e-la-forza-della-preghiera\" class=\"wp-block-heading\">Il ritmo interiore e la forza della preghiera<\/h2>\n\n\n\n<p class=\"wp-block-paragraph\">Ma poi ciascuno si \u00e8 guardato dentro ed ha preso il suo ritmo. Non posso dire cosa hanno provato gli amici con cui ho condiviso l\u2019esperienza, ma io e mio marito Francesco abbiamo sentito di <strong>voler andare avanti <\/strong>guardando non alle difficolt\u00e0 ma alle opportunit\u00e0; e questa \u00e8 stata la chiave di svolta che ha aiutato soprattutto me, che non amo particolarmente camminare ma sono pi\u00f9 stanziale.<\/p>\n\n\n\n<blockquote class=\"wp-block-quote is-layout-flow wp-block-quote-is-layout-flow\">\n<p class=\"wp-block-paragraph\"><em>Ora che ci penso, posso dire che ho iniziato subito a <strong>guardarmi dentro<\/strong> e a mettere in fila le cose che avevo nel cuore: in primis un grazie a Dio<strong> <\/strong>che mi ha sostenuto in questi ultimi anni in cui ho sperimentato alcune difficolt\u00e0 di salute. Poi, l\u2019intento di fare un pellegrinaggio per chiedere il sostegno del Signore per le necessit\u00e0 di tanti nostri cari familiari ed amici che hanno chiesto preghiere. E infine, il desiderio di aprire il cuore al mondo.<\/em><\/p>\n<\/blockquote>\n\n\n\n<h2 id=\"incontri-sul-sentiero-e-una-chiesa-universale\" class=\"wp-block-heading\">Incontri sul sentiero e una Chiesa universale<\/h2>\n\n\n\n<p class=\"wp-block-paragraph\">Il cammino di Santiago ha questa splendida particolarit\u00e0:<strong> ti fa incontrare persone di tutto il mondo<\/strong> e un sorriso, una parola, un \u00abbuen camino\u00bb detto con il cuore ti sostengono e ti incoraggiano nelle diverse tappe\u2026 Non sapevo bene cosa mi aspettava, ma posso dire che nel cammino comprendi meglio che la Chiesa \u00e8 universale e ricca di speranza.<\/p>\n\n\n\n<p class=\"wp-block-paragraph\">Le persone incontrate forse non erano tutte credenti, ma si fermavano se sentivano recitare il rosario. Anche nei luoghi di ristoro, c\u2019erano atteggiamenti rispettosi e solidali. Io ho avuto l\u2019opportunit\u00e0 di parlare con un ragazzo argentino che mi ha offerto il mate che portava con s\u00e9, due ragazze colombiane e venezuelane con le loro bandiere e una famiglia portoghese che ritrovavamo poi quasi per magia nella tappa successiva.<\/p>\n\n\n\n<p class=\"wp-block-paragraph\">Davvero sembra impossibile, ma aprendoci all\u2019altro e alla preghiera personale e comunitaria (celebravamo la Santa Messa tutti i giorni) ho avuto la consapevolezza che <strong>la forza \u00e8 venuta da Lui<\/strong>\u2026 Avere dentro questa risorsa grande fa certo dimenticare i dolori, le vesciche sui piedi che alcuni hanno avuto, le difficolt\u00e0 intestinali in alcuni casi e anche la febbre e problemi di vario genere.<\/p>\n\n\n\n<figure class=\"wp-block-image size-large\"><img decoding=\"async\" width=\"1024\" height=\"683\" src=\"https:\/\/spaziospadoni.org\/wp-content\/uploads\/2026\/08\/gruppo-diocesi-perugia-santiago-1-1024x683.webp\" alt=\"\" class=\"wp-image-91483\" srcset=\"https:\/\/spaziospadoni.org\/wp-content\/uploads\/2026\/08\/gruppo-diocesi-perugia-santiago-1-1024x683.webp 1024w, https:\/\/spaziospadoni.org\/wp-content\/uploads\/2026\/08\/gruppo-diocesi-perugia-santiago-1-300x200.webp 300w, https:\/\/spaziospadoni.org\/wp-content\/uploads\/2026\/08\/gruppo-diocesi-perugia-santiago-1-768x512.webp 768w, https:\/\/spaziospadoni.org\/wp-content\/uploads\/2026\/08\/gruppo-diocesi-perugia-santiago-1.webp 1200w\" sizes=\"(max-width: 1024px) 100vw, 1024px\" \/><\/figure>\n\n\n\n<h2 id=\"larrivo-a-santiago-e-la-testimonianza-di-farsi-prossimo\" class=\"wp-block-heading\">L&#8217;arrivo a Santiago e la testimonianza di farsi prossimo<\/h2>\n\n\n\n<p class=\"wp-block-paragraph\">Scopri che sei in grado di fare cose che non avresti mai pensato di poter raggiungere, <strong>ti cresce nel cuore il senso della gratitudine <\/strong>a Dio, ai fratelli, al pellegrinaggio e a Santiago che ti ha chiamato in questa esperienza. <\/p>\n\n\n\n<p class=\"wp-block-paragraph\">\u00c8 qualcosa che si completa poi nell\u2019arrivo alla piazza grande dell\u2019Obradoiro; davanti alla basilica di Santiago, vedi persone che si gettano per terra, si abbracciano, si mettono a cantare e nasce la commozione, la consapevolezza che <strong>da questa chiamata pu\u00f2 e deve nascere un invio<\/strong>\u2026<\/p>\n\n\n\n<blockquote class=\"wp-block-quote is-layout-flow wp-block-quote-is-layout-flow\">\n<p class=\"wp-block-paragraph\"><em>A Santiago, ci sono storie e vite che si intrecciano e si sperimenta che nel cammino siamo tutti chiamati a <strong>farci prossimo<\/strong> con l\u2019altro\/a che ci cammina al fianco. Non si pu\u00f2 non pregare, non si possono non ricordare le sofferenze di tanti fratelli che vengono da Paesi dove ci sono guerre civili, violenze, terremoti, carestie. <\/em><\/p>\n<\/blockquote>\n\n\n\n<p class=\"wp-block-paragraph\">Noi siamo <strong>chiamati a metterci accanto a chi incontriamo <\/strong>anche solo per un breve tratto di strada con la preghiera, la parola, il sostegno che ci viene dalla presenza dello Spirito Santo che opera quando si incontrano cuori umili e puri\u2026<\/p>\n\n\n\n<p class=\"wp-block-paragraph\">Avere consapevolezza di questo \u00e8 certo un dono grandissimo e ci rende pi\u00f9 forti e ci fa vedere e vivere la bellezza del camminare insieme\u2026 <\/p>\n\n\n\n<p class=\"wp-block-paragraph\"><strong>Una rete di camminatori<\/strong>, come tanti nostri missionari che in questi anni hanno attraversato le regioni del mondo sempre in ascolto, con il sorriso, capaci di mettersi al fianco dei fratelli che incontravano sul cammino, a costo di subire offese e ingiustizie e mettendo al primo posto l\u2019amore.<\/p>\n\n\n\n<p class=\"wp-block-paragraph\">Grazie a quanti camminano sulle strade del mondo, ora e sempre avanti\u2026<\/p>\n\n\n\n<p class=\"wp-block-paragraph\"><strong>Foto di Anna Maria Federico<\/strong><\/p>\n\n\n\n<p class=\"wp-block-paragraph\"><\/p>\n","protected":false},"excerpt":{"rendered":"<p>(di Anna Maria Federico \u2013 Umbria) La proposta era impegnativa: un pellegrinaggio diocesano lungo l\u2019ultima parte del cammino francese partendo da Sarria, per ben 118 km verso Santiago de Compostela. Accanto a un grande gruppo di giovani e di educatori della diocesi di Perugia \u2013 ben 420 in totale \u2013 si proponeva agli adulti lo &#8230; <a title=\"In cammino verso Santiago tra fede e condivisione\" class=\"read-more\" href=\"https:\/\/spaziospadoni.org\/it\/in-cammino-verso-santiago-tra-fede-e-condivisione\/\" aria-label=\"Per saperne di pi\u00f9 su In cammino verso Santiago tra fede e condivisione\">Leggi tutto<\/a><\/p>\n","protected":false},"author":39,"featured_media":91682,"comment_status":"closed","ping_status":"closed","sticky":false,"template":"","format":"standard","meta":{"_sitemap_exclude":false,"_sitemap_priority":"","_sitemap_frequency":"","ss_featured_image_title":"","ss_featured_image_alt":"Pellegrinaggio a Santiago di Compostela","ss_featured_image_caption":"Anna Maria Federico, della diocesi di Perugia, insieme al marito durante il pellegrinaggio a Santiago di Compostela","footnotes":""},"categories":[268],"tags":[704,256,35,383,357],"class_list":["post-91411","post","type-post","status-publish","format-standard","has-post-thumbnail","hentry","category-storie","tag-camminare-insieme","tag-condivisione","tag-fede","tag-pellegrinaggio","tag-spiritualita","infinite-scroll-item","generate-columns","tablet-grid-50","mobile-grid-100","grid-parent","grid-50"],"yoast_head":"<!-- This site is optimized with the Yoast SEO plugin v28.4 - https:\/\/yoast.com\/product\/yoast-seo-wordpress\/ -->\n<title>In cammino verso Santiago tra fede e condivisione<\/title>\n<meta name=\"description\" content=\"(di Anna Maria Federico \u2013 Umbria) La proposta era impegnativa: un pellegrinaggio diocesano lungo l\u2019ultima parte del cammino francese partendo da Sarria,\" \/>\n<meta name=\"robots\" content=\"index, follow, max-snippet:-1, max-image-preview:large, max-video-preview:-1\" \/>\n<link rel=\"canonical\" href=\"https:\/\/spaziospadoni.org\/it\/in-cammino-verso-santiago-tra-fede-e-condivisione\/\" \/>\n<meta property=\"og:locale\" content=\"it_IT\" \/>\n<meta property=\"og:type\" content=\"article\" \/>\n<meta property=\"og:title\" content=\"In cammino verso Santiago tra fede e condivisione\" \/>\n<meta property=\"og:description\" content=\"(di Anna Maria Federico \u2013 Umbria) La proposta era impegnativa: un pellegrinaggio diocesano lungo l\u2019ultima parte del cammino francese partendo da Sarria,\" \/>\n<meta property=\"og:url\" content=\"https:\/\/spaziospadoni.org\/it\/in-cammino-verso-santiago-tra-fede-e-condivisione\/\" \/>\n<meta property=\"og:site_name\" content=\"spazio + spadoni\" \/>\n<meta property=\"article:publisher\" content=\"https:\/\/www.facebook.com\/SpazioSpadoni\/\" \/>\n<meta property=\"article:published_time\" content=\"2026-08-22T06:00:00+00:00\" \/>\n<meta property=\"og:image\" content=\"https:\/\/spaziospadoni.org\/wp-content\/uploads\/2026\/08\/pellegrini-santiago.webp\" \/>\n\t<meta property=\"og:image:width\" content=\"1207\" \/>\n\t<meta property=\"og:image:height\" content=\"804\" \/>\n\t<meta property=\"og:image:type\" content=\"image\/webp\" \/>\n<meta name=\"author\" content=\"Redazione\" \/>\n<meta name=\"twitter:card\" content=\"summary_large_image\" \/>\n<meta name=\"twitter:label1\" content=\"Scritto da\" \/>\n\t<meta name=\"twitter:data1\" content=\"Redazione\" \/>\n\t<meta name=\"twitter:label2\" content=\"Tempo di lettura stimato\" \/>\n\t<meta name=\"twitter:data2\" content=\"5 minuti\" \/>\n<script type=\"application\/ld+json\" class=\"yoast-schema-graph\">{\"@context\":\"https:\\\/\\\/schema.org\",\"@graph\":[{\"@type\":\"Article\",\"@id\":\"https:\\\/\\\/spaziospadoni.org\\\/it\\\/in-cammino-verso-santiago-tra-fede-e-condivisione\\\/#article\",\"isPartOf\":{\"@id\":\"https:\\\/\\\/spaziospadoni.org\\\/it\\\/in-cammino-verso-santiago-tra-fede-e-condivisione\\\/\"},\"author\":{\"name\":\"Redazione\",\"@id\":\"https:\\\/\\\/spaziospadoni.org\\\/it\\\/#\\\/schema\\\/person\\\/411d7e71b4962bebf7ac6c70acc9a7bc\"},\"headline\":\"In cammino verso Santiago tra fede e condivisione\",\"datePublished\":\"2026-08-22T06:00:00+00:00\",\"mainEntityOfPage\":{\"@id\":\"https:\\\/\\\/spaziospadoni.org\\\/it\\\/in-cammino-verso-santiago-tra-fede-e-condivisione\\\/\"},\"wordCount\":865,\"publisher\":{\"@id\":\"https:\\\/\\\/spaziospadoni.org\\\/it\\\/#organization\"},\"image\":{\"@id\":\"https:\\\/\\\/spaziospadoni.org\\\/it\\\/in-cammino-verso-santiago-tra-fede-e-condivisione\\\/#primaryimage\"},\"thumbnailUrl\":\"https:\\\/\\\/spaziospadoni.org\\\/wp-content\\\/uploads\\\/2026\\\/08\\\/pellegrini-santiago.webp\",\"keywords\":[\"camminare insieme\",\"condivisione\",\"Fede\",\"pellegrinaggio\",\"spiritualit\u00e0\"],\"articleSection\":[\"Storie\"],\"inLanguage\":\"it-IT\"},{\"@type\":\"WebPage\",\"@id\":\"https:\\\/\\\/spaziospadoni.org\\\/it\\\/in-cammino-verso-santiago-tra-fede-e-condivisione\\\/\",\"url\":\"https:\\\/\\\/spaziospadoni.org\\\/it\\\/in-cammino-verso-santiago-tra-fede-e-condivisione\\\/\",\"name\":\"In cammino verso Santiago tra fede e condivisione\",\"isPartOf\":{\"@id\":\"https:\\\/\\\/spaziospadoni.org\\\/it\\\/#website\"},\"primaryImageOfPage\":{\"@id\":\"https:\\\/\\\/spaziospadoni.org\\\/it\\\/in-cammino-verso-santiago-tra-fede-e-condivisione\\\/#primaryimage\"},\"image\":{\"@id\":\"https:\\\/\\\/spaziospadoni.org\\\/it\\\/in-cammino-verso-santiago-tra-fede-e-condivisione\\\/#primaryimage\"},\"thumbnailUrl\":\"https:\\\/\\\/spaziospadoni.org\\\/wp-content\\\/uploads\\\/2026\\\/08\\\/pellegrini-santiago.webp\",\"datePublished\":\"2026-08-22T06:00:00+00:00\",\"description\":\"(di Anna Maria Federico \u2013 Umbria) La proposta era impegnativa: un pellegrinaggio diocesano lungo l\u2019ultima parte del cammino francese partendo da Sarria,\",\"breadcrumb\":{\"@id\":\"https:\\\/\\\/spaziospadoni.org\\\/it\\\/in-cammino-verso-santiago-tra-fede-e-condivisione\\\/#breadcrumb\"},\"inLanguage\":\"it-IT\",\"potentialAction\":[{\"@type\":\"ReadAction\",\"target\":[\"https:\\\/\\\/spaziospadoni.org\\\/it\\\/in-cammino-verso-santiago-tra-fede-e-condivisione\\\/\"]}]},{\"@type\":\"ImageObject\",\"inLanguage\":\"it-IT\",\"@id\":\"https:\\\/\\\/spaziospadoni.org\\\/it\\\/in-cammino-verso-santiago-tra-fede-e-condivisione\\\/#primaryimage\",\"url\":\"https:\\\/\\\/spaziospadoni.org\\\/wp-content\\\/uploads\\\/2026\\\/08\\\/pellegrini-santiago.webp\",\"contentUrl\":\"https:\\\/\\\/spaziospadoni.org\\\/wp-content\\\/uploads\\\/2026\\\/08\\\/pellegrini-santiago.webp\",\"width\":1207,\"height\":804,\"caption\":\"Anna Maria Federico, della diocesi di Perugia, insieme al marito durante il pellegrinaggio a Santiago di Compostela\"},{\"@type\":\"BreadcrumbList\",\"@id\":\"https:\\\/\\\/spaziospadoni.org\\\/it\\\/in-cammino-verso-santiago-tra-fede-e-condivisione\\\/#breadcrumb\",\"itemListElement\":[{\"@type\":\"ListItem\",\"position\":1,\"name\":\"Home\",\"item\":\"https:\\\/\\\/spaziospadoni.org\\\/it\\\/\"},{\"@type\":\"ListItem\",\"position\":2,\"name\":\"In cammino verso Santiago tra fede e condivisione\"}]},{\"@type\":\"WebSite\",\"@id\":\"https:\\\/\\\/spaziospadoni.org\\\/it\\\/#website\",\"url\":\"https:\\\/\\\/spaziospadoni.org\\\/it\\\/\",\"name\":\"spazio + spadoni\",\"description\":\"Generazione di misericordia e missione nel mondo\",\"publisher\":{\"@id\":\"https:\\\/\\\/spaziospadoni.org\\\/it\\\/#organization\"},\"alternateName\":\"spaziospadoni.org\",\"potentialAction\":[{\"@type\":\"SearchAction\",\"target\":{\"@type\":\"EntryPoint\",\"urlTemplate\":\"https:\\\/\\\/spaziospadoni.org\\\/it\\\/?s={search_term_string}\"},\"query-input\":{\"@type\":\"PropertyValueSpecification\",\"valueRequired\":true,\"valueName\":\"search_term_string\"}}],\"inLanguage\":\"it-IT\"},{\"@type\":\"Organization\",\"@id\":\"https:\\\/\\\/spaziospadoni.org\\\/it\\\/#organization\",\"name\":\"spazio + spadoni\",\"alternateName\":\"spaziospadoni.org\",\"url\":\"https:\\\/\\\/spaziospadoni.org\\\/it\\\/\",\"logo\":{\"@type\":\"ImageObject\",\"inLanguage\":\"it-IT\",\"@id\":\"https:\\\/\\\/spaziospadoni.org\\\/it\\\/#\\\/schema\\\/logo\\\/image\\\/\",\"url\":\"https:\\\/\\\/spaziospadoni.org\\\/wp-content\\\/uploads\\\/2026\\\/05\\\/spazio-spadoni-logo-100x100-1.webp\",\"contentUrl\":\"https:\\\/\\\/spaziospadoni.org\\\/wp-content\\\/uploads\\\/2026\\\/05\\\/spazio-spadoni-logo-100x100-1.webp\",\"width\":100,\"height\":100,\"caption\":\"spazio + spadoni\"},\"image\":{\"@id\":\"https:\\\/\\\/spaziospadoni.org\\\/it\\\/#\\\/schema\\\/logo\\\/image\\\/\"},\"sameAs\":[\"https:\\\/\\\/www.facebook.com\\\/SpazioSpadoni\\\/\",\"https:\\\/\\\/www.instagram.com\\\/spaziospadoni\\\/\",\"https:\\\/\\\/www.youtube.com\\\/@spaziospadoni\\\/playlists\"]},{\"@type\":\"Person\",\"@id\":\"https:\\\/\\\/spaziospadoni.org\\\/it\\\/#\\\/schema\\\/person\\\/411d7e71b4962bebf7ac6c70acc9a7bc\",\"name\":\"Redazione\",\"image\":{\"@type\":\"ImageObject\",\"inLanguage\":\"it-IT\",\"@id\":\"https:\\\/\\\/secure.gravatar.com\\\/avatar\\\/2ba413b4dca69409b680ae806ab0dce8a38d5d2cc2123a96af7bbbee33a5742e?s=96&d=mm&r=g\",\"url\":\"https:\\\/\\\/secure.gravatar.com\\\/avatar\\\/2ba413b4dca69409b680ae806ab0dce8a38d5d2cc2123a96af7bbbee33a5742e?s=96&d=mm&r=g\",\"contentUrl\":\"https:\\\/\\\/secure.gravatar.com\\\/avatar\\\/2ba413b4dca69409b680ae806ab0dce8a38d5d2cc2123a96af7bbbee33a5742e?s=96&d=mm&r=g\",\"caption\":\"Redazione\"},\"url\":\"https:\\\/\\\/spaziospadoni.org\\\/it\\\/author\\\/redazione\\\/\"}]}<\/script>\n<!-- \/ Yoast SEO plugin. -->","yoast_head_json":{"title":"In cammino verso Santiago tra fede e condivisione","description":"(di Anna Maria Federico \u2013 Umbria) La proposta era impegnativa: un pellegrinaggio diocesano lungo l\u2019ultima parte del cammino francese partendo da Sarria,","robots":{"index":"index","follow":"follow","max-snippet":"max-snippet:-1","max-image-preview":"max-image-preview:large","max-video-preview":"max-video-preview:-1"},"canonical":"https:\/\/spaziospadoni.org\/it\/in-cammino-verso-santiago-tra-fede-e-condivisione\/","og_locale":"it_IT","og_type":"article","og_title":"In cammino verso Santiago tra fede e condivisione","og_description":"(di Anna Maria Federico \u2013 Umbria) La proposta era impegnativa: un pellegrinaggio diocesano lungo l\u2019ultima parte del cammino francese partendo da Sarria,","og_url":"https:\/\/spaziospadoni.org\/it\/in-cammino-verso-santiago-tra-fede-e-condivisione\/","og_site_name":"spazio + spadoni","article_publisher":"https:\/\/www.facebook.com\/SpazioSpadoni\/","article_published_time":"2026-08-22T06:00:00+00:00","og_image":[{"width":1207,"height":804,"url":"https:\/\/spaziospadoni.org\/wp-content\/uploads\/2026\/08\/pellegrini-santiago.webp","type":"image\/webp"}],"author":"Redazione","twitter_card":"summary_large_image","twitter_misc":{"Scritto da":"Redazione","Tempo di lettura stimato":"5 minuti"},"schema":{"@context":"https:\/\/schema.org","@graph":[{"@type":"Article","@id":"https:\/\/spaziospadoni.org\/it\/in-cammino-verso-santiago-tra-fede-e-condivisione\/#article","isPartOf":{"@id":"https:\/\/spaziospadoni.org\/it\/in-cammino-verso-santiago-tra-fede-e-condivisione\/"},"author":{"name":"Redazione","@id":"https:\/\/spaziospadoni.org\/it\/#\/schema\/person\/411d7e71b4962bebf7ac6c70acc9a7bc"},"headline":"In cammino verso Santiago tra fede e condivisione","datePublished":"2026-08-22T06:00:00+00:00","mainEntityOfPage":{"@id":"https:\/\/spaziospadoni.org\/it\/in-cammino-verso-santiago-tra-fede-e-condivisione\/"},"wordCount":865,"publisher":{"@id":"https:\/\/spaziospadoni.org\/it\/#organization"},"image":{"@id":"https:\/\/spaziospadoni.org\/it\/in-cammino-verso-santiago-tra-fede-e-condivisione\/#primaryimage"},"thumbnailUrl":"https:\/\/spaziospadoni.org\/wp-content\/uploads\/2026\/08\/pellegrini-santiago.webp","keywords":["camminare insieme","condivisione","Fede","pellegrinaggio","spiritualit\u00e0"],"articleSection":["Storie"],"inLanguage":"it-IT"},{"@type":"WebPage","@id":"https:\/\/spaziospadoni.org\/it\/in-cammino-verso-santiago-tra-fede-e-condivisione\/","url":"https:\/\/spaziospadoni.org\/it\/in-cammino-verso-santiago-tra-fede-e-condivisione\/","name":"In cammino verso Santiago tra fede e condivisione","isPartOf":{"@id":"https:\/\/spaziospadoni.org\/it\/#website"},"primaryImageOfPage":{"@id":"https:\/\/spaziospadoni.org\/it\/in-cammino-verso-santiago-tra-fede-e-condivisione\/#primaryimage"},"image":{"@id":"https:\/\/spaziospadoni.org\/it\/in-cammino-verso-santiago-tra-fede-e-condivisione\/#primaryimage"},"thumbnailUrl":"https:\/\/spaziospadoni.org\/wp-content\/uploads\/2026\/08\/pellegrini-santiago.webp","datePublished":"2026-08-22T06:00:00+00:00","description":"(di Anna Maria Federico \u2013 Umbria) La proposta era impegnativa: un pellegrinaggio diocesano lungo l\u2019ultima parte del cammino francese partendo da Sarria,","breadcrumb":{"@id":"https:\/\/spaziospadoni.org\/it\/in-cammino-verso-santiago-tra-fede-e-condivisione\/#breadcrumb"},"inLanguage":"it-IT","potentialAction":[{"@type":"ReadAction","target":["https:\/\/spaziospadoni.org\/it\/in-cammino-verso-santiago-tra-fede-e-condivisione\/"]}]},{"@type":"ImageObject","inLanguage":"it-IT","@id":"https:\/\/spaziospadoni.org\/it\/in-cammino-verso-santiago-tra-fede-e-condivisione\/#primaryimage","url":"https:\/\/spaziospadoni.org\/wp-content\/uploads\/2026\/08\/pellegrini-santiago.webp","contentUrl":"https:\/\/spaziospadoni.org\/wp-content\/uploads\/2026\/08\/pellegrini-santiago.webp","width":1207,"height":804,"caption":"Anna Maria Federico, della diocesi di Perugia, insieme al marito durante il pellegrinaggio a Santiago di Compostela"},{"@type":"BreadcrumbList","@id":"https:\/\/spaziospadoni.org\/it\/in-cammino-verso-santiago-tra-fede-e-condivisione\/#breadcrumb","itemListElement":[{"@type":"ListItem","position":1,"name":"Home","item":"https:\/\/spaziospadoni.org\/it\/"},{"@type":"ListItem","position":2,"name":"In cammino verso Santiago tra fede e condivisione"}]},{"@type":"WebSite","@id":"https:\/\/spaziospadoni.org\/it\/#website","url":"https:\/\/spaziospadoni.org\/it\/","name":"spazio + spadoni","description":"Generazione di misericordia e missione nel mondo","publisher":{"@id":"https:\/\/spaziospadoni.org\/it\/#organization"},"alternateName":"spaziospadoni.org","potentialAction":[{"@type":"SearchAction","target":{"@type":"EntryPoint","urlTemplate":"https:\/\/spaziospadoni.org\/it\/?s={search_term_string}"},"query-input":{"@type":"PropertyValueSpecification","valueRequired":true,"valueName":"search_term_string"}}],"inLanguage":"it-IT"},{"@type":"Organization","@id":"https:\/\/spaziospadoni.org\/it\/#organization","name":"spazio + spadoni","alternateName":"spaziospadoni.org","url":"https:\/\/spaziospadoni.org\/it\/","logo":{"@type":"ImageObject","inLanguage":"it-IT","@id":"https:\/\/spaziospadoni.org\/it\/#\/schema\/logo\/image\/","url":"https:\/\/spaziospadoni.org\/wp-content\/uploads\/2026\/05\/spazio-spadoni-logo-100x100-1.webp","contentUrl":"https:\/\/spaziospadoni.org\/wp-content\/uploads\/2026\/05\/spazio-spadoni-logo-100x100-1.webp","width":100,"height":100,"caption":"spazio + spadoni"},"image":{"@id":"https:\/\/spaziospadoni.org\/it\/#\/schema\/logo\/image\/"},"sameAs":["https:\/\/www.facebook.com\/SpazioSpadoni\/","https:\/\/www.instagram.com\/spaziospadoni\/","https:\/\/www.youtube.com\/@spaziospadoni\/playlists"]},{"@type":"Person","@id":"https:\/\/spaziospadoni.org\/it\/#\/schema\/person\/411d7e71b4962bebf7ac6c70acc9a7bc","name":"Redazione","image":{"@type":"ImageObject","inLanguage":"it-IT","@id":"https:\/\/secure.gravatar.com\/avatar\/2ba413b4dca69409b680ae806ab0dce8a38d5d2cc2123a96af7bbbee33a5742e?s=96&d=mm&r=g","url":"https:\/\/secure.gravatar.com\/avatar\/2ba413b4dca69409b680ae806ab0dce8a38d5d2cc2123a96af7bbbee33a5742e?s=96&d=mm&r=g","contentUrl":"https:\/\/secure.gravatar.com\/avatar\/2ba413b4dca69409b680ae806ab0dce8a38d5d2cc2123a96af7bbbee33a5742e?s=96&d=mm&r=g","caption":"Redazione"},"url":"https:\/\/spaziospadoni.org\/it\/author\/redazione\/"}]}},"_links":{"self":[{"href":"https:\/\/spaziospadoni.org\/it\/wp-json\/wp\/v2\/posts\/91411","targetHints":{"allow":["GET"]}}],"collection":[{"href":"https:\/\/spaziospadoni.org\/it\/wp-json\/wp\/v2\/posts"}],"about":[{"href":"https:\/\/spaziospadoni.org\/it\/wp-json\/wp\/v2\/types\/post"}],"author":[{"embeddable":true,"href":"https:\/\/spaziospadoni.org\/it\/wp-json\/wp\/v2\/users\/39"}],"replies":[{"embeddable":true,"href":"https:\/\/spaziospadoni.org\/it\/wp-json\/wp\/v2\/comments?post=91411"}],"version-history":[{"count":3,"href":"https:\/\/spaziospadoni.org\/it\/wp-json\/wp\/v2\/posts\/91411\/revisions"}],"predecessor-version":[{"id":91683,"href":"https:\/\/spaziospadoni.org\/it\/wp-json\/wp\/v2\/posts\/91411\/revisions\/91683"}],"wp:featuredmedia":[{"embeddable":true,"href":"https:\/\/spaziospadoni.org\/it\/wp-json\/wp\/v2\/media\/91682"}],"wp:attachment":[{"href":"https:\/\/spaziospadoni.org\/it\/wp-json\/wp\/v2\/media?parent=91411"}],"wp:term":[{"taxonomy":"category","embeddable":true,"href":"https:\/\/spaziospadoni.org\/it\/wp-json\/wp\/v2\/categories?post=91411"},{"taxonomy":"post_tag","embeddable":true,"href":"https:\/\/spaziospadoni.org\/it\/wp-json\/wp\/v2\/tags?post=91411"}],"curies":[{"name":"wp","href":"https:\/\/api.w.org\/{rel}","templated":true}]}}