{"id":91782,"date":"2026-08-22T13:30:00","date_gmt":"2026-08-22T12:30:00","guid":{"rendered":"https:\/\/spaziospadoni.org\/?p=91782"},"modified":"2026-08-22T15:32:34","modified_gmt":"2026-08-22T14:32:34","slug":"europa-italia-carta-di-leuca-2026-cammino-di-pace-nel-mediterraneo","status":"publish","type":"post","link":"https:\/\/spaziospadoni.org\/it\/europa-italia-carta-di-leuca-2026-cammino-di-pace-nel-mediterraneo\/","title":{"rendered":"Europa, Italia | Carta di Leuca 2026: cammino di pace nel Mediterraneo"},"content":{"rendered":"\n<p class=\"has-contrast-3-color has-text-color has-link-color wp-elements-1 wp-block-paragraph\"><em>Il meeting internazionale e interreligioso \u201cCarta di Leuca\u201d ha riunito, dal 10 al 14 agosto a Santa Maria di Leuca (Lecce), giovani di diversi Paesi del Mediterraneo attorno al tema \u00abMediterraneo di Pace per un mondo in Pace\u00bb. L\u2019incontro si \u00e8 concluso all\u2019alba del 14 agosto con la firma della Carta di Leuca per la pace, alla presenza del cardinale Pierbattista Pizzaballa.<\/em><\/p>\n\n\n\n<p class=\"wp-block-paragraph\">Leuca \u00e8 un confine geografico, ma pu\u00f2 diventare anche un\u2019immagine capace di raccontare il nostro tempo: davanti al Mediterraneo possiamo scegliere se vedere una frontiera oppure un ponte.<\/p>\n\n\n\n<p class=\"wp-block-paragraph\">Santa Maria di Leuca \u00e8 stata ancora una volta il luogo in cui questa scelta \u00e8 diventata esperienza concreta.<\/p>\n\n\n\n<p class=\"wp-block-paragraph\">La Carta di Leuca 2026, giunta alla sua <strong>undicesima edizione<\/strong>, ha riunito giovani provenienti da diverse parti d\u2019Italia, insieme a ragazzi arrivati da Cipro e da Gerusalemme, attorno a un desiderio comune: costruire la pace.<\/p>\n\n\n\n<p class=\"wp-block-paragraph\">Il tema scelto per questa edizione \u00e8 stato \u00abMediterraneo di Pace per un mondo in Pace\u00bb. Un titolo che, in un Mediterraneo segnato da guerre, divisioni e ferite, suona come una sfida e al tempo stesso come promessa.<\/p>\n\n\n\n<h2 id=\"un-cammino-di-incontro-e-formazione\" class=\"wp-block-heading\">Un cammino di incontro e formazione<\/h2>\n\n\n\n<p class=\"wp-block-paragraph\">Carta di Leuca \u00e8 un\u2019esperienza di incontro, \u00e8 il tentativo di mettere giovani diversi gli uni accanto agli altri, perch\u00e9 possano conoscersi, ascoltarsi e scoprire che ci\u00f2 che li unisce \u00e8 molto pi\u00f9 grande di ci\u00f2 che li divide.<\/p>\n\n\n\n<p class=\"wp-block-paragraph\">I giovani hanno vissuto momenti di confronto e di formazione, riflettendo sulle ferite delle relazioni, sulle differenze, sull\u2019accoglienza e sulla necessit\u00e0 di custodire la memoria per poter costruire un futuro diverso. Il percorso \u00e8 stato pensato come un cammino nel quale l\u2019incontro con l\u2019altro non fosse un elemento accessorio, ma il cuore stesso dell\u2019esperienza.<\/p>\n\n\n\n<h2 id=\"la-testimonianza-di-gerusalemme-e-lincontro-con-pizzaballa\" class=\"wp-block-heading\">La testimonianza di Gerusalemme e l\u2019incontro con Pizzaballa<\/h2>\n\n\n\n<p class=\"wp-block-paragraph\">La presenza dei giovani di Gerusalemme e Cipro ha dato all\u2019incontro una particolare intensit\u00e0. Gerusalemme, soprattutto, non \u00e8 stata soltanto un luogo nominato nei discorsi; \u00e8 arrivata a Leuca attraverso i volti e le storie dei giovani che vivono quella terra, portando speranze e ferite di un territorio nel quale la parola pace assume un significato urgente.<\/p>\n\n\n\n<p class=\"wp-block-paragraph\">In questo cammino si \u00e8 distinta <strong>la presenza del cardinale Pierbattista Pizzaballa<\/strong>, Patriarca latino di Gerusalemme, che ha incontrato i ragazzi non soltanto come rappresentante della Chiesa di Gerusalemme, ma come uomo che porta nella propria esperienza quotidiana la complessit\u00e0 e la sofferenza della Terra Santa.<\/p>\n\n\n\n<p class=\"wp-block-paragraph\">Il suo incontro con i giovani ha cos\u00ec dato concretezza alle riflessioni maturate nei giorni precedenti.<\/p>\n\n\n\n<p class=\"wp-block-paragraph\">La domanda sulla pace non poteva quindi rimanere teorica: poteva essere posta davanti agli occhi di chi vive ogni giorno la fatica del dialogo e della convivenza e forse proprio per questo l\u2019incontro con Pizzaballa \u00e8 stato uno dei momenti pi\u00f9 intensi della Carta di Leuca.<\/p>\n\n\n\n<h2 id=\"da-alessano-a-leuca-sulle-orme-di-don-tonino-bello\" class=\"wp-block-heading\">Da Alessano a Leuca: sulle orme di don Tonino Bello<\/h2>\n\n\n\n<p class=\"wp-block-paragraph\">A Leuca, per\u00f2, ogni cammino verso la pace porta inevitabilmente ad Alessano, alla tomba di don Tonino Bello; la sua eredit\u00e0 attraversa la Carta di Leuca come una domanda rivolta al presente. Don Tonino ha insegnato a guardare alla pace come a una responsabilit\u00e0 che comincia nelle relazioni e nella capacit\u00e0 di accogliere l\u2019altro.<\/p>\n\n\n\n<p class=\"wp-block-paragraph\">Nella notte tra il 13 e il 14 agosto, i giovani hanno ripreso la strada proprio da Alessano, mettendosi in cammino verso Leuca. Camminare insieme nella notte, dopo essersi confrontati nei giorni precedenti sul tema della pace, assume un valore simbolico: la pace \u00e8 un cammino.<\/p>\n\n\n\n<p class=\"wp-block-paragraph\">Non si raggiunge restando fermi, e non si costruisce da soli: si parte insieme.<\/p>\n\n\n\n<p class=\"wp-block-paragraph\">L\u2019esperienza \u00e8 culminata all\u2019alba del 14 agosto, quando il cammino ha raggiunto la Basilica di Santa Maria di Leuca e i giovani hanno dato voce alla Carta di Leuca.<\/p>\n\n\n\n<h2 id=\"una-responsabilita-per-il-futuro\" class=\"wp-block-heading\">Una responsabilit\u00e0 per il futuro<\/h2>\n\n\n\n<p class=\"wp-block-paragraph\">\u00abLa Carta di Leuca non si firma. Si racconta\u00bb: perch\u00e9 raccontare significa assumersi la responsabilit\u00e0 di ci\u00f2 che si \u00e8 vissuto.<\/p>\n\n\n\n<p class=\"wp-block-paragraph\">Il Mediterraneo pu\u00f2 essere raccontato come un mare di conflitti, di migrazioni drammatiche, di frontiere e di paure, ma pu\u00f2 essere anche riconosciuto per ci\u00f2 che \u00e8 stato lungo tutta la sua storia: un luogo di scambio, di incontro, di contaminazione tra culture e popoli.<\/p>\n\n\n\n<p class=\"wp-block-paragraph\">La pace, allora, non significa cancellare le differenze; significa imparare a viverle senza trasformarle in muri ed \u00e8 proprio qui che l\u2019esperienza dei giovani acquista un valore particolare. Perch\u00e9 in quei giorni ragazzi provenienti da realt\u00e0 diverse hanno sperimentato concretamente ci\u00f2 che significa stare insieme, condividere una strada e ascoltare una storia diversa dalla propria.<\/p>\n\n\n\n<p class=\"wp-block-paragraph\">La Carta di Leuca lascia cos\u00ec Leuca con una domanda pi\u00f9 che con una conclusione: che cosa faremo, tornando a casa, di ci\u00f2 che abbiamo vissuto?<\/p>\n\n\n\n<p class=\"wp-block-paragraph\">La risposta non pu\u00f2 essere soltanto affidata ai grandi della Terra; la pace ha bisogno dei giovani. Ha bisogno di persone capaci di attraversare le differenze senza averne paura, di costruire relazioni invece di alimentare contrapposizioni.<\/p>\n\n\n\n<p class=\"wp-block-paragraph\">Per questo, Carta di Leuca \u00e8 importante: perch\u00e9 non consegna ai giovani soltanto un messaggio, ma affida loro una responsabilit\u00e0. E mentre il sole sorge sul Mediterraneo, i giovani della Carta di Leuca ci ricordano che il mare pu\u00f2 ancora essere un ponte. Un Mediterraneo di pace per un mondo in pace.<\/p>\n\n\n\n<p class=\"wp-block-paragraph\"><strong>Foto di Francesco Saracino<\/strong><\/p>\n\n\n\n<p class=\"wp-block-paragraph\"><\/p>\n","protected":false},"excerpt":{"rendered":"<p>Il meeting internazionale e interreligioso \u201cCarta di Leuca\u201d ha riunito, dal 10 al 14 agosto a Santa Maria di Leuca (Lecce), giovani di diversi Paesi del Mediterraneo attorno al tema \u00abMediterraneo di Pace per un mondo in Pace\u00bb. L\u2019incontro si \u00e8 concluso all\u2019alba del 14 agosto con la firma della Carta di Leuca per la &#8230; <a title=\"Europa, Italia | Carta di Leuca 2026: cammino di pace nel Mediterraneo\" class=\"read-more\" href=\"https:\/\/spaziospadoni.org\/it\/europa-italia-carta-di-leuca-2026-cammino-di-pace-nel-mediterraneo\/\" aria-label=\"Per saperne di pi\u00f9 su Europa, Italia | Carta di Leuca 2026: cammino di pace nel Mediterraneo\">Leggi tutto<\/a><\/p>\n","protected":false},"author":114,"featured_media":91901,"comment_status":"closed","ping_status":"closed","sticky":false,"template":"","format":"standard","meta":{"_sitemap_exclude":false,"_sitemap_priority":"","_sitemap_frequency":"","ss_featured_image_title":"","ss_featured_image_alt":"Il Cardinale Pierbattista Pizzaballa a Leuca","ss_featured_image_caption":"Il Cardinale Pierbattista Pizzaballa, Patriarca Latino di Gerusalemme, presente al raduno \"Carta di Leuca\"","footnotes":""},"categories":[103],"tags":[312,337,75,370],"class_list":["post-91782","post","type-post","status-publish","format-standard","has-post-thumbnail","hentry","category-dai-sogni-alle-opere","tag-cardinale","tag-impegno","tag-pace","tag-palestina","infinite-scroll-item","generate-columns","tablet-grid-50","mobile-grid-100","grid-parent","grid-50"],"yoast_head":"<!-- This site is optimized with the Yoast SEO plugin v28.4 - https:\/\/yoast.com\/product\/yoast-seo-wordpress\/ -->\n<title>Europa, Italia | Carta di Leuca 2026: giovani per la pace<\/title>\n<meta name=\"description\" content=\"La Carta di Leuca 2026 unisce i giovani del Mediterraneo per la pace: dal dialogo con Pizzaballa all&#039;eredit\u00e0 di don Tonino Bello ad Alessano.\" \/>\n<meta name=\"robots\" content=\"index, follow, max-snippet:-1, max-image-preview:large, max-video-preview:-1\" \/>\n<link rel=\"canonical\" href=\"https:\/\/spaziospadoni.org\/it\/europa-italia-carta-di-leuca-2026-cammino-di-pace-nel-mediterraneo\/\" \/>\n<meta property=\"og:locale\" content=\"it_IT\" \/>\n<meta property=\"og:type\" content=\"article\" \/>\n<meta property=\"og:title\" content=\"Europa, Italia | Carta di Leuca 2026: giovani per la pace\" \/>\n<meta property=\"og:description\" content=\"La Carta di Leuca 2026 unisce i giovani del Mediterraneo per la pace: dal dialogo con Pizzaballa all&#039;eredit\u00e0 di don Tonino Bello ad Alessano.\" \/>\n<meta property=\"og:url\" content=\"https:\/\/spaziospadoni.org\/it\/europa-italia-carta-di-leuca-2026-cammino-di-pace-nel-mediterraneo\/\" \/>\n<meta property=\"og:site_name\" content=\"spazio + spadoni\" \/>\n<meta property=\"article:publisher\" content=\"https:\/\/www.facebook.com\/SpazioSpadoni\/\" \/>\n<meta property=\"article:published_time\" content=\"2026-08-22T12:30:00+00:00\" \/>\n<meta property=\"article:modified_time\" content=\"2026-08-22T14:32:34+00:00\" \/>\n<meta property=\"og:image\" content=\"https:\/\/spaziospadoni.org\/wp-content\/uploads\/2026\/08\/pizzaballa-carta-leuca.webp\" \/>\n\t<meta property=\"og:image:width\" content=\"1200\" \/>\n\t<meta property=\"og:image:height\" content=\"900\" \/>\n\t<meta property=\"og:image:type\" content=\"image\/webp\" \/>\n<meta name=\"author\" content=\"Chiara Prontera\" \/>\n<meta name=\"twitter:card\" content=\"summary_large_image\" \/>\n<meta name=\"twitter:label1\" content=\"Scritto da\" \/>\n\t<meta name=\"twitter:data1\" content=\"Chiara Prontera\" \/>\n\t<meta name=\"twitter:label2\" content=\"Tempo di lettura stimato\" \/>\n\t<meta name=\"twitter:data2\" content=\"5 minuti\" \/>\n<script type=\"application\/ld+json\" class=\"yoast-schema-graph\">{\"@context\":\"https:\\\/\\\/schema.org\",\"@graph\":[{\"@type\":\"Article\",\"@id\":\"https:\\\/\\\/spaziospadoni.org\\\/it\\\/europa-italia-carta-di-leuca-2026-cammino-di-pace-nel-mediterraneo\\\/#article\",\"isPartOf\":{\"@id\":\"https:\\\/\\\/spaziospadoni.org\\\/it\\\/europa-italia-carta-di-leuca-2026-cammino-di-pace-nel-mediterraneo\\\/\"},\"author\":{\"name\":\"Chiara Prontera\",\"@id\":\"https:\\\/\\\/spaziospadoni.org\\\/it\\\/#\\\/schema\\\/person\\\/317507bb13cfcc9ffc054cebd11ca473\"},\"headline\":\"Europa, Italia | Carta di Leuca 2026: cammino di pace nel Mediterraneo\",\"datePublished\":\"2026-08-22T12:30:00+00:00\",\"dateModified\":\"2026-08-22T14:32:34+00:00\",\"mainEntityOfPage\":{\"@id\":\"https:\\\/\\\/spaziospadoni.org\\\/it\\\/europa-italia-carta-di-leuca-2026-cammino-di-pace-nel-mediterraneo\\\/\"},\"wordCount\":851,\"publisher\":{\"@id\":\"https:\\\/\\\/spaziospadoni.org\\\/it\\\/#organization\"},\"image\":{\"@id\":\"https:\\\/\\\/spaziospadoni.org\\\/it\\\/europa-italia-carta-di-leuca-2026-cammino-di-pace-nel-mediterraneo\\\/#primaryimage\"},\"thumbnailUrl\":\"https:\\\/\\\/spaziospadoni.org\\\/wp-content\\\/uploads\\\/2026\\\/08\\\/pizzaballa-carta-leuca.webp\",\"keywords\":[\"Cardinale\",\"impegno\",\"Pace\",\"Palestina\"],\"articleSection\":[\"Dai sogni alle opere\"],\"inLanguage\":\"it-IT\"},{\"@type\":\"WebPage\",\"@id\":\"https:\\\/\\\/spaziospadoni.org\\\/it\\\/europa-italia-carta-di-leuca-2026-cammino-di-pace-nel-mediterraneo\\\/\",\"url\":\"https:\\\/\\\/spaziospadoni.org\\\/it\\\/europa-italia-carta-di-leuca-2026-cammino-di-pace-nel-mediterraneo\\\/\",\"name\":\"Europa, Italia | Carta di Leuca 2026: giovani per la pace\",\"isPartOf\":{\"@id\":\"https:\\\/\\\/spaziospadoni.org\\\/it\\\/#website\"},\"primaryImageOfPage\":{\"@id\":\"https:\\\/\\\/spaziospadoni.org\\\/it\\\/europa-italia-carta-di-leuca-2026-cammino-di-pace-nel-mediterraneo\\\/#primaryimage\"},\"image\":{\"@id\":\"https:\\\/\\\/spaziospadoni.org\\\/it\\\/europa-italia-carta-di-leuca-2026-cammino-di-pace-nel-mediterraneo\\\/#primaryimage\"},\"thumbnailUrl\":\"https:\\\/\\\/spaziospadoni.org\\\/wp-content\\\/uploads\\\/2026\\\/08\\\/pizzaballa-carta-leuca.webp\",\"datePublished\":\"2026-08-22T12:30:00+00:00\",\"dateModified\":\"2026-08-22T14:32:34+00:00\",\"description\":\"La Carta di Leuca 2026 unisce i giovani del Mediterraneo per la pace: dal dialogo con Pizzaballa all'eredit\u00e0 di don Tonino Bello ad Alessano.\",\"breadcrumb\":{\"@id\":\"https:\\\/\\\/spaziospadoni.org\\\/it\\\/europa-italia-carta-di-leuca-2026-cammino-di-pace-nel-mediterraneo\\\/#breadcrumb\"},\"inLanguage\":\"it-IT\",\"potentialAction\":[{\"@type\":\"ReadAction\",\"target\":[\"https:\\\/\\\/spaziospadoni.org\\\/it\\\/europa-italia-carta-di-leuca-2026-cammino-di-pace-nel-mediterraneo\\\/\"]}]},{\"@type\":\"ImageObject\",\"inLanguage\":\"it-IT\",\"@id\":\"https:\\\/\\\/spaziospadoni.org\\\/it\\\/europa-italia-carta-di-leuca-2026-cammino-di-pace-nel-mediterraneo\\\/#primaryimage\",\"url\":\"https:\\\/\\\/spaziospadoni.org\\\/wp-content\\\/uploads\\\/2026\\\/08\\\/pizzaballa-carta-leuca.webp\",\"contentUrl\":\"https:\\\/\\\/spaziospadoni.org\\\/wp-content\\\/uploads\\\/2026\\\/08\\\/pizzaballa-carta-leuca.webp\",\"width\":1200,\"height\":900,\"caption\":\"Il Cardinale Pierbattista Pizzaballa, Patriarca Latino di Gerusalemme, presente al raduno \\\"Carta di Leuca\\\"\"},{\"@type\":\"BreadcrumbList\",\"@id\":\"https:\\\/\\\/spaziospadoni.org\\\/it\\\/europa-italia-carta-di-leuca-2026-cammino-di-pace-nel-mediterraneo\\\/#breadcrumb\",\"itemListElement\":[{\"@type\":\"ListItem\",\"position\":1,\"name\":\"Home\",\"item\":\"https:\\\/\\\/spaziospadoni.org\\\/it\\\/\"},{\"@type\":\"ListItem\",\"position\":2,\"name\":\"Europa, Italia | Carta di Leuca 2026: cammino di pace nel Mediterraneo\"}]},{\"@type\":\"WebSite\",\"@id\":\"https:\\\/\\\/spaziospadoni.org\\\/it\\\/#website\",\"url\":\"https:\\\/\\\/spaziospadoni.org\\\/it\\\/\",\"name\":\"spazio + spadoni\",\"description\":\"Generazione di misericordia e missione nel mondo\",\"publisher\":{\"@id\":\"https:\\\/\\\/spaziospadoni.org\\\/it\\\/#organization\"},\"alternateName\":\"spaziospadoni.org\",\"potentialAction\":[{\"@type\":\"SearchAction\",\"target\":{\"@type\":\"EntryPoint\",\"urlTemplate\":\"https:\\\/\\\/spaziospadoni.org\\\/it\\\/?s={search_term_string}\"},\"query-input\":{\"@type\":\"PropertyValueSpecification\",\"valueRequired\":true,\"valueName\":\"search_term_string\"}}],\"inLanguage\":\"it-IT\"},{\"@type\":\"Organization\",\"@id\":\"https:\\\/\\\/spaziospadoni.org\\\/it\\\/#organization\",\"name\":\"spazio + spadoni\",\"alternateName\":\"spaziospadoni.org\",\"url\":\"https:\\\/\\\/spaziospadoni.org\\\/it\\\/\",\"logo\":{\"@type\":\"ImageObject\",\"inLanguage\":\"it-IT\",\"@id\":\"https:\\\/\\\/spaziospadoni.org\\\/it\\\/#\\\/schema\\\/logo\\\/image\\\/\",\"url\":\"https:\\\/\\\/spaziospadoni.org\\\/wp-content\\\/uploads\\\/2026\\\/05\\\/spazio-spadoni-logo-100x100-1.webp\",\"contentUrl\":\"https:\\\/\\\/spaziospadoni.org\\\/wp-content\\\/uploads\\\/2026\\\/05\\\/spazio-spadoni-logo-100x100-1.webp\",\"width\":100,\"height\":100,\"caption\":\"spazio + spadoni\"},\"image\":{\"@id\":\"https:\\\/\\\/spaziospadoni.org\\\/it\\\/#\\\/schema\\\/logo\\\/image\\\/\"},\"sameAs\":[\"https:\\\/\\\/www.facebook.com\\\/SpazioSpadoni\\\/\",\"https:\\\/\\\/www.instagram.com\\\/spaziospadoni\\\/\",\"https:\\\/\\\/www.youtube.com\\\/@spaziospadoni\\\/playlists\"]},{\"@type\":\"Person\",\"@id\":\"https:\\\/\\\/spaziospadoni.org\\\/it\\\/#\\\/schema\\\/person\\\/317507bb13cfcc9ffc054cebd11ca473\",\"name\":\"Chiara Prontera\",\"image\":{\"@type\":\"ImageObject\",\"inLanguage\":\"it-IT\",\"@id\":\"https:\\\/\\\/secure.gravatar.com\\\/avatar\\\/3199cd50f7375f53b1b8e590a38c5004f9725997ff956a7773be4b95c4f6fc89?s=96&d=mm&r=g\",\"url\":\"https:\\\/\\\/secure.gravatar.com\\\/avatar\\\/3199cd50f7375f53b1b8e590a38c5004f9725997ff956a7773be4b95c4f6fc89?s=96&d=mm&r=g\",\"contentUrl\":\"https:\\\/\\\/secure.gravatar.com\\\/avatar\\\/3199cd50f7375f53b1b8e590a38c5004f9725997ff956a7773be4b95c4f6fc89?s=96&d=mm&r=g\",\"caption\":\"Chiara Prontera\"},\"description\":\"Chiara Prontera ha 26 anni e vive a Morciano, un piccolo paese vicino Santa Maria di Leuca, in provincia di Lecce. Nel 2024, ha conseguito la Laurea in Scienze politiche, Relazioni internazionali e Diritti umani all\u2019Universit\u00e0 di Padova e poco dopo \u00e8 partita a Belgrado, con il progetto Caschi Bianchi promosso da Caritas Italiana. L\u00ec ha svolto il suo servizio nel campo profughi di Obrenovac. Attualmente, sta svolgendo un tirocinio in Caritas, nella diocesi di Ugento-S.M di Leuca.\",\"url\":\"https:\\\/\\\/spaziospadoni.org\\\/it\\\/author\\\/chipontespspadoni\\\/\"}]}<\/script>\n<!-- \/ Yoast SEO plugin. -->","yoast_head_json":{"title":"Europa, Italia | Carta di Leuca 2026: giovani per la pace","description":"La Carta di Leuca 2026 unisce i giovani del Mediterraneo per la pace: dal dialogo con Pizzaballa all'eredit\u00e0 di don Tonino Bello ad Alessano.","robots":{"index":"index","follow":"follow","max-snippet":"max-snippet:-1","max-image-preview":"max-image-preview:large","max-video-preview":"max-video-preview:-1"},"canonical":"https:\/\/spaziospadoni.org\/it\/europa-italia-carta-di-leuca-2026-cammino-di-pace-nel-mediterraneo\/","og_locale":"it_IT","og_type":"article","og_title":"Europa, Italia | Carta di Leuca 2026: giovani per la pace","og_description":"La Carta di Leuca 2026 unisce i giovani del Mediterraneo per la pace: dal dialogo con Pizzaballa all'eredit\u00e0 di don Tonino Bello ad Alessano.","og_url":"https:\/\/spaziospadoni.org\/it\/europa-italia-carta-di-leuca-2026-cammino-di-pace-nel-mediterraneo\/","og_site_name":"spazio + spadoni","article_publisher":"https:\/\/www.facebook.com\/SpazioSpadoni\/","article_published_time":"2026-08-22T12:30:00+00:00","article_modified_time":"2026-08-22T14:32:34+00:00","og_image":[{"width":1200,"height":900,"url":"https:\/\/spaziospadoni.org\/wp-content\/uploads\/2026\/08\/pizzaballa-carta-leuca.webp","type":"image\/webp"}],"author":"Chiara Prontera","twitter_card":"summary_large_image","twitter_misc":{"Scritto da":"Chiara Prontera","Tempo di lettura stimato":"5 minuti"},"schema":{"@context":"https:\/\/schema.org","@graph":[{"@type":"Article","@id":"https:\/\/spaziospadoni.org\/it\/europa-italia-carta-di-leuca-2026-cammino-di-pace-nel-mediterraneo\/#article","isPartOf":{"@id":"https:\/\/spaziospadoni.org\/it\/europa-italia-carta-di-leuca-2026-cammino-di-pace-nel-mediterraneo\/"},"author":{"name":"Chiara Prontera","@id":"https:\/\/spaziospadoni.org\/it\/#\/schema\/person\/317507bb13cfcc9ffc054cebd11ca473"},"headline":"Europa, Italia | Carta di Leuca 2026: cammino di pace nel Mediterraneo","datePublished":"2026-08-22T12:30:00+00:00","dateModified":"2026-08-22T14:32:34+00:00","mainEntityOfPage":{"@id":"https:\/\/spaziospadoni.org\/it\/europa-italia-carta-di-leuca-2026-cammino-di-pace-nel-mediterraneo\/"},"wordCount":851,"publisher":{"@id":"https:\/\/spaziospadoni.org\/it\/#organization"},"image":{"@id":"https:\/\/spaziospadoni.org\/it\/europa-italia-carta-di-leuca-2026-cammino-di-pace-nel-mediterraneo\/#primaryimage"},"thumbnailUrl":"https:\/\/spaziospadoni.org\/wp-content\/uploads\/2026\/08\/pizzaballa-carta-leuca.webp","keywords":["Cardinale","impegno","Pace","Palestina"],"articleSection":["Dai sogni alle opere"],"inLanguage":"it-IT"},{"@type":"WebPage","@id":"https:\/\/spaziospadoni.org\/it\/europa-italia-carta-di-leuca-2026-cammino-di-pace-nel-mediterraneo\/","url":"https:\/\/spaziospadoni.org\/it\/europa-italia-carta-di-leuca-2026-cammino-di-pace-nel-mediterraneo\/","name":"Europa, Italia | Carta di Leuca 2026: giovani per la pace","isPartOf":{"@id":"https:\/\/spaziospadoni.org\/it\/#website"},"primaryImageOfPage":{"@id":"https:\/\/spaziospadoni.org\/it\/europa-italia-carta-di-leuca-2026-cammino-di-pace-nel-mediterraneo\/#primaryimage"},"image":{"@id":"https:\/\/spaziospadoni.org\/it\/europa-italia-carta-di-leuca-2026-cammino-di-pace-nel-mediterraneo\/#primaryimage"},"thumbnailUrl":"https:\/\/spaziospadoni.org\/wp-content\/uploads\/2026\/08\/pizzaballa-carta-leuca.webp","datePublished":"2026-08-22T12:30:00+00:00","dateModified":"2026-08-22T14:32:34+00:00","description":"La Carta di Leuca 2026 unisce i giovani del Mediterraneo per la pace: dal dialogo con Pizzaballa all'eredit\u00e0 di don Tonino Bello ad Alessano.","breadcrumb":{"@id":"https:\/\/spaziospadoni.org\/it\/europa-italia-carta-di-leuca-2026-cammino-di-pace-nel-mediterraneo\/#breadcrumb"},"inLanguage":"it-IT","potentialAction":[{"@type":"ReadAction","target":["https:\/\/spaziospadoni.org\/it\/europa-italia-carta-di-leuca-2026-cammino-di-pace-nel-mediterraneo\/"]}]},{"@type":"ImageObject","inLanguage":"it-IT","@id":"https:\/\/spaziospadoni.org\/it\/europa-italia-carta-di-leuca-2026-cammino-di-pace-nel-mediterraneo\/#primaryimage","url":"https:\/\/spaziospadoni.org\/wp-content\/uploads\/2026\/08\/pizzaballa-carta-leuca.webp","contentUrl":"https:\/\/spaziospadoni.org\/wp-content\/uploads\/2026\/08\/pizzaballa-carta-leuca.webp","width":1200,"height":900,"caption":"Il Cardinale Pierbattista Pizzaballa, Patriarca Latino di Gerusalemme, presente al raduno \"Carta di Leuca\""},{"@type":"BreadcrumbList","@id":"https:\/\/spaziospadoni.org\/it\/europa-italia-carta-di-leuca-2026-cammino-di-pace-nel-mediterraneo\/#breadcrumb","itemListElement":[{"@type":"ListItem","position":1,"name":"Home","item":"https:\/\/spaziospadoni.org\/it\/"},{"@type":"ListItem","position":2,"name":"Europa, Italia | Carta di Leuca 2026: cammino di pace nel Mediterraneo"}]},{"@type":"WebSite","@id":"https:\/\/spaziospadoni.org\/it\/#website","url":"https:\/\/spaziospadoni.org\/it\/","name":"spazio + spadoni","description":"Generazione di misericordia e missione nel mondo","publisher":{"@id":"https:\/\/spaziospadoni.org\/it\/#organization"},"alternateName":"spaziospadoni.org","potentialAction":[{"@type":"SearchAction","target":{"@type":"EntryPoint","urlTemplate":"https:\/\/spaziospadoni.org\/it\/?s={search_term_string}"},"query-input":{"@type":"PropertyValueSpecification","valueRequired":true,"valueName":"search_term_string"}}],"inLanguage":"it-IT"},{"@type":"Organization","@id":"https:\/\/spaziospadoni.org\/it\/#organization","name":"spazio + spadoni","alternateName":"spaziospadoni.org","url":"https:\/\/spaziospadoni.org\/it\/","logo":{"@type":"ImageObject","inLanguage":"it-IT","@id":"https:\/\/spaziospadoni.org\/it\/#\/schema\/logo\/image\/","url":"https:\/\/spaziospadoni.org\/wp-content\/uploads\/2026\/05\/spazio-spadoni-logo-100x100-1.webp","contentUrl":"https:\/\/spaziospadoni.org\/wp-content\/uploads\/2026\/05\/spazio-spadoni-logo-100x100-1.webp","width":100,"height":100,"caption":"spazio + spadoni"},"image":{"@id":"https:\/\/spaziospadoni.org\/it\/#\/schema\/logo\/image\/"},"sameAs":["https:\/\/www.facebook.com\/SpazioSpadoni\/","https:\/\/www.instagram.com\/spaziospadoni\/","https:\/\/www.youtube.com\/@spaziospadoni\/playlists"]},{"@type":"Person","@id":"https:\/\/spaziospadoni.org\/it\/#\/schema\/person\/317507bb13cfcc9ffc054cebd11ca473","name":"Chiara Prontera","image":{"@type":"ImageObject","inLanguage":"it-IT","@id":"https:\/\/secure.gravatar.com\/avatar\/3199cd50f7375f53b1b8e590a38c5004f9725997ff956a7773be4b95c4f6fc89?s=96&d=mm&r=g","url":"https:\/\/secure.gravatar.com\/avatar\/3199cd50f7375f53b1b8e590a38c5004f9725997ff956a7773be4b95c4f6fc89?s=96&d=mm&r=g","contentUrl":"https:\/\/secure.gravatar.com\/avatar\/3199cd50f7375f53b1b8e590a38c5004f9725997ff956a7773be4b95c4f6fc89?s=96&d=mm&r=g","caption":"Chiara Prontera"},"description":"Chiara Prontera ha 26 anni e vive a Morciano, un piccolo paese vicino Santa Maria di Leuca, in provincia di Lecce. Nel 2024, ha conseguito la Laurea in Scienze politiche, Relazioni internazionali e Diritti umani all\u2019Universit\u00e0 di Padova e poco dopo \u00e8 partita a Belgrado, con il progetto Caschi Bianchi promosso da Caritas Italiana. L\u00ec ha svolto il suo servizio nel campo profughi di Obrenovac. Attualmente, sta svolgendo un tirocinio in Caritas, nella diocesi di Ugento-S.M di Leuca.","url":"https:\/\/spaziospadoni.org\/it\/author\/chipontespspadoni\/"}]}},"_links":{"self":[{"href":"https:\/\/spaziospadoni.org\/it\/wp-json\/wp\/v2\/posts\/91782","targetHints":{"allow":["GET"]}}],"collection":[{"href":"https:\/\/spaziospadoni.org\/it\/wp-json\/wp\/v2\/posts"}],"about":[{"href":"https:\/\/spaziospadoni.org\/it\/wp-json\/wp\/v2\/types\/post"}],"author":[{"embeddable":true,"href":"https:\/\/spaziospadoni.org\/it\/wp-json\/wp\/v2\/users\/114"}],"replies":[{"embeddable":true,"href":"https:\/\/spaziospadoni.org\/it\/wp-json\/wp\/v2\/comments?post=91782"}],"version-history":[{"count":3,"href":"https:\/\/spaziospadoni.org\/it\/wp-json\/wp\/v2\/posts\/91782\/revisions"}],"predecessor-version":[{"id":91902,"href":"https:\/\/spaziospadoni.org\/it\/wp-json\/wp\/v2\/posts\/91782\/revisions\/91902"}],"wp:featuredmedia":[{"embeddable":true,"href":"https:\/\/spaziospadoni.org\/it\/wp-json\/wp\/v2\/media\/91901"}],"wp:attachment":[{"href":"https:\/\/spaziospadoni.org\/it\/wp-json\/wp\/v2\/media?parent=91782"}],"wp:term":[{"taxonomy":"category","embeddable":true,"href":"https:\/\/spaziospadoni.org\/it\/wp-json\/wp\/v2\/categories?post=91782"},{"taxonomy":"post_tag","embeddable":true,"href":"https:\/\/spaziospadoni.org\/it\/wp-json\/wp\/v2\/tags?post=91782"}],"curies":[{"name":"wp","href":"https:\/\/api.w.org\/{rel}","templated":true}]}}