{"id":92132,"date":"2026-08-25T07:00:00","date_gmt":"2026-08-25T06:00:00","guid":{"rendered":"https:\/\/spaziospadoni.org\/?p=92132"},"modified":"2026-08-26T14:22:14","modified_gmt":"2026-08-26T13:22:14","slug":"africa-repubblica-democratica-del-congo-quando-la-misericordia-ha-sostenuto-goma","status":"publish","type":"post","link":"https:\/\/spaziospadoni.org\/it\/africa-repubblica-democratica-del-congo-quando-la-misericordia-ha-sostenuto-goma\/","title":{"rendered":"Africa, Repubblica Democratica del Congo | Quando la misericordia ha sostenuto Goma"},"content":{"rendered":"\n<p class=\"wp-block-paragraph\">Il 28 gennaio 2025, abbiamo assistito alla caduta della citt\u00e0 di Goma, nell\u2019Est della Repubblica Democratica del Congo. <\/p>\n\n\n\n<p class=\"wp-block-paragraph\">Quel giorno, il rumore delle armi ha coperto le voci. Donne e bambini, traumatizzati, riportavano gravi ferite. E, purtroppo, senza alcuna consolazione. Per due settimane Goma \u00e8 rimasta senza elettricit\u00e0, senza acqua, senza internet.<\/p>\n\n\n\n<p class=\"wp-block-paragraph\">Nel buio, la popolazione \u00e8 sopravvissuta. Non grazie ai mezzi a disposizione. Ma grazie alla resilienza. Grazie alla misericordia.<\/p>\n\n\n\n<h2 id=\"aprire-la-propria-porta-quando-manca-tutto\" class=\"wp-block-heading\">Aprire la propria porta quando manca tutto<\/h2>\n\n\n\n<p class=\"wp-block-paragraph\">A casa mia sapevo di non avere abbastanza per due settimane. Ma due famiglie in fuga hanno bussato alla mia porta. Non potevo dire di no. Abbiamo condiviso ci\u00f2 che avevamo: un po\u2019 di cibo, dell\u2019acqua recuperata, una stuoia per terra. <\/p>\n\n\n\n<p class=\"wp-block-paragraph\">Era \u00abaccogliere lo straniero\u00bb, \u00abdare da mangiare agli affamati\u00bb, \u00abconsolare gli afflitti\u00bb. Grazie a Dio, insieme siamo riusciti a resistere. Insieme abbiamo superato queste calamit\u00e0.<\/p>\n\n\n\n<h2 id=\"la-misericordia-che-diventa-mediazione\" class=\"wp-block-heading\">La misericordia che diventa mediazione<\/h2>\n\n\n\n<p class=\"wp-block-paragraph\">Oggi, con la nascita del Centro Africano per la Pace, la Mediazione e la Diplomazia &#8211; CAPMD-UNIM, vogliamo andare oltre. Facciamo ormai parte di questo Centro per valorizzare le nostre ricerche e le nostre azioni. <\/p>\n\n\n\n<p class=\"wp-block-paragraph\">La nostra missione \u00e8 semplice: ASCOLTARE \u2013 DIALOGARE \u2013 RICONCILIARE \u2013 RISOLVERE. Perch\u00e9 questa parte del Paese vive guerre da decenni. E noi crediamo che la pace passi anche attraverso la mediazione.<\/p>\n\n\n\n<h2 id=\"raccontare-perche-il-bene-si-moltiplichi\" class=\"wp-block-heading\">Raccontare perch\u00e9 il bene si moltiplichi<\/h2>\n\n\n\n<p class=\"wp-block-paragraph\">Oggi il Movimento spazio + spadoni ci invita a raccontare \u00abtutto il bene che esiste\u00bb. Perci\u00f2 rendo questa testimonianza, perch\u00e9 ho visto con i miei occhi: anche nel cuore della caduta di una citt\u00e0, ci sono porte che si aprono. <\/p>\n\n\n\n<p class=\"wp-block-paragraph\">Possa la storia di Goma raggiungere altri cuori nel mondo attraverso spazio + spadoni.<\/p>\n\n\n\n<p class=\"wp-block-paragraph\">La misericordia non ha spento la guerra. Ma ha impedito che l\u2019umanit\u00e0 si spegnesse.<\/p>\n\n\n\n<p class=\"wp-block-paragraph\"><strong>Foto di Destin Byandike<\/strong><\/p>\n\n\n\n<p class=\"wp-block-paragraph\"><\/p>\n","protected":false},"excerpt":{"rendered":"<p>Il 28 gennaio 2025, abbiamo assistito alla caduta della citt\u00e0 di Goma, nell\u2019Est della Repubblica Democratica del Congo. Quel giorno, il rumore delle armi ha coperto le voci. Donne e bambini, traumatizzati, riportavano gravi ferite. E, purtroppo, senza alcuna consolazione. Per due settimane Goma \u00e8 rimasta senza elettricit\u00e0, senza acqua, senza internet. Nel buio, la &#8230; <a title=\"Africa, Repubblica Democratica del Congo | Quando la misericordia ha sostenuto Goma\" class=\"read-more\" href=\"https:\/\/spaziospadoni.org\/it\/africa-repubblica-democratica-del-congo-quando-la-misericordia-ha-sostenuto-goma\/\" aria-label=\"Per saperne di pi\u00f9 su Africa, Repubblica Democratica del Congo | Quando la misericordia ha sostenuto Goma\">Leggi tutto<\/a><\/p>\n","protected":false},"author":111,"featured_media":92133,"comment_status":"closed","ping_status":"closed","sticky":false,"template":"","format":"standard","meta":{"_sitemap_exclude":false,"_sitemap_priority":"","_sitemap_frequency":"","ss_featured_image_title":"","ss_featured_image_alt":"","ss_featured_image_caption":"","footnotes":""},"categories":[86],"tags":[355,69,441,430],"class_list":["post-92132","post","type-post","status-publish","format-standard","has-post-thumbnail","hentry","category-fatti-di-misericordia","tag-goma","tag-guerra","tag-misericordiosi","tag-repubblica-democratica-del-congo","infinite-scroll-item","generate-columns","tablet-grid-50","mobile-grid-100","grid-parent","grid-50"],"yoast_head":"<!-- This site is optimized with the Yoast SEO plugin v28.4 - https:\/\/yoast.com\/product\/yoast-seo-wordpress\/ -->\n<title>Africa, RD Congo | La forza della misericordia a Goma<\/title>\n<meta name=\"description\" content=\"La testimonianza della caduta di Goma nel 2025: la misericordia, l&#039;accoglienza tra famiglie e l&#039;impegno per la pace del Centro CAPMD-UNIM.\" \/>\n<meta name=\"robots\" content=\"index, follow, max-snippet:-1, max-image-preview:large, max-video-preview:-1\" \/>\n<link rel=\"canonical\" href=\"https:\/\/spaziospadoni.org\/it\/africa-repubblica-democratica-del-congo-quando-la-misericordia-ha-sostenuto-goma\/\" \/>\n<meta property=\"og:locale\" content=\"it_IT\" \/>\n<meta property=\"og:type\" content=\"article\" \/>\n<meta property=\"og:title\" content=\"Africa, RD Congo | La forza della misericordia a Goma\" \/>\n<meta property=\"og:description\" content=\"La testimonianza della caduta di Goma nel 2025: la misericordia, l&#039;accoglienza tra famiglie e l&#039;impegno per la pace del Centro CAPMD-UNIM.\" \/>\n<meta property=\"og:url\" content=\"https:\/\/spaziospadoni.org\/it\/africa-repubblica-democratica-del-congo-quando-la-misericordia-ha-sostenuto-goma\/\" \/>\n<meta property=\"og:site_name\" content=\"spazio + spadoni\" \/>\n<meta property=\"article:publisher\" content=\"https:\/\/www.facebook.com\/SpazioSpadoni\/\" \/>\n<meta property=\"article:published_time\" content=\"2026-08-25T06:00:00+00:00\" \/>\n<meta property=\"article:modified_time\" content=\"2026-08-26T13:22:14+00:00\" \/>\n<meta property=\"og:image\" content=\"https:\/\/spaziospadoni.org\/wp-content\/uploads\/2026\/08\/repubblica-democratica-congo-remi.webp\" \/>\n\t<meta property=\"og:image:width\" content=\"1200\" \/>\n\t<meta property=\"og:image:height\" content=\"674\" \/>\n\t<meta property=\"og:image:type\" content=\"image\/webp\" \/>\n<meta name=\"author\" content=\"Destin Byandike\" \/>\n<meta name=\"twitter:card\" content=\"summary_large_image\" \/>\n<meta name=\"twitter:label1\" content=\"Scritto da\" \/>\n\t<meta name=\"twitter:data1\" content=\"Destin Byandike\" \/>\n\t<meta name=\"twitter:label2\" content=\"Tempo di lettura stimato\" \/>\n\t<meta name=\"twitter:data2\" content=\"2 minuti\" \/>\n<script type=\"application\/ld+json\" class=\"yoast-schema-graph\">{\"@context\":\"https:\\\/\\\/schema.org\",\"@graph\":[{\"@type\":\"Article\",\"@id\":\"https:\\\/\\\/spaziospadoni.org\\\/it\\\/africa-repubblica-democratica-del-congo-quando-la-misericordia-ha-sostenuto-goma\\\/#article\",\"isPartOf\":{\"@id\":\"https:\\\/\\\/spaziospadoni.org\\\/it\\\/africa-repubblica-democratica-del-congo-quando-la-misericordia-ha-sostenuto-goma\\\/\"},\"author\":{\"name\":\"Destin Byandike\",\"@id\":\"https:\\\/\\\/spaziospadoni.org\\\/it\\\/#\\\/schema\\\/person\\\/6297cff4ad988760cee72bb3f83e078f\"},\"headline\":\"Africa, Repubblica Democratica del Congo | Quando la misericordia ha sostenuto Goma\",\"datePublished\":\"2026-08-25T06:00:00+00:00\",\"dateModified\":\"2026-08-26T13:22:14+00:00\",\"mainEntityOfPage\":{\"@id\":\"https:\\\/\\\/spaziospadoni.org\\\/it\\\/africa-repubblica-democratica-del-congo-quando-la-misericordia-ha-sostenuto-goma\\\/\"},\"wordCount\":298,\"publisher\":{\"@id\":\"https:\\\/\\\/spaziospadoni.org\\\/it\\\/#organization\"},\"image\":{\"@id\":\"https:\\\/\\\/spaziospadoni.org\\\/it\\\/africa-repubblica-democratica-del-congo-quando-la-misericordia-ha-sostenuto-goma\\\/#primaryimage\"},\"thumbnailUrl\":\"https:\\\/\\\/spaziospadoni.org\\\/wp-content\\\/uploads\\\/2026\\\/08\\\/repubblica-democratica-congo-remi.webp\",\"keywords\":[\"Goma\",\"Guerra\",\"misericordiosi\",\"Repubblica Democratica del Congo\"],\"articleSection\":[\"Fatti di misericordia\"],\"inLanguage\":\"it-IT\"},{\"@type\":\"WebPage\",\"@id\":\"https:\\\/\\\/spaziospadoni.org\\\/it\\\/africa-repubblica-democratica-del-congo-quando-la-misericordia-ha-sostenuto-goma\\\/\",\"url\":\"https:\\\/\\\/spaziospadoni.org\\\/it\\\/africa-repubblica-democratica-del-congo-quando-la-misericordia-ha-sostenuto-goma\\\/\",\"name\":\"Africa, RD Congo | La forza della misericordia a Goma\",\"isPartOf\":{\"@id\":\"https:\\\/\\\/spaziospadoni.org\\\/it\\\/#website\"},\"primaryImageOfPage\":{\"@id\":\"https:\\\/\\\/spaziospadoni.org\\\/it\\\/africa-repubblica-democratica-del-congo-quando-la-misericordia-ha-sostenuto-goma\\\/#primaryimage\"},\"image\":{\"@id\":\"https:\\\/\\\/spaziospadoni.org\\\/it\\\/africa-repubblica-democratica-del-congo-quando-la-misericordia-ha-sostenuto-goma\\\/#primaryimage\"},\"thumbnailUrl\":\"https:\\\/\\\/spaziospadoni.org\\\/wp-content\\\/uploads\\\/2026\\\/08\\\/repubblica-democratica-congo-remi.webp\",\"datePublished\":\"2026-08-25T06:00:00+00:00\",\"dateModified\":\"2026-08-26T13:22:14+00:00\",\"description\":\"La testimonianza della caduta di Goma nel 2025: la misericordia, l'accoglienza tra famiglie e l'impegno per la pace del Centro CAPMD-UNIM.\",\"breadcrumb\":{\"@id\":\"https:\\\/\\\/spaziospadoni.org\\\/it\\\/africa-repubblica-democratica-del-congo-quando-la-misericordia-ha-sostenuto-goma\\\/#breadcrumb\"},\"inLanguage\":\"it-IT\",\"potentialAction\":[{\"@type\":\"ReadAction\",\"target\":[\"https:\\\/\\\/spaziospadoni.org\\\/it\\\/africa-repubblica-democratica-del-congo-quando-la-misericordia-ha-sostenuto-goma\\\/\"]}]},{\"@type\":\"ImageObject\",\"inLanguage\":\"it-IT\",\"@id\":\"https:\\\/\\\/spaziospadoni.org\\\/it\\\/africa-repubblica-democratica-del-congo-quando-la-misericordia-ha-sostenuto-goma\\\/#primaryimage\",\"url\":\"https:\\\/\\\/spaziospadoni.org\\\/wp-content\\\/uploads\\\/2026\\\/08\\\/repubblica-democratica-congo-remi.webp\",\"contentUrl\":\"https:\\\/\\\/spaziospadoni.org\\\/wp-content\\\/uploads\\\/2026\\\/08\\\/repubblica-democratica-congo-remi.webp\",\"width\":1200,\"height\":674},{\"@type\":\"BreadcrumbList\",\"@id\":\"https:\\\/\\\/spaziospadoni.org\\\/it\\\/africa-repubblica-democratica-del-congo-quando-la-misericordia-ha-sostenuto-goma\\\/#breadcrumb\",\"itemListElement\":[{\"@type\":\"ListItem\",\"position\":1,\"name\":\"Home\",\"item\":\"https:\\\/\\\/spaziospadoni.org\\\/it\\\/\"},{\"@type\":\"ListItem\",\"position\":2,\"name\":\"Africa, Repubblica Democratica del Congo | Quando la misericordia ha sostenuto Goma\"}]},{\"@type\":\"WebSite\",\"@id\":\"https:\\\/\\\/spaziospadoni.org\\\/it\\\/#website\",\"url\":\"https:\\\/\\\/spaziospadoni.org\\\/it\\\/\",\"name\":\"spazio + spadoni\",\"description\":\"Generazione di misericordia e missione nel mondo\",\"publisher\":{\"@id\":\"https:\\\/\\\/spaziospadoni.org\\\/it\\\/#organization\"},\"alternateName\":\"spaziospadoni.org\",\"potentialAction\":[{\"@type\":\"SearchAction\",\"target\":{\"@type\":\"EntryPoint\",\"urlTemplate\":\"https:\\\/\\\/spaziospadoni.org\\\/it\\\/?s={search_term_string}\"},\"query-input\":{\"@type\":\"PropertyValueSpecification\",\"valueRequired\":true,\"valueName\":\"search_term_string\"}}],\"inLanguage\":\"it-IT\"},{\"@type\":\"Organization\",\"@id\":\"https:\\\/\\\/spaziospadoni.org\\\/it\\\/#organization\",\"name\":\"spazio + spadoni\",\"alternateName\":\"spaziospadoni.org\",\"url\":\"https:\\\/\\\/spaziospadoni.org\\\/it\\\/\",\"logo\":{\"@type\":\"ImageObject\",\"inLanguage\":\"it-IT\",\"@id\":\"https:\\\/\\\/spaziospadoni.org\\\/it\\\/#\\\/schema\\\/logo\\\/image\\\/\",\"url\":\"https:\\\/\\\/spaziospadoni.org\\\/wp-content\\\/uploads\\\/2026\\\/05\\\/spazio-spadoni-logo-100x100-1.webp\",\"contentUrl\":\"https:\\\/\\\/spaziospadoni.org\\\/wp-content\\\/uploads\\\/2026\\\/05\\\/spazio-spadoni-logo-100x100-1.webp\",\"width\":100,\"height\":100,\"caption\":\"spazio + spadoni\"},\"image\":{\"@id\":\"https:\\\/\\\/spaziospadoni.org\\\/it\\\/#\\\/schema\\\/logo\\\/image\\\/\"},\"sameAs\":[\"https:\\\/\\\/www.facebook.com\\\/SpazioSpadoni\\\/\",\"https:\\\/\\\/www.instagram.com\\\/spaziospadoni\\\/\",\"https:\\\/\\\/www.youtube.com\\\/@spaziospadoni\\\/playlists\"]},{\"@type\":\"Person\",\"@id\":\"https:\\\/\\\/spaziospadoni.org\\\/it\\\/#\\\/schema\\\/person\\\/6297cff4ad988760cee72bb3f83e078f\",\"name\":\"Destin Byandike\",\"image\":{\"@type\":\"ImageObject\",\"inLanguage\":\"it-IT\",\"@id\":\"https:\\\/\\\/secure.gravatar.com\\\/avatar\\\/fd5587495a9a6aa30e738c0964461efb38a880d11d17dd49b6ecbb17fb18d017?s=96&d=mm&r=g\",\"url\":\"https:\\\/\\\/secure.gravatar.com\\\/avatar\\\/fd5587495a9a6aa30e738c0964461efb38a880d11d17dd49b6ecbb17fb18d017?s=96&d=mm&r=g\",\"contentUrl\":\"https:\\\/\\\/secure.gravatar.com\\\/avatar\\\/fd5587495a9a6aa30e738c0964461efb38a880d11d17dd49b6ecbb17fb18d017?s=96&d=mm&r=g\",\"caption\":\"Destin Byandike\"},\"description\":\"Cittadino della Repubblica Democratica del Congo. Autore e ricercatore nel campo della pace nella RDC. Specializzato in cooperazione internazionale e negoziazione strategica presso la Scuola Nazionale di Diplomazia, Negoziazione e Mediazione dell\u2019Universit\u00e0 dei Martiri del Congo. Svolge le sue attivit\u00e0 di ricerca presso l\u2019Universit\u00e0 dei Martiri del Congo ed \u00e8 ricercatore associato alla Revue Africaine des Sciences Sociales, con sede in Camerun.\",\"url\":\"https:\\\/\\\/spaziospadoni.org\\\/it\\\/author\\\/ddyandikespspadoni\\\/\"}]}<\/script>\n<!-- \/ Yoast SEO plugin. -->","yoast_head_json":{"title":"Africa, RD Congo | La forza della misericordia a Goma","description":"La testimonianza della caduta di Goma nel 2025: la misericordia, l'accoglienza tra famiglie e l'impegno per la pace del Centro CAPMD-UNIM.","robots":{"index":"index","follow":"follow","max-snippet":"max-snippet:-1","max-image-preview":"max-image-preview:large","max-video-preview":"max-video-preview:-1"},"canonical":"https:\/\/spaziospadoni.org\/it\/africa-repubblica-democratica-del-congo-quando-la-misericordia-ha-sostenuto-goma\/","og_locale":"it_IT","og_type":"article","og_title":"Africa, RD Congo | La forza della misericordia a Goma","og_description":"La testimonianza della caduta di Goma nel 2025: la misericordia, l'accoglienza tra famiglie e l'impegno per la pace del Centro CAPMD-UNIM.","og_url":"https:\/\/spaziospadoni.org\/it\/africa-repubblica-democratica-del-congo-quando-la-misericordia-ha-sostenuto-goma\/","og_site_name":"spazio + spadoni","article_publisher":"https:\/\/www.facebook.com\/SpazioSpadoni\/","article_published_time":"2026-08-25T06:00:00+00:00","article_modified_time":"2026-08-26T13:22:14+00:00","og_image":[{"width":1200,"height":674,"url":"https:\/\/spaziospadoni.org\/wp-content\/uploads\/2026\/08\/repubblica-democratica-congo-remi.webp","type":"image\/webp"}],"author":"Destin Byandike","twitter_card":"summary_large_image","twitter_misc":{"Scritto da":"Destin Byandike","Tempo di lettura stimato":"2 minuti"},"schema":{"@context":"https:\/\/schema.org","@graph":[{"@type":"Article","@id":"https:\/\/spaziospadoni.org\/it\/africa-repubblica-democratica-del-congo-quando-la-misericordia-ha-sostenuto-goma\/#article","isPartOf":{"@id":"https:\/\/spaziospadoni.org\/it\/africa-repubblica-democratica-del-congo-quando-la-misericordia-ha-sostenuto-goma\/"},"author":{"name":"Destin Byandike","@id":"https:\/\/spaziospadoni.org\/it\/#\/schema\/person\/6297cff4ad988760cee72bb3f83e078f"},"headline":"Africa, Repubblica Democratica del Congo | Quando la misericordia ha sostenuto Goma","datePublished":"2026-08-25T06:00:00+00:00","dateModified":"2026-08-26T13:22:14+00:00","mainEntityOfPage":{"@id":"https:\/\/spaziospadoni.org\/it\/africa-repubblica-democratica-del-congo-quando-la-misericordia-ha-sostenuto-goma\/"},"wordCount":298,"publisher":{"@id":"https:\/\/spaziospadoni.org\/it\/#organization"},"image":{"@id":"https:\/\/spaziospadoni.org\/it\/africa-repubblica-democratica-del-congo-quando-la-misericordia-ha-sostenuto-goma\/#primaryimage"},"thumbnailUrl":"https:\/\/spaziospadoni.org\/wp-content\/uploads\/2026\/08\/repubblica-democratica-congo-remi.webp","keywords":["Goma","Guerra","misericordiosi","Repubblica Democratica del Congo"],"articleSection":["Fatti di misericordia"],"inLanguage":"it-IT"},{"@type":"WebPage","@id":"https:\/\/spaziospadoni.org\/it\/africa-repubblica-democratica-del-congo-quando-la-misericordia-ha-sostenuto-goma\/","url":"https:\/\/spaziospadoni.org\/it\/africa-repubblica-democratica-del-congo-quando-la-misericordia-ha-sostenuto-goma\/","name":"Africa, RD Congo | La forza della misericordia a Goma","isPartOf":{"@id":"https:\/\/spaziospadoni.org\/it\/#website"},"primaryImageOfPage":{"@id":"https:\/\/spaziospadoni.org\/it\/africa-repubblica-democratica-del-congo-quando-la-misericordia-ha-sostenuto-goma\/#primaryimage"},"image":{"@id":"https:\/\/spaziospadoni.org\/it\/africa-repubblica-democratica-del-congo-quando-la-misericordia-ha-sostenuto-goma\/#primaryimage"},"thumbnailUrl":"https:\/\/spaziospadoni.org\/wp-content\/uploads\/2026\/08\/repubblica-democratica-congo-remi.webp","datePublished":"2026-08-25T06:00:00+00:00","dateModified":"2026-08-26T13:22:14+00:00","description":"La testimonianza della caduta di Goma nel 2025: la misericordia, l'accoglienza tra famiglie e l'impegno per la pace del Centro CAPMD-UNIM.","breadcrumb":{"@id":"https:\/\/spaziospadoni.org\/it\/africa-repubblica-democratica-del-congo-quando-la-misericordia-ha-sostenuto-goma\/#breadcrumb"},"inLanguage":"it-IT","potentialAction":[{"@type":"ReadAction","target":["https:\/\/spaziospadoni.org\/it\/africa-repubblica-democratica-del-congo-quando-la-misericordia-ha-sostenuto-goma\/"]}]},{"@type":"ImageObject","inLanguage":"it-IT","@id":"https:\/\/spaziospadoni.org\/it\/africa-repubblica-democratica-del-congo-quando-la-misericordia-ha-sostenuto-goma\/#primaryimage","url":"https:\/\/spaziospadoni.org\/wp-content\/uploads\/2026\/08\/repubblica-democratica-congo-remi.webp","contentUrl":"https:\/\/spaziospadoni.org\/wp-content\/uploads\/2026\/08\/repubblica-democratica-congo-remi.webp","width":1200,"height":674},{"@type":"BreadcrumbList","@id":"https:\/\/spaziospadoni.org\/it\/africa-repubblica-democratica-del-congo-quando-la-misericordia-ha-sostenuto-goma\/#breadcrumb","itemListElement":[{"@type":"ListItem","position":1,"name":"Home","item":"https:\/\/spaziospadoni.org\/it\/"},{"@type":"ListItem","position":2,"name":"Africa, Repubblica Democratica del Congo | Quando la misericordia ha sostenuto Goma"}]},{"@type":"WebSite","@id":"https:\/\/spaziospadoni.org\/it\/#website","url":"https:\/\/spaziospadoni.org\/it\/","name":"spazio + spadoni","description":"Generazione di misericordia e missione nel mondo","publisher":{"@id":"https:\/\/spaziospadoni.org\/it\/#organization"},"alternateName":"spaziospadoni.org","potentialAction":[{"@type":"SearchAction","target":{"@type":"EntryPoint","urlTemplate":"https:\/\/spaziospadoni.org\/it\/?s={search_term_string}"},"query-input":{"@type":"PropertyValueSpecification","valueRequired":true,"valueName":"search_term_string"}}],"inLanguage":"it-IT"},{"@type":"Organization","@id":"https:\/\/spaziospadoni.org\/it\/#organization","name":"spazio + spadoni","alternateName":"spaziospadoni.org","url":"https:\/\/spaziospadoni.org\/it\/","logo":{"@type":"ImageObject","inLanguage":"it-IT","@id":"https:\/\/spaziospadoni.org\/it\/#\/schema\/logo\/image\/","url":"https:\/\/spaziospadoni.org\/wp-content\/uploads\/2026\/05\/spazio-spadoni-logo-100x100-1.webp","contentUrl":"https:\/\/spaziospadoni.org\/wp-content\/uploads\/2026\/05\/spazio-spadoni-logo-100x100-1.webp","width":100,"height":100,"caption":"spazio + spadoni"},"image":{"@id":"https:\/\/spaziospadoni.org\/it\/#\/schema\/logo\/image\/"},"sameAs":["https:\/\/www.facebook.com\/SpazioSpadoni\/","https:\/\/www.instagram.com\/spaziospadoni\/","https:\/\/www.youtube.com\/@spaziospadoni\/playlists"]},{"@type":"Person","@id":"https:\/\/spaziospadoni.org\/it\/#\/schema\/person\/6297cff4ad988760cee72bb3f83e078f","name":"Destin Byandike","image":{"@type":"ImageObject","inLanguage":"it-IT","@id":"https:\/\/secure.gravatar.com\/avatar\/fd5587495a9a6aa30e738c0964461efb38a880d11d17dd49b6ecbb17fb18d017?s=96&d=mm&r=g","url":"https:\/\/secure.gravatar.com\/avatar\/fd5587495a9a6aa30e738c0964461efb38a880d11d17dd49b6ecbb17fb18d017?s=96&d=mm&r=g","contentUrl":"https:\/\/secure.gravatar.com\/avatar\/fd5587495a9a6aa30e738c0964461efb38a880d11d17dd49b6ecbb17fb18d017?s=96&d=mm&r=g","caption":"Destin Byandike"},"description":"Cittadino della Repubblica Democratica del Congo. Autore e ricercatore nel campo della pace nella RDC. Specializzato in cooperazione internazionale e negoziazione strategica presso la Scuola Nazionale di Diplomazia, Negoziazione e Mediazione dell\u2019Universit\u00e0 dei Martiri del Congo. Svolge le sue attivit\u00e0 di ricerca presso l\u2019Universit\u00e0 dei Martiri del Congo ed \u00e8 ricercatore associato alla Revue Africaine des Sciences Sociales, con sede in Camerun.","url":"https:\/\/spaziospadoni.org\/it\/author\/ddyandikespspadoni\/"}]}},"_links":{"self":[{"href":"https:\/\/spaziospadoni.org\/it\/wp-json\/wp\/v2\/posts\/92132","targetHints":{"allow":["GET"]}}],"collection":[{"href":"https:\/\/spaziospadoni.org\/it\/wp-json\/wp\/v2\/posts"}],"about":[{"href":"https:\/\/spaziospadoni.org\/it\/wp-json\/wp\/v2\/types\/post"}],"author":[{"embeddable":true,"href":"https:\/\/spaziospadoni.org\/it\/wp-json\/wp\/v2\/users\/111"}],"replies":[{"embeddable":true,"href":"https:\/\/spaziospadoni.org\/it\/wp-json\/wp\/v2\/comments?post=92132"}],"version-history":[{"count":2,"href":"https:\/\/spaziospadoni.org\/it\/wp-json\/wp\/v2\/posts\/92132\/revisions"}],"predecessor-version":[{"id":92136,"href":"https:\/\/spaziospadoni.org\/it\/wp-json\/wp\/v2\/posts\/92132\/revisions\/92136"}],"wp:featuredmedia":[{"embeddable":true,"href":"https:\/\/spaziospadoni.org\/it\/wp-json\/wp\/v2\/media\/92133"}],"wp:attachment":[{"href":"https:\/\/spaziospadoni.org\/it\/wp-json\/wp\/v2\/media?parent=92132"}],"wp:term":[{"taxonomy":"category","embeddable":true,"href":"https:\/\/spaziospadoni.org\/it\/wp-json\/wp\/v2\/categories?post=92132"},{"taxonomy":"post_tag","embeddable":true,"href":"https:\/\/spaziospadoni.org\/it\/wp-json\/wp\/v2\/tags?post=92132"}],"curies":[{"name":"wp","href":"https:\/\/api.w.org\/{rel}","templated":true}]}}