{"id":92141,"date":"2026-08-25T17:30:00","date_gmt":"2026-08-25T16:30:00","guid":{"rendered":"https:\/\/spaziospadoni.org\/?p=92141"},"modified":"2026-08-26T14:19:32","modified_gmt":"2026-08-26T13:19:32","slug":"italia-rimini-card-zuppi-senza-misericordia-si-diventa-feroci","status":"publish","type":"post","link":"https:\/\/spaziospadoni.org\/it\/italia-rimini-card-zuppi-senza-misericordia-si-diventa-feroci\/","title":{"rendered":"Italia, Rimini | Card. Zuppi: &#8220;senza misericordia si diventa feroci&#8221;"},"content":{"rendered":"\n<p class=\"wp-block-paragraph\">In un tempo segnato da forti tensioni globali e conflitti laceranti, la voce della Chiesa cattolica torna a indicare con determinazione l&#8217;unica via autentica per disarmare i cuori: l&#8217;incontro fraterno e l&#8217;ascolto reciproco. <\/p>\n\n\n\n<p class=\"wp-block-paragraph\">Durante il suo recente intervento al <strong>Meeting per l&#8217;amicizia fra i popoli di Rimini<\/strong>, il cardinale Matteo Maria Zuppi, presidente della CEI e arcivescovo di Bologna, ha delineato una lucida e vibrante riflessione sul dramma della violenza internazionale e sull&#8217;urgenza di ritrovare il senso profondo dell&#8217;umano.<\/p>\n\n\n\n<h2 id=\"dalla-cultura-della-potenza-alla-voragine-del-conflitto\" class=\"wp-block-heading\">Dalla cultura della potenza alla voragine del conflitto<\/h2>\n\n\n\n<p class=\"wp-block-paragraph\">La disamina del cardinale prende le mosse da una constatazione severa del presente, in cui l&#8217;arroganza delle armi e la prevaricazione sembrano soffocare ogni tentativo di riconciliazione.<\/p>\n\n\n\n<blockquote class=\"wp-block-quote is-layout-flow wp-block-quote-is-layout-flow\">\n<p class=\"wp-block-paragraph\"><em>\u00abOggi viviamo il tempo della cultura della potenza che ci porta a una grande disumanit\u00e0 e alla voragine della guerra\u00bb. <\/em><\/p>\n<\/blockquote>\n\n\n\n<p class=\"wp-block-paragraph\">Con queste parole incisive, Zuppi ha denunciato come la logica della sopraffazione e la chiusura nazionalista generino mostri, allontanando le comunit\u00e0 dalla vera giustizia.<\/p>\n\n\n\n<p class=\"wp-block-paragraph\">L&#8217;errore pi\u00f9 diffuso \u00e8 credere che la sicurezza possa scaturire dall&#8217;isolamento o dalla costruzione di barriere difensive. Un simile atteggiamento alimenta la diffidenza reciproca e scivola inevitabilmente nella paura: <\/p>\n\n\n\n<blockquote class=\"wp-block-quote is-layout-flow wp-block-quote-is-layout-flow\">\n<p class=\"wp-block-paragraph\"><em>\u00abSe ci chiudiamo in una enclave viviamo l&#8217;illusione di essere pi\u00f9 protetti ma in realt\u00e0 non lo siamo affatto. L&#8217;isolamento porta ad avere sempre pi\u00f9 paura dell&#8217;altro tanto che non lo consideriamo pi\u00f9 un fratello\u00bb.<\/em><\/p>\n<\/blockquote>\n\n\n\n<h2 id=\"trasformare-il-nemico-in-amico-attraverso-lascolto\" class=\"wp-block-heading\">Trasformare il nemico in amico attraverso l&#8217;ascolto<\/h2>\n\n\n\n<p class=\"wp-block-paragraph\">Per contrastare la spirale dell&#8217;odio, non bastano soluzioni di comodo o trattative fredde e distanti; serve un radicale cambiamento interiore capace di rimettere al centro la compassione. Il presidente dei vescovi italiani ha sintetizzato questo principio con una massima di straordinaria forza etica: <\/p>\n\n\n\n<blockquote class=\"wp-block-quote is-layout-flow wp-block-quote-is-layout-flow\">\n<p class=\"wp-block-paragraph\"><em>\u00abSenza misericordia si diventa feroci, solo con il dialogo si costruisce la pace\u00bb. La ferocia, infatti, trova terreno fertile dove muore l&#8217;empatia e dove si rifiuta di riconoscere il grido di chi soffre.<\/em><\/p>\n<\/blockquote>\n\n\n\n<p class=\"wp-block-paragraph\">La <strong>misericordia<\/strong> autentica e l&#8217;apertura all&#8217;altro non rappresentano un atteggiamento di debolezza o di resa, ma costituiscono il pi\u00f9 alto gesto di audacia morale. Come ha ribadito Zuppi, \u00abla capacit\u00e0 di conoscere l&#8217;altro ci permette di trasformare il nemico in amico\u00bb. Questo traguardo richiede il coraggio di abbattere i muri del pregiudizio, di ascoltare le ragioni dell&#8217;altro e di custodire la pari dignit\u00e0 di ogni essere umano.<\/p>\n\n\n\n<h2 id=\"una-speranza-concreta-per-il-cammino-comune\" class=\"wp-block-heading\">Una speranza concreta per il cammino comune<\/h2>\n\n\n\n<p class=\"wp-block-paragraph\">La costruzione della <strong>pace<\/strong> non \u00e8 un ideale astratto o irraggiungibile, ma un impegno quotidiano fatto di scelte responsabili, vicinanza agli ultimi e percorsi condivisi. Il cardinale Zuppi invita a non cedere allo sconforto, ma a diventare artigiani tenaci di <strong>solidariet\u00e0<\/strong> e riconciliazione, ricordando che nessun futuro duraturo potr\u00e0 mai essere edificato senza la cura fraterna del prossimo.<\/p>\n\n\n\n<p class=\"wp-block-paragraph\"><strong><a href=\"https:\/\/unsplash.com\/it\/foto\/uomo-in-giacca-nera-in-piedi-accanto-allo-specchio-dacqua-durante-il-tramonto-aocUkMcxeqI\" target=\"_blank\" rel=\"noreferrer noopener nofollow\" title=\"Foto di\u00a0Aar\u00f3n Blanco Tejedor\u00a0su\u00a0Unsplash\">Foto di\u00a0Aar\u00f3n Blanco Tejedor\u00a0su\u00a0Unsplash<\/a><\/strong><\/p>\n\n\n\n<p class=\"wp-block-paragraph\"><strong>Fonte: <\/strong><a href=\"https:\/\/www.vaticannews.va\/it\/chiesa\/news\/2026-08\/zuppi-solo-con-il-dialogo-si-costruisce-la-pace.html\" target=\"_blank\" rel=\"noreferrer noopener nofollow\" title=\"Vatican News\">Vatican News<\/a><\/p>\n\n\n\n<p class=\"wp-block-paragraph\"><\/p>\n","protected":false},"excerpt":{"rendered":"<p>In un tempo segnato da forti tensioni globali e conflitti laceranti, la voce della Chiesa cattolica torna a indicare con determinazione l&#8217;unica via autentica per disarmare i cuori: l&#8217;incontro fraterno e l&#8217;ascolto reciproco. Durante il suo recente intervento al Meeting per l&#8217;amicizia fra i popoli di Rimini, il cardinale Matteo Maria Zuppi, presidente della CEI &#8230; <a title=\"Italia, Rimini | Card. Zuppi: &#8220;senza misericordia si diventa feroci&#8221;\" class=\"read-more\" href=\"https:\/\/spaziospadoni.org\/it\/italia-rimini-card-zuppi-senza-misericordia-si-diventa-feroci\/\" aria-label=\"Per saperne di pi\u00f9 su Italia, Rimini | Card. Zuppi: &#8220;senza misericordia si diventa feroci&#8221;\">Leggi tutto<\/a><\/p>\n","protected":false},"author":83,"featured_media":92142,"comment_status":"closed","ping_status":"closed","sticky":false,"template":"","format":"standard","meta":{"_sitemap_exclude":false,"_sitemap_priority":"","_sitemap_frequency":"","ss_featured_image_title":"","ss_featured_image_alt":"Il card. Zuppi su dialogo e misericordia","ss_featured_image_caption":"In un'intervista al Meeting per l'amicizia fra i popoli di Rimini , le parole del card. Zuppi su dialogo e misericordia","footnotes":""},"categories":[120],"tags":[312,462,726,441,1742],"class_list":["post-92141","post","type-post","status-publish","format-standard","has-post-thumbnail","hentry","category-la-chiesa-che-ispira","tag-cardinale","tag-dialogo","tag-meeting","tag-misericordiosi","tag-rimini","infinite-scroll-item","generate-columns","tablet-grid-50","mobile-grid-100","grid-parent","grid-50"],"yoast_head":"<!-- This site is optimized with the Yoast SEO plugin v28.4 - https:\/\/yoast.com\/product\/yoast-seo-wordpress\/ -->\n<title>Italia, Rimini | Card. Zuppi: &quot;senza misericordia si diventa feroci&quot;<\/title>\n<meta name=\"description\" content=\"In un tempo segnato da forti tensioni globali e conflitti laceranti, la voce della Chiesa cattolica torna a indicare con determinazione l&#039;unica via\" \/>\n<meta name=\"robots\" content=\"index, follow, max-snippet:-1, max-image-preview:large, max-video-preview:-1\" \/>\n<link rel=\"canonical\" href=\"https:\/\/spaziospadoni.org\/it\/italia-rimini-card-zuppi-senza-misericordia-si-diventa-feroci\/\" \/>\n<meta property=\"og:locale\" content=\"it_IT\" \/>\n<meta property=\"og:type\" content=\"article\" \/>\n<meta property=\"og:title\" content=\"Italia, Rimini | Card. Zuppi: &quot;senza misericordia si diventa feroci&quot;\" \/>\n<meta property=\"og:description\" content=\"In un tempo segnato da forti tensioni globali e conflitti laceranti, la voce della Chiesa cattolica torna a indicare con determinazione l&#039;unica via\" \/>\n<meta property=\"og:url\" content=\"https:\/\/spaziospadoni.org\/it\/italia-rimini-card-zuppi-senza-misericordia-si-diventa-feroci\/\" \/>\n<meta property=\"og:site_name\" content=\"spazio + spadoni\" \/>\n<meta property=\"article:publisher\" content=\"https:\/\/www.facebook.com\/SpazioSpadoni\/\" \/>\n<meta property=\"article:published_time\" content=\"2026-08-25T16:30:00+00:00\" \/>\n<meta property=\"article:modified_time\" content=\"2026-08-26T13:19:32+00:00\" \/>\n<meta property=\"og:image\" content=\"https:\/\/spaziospadoni.org\/wp-content\/uploads\/2026\/08\/dialogo-misericordia.webp\" \/>\n\t<meta property=\"og:image:width\" content=\"1200\" \/>\n\t<meta property=\"og:image:height\" content=\"800\" \/>\n\t<meta property=\"og:image:type\" content=\"image\/webp\" \/>\n<meta name=\"author\" content=\"Giuseppe Angelucci\" \/>\n<meta name=\"twitter:card\" content=\"summary_large_image\" \/>\n<meta name=\"twitter:label1\" content=\"Scritto da\" \/>\n\t<meta name=\"twitter:data1\" content=\"Giuseppe Angelucci\" \/>\n\t<meta name=\"twitter:label2\" content=\"Tempo di lettura stimato\" \/>\n\t<meta name=\"twitter:data2\" content=\"3 minuti\" \/>\n<script type=\"application\/ld+json\" class=\"yoast-schema-graph\">{\"@context\":\"https:\\\/\\\/schema.org\",\"@graph\":[{\"@type\":\"Article\",\"@id\":\"https:\\\/\\\/spaziospadoni.org\\\/it\\\/italia-rimini-card-zuppi-senza-misericordia-si-diventa-feroci\\\/#article\",\"isPartOf\":{\"@id\":\"https:\\\/\\\/spaziospadoni.org\\\/it\\\/italia-rimini-card-zuppi-senza-misericordia-si-diventa-feroci\\\/\"},\"author\":{\"name\":\"Giuseppe Angelucci\",\"@id\":\"https:\\\/\\\/spaziospadoni.org\\\/it\\\/#\\\/schema\\\/person\\\/b8a7124045411f3faae300dec9eaf18a\"},\"headline\":\"Italia, Rimini | Card. Zuppi: &#8220;senza misericordia si diventa feroci&#8221;\",\"datePublished\":\"2026-08-25T16:30:00+00:00\",\"dateModified\":\"2026-08-26T13:19:32+00:00\",\"mainEntityOfPage\":{\"@id\":\"https:\\\/\\\/spaziospadoni.org\\\/it\\\/italia-rimini-card-zuppi-senza-misericordia-si-diventa-feroci\\\/\"},\"wordCount\":474,\"publisher\":{\"@id\":\"https:\\\/\\\/spaziospadoni.org\\\/it\\\/#organization\"},\"image\":{\"@id\":\"https:\\\/\\\/spaziospadoni.org\\\/it\\\/italia-rimini-card-zuppi-senza-misericordia-si-diventa-feroci\\\/#primaryimage\"},\"thumbnailUrl\":\"https:\\\/\\\/spaziospadoni.org\\\/wp-content\\\/uploads\\\/2026\\\/08\\\/dialogo-misericordia.webp\",\"keywords\":[\"Cardinale\",\"dialogo\",\"meeting\",\"misericordiosi\",\"Rimini\"],\"articleSection\":[\"La Chiesa che Ispira\"],\"inLanguage\":\"it-IT\"},{\"@type\":\"WebPage\",\"@id\":\"https:\\\/\\\/spaziospadoni.org\\\/it\\\/italia-rimini-card-zuppi-senza-misericordia-si-diventa-feroci\\\/\",\"url\":\"https:\\\/\\\/spaziospadoni.org\\\/it\\\/italia-rimini-card-zuppi-senza-misericordia-si-diventa-feroci\\\/\",\"name\":\"Italia, Rimini | Card. Zuppi: \\\"senza misericordia si diventa feroci\\\"\",\"isPartOf\":{\"@id\":\"https:\\\/\\\/spaziospadoni.org\\\/it\\\/#website\"},\"primaryImageOfPage\":{\"@id\":\"https:\\\/\\\/spaziospadoni.org\\\/it\\\/italia-rimini-card-zuppi-senza-misericordia-si-diventa-feroci\\\/#primaryimage\"},\"image\":{\"@id\":\"https:\\\/\\\/spaziospadoni.org\\\/it\\\/italia-rimini-card-zuppi-senza-misericordia-si-diventa-feroci\\\/#primaryimage\"},\"thumbnailUrl\":\"https:\\\/\\\/spaziospadoni.org\\\/wp-content\\\/uploads\\\/2026\\\/08\\\/dialogo-misericordia.webp\",\"datePublished\":\"2026-08-25T16:30:00+00:00\",\"dateModified\":\"2026-08-26T13:19:32+00:00\",\"description\":\"In un tempo segnato da forti tensioni globali e conflitti laceranti, la voce della Chiesa cattolica torna a indicare con determinazione l'unica via\",\"breadcrumb\":{\"@id\":\"https:\\\/\\\/spaziospadoni.org\\\/it\\\/italia-rimini-card-zuppi-senza-misericordia-si-diventa-feroci\\\/#breadcrumb\"},\"inLanguage\":\"it-IT\",\"potentialAction\":[{\"@type\":\"ReadAction\",\"target\":[\"https:\\\/\\\/spaziospadoni.org\\\/it\\\/italia-rimini-card-zuppi-senza-misericordia-si-diventa-feroci\\\/\"]}]},{\"@type\":\"ImageObject\",\"inLanguage\":\"it-IT\",\"@id\":\"https:\\\/\\\/spaziospadoni.org\\\/it\\\/italia-rimini-card-zuppi-senza-misericordia-si-diventa-feroci\\\/#primaryimage\",\"url\":\"https:\\\/\\\/spaziospadoni.org\\\/wp-content\\\/uploads\\\/2026\\\/08\\\/dialogo-misericordia.webp\",\"contentUrl\":\"https:\\\/\\\/spaziospadoni.org\\\/wp-content\\\/uploads\\\/2026\\\/08\\\/dialogo-misericordia.webp\",\"width\":1200,\"height\":800,\"caption\":\"In un'intervista al Meeting per l'amicizia fra i popoli di Rimini , le parole del card. Zuppi su dialogo e misericordia\"},{\"@type\":\"BreadcrumbList\",\"@id\":\"https:\\\/\\\/spaziospadoni.org\\\/it\\\/italia-rimini-card-zuppi-senza-misericordia-si-diventa-feroci\\\/#breadcrumb\",\"itemListElement\":[{\"@type\":\"ListItem\",\"position\":1,\"name\":\"Home\",\"item\":\"https:\\\/\\\/spaziospadoni.org\\\/it\\\/\"},{\"@type\":\"ListItem\",\"position\":2,\"name\":\"Italia, Rimini | Card. Zuppi: &#8220;senza misericordia si diventa feroci&#8221;\"}]},{\"@type\":\"WebSite\",\"@id\":\"https:\\\/\\\/spaziospadoni.org\\\/it\\\/#website\",\"url\":\"https:\\\/\\\/spaziospadoni.org\\\/it\\\/\",\"name\":\"spazio + spadoni\",\"description\":\"Generazione di misericordia e missione nel mondo\",\"publisher\":{\"@id\":\"https:\\\/\\\/spaziospadoni.org\\\/it\\\/#organization\"},\"alternateName\":\"spaziospadoni.org\",\"potentialAction\":[{\"@type\":\"SearchAction\",\"target\":{\"@type\":\"EntryPoint\",\"urlTemplate\":\"https:\\\/\\\/spaziospadoni.org\\\/it\\\/?s={search_term_string}\"},\"query-input\":{\"@type\":\"PropertyValueSpecification\",\"valueRequired\":true,\"valueName\":\"search_term_string\"}}],\"inLanguage\":\"it-IT\"},{\"@type\":\"Organization\",\"@id\":\"https:\\\/\\\/spaziospadoni.org\\\/it\\\/#organization\",\"name\":\"spazio + spadoni\",\"alternateName\":\"spaziospadoni.org\",\"url\":\"https:\\\/\\\/spaziospadoni.org\\\/it\\\/\",\"logo\":{\"@type\":\"ImageObject\",\"inLanguage\":\"it-IT\",\"@id\":\"https:\\\/\\\/spaziospadoni.org\\\/it\\\/#\\\/schema\\\/logo\\\/image\\\/\",\"url\":\"https:\\\/\\\/spaziospadoni.org\\\/wp-content\\\/uploads\\\/2026\\\/05\\\/spazio-spadoni-logo-100x100-1.webp\",\"contentUrl\":\"https:\\\/\\\/spaziospadoni.org\\\/wp-content\\\/uploads\\\/2026\\\/05\\\/spazio-spadoni-logo-100x100-1.webp\",\"width\":100,\"height\":100,\"caption\":\"spazio + spadoni\"},\"image\":{\"@id\":\"https:\\\/\\\/spaziospadoni.org\\\/it\\\/#\\\/schema\\\/logo\\\/image\\\/\"},\"sameAs\":[\"https:\\\/\\\/www.facebook.com\\\/SpazioSpadoni\\\/\",\"https:\\\/\\\/www.instagram.com\\\/spaziospadoni\\\/\",\"https:\\\/\\\/www.youtube.com\\\/@spaziospadoni\\\/playlists\"]},{\"@type\":\"Person\",\"@id\":\"https:\\\/\\\/spaziospadoni.org\\\/it\\\/#\\\/schema\\\/person\\\/b8a7124045411f3faae300dec9eaf18a\",\"name\":\"Giuseppe Angelucci\",\"image\":{\"@type\":\"ImageObject\",\"inLanguage\":\"it-IT\",\"@id\":\"https:\\\/\\\/secure.gravatar.com\\\/avatar\\\/bba383fe7edf8bebe504954430ff47a0630766db40ffba5c1f08dfc3b47c058d?s=96&d=mm&r=g\",\"url\":\"https:\\\/\\\/secure.gravatar.com\\\/avatar\\\/bba383fe7edf8bebe504954430ff47a0630766db40ffba5c1f08dfc3b47c058d?s=96&d=mm&r=g\",\"contentUrl\":\"https:\\\/\\\/secure.gravatar.com\\\/avatar\\\/bba383fe7edf8bebe504954430ff47a0630766db40ffba5c1f08dfc3b47c058d?s=96&d=mm&r=g\",\"caption\":\"Giuseppe Angelucci\"},\"description\":\"Giuseppe Angelucci vive e Limiti di Greccio, la frazione del paese in cui san Francesco realizz\u00f2 il primo presepe vivente. \u00c8 sposato e ha due figlie. Nel 2008, \u00e8 stato ordinato diacono. Presta servizio nella Parrocchia \u201cS. Maria di Loreto\u201d (Greccio), nella diocesi di Rieti.\",\"url\":\"https:\\\/\\\/spaziospadoni.org\\\/it\\\/author\\\/angelucci_mission\\\/\"}]}<\/script>\n<!-- \/ Yoast SEO plugin. -->","yoast_head_json":{"title":"Italia, Rimini | Card. Zuppi: \"senza misericordia si diventa feroci\"","description":"In un tempo segnato da forti tensioni globali e conflitti laceranti, la voce della Chiesa cattolica torna a indicare con determinazione l'unica via","robots":{"index":"index","follow":"follow","max-snippet":"max-snippet:-1","max-image-preview":"max-image-preview:large","max-video-preview":"max-video-preview:-1"},"canonical":"https:\/\/spaziospadoni.org\/it\/italia-rimini-card-zuppi-senza-misericordia-si-diventa-feroci\/","og_locale":"it_IT","og_type":"article","og_title":"Italia, Rimini | Card. Zuppi: \"senza misericordia si diventa feroci\"","og_description":"In un tempo segnato da forti tensioni globali e conflitti laceranti, la voce della Chiesa cattolica torna a indicare con determinazione l'unica via","og_url":"https:\/\/spaziospadoni.org\/it\/italia-rimini-card-zuppi-senza-misericordia-si-diventa-feroci\/","og_site_name":"spazio + spadoni","article_publisher":"https:\/\/www.facebook.com\/SpazioSpadoni\/","article_published_time":"2026-08-25T16:30:00+00:00","article_modified_time":"2026-08-26T13:19:32+00:00","og_image":[{"width":1200,"height":800,"url":"https:\/\/spaziospadoni.org\/wp-content\/uploads\/2026\/08\/dialogo-misericordia.webp","type":"image\/webp"}],"author":"Giuseppe Angelucci","twitter_card":"summary_large_image","twitter_misc":{"Scritto da":"Giuseppe Angelucci","Tempo di lettura stimato":"3 minuti"},"schema":{"@context":"https:\/\/schema.org","@graph":[{"@type":"Article","@id":"https:\/\/spaziospadoni.org\/it\/italia-rimini-card-zuppi-senza-misericordia-si-diventa-feroci\/#article","isPartOf":{"@id":"https:\/\/spaziospadoni.org\/it\/italia-rimini-card-zuppi-senza-misericordia-si-diventa-feroci\/"},"author":{"name":"Giuseppe Angelucci","@id":"https:\/\/spaziospadoni.org\/it\/#\/schema\/person\/b8a7124045411f3faae300dec9eaf18a"},"headline":"Italia, Rimini | Card. Zuppi: &#8220;senza misericordia si diventa feroci&#8221;","datePublished":"2026-08-25T16:30:00+00:00","dateModified":"2026-08-26T13:19:32+00:00","mainEntityOfPage":{"@id":"https:\/\/spaziospadoni.org\/it\/italia-rimini-card-zuppi-senza-misericordia-si-diventa-feroci\/"},"wordCount":474,"publisher":{"@id":"https:\/\/spaziospadoni.org\/it\/#organization"},"image":{"@id":"https:\/\/spaziospadoni.org\/it\/italia-rimini-card-zuppi-senza-misericordia-si-diventa-feroci\/#primaryimage"},"thumbnailUrl":"https:\/\/spaziospadoni.org\/wp-content\/uploads\/2026\/08\/dialogo-misericordia.webp","keywords":["Cardinale","dialogo","meeting","misericordiosi","Rimini"],"articleSection":["La Chiesa che Ispira"],"inLanguage":"it-IT"},{"@type":"WebPage","@id":"https:\/\/spaziospadoni.org\/it\/italia-rimini-card-zuppi-senza-misericordia-si-diventa-feroci\/","url":"https:\/\/spaziospadoni.org\/it\/italia-rimini-card-zuppi-senza-misericordia-si-diventa-feroci\/","name":"Italia, Rimini | Card. Zuppi: \"senza misericordia si diventa feroci\"","isPartOf":{"@id":"https:\/\/spaziospadoni.org\/it\/#website"},"primaryImageOfPage":{"@id":"https:\/\/spaziospadoni.org\/it\/italia-rimini-card-zuppi-senza-misericordia-si-diventa-feroci\/#primaryimage"},"image":{"@id":"https:\/\/spaziospadoni.org\/it\/italia-rimini-card-zuppi-senza-misericordia-si-diventa-feroci\/#primaryimage"},"thumbnailUrl":"https:\/\/spaziospadoni.org\/wp-content\/uploads\/2026\/08\/dialogo-misericordia.webp","datePublished":"2026-08-25T16:30:00+00:00","dateModified":"2026-08-26T13:19:32+00:00","description":"In un tempo segnato da forti tensioni globali e conflitti laceranti, la voce della Chiesa cattolica torna a indicare con determinazione l'unica via","breadcrumb":{"@id":"https:\/\/spaziospadoni.org\/it\/italia-rimini-card-zuppi-senza-misericordia-si-diventa-feroci\/#breadcrumb"},"inLanguage":"it-IT","potentialAction":[{"@type":"ReadAction","target":["https:\/\/spaziospadoni.org\/it\/italia-rimini-card-zuppi-senza-misericordia-si-diventa-feroci\/"]}]},{"@type":"ImageObject","inLanguage":"it-IT","@id":"https:\/\/spaziospadoni.org\/it\/italia-rimini-card-zuppi-senza-misericordia-si-diventa-feroci\/#primaryimage","url":"https:\/\/spaziospadoni.org\/wp-content\/uploads\/2026\/08\/dialogo-misericordia.webp","contentUrl":"https:\/\/spaziospadoni.org\/wp-content\/uploads\/2026\/08\/dialogo-misericordia.webp","width":1200,"height":800,"caption":"In un'intervista al Meeting per l'amicizia fra i popoli di Rimini , le parole del card. Zuppi su dialogo e misericordia"},{"@type":"BreadcrumbList","@id":"https:\/\/spaziospadoni.org\/it\/italia-rimini-card-zuppi-senza-misericordia-si-diventa-feroci\/#breadcrumb","itemListElement":[{"@type":"ListItem","position":1,"name":"Home","item":"https:\/\/spaziospadoni.org\/it\/"},{"@type":"ListItem","position":2,"name":"Italia, Rimini | Card. Zuppi: &#8220;senza misericordia si diventa feroci&#8221;"}]},{"@type":"WebSite","@id":"https:\/\/spaziospadoni.org\/it\/#website","url":"https:\/\/spaziospadoni.org\/it\/","name":"spazio + spadoni","description":"Generazione di misericordia e missione nel mondo","publisher":{"@id":"https:\/\/spaziospadoni.org\/it\/#organization"},"alternateName":"spaziospadoni.org","potentialAction":[{"@type":"SearchAction","target":{"@type":"EntryPoint","urlTemplate":"https:\/\/spaziospadoni.org\/it\/?s={search_term_string}"},"query-input":{"@type":"PropertyValueSpecification","valueRequired":true,"valueName":"search_term_string"}}],"inLanguage":"it-IT"},{"@type":"Organization","@id":"https:\/\/spaziospadoni.org\/it\/#organization","name":"spazio + spadoni","alternateName":"spaziospadoni.org","url":"https:\/\/spaziospadoni.org\/it\/","logo":{"@type":"ImageObject","inLanguage":"it-IT","@id":"https:\/\/spaziospadoni.org\/it\/#\/schema\/logo\/image\/","url":"https:\/\/spaziospadoni.org\/wp-content\/uploads\/2026\/05\/spazio-spadoni-logo-100x100-1.webp","contentUrl":"https:\/\/spaziospadoni.org\/wp-content\/uploads\/2026\/05\/spazio-spadoni-logo-100x100-1.webp","width":100,"height":100,"caption":"spazio + spadoni"},"image":{"@id":"https:\/\/spaziospadoni.org\/it\/#\/schema\/logo\/image\/"},"sameAs":["https:\/\/www.facebook.com\/SpazioSpadoni\/","https:\/\/www.instagram.com\/spaziospadoni\/","https:\/\/www.youtube.com\/@spaziospadoni\/playlists"]},{"@type":"Person","@id":"https:\/\/spaziospadoni.org\/it\/#\/schema\/person\/b8a7124045411f3faae300dec9eaf18a","name":"Giuseppe Angelucci","image":{"@type":"ImageObject","inLanguage":"it-IT","@id":"https:\/\/secure.gravatar.com\/avatar\/bba383fe7edf8bebe504954430ff47a0630766db40ffba5c1f08dfc3b47c058d?s=96&d=mm&r=g","url":"https:\/\/secure.gravatar.com\/avatar\/bba383fe7edf8bebe504954430ff47a0630766db40ffba5c1f08dfc3b47c058d?s=96&d=mm&r=g","contentUrl":"https:\/\/secure.gravatar.com\/avatar\/bba383fe7edf8bebe504954430ff47a0630766db40ffba5c1f08dfc3b47c058d?s=96&d=mm&r=g","caption":"Giuseppe Angelucci"},"description":"Giuseppe Angelucci vive e Limiti di Greccio, la frazione del paese in cui san Francesco realizz\u00f2 il primo presepe vivente. \u00c8 sposato e ha due figlie. Nel 2008, \u00e8 stato ordinato diacono. Presta servizio nella Parrocchia \u201cS. Maria di Loreto\u201d (Greccio), nella diocesi di Rieti.","url":"https:\/\/spaziospadoni.org\/it\/author\/angelucci_mission\/"}]}},"_links":{"self":[{"href":"https:\/\/spaziospadoni.org\/it\/wp-json\/wp\/v2\/posts\/92141","targetHints":{"allow":["GET"]}}],"collection":[{"href":"https:\/\/spaziospadoni.org\/it\/wp-json\/wp\/v2\/posts"}],"about":[{"href":"https:\/\/spaziospadoni.org\/it\/wp-json\/wp\/v2\/types\/post"}],"author":[{"embeddable":true,"href":"https:\/\/spaziospadoni.org\/it\/wp-json\/wp\/v2\/users\/83"}],"replies":[{"embeddable":true,"href":"https:\/\/spaziospadoni.org\/it\/wp-json\/wp\/v2\/comments?post=92141"}],"version-history":[{"count":1,"href":"https:\/\/spaziospadoni.org\/it\/wp-json\/wp\/v2\/posts\/92141\/revisions"}],"predecessor-version":[{"id":92143,"href":"https:\/\/spaziospadoni.org\/it\/wp-json\/wp\/v2\/posts\/92141\/revisions\/92143"}],"wp:featuredmedia":[{"embeddable":true,"href":"https:\/\/spaziospadoni.org\/it\/wp-json\/wp\/v2\/media\/92142"}],"wp:attachment":[{"href":"https:\/\/spaziospadoni.org\/it\/wp-json\/wp\/v2\/media?parent=92141"}],"wp:term":[{"taxonomy":"category","embeddable":true,"href":"https:\/\/spaziospadoni.org\/it\/wp-json\/wp\/v2\/categories?post=92141"},{"taxonomy":"post_tag","embeddable":true,"href":"https:\/\/spaziospadoni.org\/it\/wp-json\/wp\/v2\/tags?post=92141"}],"curies":[{"name":"wp","href":"https:\/\/api.w.org\/{rel}","templated":true}]}}