{"id":92174,"date":"2026-08-26T07:00:00","date_gmt":"2026-08-26T06:00:00","guid":{"rendered":"https:\/\/spaziospadoni.org\/?p=92174"},"modified":"2026-08-26T08:45:21","modified_gmt":"2026-08-26T07:45:21","slug":"america-repubblica-dominicana-gli-orti-familiari-che-nutrono-e-uniscono-la-comunita","status":"publish","type":"post","link":"https:\/\/spaziospadoni.org\/it\/america-repubblica-dominicana-gli-orti-familiari-che-nutrono-e-uniscono-la-comunita\/","title":{"rendered":"America, Repubblica Dominicana | Gli orti familiari che nutrono la comunit\u00e0"},"content":{"rendered":"\n<p class=\"has-contrast-3-color has-text-color has-link-color wp-elements-1 wp-block-paragraph\"><em>Oggi, vi presento un progetto di orti comunitari realizzato nella comunit\u00e0 di La Pe\u00f1a, a San Juan de la Maguana (Repubblica Dominicana).<\/em><br><em>A scrivere sar\u00e0 Luc\u00eda Alejandre Javier, ingegnera agronoma e missionaria della Comunit\u00e0 Missionaria di Villaregia con sede a Texoco (Messico) che, dopo aver emesso i primi voti a giugno, ha trascorso con noi un mese nella missione che stiamo portando avanti a San Juan de la Maguana.<\/em><\/p>\n\n\n\n<p class=\"has-text-align-right wp-block-paragraph\"><em>(di Luc\u00eda Alejandre Javier)<\/em><\/p>\n\n\n\n<p class=\"wp-block-paragraph\">L\u2019Organizzazione delle Nazioni Unite per l\u2019Alimentazione e l\u2019Agricoltura (FAO) pubblica ogni anno il Rapporto sullo stato della sicurezza alimentare e della nutrizione nel mondo. Nel rapporto relativo al 2025 si evidenzia come l\u2019elevata inflazione abbia ridotto il potere d\u2019acquisto in numerosi Paesi e, soprattutto tra le popolazioni a basso reddito, abbia compromesso l\u2019accesso a un\u2019alimentazione sana.<\/p>\n\n\n\n<p class=\"wp-block-paragraph\">Nella Repubblica Dominicana, la prevalenza dell\u2019<strong>insicurezza alimentare<\/strong> moderata o grave raggiunge il <strong>43,8% della popolazione<\/strong> totale. <\/p>\n\n\n\n<p class=\"wp-block-paragraph\">Per questo motivo, sono di fondamentale importanza i progetti finalizzati a favorire l\u2019adozione di tecnologie che promuovano l\u2019accesso a un\u2019alimentazione equilibrata e sostenibile dal punto di vista economico.<\/p>\n\n\n\n<p class=\"wp-block-paragraph\">Da poco pi\u00f9 di un anno, la<strong> Comunit\u00e0 Missionaria di Villaregia<\/strong>, insieme alla Fondazione per lo Sviluppo delle Province di Azua, San Juan ed El\u00edas Pi\u00f1a (FUNDASEP, della diocesi di San Juan de la Maguana), promuove <strong>la realizzazione di orti familiari<\/strong>.<\/p>\n\n\n\n<p class=\"wp-block-paragraph\">Gli orti sono spazi di circa 30 m\u00b2, situati vicino alle abitazioni, in modo che sia gli uomini sia le donne possano occuparsene nell\u2019ambito delle loro attivit\u00e0 quotidiane. In questi orti, per\u00f2, non si coltivano soltanto melanzane, pomodori, cipolle, barbabietole e carote; si coltivano anche relazioni e si rafforza la comunit\u00e0.<\/p>\n\n\n\n<p class=\"wp-block-paragraph\">Attraverso gli incontri con i partecipanti al progetto vengono realizzate le <strong>attivit\u00e0 di formazione<\/strong>, si promuove il sostegno reciproco e si favorisce lo scambio di esperienze e conoscenze tra coloro che hanno maggiore esperienza.<\/p>\n\n\n\n<p class=\"wp-block-paragraph\">Il progetto rappresenta anche uno spazio di grande soddisfazione per chi svolge le attivit\u00e0 di formazione. L\u2019ingegnera agronoma Odrys ci racconta: <\/p>\n\n\n\n<blockquote class=\"wp-block-quote is-layout-flow wp-block-quote-is-layout-flow\">\n<p class=\"wp-block-paragraph\"><em>\u00abMi sono stati offerti altri lavori, nei quali forse avrei guadagnato un po\u2019 di pi\u00f9, ma non cambierei la gioia di vedere crescere le persone che sosteniamo attraverso i progetti agroalimentari nelle province pi\u00f9 povere della mia regione\u00bb.<\/em><\/p>\n<\/blockquote>\n\n\n\n<p class=\"wp-block-paragraph\">Grazie alle conoscenze scientifiche e pratiche di formatrici come Odrys, unite alla loro grande sensibilit\u00e0 umana, il progetto diventa un punto di riferimento per l\u2019introduzione progressiva di pratiche di produzione di ortaggi e di diversificazione delle colture. <\/p>\n\n\n\n<p class=\"wp-block-paragraph\">Queste pratiche possono contribuire a <strong>migliorare la qualit\u00e0 dell\u2019alimentazione <\/strong>delle famiglie, garantendo l\u2019accesso a cibi vari e nutrienti a basso costo.<\/p>\n\n\n\n<p class=\"wp-block-paragraph\">Sebbene gli orti siano piccoli per estensione, costituiscono una grande rete di valori che, poco alla volta e grazie alla testimonianza dei partecipanti, diventa il seme di un\u2019esperienza che contribuisce a rafforzare la sicurezza alimentare del \u00abgranaio del Sud\u00bb.<\/p>\n\n\n\n<p class=\"wp-block-paragraph\"><strong>Foto di Rita Usai<\/strong><\/p>\n\n\n\n<p class=\"wp-block-paragraph\"><\/p>\n","protected":false},"excerpt":{"rendered":"<p>Oggi, vi presento un progetto di orti comunitari realizzato nella comunit\u00e0 di La Pe\u00f1a, a San Juan de la Maguana (Repubblica Dominicana).A scrivere sar\u00e0 Luc\u00eda Alejandre Javier, ingegnera agronoma e missionaria della Comunit\u00e0 Missionaria di Villaregia con sede a Texoco (Messico) che, dopo aver emesso i primi voti a giugno, ha trascorso con noi un &#8230; <a title=\"America, Repubblica Dominicana | Gli orti familiari che nutrono la comunit\u00e0\" class=\"read-more\" href=\"https:\/\/spaziospadoni.org\/it\/america-repubblica-dominicana-gli-orti-familiari-che-nutrono-e-uniscono-la-comunita\/\" aria-label=\"Per saperne di pi\u00f9 su America, Repubblica Dominicana | Gli orti familiari che nutrono la comunit\u00e0\">Leggi tutto<\/a><\/p>\n","protected":false},"author":68,"featured_media":92175,"comment_status":"closed","ping_status":"closed","sticky":false,"template":"","format":"standard","meta":{"_sitemap_exclude":false,"_sitemap_priority":"","_sitemap_frequency":"","ss_featured_image_title":"","ss_featured_image_alt":"Progetto degli orti comunitari a San Juan de la Maguana","ss_featured_image_caption":"Il progetto degli orti comunitari ha coinvolto gli abitanti di La Pe\u00f1a, a San Juan de la Maguana (Repubblica Dominicana)","footnotes":""},"categories":[48],"tags":[506,85,400,10901],"class_list":["post-92174","post","type-post","status-publish","format-standard","has-post-thumbnail","hentry","category-spazio-missionario","tag-agricoltura","tag-comunita","tag-esperienza-missionaria","tag-repubblica-dominicana","infinite-scroll-item","generate-columns","tablet-grid-50","mobile-grid-100","grid-parent","grid-50"],"yoast_head":"<!-- This site is optimized with the Yoast SEO plugin v28.4 - https:\/\/yoast.com\/product\/yoast-seo-wordpress\/ -->\n<title>America, Repubblica Dominicana | Orti familiari contro la fame<\/title>\n<meta name=\"description\" content=\"Nella Repubblica Dominicana gli orti familiari di San Juan de la Maguana rafforzano la sicurezza alimentare e coltivano legami di comunit\u00e0.\" \/>\n<meta name=\"robots\" content=\"index, follow, max-snippet:-1, max-image-preview:large, max-video-preview:-1\" \/>\n<link rel=\"canonical\" href=\"https:\/\/spaziospadoni.org\/it\/america-repubblica-dominicana-gli-orti-familiari-che-nutrono-e-uniscono-la-comunita\/\" \/>\n<meta property=\"og:locale\" content=\"it_IT\" \/>\n<meta property=\"og:type\" content=\"article\" \/>\n<meta property=\"og:title\" content=\"America, Repubblica Dominicana | Orti familiari contro la fame\" \/>\n<meta property=\"og:description\" content=\"Nella Repubblica Dominicana gli orti familiari di San Juan de la Maguana rafforzano la sicurezza alimentare e coltivano legami di comunit\u00e0.\" \/>\n<meta property=\"og:url\" content=\"https:\/\/spaziospadoni.org\/it\/america-repubblica-dominicana-gli-orti-familiari-che-nutrono-e-uniscono-la-comunita\/\" \/>\n<meta property=\"og:site_name\" content=\"spazio + spadoni\" \/>\n<meta property=\"article:publisher\" content=\"https:\/\/www.facebook.com\/SpazioSpadoni\/\" \/>\n<meta property=\"article:published_time\" content=\"2026-08-26T06:00:00+00:00\" \/>\n<meta property=\"article:modified_time\" content=\"2026-08-26T07:45:21+00:00\" \/>\n<meta property=\"og:image\" content=\"https:\/\/spaziospadoni.org\/wp-content\/uploads\/2026\/08\/orti-comunitari-repubblica-dominicana.webp\" \/>\n\t<meta property=\"og:image:width\" content=\"1200\" \/>\n\t<meta property=\"og:image:height\" content=\"541\" \/>\n\t<meta property=\"og:image:type\" content=\"image\/webp\" \/>\n<meta name=\"author\" content=\"Rita Usai\" \/>\n<meta name=\"twitter:card\" content=\"summary_large_image\" \/>\n<meta name=\"twitter:label1\" content=\"Scritto da\" \/>\n\t<meta name=\"twitter:data1\" content=\"Rita Usai\" \/>\n\t<meta name=\"twitter:label2\" content=\"Tempo di lettura stimato\" \/>\n\t<meta name=\"twitter:data2\" content=\"3 minuti\" \/>\n<script type=\"application\/ld+json\" class=\"yoast-schema-graph\">{\"@context\":\"https:\\\/\\\/schema.org\",\"@graph\":[{\"@type\":\"Article\",\"@id\":\"https:\\\/\\\/spaziospadoni.org\\\/it\\\/america-repubblica-dominicana-gli-orti-familiari-che-nutrono-e-uniscono-la-comunita\\\/#article\",\"isPartOf\":{\"@id\":\"https:\\\/\\\/spaziospadoni.org\\\/it\\\/america-repubblica-dominicana-gli-orti-familiari-che-nutrono-e-uniscono-la-comunita\\\/\"},\"author\":{\"name\":\"Rita Usai\",\"@id\":\"https:\\\/\\\/spaziospadoni.org\\\/it\\\/#\\\/schema\\\/person\\\/8cd0e9eb9ef908a8a7d8e3a7a6e3137f\"},\"headline\":\"America, Repubblica Dominicana | Gli orti familiari che nutrono la comunit\u00e0\",\"datePublished\":\"2026-08-26T06:00:00+00:00\",\"dateModified\":\"2026-08-26T07:45:21+00:00\",\"mainEntityOfPage\":{\"@id\":\"https:\\\/\\\/spaziospadoni.org\\\/it\\\/america-repubblica-dominicana-gli-orti-familiari-che-nutrono-e-uniscono-la-comunita\\\/\"},\"wordCount\":488,\"publisher\":{\"@id\":\"https:\\\/\\\/spaziospadoni.org\\\/it\\\/#organization\"},\"image\":{\"@id\":\"https:\\\/\\\/spaziospadoni.org\\\/it\\\/america-repubblica-dominicana-gli-orti-familiari-che-nutrono-e-uniscono-la-comunita\\\/#primaryimage\"},\"thumbnailUrl\":\"https:\\\/\\\/spaziospadoni.org\\\/wp-content\\\/uploads\\\/2026\\\/08\\\/orti-comunitari-repubblica-dominicana.webp\",\"keywords\":[\"agricoltura\",\"comunit\u00e0\",\"esperienza missionaria\",\"Repubblica Dominicana\"],\"articleSection\":[\"Spazio Missionario\"],\"inLanguage\":\"it-IT\"},{\"@type\":\"WebPage\",\"@id\":\"https:\\\/\\\/spaziospadoni.org\\\/it\\\/america-repubblica-dominicana-gli-orti-familiari-che-nutrono-e-uniscono-la-comunita\\\/\",\"url\":\"https:\\\/\\\/spaziospadoni.org\\\/it\\\/america-repubblica-dominicana-gli-orti-familiari-che-nutrono-e-uniscono-la-comunita\\\/\",\"name\":\"America, Repubblica Dominicana | Orti familiari contro la fame\",\"isPartOf\":{\"@id\":\"https:\\\/\\\/spaziospadoni.org\\\/it\\\/#website\"},\"primaryImageOfPage\":{\"@id\":\"https:\\\/\\\/spaziospadoni.org\\\/it\\\/america-repubblica-dominicana-gli-orti-familiari-che-nutrono-e-uniscono-la-comunita\\\/#primaryimage\"},\"image\":{\"@id\":\"https:\\\/\\\/spaziospadoni.org\\\/it\\\/america-repubblica-dominicana-gli-orti-familiari-che-nutrono-e-uniscono-la-comunita\\\/#primaryimage\"},\"thumbnailUrl\":\"https:\\\/\\\/spaziospadoni.org\\\/wp-content\\\/uploads\\\/2026\\\/08\\\/orti-comunitari-repubblica-dominicana.webp\",\"datePublished\":\"2026-08-26T06:00:00+00:00\",\"dateModified\":\"2026-08-26T07:45:21+00:00\",\"description\":\"Nella Repubblica Dominicana gli orti familiari di San Juan de la Maguana rafforzano la sicurezza alimentare e coltivano legami di comunit\u00e0.\",\"breadcrumb\":{\"@id\":\"https:\\\/\\\/spaziospadoni.org\\\/it\\\/america-repubblica-dominicana-gli-orti-familiari-che-nutrono-e-uniscono-la-comunita\\\/#breadcrumb\"},\"inLanguage\":\"it-IT\",\"potentialAction\":[{\"@type\":\"ReadAction\",\"target\":[\"https:\\\/\\\/spaziospadoni.org\\\/it\\\/america-repubblica-dominicana-gli-orti-familiari-che-nutrono-e-uniscono-la-comunita\\\/\"]}]},{\"@type\":\"ImageObject\",\"inLanguage\":\"it-IT\",\"@id\":\"https:\\\/\\\/spaziospadoni.org\\\/it\\\/america-repubblica-dominicana-gli-orti-familiari-che-nutrono-e-uniscono-la-comunita\\\/#primaryimage\",\"url\":\"https:\\\/\\\/spaziospadoni.org\\\/wp-content\\\/uploads\\\/2026\\\/08\\\/orti-comunitari-repubblica-dominicana.webp\",\"contentUrl\":\"https:\\\/\\\/spaziospadoni.org\\\/wp-content\\\/uploads\\\/2026\\\/08\\\/orti-comunitari-repubblica-dominicana.webp\",\"width\":1200,\"height\":541,\"caption\":\"Il progetto degli orti comunitari ha coinvolto gli abitanti di La Pe\u00f1a, a San Juan de la Maguana (Repubblica Dominicana)\"},{\"@type\":\"BreadcrumbList\",\"@id\":\"https:\\\/\\\/spaziospadoni.org\\\/it\\\/america-repubblica-dominicana-gli-orti-familiari-che-nutrono-e-uniscono-la-comunita\\\/#breadcrumb\",\"itemListElement\":[{\"@type\":\"ListItem\",\"position\":1,\"name\":\"Home\",\"item\":\"https:\\\/\\\/spaziospadoni.org\\\/it\\\/\"},{\"@type\":\"ListItem\",\"position\":2,\"name\":\"America, Repubblica Dominicana | Gli orti familiari che nutrono la comunit\u00e0\"}]},{\"@type\":\"WebSite\",\"@id\":\"https:\\\/\\\/spaziospadoni.org\\\/it\\\/#website\",\"url\":\"https:\\\/\\\/spaziospadoni.org\\\/it\\\/\",\"name\":\"spazio + spadoni\",\"description\":\"Generazione di misericordia e missione nel mondo\",\"publisher\":{\"@id\":\"https:\\\/\\\/spaziospadoni.org\\\/it\\\/#organization\"},\"alternateName\":\"spaziospadoni.org\",\"potentialAction\":[{\"@type\":\"SearchAction\",\"target\":{\"@type\":\"EntryPoint\",\"urlTemplate\":\"https:\\\/\\\/spaziospadoni.org\\\/it\\\/?s={search_term_string}\"},\"query-input\":{\"@type\":\"PropertyValueSpecification\",\"valueRequired\":true,\"valueName\":\"search_term_string\"}}],\"inLanguage\":\"it-IT\"},{\"@type\":\"Organization\",\"@id\":\"https:\\\/\\\/spaziospadoni.org\\\/it\\\/#organization\",\"name\":\"spazio + spadoni\",\"alternateName\":\"spaziospadoni.org\",\"url\":\"https:\\\/\\\/spaziospadoni.org\\\/it\\\/\",\"logo\":{\"@type\":\"ImageObject\",\"inLanguage\":\"it-IT\",\"@id\":\"https:\\\/\\\/spaziospadoni.org\\\/it\\\/#\\\/schema\\\/logo\\\/image\\\/\",\"url\":\"https:\\\/\\\/spaziospadoni.org\\\/wp-content\\\/uploads\\\/2026\\\/05\\\/spazio-spadoni-logo-100x100-1.webp\",\"contentUrl\":\"https:\\\/\\\/spaziospadoni.org\\\/wp-content\\\/uploads\\\/2026\\\/05\\\/spazio-spadoni-logo-100x100-1.webp\",\"width\":100,\"height\":100,\"caption\":\"spazio + spadoni\"},\"image\":{\"@id\":\"https:\\\/\\\/spaziospadoni.org\\\/it\\\/#\\\/schema\\\/logo\\\/image\\\/\"},\"sameAs\":[\"https:\\\/\\\/www.facebook.com\\\/SpazioSpadoni\\\/\",\"https:\\\/\\\/www.instagram.com\\\/spaziospadoni\\\/\",\"https:\\\/\\\/www.youtube.com\\\/@spaziospadoni\\\/playlists\"]},{\"@type\":\"Person\",\"@id\":\"https:\\\/\\\/spaziospadoni.org\\\/it\\\/#\\\/schema\\\/person\\\/8cd0e9eb9ef908a8a7d8e3a7a6e3137f\",\"name\":\"Rita Usai\",\"image\":{\"@type\":\"ImageObject\",\"inLanguage\":\"it-IT\",\"@id\":\"https:\\\/\\\/secure.gravatar.com\\\/avatar\\\/9fcd90e3052b71758c786038f89335d3f5c713e6ba0f3723d03789357fb778dd?s=96&d=mm&r=g\",\"url\":\"https:\\\/\\\/secure.gravatar.com\\\/avatar\\\/9fcd90e3052b71758c786038f89335d3f5c713e6ba0f3723d03789357fb778dd?s=96&d=mm&r=g\",\"contentUrl\":\"https:\\\/\\\/secure.gravatar.com\\\/avatar\\\/9fcd90e3052b71758c786038f89335d3f5c713e6ba0f3723d03789357fb778dd?s=96&d=mm&r=g\",\"caption\":\"Rita Usai\"},\"description\":\"Classe 1958, Rita \u00e8 originaria della Sardegna, di Quartu Sant\u2019Elena, undicesima di 12 figli. Consacrata religiosa della Comunit\u00e0 Missionaria di Villaregia, \u00e8 da 40 anni in missione in America latina. Dal 2014 \u00e8 a Portorico, nella Comunit\u00e0 di Arecibo e dal novembre 2023 fa la spola con la diocesi di San Juan de la Maguana, una delle province pi\u00f9 povere della Repubblica Dominicana\",\"url\":\"https:\\\/\\\/spaziospadoni.org\\\/it\\\/author\\\/usai_mission\\\/\"}]}<\/script>\n<!-- \/ Yoast SEO plugin. -->","yoast_head_json":{"title":"America, Repubblica Dominicana | Orti familiari contro la fame","description":"Nella Repubblica Dominicana gli orti familiari di San Juan de la Maguana rafforzano la sicurezza alimentare e coltivano legami di comunit\u00e0.","robots":{"index":"index","follow":"follow","max-snippet":"max-snippet:-1","max-image-preview":"max-image-preview:large","max-video-preview":"max-video-preview:-1"},"canonical":"https:\/\/spaziospadoni.org\/it\/america-repubblica-dominicana-gli-orti-familiari-che-nutrono-e-uniscono-la-comunita\/","og_locale":"it_IT","og_type":"article","og_title":"America, Repubblica Dominicana | Orti familiari contro la fame","og_description":"Nella Repubblica Dominicana gli orti familiari di San Juan de la Maguana rafforzano la sicurezza alimentare e coltivano legami di comunit\u00e0.","og_url":"https:\/\/spaziospadoni.org\/it\/america-repubblica-dominicana-gli-orti-familiari-che-nutrono-e-uniscono-la-comunita\/","og_site_name":"spazio + spadoni","article_publisher":"https:\/\/www.facebook.com\/SpazioSpadoni\/","article_published_time":"2026-08-26T06:00:00+00:00","article_modified_time":"2026-08-26T07:45:21+00:00","og_image":[{"width":1200,"height":541,"url":"https:\/\/spaziospadoni.org\/wp-content\/uploads\/2026\/08\/orti-comunitari-repubblica-dominicana.webp","type":"image\/webp"}],"author":"Rita Usai","twitter_card":"summary_large_image","twitter_misc":{"Scritto da":"Rita Usai","Tempo di lettura stimato":"3 minuti"},"schema":{"@context":"https:\/\/schema.org","@graph":[{"@type":"Article","@id":"https:\/\/spaziospadoni.org\/it\/america-repubblica-dominicana-gli-orti-familiari-che-nutrono-e-uniscono-la-comunita\/#article","isPartOf":{"@id":"https:\/\/spaziospadoni.org\/it\/america-repubblica-dominicana-gli-orti-familiari-che-nutrono-e-uniscono-la-comunita\/"},"author":{"name":"Rita Usai","@id":"https:\/\/spaziospadoni.org\/it\/#\/schema\/person\/8cd0e9eb9ef908a8a7d8e3a7a6e3137f"},"headline":"America, Repubblica Dominicana | Gli orti familiari che nutrono la comunit\u00e0","datePublished":"2026-08-26T06:00:00+00:00","dateModified":"2026-08-26T07:45:21+00:00","mainEntityOfPage":{"@id":"https:\/\/spaziospadoni.org\/it\/america-repubblica-dominicana-gli-orti-familiari-che-nutrono-e-uniscono-la-comunita\/"},"wordCount":488,"publisher":{"@id":"https:\/\/spaziospadoni.org\/it\/#organization"},"image":{"@id":"https:\/\/spaziospadoni.org\/it\/america-repubblica-dominicana-gli-orti-familiari-che-nutrono-e-uniscono-la-comunita\/#primaryimage"},"thumbnailUrl":"https:\/\/spaziospadoni.org\/wp-content\/uploads\/2026\/08\/orti-comunitari-repubblica-dominicana.webp","keywords":["agricoltura","comunit\u00e0","esperienza missionaria","Repubblica Dominicana"],"articleSection":["Spazio Missionario"],"inLanguage":"it-IT"},{"@type":"WebPage","@id":"https:\/\/spaziospadoni.org\/it\/america-repubblica-dominicana-gli-orti-familiari-che-nutrono-e-uniscono-la-comunita\/","url":"https:\/\/spaziospadoni.org\/it\/america-repubblica-dominicana-gli-orti-familiari-che-nutrono-e-uniscono-la-comunita\/","name":"America, Repubblica Dominicana | Orti familiari contro la fame","isPartOf":{"@id":"https:\/\/spaziospadoni.org\/it\/#website"},"primaryImageOfPage":{"@id":"https:\/\/spaziospadoni.org\/it\/america-repubblica-dominicana-gli-orti-familiari-che-nutrono-e-uniscono-la-comunita\/#primaryimage"},"image":{"@id":"https:\/\/spaziospadoni.org\/it\/america-repubblica-dominicana-gli-orti-familiari-che-nutrono-e-uniscono-la-comunita\/#primaryimage"},"thumbnailUrl":"https:\/\/spaziospadoni.org\/wp-content\/uploads\/2026\/08\/orti-comunitari-repubblica-dominicana.webp","datePublished":"2026-08-26T06:00:00+00:00","dateModified":"2026-08-26T07:45:21+00:00","description":"Nella Repubblica Dominicana gli orti familiari di San Juan de la Maguana rafforzano la sicurezza alimentare e coltivano legami di comunit\u00e0.","breadcrumb":{"@id":"https:\/\/spaziospadoni.org\/it\/america-repubblica-dominicana-gli-orti-familiari-che-nutrono-e-uniscono-la-comunita\/#breadcrumb"},"inLanguage":"it-IT","potentialAction":[{"@type":"ReadAction","target":["https:\/\/spaziospadoni.org\/it\/america-repubblica-dominicana-gli-orti-familiari-che-nutrono-e-uniscono-la-comunita\/"]}]},{"@type":"ImageObject","inLanguage":"it-IT","@id":"https:\/\/spaziospadoni.org\/it\/america-repubblica-dominicana-gli-orti-familiari-che-nutrono-e-uniscono-la-comunita\/#primaryimage","url":"https:\/\/spaziospadoni.org\/wp-content\/uploads\/2026\/08\/orti-comunitari-repubblica-dominicana.webp","contentUrl":"https:\/\/spaziospadoni.org\/wp-content\/uploads\/2026\/08\/orti-comunitari-repubblica-dominicana.webp","width":1200,"height":541,"caption":"Il progetto degli orti comunitari ha coinvolto gli abitanti di La Pe\u00f1a, a San Juan de la Maguana (Repubblica Dominicana)"},{"@type":"BreadcrumbList","@id":"https:\/\/spaziospadoni.org\/it\/america-repubblica-dominicana-gli-orti-familiari-che-nutrono-e-uniscono-la-comunita\/#breadcrumb","itemListElement":[{"@type":"ListItem","position":1,"name":"Home","item":"https:\/\/spaziospadoni.org\/it\/"},{"@type":"ListItem","position":2,"name":"America, Repubblica Dominicana | Gli orti familiari che nutrono la comunit\u00e0"}]},{"@type":"WebSite","@id":"https:\/\/spaziospadoni.org\/it\/#website","url":"https:\/\/spaziospadoni.org\/it\/","name":"spazio + spadoni","description":"Generazione di misericordia e missione nel mondo","publisher":{"@id":"https:\/\/spaziospadoni.org\/it\/#organization"},"alternateName":"spaziospadoni.org","potentialAction":[{"@type":"SearchAction","target":{"@type":"EntryPoint","urlTemplate":"https:\/\/spaziospadoni.org\/it\/?s={search_term_string}"},"query-input":{"@type":"PropertyValueSpecification","valueRequired":true,"valueName":"search_term_string"}}],"inLanguage":"it-IT"},{"@type":"Organization","@id":"https:\/\/spaziospadoni.org\/it\/#organization","name":"spazio + spadoni","alternateName":"spaziospadoni.org","url":"https:\/\/spaziospadoni.org\/it\/","logo":{"@type":"ImageObject","inLanguage":"it-IT","@id":"https:\/\/spaziospadoni.org\/it\/#\/schema\/logo\/image\/","url":"https:\/\/spaziospadoni.org\/wp-content\/uploads\/2026\/05\/spazio-spadoni-logo-100x100-1.webp","contentUrl":"https:\/\/spaziospadoni.org\/wp-content\/uploads\/2026\/05\/spazio-spadoni-logo-100x100-1.webp","width":100,"height":100,"caption":"spazio + spadoni"},"image":{"@id":"https:\/\/spaziospadoni.org\/it\/#\/schema\/logo\/image\/"},"sameAs":["https:\/\/www.facebook.com\/SpazioSpadoni\/","https:\/\/www.instagram.com\/spaziospadoni\/","https:\/\/www.youtube.com\/@spaziospadoni\/playlists"]},{"@type":"Person","@id":"https:\/\/spaziospadoni.org\/it\/#\/schema\/person\/8cd0e9eb9ef908a8a7d8e3a7a6e3137f","name":"Rita Usai","image":{"@type":"ImageObject","inLanguage":"it-IT","@id":"https:\/\/secure.gravatar.com\/avatar\/9fcd90e3052b71758c786038f89335d3f5c713e6ba0f3723d03789357fb778dd?s=96&d=mm&r=g","url":"https:\/\/secure.gravatar.com\/avatar\/9fcd90e3052b71758c786038f89335d3f5c713e6ba0f3723d03789357fb778dd?s=96&d=mm&r=g","contentUrl":"https:\/\/secure.gravatar.com\/avatar\/9fcd90e3052b71758c786038f89335d3f5c713e6ba0f3723d03789357fb778dd?s=96&d=mm&r=g","caption":"Rita Usai"},"description":"Classe 1958, Rita \u00e8 originaria della Sardegna, di Quartu Sant\u2019Elena, undicesima di 12 figli. Consacrata religiosa della Comunit\u00e0 Missionaria di Villaregia, \u00e8 da 40 anni in missione in America latina. Dal 2014 \u00e8 a Portorico, nella Comunit\u00e0 di Arecibo e dal novembre 2023 fa la spola con la diocesi di San Juan de la Maguana, una delle province pi\u00f9 povere della Repubblica Dominicana","url":"https:\/\/spaziospadoni.org\/it\/author\/usai_mission\/"}]}},"_links":{"self":[{"href":"https:\/\/spaziospadoni.org\/it\/wp-json\/wp\/v2\/posts\/92174","targetHints":{"allow":["GET"]}}],"collection":[{"href":"https:\/\/spaziospadoni.org\/it\/wp-json\/wp\/v2\/posts"}],"about":[{"href":"https:\/\/spaziospadoni.org\/it\/wp-json\/wp\/v2\/types\/post"}],"author":[{"embeddable":true,"href":"https:\/\/spaziospadoni.org\/it\/wp-json\/wp\/v2\/users\/68"}],"replies":[{"embeddable":true,"href":"https:\/\/spaziospadoni.org\/it\/wp-json\/wp\/v2\/comments?post=92174"}],"version-history":[{"count":2,"href":"https:\/\/spaziospadoni.org\/it\/wp-json\/wp\/v2\/posts\/92174\/revisions"}],"predecessor-version":[{"id":92178,"href":"https:\/\/spaziospadoni.org\/it\/wp-json\/wp\/v2\/posts\/92174\/revisions\/92178"}],"wp:featuredmedia":[{"embeddable":true,"href":"https:\/\/spaziospadoni.org\/it\/wp-json\/wp\/v2\/media\/92175"}],"wp:attachment":[{"href":"https:\/\/spaziospadoni.org\/it\/wp-json\/wp\/v2\/media?parent=92174"}],"wp:term":[{"taxonomy":"category","embeddable":true,"href":"https:\/\/spaziospadoni.org\/it\/wp-json\/wp\/v2\/categories?post=92174"},{"taxonomy":"post_tag","embeddable":true,"href":"https:\/\/spaziospadoni.org\/it\/wp-json\/wp\/v2\/tags?post=92174"}],"curies":[{"name":"wp","href":"https:\/\/api.w.org\/{rel}","templated":true}]}}