{"id":94452,"date":"2026-08-27T07:00:00","date_gmt":"2026-08-27T06:00:00","guid":{"rendered":"https:\/\/spaziospadoni.org\/?p=94452"},"modified":"2026-08-26T13:25:21","modified_gmt":"2026-08-26T12:25:21","slug":"africa-ciad-vita-e-missione-nel-cuore-del-sahel","status":"publish","type":"post","link":"https:\/\/spaziospadoni.org\/it\/africa-ciad-vita-e-missione-nel-cuore-del-sahel\/","title":{"rendered":"Africa, Ciad | Vita e missione nel cuore del Sahel"},"content":{"rendered":"\n<p class=\"wp-block-paragraph\">Carissimi, ecco un piccolo squarcio di vita nel Sahel con una grande gioia in cuore. Scrivo questa lettera dal pullman che mi riporta a Bongor da N&#8217;djamena dopo una settimana intensiva di arabo ciadiano.<\/p>\n\n\n\n<h2 id=\"lo-studio-dellarabo-e-la-vita-comunitaria\" class=\"wp-block-heading\">Lo studio dell&#8217;arabo e la vita comunitaria<\/h2>\n\n\n\n<p class=\"wp-block-paragraph\">Siamo in 4 confratelli di diverse provenienze. &#8220;Salam alekum, wa alekum salam&#8221;, pace a te, pace a te. &#8220;Kef alak?&#8221;, &#8220;\u00e2fe&#8221;, come stai? bene. Il professore \u00e8 un uomo di 50 anni formato dai Gesuiti di Abech\u00e9, a est del Ciad. A N&#8217;djamena, i saveriani hanno una grande casa capace di ospitare diversi confratelli. In totale siamo in 6 o 7 e godiamo della vita comune.<\/p>\n\n\n\n<p class=\"wp-block-paragraph\">In arabo, i saluti si sprecano: &#8220;Nazara kikkef?&#8221; &#8220;uomo occidentale, come stai?&#8221;, &#8220;Al hamdoulilah&#8221;, &#8220;lode ad Allah&#8221;, &#8220;Machallah!&#8221; &#8220;gloria a Dio&#8221;, che Dio ti benedica, che Dio ti aiuti, ecc. Si possono passare anche 5 minuti e per la cultura locale il saluto \u00e8 importante, ma senza baci e abbracci come in Italia.<\/p>\n\n\n\n<h2 id=\"il-contesto-del-ciad-e-la-presenza-dei-saveriani\" class=\"wp-block-heading\">Il contesto del Ciad e la presenza dei Saveriani<\/h2>\n\n\n\n<p class=\"wp-block-paragraph\">Il Ciad \u00e8 un Paese tra i 22 e i 24 milioni di abitanti; le citt\u00e0 principali sono Mund\u00f9 e N&#8217;djamena. Per volont\u00e0 politica la capitale ha visto un maggior sviluppo. La gente, in cerca di lavoro, si \u00e8 riversata su questa citt\u00e0.<\/p>\n\n\n\n<p class=\"wp-block-paragraph\">I saveriani sono presenti da 8-9 anni, la loro zona \u00e8 la periferia sud nei quartieri di Toukra e Kundul dove c&#8217;\u00e8 una forte crescita demografica. I confratelli, forti dell&#8217;esperienza vissuta trent&#8217;anni fa a Douala, in Camerun, hanno suddiviso il territorio per garantire che almeno ogni 2 km ci sia un terreno per ospitare una chiesa. Attualmente hanno due parrocchie, un vicariato e altre comunit\u00e0. Il lavoro \u00e8 enorme.<\/p>\n\n\n\n<h2 id=\"incontri-di-cura-e-misericordia\" class=\"wp-block-heading\">Incontri di cura e misericordia<\/h2>\n\n\n\n<p class=\"wp-block-paragraph\">L&#8217;altro giorno, dopo la Messa, due fedeli mi portano a casa di un malato. Si chiama Jean Hawni e ha due grosse piaghe alle gambe. La moglie \u00e8 incinta e vivono in una piccola casa a bordo strada con due bambine di 2 e 5 anni.<\/p>\n\n\n\n<p class=\"wp-block-paragraph\">La malattia lo inchioda a casa da due anni e non pu\u00f2 lavorare. Sta seguendo una cura di medicina tradizionale, ma viste le condizioni igieniche non trova sollievo. \u00c8 molto depresso perch\u00e9 dalle piaghe cola un siero puzzolente. Abbiamo pregato, fatto l&#8217;unzione e poi mi sono raccomandato di andare al lebbrosario per seguire una buona cura.<\/p>\n\n\n\n<p class=\"wp-block-paragraph\">Ogni weekend, ritorno a Bongor per la celebrazione delle Messe: alla prigione (sabato) e in citt\u00e0 o nei villaggi (domenica).<\/p>\n\n\n\n<p class=\"wp-block-paragraph\">Sabato scorso, una signora mi chiede di pregare per la vicina di casa (Viviane) che ultimamente ha manifestato problemi psichiatrici. &#8220;Padre, vieni a pregare. L&#8217;altro giorno si \u00e8 spogliata e ha cominciato a vedere il demonio dappertutto&#8221;.<\/p>\n\n\n\n<p class=\"wp-block-paragraph\">La provvidenza ha messo sul nostro cammino Semkadi, un medico tradizionale che di per s\u00e9 cura morsi di serpente ma pu\u00f2 fare qualcosa anche in campo psichiatrico. Il dottore chiede di portarle Viviane. Quattro energumeni la caricano a forza su una moto e lei grida: &#8220;Aiuto, mi vogliono rapire!&#8221;. Interviene la polizia che a Bongor ha pi\u00f9 un ruolo &#8220;esattoriale&#8221;.<\/p>\n\n\n\n<p class=\"wp-block-paragraph\">Ogni conflitto si risolve con una multa di 6.000 franchi. Chi litiga paga. Noi, come tutti, paghiamo i nostri 6.000 e nel frattempo il dottore viene a domicilio, fa una puntura di calmante e finalmente la nostra malata trova il sonno. \u00c8 un principio di guarigione che si concluder\u00e0 a Yaound\u00e9 dove il fratello la porter\u00e0 domattina.<\/p>\n\n\n\n<p class=\"wp-block-paragraph\">Un abbraccio.<\/p>\n\n\n\n<p class=\"wp-block-paragraph\"><strong>Foto di Padre Carlo Maria Salvadori<\/strong><\/p>\n\n\n\n<p class=\"wp-block-paragraph\"><\/p>\n","protected":false},"excerpt":{"rendered":"<p>Carissimi, ecco un piccolo squarcio di vita nel Sahel con una grande gioia in cuore. Scrivo questa lettera dal pullman che mi riporta a Bongor da N&#8217;djamena dopo una settimana intensiva di arabo ciadiano. Lo studio dell&#8217;arabo e la vita comunitaria Siamo in 4 confratelli di diverse provenienze. &#8220;Salam alekum, wa alekum salam&#8221;, pace a &#8230; <a title=\"Africa, Ciad | Vita e missione nel cuore del Sahel\" class=\"read-more\" href=\"https:\/\/spaziospadoni.org\/it\/africa-ciad-vita-e-missione-nel-cuore-del-sahel\/\" aria-label=\"Per saperne di pi\u00f9 su Africa, Ciad | Vita e missione nel cuore del Sahel\">Leggi tutto<\/a><\/p>\n","protected":false},"author":44,"featured_media":94453,"comment_status":"closed","ping_status":"closed","sticky":false,"template":"","format":"standard","meta":{"_sitemap_exclude":false,"_sitemap_priority":"","_sitemap_frequency":"","ss_featured_image_title":"","ss_featured_image_alt":"Padre Carlo Maria Salvadori,","ss_featured_image_caption":"Padre Carlo Maria Salvadori, mentre va a Messa nella prigione di Bongor (Ciad)","footnotes":""},"categories":[48],"tags":[95,229,241,143,160,236],"class_list":["post-94452","post","type-post","status-publish","format-standard","has-post-thumbnail","hentry","category-spazio-missionario","tag-ciad","tag-cura","tag-incontri","tag-missione","tag-visitare-gli-ammalati","tag-visitare-i-carcerati","infinite-scroll-item","generate-columns","tablet-grid-50","mobile-grid-100","grid-parent","grid-50"],"yoast_head":"<!-- This site is optimized with the Yoast SEO plugin v28.4 - https:\/\/yoast.com\/product\/yoast-seo-wordpress\/ -->\n<title>Africa, Ciad | Vita e missione nel cuore del Sahel<\/title>\n<meta name=\"description\" content=\"Lettera dal Ciad: la vita in missione tra N&#039;djamena e Bongor. Incontri di fede, povert\u00e0 e la costante ricerca di cura per gli ultimi.\" \/>\n<meta name=\"robots\" content=\"index, follow, max-snippet:-1, max-image-preview:large, max-video-preview:-1\" \/>\n<link rel=\"canonical\" href=\"https:\/\/spaziospadoni.org\/it\/africa-ciad-vita-e-missione-nel-cuore-del-sahel\/\" \/>\n<meta property=\"og:locale\" content=\"it_IT\" \/>\n<meta property=\"og:type\" content=\"article\" \/>\n<meta property=\"og:title\" content=\"Africa, Ciad | Vita e missione nel cuore del Sahel\" \/>\n<meta property=\"og:description\" content=\"Lettera dal Ciad: la vita in missione tra N&#039;djamena e Bongor. Incontri di fede, povert\u00e0 e la costante ricerca di cura per gli ultimi.\" \/>\n<meta property=\"og:url\" content=\"https:\/\/spaziospadoni.org\/it\/africa-ciad-vita-e-missione-nel-cuore-del-sahel\/\" \/>\n<meta property=\"og:site_name\" content=\"spazio + spadoni\" \/>\n<meta property=\"article:publisher\" content=\"https:\/\/www.facebook.com\/SpazioSpadoni\/\" \/>\n<meta property=\"article:published_time\" content=\"2026-08-27T06:00:00+00:00\" \/>\n<meta property=\"og:image\" content=\"https:\/\/spaziospadoni.org\/wp-content\/uploads\/2026\/08\/missionario-ciad-salvadori.webp\" \/>\n\t<meta property=\"og:image:width\" content=\"1200\" \/>\n\t<meta property=\"og:image:height\" content=\"800\" \/>\n\t<meta property=\"og:image:type\" content=\"image\/webp\" \/>\n<meta name=\"author\" content=\"Padre Carlo Maria Salvadori\" \/>\n<meta name=\"twitter:card\" content=\"summary_large_image\" \/>\n<meta name=\"twitter:label1\" content=\"Scritto da\" \/>\n\t<meta name=\"twitter:data1\" content=\"Padre Carlo Maria Salvadori\" \/>\n\t<meta name=\"twitter:label2\" content=\"Tempo di lettura stimato\" \/>\n\t<meta name=\"twitter:data2\" content=\"4 minuti\" \/>\n<script type=\"application\/ld+json\" class=\"yoast-schema-graph\">{\"@context\":\"https:\\\/\\\/schema.org\",\"@graph\":[{\"@type\":\"Article\",\"@id\":\"https:\\\/\\\/spaziospadoni.org\\\/it\\\/africa-ciad-vita-e-missione-nel-cuore-del-sahel\\\/#article\",\"isPartOf\":{\"@id\":\"https:\\\/\\\/spaziospadoni.org\\\/it\\\/africa-ciad-vita-e-missione-nel-cuore-del-sahel\\\/\"},\"author\":{\"name\":\"Padre Carlo Maria Salvadori\",\"@id\":\"https:\\\/\\\/spaziospadoni.org\\\/it\\\/#\\\/schema\\\/person\\\/a92d13b7b308d3b47a276a32c23160a7\"},\"headline\":\"Africa, Ciad | Vita e missione nel cuore del Sahel\",\"datePublished\":\"2026-08-27T06:00:00+00:00\",\"mainEntityOfPage\":{\"@id\":\"https:\\\/\\\/spaziospadoni.org\\\/it\\\/africa-ciad-vita-e-missione-nel-cuore-del-sahel\\\/\"},\"wordCount\":566,\"publisher\":{\"@id\":\"https:\\\/\\\/spaziospadoni.org\\\/it\\\/#organization\"},\"image\":{\"@id\":\"https:\\\/\\\/spaziospadoni.org\\\/it\\\/africa-ciad-vita-e-missione-nel-cuore-del-sahel\\\/#primaryimage\"},\"thumbnailUrl\":\"https:\\\/\\\/spaziospadoni.org\\\/wp-content\\\/uploads\\\/2026\\\/08\\\/missionario-ciad-salvadori.webp\",\"keywords\":[\"Ciad\",\"cura\",\"incontri\",\"Missione\",\"Visitare gli ammalati\",\"Visitare i carcerati\"],\"articleSection\":[\"Spazio Missionario\"],\"inLanguage\":\"it-IT\"},{\"@type\":\"WebPage\",\"@id\":\"https:\\\/\\\/spaziospadoni.org\\\/it\\\/africa-ciad-vita-e-missione-nel-cuore-del-sahel\\\/\",\"url\":\"https:\\\/\\\/spaziospadoni.org\\\/it\\\/africa-ciad-vita-e-missione-nel-cuore-del-sahel\\\/\",\"name\":\"Africa, Ciad | Vita e missione nel cuore del Sahel\",\"isPartOf\":{\"@id\":\"https:\\\/\\\/spaziospadoni.org\\\/it\\\/#website\"},\"primaryImageOfPage\":{\"@id\":\"https:\\\/\\\/spaziospadoni.org\\\/it\\\/africa-ciad-vita-e-missione-nel-cuore-del-sahel\\\/#primaryimage\"},\"image\":{\"@id\":\"https:\\\/\\\/spaziospadoni.org\\\/it\\\/africa-ciad-vita-e-missione-nel-cuore-del-sahel\\\/#primaryimage\"},\"thumbnailUrl\":\"https:\\\/\\\/spaziospadoni.org\\\/wp-content\\\/uploads\\\/2026\\\/08\\\/missionario-ciad-salvadori.webp\",\"datePublished\":\"2026-08-27T06:00:00+00:00\",\"description\":\"Lettera dal Ciad: la vita in missione tra N'djamena e Bongor. Incontri di fede, povert\u00e0 e la costante ricerca di cura per gli ultimi.\",\"breadcrumb\":{\"@id\":\"https:\\\/\\\/spaziospadoni.org\\\/it\\\/africa-ciad-vita-e-missione-nel-cuore-del-sahel\\\/#breadcrumb\"},\"inLanguage\":\"it-IT\",\"potentialAction\":[{\"@type\":\"ReadAction\",\"target\":[\"https:\\\/\\\/spaziospadoni.org\\\/it\\\/africa-ciad-vita-e-missione-nel-cuore-del-sahel\\\/\"]}]},{\"@type\":\"ImageObject\",\"inLanguage\":\"it-IT\",\"@id\":\"https:\\\/\\\/spaziospadoni.org\\\/it\\\/africa-ciad-vita-e-missione-nel-cuore-del-sahel\\\/#primaryimage\",\"url\":\"https:\\\/\\\/spaziospadoni.org\\\/wp-content\\\/uploads\\\/2026\\\/08\\\/missionario-ciad-salvadori.webp\",\"contentUrl\":\"https:\\\/\\\/spaziospadoni.org\\\/wp-content\\\/uploads\\\/2026\\\/08\\\/missionario-ciad-salvadori.webp\",\"width\":1200,\"height\":800,\"caption\":\"Padre Carlo Maria Salvadori, mentre va a Messa nella prigione di Bongor (Ciad)\"},{\"@type\":\"BreadcrumbList\",\"@id\":\"https:\\\/\\\/spaziospadoni.org\\\/it\\\/africa-ciad-vita-e-missione-nel-cuore-del-sahel\\\/#breadcrumb\",\"itemListElement\":[{\"@type\":\"ListItem\",\"position\":1,\"name\":\"Home\",\"item\":\"https:\\\/\\\/spaziospadoni.org\\\/it\\\/\"},{\"@type\":\"ListItem\",\"position\":2,\"name\":\"Africa, Ciad | Vita e missione nel cuore del Sahel\"}]},{\"@type\":\"WebSite\",\"@id\":\"https:\\\/\\\/spaziospadoni.org\\\/it\\\/#website\",\"url\":\"https:\\\/\\\/spaziospadoni.org\\\/it\\\/\",\"name\":\"spazio + spadoni\",\"description\":\"Generazione di misericordia e missione nel mondo\",\"publisher\":{\"@id\":\"https:\\\/\\\/spaziospadoni.org\\\/it\\\/#organization\"},\"alternateName\":\"spaziospadoni.org\",\"potentialAction\":[{\"@type\":\"SearchAction\",\"target\":{\"@type\":\"EntryPoint\",\"urlTemplate\":\"https:\\\/\\\/spaziospadoni.org\\\/it\\\/?s={search_term_string}\"},\"query-input\":{\"@type\":\"PropertyValueSpecification\",\"valueRequired\":true,\"valueName\":\"search_term_string\"}}],\"inLanguage\":\"it-IT\"},{\"@type\":\"Organization\",\"@id\":\"https:\\\/\\\/spaziospadoni.org\\\/it\\\/#organization\",\"name\":\"spazio + spadoni\",\"alternateName\":\"spaziospadoni.org\",\"url\":\"https:\\\/\\\/spaziospadoni.org\\\/it\\\/\",\"logo\":{\"@type\":\"ImageObject\",\"inLanguage\":\"it-IT\",\"@id\":\"https:\\\/\\\/spaziospadoni.org\\\/it\\\/#\\\/schema\\\/logo\\\/image\\\/\",\"url\":\"https:\\\/\\\/spaziospadoni.org\\\/wp-content\\\/uploads\\\/2026\\\/05\\\/spazio-spadoni-logo-100x100-1.webp\",\"contentUrl\":\"https:\\\/\\\/spaziospadoni.org\\\/wp-content\\\/uploads\\\/2026\\\/05\\\/spazio-spadoni-logo-100x100-1.webp\",\"width\":100,\"height\":100,\"caption\":\"spazio + spadoni\"},\"image\":{\"@id\":\"https:\\\/\\\/spaziospadoni.org\\\/it\\\/#\\\/schema\\\/logo\\\/image\\\/\"},\"sameAs\":[\"https:\\\/\\\/www.facebook.com\\\/SpazioSpadoni\\\/\",\"https:\\\/\\\/www.instagram.com\\\/spaziospadoni\\\/\",\"https:\\\/\\\/www.youtube.com\\\/@spaziospadoni\\\/playlists\"]},{\"@type\":\"Person\",\"@id\":\"https:\\\/\\\/spaziospadoni.org\\\/it\\\/#\\\/schema\\\/person\\\/a92d13b7b308d3b47a276a32c23160a7\",\"name\":\"Padre Carlo Maria Salvadori\",\"image\":{\"@type\":\"ImageObject\",\"inLanguage\":\"it-IT\",\"@id\":\"https:\\\/\\\/secure.gravatar.com\\\/avatar\\\/21419421ca29eda77daa12603b4396ae9848b83cf3c6487aaf787d48c9c7899a?s=96&d=mm&r=g\",\"url\":\"https:\\\/\\\/secure.gravatar.com\\\/avatar\\\/21419421ca29eda77daa12603b4396ae9848b83cf3c6487aaf787d48c9c7899a?s=96&d=mm&r=g\",\"contentUrl\":\"https:\\\/\\\/secure.gravatar.com\\\/avatar\\\/21419421ca29eda77daa12603b4396ae9848b83cf3c6487aaf787d48c9c7899a?s=96&d=mm&r=g\",\"caption\":\"Padre Carlo Maria Salvadori\"},\"description\":\"Nato a Parma nel 1980, \u00e8 il quinto di sei figli, \u00e8 un missionario saveriano. Entrato in seminario a Parma dopo aver conseguito il diploma di geometra, nel 2003 \u00e8 entrato nei Saveriani dove ha emesso i voti nel 2007. \u00c8 diventato prete nel 2012. Ha trascorso 10 anni di missione in Camerun occupandosi di animazione missionaria giovanile. Dal 2018 \u00e8 in Italia e nel settembre 2025 partir\u00e0 per la missione Saveriana del Ciad.\",\"url\":\"https:\\\/\\\/spaziospadoni.org\\\/it\\\/author\\\/salvadori_mission\\\/\"}]}<\/script>\n<!-- \/ Yoast SEO plugin. -->","yoast_head_json":{"title":"Africa, Ciad | Vita e missione nel cuore del Sahel","description":"Lettera dal Ciad: la vita in missione tra N'djamena e Bongor. Incontri di fede, povert\u00e0 e la costante ricerca di cura per gli ultimi.","robots":{"index":"index","follow":"follow","max-snippet":"max-snippet:-1","max-image-preview":"max-image-preview:large","max-video-preview":"max-video-preview:-1"},"canonical":"https:\/\/spaziospadoni.org\/it\/africa-ciad-vita-e-missione-nel-cuore-del-sahel\/","og_locale":"it_IT","og_type":"article","og_title":"Africa, Ciad | Vita e missione nel cuore del Sahel","og_description":"Lettera dal Ciad: la vita in missione tra N'djamena e Bongor. Incontri di fede, povert\u00e0 e la costante ricerca di cura per gli ultimi.","og_url":"https:\/\/spaziospadoni.org\/it\/africa-ciad-vita-e-missione-nel-cuore-del-sahel\/","og_site_name":"spazio + spadoni","article_publisher":"https:\/\/www.facebook.com\/SpazioSpadoni\/","article_published_time":"2026-08-27T06:00:00+00:00","og_image":[{"width":1200,"height":800,"url":"https:\/\/spaziospadoni.org\/wp-content\/uploads\/2026\/08\/missionario-ciad-salvadori.webp","type":"image\/webp"}],"author":"Padre Carlo Maria Salvadori","twitter_card":"summary_large_image","twitter_misc":{"Scritto da":"Padre Carlo Maria Salvadori","Tempo di lettura stimato":"4 minuti"},"schema":{"@context":"https:\/\/schema.org","@graph":[{"@type":"Article","@id":"https:\/\/spaziospadoni.org\/it\/africa-ciad-vita-e-missione-nel-cuore-del-sahel\/#article","isPartOf":{"@id":"https:\/\/spaziospadoni.org\/it\/africa-ciad-vita-e-missione-nel-cuore-del-sahel\/"},"author":{"name":"Padre Carlo Maria Salvadori","@id":"https:\/\/spaziospadoni.org\/it\/#\/schema\/person\/a92d13b7b308d3b47a276a32c23160a7"},"headline":"Africa, Ciad | Vita e missione nel cuore del Sahel","datePublished":"2026-08-27T06:00:00+00:00","mainEntityOfPage":{"@id":"https:\/\/spaziospadoni.org\/it\/africa-ciad-vita-e-missione-nel-cuore-del-sahel\/"},"wordCount":566,"publisher":{"@id":"https:\/\/spaziospadoni.org\/it\/#organization"},"image":{"@id":"https:\/\/spaziospadoni.org\/it\/africa-ciad-vita-e-missione-nel-cuore-del-sahel\/#primaryimage"},"thumbnailUrl":"https:\/\/spaziospadoni.org\/wp-content\/uploads\/2026\/08\/missionario-ciad-salvadori.webp","keywords":["Ciad","cura","incontri","Missione","Visitare gli ammalati","Visitare i carcerati"],"articleSection":["Spazio Missionario"],"inLanguage":"it-IT"},{"@type":"WebPage","@id":"https:\/\/spaziospadoni.org\/it\/africa-ciad-vita-e-missione-nel-cuore-del-sahel\/","url":"https:\/\/spaziospadoni.org\/it\/africa-ciad-vita-e-missione-nel-cuore-del-sahel\/","name":"Africa, Ciad | Vita e missione nel cuore del Sahel","isPartOf":{"@id":"https:\/\/spaziospadoni.org\/it\/#website"},"primaryImageOfPage":{"@id":"https:\/\/spaziospadoni.org\/it\/africa-ciad-vita-e-missione-nel-cuore-del-sahel\/#primaryimage"},"image":{"@id":"https:\/\/spaziospadoni.org\/it\/africa-ciad-vita-e-missione-nel-cuore-del-sahel\/#primaryimage"},"thumbnailUrl":"https:\/\/spaziospadoni.org\/wp-content\/uploads\/2026\/08\/missionario-ciad-salvadori.webp","datePublished":"2026-08-27T06:00:00+00:00","description":"Lettera dal Ciad: la vita in missione tra N'djamena e Bongor. Incontri di fede, povert\u00e0 e la costante ricerca di cura per gli ultimi.","breadcrumb":{"@id":"https:\/\/spaziospadoni.org\/it\/africa-ciad-vita-e-missione-nel-cuore-del-sahel\/#breadcrumb"},"inLanguage":"it-IT","potentialAction":[{"@type":"ReadAction","target":["https:\/\/spaziospadoni.org\/it\/africa-ciad-vita-e-missione-nel-cuore-del-sahel\/"]}]},{"@type":"ImageObject","inLanguage":"it-IT","@id":"https:\/\/spaziospadoni.org\/it\/africa-ciad-vita-e-missione-nel-cuore-del-sahel\/#primaryimage","url":"https:\/\/spaziospadoni.org\/wp-content\/uploads\/2026\/08\/missionario-ciad-salvadori.webp","contentUrl":"https:\/\/spaziospadoni.org\/wp-content\/uploads\/2026\/08\/missionario-ciad-salvadori.webp","width":1200,"height":800,"caption":"Padre Carlo Maria Salvadori, mentre va a Messa nella prigione di Bongor (Ciad)"},{"@type":"BreadcrumbList","@id":"https:\/\/spaziospadoni.org\/it\/africa-ciad-vita-e-missione-nel-cuore-del-sahel\/#breadcrumb","itemListElement":[{"@type":"ListItem","position":1,"name":"Home","item":"https:\/\/spaziospadoni.org\/it\/"},{"@type":"ListItem","position":2,"name":"Africa, Ciad | Vita e missione nel cuore del Sahel"}]},{"@type":"WebSite","@id":"https:\/\/spaziospadoni.org\/it\/#website","url":"https:\/\/spaziospadoni.org\/it\/","name":"spazio + spadoni","description":"Generazione di misericordia e missione nel mondo","publisher":{"@id":"https:\/\/spaziospadoni.org\/it\/#organization"},"alternateName":"spaziospadoni.org","potentialAction":[{"@type":"SearchAction","target":{"@type":"EntryPoint","urlTemplate":"https:\/\/spaziospadoni.org\/it\/?s={search_term_string}"},"query-input":{"@type":"PropertyValueSpecification","valueRequired":true,"valueName":"search_term_string"}}],"inLanguage":"it-IT"},{"@type":"Organization","@id":"https:\/\/spaziospadoni.org\/it\/#organization","name":"spazio + spadoni","alternateName":"spaziospadoni.org","url":"https:\/\/spaziospadoni.org\/it\/","logo":{"@type":"ImageObject","inLanguage":"it-IT","@id":"https:\/\/spaziospadoni.org\/it\/#\/schema\/logo\/image\/","url":"https:\/\/spaziospadoni.org\/wp-content\/uploads\/2026\/05\/spazio-spadoni-logo-100x100-1.webp","contentUrl":"https:\/\/spaziospadoni.org\/wp-content\/uploads\/2026\/05\/spazio-spadoni-logo-100x100-1.webp","width":100,"height":100,"caption":"spazio + spadoni"},"image":{"@id":"https:\/\/spaziospadoni.org\/it\/#\/schema\/logo\/image\/"},"sameAs":["https:\/\/www.facebook.com\/SpazioSpadoni\/","https:\/\/www.instagram.com\/spaziospadoni\/","https:\/\/www.youtube.com\/@spaziospadoni\/playlists"]},{"@type":"Person","@id":"https:\/\/spaziospadoni.org\/it\/#\/schema\/person\/a92d13b7b308d3b47a276a32c23160a7","name":"Padre Carlo Maria Salvadori","image":{"@type":"ImageObject","inLanguage":"it-IT","@id":"https:\/\/secure.gravatar.com\/avatar\/21419421ca29eda77daa12603b4396ae9848b83cf3c6487aaf787d48c9c7899a?s=96&d=mm&r=g","url":"https:\/\/secure.gravatar.com\/avatar\/21419421ca29eda77daa12603b4396ae9848b83cf3c6487aaf787d48c9c7899a?s=96&d=mm&r=g","contentUrl":"https:\/\/secure.gravatar.com\/avatar\/21419421ca29eda77daa12603b4396ae9848b83cf3c6487aaf787d48c9c7899a?s=96&d=mm&r=g","caption":"Padre Carlo Maria Salvadori"},"description":"Nato a Parma nel 1980, \u00e8 il quinto di sei figli, \u00e8 un missionario saveriano. Entrato in seminario a Parma dopo aver conseguito il diploma di geometra, nel 2003 \u00e8 entrato nei Saveriani dove ha emesso i voti nel 2007. \u00c8 diventato prete nel 2012. Ha trascorso 10 anni di missione in Camerun occupandosi di animazione missionaria giovanile. Dal 2018 \u00e8 in Italia e nel settembre 2025 partir\u00e0 per la missione Saveriana del Ciad.","url":"https:\/\/spaziospadoni.org\/it\/author\/salvadori_mission\/"}]}},"_links":{"self":[{"href":"https:\/\/spaziospadoni.org\/it\/wp-json\/wp\/v2\/posts\/94452","targetHints":{"allow":["GET"]}}],"collection":[{"href":"https:\/\/spaziospadoni.org\/it\/wp-json\/wp\/v2\/posts"}],"about":[{"href":"https:\/\/spaziospadoni.org\/it\/wp-json\/wp\/v2\/types\/post"}],"author":[{"embeddable":true,"href":"https:\/\/spaziospadoni.org\/it\/wp-json\/wp\/v2\/users\/44"}],"replies":[{"embeddable":true,"href":"https:\/\/spaziospadoni.org\/it\/wp-json\/wp\/v2\/comments?post=94452"}],"version-history":[{"count":1,"href":"https:\/\/spaziospadoni.org\/it\/wp-json\/wp\/v2\/posts\/94452\/revisions"}],"predecessor-version":[{"id":94454,"href":"https:\/\/spaziospadoni.org\/it\/wp-json\/wp\/v2\/posts\/94452\/revisions\/94454"}],"wp:featuredmedia":[{"embeddable":true,"href":"https:\/\/spaziospadoni.org\/it\/wp-json\/wp\/v2\/media\/94453"}],"wp:attachment":[{"href":"https:\/\/spaziospadoni.org\/it\/wp-json\/wp\/v2\/media?parent=94452"}],"wp:term":[{"taxonomy":"category","embeddable":true,"href":"https:\/\/spaziospadoni.org\/it\/wp-json\/wp\/v2\/categories?post=94452"},{"taxonomy":"post_tag","embeddable":true,"href":"https:\/\/spaziospadoni.org\/it\/wp-json\/wp\/v2\/tags?post=94452"}],"curies":[{"name":"wp","href":"https:\/\/api.w.org\/{rel}","templated":true}]}}