{"id":94459,"date":"2026-08-28T07:00:00","date_gmt":"2026-08-28T06:00:00","guid":{"rendered":"https:\/\/spaziospadoni.org\/?p=94459"},"modified":"2026-08-26T23:06:14","modified_gmt":"2026-08-26T22:06:14","slug":"asia-turchia-dissolvenze-tra-memoria-e-missione","status":"publish","type":"post","link":"https:\/\/spaziospadoni.org\/it\/asia-turchia-dissolvenze-tra-memoria-e-missione\/","title":{"rendered":"Asia, Turchia | Dissolvenze, tra memoria e missione"},"content":{"rendered":"\n<p class=\"wp-block-paragraph\">Alcuni mesi fa, spazio + spadoni ha proposto quella che poi si sarebbe rivelata un\u2019idea davvero piacevole per chi vi ha aderito, accettando di scrivere qualcosa relativamente a quello che ha chiamato \u201cL\u2019alfabeto della Misericordia\u201d. <\/p>\n\n\n\n<p class=\"wp-block-paragraph\">La proposta, per chi avesse voluto partecipare, era quella di scegliere una lettera dell\u2019alfabeto e quindi scrivere qualcosa partendo proprio da quella lettera. Gabriella (mia moglie) ed io abbiamo scelto la lettera -S, che per noi si ricollega alla parola \u2018Scuolina\u2019. <\/p>\n\n\n\n<pre class=\"wp-block-verse\"><strong>S\u00ec, \u2018Scuolina\u2019 perch\u00e9 Scuola \u00e8 una parola molto importante e non sarebbe stata aderente alla realt\u00e0. S\u00ec, Scuolina, che da diciassette anni indica una realt\u00e0 in cui ragazze provenienti dall\u2019Iran e dall\u2019Afghanistan e rifugiate in Turchia hanno accesso gratuito per poter studiare il Turco e l\u2019Inglese, grazie a due insegnanti Afghane anch\u2019esse rifugiate a Van. <\/strong><\/pre>\n\n\n\n<p class=\"wp-block-paragraph\">\u00c8 stato molto bello per noi vedere come alcune di queste ragazze, che non erano mai state a scuola nei loro Paesi, abbiano iniziato a leggere e scrivere, anche se in una lingua cos\u00ec diversa dalla loro. La Scuolina ha potuto prendere forma e continuare a vivere grazie ad amici che l\u2019hanno sostenuta e la sostengono. <\/p>\n\n\n\n<p class=\"wp-block-paragraph\">Gabriella ed io, Roberto, abbiamo <strong>vissuto ventuno anni in quella nazione, la Turchia, come Fidei Donum della Diocesi di Firenze<\/strong>, e pi\u00f9 precisamente nella citt\u00e0 di <strong>Van, al confine con l\u2019Iran<\/strong>. <\/p>\n\n\n\n<p class=\"wp-block-paragraph\">La Scuolina \u00e8 nata perch\u00e9, vivendo a stretto contatto con i rifugiati, ci siamo resi conto di come fosse difficile per quelle ragazze imparare anche soltanto a leggere la lingua turca, che usa caratteri cos\u00ec diversi da quelli dell\u2019alfabeto persiano.<\/p>\n\n\n\n<p class=\"wp-block-paragraph\"><em>La scuolina e tutto quello che per noi significa ci porta a raccontarvi qualcos\u2019altro:<\/em><\/p>\n\n\n\n<p class=\"wp-block-paragraph\">Siamo rientrati in Italia poco pi\u00f9 di quattro anni fa, ma il termine \u2018rientrati\u2019 si riferisce solamente alla geografia, nel senso che fisicamente, per la maggior parte dell\u2019anno viviamo in Italia, riservandoci per\u00f2 sempre uno spazio ogni anno per tornare dove ormai abita maggiormente il nostro cuore, il nostro pensiero. <\/p>\n\n\n\n<p class=\"wp-block-paragraph\">A questo proposito desideriamo condividere con voi una cosa particolare, e per noi anche divertente, che ormai viene a trovarci spesso. <\/p>\n\n\n\n<p class=\"wp-block-paragraph\">Noi li chiamiamo <strong>i momenti delle &#8216;dissolvenze&#8217;<\/strong>, prendendo spunto da questa tecnica cinematografica. Spesso in un film, in un documentario, il regista \u2018sfuma\u2019 quello che la cinepresa sta inquadrando per trasferirlo delicatamente ad altra immagine. <\/p>\n\n\n\n<p class=\"wp-block-paragraph\">Cosa vogliamo dire? Talvolta, durante la giornata, capita che mentre guardiamo qualcosa, improvvisamente quella stessa cosa si trasforma, e con una specie di &#8216;dissolvenza&#8217;, da oggetto osservato reale quale \u00e8, passa ad essere il ricordo di un&#8217;immagine molto simile vista in Turchia. <\/p>\n\n\n\n<p class=\"wp-block-paragraph\">L&#8217;altro giorno, per esempio, stavo guardando dalla spiaggia di Marina di Ragusa una petroliera che passava molto al largo e sulla stessa linea c\u2019era anche una nave porta container. Ecco che con la dissolvenza mi sono ritrovato a \u2018vedere\u2019 le petroliere che con Gabri seguivamo nel loro passaggio sul Mar di Marmara o sul canale del Bosforo. <\/p>\n\n\n\n<p class=\"wp-block-paragraph\">E ancora: spesso qui in Sicilia agli angoli delle strade ci sono persone che vendono frutta o verdura in casse appoggiate per terra o nel bagagliaio aperto della macchina. Vedevamo spesso questa stessa immagine a Van o a Istanbul, per strada, fuori dai mercati, immagine che era per noi una gioia grazie a quella semplicit\u00e0, a quella fantasia lavorativa che l&#8217;immagine emanava. <\/p>\n\n\n\n<p class=\"wp-block-paragraph\">Immagine di lavoro umile, di fatica, di inventiva, che loro chiamano &#8216;ekmek parasi&#8217; (i soldi per il pane\u2026 e non molto di pi\u00f9). <\/p>\n\n\n\n<p class=\"wp-block-paragraph\">Facile avere una dissolvenza con i paesaggi che qui, talvolta, ci ricordano quelli visti a migliaia di chilometri di distanza in contesti completamente diversi&#8230;<\/p>\n\n\n\n<p class=\"wp-block-paragraph\">Difficile a spiegarsi con le parole, ma ci \u00e8 capitato in diversi momenti, con tante immagini diverse, di passare da qua a l\u00e0; ed \u00e8 bello per noi che la nostra mente possa collegare momenti, situazioni, posti diversi, per regalarci un essere insieme qua adesso ed il l\u00e0 prima!<\/p>\n\n\n\n<p class=\"wp-block-paragraph\">Questo gioco della dissolvenza, che purtroppo dura solo pochi secondi, ci ha fatto pensare &#8211; o meglio sognare volando con la fantasia &#8211; a come sarebbe bello per Gabri e per me se esistesse qualcosa capace di fare con quelle immagini una specie di copia-incolla per poterle mettere insieme e \u2018salvarle\u2019, per sempre dentro di noi. <\/p>\n\n\n\n<p class=\"wp-block-paragraph\">Dove? Non lo so, ma forse il cuore potrebbe essere il luogo pi\u00f9 adatto se, come dice la Volpe al Piccolo Principe: <\/p>\n\n\n\n<blockquote class=\"wp-block-quote is-layout-flow wp-block-quote-is-layout-flow\">\n<p class=\"wp-block-paragraph\"><em>\u201cEcco il mio segreto. \u00c8 molto semplice: non si vede bene che col cuore. L\u2019essenziale \u00e8 invisibile agli occhi\u201d. \u201cL\u2019essenziale \u00e8 invisibile agli occhi\u201d, ripet\u00e9 il piccolo principe, per ricordarselo. \u201c\u00c8 il tempo che tu hai perduto per la tua rosa che ha fatto la tua rosa cos\u00ec importante\u201d.<\/em><\/p>\n<\/blockquote>\n\n\n\n<p class=\"wp-block-paragraph\">Rileggendo queste righe, mi accorgo che sono tutte permeate di dissolvenze e copia incolla di momenti della nostra vita. Questo, per Gabri e per me, \u00e8 molto bello perch\u00e9 significa che il nostro ricordare e sentire, ieri come oggi, \u00e8 ben custodito e procede ovunque con la stessa passione&#8230;<\/p>\n\n\n\n<blockquote class=\"wp-block-quote is-layout-flow wp-block-quote-is-layout-flow\">\n<p class=\"wp-block-paragraph\"><em>\u201cViaggiatore, non c\u2019\u00e8 sentiero, il sentiero si fa mentre cammini\u201d<\/em> (Antonio Machado).<\/p>\n<\/blockquote>\n\n\n\n<p class=\"wp-block-paragraph\"><strong>Foto di Roberto e Gabriella Ugolini<\/strong><\/p>\n","protected":false},"excerpt":{"rendered":"<p>Alcuni mesi fa, spazio + spadoni ha proposto quella che poi si sarebbe rivelata un\u2019idea davvero piacevole per chi vi ha aderito, accettando di scrivere qualcosa relativamente a quello che ha chiamato \u201cL\u2019alfabeto della Misericordia\u201d. La proposta, per chi avesse voluto partecipare, era quella di scegliere una lettera dell\u2019alfabeto e quindi scrivere qualcosa partendo proprio &#8230; <a title=\"Asia, Turchia | Dissolvenze, tra memoria e missione\" class=\"read-more\" href=\"https:\/\/spaziospadoni.org\/it\/asia-turchia-dissolvenze-tra-memoria-e-missione\/\" aria-label=\"Per saperne di pi\u00f9 su Asia, Turchia | Dissolvenze, tra memoria e missione\">Leggi tutto<\/a><\/p>\n","protected":false},"author":66,"featured_media":94468,"comment_status":"closed","ping_status":"closed","sticky":false,"template":"","format":"standard","meta":{"_sitemap_exclude":false,"_sitemap_priority":"","_sitemap_frequency":"","ss_featured_image_title":"","ss_featured_image_alt":"","ss_featured_image_caption":"","footnotes":""},"categories":[268],"tags":[346,82,143,98,353],"class_list":["post-94459","post","type-post","status-publish","format-standard","has-post-thumbnail","hentry","category-storie","tag-fidei-donum","tag-istruire-gli-ignoranti","tag-missione","tag-scuola","tag-turchia","infinite-scroll-item","generate-columns","tablet-grid-50","mobile-grid-100","grid-parent","grid-50"],"yoast_head":"<!-- This site is optimized with the Yoast SEO plugin v28.4 - https:\/\/yoast.com\/product\/yoast-seo-wordpress\/ -->\n<title>Asia, Turchia | Dissolvenze tra memoria e missione<\/title>\n<meta name=\"description\" content=\"Il ricordo della missione a Van e della Scuolina si unisce al quotidiano in Sicilia attraverso le dissolvenze del cuore.\" \/>\n<meta name=\"robots\" content=\"index, follow, max-snippet:-1, max-image-preview:large, max-video-preview:-1\" \/>\n<link rel=\"canonical\" href=\"https:\/\/spaziospadoni.org\/it\/asia-turchia-dissolvenze-tra-memoria-e-missione\/\" \/>\n<meta property=\"og:locale\" content=\"it_IT\" \/>\n<meta property=\"og:type\" content=\"article\" \/>\n<meta property=\"og:title\" content=\"Asia, Turchia | Dissolvenze tra memoria e missione\" \/>\n<meta property=\"og:description\" content=\"Il ricordo della missione a Van e della Scuolina si unisce al quotidiano in Sicilia attraverso le dissolvenze del cuore.\" \/>\n<meta property=\"og:url\" content=\"https:\/\/spaziospadoni.org\/it\/asia-turchia-dissolvenze-tra-memoria-e-missione\/\" \/>\n<meta property=\"og:site_name\" content=\"spazio + spadoni\" \/>\n<meta property=\"article:publisher\" content=\"https:\/\/www.facebook.com\/SpazioSpadoni\/\" \/>\n<meta property=\"article:published_time\" content=\"2026-08-28T06:00:00+00:00\" \/>\n<meta property=\"og:image\" content=\"https:\/\/spaziospadoni.org\/wp-content\/uploads\/2026\/08\/turchia-bancarelle-ricordi.webp\" \/>\n\t<meta property=\"og:image:width\" content=\"1200\" \/>\n\t<meta property=\"og:image:height\" content=\"800\" \/>\n\t<meta property=\"og:image:type\" content=\"image\/webp\" \/>\n<meta name=\"author\" content=\"Roberto e Gabriella Ugolini\" \/>\n<meta name=\"twitter:card\" content=\"summary_large_image\" \/>\n<meta name=\"twitter:label1\" content=\"Scritto da\" \/>\n\t<meta name=\"twitter:data1\" content=\"Roberto e Gabriella Ugolini\" \/>\n\t<meta name=\"twitter:label2\" content=\"Tempo di lettura stimato\" \/>\n\t<meta name=\"twitter:data2\" content=\"4 minuti\" \/>\n<script type=\"application\/ld+json\" class=\"yoast-schema-graph\">{\"@context\":\"https:\\\/\\\/schema.org\",\"@graph\":[{\"@type\":\"Article\",\"@id\":\"https:\\\/\\\/spaziospadoni.org\\\/it\\\/asia-turchia-dissolvenze-tra-memoria-e-missione\\\/#article\",\"isPartOf\":{\"@id\":\"https:\\\/\\\/spaziospadoni.org\\\/it\\\/asia-turchia-dissolvenze-tra-memoria-e-missione\\\/\"},\"author\":{\"name\":\"Roberto e Gabriella Ugolini\",\"@id\":\"https:\\\/\\\/spaziospadoni.org\\\/it\\\/#\\\/schema\\\/person\\\/12cabffdfba056cef0fb7bf15f665ac9\"},\"headline\":\"Asia, Turchia | Dissolvenze, tra memoria e missione\",\"datePublished\":\"2026-08-28T06:00:00+00:00\",\"mainEntityOfPage\":{\"@id\":\"https:\\\/\\\/spaziospadoni.org\\\/it\\\/asia-turchia-dissolvenze-tra-memoria-e-missione\\\/\"},\"wordCount\":783,\"publisher\":{\"@id\":\"https:\\\/\\\/spaziospadoni.org\\\/it\\\/#organization\"},\"image\":{\"@id\":\"https:\\\/\\\/spaziospadoni.org\\\/it\\\/asia-turchia-dissolvenze-tra-memoria-e-missione\\\/#primaryimage\"},\"thumbnailUrl\":\"https:\\\/\\\/spaziospadoni.org\\\/wp-content\\\/uploads\\\/2026\\\/08\\\/turchia-bancarelle-ricordi.webp\",\"keywords\":[\"fidei donum\",\"Istruire gli ignoranti\",\"Missione\",\"scuola\",\"Turchia\"],\"articleSection\":[\"Storie\"],\"inLanguage\":\"it-IT\"},{\"@type\":\"WebPage\",\"@id\":\"https:\\\/\\\/spaziospadoni.org\\\/it\\\/asia-turchia-dissolvenze-tra-memoria-e-missione\\\/\",\"url\":\"https:\\\/\\\/spaziospadoni.org\\\/it\\\/asia-turchia-dissolvenze-tra-memoria-e-missione\\\/\",\"name\":\"Asia, Turchia | Dissolvenze tra memoria e missione\",\"isPartOf\":{\"@id\":\"https:\\\/\\\/spaziospadoni.org\\\/it\\\/#website\"},\"primaryImageOfPage\":{\"@id\":\"https:\\\/\\\/spaziospadoni.org\\\/it\\\/asia-turchia-dissolvenze-tra-memoria-e-missione\\\/#primaryimage\"},\"image\":{\"@id\":\"https:\\\/\\\/spaziospadoni.org\\\/it\\\/asia-turchia-dissolvenze-tra-memoria-e-missione\\\/#primaryimage\"},\"thumbnailUrl\":\"https:\\\/\\\/spaziospadoni.org\\\/wp-content\\\/uploads\\\/2026\\\/08\\\/turchia-bancarelle-ricordi.webp\",\"datePublished\":\"2026-08-28T06:00:00+00:00\",\"description\":\"Il ricordo della missione a Van e della Scuolina si unisce al quotidiano in Sicilia attraverso le dissolvenze del cuore.\",\"breadcrumb\":{\"@id\":\"https:\\\/\\\/spaziospadoni.org\\\/it\\\/asia-turchia-dissolvenze-tra-memoria-e-missione\\\/#breadcrumb\"},\"inLanguage\":\"it-IT\",\"potentialAction\":[{\"@type\":\"ReadAction\",\"target\":[\"https:\\\/\\\/spaziospadoni.org\\\/it\\\/asia-turchia-dissolvenze-tra-memoria-e-missione\\\/\"]}]},{\"@type\":\"ImageObject\",\"inLanguage\":\"it-IT\",\"@id\":\"https:\\\/\\\/spaziospadoni.org\\\/it\\\/asia-turchia-dissolvenze-tra-memoria-e-missione\\\/#primaryimage\",\"url\":\"https:\\\/\\\/spaziospadoni.org\\\/wp-content\\\/uploads\\\/2026\\\/08\\\/turchia-bancarelle-ricordi.webp\",\"contentUrl\":\"https:\\\/\\\/spaziospadoni.org\\\/wp-content\\\/uploads\\\/2026\\\/08\\\/turchia-bancarelle-ricordi.webp\",\"width\":1200,\"height\":800},{\"@type\":\"BreadcrumbList\",\"@id\":\"https:\\\/\\\/spaziospadoni.org\\\/it\\\/asia-turchia-dissolvenze-tra-memoria-e-missione\\\/#breadcrumb\",\"itemListElement\":[{\"@type\":\"ListItem\",\"position\":1,\"name\":\"Home\",\"item\":\"https:\\\/\\\/spaziospadoni.org\\\/it\\\/\"},{\"@type\":\"ListItem\",\"position\":2,\"name\":\"Asia, Turchia | Dissolvenze, tra memoria e missione\"}]},{\"@type\":\"WebSite\",\"@id\":\"https:\\\/\\\/spaziospadoni.org\\\/it\\\/#website\",\"url\":\"https:\\\/\\\/spaziospadoni.org\\\/it\\\/\",\"name\":\"spazio + spadoni\",\"description\":\"Generazione di misericordia e missione nel mondo\",\"publisher\":{\"@id\":\"https:\\\/\\\/spaziospadoni.org\\\/it\\\/#organization\"},\"alternateName\":\"spaziospadoni.org\",\"potentialAction\":[{\"@type\":\"SearchAction\",\"target\":{\"@type\":\"EntryPoint\",\"urlTemplate\":\"https:\\\/\\\/spaziospadoni.org\\\/it\\\/?s={search_term_string}\"},\"query-input\":{\"@type\":\"PropertyValueSpecification\",\"valueRequired\":true,\"valueName\":\"search_term_string\"}}],\"inLanguage\":\"it-IT\"},{\"@type\":\"Organization\",\"@id\":\"https:\\\/\\\/spaziospadoni.org\\\/it\\\/#organization\",\"name\":\"spazio + spadoni\",\"alternateName\":\"spaziospadoni.org\",\"url\":\"https:\\\/\\\/spaziospadoni.org\\\/it\\\/\",\"logo\":{\"@type\":\"ImageObject\",\"inLanguage\":\"it-IT\",\"@id\":\"https:\\\/\\\/spaziospadoni.org\\\/it\\\/#\\\/schema\\\/logo\\\/image\\\/\",\"url\":\"https:\\\/\\\/spaziospadoni.org\\\/wp-content\\\/uploads\\\/2026\\\/05\\\/spazio-spadoni-logo-100x100-1.webp\",\"contentUrl\":\"https:\\\/\\\/spaziospadoni.org\\\/wp-content\\\/uploads\\\/2026\\\/05\\\/spazio-spadoni-logo-100x100-1.webp\",\"width\":100,\"height\":100,\"caption\":\"spazio + spadoni\"},\"image\":{\"@id\":\"https:\\\/\\\/spaziospadoni.org\\\/it\\\/#\\\/schema\\\/logo\\\/image\\\/\"},\"sameAs\":[\"https:\\\/\\\/www.facebook.com\\\/SpazioSpadoni\\\/\",\"https:\\\/\\\/www.instagram.com\\\/spaziospadoni\\\/\",\"https:\\\/\\\/www.youtube.com\\\/@spaziospadoni\\\/playlists\"]},{\"@type\":\"Person\",\"@id\":\"https:\\\/\\\/spaziospadoni.org\\\/it\\\/#\\\/schema\\\/person\\\/12cabffdfba056cef0fb7bf15f665ac9\",\"name\":\"Roberto e Gabriella Ugolini\",\"image\":{\"@type\":\"ImageObject\",\"inLanguage\":\"it-IT\",\"@id\":\"https:\\\/\\\/secure.gravatar.com\\\/avatar\\\/4a7cc84692c5ecc64ecee7a930c2c41666692e9457580737a528d5d5b4ef8656?s=96&d=mm&r=g\",\"url\":\"https:\\\/\\\/secure.gravatar.com\\\/avatar\\\/4a7cc84692c5ecc64ecee7a930c2c41666692e9457580737a528d5d5b4ef8656?s=96&d=mm&r=g\",\"contentUrl\":\"https:\\\/\\\/secure.gravatar.com\\\/avatar\\\/4a7cc84692c5ecc64ecee7a930c2c41666692e9457580737a528d5d5b4ef8656?s=96&d=mm&r=g\",\"caption\":\"Roberto e Gabriella Ugolini\"},\"description\":\"Nati e vissuti entrambi a Firenze, sono sposati e hanno una figlia, Costanza. Nel maggio del 2000, sono partiti come fidei donum per la Turchia, dove hanno vissuto per 21 anni. La loro missione si \u00e8 svolta prevalentemente nel remoto Est dell\u2019Anatolia, in un\u2019area a prevalenza curda meta di profughi afghani e iraniani. Al rientro, nel 2021, hanno scelto di trasferirsi a Ragusa, in Sicilia, dove prestano servizio presso un consultorio familiare e affiancano padre Cesare Geroldi. Il loro legame con la Turchia continua: non solo con le visite in estate, ma anche nel continuare a sostenere quella che loro chiamano \u201cla scuolina\u201d, messa su per le bambine e le donne rifugiate. Roberto \u00e8 autore di 3 libri: Dost, Via dello Stupore e Cristalli di Neve, fiocchi di Cotone, alla cui correzione e revisione ha collaborato Gabriella.\",\"url\":\"https:\\\/\\\/spaziospadoni.org\\\/it\\\/author\\\/ugolini_mission\\\/\"}]}<\/script>\n<!-- \/ Yoast SEO plugin. -->","yoast_head_json":{"title":"Asia, Turchia | Dissolvenze tra memoria e missione","description":"Il ricordo della missione a Van e della Scuolina si unisce al quotidiano in Sicilia attraverso le dissolvenze del cuore.","robots":{"index":"index","follow":"follow","max-snippet":"max-snippet:-1","max-image-preview":"max-image-preview:large","max-video-preview":"max-video-preview:-1"},"canonical":"https:\/\/spaziospadoni.org\/it\/asia-turchia-dissolvenze-tra-memoria-e-missione\/","og_locale":"it_IT","og_type":"article","og_title":"Asia, Turchia | Dissolvenze tra memoria e missione","og_description":"Il ricordo della missione a Van e della Scuolina si unisce al quotidiano in Sicilia attraverso le dissolvenze del cuore.","og_url":"https:\/\/spaziospadoni.org\/it\/asia-turchia-dissolvenze-tra-memoria-e-missione\/","og_site_name":"spazio + spadoni","article_publisher":"https:\/\/www.facebook.com\/SpazioSpadoni\/","article_published_time":"2026-08-28T06:00:00+00:00","og_image":[{"width":1200,"height":800,"url":"https:\/\/spaziospadoni.org\/wp-content\/uploads\/2026\/08\/turchia-bancarelle-ricordi.webp","type":"image\/webp"}],"author":"Roberto e Gabriella Ugolini","twitter_card":"summary_large_image","twitter_misc":{"Scritto da":"Roberto e Gabriella Ugolini","Tempo di lettura stimato":"4 minuti"},"schema":{"@context":"https:\/\/schema.org","@graph":[{"@type":"Article","@id":"https:\/\/spaziospadoni.org\/it\/asia-turchia-dissolvenze-tra-memoria-e-missione\/#article","isPartOf":{"@id":"https:\/\/spaziospadoni.org\/it\/asia-turchia-dissolvenze-tra-memoria-e-missione\/"},"author":{"name":"Roberto e Gabriella Ugolini","@id":"https:\/\/spaziospadoni.org\/it\/#\/schema\/person\/12cabffdfba056cef0fb7bf15f665ac9"},"headline":"Asia, Turchia | Dissolvenze, tra memoria e missione","datePublished":"2026-08-28T06:00:00+00:00","mainEntityOfPage":{"@id":"https:\/\/spaziospadoni.org\/it\/asia-turchia-dissolvenze-tra-memoria-e-missione\/"},"wordCount":783,"publisher":{"@id":"https:\/\/spaziospadoni.org\/it\/#organization"},"image":{"@id":"https:\/\/spaziospadoni.org\/it\/asia-turchia-dissolvenze-tra-memoria-e-missione\/#primaryimage"},"thumbnailUrl":"https:\/\/spaziospadoni.org\/wp-content\/uploads\/2026\/08\/turchia-bancarelle-ricordi.webp","keywords":["fidei donum","Istruire gli ignoranti","Missione","scuola","Turchia"],"articleSection":["Storie"],"inLanguage":"it-IT"},{"@type":"WebPage","@id":"https:\/\/spaziospadoni.org\/it\/asia-turchia-dissolvenze-tra-memoria-e-missione\/","url":"https:\/\/spaziospadoni.org\/it\/asia-turchia-dissolvenze-tra-memoria-e-missione\/","name":"Asia, Turchia | Dissolvenze tra memoria e missione","isPartOf":{"@id":"https:\/\/spaziospadoni.org\/it\/#website"},"primaryImageOfPage":{"@id":"https:\/\/spaziospadoni.org\/it\/asia-turchia-dissolvenze-tra-memoria-e-missione\/#primaryimage"},"image":{"@id":"https:\/\/spaziospadoni.org\/it\/asia-turchia-dissolvenze-tra-memoria-e-missione\/#primaryimage"},"thumbnailUrl":"https:\/\/spaziospadoni.org\/wp-content\/uploads\/2026\/08\/turchia-bancarelle-ricordi.webp","datePublished":"2026-08-28T06:00:00+00:00","description":"Il ricordo della missione a Van e della Scuolina si unisce al quotidiano in Sicilia attraverso le dissolvenze del cuore.","breadcrumb":{"@id":"https:\/\/spaziospadoni.org\/it\/asia-turchia-dissolvenze-tra-memoria-e-missione\/#breadcrumb"},"inLanguage":"it-IT","potentialAction":[{"@type":"ReadAction","target":["https:\/\/spaziospadoni.org\/it\/asia-turchia-dissolvenze-tra-memoria-e-missione\/"]}]},{"@type":"ImageObject","inLanguage":"it-IT","@id":"https:\/\/spaziospadoni.org\/it\/asia-turchia-dissolvenze-tra-memoria-e-missione\/#primaryimage","url":"https:\/\/spaziospadoni.org\/wp-content\/uploads\/2026\/08\/turchia-bancarelle-ricordi.webp","contentUrl":"https:\/\/spaziospadoni.org\/wp-content\/uploads\/2026\/08\/turchia-bancarelle-ricordi.webp","width":1200,"height":800},{"@type":"BreadcrumbList","@id":"https:\/\/spaziospadoni.org\/it\/asia-turchia-dissolvenze-tra-memoria-e-missione\/#breadcrumb","itemListElement":[{"@type":"ListItem","position":1,"name":"Home","item":"https:\/\/spaziospadoni.org\/it\/"},{"@type":"ListItem","position":2,"name":"Asia, Turchia | Dissolvenze, tra memoria e missione"}]},{"@type":"WebSite","@id":"https:\/\/spaziospadoni.org\/it\/#website","url":"https:\/\/spaziospadoni.org\/it\/","name":"spazio + spadoni","description":"Generazione di misericordia e missione nel mondo","publisher":{"@id":"https:\/\/spaziospadoni.org\/it\/#organization"},"alternateName":"spaziospadoni.org","potentialAction":[{"@type":"SearchAction","target":{"@type":"EntryPoint","urlTemplate":"https:\/\/spaziospadoni.org\/it\/?s={search_term_string}"},"query-input":{"@type":"PropertyValueSpecification","valueRequired":true,"valueName":"search_term_string"}}],"inLanguage":"it-IT"},{"@type":"Organization","@id":"https:\/\/spaziospadoni.org\/it\/#organization","name":"spazio + spadoni","alternateName":"spaziospadoni.org","url":"https:\/\/spaziospadoni.org\/it\/","logo":{"@type":"ImageObject","inLanguage":"it-IT","@id":"https:\/\/spaziospadoni.org\/it\/#\/schema\/logo\/image\/","url":"https:\/\/spaziospadoni.org\/wp-content\/uploads\/2026\/05\/spazio-spadoni-logo-100x100-1.webp","contentUrl":"https:\/\/spaziospadoni.org\/wp-content\/uploads\/2026\/05\/spazio-spadoni-logo-100x100-1.webp","width":100,"height":100,"caption":"spazio + spadoni"},"image":{"@id":"https:\/\/spaziospadoni.org\/it\/#\/schema\/logo\/image\/"},"sameAs":["https:\/\/www.facebook.com\/SpazioSpadoni\/","https:\/\/www.instagram.com\/spaziospadoni\/","https:\/\/www.youtube.com\/@spaziospadoni\/playlists"]},{"@type":"Person","@id":"https:\/\/spaziospadoni.org\/it\/#\/schema\/person\/12cabffdfba056cef0fb7bf15f665ac9","name":"Roberto e Gabriella Ugolini","image":{"@type":"ImageObject","inLanguage":"it-IT","@id":"https:\/\/secure.gravatar.com\/avatar\/4a7cc84692c5ecc64ecee7a930c2c41666692e9457580737a528d5d5b4ef8656?s=96&d=mm&r=g","url":"https:\/\/secure.gravatar.com\/avatar\/4a7cc84692c5ecc64ecee7a930c2c41666692e9457580737a528d5d5b4ef8656?s=96&d=mm&r=g","contentUrl":"https:\/\/secure.gravatar.com\/avatar\/4a7cc84692c5ecc64ecee7a930c2c41666692e9457580737a528d5d5b4ef8656?s=96&d=mm&r=g","caption":"Roberto e Gabriella Ugolini"},"description":"Nati e vissuti entrambi a Firenze, sono sposati e hanno una figlia, Costanza. Nel maggio del 2000, sono partiti come fidei donum per la Turchia, dove hanno vissuto per 21 anni. La loro missione si \u00e8 svolta prevalentemente nel remoto Est dell\u2019Anatolia, in un\u2019area a prevalenza curda meta di profughi afghani e iraniani. Al rientro, nel 2021, hanno scelto di trasferirsi a Ragusa, in Sicilia, dove prestano servizio presso un consultorio familiare e affiancano padre Cesare Geroldi. Il loro legame con la Turchia continua: non solo con le visite in estate, ma anche nel continuare a sostenere quella che loro chiamano \u201cla scuolina\u201d, messa su per le bambine e le donne rifugiate. Roberto \u00e8 autore di 3 libri: Dost, Via dello Stupore e Cristalli di Neve, fiocchi di Cotone, alla cui correzione e revisione ha collaborato Gabriella.","url":"https:\/\/spaziospadoni.org\/it\/author\/ugolini_mission\/"}]}},"_links":{"self":[{"href":"https:\/\/spaziospadoni.org\/it\/wp-json\/wp\/v2\/posts\/94459","targetHints":{"allow":["GET"]}}],"collection":[{"href":"https:\/\/spaziospadoni.org\/it\/wp-json\/wp\/v2\/posts"}],"about":[{"href":"https:\/\/spaziospadoni.org\/it\/wp-json\/wp\/v2\/types\/post"}],"author":[{"embeddable":true,"href":"https:\/\/spaziospadoni.org\/it\/wp-json\/wp\/v2\/users\/66"}],"replies":[{"embeddable":true,"href":"https:\/\/spaziospadoni.org\/it\/wp-json\/wp\/v2\/comments?post=94459"}],"version-history":[{"count":1,"href":"https:\/\/spaziospadoni.org\/it\/wp-json\/wp\/v2\/posts\/94459\/revisions"}],"predecessor-version":[{"id":94460,"href":"https:\/\/spaziospadoni.org\/it\/wp-json\/wp\/v2\/posts\/94459\/revisions\/94460"}],"wp:featuredmedia":[{"embeddable":true,"href":"https:\/\/spaziospadoni.org\/it\/wp-json\/wp\/v2\/media\/94468"}],"wp:attachment":[{"href":"https:\/\/spaziospadoni.org\/it\/wp-json\/wp\/v2\/media?parent=94459"}],"wp:term":[{"taxonomy":"category","embeddable":true,"href":"https:\/\/spaziospadoni.org\/it\/wp-json\/wp\/v2\/categories?post=94459"},{"taxonomy":"post_tag","embeddable":true,"href":"https:\/\/spaziospadoni.org\/it\/wp-json\/wp\/v2\/tags?post=94459"}],"curies":[{"name":"wp","href":"https:\/\/api.w.org\/{rel}","templated":true}]}}