{"id":94829,"date":"2026-08-29T07:00:00","date_gmt":"2026-08-29T06:00:00","guid":{"rendered":"https:\/\/spaziospadoni.org\/?p=94829"},"modified":"2026-08-28T16:58:13","modified_gmt":"2026-08-28T15:58:13","slug":"europa-italia-il-cardinale-pizzaballa-e-carta-di-leuca-il-mare-che-unisce","status":"publish","type":"post","link":"https:\/\/spaziospadoni.org\/it\/europa-italia-il-cardinale-pizzaballa-e-carta-di-leuca-il-mare-che-unisce\/","title":{"rendered":"Europa, Italia | Il cardinale Pizzaballa e Carta di Leuca: il mare che unisce"},"content":{"rendered":"\n<blockquote class=\"wp-block-quote is-layout-flow wp-block-quote-is-layout-flow\">\n<p class=\"wp-block-paragraph\"><em>\u00abAvete un mare aperto che abbraccia lo sguardo. Sembra che non ci sia nulla, ma c&#8217;\u00e8 il mondo, e io guardandolo ho pensato che al di l\u00e0 c&#8217;\u00e8 la Terra Santa dove torner\u00f2 presto. Questo mare vi dona uno sguardo aperto, un cuore aperto, libero, che non ha paura, perch\u00e9 guardando in alto, guardiamo Dio che porta consolazione, che porta amore\u00bb.<\/em><\/p>\n<\/blockquote>\n\n\n\n<p class=\"wp-block-paragraph\">\u00c8 la frase che il cardinale Pizzaballa ha lasciato a Leuca in questi giorni. Una frase detta guardando il mare, ed \u00e8 da l\u00ec che vorrei ripartire anch&#8217;io.<\/p>\n\n\n\n<h2 id=\"lo-sguardo-del-patriarca-sul-mediterraneo\" class=\"wp-block-heading\">Lo sguardo del patriarca sul Mediterraneo<\/h2>\n\n\n\n<p class=\"wp-block-paragraph\">Prima della messa del mattino il cardinale era sul balcone dell&#8217;appartamento in basilica dove aveva dormito, e guardava il mare. Una notte umida aveva lasciato il posto a una mattinata afosa \u2014 giornate afose come si vivono in estate su questo lembo di terra, quasi adagiato sul mare come un&#8217;isola. <\/p>\n\n\n\n<p class=\"wp-block-paragraph\">Lui guardava quella distesa che dalla punta del Salento ti abbraccia lo sguardo, che sembra non contenere nulla e invece contiene tutto: ogni punto del Mediterraneo, comprese le coste da cui viene lui, patriarca di Gerusalemme. <\/p>\n\n\n\n<p class=\"wp-block-paragraph\">Un mare che non separa ma mette in comunicazione, che unisce chi sta su una riva a chi sta sull&#8217;altra, anche quando fra le due rive c&#8217;\u00e8 una guerra.<\/p>\n\n\n\n<h2 id=\"lincontro-tra-i-giovani-e-le-sponde-del-mare\" class=\"wp-block-heading\">L&#8217;incontro tra i giovani e le sponde del mare<\/h2>\n\n\n\n<p class=\"wp-block-paragraph\">Il cardinale ha incontrato i ragazzi di Carta di Leuca, i rappresentanti della Fondazione Don Tonino Bello. \u00c8 stato omaggiato da Don Luigi Ciotti, salutato da tutte le autorit\u00e0 civili e religiose, fino al presidente della Regione e al vescovo Angiuli. <\/p>\n\n\n\n<p class=\"wp-block-paragraph\">Un popolo e una terra che lo hanno abbracciato come da sempre abbracciano chi viene da lontano: ospite in un lembo di Puglia che \u00e8 insieme il punto pi\u00f9 remoto e il pi\u00f9 aperto verso il mondo, <strong>terra di confine che di confini, in realt\u00e0, non ne conosce<\/strong>.<\/p>\n\n\n\n<p class=\"wp-block-paragraph\">Tra quei ragazzi c&#8217;erano anche quelli arrivati dalla Palestina, da Betlemme \u2014 \u0628\u064a\u062a \u0644\u062d\u0645 \u2014 la citt\u00e0 della nativit\u00e0 portata fin qui, sulla punta del Salento, a sedersi allo stesso tavolo di chi veniva da Cipro, dal Nord Africa, dai Balcani. <\/p>\n\n\n\n<p class=\"wp-block-paragraph\">Un dettaglio che da solo dice cosa sia stata Carta di Leuca quest&#8217;anno: non un convegno sulla pace, ma la pace stessa messa provvisoriamente in scena, per pochi giorni, attorno a un mare che non separa.<\/p>\n\n\n\n<h2 id=\"la-proclamazione-della-carta-di-leuca-2026\" class=\"wp-block-heading\">La proclamazione della Carta di Leuca 2026<\/h2>\n\n\n\n<p class=\"wp-block-paragraph\">\u00c8 in questa cornice che i giovani hanno scritto la Carta di Leuca 2026, un testo che non si limita a raccontare i giorni vissuti insieme, ma li trasforma in impegno: occhi aperti sulle ferite fra i popoli, memoria da guarire perch\u00e9 non resti prigione, un grido di giustizia che dal Mediterraneo possa oltrepassare ogni confine. Il testo integrale \u00e8 stato proclamato il 14 agosto sul sagrato della basilica. <\/p>\n\n\n\n<p class=\"wp-block-paragraph\">Forse \u00e8 proprio in quello sguardo aperto sull&#8217;acqua, che non nasconde nulla e contiene tutto, che si racchiude il senso di questi giorni a Leuca: <strong>un cuore aperto, libero<\/strong>, che non ha paura, perch\u00e9 guardando in alto si guarda Colui che porta consolazione. E guardando il mare, i giovani di Carta di Leuca hanno scelto di guardare, senza paura, anche le ferite del proprio tempo.<\/p>\n\n\n\n<p class=\"wp-block-paragraph\"><strong>Foto di Massimo Buccarello<\/strong><\/p>\n\n\n\n<p class=\"wp-block-paragraph\"><\/p>\n","protected":false},"excerpt":{"rendered":"<p>\u00abAvete un mare aperto che abbraccia lo sguardo. Sembra che non ci sia nulla, ma c&#8217;\u00e8 il mondo, e io guardandolo ho pensato che al di l\u00e0 c&#8217;\u00e8 la Terra Santa dove torner\u00f2 presto. Questo mare vi dona uno sguardo aperto, un cuore aperto, libero, che non ha paura, perch\u00e9 guardando in alto, guardiamo Dio &#8230; <a title=\"Europa, Italia | Il cardinale Pizzaballa e Carta di Leuca: il mare che unisce\" class=\"read-more\" href=\"https:\/\/spaziospadoni.org\/it\/europa-italia-il-cardinale-pizzaballa-e-carta-di-leuca-il-mare-che-unisce\/\" aria-label=\"Per saperne di pi\u00f9 su Europa, Italia | Il cardinale Pizzaballa e Carta di Leuca: il mare che unisce\">Leggi tutto<\/a><\/p>\n","protected":false},"author":8,"featured_media":94832,"comment_status":"closed","ping_status":"closed","sticky":false,"template":"","format":"standard","meta":{"_sitemap_exclude":false,"_sitemap_priority":"","_sitemap_frequency":"","ss_featured_image_title":"","ss_featured_image_alt":"Santa Maria divLeuca","ss_featured_image_caption":"Il mare di Santa Maria di Leuca (Lecce)","footnotes":""},"categories":[120],"tags":[312,414,313,421],"class_list":["post-94829","post","type-post","status-publish","format-standard","has-post-thumbnail","hentry","category-la-chiesa-che-ispira","tag-cardinale","tag-cuore","tag-gaza","tag-mediterraneo","infinite-scroll-item","generate-columns","tablet-grid-50","mobile-grid-100","grid-parent","grid-50"],"yoast_head":"<!-- This site is optimized with the Yoast SEO plugin v28.4 - https:\/\/yoast.com\/product\/yoast-seo-wordpress\/ -->\n<title>Europa, Italia | Cardinale Pizzaballa a Carta di Leuca<\/title>\n<meta name=\"description\" content=\"Il cardinale Pizzaballa incontra i giovani di Carta di Leuca: il Mediterraneo diventa un ponte di pace, dialogo e speranza oltre i confini.\" \/>\n<meta name=\"robots\" content=\"index, follow, max-snippet:-1, max-image-preview:large, max-video-preview:-1\" \/>\n<link rel=\"canonical\" href=\"https:\/\/spaziospadoni.org\/it\/europa-italia-il-cardinale-pizzaballa-e-carta-di-leuca-il-mare-che-unisce\/\" \/>\n<meta property=\"og:locale\" content=\"it_IT\" \/>\n<meta property=\"og:type\" content=\"article\" \/>\n<meta property=\"og:title\" content=\"Europa, Italia | Cardinale Pizzaballa a Carta di Leuca\" \/>\n<meta property=\"og:description\" content=\"Il cardinale Pizzaballa incontra i giovani di Carta di Leuca: il Mediterraneo diventa un ponte di pace, dialogo e speranza oltre i confini.\" \/>\n<meta property=\"og:url\" content=\"https:\/\/spaziospadoni.org\/it\/europa-italia-il-cardinale-pizzaballa-e-carta-di-leuca-il-mare-che-unisce\/\" \/>\n<meta property=\"og:site_name\" content=\"spazio + spadoni\" \/>\n<meta property=\"article:publisher\" content=\"https:\/\/www.facebook.com\/SpazioSpadoni\/\" \/>\n<meta property=\"article:published_time\" content=\"2026-08-29T06:00:00+00:00\" \/>\n<meta property=\"og:image\" content=\"https:\/\/spaziospadoni.org\/wp-content\/uploads\/2026\/08\/mare-santa-maria-di-leuca.jpeg\" \/>\n\t<meta property=\"og:image:width\" content=\"1200\" \/>\n\t<meta property=\"og:image:height\" content=\"803\" \/>\n\t<meta property=\"og:image:type\" content=\"image\/jpeg\" \/>\n<meta name=\"author\" content=\"Massimo Buccarello\" \/>\n<meta name=\"twitter:card\" content=\"summary_large_image\" \/>\n<meta name=\"twitter:label1\" content=\"Scritto da\" \/>\n\t<meta name=\"twitter:data1\" content=\"Massimo Buccarello\" \/>\n\t<meta name=\"twitter:label2\" content=\"Tempo di lettura stimato\" \/>\n\t<meta name=\"twitter:data2\" content=\"3 minuti\" \/>\n<script type=\"application\/ld+json\" class=\"yoast-schema-graph\">{\"@context\":\"https:\\\/\\\/schema.org\",\"@graph\":[{\"@type\":\"Article\",\"@id\":\"https:\\\/\\\/spaziospadoni.org\\\/it\\\/europa-italia-il-cardinale-pizzaballa-e-carta-di-leuca-il-mare-che-unisce\\\/#article\",\"isPartOf\":{\"@id\":\"https:\\\/\\\/spaziospadoni.org\\\/it\\\/europa-italia-il-cardinale-pizzaballa-e-carta-di-leuca-il-mare-che-unisce\\\/\"},\"author\":{\"name\":\"Massimo Buccarello\",\"@id\":\"https:\\\/\\\/spaziospadoni.org\\\/it\\\/#\\\/schema\\\/person\\\/c83c25be0837aaef9d0bf3c02d577cfe\"},\"headline\":\"Europa, Italia | Il cardinale Pizzaballa e Carta di Leuca: il mare che unisce\",\"datePublished\":\"2026-08-29T06:00:00+00:00\",\"mainEntityOfPage\":{\"@id\":\"https:\\\/\\\/spaziospadoni.org\\\/it\\\/europa-italia-il-cardinale-pizzaballa-e-carta-di-leuca-il-mare-che-unisce\\\/\"},\"wordCount\":536,\"publisher\":{\"@id\":\"https:\\\/\\\/spaziospadoni.org\\\/it\\\/#organization\"},\"image\":{\"@id\":\"https:\\\/\\\/spaziospadoni.org\\\/it\\\/europa-italia-il-cardinale-pizzaballa-e-carta-di-leuca-il-mare-che-unisce\\\/#primaryimage\"},\"thumbnailUrl\":\"https:\\\/\\\/spaziospadoni.org\\\/wp-content\\\/uploads\\\/2026\\\/08\\\/mare-santa-maria-di-leuca.jpeg\",\"keywords\":[\"Cardinale\",\"cuore\",\"Gaza\",\"Mediterraneo\"],\"articleSection\":[\"La Chiesa che Ispira\"],\"inLanguage\":\"it-IT\"},{\"@type\":\"WebPage\",\"@id\":\"https:\\\/\\\/spaziospadoni.org\\\/it\\\/europa-italia-il-cardinale-pizzaballa-e-carta-di-leuca-il-mare-che-unisce\\\/\",\"url\":\"https:\\\/\\\/spaziospadoni.org\\\/it\\\/europa-italia-il-cardinale-pizzaballa-e-carta-di-leuca-il-mare-che-unisce\\\/\",\"name\":\"Europa, Italia | Cardinale Pizzaballa a Carta di Leuca\",\"isPartOf\":{\"@id\":\"https:\\\/\\\/spaziospadoni.org\\\/it\\\/#website\"},\"primaryImageOfPage\":{\"@id\":\"https:\\\/\\\/spaziospadoni.org\\\/it\\\/europa-italia-il-cardinale-pizzaballa-e-carta-di-leuca-il-mare-che-unisce\\\/#primaryimage\"},\"image\":{\"@id\":\"https:\\\/\\\/spaziospadoni.org\\\/it\\\/europa-italia-il-cardinale-pizzaballa-e-carta-di-leuca-il-mare-che-unisce\\\/#primaryimage\"},\"thumbnailUrl\":\"https:\\\/\\\/spaziospadoni.org\\\/wp-content\\\/uploads\\\/2026\\\/08\\\/mare-santa-maria-di-leuca.jpeg\",\"datePublished\":\"2026-08-29T06:00:00+00:00\",\"description\":\"Il cardinale Pizzaballa incontra i giovani di Carta di Leuca: il Mediterraneo diventa un ponte di pace, dialogo e speranza oltre i confini.\",\"breadcrumb\":{\"@id\":\"https:\\\/\\\/spaziospadoni.org\\\/it\\\/europa-italia-il-cardinale-pizzaballa-e-carta-di-leuca-il-mare-che-unisce\\\/#breadcrumb\"},\"inLanguage\":\"it-IT\",\"potentialAction\":[{\"@type\":\"ReadAction\",\"target\":[\"https:\\\/\\\/spaziospadoni.org\\\/it\\\/europa-italia-il-cardinale-pizzaballa-e-carta-di-leuca-il-mare-che-unisce\\\/\"]}]},{\"@type\":\"ImageObject\",\"inLanguage\":\"it-IT\",\"@id\":\"https:\\\/\\\/spaziospadoni.org\\\/it\\\/europa-italia-il-cardinale-pizzaballa-e-carta-di-leuca-il-mare-che-unisce\\\/#primaryimage\",\"url\":\"https:\\\/\\\/spaziospadoni.org\\\/wp-content\\\/uploads\\\/2026\\\/08\\\/mare-santa-maria-di-leuca.jpeg\",\"contentUrl\":\"https:\\\/\\\/spaziospadoni.org\\\/wp-content\\\/uploads\\\/2026\\\/08\\\/mare-santa-maria-di-leuca.jpeg\",\"width\":1200,\"height\":803,\"caption\":\"Il mare di Santa Maria di Leuca (Lecce)\"},{\"@type\":\"BreadcrumbList\",\"@id\":\"https:\\\/\\\/spaziospadoni.org\\\/it\\\/europa-italia-il-cardinale-pizzaballa-e-carta-di-leuca-il-mare-che-unisce\\\/#breadcrumb\",\"itemListElement\":[{\"@type\":\"ListItem\",\"position\":1,\"name\":\"Home\",\"item\":\"https:\\\/\\\/spaziospadoni.org\\\/it\\\/\"},{\"@type\":\"ListItem\",\"position\":2,\"name\":\"Europa, Italia | Il cardinale Pizzaballa e Carta di Leuca: il mare che unisce\"}]},{\"@type\":\"WebSite\",\"@id\":\"https:\\\/\\\/spaziospadoni.org\\\/it\\\/#website\",\"url\":\"https:\\\/\\\/spaziospadoni.org\\\/it\\\/\",\"name\":\"spazio + spadoni\",\"description\":\"Generazione di misericordia e missione nel mondo\",\"publisher\":{\"@id\":\"https:\\\/\\\/spaziospadoni.org\\\/it\\\/#organization\"},\"alternateName\":\"spaziospadoni.org\",\"potentialAction\":[{\"@type\":\"SearchAction\",\"target\":{\"@type\":\"EntryPoint\",\"urlTemplate\":\"https:\\\/\\\/spaziospadoni.org\\\/it\\\/?s={search_term_string}\"},\"query-input\":{\"@type\":\"PropertyValueSpecification\",\"valueRequired\":true,\"valueName\":\"search_term_string\"}}],\"inLanguage\":\"it-IT\"},{\"@type\":\"Organization\",\"@id\":\"https:\\\/\\\/spaziospadoni.org\\\/it\\\/#organization\",\"name\":\"spazio + spadoni\",\"alternateName\":\"spaziospadoni.org\",\"url\":\"https:\\\/\\\/spaziospadoni.org\\\/it\\\/\",\"logo\":{\"@type\":\"ImageObject\",\"inLanguage\":\"it-IT\",\"@id\":\"https:\\\/\\\/spaziospadoni.org\\\/it\\\/#\\\/schema\\\/logo\\\/image\\\/\",\"url\":\"https:\\\/\\\/spaziospadoni.org\\\/wp-content\\\/uploads\\\/2026\\\/05\\\/spazio-spadoni-logo-100x100-1.webp\",\"contentUrl\":\"https:\\\/\\\/spaziospadoni.org\\\/wp-content\\\/uploads\\\/2026\\\/05\\\/spazio-spadoni-logo-100x100-1.webp\",\"width\":100,\"height\":100,\"caption\":\"spazio + spadoni\"},\"image\":{\"@id\":\"https:\\\/\\\/spaziospadoni.org\\\/it\\\/#\\\/schema\\\/logo\\\/image\\\/\"},\"sameAs\":[\"https:\\\/\\\/www.facebook.com\\\/SpazioSpadoni\\\/\",\"https:\\\/\\\/www.instagram.com\\\/spaziospadoni\\\/\",\"https:\\\/\\\/www.youtube.com\\\/@spaziospadoni\\\/playlists\"]},{\"@type\":\"Person\",\"@id\":\"https:\\\/\\\/spaziospadoni.org\\\/it\\\/#\\\/schema\\\/person\\\/c83c25be0837aaef9d0bf3c02d577cfe\",\"name\":\"Massimo Buccarello\",\"image\":{\"@type\":\"ImageObject\",\"inLanguage\":\"it-IT\",\"@id\":\"https:\\\/\\\/secure.gravatar.com\\\/avatar\\\/8a5c6524b56c42544ef114eb83051a051cf206a8e4673923ebbc7d0938070cd7?s=96&d=mm&r=g\",\"url\":\"https:\\\/\\\/secure.gravatar.com\\\/avatar\\\/8a5c6524b56c42544ef114eb83051a051cf206a8e4673923ebbc7d0938070cd7?s=96&d=mm&r=g\",\"contentUrl\":\"https:\\\/\\\/secure.gravatar.com\\\/avatar\\\/8a5c6524b56c42544ef114eb83051a051cf206a8e4673923ebbc7d0938070cd7?s=96&d=mm&r=g\",\"caption\":\"Massimo Buccarello\"},\"description\":\"Mediatore interculturale, lavora presso l\u2019Ambito territoriale di Gagliano del Capo (LE) in un progetto di mediazione che coinvolge i comuni e le scuole del territorio del basso Salento. La sua formazione e attivit\u00e0 \u00e8 iniziata durante gli anni della pandemia, seguendo per la Caritas Diocesana di Ugento -Santa Maria di Leuca le persone straniere isolate per il lockdown. \u201cDa quelle persone prive di legami familiari e lontanissime da casa, ho imparato a cogliere un senso di comunit\u00e0 che ha permesso loro di superare momenti difficili\u201d. Da allora, \u00e8 responsabile di \u201cNessuno \u00e8 straniero\u201d, lo sportello diocesano per persone straniere.\",\"url\":\"https:\\\/\\\/spaziospadoni.org\\\/it\\\/author\\\/buccarello_mission\\\/\"}]}<\/script>\n<!-- \/ Yoast SEO plugin. -->","yoast_head_json":{"title":"Europa, Italia | Cardinale Pizzaballa a Carta di Leuca","description":"Il cardinale Pizzaballa incontra i giovani di Carta di Leuca: il Mediterraneo diventa un ponte di pace, dialogo e speranza oltre i confini.","robots":{"index":"index","follow":"follow","max-snippet":"max-snippet:-1","max-image-preview":"max-image-preview:large","max-video-preview":"max-video-preview:-1"},"canonical":"https:\/\/spaziospadoni.org\/it\/europa-italia-il-cardinale-pizzaballa-e-carta-di-leuca-il-mare-che-unisce\/","og_locale":"it_IT","og_type":"article","og_title":"Europa, Italia | Cardinale Pizzaballa a Carta di Leuca","og_description":"Il cardinale Pizzaballa incontra i giovani di Carta di Leuca: il Mediterraneo diventa un ponte di pace, dialogo e speranza oltre i confini.","og_url":"https:\/\/spaziospadoni.org\/it\/europa-italia-il-cardinale-pizzaballa-e-carta-di-leuca-il-mare-che-unisce\/","og_site_name":"spazio + spadoni","article_publisher":"https:\/\/www.facebook.com\/SpazioSpadoni\/","article_published_time":"2026-08-29T06:00:00+00:00","og_image":[{"width":1200,"height":803,"url":"https:\/\/spaziospadoni.org\/wp-content\/uploads\/2026\/08\/mare-santa-maria-di-leuca.jpeg","type":"image\/jpeg"}],"author":"Massimo Buccarello","twitter_card":"summary_large_image","twitter_misc":{"Scritto da":"Massimo Buccarello","Tempo di lettura stimato":"3 minuti"},"schema":{"@context":"https:\/\/schema.org","@graph":[{"@type":"Article","@id":"https:\/\/spaziospadoni.org\/it\/europa-italia-il-cardinale-pizzaballa-e-carta-di-leuca-il-mare-che-unisce\/#article","isPartOf":{"@id":"https:\/\/spaziospadoni.org\/it\/europa-italia-il-cardinale-pizzaballa-e-carta-di-leuca-il-mare-che-unisce\/"},"author":{"name":"Massimo Buccarello","@id":"https:\/\/spaziospadoni.org\/it\/#\/schema\/person\/c83c25be0837aaef9d0bf3c02d577cfe"},"headline":"Europa, Italia | Il cardinale Pizzaballa e Carta di Leuca: il mare che unisce","datePublished":"2026-08-29T06:00:00+00:00","mainEntityOfPage":{"@id":"https:\/\/spaziospadoni.org\/it\/europa-italia-il-cardinale-pizzaballa-e-carta-di-leuca-il-mare-che-unisce\/"},"wordCount":536,"publisher":{"@id":"https:\/\/spaziospadoni.org\/it\/#organization"},"image":{"@id":"https:\/\/spaziospadoni.org\/it\/europa-italia-il-cardinale-pizzaballa-e-carta-di-leuca-il-mare-che-unisce\/#primaryimage"},"thumbnailUrl":"https:\/\/spaziospadoni.org\/wp-content\/uploads\/2026\/08\/mare-santa-maria-di-leuca.jpeg","keywords":["Cardinale","cuore","Gaza","Mediterraneo"],"articleSection":["La Chiesa che Ispira"],"inLanguage":"it-IT"},{"@type":"WebPage","@id":"https:\/\/spaziospadoni.org\/it\/europa-italia-il-cardinale-pizzaballa-e-carta-di-leuca-il-mare-che-unisce\/","url":"https:\/\/spaziospadoni.org\/it\/europa-italia-il-cardinale-pizzaballa-e-carta-di-leuca-il-mare-che-unisce\/","name":"Europa, Italia | Cardinale Pizzaballa a Carta di Leuca","isPartOf":{"@id":"https:\/\/spaziospadoni.org\/it\/#website"},"primaryImageOfPage":{"@id":"https:\/\/spaziospadoni.org\/it\/europa-italia-il-cardinale-pizzaballa-e-carta-di-leuca-il-mare-che-unisce\/#primaryimage"},"image":{"@id":"https:\/\/spaziospadoni.org\/it\/europa-italia-il-cardinale-pizzaballa-e-carta-di-leuca-il-mare-che-unisce\/#primaryimage"},"thumbnailUrl":"https:\/\/spaziospadoni.org\/wp-content\/uploads\/2026\/08\/mare-santa-maria-di-leuca.jpeg","datePublished":"2026-08-29T06:00:00+00:00","description":"Il cardinale Pizzaballa incontra i giovani di Carta di Leuca: il Mediterraneo diventa un ponte di pace, dialogo e speranza oltre i confini.","breadcrumb":{"@id":"https:\/\/spaziospadoni.org\/it\/europa-italia-il-cardinale-pizzaballa-e-carta-di-leuca-il-mare-che-unisce\/#breadcrumb"},"inLanguage":"it-IT","potentialAction":[{"@type":"ReadAction","target":["https:\/\/spaziospadoni.org\/it\/europa-italia-il-cardinale-pizzaballa-e-carta-di-leuca-il-mare-che-unisce\/"]}]},{"@type":"ImageObject","inLanguage":"it-IT","@id":"https:\/\/spaziospadoni.org\/it\/europa-italia-il-cardinale-pizzaballa-e-carta-di-leuca-il-mare-che-unisce\/#primaryimage","url":"https:\/\/spaziospadoni.org\/wp-content\/uploads\/2026\/08\/mare-santa-maria-di-leuca.jpeg","contentUrl":"https:\/\/spaziospadoni.org\/wp-content\/uploads\/2026\/08\/mare-santa-maria-di-leuca.jpeg","width":1200,"height":803,"caption":"Il mare di Santa Maria di Leuca (Lecce)"},{"@type":"BreadcrumbList","@id":"https:\/\/spaziospadoni.org\/it\/europa-italia-il-cardinale-pizzaballa-e-carta-di-leuca-il-mare-che-unisce\/#breadcrumb","itemListElement":[{"@type":"ListItem","position":1,"name":"Home","item":"https:\/\/spaziospadoni.org\/it\/"},{"@type":"ListItem","position":2,"name":"Europa, Italia | Il cardinale Pizzaballa e Carta di Leuca: il mare che unisce"}]},{"@type":"WebSite","@id":"https:\/\/spaziospadoni.org\/it\/#website","url":"https:\/\/spaziospadoni.org\/it\/","name":"spazio + spadoni","description":"Generazione di misericordia e missione nel mondo","publisher":{"@id":"https:\/\/spaziospadoni.org\/it\/#organization"},"alternateName":"spaziospadoni.org","potentialAction":[{"@type":"SearchAction","target":{"@type":"EntryPoint","urlTemplate":"https:\/\/spaziospadoni.org\/it\/?s={search_term_string}"},"query-input":{"@type":"PropertyValueSpecification","valueRequired":true,"valueName":"search_term_string"}}],"inLanguage":"it-IT"},{"@type":"Organization","@id":"https:\/\/spaziospadoni.org\/it\/#organization","name":"spazio + spadoni","alternateName":"spaziospadoni.org","url":"https:\/\/spaziospadoni.org\/it\/","logo":{"@type":"ImageObject","inLanguage":"it-IT","@id":"https:\/\/spaziospadoni.org\/it\/#\/schema\/logo\/image\/","url":"https:\/\/spaziospadoni.org\/wp-content\/uploads\/2026\/05\/spazio-spadoni-logo-100x100-1.webp","contentUrl":"https:\/\/spaziospadoni.org\/wp-content\/uploads\/2026\/05\/spazio-spadoni-logo-100x100-1.webp","width":100,"height":100,"caption":"spazio + spadoni"},"image":{"@id":"https:\/\/spaziospadoni.org\/it\/#\/schema\/logo\/image\/"},"sameAs":["https:\/\/www.facebook.com\/SpazioSpadoni\/","https:\/\/www.instagram.com\/spaziospadoni\/","https:\/\/www.youtube.com\/@spaziospadoni\/playlists"]},{"@type":"Person","@id":"https:\/\/spaziospadoni.org\/it\/#\/schema\/person\/c83c25be0837aaef9d0bf3c02d577cfe","name":"Massimo Buccarello","image":{"@type":"ImageObject","inLanguage":"it-IT","@id":"https:\/\/secure.gravatar.com\/avatar\/8a5c6524b56c42544ef114eb83051a051cf206a8e4673923ebbc7d0938070cd7?s=96&d=mm&r=g","url":"https:\/\/secure.gravatar.com\/avatar\/8a5c6524b56c42544ef114eb83051a051cf206a8e4673923ebbc7d0938070cd7?s=96&d=mm&r=g","contentUrl":"https:\/\/secure.gravatar.com\/avatar\/8a5c6524b56c42544ef114eb83051a051cf206a8e4673923ebbc7d0938070cd7?s=96&d=mm&r=g","caption":"Massimo Buccarello"},"description":"Mediatore interculturale, lavora presso l\u2019Ambito territoriale di Gagliano del Capo (LE) in un progetto di mediazione che coinvolge i comuni e le scuole del territorio del basso Salento. La sua formazione e attivit\u00e0 \u00e8 iniziata durante gli anni della pandemia, seguendo per la Caritas Diocesana di Ugento -Santa Maria di Leuca le persone straniere isolate per il lockdown. \u201cDa quelle persone prive di legami familiari e lontanissime da casa, ho imparato a cogliere un senso di comunit\u00e0 che ha permesso loro di superare momenti difficili\u201d. Da allora, \u00e8 responsabile di \u201cNessuno \u00e8 straniero\u201d, lo sportello diocesano per persone straniere.","url":"https:\/\/spaziospadoni.org\/it\/author\/buccarello_mission\/"}]}},"_links":{"self":[{"href":"https:\/\/spaziospadoni.org\/it\/wp-json\/wp\/v2\/posts\/94829","targetHints":{"allow":["GET"]}}],"collection":[{"href":"https:\/\/spaziospadoni.org\/it\/wp-json\/wp\/v2\/posts"}],"about":[{"href":"https:\/\/spaziospadoni.org\/it\/wp-json\/wp\/v2\/types\/post"}],"author":[{"embeddable":true,"href":"https:\/\/spaziospadoni.org\/it\/wp-json\/wp\/v2\/users\/8"}],"replies":[{"embeddable":true,"href":"https:\/\/spaziospadoni.org\/it\/wp-json\/wp\/v2\/comments?post=94829"}],"version-history":[{"count":4,"href":"https:\/\/spaziospadoni.org\/it\/wp-json\/wp\/v2\/posts\/94829\/revisions"}],"predecessor-version":[{"id":94843,"href":"https:\/\/spaziospadoni.org\/it\/wp-json\/wp\/v2\/posts\/94829\/revisions\/94843"}],"wp:featuredmedia":[{"embeddable":true,"href":"https:\/\/spaziospadoni.org\/it\/wp-json\/wp\/v2\/media\/94832"}],"wp:attachment":[{"href":"https:\/\/spaziospadoni.org\/it\/wp-json\/wp\/v2\/media?parent=94829"}],"wp:term":[{"taxonomy":"category","embeddable":true,"href":"https:\/\/spaziospadoni.org\/it\/wp-json\/wp\/v2\/categories?post=94829"},{"taxonomy":"post_tag","embeddable":true,"href":"https:\/\/spaziospadoni.org\/it\/wp-json\/wp\/v2\/tags?post=94829"}],"curies":[{"name":"wp","href":"https:\/\/api.w.org\/{rel}","templated":true}]}}