{"id":94861,"date":"2026-08-31T13:30:00","date_gmt":"2026-08-31T12:30:00","guid":{"rendered":"https:\/\/spaziospadoni.org\/?p=94861"},"modified":"2026-08-31T09:30:04","modified_gmt":"2026-08-31T08:30:04","slug":"america-brasile-agosto-il-mese-delle-vocazioni","status":"publish","type":"post","link":"https:\/\/spaziospadoni.org\/it\/america-brasile-agosto-il-mese-delle-vocazioni\/","title":{"rendered":"America, Brasile | Agosto, il mese delle vocazioni"},"content":{"rendered":"\n<p class=\"wp-block-paragraph\">Come ogni anno, dal 1981, la Chiesa cattolica del Brasile celebra, nel mese di agosto, il \u00abMese delle vocazioni\u00bb.<\/p>\n\n\n\n<p class=\"wp-block-paragraph\">Per l\u2019occasione, la Commissione episcopale per i ministeri ordinati e la vita consacrata (in portoghese <em>Comiss\u00e3o Episcopal para os Minist\u00e9rios Ordenados e a Vida Consagrada<\/em>, nota anche come CMOVIC o SEMOVIC), insieme alla Pastorale per le vocazioni e alla Conferenza dei religiosi del Brasile (<em>Confer\u00eancia dos Religiosos do Brasil<\/em> &#8211; CRB), ha preparato uno speciale programma di eventi per suscitare un rinnovato interesse per le vocazioni.<\/p>\n\n\n\n<p class=\"wp-block-paragraph\">Il tema scelto per il 2026 \u00e8 stato <strong>\u00abComunit\u00e0 vocazionali: incontro, testimonianza e missione\u00bb<\/strong>, mentre il motto \u00e8 stato tratto dal versetto degli Atti degli Apostoli <em>\u00abPerseveranti e concordi, spezzavano il pane nelle case\u00bb<\/em> (At 2,46), con chiaro riferimento alla vita delle prime comunit\u00e0 cristiane, mosse dalla condivisione nelle fraternit\u00e0.<\/p>\n\n\n\n<p class=\"wp-block-paragraph\">Ogni settimana di agosto \u00e8 stata dedicata ad uno specifico aspetto delle vocazioni, intese in senso lato:<\/p>\n\n\n\n<ul class=\"wp-block-list\">\n<li>la prima settimana (2-8 agosto) \u00e8 stata dedicata alle vocazioni di diaconi, sacerdoti e vescovi, ovvero i ministeri ordinati;<\/li>\n\n\n\n<li>la seconda settimana (9-15 agosto) \u00e8 stata pensata per la vocazione di padre, madre e figli e al vivere in famiglia, che ha visto al suo interno la \u00abSettimana nazionale della famiglia\u00bb, organizzata dalla Pastorale per la Famiglia;<\/li>\n\n\n\n<li>la terza settimana (16-22 agosto) \u00e8 stata focalizzata sulle vocazioni delle persone nella vita consacrata, ovvero coloro che fanno voto di castit\u00e0, povert\u00e0 e obbedienza. La stessa settimana ha visto lo svolgimento della \u00abSettimana nazionale della vita consacrata\u00bb, organizzata dalla Conferenza nazionale dei religiosi;<\/li>\n\n\n\n<li>la quarta e ultima settimana (23-29 agosto) \u00e8 dedicata ai laici cristiani e ai loro vari servizi nella comunit\u00e0.<\/li>\n<\/ul>\n\n\n\n<p class=\"wp-block-paragraph\">L&#8217;evento culminante collegato a questo percorso sar\u00e0 il <strong>5\u00ba Congresso Vocacional do Brasil<\/strong>, organizzato dalla Confer\u00eancia Nacional dos Bispos do Brasil (CNBB), che si terr\u00e0 <strong>dal 4 al 6 settembre 2026<\/strong> presso il Santuario Nazionale di Aparecida (SP).<\/p>\n\n\n\n<p class=\"wp-block-paragraph\"><strong>Immagine creata digitalmente da spazio + spadoni<\/strong><\/p>\n\n\n\n<p class=\"wp-block-paragraph\"><strong>Fonte: <\/strong><a href=\"https:\/\/marialuciaercole.substack.com\/\" target=\"_blank\" rel=\"noreferrer noopener nofollow\" title=\"Newsletter di Maria Lucia Ercole\">Newsletter di Maria Lucia Ercole<\/a><\/p>\n\n\n\n<p class=\"wp-block-paragraph\"><\/p>\n\n\n\n<p class=\"wp-block-paragraph\"><\/p>\n","protected":false},"excerpt":{"rendered":"<p>Come ogni anno, dal 1981, la Chiesa cattolica del Brasile celebra, nel mese di agosto, il \u00abMese delle vocazioni\u00bb. Per l\u2019occasione, la Commissione episcopale per i ministeri ordinati e la vita consacrata (in portoghese Comiss\u00e3o Episcopal para os Minist\u00e9rios Ordenados e a Vida Consagrada, nota anche come CMOVIC o SEMOVIC), insieme alla Pastorale per le &#8230; <a title=\"America, Brasile | Agosto, il mese delle vocazioni\" class=\"read-more\" href=\"https:\/\/spaziospadoni.org\/it\/america-brasile-agosto-il-mese-delle-vocazioni\/\" aria-label=\"Per saperne di pi\u00f9 su America, Brasile | Agosto, il mese delle vocazioni\">Leggi tutto<\/a><\/p>\n","protected":false},"author":13,"featured_media":94862,"comment_status":"closed","ping_status":"closed","sticky":false,"template":"","format":"standard","meta":{"_sitemap_exclude":false,"_sitemap_priority":"","_sitemap_frequency":"","ss_featured_image_title":"","ss_featured_image_alt":"Il mese delle vocazioni in Brasile","ss_featured_image_caption":"Nel mese di agosto, la Chiesa Brasiliana ha celebrato il mese dedicato alle vocazioni","footnotes":""},"categories":[120],"tags":[212,139,359,141],"class_list":["post-94861","post","type-post","status-publish","format-standard","has-post-thumbnail","hentry","category-la-chiesa-che-ispira","tag-brasile","tag-papa-leone-xiv","tag-vita-consacrata","tag-vocazione","infinite-scroll-item","generate-columns","tablet-grid-50","mobile-grid-100","grid-parent","grid-50"],"yoast_head":"<!-- This site is optimized with the Yoast SEO plugin v28.4 - https:\/\/yoast.com\/product\/yoast-seo-wordpress\/ -->\n<title>America, Brasile | Agosto, il mese delle vocazioni<\/title>\n<meta name=\"description\" content=\"Scopri il Mese vocazionale 2026 in Brasile: un cammino di preghiera, comunione e testimonianza verso il 5\u00ba Congresso Vocazionale di Aparecida.\" \/>\n<meta name=\"robots\" content=\"index, follow, max-snippet:-1, max-image-preview:large, max-video-preview:-1\" \/>\n<link rel=\"canonical\" href=\"https:\/\/spaziospadoni.org\/it\/america-brasile-agosto-il-mese-delle-vocazioni\/\" \/>\n<meta property=\"og:locale\" content=\"it_IT\" \/>\n<meta property=\"og:type\" content=\"article\" \/>\n<meta property=\"og:title\" content=\"America, Brasile | Agosto, il mese delle vocazioni\" \/>\n<meta property=\"og:description\" content=\"Scopri il Mese vocazionale 2026 in Brasile: un cammino di preghiera, comunione e testimonianza verso il 5\u00ba Congresso Vocazionale di Aparecida.\" \/>\n<meta property=\"og:url\" content=\"https:\/\/spaziospadoni.org\/it\/america-brasile-agosto-il-mese-delle-vocazioni\/\" \/>\n<meta property=\"og:site_name\" content=\"spazio + spadoni\" \/>\n<meta property=\"article:publisher\" content=\"https:\/\/www.facebook.com\/SpazioSpadoni\/\" \/>\n<meta property=\"article:published_time\" content=\"2026-08-31T12:30:00+00:00\" \/>\n<meta property=\"og:image\" content=\"https:\/\/spaziospadoni.org\/wp-content\/uploads\/2026\/08\/agosto-mese-vocazioni-brasile.webp\" \/>\n\t<meta property=\"og:image:width\" content=\"1200\" \/>\n\t<meta property=\"og:image:height\" content=\"805\" \/>\n\t<meta property=\"og:image:type\" content=\"image\/webp\" \/>\n<meta name=\"author\" content=\"Maria Lucia Ercole\" \/>\n<meta name=\"twitter:card\" content=\"summary_large_image\" \/>\n<meta name=\"twitter:label1\" content=\"Scritto da\" \/>\n\t<meta name=\"twitter:data1\" content=\"Maria Lucia Ercole\" \/>\n\t<meta name=\"twitter:label2\" content=\"Tempo di lettura stimato\" \/>\n\t<meta name=\"twitter:data2\" content=\"2 minuti\" \/>\n<script type=\"application\/ld+json\" class=\"yoast-schema-graph\">{\"@context\":\"https:\\\/\\\/schema.org\",\"@graph\":[{\"@type\":\"Article\",\"@id\":\"https:\\\/\\\/spaziospadoni.org\\\/it\\\/america-brasile-agosto-il-mese-delle-vocazioni\\\/#article\",\"isPartOf\":{\"@id\":\"https:\\\/\\\/spaziospadoni.org\\\/it\\\/america-brasile-agosto-il-mese-delle-vocazioni\\\/\"},\"author\":{\"name\":\"Maria Lucia Ercole\",\"@id\":\"https:\\\/\\\/spaziospadoni.org\\\/it\\\/#\\\/schema\\\/person\\\/9cdee08a0f6e8328c0e19b713bde0426\"},\"headline\":\"America, Brasile | Agosto, il mese delle vocazioni\",\"datePublished\":\"2026-08-31T12:30:00+00:00\",\"mainEntityOfPage\":{\"@id\":\"https:\\\/\\\/spaziospadoni.org\\\/it\\\/america-brasile-agosto-il-mese-delle-vocazioni\\\/\"},\"wordCount\":321,\"publisher\":{\"@id\":\"https:\\\/\\\/spaziospadoni.org\\\/it\\\/#organization\"},\"image\":{\"@id\":\"https:\\\/\\\/spaziospadoni.org\\\/it\\\/america-brasile-agosto-il-mese-delle-vocazioni\\\/#primaryimage\"},\"thumbnailUrl\":\"https:\\\/\\\/spaziospadoni.org\\\/wp-content\\\/uploads\\\/2026\\\/08\\\/agosto-mese-vocazioni-brasile.webp\",\"keywords\":[\"Brasile\",\"papa Leone XIV\",\"Vita consacrata\",\"vocazione\"],\"articleSection\":[\"La Chiesa che Ispira\"],\"inLanguage\":\"it-IT\"},{\"@type\":\"WebPage\",\"@id\":\"https:\\\/\\\/spaziospadoni.org\\\/it\\\/america-brasile-agosto-il-mese-delle-vocazioni\\\/\",\"url\":\"https:\\\/\\\/spaziospadoni.org\\\/it\\\/america-brasile-agosto-il-mese-delle-vocazioni\\\/\",\"name\":\"America, Brasile | Agosto, il mese delle vocazioni\",\"isPartOf\":{\"@id\":\"https:\\\/\\\/spaziospadoni.org\\\/it\\\/#website\"},\"primaryImageOfPage\":{\"@id\":\"https:\\\/\\\/spaziospadoni.org\\\/it\\\/america-brasile-agosto-il-mese-delle-vocazioni\\\/#primaryimage\"},\"image\":{\"@id\":\"https:\\\/\\\/spaziospadoni.org\\\/it\\\/america-brasile-agosto-il-mese-delle-vocazioni\\\/#primaryimage\"},\"thumbnailUrl\":\"https:\\\/\\\/spaziospadoni.org\\\/wp-content\\\/uploads\\\/2026\\\/08\\\/agosto-mese-vocazioni-brasile.webp\",\"datePublished\":\"2026-08-31T12:30:00+00:00\",\"description\":\"Scopri il Mese vocazionale 2026 in Brasile: un cammino di preghiera, comunione e testimonianza verso il 5\u00ba Congresso Vocazionale di Aparecida.\",\"breadcrumb\":{\"@id\":\"https:\\\/\\\/spaziospadoni.org\\\/it\\\/america-brasile-agosto-il-mese-delle-vocazioni\\\/#breadcrumb\"},\"inLanguage\":\"it-IT\",\"potentialAction\":[{\"@type\":\"ReadAction\",\"target\":[\"https:\\\/\\\/spaziospadoni.org\\\/it\\\/america-brasile-agosto-il-mese-delle-vocazioni\\\/\"]}]},{\"@type\":\"ImageObject\",\"inLanguage\":\"it-IT\",\"@id\":\"https:\\\/\\\/spaziospadoni.org\\\/it\\\/america-brasile-agosto-il-mese-delle-vocazioni\\\/#primaryimage\",\"url\":\"https:\\\/\\\/spaziospadoni.org\\\/wp-content\\\/uploads\\\/2026\\\/08\\\/agosto-mese-vocazioni-brasile.webp\",\"contentUrl\":\"https:\\\/\\\/spaziospadoni.org\\\/wp-content\\\/uploads\\\/2026\\\/08\\\/agosto-mese-vocazioni-brasile.webp\",\"width\":1200,\"height\":805,\"caption\":\"Nel mese di agosto, la Chiesa Brasiliana ha celebrato il mese dedicato alle vocazioni\"},{\"@type\":\"BreadcrumbList\",\"@id\":\"https:\\\/\\\/spaziospadoni.org\\\/it\\\/america-brasile-agosto-il-mese-delle-vocazioni\\\/#breadcrumb\",\"itemListElement\":[{\"@type\":\"ListItem\",\"position\":1,\"name\":\"Home\",\"item\":\"https:\\\/\\\/spaziospadoni.org\\\/it\\\/\"},{\"@type\":\"ListItem\",\"position\":2,\"name\":\"America, Brasile | Agosto, il mese delle vocazioni\"}]},{\"@type\":\"WebSite\",\"@id\":\"https:\\\/\\\/spaziospadoni.org\\\/it\\\/#website\",\"url\":\"https:\\\/\\\/spaziospadoni.org\\\/it\\\/\",\"name\":\"spazio + spadoni\",\"description\":\"Generazione di misericordia e missione nel mondo\",\"publisher\":{\"@id\":\"https:\\\/\\\/spaziospadoni.org\\\/it\\\/#organization\"},\"alternateName\":\"spaziospadoni.org\",\"potentialAction\":[{\"@type\":\"SearchAction\",\"target\":{\"@type\":\"EntryPoint\",\"urlTemplate\":\"https:\\\/\\\/spaziospadoni.org\\\/it\\\/?s={search_term_string}\"},\"query-input\":{\"@type\":\"PropertyValueSpecification\",\"valueRequired\":true,\"valueName\":\"search_term_string\"}}],\"inLanguage\":\"it-IT\"},{\"@type\":\"Organization\",\"@id\":\"https:\\\/\\\/spaziospadoni.org\\\/it\\\/#organization\",\"name\":\"spazio + spadoni\",\"alternateName\":\"spaziospadoni.org\",\"url\":\"https:\\\/\\\/spaziospadoni.org\\\/it\\\/\",\"logo\":{\"@type\":\"ImageObject\",\"inLanguage\":\"it-IT\",\"@id\":\"https:\\\/\\\/spaziospadoni.org\\\/it\\\/#\\\/schema\\\/logo\\\/image\\\/\",\"url\":\"https:\\\/\\\/spaziospadoni.org\\\/wp-content\\\/uploads\\\/2026\\\/05\\\/spazio-spadoni-logo-100x100-1.webp\",\"contentUrl\":\"https:\\\/\\\/spaziospadoni.org\\\/wp-content\\\/uploads\\\/2026\\\/05\\\/spazio-spadoni-logo-100x100-1.webp\",\"width\":100,\"height\":100,\"caption\":\"spazio + spadoni\"},\"image\":{\"@id\":\"https:\\\/\\\/spaziospadoni.org\\\/it\\\/#\\\/schema\\\/logo\\\/image\\\/\"},\"sameAs\":[\"https:\\\/\\\/www.facebook.com\\\/SpazioSpadoni\\\/\",\"https:\\\/\\\/www.instagram.com\\\/spaziospadoni\\\/\",\"https:\\\/\\\/www.youtube.com\\\/@spaziospadoni\\\/playlists\"]},{\"@type\":\"Person\",\"@id\":\"https:\\\/\\\/spaziospadoni.org\\\/it\\\/#\\\/schema\\\/person\\\/9cdee08a0f6e8328c0e19b713bde0426\",\"name\":\"Maria Lucia Ercole\",\"image\":{\"@type\":\"ImageObject\",\"inLanguage\":\"it-IT\",\"@id\":\"https:\\\/\\\/secure.gravatar.com\\\/avatar\\\/880bbdf4c968635b20266eac4e46e8196a6dde9230c4927c12757a6c430e6e3d?s=96&d=mm&r=g\",\"url\":\"https:\\\/\\\/secure.gravatar.com\\\/avatar\\\/880bbdf4c968635b20266eac4e46e8196a6dde9230c4927c12757a6c430e6e3d?s=96&d=mm&r=g\",\"contentUrl\":\"https:\\\/\\\/secure.gravatar.com\\\/avatar\\\/880bbdf4c968635b20266eac4e46e8196a6dde9230c4927c12757a6c430e6e3d?s=96&d=mm&r=g\",\"caption\":\"Maria Lucia Ercole\"},\"description\":\"Laureata in Economia e Scienze della Formazione ho insegnato in diversi istituti superiori di Torino. Attualmente si dedica al volontariato a 360\u00b0 sia in ambito parrocchiale che in ambito didattico, insegnando Italiano L2 a migranti. Dall\u2019ottobre 2021 scrive la newsletter \u201c La Chiesa che ispira \u2013 Spazio di riflessione sulla Chiesa Cattolica, oggi \u201d ed \u00e8 impegnata sul fronte delle campagne nazionali \u201cStop smartphone e social sotto i 14 e 16 anni\u201d.\",\"url\":\"https:\\\/\\\/spaziospadoni.org\\\/it\\\/author\\\/ercolemission\\\/\"}]}<\/script>\n<!-- \/ Yoast SEO plugin. -->","yoast_head_json":{"title":"America, Brasile | Agosto, il mese delle vocazioni","description":"Scopri il Mese vocazionale 2026 in Brasile: un cammino di preghiera, comunione e testimonianza verso il 5\u00ba Congresso Vocazionale di Aparecida.","robots":{"index":"index","follow":"follow","max-snippet":"max-snippet:-1","max-image-preview":"max-image-preview:large","max-video-preview":"max-video-preview:-1"},"canonical":"https:\/\/spaziospadoni.org\/it\/america-brasile-agosto-il-mese-delle-vocazioni\/","og_locale":"it_IT","og_type":"article","og_title":"America, Brasile | Agosto, il mese delle vocazioni","og_description":"Scopri il Mese vocazionale 2026 in Brasile: un cammino di preghiera, comunione e testimonianza verso il 5\u00ba Congresso Vocazionale di Aparecida.","og_url":"https:\/\/spaziospadoni.org\/it\/america-brasile-agosto-il-mese-delle-vocazioni\/","og_site_name":"spazio + spadoni","article_publisher":"https:\/\/www.facebook.com\/SpazioSpadoni\/","article_published_time":"2026-08-31T12:30:00+00:00","og_image":[{"width":1200,"height":805,"url":"https:\/\/spaziospadoni.org\/wp-content\/uploads\/2026\/08\/agosto-mese-vocazioni-brasile.webp","type":"image\/webp"}],"author":"Maria Lucia Ercole","twitter_card":"summary_large_image","twitter_misc":{"Scritto da":"Maria Lucia Ercole","Tempo di lettura stimato":"2 minuti"},"schema":{"@context":"https:\/\/schema.org","@graph":[{"@type":"Article","@id":"https:\/\/spaziospadoni.org\/it\/america-brasile-agosto-il-mese-delle-vocazioni\/#article","isPartOf":{"@id":"https:\/\/spaziospadoni.org\/it\/america-brasile-agosto-il-mese-delle-vocazioni\/"},"author":{"name":"Maria Lucia Ercole","@id":"https:\/\/spaziospadoni.org\/it\/#\/schema\/person\/9cdee08a0f6e8328c0e19b713bde0426"},"headline":"America, Brasile | Agosto, il mese delle vocazioni","datePublished":"2026-08-31T12:30:00+00:00","mainEntityOfPage":{"@id":"https:\/\/spaziospadoni.org\/it\/america-brasile-agosto-il-mese-delle-vocazioni\/"},"wordCount":321,"publisher":{"@id":"https:\/\/spaziospadoni.org\/it\/#organization"},"image":{"@id":"https:\/\/spaziospadoni.org\/it\/america-brasile-agosto-il-mese-delle-vocazioni\/#primaryimage"},"thumbnailUrl":"https:\/\/spaziospadoni.org\/wp-content\/uploads\/2026\/08\/agosto-mese-vocazioni-brasile.webp","keywords":["Brasile","papa Leone XIV","Vita consacrata","vocazione"],"articleSection":["La Chiesa che Ispira"],"inLanguage":"it-IT"},{"@type":"WebPage","@id":"https:\/\/spaziospadoni.org\/it\/america-brasile-agosto-il-mese-delle-vocazioni\/","url":"https:\/\/spaziospadoni.org\/it\/america-brasile-agosto-il-mese-delle-vocazioni\/","name":"America, Brasile | Agosto, il mese delle vocazioni","isPartOf":{"@id":"https:\/\/spaziospadoni.org\/it\/#website"},"primaryImageOfPage":{"@id":"https:\/\/spaziospadoni.org\/it\/america-brasile-agosto-il-mese-delle-vocazioni\/#primaryimage"},"image":{"@id":"https:\/\/spaziospadoni.org\/it\/america-brasile-agosto-il-mese-delle-vocazioni\/#primaryimage"},"thumbnailUrl":"https:\/\/spaziospadoni.org\/wp-content\/uploads\/2026\/08\/agosto-mese-vocazioni-brasile.webp","datePublished":"2026-08-31T12:30:00+00:00","description":"Scopri il Mese vocazionale 2026 in Brasile: un cammino di preghiera, comunione e testimonianza verso il 5\u00ba Congresso Vocazionale di Aparecida.","breadcrumb":{"@id":"https:\/\/spaziospadoni.org\/it\/america-brasile-agosto-il-mese-delle-vocazioni\/#breadcrumb"},"inLanguage":"it-IT","potentialAction":[{"@type":"ReadAction","target":["https:\/\/spaziospadoni.org\/it\/america-brasile-agosto-il-mese-delle-vocazioni\/"]}]},{"@type":"ImageObject","inLanguage":"it-IT","@id":"https:\/\/spaziospadoni.org\/it\/america-brasile-agosto-il-mese-delle-vocazioni\/#primaryimage","url":"https:\/\/spaziospadoni.org\/wp-content\/uploads\/2026\/08\/agosto-mese-vocazioni-brasile.webp","contentUrl":"https:\/\/spaziospadoni.org\/wp-content\/uploads\/2026\/08\/agosto-mese-vocazioni-brasile.webp","width":1200,"height":805,"caption":"Nel mese di agosto, la Chiesa Brasiliana ha celebrato il mese dedicato alle vocazioni"},{"@type":"BreadcrumbList","@id":"https:\/\/spaziospadoni.org\/it\/america-brasile-agosto-il-mese-delle-vocazioni\/#breadcrumb","itemListElement":[{"@type":"ListItem","position":1,"name":"Home","item":"https:\/\/spaziospadoni.org\/it\/"},{"@type":"ListItem","position":2,"name":"America, Brasile | Agosto, il mese delle vocazioni"}]},{"@type":"WebSite","@id":"https:\/\/spaziospadoni.org\/it\/#website","url":"https:\/\/spaziospadoni.org\/it\/","name":"spazio + spadoni","description":"Generazione di misericordia e missione nel mondo","publisher":{"@id":"https:\/\/spaziospadoni.org\/it\/#organization"},"alternateName":"spaziospadoni.org","potentialAction":[{"@type":"SearchAction","target":{"@type":"EntryPoint","urlTemplate":"https:\/\/spaziospadoni.org\/it\/?s={search_term_string}"},"query-input":{"@type":"PropertyValueSpecification","valueRequired":true,"valueName":"search_term_string"}}],"inLanguage":"it-IT"},{"@type":"Organization","@id":"https:\/\/spaziospadoni.org\/it\/#organization","name":"spazio + spadoni","alternateName":"spaziospadoni.org","url":"https:\/\/spaziospadoni.org\/it\/","logo":{"@type":"ImageObject","inLanguage":"it-IT","@id":"https:\/\/spaziospadoni.org\/it\/#\/schema\/logo\/image\/","url":"https:\/\/spaziospadoni.org\/wp-content\/uploads\/2026\/05\/spazio-spadoni-logo-100x100-1.webp","contentUrl":"https:\/\/spaziospadoni.org\/wp-content\/uploads\/2026\/05\/spazio-spadoni-logo-100x100-1.webp","width":100,"height":100,"caption":"spazio + spadoni"},"image":{"@id":"https:\/\/spaziospadoni.org\/it\/#\/schema\/logo\/image\/"},"sameAs":["https:\/\/www.facebook.com\/SpazioSpadoni\/","https:\/\/www.instagram.com\/spaziospadoni\/","https:\/\/www.youtube.com\/@spaziospadoni\/playlists"]},{"@type":"Person","@id":"https:\/\/spaziospadoni.org\/it\/#\/schema\/person\/9cdee08a0f6e8328c0e19b713bde0426","name":"Maria Lucia Ercole","image":{"@type":"ImageObject","inLanguage":"it-IT","@id":"https:\/\/secure.gravatar.com\/avatar\/880bbdf4c968635b20266eac4e46e8196a6dde9230c4927c12757a6c430e6e3d?s=96&d=mm&r=g","url":"https:\/\/secure.gravatar.com\/avatar\/880bbdf4c968635b20266eac4e46e8196a6dde9230c4927c12757a6c430e6e3d?s=96&d=mm&r=g","contentUrl":"https:\/\/secure.gravatar.com\/avatar\/880bbdf4c968635b20266eac4e46e8196a6dde9230c4927c12757a6c430e6e3d?s=96&d=mm&r=g","caption":"Maria Lucia Ercole"},"description":"Laureata in Economia e Scienze della Formazione ho insegnato in diversi istituti superiori di Torino. Attualmente si dedica al volontariato a 360\u00b0 sia in ambito parrocchiale che in ambito didattico, insegnando Italiano L2 a migranti. Dall\u2019ottobre 2021 scrive la newsletter \u201c La Chiesa che ispira \u2013 Spazio di riflessione sulla Chiesa Cattolica, oggi \u201d ed \u00e8 impegnata sul fronte delle campagne nazionali \u201cStop smartphone e social sotto i 14 e 16 anni\u201d.","url":"https:\/\/spaziospadoni.org\/it\/author\/ercolemission\/"}]}},"_links":{"self":[{"href":"https:\/\/spaziospadoni.org\/it\/wp-json\/wp\/v2\/posts\/94861","targetHints":{"allow":["GET"]}}],"collection":[{"href":"https:\/\/spaziospadoni.org\/it\/wp-json\/wp\/v2\/posts"}],"about":[{"href":"https:\/\/spaziospadoni.org\/it\/wp-json\/wp\/v2\/types\/post"}],"author":[{"embeddable":true,"href":"https:\/\/spaziospadoni.org\/it\/wp-json\/wp\/v2\/users\/13"}],"replies":[{"embeddable":true,"href":"https:\/\/spaziospadoni.org\/it\/wp-json\/wp\/v2\/comments?post=94861"}],"version-history":[{"count":1,"href":"https:\/\/spaziospadoni.org\/it\/wp-json\/wp\/v2\/posts\/94861\/revisions"}],"predecessor-version":[{"id":94863,"href":"https:\/\/spaziospadoni.org\/it\/wp-json\/wp\/v2\/posts\/94861\/revisions\/94863"}],"wp:featuredmedia":[{"embeddable":true,"href":"https:\/\/spaziospadoni.org\/it\/wp-json\/wp\/v2\/media\/94862"}],"wp:attachment":[{"href":"https:\/\/spaziospadoni.org\/it\/wp-json\/wp\/v2\/media?parent=94861"}],"wp:term":[{"taxonomy":"category","embeddable":true,"href":"https:\/\/spaziospadoni.org\/it\/wp-json\/wp\/v2\/categories?post=94861"},{"taxonomy":"post_tag","embeddable":true,"href":"https:\/\/spaziospadoni.org\/it\/wp-json\/wp\/v2\/tags?post=94861"}],"curies":[{"name":"wp","href":"https:\/\/api.w.org\/{rel}","templated":true}]}}