{"id":94899,"date":"2026-09-01T13:00:00","date_gmt":"2026-09-01T12:00:00","guid":{"rendered":"https:\/\/spaziospadoni.org\/?p=94899"},"modified":"2026-08-31T12:09:25","modified_gmt":"2026-08-31T11:09:25","slug":"progetto-el-faro-a-tangeri-una-speranza-per-i-bambini-migranti","status":"publish","type":"post","link":"https:\/\/spaziospadoni.org\/it\/progetto-el-faro-a-tangeri-una-speranza-per-i-bambini-migranti\/","title":{"rendered":"Progetto &#8220;El Faro&#8221; a Tangeri: una speranza per i bambini migranti"},"content":{"rendered":"\n<p class=\"wp-block-paragraph\">L&#8217;esigenza profonda di trovare una casa, una famiglia e una reale opportunit\u00e0 di vita lontano dalla strada rappresenta un diritto universale, specialmente per i soggetti pi\u00f9 piccoli e indifesi. Proprio nel cuore pulsante di Tangeri, in Marocco, prende vita e forma il <strong>Progetto El Faro<\/strong>, una straordinaria e luminosa iniziativa promossa dall\u2019Arcidiocesi locale. L\u2019intento \u00e8 tanto semplice quanto coraggioso: accompagnare i minori pi\u00f9 fragili e invisibili verso un avvenire di riscatto e dignit\u00e0.<\/p>\n\n\n\n<h2 id=\"un-rifugio-sicuro-contro-la-vulnerabilita-estrema\" class=\"wp-block-heading\">Un rifugio sicuro contro la vulnerabilit\u00e0 estrema<\/h2>\n\n\n\n<p class=\"wp-block-paragraph\">La condizione quotidiana dei giovani che sopravvivono ai margini della societ\u00e0 rappresenta una delle ferite pi\u00f9 dolorose e aperte del nostro tempo. Molti di questi ragazzisognano con insistenza di raggiungere le coste dell\u2019Europa oppure di poter un giorno fare ritorno al proprio Paese d&#8217;origine, affrontando per\u00f2 un contesto che mette costantemente a repentaglio la loro stessa esistenza. <\/p>\n\n\n\n<p class=\"wp-block-paragraph\">Attraverso l\u2019impegno inarrestabile e silenzioso di questo progetto, i ragazzi trovano finalmente un\u2019accoglienza calda e sicura presso la Casa Famiglia Guadalupe e il Centro Diurno San Francesco.<\/p>\n\n\n\n<p class=\"wp-block-paragraph\">Questi preziosi luoghi non si limitano a offrire un riparo temporaneo o un pasto nutriente, ma si trasformano in una vera e propria \u00abcasa\u00bb. All&#8217;interno di questi spazi protetti, i pi\u00f9 piccoli ricevono affetto autentico, un delicato supporto emotivo e l\u2019opportunit\u00e0, fondamentale, di accedere al mondo dell&#8217;<strong>istruzione<\/strong>. <\/p>\n\n\n\n<p class=\"wp-block-paragraph\">Lo sforzo collettivo si concentra sul fornire strumenti concreti per evitare che l&#8217;emigrazione clandestina venga percepita come l&#8217;unica via d&#8217;uscita possibile. Lo scopo \u00e8 far comprendere che anche in Marocco \u00e8 possibile formarsi, apprendere un mestiere e costruirsi una vita onesta e dignitosa. <\/p>\n\n\n\n<p class=\"wp-block-paragraph\">Testimoniare attivamente la propria presenza pronunciando a gran voce HIC SUM significa proprio restare accanto a chi soffre e guidarlo verso la rinascita.<\/p>\n\n\n\n<h2 id=\"la-forza-trasformatrice-della-solidarieta\" class=\"wp-block-heading\">La forza trasformatrice della solidariet\u00e0<\/h2>\n\n\n\n<p class=\"wp-block-paragraph\">Questa delicata opera di accoglienza \u00e8 resa possibile solo grazie a una virtuosa sinergia internazionale e al fondamentale sostegno economico di partner fidati. Un ruolo determinante \u00e8 svolto dal contributo della Conferenza Episcopale Italiana e dalla presenza operativa di giovani volontari appassionati, uniti dal desiderio di <strong>costruire ponti<\/strong> di pace. <\/p>\n\n\n\n<p class=\"wp-block-paragraph\">Come ricordato dai promotori dell&#8217;iniziativa, questa preziosa collaborazione consente di sanare \u00absituazioni necessarie che richiedono per\u00f2 l\u2019aiuto di tanti per andare avanti\u00bb.<\/p>\n\n\n\n<p class=\"wp-block-paragraph\">Indirizzare le proprie risorse verso la formazione dei giovani migranti significa generare un impatto tangibile sulla realt\u00e0 locale. Anche se i risultati possono apparire contenuti nei numeri, il loro valore umano \u00e8 inestimabile per la societ\u00e0.<\/p>\n\n\n\n<h2 id=\"insieme-per-un-futuro-luminoso\" class=\"wp-block-heading\">Insieme per un futuro luminoso<\/h2>\n\n\n\n<p class=\"wp-block-paragraph\">Progetti di tale portata incarnano l&#8217;essenza pi\u00f9 pura della cooperazione fraterna. Garantire una prospettiva di crescita ai bambini non \u00e8 solo un atto di benevolenza, ma un investimento reale per il bene comune globale. Solo unendo le forze e i cuori possiamo realmente trasformare la disperazione in una nuova alba di speranza.<\/p>\n\n\n\n<p class=\"wp-block-paragraph\"><strong><a href=\"https:\/\/unsplash.com\/it\/foto\/uno-specchio-dacqua-con-un-tramonto-sullo-sfondo-w4cckM1oD7E\" target=\"_blank\" rel=\"noreferrer noopener nofollow\" title=\"Foto di\u00a0David Valverde\u00a0su\u00a0Unsplash\">Foto di\u00a0David Valverde\u00a0su\u00a0Unsplash<\/a><\/strong><\/p>\n\n\n\n<p class=\"wp-block-paragraph\"><strong>Fonte:<a href=\"https:\/\/www.agensir.it\/quotidiano\/2026\/8\/18\/migranti-a-ceuta-a-tangeri-il-progetto-el-faro-per-bambini-migranti-e-vulnerabili-mons-rocha-grande-grazie-allitalia-che-ci-sostiene\/\" target=\"_blank\" rel=\"noreferrer noopener nofollow\"> <\/a><\/strong><a href=\"https:\/\/www.agensir.it\/quotidiano\/2026\/8\/18\/migranti-a-ceuta-a-tangeri-il-progetto-el-faro-per-bambini-migranti-e-vulnerabili-mons-rocha-grande-grazie-allitalia-che-ci-sostiene\/\" target=\"_blank\" rel=\"noreferrer noopener nofollow\" title=\"Sir\">Sir<\/a><\/p>\n\n\n\n<p class=\"wp-block-paragraph\"><\/p>\n","protected":false},"excerpt":{"rendered":"<p>L&#8217;esigenza profonda di trovare una casa, una famiglia e una reale opportunit\u00e0 di vita lontano dalla strada rappresenta un diritto universale, specialmente per i soggetti pi\u00f9 piccoli e indifesi. Proprio nel cuore pulsante di Tangeri, in Marocco, prende vita e forma il Progetto El Faro, una straordinaria e luminosa iniziativa promossa dall\u2019Arcidiocesi locale. L\u2019intento \u00e8 &#8230; <a title=\"Progetto &#8220;El Faro&#8221; a Tangeri: una speranza per i bambini migranti\" class=\"read-more\" href=\"https:\/\/spaziospadoni.org\/it\/progetto-el-faro-a-tangeri-una-speranza-per-i-bambini-migranti\/\" aria-label=\"Per saperne di pi\u00f9 su Progetto &#8220;El Faro&#8221; a Tangeri: una speranza per i bambini migranti\">Leggi tutto<\/a><\/p>\n","protected":false},"author":39,"featured_media":94900,"comment_status":"closed","ping_status":"closed","sticky":false,"template":"","format":"standard","meta":{"_sitemap_exclude":false,"_sitemap_priority":"","_sitemap_frequency":"","ss_featured_image_title":"","ss_featured_image_alt":"Ceuta","ss_featured_image_caption":"Tramonto sul mare di Ceuta, citt\u00e0 autonoma spagnola che si trova nel nordest del Marocco","footnotes":""},"categories":[86],"tags":[63,59,322],"class_list":["post-94899","post","type-post","status-publish","format-standard","has-post-thumbnail","hentry","category-fatti-di-misericordia","tag-africa","tag-migranti","tag-ragazzi","infinite-scroll-item","generate-columns","tablet-grid-50","mobile-grid-100","grid-parent","grid-50"],"yoast_head":"<!-- This site is optimized with the Yoast SEO plugin v28.4 - https:\/\/yoast.com\/product\/yoast-seo-wordpress\/ -->\n<title>Progetto El Faro a Tangeri: speranza per i bambini migranti<\/title>\n<meta name=\"description\" content=\"Scopri come il progetto El Faro a Tangeri offre istruzione e speranza ai bambini migranti, garantendo loro un futuro dignitoso e sicuro in Marocco.\" \/>\n<meta name=\"robots\" content=\"index, follow, max-snippet:-1, max-image-preview:large, max-video-preview:-1\" \/>\n<link rel=\"canonical\" href=\"https:\/\/spaziospadoni.org\/it\/progetto-el-faro-a-tangeri-una-speranza-per-i-bambini-migranti\/\" \/>\n<meta property=\"og:locale\" content=\"it_IT\" \/>\n<meta property=\"og:type\" content=\"article\" \/>\n<meta property=\"og:title\" content=\"Progetto El Faro a Tangeri: speranza per i bambini migranti\" \/>\n<meta property=\"og:description\" content=\"Scopri come il progetto El Faro a Tangeri offre istruzione e speranza ai bambini migranti, garantendo loro un futuro dignitoso e sicuro in Marocco.\" \/>\n<meta property=\"og:url\" content=\"https:\/\/spaziospadoni.org\/it\/progetto-el-faro-a-tangeri-una-speranza-per-i-bambini-migranti\/\" \/>\n<meta property=\"og:site_name\" content=\"spazio + spadoni\" \/>\n<meta property=\"article:publisher\" content=\"https:\/\/www.facebook.com\/SpazioSpadoni\/\" \/>\n<meta property=\"article:published_time\" content=\"2026-09-01T12:00:00+00:00\" \/>\n<meta property=\"og:image\" content=\"https:\/\/spaziospadoni.org\/wp-content\/uploads\/2026\/08\/ceuta-spagna-migranti.webp\" \/>\n\t<meta property=\"og:image:width\" content=\"1200\" \/>\n\t<meta property=\"og:image:height\" content=\"900\" \/>\n\t<meta property=\"og:image:type\" content=\"image\/webp\" \/>\n<meta name=\"author\" content=\"Redazione\" \/>\n<meta name=\"twitter:card\" content=\"summary_large_image\" \/>\n<meta name=\"twitter:label1\" content=\"Scritto da\" \/>\n\t<meta name=\"twitter:data1\" content=\"Redazione\" \/>\n\t<meta name=\"twitter:label2\" content=\"Tempo di lettura stimato\" \/>\n\t<meta name=\"twitter:data2\" content=\"3 minuti\" \/>\n<script type=\"application\/ld+json\" class=\"yoast-schema-graph\">{\"@context\":\"https:\\\/\\\/schema.org\",\"@graph\":[{\"@type\":\"Article\",\"@id\":\"https:\\\/\\\/spaziospadoni.org\\\/it\\\/progetto-el-faro-a-tangeri-una-speranza-per-i-bambini-migranti\\\/#article\",\"isPartOf\":{\"@id\":\"https:\\\/\\\/spaziospadoni.org\\\/it\\\/progetto-el-faro-a-tangeri-una-speranza-per-i-bambini-migranti\\\/\"},\"author\":{\"name\":\"Redazione\",\"@id\":\"https:\\\/\\\/spaziospadoni.org\\\/it\\\/#\\\/schema\\\/person\\\/411d7e71b4962bebf7ac6c70acc9a7bc\"},\"headline\":\"Progetto &#8220;El Faro&#8221; a Tangeri: una speranza per i bambini migranti\",\"datePublished\":\"2026-09-01T12:00:00+00:00\",\"mainEntityOfPage\":{\"@id\":\"https:\\\/\\\/spaziospadoni.org\\\/it\\\/progetto-el-faro-a-tangeri-una-speranza-per-i-bambini-migranti\\\/\"},\"wordCount\":475,\"publisher\":{\"@id\":\"https:\\\/\\\/spaziospadoni.org\\\/it\\\/#organization\"},\"image\":{\"@id\":\"https:\\\/\\\/spaziospadoni.org\\\/it\\\/progetto-el-faro-a-tangeri-una-speranza-per-i-bambini-migranti\\\/#primaryimage\"},\"thumbnailUrl\":\"https:\\\/\\\/spaziospadoni.org\\\/wp-content\\\/uploads\\\/2026\\\/08\\\/ceuta-spagna-migranti.webp\",\"keywords\":[\"Africa\",\"migranti\",\"ragazzi\"],\"articleSection\":[\"Fatti di misericordia\"],\"inLanguage\":\"it-IT\"},{\"@type\":\"WebPage\",\"@id\":\"https:\\\/\\\/spaziospadoni.org\\\/it\\\/progetto-el-faro-a-tangeri-una-speranza-per-i-bambini-migranti\\\/\",\"url\":\"https:\\\/\\\/spaziospadoni.org\\\/it\\\/progetto-el-faro-a-tangeri-una-speranza-per-i-bambini-migranti\\\/\",\"name\":\"Progetto El Faro a Tangeri: speranza per i bambini migranti\",\"isPartOf\":{\"@id\":\"https:\\\/\\\/spaziospadoni.org\\\/it\\\/#website\"},\"primaryImageOfPage\":{\"@id\":\"https:\\\/\\\/spaziospadoni.org\\\/it\\\/progetto-el-faro-a-tangeri-una-speranza-per-i-bambini-migranti\\\/#primaryimage\"},\"image\":{\"@id\":\"https:\\\/\\\/spaziospadoni.org\\\/it\\\/progetto-el-faro-a-tangeri-una-speranza-per-i-bambini-migranti\\\/#primaryimage\"},\"thumbnailUrl\":\"https:\\\/\\\/spaziospadoni.org\\\/wp-content\\\/uploads\\\/2026\\\/08\\\/ceuta-spagna-migranti.webp\",\"datePublished\":\"2026-09-01T12:00:00+00:00\",\"description\":\"Scopri come il progetto El Faro a Tangeri offre istruzione e speranza ai bambini migranti, garantendo loro un futuro dignitoso e sicuro in Marocco.\",\"breadcrumb\":{\"@id\":\"https:\\\/\\\/spaziospadoni.org\\\/it\\\/progetto-el-faro-a-tangeri-una-speranza-per-i-bambini-migranti\\\/#breadcrumb\"},\"inLanguage\":\"it-IT\",\"potentialAction\":[{\"@type\":\"ReadAction\",\"target\":[\"https:\\\/\\\/spaziospadoni.org\\\/it\\\/progetto-el-faro-a-tangeri-una-speranza-per-i-bambini-migranti\\\/\"]}]},{\"@type\":\"ImageObject\",\"inLanguage\":\"it-IT\",\"@id\":\"https:\\\/\\\/spaziospadoni.org\\\/it\\\/progetto-el-faro-a-tangeri-una-speranza-per-i-bambini-migranti\\\/#primaryimage\",\"url\":\"https:\\\/\\\/spaziospadoni.org\\\/wp-content\\\/uploads\\\/2026\\\/08\\\/ceuta-spagna-migranti.webp\",\"contentUrl\":\"https:\\\/\\\/spaziospadoni.org\\\/wp-content\\\/uploads\\\/2026\\\/08\\\/ceuta-spagna-migranti.webp\",\"width\":1200,\"height\":900,\"caption\":\"Tramonto sul mare di Ceuta, citt\u00e0 autonoma spagnola che si trova nel nordest del Marocco\"},{\"@type\":\"BreadcrumbList\",\"@id\":\"https:\\\/\\\/spaziospadoni.org\\\/it\\\/progetto-el-faro-a-tangeri-una-speranza-per-i-bambini-migranti\\\/#breadcrumb\",\"itemListElement\":[{\"@type\":\"ListItem\",\"position\":1,\"name\":\"Home\",\"item\":\"https:\\\/\\\/spaziospadoni.org\\\/it\\\/\"},{\"@type\":\"ListItem\",\"position\":2,\"name\":\"Progetto &#8220;El Faro&#8221; a Tangeri: una speranza per i bambini migranti\"}]},{\"@type\":\"WebSite\",\"@id\":\"https:\\\/\\\/spaziospadoni.org\\\/it\\\/#website\",\"url\":\"https:\\\/\\\/spaziospadoni.org\\\/it\\\/\",\"name\":\"spazio + spadoni\",\"description\":\"Generazione di misericordia e missione nel mondo\",\"publisher\":{\"@id\":\"https:\\\/\\\/spaziospadoni.org\\\/it\\\/#organization\"},\"alternateName\":\"spaziospadoni.org\",\"potentialAction\":[{\"@type\":\"SearchAction\",\"target\":{\"@type\":\"EntryPoint\",\"urlTemplate\":\"https:\\\/\\\/spaziospadoni.org\\\/it\\\/?s={search_term_string}\"},\"query-input\":{\"@type\":\"PropertyValueSpecification\",\"valueRequired\":true,\"valueName\":\"search_term_string\"}}],\"inLanguage\":\"it-IT\"},{\"@type\":\"Organization\",\"@id\":\"https:\\\/\\\/spaziospadoni.org\\\/it\\\/#organization\",\"name\":\"spazio + spadoni\",\"alternateName\":\"spaziospadoni.org\",\"url\":\"https:\\\/\\\/spaziospadoni.org\\\/it\\\/\",\"logo\":{\"@type\":\"ImageObject\",\"inLanguage\":\"it-IT\",\"@id\":\"https:\\\/\\\/spaziospadoni.org\\\/it\\\/#\\\/schema\\\/logo\\\/image\\\/\",\"url\":\"https:\\\/\\\/spaziospadoni.org\\\/wp-content\\\/uploads\\\/2026\\\/05\\\/spazio-spadoni-logo-100x100-1.webp\",\"contentUrl\":\"https:\\\/\\\/spaziospadoni.org\\\/wp-content\\\/uploads\\\/2026\\\/05\\\/spazio-spadoni-logo-100x100-1.webp\",\"width\":100,\"height\":100,\"caption\":\"spazio + spadoni\"},\"image\":{\"@id\":\"https:\\\/\\\/spaziospadoni.org\\\/it\\\/#\\\/schema\\\/logo\\\/image\\\/\"},\"sameAs\":[\"https:\\\/\\\/www.facebook.com\\\/SpazioSpadoni\\\/\",\"https:\\\/\\\/www.instagram.com\\\/spaziospadoni\\\/\",\"https:\\\/\\\/www.youtube.com\\\/@spaziospadoni\\\/playlists\"]},{\"@type\":\"Person\",\"@id\":\"https:\\\/\\\/spaziospadoni.org\\\/it\\\/#\\\/schema\\\/person\\\/411d7e71b4962bebf7ac6c70acc9a7bc\",\"name\":\"Redazione\",\"image\":{\"@type\":\"ImageObject\",\"inLanguage\":\"it-IT\",\"@id\":\"https:\\\/\\\/secure.gravatar.com\\\/avatar\\\/2ba413b4dca69409b680ae806ab0dce8a38d5d2cc2123a96af7bbbee33a5742e?s=96&d=mm&r=g\",\"url\":\"https:\\\/\\\/secure.gravatar.com\\\/avatar\\\/2ba413b4dca69409b680ae806ab0dce8a38d5d2cc2123a96af7bbbee33a5742e?s=96&d=mm&r=g\",\"contentUrl\":\"https:\\\/\\\/secure.gravatar.com\\\/avatar\\\/2ba413b4dca69409b680ae806ab0dce8a38d5d2cc2123a96af7bbbee33a5742e?s=96&d=mm&r=g\",\"caption\":\"Redazione\"},\"url\":\"https:\\\/\\\/spaziospadoni.org\\\/it\\\/author\\\/redazione\\\/\"}]}<\/script>\n<!-- \/ Yoast SEO plugin. -->","yoast_head_json":{"title":"Progetto El Faro a Tangeri: speranza per i bambini migranti","description":"Scopri come il progetto El Faro a Tangeri offre istruzione e speranza ai bambini migranti, garantendo loro un futuro dignitoso e sicuro in Marocco.","robots":{"index":"index","follow":"follow","max-snippet":"max-snippet:-1","max-image-preview":"max-image-preview:large","max-video-preview":"max-video-preview:-1"},"canonical":"https:\/\/spaziospadoni.org\/it\/progetto-el-faro-a-tangeri-una-speranza-per-i-bambini-migranti\/","og_locale":"it_IT","og_type":"article","og_title":"Progetto El Faro a Tangeri: speranza per i bambini migranti","og_description":"Scopri come il progetto El Faro a Tangeri offre istruzione e speranza ai bambini migranti, garantendo loro un futuro dignitoso e sicuro in Marocco.","og_url":"https:\/\/spaziospadoni.org\/it\/progetto-el-faro-a-tangeri-una-speranza-per-i-bambini-migranti\/","og_site_name":"spazio + spadoni","article_publisher":"https:\/\/www.facebook.com\/SpazioSpadoni\/","article_published_time":"2026-09-01T12:00:00+00:00","og_image":[{"width":1200,"height":900,"url":"https:\/\/spaziospadoni.org\/wp-content\/uploads\/2026\/08\/ceuta-spagna-migranti.webp","type":"image\/webp"}],"author":"Redazione","twitter_card":"summary_large_image","twitter_misc":{"Scritto da":"Redazione","Tempo di lettura stimato":"3 minuti"},"schema":{"@context":"https:\/\/schema.org","@graph":[{"@type":"Article","@id":"https:\/\/spaziospadoni.org\/it\/progetto-el-faro-a-tangeri-una-speranza-per-i-bambini-migranti\/#article","isPartOf":{"@id":"https:\/\/spaziospadoni.org\/it\/progetto-el-faro-a-tangeri-una-speranza-per-i-bambini-migranti\/"},"author":{"name":"Redazione","@id":"https:\/\/spaziospadoni.org\/it\/#\/schema\/person\/411d7e71b4962bebf7ac6c70acc9a7bc"},"headline":"Progetto &#8220;El Faro&#8221; a Tangeri: una speranza per i bambini migranti","datePublished":"2026-09-01T12:00:00+00:00","mainEntityOfPage":{"@id":"https:\/\/spaziospadoni.org\/it\/progetto-el-faro-a-tangeri-una-speranza-per-i-bambini-migranti\/"},"wordCount":475,"publisher":{"@id":"https:\/\/spaziospadoni.org\/it\/#organization"},"image":{"@id":"https:\/\/spaziospadoni.org\/it\/progetto-el-faro-a-tangeri-una-speranza-per-i-bambini-migranti\/#primaryimage"},"thumbnailUrl":"https:\/\/spaziospadoni.org\/wp-content\/uploads\/2026\/08\/ceuta-spagna-migranti.webp","keywords":["Africa","migranti","ragazzi"],"articleSection":["Fatti di misericordia"],"inLanguage":"it-IT"},{"@type":"WebPage","@id":"https:\/\/spaziospadoni.org\/it\/progetto-el-faro-a-tangeri-una-speranza-per-i-bambini-migranti\/","url":"https:\/\/spaziospadoni.org\/it\/progetto-el-faro-a-tangeri-una-speranza-per-i-bambini-migranti\/","name":"Progetto El Faro a Tangeri: speranza per i bambini migranti","isPartOf":{"@id":"https:\/\/spaziospadoni.org\/it\/#website"},"primaryImageOfPage":{"@id":"https:\/\/spaziospadoni.org\/it\/progetto-el-faro-a-tangeri-una-speranza-per-i-bambini-migranti\/#primaryimage"},"image":{"@id":"https:\/\/spaziospadoni.org\/it\/progetto-el-faro-a-tangeri-una-speranza-per-i-bambini-migranti\/#primaryimage"},"thumbnailUrl":"https:\/\/spaziospadoni.org\/wp-content\/uploads\/2026\/08\/ceuta-spagna-migranti.webp","datePublished":"2026-09-01T12:00:00+00:00","description":"Scopri come il progetto El Faro a Tangeri offre istruzione e speranza ai bambini migranti, garantendo loro un futuro dignitoso e sicuro in Marocco.","breadcrumb":{"@id":"https:\/\/spaziospadoni.org\/it\/progetto-el-faro-a-tangeri-una-speranza-per-i-bambini-migranti\/#breadcrumb"},"inLanguage":"it-IT","potentialAction":[{"@type":"ReadAction","target":["https:\/\/spaziospadoni.org\/it\/progetto-el-faro-a-tangeri-una-speranza-per-i-bambini-migranti\/"]}]},{"@type":"ImageObject","inLanguage":"it-IT","@id":"https:\/\/spaziospadoni.org\/it\/progetto-el-faro-a-tangeri-una-speranza-per-i-bambini-migranti\/#primaryimage","url":"https:\/\/spaziospadoni.org\/wp-content\/uploads\/2026\/08\/ceuta-spagna-migranti.webp","contentUrl":"https:\/\/spaziospadoni.org\/wp-content\/uploads\/2026\/08\/ceuta-spagna-migranti.webp","width":1200,"height":900,"caption":"Tramonto sul mare di Ceuta, citt\u00e0 autonoma spagnola che si trova nel nordest del Marocco"},{"@type":"BreadcrumbList","@id":"https:\/\/spaziospadoni.org\/it\/progetto-el-faro-a-tangeri-una-speranza-per-i-bambini-migranti\/#breadcrumb","itemListElement":[{"@type":"ListItem","position":1,"name":"Home","item":"https:\/\/spaziospadoni.org\/it\/"},{"@type":"ListItem","position":2,"name":"Progetto &#8220;El Faro&#8221; a Tangeri: una speranza per i bambini migranti"}]},{"@type":"WebSite","@id":"https:\/\/spaziospadoni.org\/it\/#website","url":"https:\/\/spaziospadoni.org\/it\/","name":"spazio + spadoni","description":"Generazione di misericordia e missione nel mondo","publisher":{"@id":"https:\/\/spaziospadoni.org\/it\/#organization"},"alternateName":"spaziospadoni.org","potentialAction":[{"@type":"SearchAction","target":{"@type":"EntryPoint","urlTemplate":"https:\/\/spaziospadoni.org\/it\/?s={search_term_string}"},"query-input":{"@type":"PropertyValueSpecification","valueRequired":true,"valueName":"search_term_string"}}],"inLanguage":"it-IT"},{"@type":"Organization","@id":"https:\/\/spaziospadoni.org\/it\/#organization","name":"spazio + spadoni","alternateName":"spaziospadoni.org","url":"https:\/\/spaziospadoni.org\/it\/","logo":{"@type":"ImageObject","inLanguage":"it-IT","@id":"https:\/\/spaziospadoni.org\/it\/#\/schema\/logo\/image\/","url":"https:\/\/spaziospadoni.org\/wp-content\/uploads\/2026\/05\/spazio-spadoni-logo-100x100-1.webp","contentUrl":"https:\/\/spaziospadoni.org\/wp-content\/uploads\/2026\/05\/spazio-spadoni-logo-100x100-1.webp","width":100,"height":100,"caption":"spazio + spadoni"},"image":{"@id":"https:\/\/spaziospadoni.org\/it\/#\/schema\/logo\/image\/"},"sameAs":["https:\/\/www.facebook.com\/SpazioSpadoni\/","https:\/\/www.instagram.com\/spaziospadoni\/","https:\/\/www.youtube.com\/@spaziospadoni\/playlists"]},{"@type":"Person","@id":"https:\/\/spaziospadoni.org\/it\/#\/schema\/person\/411d7e71b4962bebf7ac6c70acc9a7bc","name":"Redazione","image":{"@type":"ImageObject","inLanguage":"it-IT","@id":"https:\/\/secure.gravatar.com\/avatar\/2ba413b4dca69409b680ae806ab0dce8a38d5d2cc2123a96af7bbbee33a5742e?s=96&d=mm&r=g","url":"https:\/\/secure.gravatar.com\/avatar\/2ba413b4dca69409b680ae806ab0dce8a38d5d2cc2123a96af7bbbee33a5742e?s=96&d=mm&r=g","contentUrl":"https:\/\/secure.gravatar.com\/avatar\/2ba413b4dca69409b680ae806ab0dce8a38d5d2cc2123a96af7bbbee33a5742e?s=96&d=mm&r=g","caption":"Redazione"},"url":"https:\/\/spaziospadoni.org\/it\/author\/redazione\/"}]}},"_links":{"self":[{"href":"https:\/\/spaziospadoni.org\/it\/wp-json\/wp\/v2\/posts\/94899","targetHints":{"allow":["GET"]}}],"collection":[{"href":"https:\/\/spaziospadoni.org\/it\/wp-json\/wp\/v2\/posts"}],"about":[{"href":"https:\/\/spaziospadoni.org\/it\/wp-json\/wp\/v2\/types\/post"}],"author":[{"embeddable":true,"href":"https:\/\/spaziospadoni.org\/it\/wp-json\/wp\/v2\/users\/39"}],"replies":[{"embeddable":true,"href":"https:\/\/spaziospadoni.org\/it\/wp-json\/wp\/v2\/comments?post=94899"}],"version-history":[{"count":1,"href":"https:\/\/spaziospadoni.org\/it\/wp-json\/wp\/v2\/posts\/94899\/revisions"}],"predecessor-version":[{"id":94901,"href":"https:\/\/spaziospadoni.org\/it\/wp-json\/wp\/v2\/posts\/94899\/revisions\/94901"}],"wp:featuredmedia":[{"embeddable":true,"href":"https:\/\/spaziospadoni.org\/it\/wp-json\/wp\/v2\/media\/94900"}],"wp:attachment":[{"href":"https:\/\/spaziospadoni.org\/it\/wp-json\/wp\/v2\/media?parent=94899"}],"wp:term":[{"taxonomy":"category","embeddable":true,"href":"https:\/\/spaziospadoni.org\/it\/wp-json\/wp\/v2\/categories?post=94899"},{"taxonomy":"post_tag","embeddable":true,"href":"https:\/\/spaziospadoni.org\/it\/wp-json\/wp\/v2\/tags?post=94899"}],"curies":[{"name":"wp","href":"https:\/\/api.w.org\/{rel}","templated":true}]}}