{"id":94911,"date":"2026-09-02T07:00:00","date_gmt":"2026-09-02T06:00:00","guid":{"rendered":"https:\/\/spaziospadoni.org\/?p=94911"},"modified":"2026-08-31T13:03:06","modified_gmt":"2026-08-31T12:03:06","slug":"africa-repubblica-democratica-del-congo-la-via-verso-la-pace","status":"publish","type":"post","link":"https:\/\/spaziospadoni.org\/it\/africa-repubblica-democratica-del-congo-la-via-verso-la-pace\/","title":{"rendered":"Africa, Repubblica Democratica del Congo | La via verso la pace"},"content":{"rendered":"\n<p class=\"wp-block-paragraph\">Quando Papa Francesco lanci\u00f2 a Kinshasa quell\u2019appello divenuto storico: <em>\u00abGi\u00f9 le mani dall\u2019Africa, gi\u00f9 le mani dalla Repubblica Democratica del Congo!\u00bb<\/em>, un intero popolo pianse di speranza. Era il gennaio 2023.<\/p>\n\n\n\n<p class=\"wp-block-paragraph\">Tre anni dopo, l\u2019Est del nostro Paese continua a sanguinare. Perch\u00e9?<\/p>\n\n\n\n<p class=\"wp-block-paragraph\">Perch\u00e9 per molto tempo abbiamo pensato alla pace come a una questione militare. Si inviano i caschi blu, si firmano accordi a Luanda, Nairobi, Washington e Doha, si contano le armi deposte. Ma la pace non ritorna.<\/p>\n\n\n\n<p class=\"wp-block-paragraph\">Come ricercatori, impariamo a leggere la situazione da un\u2019altra prospettiva: occorre essere vicini alla popolazione, garantendone la sopravvivenza attraverso una politica economica adeguata alle realt\u00e0 locali, una pace duratura e un futuro migliore.<\/p>\n\n\n\n<p class=\"wp-block-paragraph\">Oggi, chi mantiene la pace nei villaggi dove altri non riescono ad arrivare? La Chiesa cattolica. Le sue parrocchie, le sue religiose, i suoi sacerdoti. \u00c8 presente perch\u00e9 \u00e8 sobria e radicata nel territorio.<\/p>\n\n\n\n<p class=\"wp-block-paragraph\">\u00c8 questo che l\u2019Europa ci insegna attraverso fondazioni come spazio + spadoni: la vera cooperazione tra la RDC e l\u2019Occidente non deve essere soltanto mineraria ed economica. Deve essere anche una cooperazione di pensiero sulla pace.<\/p>\n\n\n\n<p class=\"wp-block-paragraph\">La pace arriver\u00e0 quando ogni intervento assomiglier\u00e0 pi\u00f9 a una missione che ad un\u2019amministrazione.<\/p>\n\n\n\n<p class=\"wp-block-paragraph\"><strong><a href=\"https:\/\/www.pexels.com\/it-it\/foto\/ragazzi-che-giocano-con-i-bastoni-all-aperto-36163362\/\" target=\"_blank\" rel=\"noreferrer noopener nofollow\" title=\"\u00a0Foto di Skylight Views (Pexels)\">\u00a0Foto di Skylight Views (Pexels)<\/a><\/strong><\/p>\n\n\n\n<p class=\"wp-block-paragraph\"><\/p>\n","protected":false},"excerpt":{"rendered":"<p>Quando Papa Francesco lanci\u00f2 a Kinshasa quell\u2019appello divenuto storico: \u00abGi\u00f9 le mani dall\u2019Africa, gi\u00f9 le mani dalla Repubblica Democratica del Congo!\u00bb, un intero popolo pianse di speranza. Era il gennaio 2023. Tre anni dopo, l\u2019Est del nostro Paese continua a sanguinare. Perch\u00e9? Perch\u00e9 per molto tempo abbiamo pensato alla pace come a una questione militare. &#8230; <a title=\"Africa, Repubblica Democratica del Congo | La via verso la pace\" class=\"read-more\" href=\"https:\/\/spaziospadoni.org\/it\/africa-repubblica-democratica-del-congo-la-via-verso-la-pace\/\" aria-label=\"Per saperne di pi\u00f9 su Africa, Repubblica Democratica del Congo | La via verso la pace\">Leggi tutto<\/a><\/p>\n","protected":false},"author":111,"featured_media":94916,"comment_status":"closed","ping_status":"closed","sticky":false,"template":"","format":"standard","meta":{"_sitemap_exclude":false,"_sitemap_priority":"","_sitemap_frequency":"","ss_featured_image_title":"","ss_featured_image_alt":"Pace in RdC","ss_featured_image_caption":"Bambini che giocano con i bastoni all'aperto. In RdC, la sfida della pace passa attraverso la prossimit\u00e0","footnotes":""},"categories":[60],"tags":[33,75,430,162],"class_list":["post-94911","post","type-post","status-publish","format-standard","has-post-thumbnail","hentry","category-notizie-dal-mondo","tag-chiesa-cattolica","tag-pace","tag-repubblica-democratica-del-congo","tag-vicinanza","infinite-scroll-item","generate-columns","tablet-grid-50","mobile-grid-100","grid-parent","grid-50"],"yoast_head":"<!-- This site is optimized with the Yoast SEO plugin v28.4 - https:\/\/yoast.com\/product\/yoast-seo-wordpress\/ -->\n<title>Africa, Repubblica Democratica del Congo | La via verso la pace<\/title>\n<meta name=\"description\" content=\"A tre anni dall&#039;appello di Papa Francesco, la pace nella RDC richiede vicinanza alla gente e non armi\" \/>\n<meta name=\"robots\" content=\"index, follow, max-snippet:-1, max-image-preview:large, max-video-preview:-1\" \/>\n<link rel=\"canonical\" href=\"https:\/\/spaziospadoni.org\/it\/africa-repubblica-democratica-del-congo-la-via-verso-la-pace\/\" \/>\n<meta property=\"og:locale\" content=\"it_IT\" \/>\n<meta property=\"og:type\" content=\"article\" \/>\n<meta property=\"og:title\" content=\"Africa, Repubblica Democratica del Congo | La via verso la pace\" \/>\n<meta property=\"og:description\" content=\"A tre anni dall&#039;appello di Papa Francesco, la pace nella RDC richiede vicinanza alla gente e non armi\" \/>\n<meta property=\"og:url\" content=\"https:\/\/spaziospadoni.org\/it\/africa-repubblica-democratica-del-congo-la-via-verso-la-pace\/\" \/>\n<meta property=\"og:site_name\" content=\"spazio + spadoni\" \/>\n<meta property=\"article:publisher\" content=\"https:\/\/www.facebook.com\/SpazioSpadoni\/\" \/>\n<meta property=\"article:published_time\" content=\"2026-09-02T06:00:00+00:00\" \/>\n<meta property=\"og:image\" content=\"https:\/\/spaziospadoni.org\/wp-content\/uploads\/2026\/09\/pace-congo-vicinanza.webp\" \/>\n\t<meta property=\"og:image:width\" content=\"1200\" \/>\n\t<meta property=\"og:image:height\" content=\"800\" \/>\n\t<meta property=\"og:image:type\" content=\"image\/webp\" \/>\n<meta name=\"author\" content=\"Destin Byandike\" \/>\n<meta name=\"twitter:card\" content=\"summary_large_image\" \/>\n<meta name=\"twitter:label1\" content=\"Scritto da\" \/>\n\t<meta name=\"twitter:data1\" content=\"Destin Byandike\" \/>\n\t<meta name=\"twitter:label2\" content=\"Tempo di lettura stimato\" \/>\n\t<meta name=\"twitter:data2\" content=\"2 minuti\" \/>\n<script type=\"application\/ld+json\" class=\"yoast-schema-graph\">{\"@context\":\"https:\\\/\\\/schema.org\",\"@graph\":[{\"@type\":\"Article\",\"@id\":\"https:\\\/\\\/spaziospadoni.org\\\/it\\\/africa-repubblica-democratica-del-congo-la-via-verso-la-pace\\\/#article\",\"isPartOf\":{\"@id\":\"https:\\\/\\\/spaziospadoni.org\\\/it\\\/africa-repubblica-democratica-del-congo-la-via-verso-la-pace\\\/\"},\"author\":{\"name\":\"Destin Byandike\",\"@id\":\"https:\\\/\\\/spaziospadoni.org\\\/it\\\/#\\\/schema\\\/person\\\/6297cff4ad988760cee72bb3f83e078f\"},\"headline\":\"Africa, Repubblica Democratica del Congo | La via verso la pace\",\"datePublished\":\"2026-09-02T06:00:00+00:00\",\"mainEntityOfPage\":{\"@id\":\"https:\\\/\\\/spaziospadoni.org\\\/it\\\/africa-repubblica-democratica-del-congo-la-via-verso-la-pace\\\/\"},\"wordCount\":213,\"publisher\":{\"@id\":\"https:\\\/\\\/spaziospadoni.org\\\/it\\\/#organization\"},\"image\":{\"@id\":\"https:\\\/\\\/spaziospadoni.org\\\/it\\\/africa-repubblica-democratica-del-congo-la-via-verso-la-pace\\\/#primaryimage\"},\"thumbnailUrl\":\"https:\\\/\\\/spaziospadoni.org\\\/wp-content\\\/uploads\\\/2026\\\/09\\\/pace-congo-vicinanza.webp\",\"keywords\":[\"Chiesa Cattolica\",\"Pace\",\"Repubblica Democratica del Congo\",\"vicinanza\"],\"articleSection\":[\"Notizie dal Mondo\"],\"inLanguage\":\"it-IT\"},{\"@type\":\"WebPage\",\"@id\":\"https:\\\/\\\/spaziospadoni.org\\\/it\\\/africa-repubblica-democratica-del-congo-la-via-verso-la-pace\\\/\",\"url\":\"https:\\\/\\\/spaziospadoni.org\\\/it\\\/africa-repubblica-democratica-del-congo-la-via-verso-la-pace\\\/\",\"name\":\"Africa, Repubblica Democratica del Congo | La via verso la pace\",\"isPartOf\":{\"@id\":\"https:\\\/\\\/spaziospadoni.org\\\/it\\\/#website\"},\"primaryImageOfPage\":{\"@id\":\"https:\\\/\\\/spaziospadoni.org\\\/it\\\/africa-repubblica-democratica-del-congo-la-via-verso-la-pace\\\/#primaryimage\"},\"image\":{\"@id\":\"https:\\\/\\\/spaziospadoni.org\\\/it\\\/africa-repubblica-democratica-del-congo-la-via-verso-la-pace\\\/#primaryimage\"},\"thumbnailUrl\":\"https:\\\/\\\/spaziospadoni.org\\\/wp-content\\\/uploads\\\/2026\\\/09\\\/pace-congo-vicinanza.webp\",\"datePublished\":\"2026-09-02T06:00:00+00:00\",\"description\":\"A tre anni dall'appello di Papa Francesco, la pace nella RDC richiede vicinanza alla gente e non armi\",\"breadcrumb\":{\"@id\":\"https:\\\/\\\/spaziospadoni.org\\\/it\\\/africa-repubblica-democratica-del-congo-la-via-verso-la-pace\\\/#breadcrumb\"},\"inLanguage\":\"it-IT\",\"potentialAction\":[{\"@type\":\"ReadAction\",\"target\":[\"https:\\\/\\\/spaziospadoni.org\\\/it\\\/africa-repubblica-democratica-del-congo-la-via-verso-la-pace\\\/\"]}]},{\"@type\":\"ImageObject\",\"inLanguage\":\"it-IT\",\"@id\":\"https:\\\/\\\/spaziospadoni.org\\\/it\\\/africa-repubblica-democratica-del-congo-la-via-verso-la-pace\\\/#primaryimage\",\"url\":\"https:\\\/\\\/spaziospadoni.org\\\/wp-content\\\/uploads\\\/2026\\\/09\\\/pace-congo-vicinanza.webp\",\"contentUrl\":\"https:\\\/\\\/spaziospadoni.org\\\/wp-content\\\/uploads\\\/2026\\\/09\\\/pace-congo-vicinanza.webp\",\"width\":1200,\"height\":800,\"caption\":\"Bambini che giocano con i bastoni all'aperto. In RdC, la sfida della pace passa attraverso la prossimit\u00e0\"},{\"@type\":\"BreadcrumbList\",\"@id\":\"https:\\\/\\\/spaziospadoni.org\\\/it\\\/africa-repubblica-democratica-del-congo-la-via-verso-la-pace\\\/#breadcrumb\",\"itemListElement\":[{\"@type\":\"ListItem\",\"position\":1,\"name\":\"Home\",\"item\":\"https:\\\/\\\/spaziospadoni.org\\\/it\\\/\"},{\"@type\":\"ListItem\",\"position\":2,\"name\":\"Africa, Repubblica Democratica del Congo | La via verso la pace\"}]},{\"@type\":\"WebSite\",\"@id\":\"https:\\\/\\\/spaziospadoni.org\\\/it\\\/#website\",\"url\":\"https:\\\/\\\/spaziospadoni.org\\\/it\\\/\",\"name\":\"spazio + spadoni\",\"description\":\"Generazione di misericordia e missione nel mondo\",\"publisher\":{\"@id\":\"https:\\\/\\\/spaziospadoni.org\\\/it\\\/#organization\"},\"alternateName\":\"spaziospadoni.org\",\"potentialAction\":[{\"@type\":\"SearchAction\",\"target\":{\"@type\":\"EntryPoint\",\"urlTemplate\":\"https:\\\/\\\/spaziospadoni.org\\\/it\\\/?s={search_term_string}\"},\"query-input\":{\"@type\":\"PropertyValueSpecification\",\"valueRequired\":true,\"valueName\":\"search_term_string\"}}],\"inLanguage\":\"it-IT\"},{\"@type\":\"Organization\",\"@id\":\"https:\\\/\\\/spaziospadoni.org\\\/it\\\/#organization\",\"name\":\"spazio + spadoni\",\"alternateName\":\"spaziospadoni.org\",\"url\":\"https:\\\/\\\/spaziospadoni.org\\\/it\\\/\",\"logo\":{\"@type\":\"ImageObject\",\"inLanguage\":\"it-IT\",\"@id\":\"https:\\\/\\\/spaziospadoni.org\\\/it\\\/#\\\/schema\\\/logo\\\/image\\\/\",\"url\":\"https:\\\/\\\/spaziospadoni.org\\\/wp-content\\\/uploads\\\/2026\\\/05\\\/spazio-spadoni-logo-100x100-1.webp\",\"contentUrl\":\"https:\\\/\\\/spaziospadoni.org\\\/wp-content\\\/uploads\\\/2026\\\/05\\\/spazio-spadoni-logo-100x100-1.webp\",\"width\":100,\"height\":100,\"caption\":\"spazio + spadoni\"},\"image\":{\"@id\":\"https:\\\/\\\/spaziospadoni.org\\\/it\\\/#\\\/schema\\\/logo\\\/image\\\/\"},\"sameAs\":[\"https:\\\/\\\/www.facebook.com\\\/SpazioSpadoni\\\/\",\"https:\\\/\\\/www.instagram.com\\\/spaziospadoni\\\/\",\"https:\\\/\\\/www.youtube.com\\\/@spaziospadoni\\\/playlists\"]},{\"@type\":\"Person\",\"@id\":\"https:\\\/\\\/spaziospadoni.org\\\/it\\\/#\\\/schema\\\/person\\\/6297cff4ad988760cee72bb3f83e078f\",\"name\":\"Destin Byandike\",\"image\":{\"@type\":\"ImageObject\",\"inLanguage\":\"it-IT\",\"@id\":\"https:\\\/\\\/secure.gravatar.com\\\/avatar\\\/fd5587495a9a6aa30e738c0964461efb38a880d11d17dd49b6ecbb17fb18d017?s=96&d=mm&r=g\",\"url\":\"https:\\\/\\\/secure.gravatar.com\\\/avatar\\\/fd5587495a9a6aa30e738c0964461efb38a880d11d17dd49b6ecbb17fb18d017?s=96&d=mm&r=g\",\"contentUrl\":\"https:\\\/\\\/secure.gravatar.com\\\/avatar\\\/fd5587495a9a6aa30e738c0964461efb38a880d11d17dd49b6ecbb17fb18d017?s=96&d=mm&r=g\",\"caption\":\"Destin Byandike\"},\"description\":\"Cittadino della Repubblica Democratica del Congo. Autore e ricercatore nel campo della pace nella RDC. Specializzato in cooperazione internazionale e negoziazione strategica presso la Scuola Nazionale di Diplomazia, Negoziazione e Mediazione dell\u2019Universit\u00e0 dei Martiri del Congo. Svolge le sue attivit\u00e0 di ricerca presso l\u2019Universit\u00e0 dei Martiri del Congo ed \u00e8 ricercatore associato alla Revue Africaine des Sciences Sociales, con sede in Camerun.\",\"url\":\"https:\\\/\\\/spaziospadoni.org\\\/it\\\/author\\\/ddyandikespspadoni\\\/\"}]}<\/script>\n<!-- \/ Yoast SEO plugin. -->","yoast_head_json":{"title":"Africa, Repubblica Democratica del Congo | La via verso la pace","description":"A tre anni dall'appello di Papa Francesco, la pace nella RDC richiede vicinanza alla gente e non armi","robots":{"index":"index","follow":"follow","max-snippet":"max-snippet:-1","max-image-preview":"max-image-preview:large","max-video-preview":"max-video-preview:-1"},"canonical":"https:\/\/spaziospadoni.org\/it\/africa-repubblica-democratica-del-congo-la-via-verso-la-pace\/","og_locale":"it_IT","og_type":"article","og_title":"Africa, Repubblica Democratica del Congo | La via verso la pace","og_description":"A tre anni dall'appello di Papa Francesco, la pace nella RDC richiede vicinanza alla gente e non armi","og_url":"https:\/\/spaziospadoni.org\/it\/africa-repubblica-democratica-del-congo-la-via-verso-la-pace\/","og_site_name":"spazio + spadoni","article_publisher":"https:\/\/www.facebook.com\/SpazioSpadoni\/","article_published_time":"2026-09-02T06:00:00+00:00","og_image":[{"width":1200,"height":800,"url":"https:\/\/spaziospadoni.org\/wp-content\/uploads\/2026\/09\/pace-congo-vicinanza.webp","type":"image\/webp"}],"author":"Destin Byandike","twitter_card":"summary_large_image","twitter_misc":{"Scritto da":"Destin Byandike","Tempo di lettura stimato":"2 minuti"},"schema":{"@context":"https:\/\/schema.org","@graph":[{"@type":"Article","@id":"https:\/\/spaziospadoni.org\/it\/africa-repubblica-democratica-del-congo-la-via-verso-la-pace\/#article","isPartOf":{"@id":"https:\/\/spaziospadoni.org\/it\/africa-repubblica-democratica-del-congo-la-via-verso-la-pace\/"},"author":{"name":"Destin Byandike","@id":"https:\/\/spaziospadoni.org\/it\/#\/schema\/person\/6297cff4ad988760cee72bb3f83e078f"},"headline":"Africa, Repubblica Democratica del Congo | La via verso la pace","datePublished":"2026-09-02T06:00:00+00:00","mainEntityOfPage":{"@id":"https:\/\/spaziospadoni.org\/it\/africa-repubblica-democratica-del-congo-la-via-verso-la-pace\/"},"wordCount":213,"publisher":{"@id":"https:\/\/spaziospadoni.org\/it\/#organization"},"image":{"@id":"https:\/\/spaziospadoni.org\/it\/africa-repubblica-democratica-del-congo-la-via-verso-la-pace\/#primaryimage"},"thumbnailUrl":"https:\/\/spaziospadoni.org\/wp-content\/uploads\/2026\/09\/pace-congo-vicinanza.webp","keywords":["Chiesa Cattolica","Pace","Repubblica Democratica del Congo","vicinanza"],"articleSection":["Notizie dal Mondo"],"inLanguage":"it-IT"},{"@type":"WebPage","@id":"https:\/\/spaziospadoni.org\/it\/africa-repubblica-democratica-del-congo-la-via-verso-la-pace\/","url":"https:\/\/spaziospadoni.org\/it\/africa-repubblica-democratica-del-congo-la-via-verso-la-pace\/","name":"Africa, Repubblica Democratica del Congo | La via verso la pace","isPartOf":{"@id":"https:\/\/spaziospadoni.org\/it\/#website"},"primaryImageOfPage":{"@id":"https:\/\/spaziospadoni.org\/it\/africa-repubblica-democratica-del-congo-la-via-verso-la-pace\/#primaryimage"},"image":{"@id":"https:\/\/spaziospadoni.org\/it\/africa-repubblica-democratica-del-congo-la-via-verso-la-pace\/#primaryimage"},"thumbnailUrl":"https:\/\/spaziospadoni.org\/wp-content\/uploads\/2026\/09\/pace-congo-vicinanza.webp","datePublished":"2026-09-02T06:00:00+00:00","description":"A tre anni dall'appello di Papa Francesco, la pace nella RDC richiede vicinanza alla gente e non armi","breadcrumb":{"@id":"https:\/\/spaziospadoni.org\/it\/africa-repubblica-democratica-del-congo-la-via-verso-la-pace\/#breadcrumb"},"inLanguage":"it-IT","potentialAction":[{"@type":"ReadAction","target":["https:\/\/spaziospadoni.org\/it\/africa-repubblica-democratica-del-congo-la-via-verso-la-pace\/"]}]},{"@type":"ImageObject","inLanguage":"it-IT","@id":"https:\/\/spaziospadoni.org\/it\/africa-repubblica-democratica-del-congo-la-via-verso-la-pace\/#primaryimage","url":"https:\/\/spaziospadoni.org\/wp-content\/uploads\/2026\/09\/pace-congo-vicinanza.webp","contentUrl":"https:\/\/spaziospadoni.org\/wp-content\/uploads\/2026\/09\/pace-congo-vicinanza.webp","width":1200,"height":800,"caption":"Bambini che giocano con i bastoni all'aperto. In RdC, la sfida della pace passa attraverso la prossimit\u00e0"},{"@type":"BreadcrumbList","@id":"https:\/\/spaziospadoni.org\/it\/africa-repubblica-democratica-del-congo-la-via-verso-la-pace\/#breadcrumb","itemListElement":[{"@type":"ListItem","position":1,"name":"Home","item":"https:\/\/spaziospadoni.org\/it\/"},{"@type":"ListItem","position":2,"name":"Africa, Repubblica Democratica del Congo | La via verso la pace"}]},{"@type":"WebSite","@id":"https:\/\/spaziospadoni.org\/it\/#website","url":"https:\/\/spaziospadoni.org\/it\/","name":"spazio + spadoni","description":"Generazione di misericordia e missione nel mondo","publisher":{"@id":"https:\/\/spaziospadoni.org\/it\/#organization"},"alternateName":"spaziospadoni.org","potentialAction":[{"@type":"SearchAction","target":{"@type":"EntryPoint","urlTemplate":"https:\/\/spaziospadoni.org\/it\/?s={search_term_string}"},"query-input":{"@type":"PropertyValueSpecification","valueRequired":true,"valueName":"search_term_string"}}],"inLanguage":"it-IT"},{"@type":"Organization","@id":"https:\/\/spaziospadoni.org\/it\/#organization","name":"spazio + spadoni","alternateName":"spaziospadoni.org","url":"https:\/\/spaziospadoni.org\/it\/","logo":{"@type":"ImageObject","inLanguage":"it-IT","@id":"https:\/\/spaziospadoni.org\/it\/#\/schema\/logo\/image\/","url":"https:\/\/spaziospadoni.org\/wp-content\/uploads\/2026\/05\/spazio-spadoni-logo-100x100-1.webp","contentUrl":"https:\/\/spaziospadoni.org\/wp-content\/uploads\/2026\/05\/spazio-spadoni-logo-100x100-1.webp","width":100,"height":100,"caption":"spazio + spadoni"},"image":{"@id":"https:\/\/spaziospadoni.org\/it\/#\/schema\/logo\/image\/"},"sameAs":["https:\/\/www.facebook.com\/SpazioSpadoni\/","https:\/\/www.instagram.com\/spaziospadoni\/","https:\/\/www.youtube.com\/@spaziospadoni\/playlists"]},{"@type":"Person","@id":"https:\/\/spaziospadoni.org\/it\/#\/schema\/person\/6297cff4ad988760cee72bb3f83e078f","name":"Destin Byandike","image":{"@type":"ImageObject","inLanguage":"it-IT","@id":"https:\/\/secure.gravatar.com\/avatar\/fd5587495a9a6aa30e738c0964461efb38a880d11d17dd49b6ecbb17fb18d017?s=96&d=mm&r=g","url":"https:\/\/secure.gravatar.com\/avatar\/fd5587495a9a6aa30e738c0964461efb38a880d11d17dd49b6ecbb17fb18d017?s=96&d=mm&r=g","contentUrl":"https:\/\/secure.gravatar.com\/avatar\/fd5587495a9a6aa30e738c0964461efb38a880d11d17dd49b6ecbb17fb18d017?s=96&d=mm&r=g","caption":"Destin Byandike"},"description":"Cittadino della Repubblica Democratica del Congo. Autore e ricercatore nel campo della pace nella RDC. Specializzato in cooperazione internazionale e negoziazione strategica presso la Scuola Nazionale di Diplomazia, Negoziazione e Mediazione dell\u2019Universit\u00e0 dei Martiri del Congo. Svolge le sue attivit\u00e0 di ricerca presso l\u2019Universit\u00e0 dei Martiri del Congo ed \u00e8 ricercatore associato alla Revue Africaine des Sciences Sociales, con sede in Camerun.","url":"https:\/\/spaziospadoni.org\/it\/author\/ddyandikespspadoni\/"}]}},"_links":{"self":[{"href":"https:\/\/spaziospadoni.org\/it\/wp-json\/wp\/v2\/posts\/94911","targetHints":{"allow":["GET"]}}],"collection":[{"href":"https:\/\/spaziospadoni.org\/it\/wp-json\/wp\/v2\/posts"}],"about":[{"href":"https:\/\/spaziospadoni.org\/it\/wp-json\/wp\/v2\/types\/post"}],"author":[{"embeddable":true,"href":"https:\/\/spaziospadoni.org\/it\/wp-json\/wp\/v2\/users\/111"}],"replies":[{"embeddable":true,"href":"https:\/\/spaziospadoni.org\/it\/wp-json\/wp\/v2\/comments?post=94911"}],"version-history":[{"count":1,"href":"https:\/\/spaziospadoni.org\/it\/wp-json\/wp\/v2\/posts\/94911\/revisions"}],"predecessor-version":[{"id":94914,"href":"https:\/\/spaziospadoni.org\/it\/wp-json\/wp\/v2\/posts\/94911\/revisions\/94914"}],"wp:featuredmedia":[{"embeddable":true,"href":"https:\/\/spaziospadoni.org\/it\/wp-json\/wp\/v2\/media\/94916"}],"wp:attachment":[{"href":"https:\/\/spaziospadoni.org\/it\/wp-json\/wp\/v2\/media?parent=94911"}],"wp:term":[{"taxonomy":"category","embeddable":true,"href":"https:\/\/spaziospadoni.org\/it\/wp-json\/wp\/v2\/categories?post=94911"},{"taxonomy":"post_tag","embeddable":true,"href":"https:\/\/spaziospadoni.org\/it\/wp-json\/wp\/v2\/tags?post=94911"}],"curies":[{"name":"wp","href":"https:\/\/api.w.org\/{rel}","templated":true}]}}