{"id":94949,"date":"2026-09-05T17:05:00","date_gmt":"2026-09-05T16:05:00","guid":{"rendered":"https:\/\/spaziospadoni.org\/?p=94949"},"modified":"2026-09-03T17:10:02","modified_gmt":"2026-09-03T16:10:02","slug":"giornata-mondiale-della-pace-2027-il-messaggio-del-papa","status":"publish","type":"post","link":"https:\/\/spaziospadoni.org\/it\/giornata-mondiale-della-pace-2027-il-messaggio-del-papa\/","title":{"rendered":"Giornata mondiale della pace 2027: il messaggio del Papa"},"content":{"rendered":"\n<p class=\"wp-block-paragraph\">Dopo la sua prima Giornata Mondiale della Pace 2026 dedicata al tema \u00abLa pace sia con tutti voi: verso una pace \u201cdisarmata e disarmante\u201d\u00bb, Papa Leone XIV ha reso noto con un Comunicato del Dicastero per il Servizio dello Sviluppo Umano Integrale il tema del Messaggio per la <strong>60\u00aa Giornata Mondiale della Pace <\/strong>che si svolger\u00e0 il prossimo <strong>1 gennaio 2027<\/strong>: \u00abDisarmare la tecnica, servire la pace. La politica come responsabilit\u00e0 preventiva\u00bb.<\/p>\n\n\n\n<p class=\"wp-block-paragraph\">Come scritto sul Bollettino della Sala Stampa Vaticana: <\/p>\n\n\n\n<blockquote class=\"wp-block-quote is-layout-flow wp-block-quote-is-layout-flow\">\n<p class=\"wp-block-paragraph\"><em>\u201cSua Santit\u00e0 desidera cos\u00ec richiamare l\u2019attenzione sulla responsabilit\u00e0 morale di chi \u00e8 chiamato ad agire nell\u2019ambito politico ed esorta l\u2019intera umanit\u00e0 a promuovere la dignit\u00e0 della persona umana e a contribuire alla costruzione della pace cominciando con il \u00abdisarmare la tecnica\u00bb.<\/em><br><em>Mentre ricorda che \u00abnon esiste algoritmo che possa rendere la guerra moralmente accettabile\u00bb (Magnifica humanitas, n. 198) e avverte circa i rischi connessi all\u2019affidare all\u2019intelligenza artificiale le scelte militari, Papa Leone XIV rivolge un accorato appello alla comunit\u00e0 internazionale affinch\u00e9 promuova accordi condivisi capaci di salvaguardare la responsabilit\u00e0 umana e i principi umanitari, nei contesti in cui vengono coinvolte la vita delle persone e la convivenza tra i popoli\u201d.<\/em><\/p>\n<\/blockquote>\n\n\n\n<p class=\"wp-block-paragraph\"><strong>Fonte:<\/strong> <a href=\"https:\/\/marialuciaercole.substack.com\/\" target=\"_blank\" rel=\"noreferrer noopener nofollow\" title=\"Newsletter di Maria Lucia Ercole\">Newsletter di Maria Lucia Ercole<\/a><\/p>\n","protected":false},"excerpt":{"rendered":"<p>Dopo la sua prima Giornata Mondiale della Pace 2026 dedicata al tema \u00abLa pace sia con tutti voi: verso una pace \u201cdisarmata e disarmante\u201d\u00bb, Papa Leone XIV ha reso noto con un Comunicato del Dicastero per il Servizio dello Sviluppo Umano Integrale il tema del Messaggio per la 60\u00aa Giornata Mondiale della Pace che si &#8230; <a title=\"Giornata mondiale della pace 2027: il messaggio del Papa\" class=\"read-more\" href=\"https:\/\/spaziospadoni.org\/it\/giornata-mondiale-della-pace-2027-il-messaggio-del-papa\/\" aria-label=\"Per saperne di pi\u00f9 su Giornata mondiale della pace 2027: il messaggio del Papa\">Leggi tutto<\/a><\/p>\n","protected":false},"author":13,"featured_media":94950,"comment_status":"closed","ping_status":"closed","sticky":false,"template":"","format":"standard","meta":{"_sitemap_exclude":false,"_sitemap_priority":"","_sitemap_frequency":"","ss_featured_image_title":"","ss_featured_image_alt":"","ss_featured_image_caption":"","footnotes":""},"categories":[120],"tags":[33,669,75,139],"class_list":["post-94949","post","type-post","status-publish","format-standard","has-post-thumbnail","hentry","category-la-chiesa-che-ispira","tag-chiesa-cattolica","tag-messaggio","tag-pace","tag-papa-leone-xiv","infinite-scroll-item","generate-columns","tablet-grid-50","mobile-grid-100","grid-parent","grid-50"],"yoast_head":"<!-- This site is optimized with the Yoast SEO plugin v28.4 - https:\/\/yoast.com\/product\/yoast-seo-wordpress\/ -->\n<title>Giornata mondiale della pace 2027: Papa Leone XIV invita a disarmare la tecnica<\/title>\n<meta name=\"description\" content=\"apa Leone XIV annuncia il tema per la Giornata mondiale della pace 2027: disarmare la tecnica per servire la pace e tutelare l&#039;umanit\u00e0.\" \/>\n<meta name=\"robots\" content=\"index, follow, max-snippet:-1, max-image-preview:large, max-video-preview:-1\" \/>\n<link rel=\"canonical\" href=\"https:\/\/spaziospadoni.org\/it\/giornata-mondiale-della-pace-2027-il-messaggio-del-papa\/\" \/>\n<meta property=\"og:locale\" content=\"it_IT\" \/>\n<meta property=\"og:type\" content=\"article\" \/>\n<meta property=\"og:title\" content=\"Giornata mondiale della pace 2027: Papa Leone XIV invita a disarmare la tecnica\" \/>\n<meta property=\"og:description\" content=\"apa Leone XIV annuncia il tema per la Giornata mondiale della pace 2027: disarmare la tecnica per servire la pace e tutelare l&#039;umanit\u00e0.\" \/>\n<meta property=\"og:url\" content=\"https:\/\/spaziospadoni.org\/it\/giornata-mondiale-della-pace-2027-il-messaggio-del-papa\/\" \/>\n<meta property=\"og:site_name\" content=\"spazio + spadoni\" \/>\n<meta property=\"article:publisher\" content=\"https:\/\/www.facebook.com\/SpazioSpadoni\/\" \/>\n<meta property=\"article:published_time\" content=\"2026-09-05T16:05:00+00:00\" \/>\n<meta property=\"og:image\" content=\"https:\/\/spaziospadoni.org\/wp-content\/uploads\/2026\/08\/messaggio-pace-papa-1.webp\" \/>\n\t<meta property=\"og:image:width\" content=\"1200\" \/>\n\t<meta property=\"og:image:height\" content=\"800\" \/>\n\t<meta property=\"og:image:type\" content=\"image\/webp\" \/>\n<meta name=\"author\" content=\"Maria Lucia Ercole\" \/>\n<meta name=\"twitter:card\" content=\"summary_large_image\" \/>\n<meta name=\"twitter:label1\" content=\"Scritto da\" \/>\n\t<meta name=\"twitter:data1\" content=\"Maria Lucia Ercole\" \/>\n\t<meta name=\"twitter:label2\" content=\"Tempo di lettura stimato\" \/>\n\t<meta name=\"twitter:data2\" content=\"1 minuto\" \/>\n<script type=\"application\/ld+json\" class=\"yoast-schema-graph\">{\"@context\":\"https:\\\/\\\/schema.org\",\"@graph\":[{\"@type\":\"Article\",\"@id\":\"https:\\\/\\\/spaziospadoni.org\\\/it\\\/giornata-mondiale-della-pace-2027-il-messaggio-del-papa\\\/#article\",\"isPartOf\":{\"@id\":\"https:\\\/\\\/spaziospadoni.org\\\/it\\\/giornata-mondiale-della-pace-2027-il-messaggio-del-papa\\\/\"},\"author\":{\"name\":\"Maria Lucia Ercole\",\"@id\":\"https:\\\/\\\/spaziospadoni.org\\\/it\\\/#\\\/schema\\\/person\\\/9cdee08a0f6e8328c0e19b713bde0426\"},\"headline\":\"Giornata mondiale della pace 2027: il messaggio del Papa\",\"datePublished\":\"2026-09-05T16:05:00+00:00\",\"mainEntityOfPage\":{\"@id\":\"https:\\\/\\\/spaziospadoni.org\\\/it\\\/giornata-mondiale-della-pace-2027-il-messaggio-del-papa\\\/\"},\"wordCount\":203,\"publisher\":{\"@id\":\"https:\\\/\\\/spaziospadoni.org\\\/it\\\/#organization\"},\"image\":{\"@id\":\"https:\\\/\\\/spaziospadoni.org\\\/it\\\/giornata-mondiale-della-pace-2027-il-messaggio-del-papa\\\/#primaryimage\"},\"thumbnailUrl\":\"https:\\\/\\\/spaziospadoni.org\\\/wp-content\\\/uploads\\\/2026\\\/08\\\/messaggio-pace-papa-1.webp\",\"keywords\":[\"Chiesa Cattolica\",\"messaggio\",\"Pace\",\"papa Leone XIV\"],\"articleSection\":[\"La Chiesa che Ispira\"],\"inLanguage\":\"it-IT\"},{\"@type\":\"WebPage\",\"@id\":\"https:\\\/\\\/spaziospadoni.org\\\/it\\\/giornata-mondiale-della-pace-2027-il-messaggio-del-papa\\\/\",\"url\":\"https:\\\/\\\/spaziospadoni.org\\\/it\\\/giornata-mondiale-della-pace-2027-il-messaggio-del-papa\\\/\",\"name\":\"Giornata mondiale della pace 2027: Papa Leone XIV invita a disarmare la tecnica\",\"isPartOf\":{\"@id\":\"https:\\\/\\\/spaziospadoni.org\\\/it\\\/#website\"},\"primaryImageOfPage\":{\"@id\":\"https:\\\/\\\/spaziospadoni.org\\\/it\\\/giornata-mondiale-della-pace-2027-il-messaggio-del-papa\\\/#primaryimage\"},\"image\":{\"@id\":\"https:\\\/\\\/spaziospadoni.org\\\/it\\\/giornata-mondiale-della-pace-2027-il-messaggio-del-papa\\\/#primaryimage\"},\"thumbnailUrl\":\"https:\\\/\\\/spaziospadoni.org\\\/wp-content\\\/uploads\\\/2026\\\/08\\\/messaggio-pace-papa-1.webp\",\"datePublished\":\"2026-09-05T16:05:00+00:00\",\"description\":\"apa Leone XIV annuncia il tema per la Giornata mondiale della pace 2027: disarmare la tecnica per servire la pace e tutelare l'umanit\u00e0.\",\"breadcrumb\":{\"@id\":\"https:\\\/\\\/spaziospadoni.org\\\/it\\\/giornata-mondiale-della-pace-2027-il-messaggio-del-papa\\\/#breadcrumb\"},\"inLanguage\":\"it-IT\",\"potentialAction\":[{\"@type\":\"ReadAction\",\"target\":[\"https:\\\/\\\/spaziospadoni.org\\\/it\\\/giornata-mondiale-della-pace-2027-il-messaggio-del-papa\\\/\"]}]},{\"@type\":\"ImageObject\",\"inLanguage\":\"it-IT\",\"@id\":\"https:\\\/\\\/spaziospadoni.org\\\/it\\\/giornata-mondiale-della-pace-2027-il-messaggio-del-papa\\\/#primaryimage\",\"url\":\"https:\\\/\\\/spaziospadoni.org\\\/wp-content\\\/uploads\\\/2026\\\/08\\\/messaggio-pace-papa-1.webp\",\"contentUrl\":\"https:\\\/\\\/spaziospadoni.org\\\/wp-content\\\/uploads\\\/2026\\\/08\\\/messaggio-pace-papa-1.webp\",\"width\":1200,\"height\":800},{\"@type\":\"BreadcrumbList\",\"@id\":\"https:\\\/\\\/spaziospadoni.org\\\/it\\\/giornata-mondiale-della-pace-2027-il-messaggio-del-papa\\\/#breadcrumb\",\"itemListElement\":[{\"@type\":\"ListItem\",\"position\":1,\"name\":\"Home\",\"item\":\"https:\\\/\\\/spaziospadoni.org\\\/it\\\/\"},{\"@type\":\"ListItem\",\"position\":2,\"name\":\"Giornata mondiale della pace 2027: il messaggio del Papa\"}]},{\"@type\":\"WebSite\",\"@id\":\"https:\\\/\\\/spaziospadoni.org\\\/it\\\/#website\",\"url\":\"https:\\\/\\\/spaziospadoni.org\\\/it\\\/\",\"name\":\"spazio + spadoni\",\"description\":\"Generazione di misericordia e missione nel mondo\",\"publisher\":{\"@id\":\"https:\\\/\\\/spaziospadoni.org\\\/it\\\/#organization\"},\"alternateName\":\"spaziospadoni.org\",\"potentialAction\":[{\"@type\":\"SearchAction\",\"target\":{\"@type\":\"EntryPoint\",\"urlTemplate\":\"https:\\\/\\\/spaziospadoni.org\\\/it\\\/?s={search_term_string}\"},\"query-input\":{\"@type\":\"PropertyValueSpecification\",\"valueRequired\":true,\"valueName\":\"search_term_string\"}}],\"inLanguage\":\"it-IT\"},{\"@type\":\"Organization\",\"@id\":\"https:\\\/\\\/spaziospadoni.org\\\/it\\\/#organization\",\"name\":\"spazio + spadoni\",\"alternateName\":\"spaziospadoni.org\",\"url\":\"https:\\\/\\\/spaziospadoni.org\\\/it\\\/\",\"logo\":{\"@type\":\"ImageObject\",\"inLanguage\":\"it-IT\",\"@id\":\"https:\\\/\\\/spaziospadoni.org\\\/it\\\/#\\\/schema\\\/logo\\\/image\\\/\",\"url\":\"https:\\\/\\\/spaziospadoni.org\\\/wp-content\\\/uploads\\\/2026\\\/05\\\/spazio-spadoni-logo-100x100-1.webp\",\"contentUrl\":\"https:\\\/\\\/spaziospadoni.org\\\/wp-content\\\/uploads\\\/2026\\\/05\\\/spazio-spadoni-logo-100x100-1.webp\",\"width\":100,\"height\":100,\"caption\":\"spazio + spadoni\"},\"image\":{\"@id\":\"https:\\\/\\\/spaziospadoni.org\\\/it\\\/#\\\/schema\\\/logo\\\/image\\\/\"},\"sameAs\":[\"https:\\\/\\\/www.facebook.com\\\/SpazioSpadoni\\\/\",\"https:\\\/\\\/www.instagram.com\\\/spaziospadoni\\\/\",\"https:\\\/\\\/www.youtube.com\\\/@spaziospadoni\\\/playlists\"]},{\"@type\":\"Person\",\"@id\":\"https:\\\/\\\/spaziospadoni.org\\\/it\\\/#\\\/schema\\\/person\\\/9cdee08a0f6e8328c0e19b713bde0426\",\"name\":\"Maria Lucia Ercole\",\"image\":{\"@type\":\"ImageObject\",\"inLanguage\":\"it-IT\",\"@id\":\"https:\\\/\\\/secure.gravatar.com\\\/avatar\\\/880bbdf4c968635b20266eac4e46e8196a6dde9230c4927c12757a6c430e6e3d?s=96&d=mm&r=g\",\"url\":\"https:\\\/\\\/secure.gravatar.com\\\/avatar\\\/880bbdf4c968635b20266eac4e46e8196a6dde9230c4927c12757a6c430e6e3d?s=96&d=mm&r=g\",\"contentUrl\":\"https:\\\/\\\/secure.gravatar.com\\\/avatar\\\/880bbdf4c968635b20266eac4e46e8196a6dde9230c4927c12757a6c430e6e3d?s=96&d=mm&r=g\",\"caption\":\"Maria Lucia Ercole\"},\"description\":\"Laureata in Economia e Scienze della Formazione ho insegnato in diversi istituti superiori di Torino. Attualmente si dedica al volontariato a 360\u00b0 sia in ambito parrocchiale che in ambito didattico, insegnando Italiano L2 a migranti. Dall\u2019ottobre 2021 scrive la newsletter \u201c La Chiesa che ispira \u2013 Spazio di riflessione sulla Chiesa Cattolica, oggi \u201d ed \u00e8 impegnata sul fronte delle campagne nazionali \u201cStop smartphone e social sotto i 14 e 16 anni\u201d.\",\"url\":\"https:\\\/\\\/spaziospadoni.org\\\/it\\\/author\\\/ercolemission\\\/\"}]}<\/script>\n<!-- \/ Yoast SEO plugin. -->","yoast_head_json":{"title":"Giornata mondiale della pace 2027: Papa Leone XIV invita a disarmare la tecnica","description":"apa Leone XIV annuncia il tema per la Giornata mondiale della pace 2027: disarmare la tecnica per servire la pace e tutelare l'umanit\u00e0.","robots":{"index":"index","follow":"follow","max-snippet":"max-snippet:-1","max-image-preview":"max-image-preview:large","max-video-preview":"max-video-preview:-1"},"canonical":"https:\/\/spaziospadoni.org\/it\/giornata-mondiale-della-pace-2027-il-messaggio-del-papa\/","og_locale":"it_IT","og_type":"article","og_title":"Giornata mondiale della pace 2027: Papa Leone XIV invita a disarmare la tecnica","og_description":"apa Leone XIV annuncia il tema per la Giornata mondiale della pace 2027: disarmare la tecnica per servire la pace e tutelare l'umanit\u00e0.","og_url":"https:\/\/spaziospadoni.org\/it\/giornata-mondiale-della-pace-2027-il-messaggio-del-papa\/","og_site_name":"spazio + spadoni","article_publisher":"https:\/\/www.facebook.com\/SpazioSpadoni\/","article_published_time":"2026-09-05T16:05:00+00:00","og_image":[{"width":1200,"height":800,"url":"https:\/\/spaziospadoni.org\/wp-content\/uploads\/2026\/08\/messaggio-pace-papa-1.webp","type":"image\/webp"}],"author":"Maria Lucia Ercole","twitter_card":"summary_large_image","twitter_misc":{"Scritto da":"Maria Lucia Ercole","Tempo di lettura stimato":"1 minuto"},"schema":{"@context":"https:\/\/schema.org","@graph":[{"@type":"Article","@id":"https:\/\/spaziospadoni.org\/it\/giornata-mondiale-della-pace-2027-il-messaggio-del-papa\/#article","isPartOf":{"@id":"https:\/\/spaziospadoni.org\/it\/giornata-mondiale-della-pace-2027-il-messaggio-del-papa\/"},"author":{"name":"Maria Lucia Ercole","@id":"https:\/\/spaziospadoni.org\/it\/#\/schema\/person\/9cdee08a0f6e8328c0e19b713bde0426"},"headline":"Giornata mondiale della pace 2027: il messaggio del Papa","datePublished":"2026-09-05T16:05:00+00:00","mainEntityOfPage":{"@id":"https:\/\/spaziospadoni.org\/it\/giornata-mondiale-della-pace-2027-il-messaggio-del-papa\/"},"wordCount":203,"publisher":{"@id":"https:\/\/spaziospadoni.org\/it\/#organization"},"image":{"@id":"https:\/\/spaziospadoni.org\/it\/giornata-mondiale-della-pace-2027-il-messaggio-del-papa\/#primaryimage"},"thumbnailUrl":"https:\/\/spaziospadoni.org\/wp-content\/uploads\/2026\/08\/messaggio-pace-papa-1.webp","keywords":["Chiesa Cattolica","messaggio","Pace","papa Leone XIV"],"articleSection":["La Chiesa che Ispira"],"inLanguage":"it-IT"},{"@type":"WebPage","@id":"https:\/\/spaziospadoni.org\/it\/giornata-mondiale-della-pace-2027-il-messaggio-del-papa\/","url":"https:\/\/spaziospadoni.org\/it\/giornata-mondiale-della-pace-2027-il-messaggio-del-papa\/","name":"Giornata mondiale della pace 2027: Papa Leone XIV invita a disarmare la tecnica","isPartOf":{"@id":"https:\/\/spaziospadoni.org\/it\/#website"},"primaryImageOfPage":{"@id":"https:\/\/spaziospadoni.org\/it\/giornata-mondiale-della-pace-2027-il-messaggio-del-papa\/#primaryimage"},"image":{"@id":"https:\/\/spaziospadoni.org\/it\/giornata-mondiale-della-pace-2027-il-messaggio-del-papa\/#primaryimage"},"thumbnailUrl":"https:\/\/spaziospadoni.org\/wp-content\/uploads\/2026\/08\/messaggio-pace-papa-1.webp","datePublished":"2026-09-05T16:05:00+00:00","description":"apa Leone XIV annuncia il tema per la Giornata mondiale della pace 2027: disarmare la tecnica per servire la pace e tutelare l'umanit\u00e0.","breadcrumb":{"@id":"https:\/\/spaziospadoni.org\/it\/giornata-mondiale-della-pace-2027-il-messaggio-del-papa\/#breadcrumb"},"inLanguage":"it-IT","potentialAction":[{"@type":"ReadAction","target":["https:\/\/spaziospadoni.org\/it\/giornata-mondiale-della-pace-2027-il-messaggio-del-papa\/"]}]},{"@type":"ImageObject","inLanguage":"it-IT","@id":"https:\/\/spaziospadoni.org\/it\/giornata-mondiale-della-pace-2027-il-messaggio-del-papa\/#primaryimage","url":"https:\/\/spaziospadoni.org\/wp-content\/uploads\/2026\/08\/messaggio-pace-papa-1.webp","contentUrl":"https:\/\/spaziospadoni.org\/wp-content\/uploads\/2026\/08\/messaggio-pace-papa-1.webp","width":1200,"height":800},{"@type":"BreadcrumbList","@id":"https:\/\/spaziospadoni.org\/it\/giornata-mondiale-della-pace-2027-il-messaggio-del-papa\/#breadcrumb","itemListElement":[{"@type":"ListItem","position":1,"name":"Home","item":"https:\/\/spaziospadoni.org\/it\/"},{"@type":"ListItem","position":2,"name":"Giornata mondiale della pace 2027: il messaggio del Papa"}]},{"@type":"WebSite","@id":"https:\/\/spaziospadoni.org\/it\/#website","url":"https:\/\/spaziospadoni.org\/it\/","name":"spazio + spadoni","description":"Generazione di misericordia e missione nel mondo","publisher":{"@id":"https:\/\/spaziospadoni.org\/it\/#organization"},"alternateName":"spaziospadoni.org","potentialAction":[{"@type":"SearchAction","target":{"@type":"EntryPoint","urlTemplate":"https:\/\/spaziospadoni.org\/it\/?s={search_term_string}"},"query-input":{"@type":"PropertyValueSpecification","valueRequired":true,"valueName":"search_term_string"}}],"inLanguage":"it-IT"},{"@type":"Organization","@id":"https:\/\/spaziospadoni.org\/it\/#organization","name":"spazio + spadoni","alternateName":"spaziospadoni.org","url":"https:\/\/spaziospadoni.org\/it\/","logo":{"@type":"ImageObject","inLanguage":"it-IT","@id":"https:\/\/spaziospadoni.org\/it\/#\/schema\/logo\/image\/","url":"https:\/\/spaziospadoni.org\/wp-content\/uploads\/2026\/05\/spazio-spadoni-logo-100x100-1.webp","contentUrl":"https:\/\/spaziospadoni.org\/wp-content\/uploads\/2026\/05\/spazio-spadoni-logo-100x100-1.webp","width":100,"height":100,"caption":"spazio + spadoni"},"image":{"@id":"https:\/\/spaziospadoni.org\/it\/#\/schema\/logo\/image\/"},"sameAs":["https:\/\/www.facebook.com\/SpazioSpadoni\/","https:\/\/www.instagram.com\/spaziospadoni\/","https:\/\/www.youtube.com\/@spaziospadoni\/playlists"]},{"@type":"Person","@id":"https:\/\/spaziospadoni.org\/it\/#\/schema\/person\/9cdee08a0f6e8328c0e19b713bde0426","name":"Maria Lucia Ercole","image":{"@type":"ImageObject","inLanguage":"it-IT","@id":"https:\/\/secure.gravatar.com\/avatar\/880bbdf4c968635b20266eac4e46e8196a6dde9230c4927c12757a6c430e6e3d?s=96&d=mm&r=g","url":"https:\/\/secure.gravatar.com\/avatar\/880bbdf4c968635b20266eac4e46e8196a6dde9230c4927c12757a6c430e6e3d?s=96&d=mm&r=g","contentUrl":"https:\/\/secure.gravatar.com\/avatar\/880bbdf4c968635b20266eac4e46e8196a6dde9230c4927c12757a6c430e6e3d?s=96&d=mm&r=g","caption":"Maria Lucia Ercole"},"description":"Laureata in Economia e Scienze della Formazione ho insegnato in diversi istituti superiori di Torino. Attualmente si dedica al volontariato a 360\u00b0 sia in ambito parrocchiale che in ambito didattico, insegnando Italiano L2 a migranti. Dall\u2019ottobre 2021 scrive la newsletter \u201c La Chiesa che ispira \u2013 Spazio di riflessione sulla Chiesa Cattolica, oggi \u201d ed \u00e8 impegnata sul fronte delle campagne nazionali \u201cStop smartphone e social sotto i 14 e 16 anni\u201d.","url":"https:\/\/spaziospadoni.org\/it\/author\/ercolemission\/"}]}},"_links":{"self":[{"href":"https:\/\/spaziospadoni.org\/it\/wp-json\/wp\/v2\/posts\/94949","targetHints":{"allow":["GET"]}}],"collection":[{"href":"https:\/\/spaziospadoni.org\/it\/wp-json\/wp\/v2\/posts"}],"about":[{"href":"https:\/\/spaziospadoni.org\/it\/wp-json\/wp\/v2\/types\/post"}],"author":[{"embeddable":true,"href":"https:\/\/spaziospadoni.org\/it\/wp-json\/wp\/v2\/users\/13"}],"replies":[{"embeddable":true,"href":"https:\/\/spaziospadoni.org\/it\/wp-json\/wp\/v2\/comments?post=94949"}],"version-history":[{"count":1,"href":"https:\/\/spaziospadoni.org\/it\/wp-json\/wp\/v2\/posts\/94949\/revisions"}],"predecessor-version":[{"id":94951,"href":"https:\/\/spaziospadoni.org\/it\/wp-json\/wp\/v2\/posts\/94949\/revisions\/94951"}],"wp:featuredmedia":[{"embeddable":true,"href":"https:\/\/spaziospadoni.org\/it\/wp-json\/wp\/v2\/media\/94950"}],"wp:attachment":[{"href":"https:\/\/spaziospadoni.org\/it\/wp-json\/wp\/v2\/media?parent=94949"}],"wp:term":[{"taxonomy":"category","embeddable":true,"href":"https:\/\/spaziospadoni.org\/it\/wp-json\/wp\/v2\/categories?post=94949"},{"taxonomy":"post_tag","embeddable":true,"href":"https:\/\/spaziospadoni.org\/it\/wp-json\/wp\/v2\/tags?post=94949"}],"curies":[{"name":"wp","href":"https:\/\/api.w.org\/{rel}","templated":true}]}}