{"id":94958,"date":"2026-09-02T17:40:00","date_gmt":"2026-09-02T16:40:00","guid":{"rendered":"https:\/\/spaziospadoni.org\/?p=94958"},"modified":"2026-09-01T18:31:41","modified_gmt":"2026-09-01T17:31:41","slug":"italia-il-festival-di-otranto-limportanza-di-comunicare-verita-e-solidarieta","status":"publish","type":"post","link":"https:\/\/spaziospadoni.org\/it\/italia-il-festival-di-otranto-limportanza-di-comunicare-verita-e-solidarieta\/","title":{"rendered":"Italia, il Festival di Otranto | L&#8217;importanza di comunicare verit\u00e0 e solidariet\u00e0"},"content":{"rendered":"\n<p class=\"wp-block-paragraph\">Nel panorama geopolitico attuale, segnato da conflitti e continue trasformazioni sociali, la comunicazione riveste un ruolo strategico fondamentale. <\/p>\n\n\n\n<pre class=\"wp-block-verse\"><em><strong>L'esperienza del Festival dei Giornalisti del Mediterraneo di Otranto, ideato da Tommaso Forte, evidenzia come il racconto dei fatti non sia una semplice <\/strong><\/em><strong><em>trasmissione di dati, ma un presidio essenziale di democrazia e coesione civile. <\/em><\/strong><\/pre>\n\n\n\n<p class=\"wp-block-paragraph\">Riscoprire il valore autentico del <strong>comunicare<\/strong> significa contrastare la polarizzazione e creare canali stabili di confronto tra culture diverse.<\/p>\n\n\n\n<h2 id=\"il-ruolo-dellinformazione-nello-scenario-mediterraneo\" class=\"wp-block-heading\">Il ruolo dell&#8217;informazione nello scenario mediterraneo<\/h2>\n\n\n\n<p class=\"wp-block-paragraph\">La citt\u00e0 di Otranto, storicamente considerata una \u00abporta d&#8217;Oriente\u00bb, rappresenta un punto di osservazione privilegiato sulle dinamiche che attraversano il bacino mediterraneo. <\/p>\n\n\n\n<p class=\"wp-block-paragraph\">In questo contesto, gli operatori dell&#8217;informazione affrontano sfide complesse: dalla gestione dei flussi migratori alle tensioni internazionali, fino all&#8217;impatto della disinformazione digitale. <\/p>\n\n\n\n<p class=\"wp-block-paragraph\">Comunicare in modo responsabile richiede un <strong>approccio rigoroso, fondato sulla verifica delle fonti e sulla ricerca della verit\u00e0<\/strong>. L&#8217;etimologia stessa del termine richiama il concetto di \u00abmettere in comune\u00bb, trasformando la notizia in uno strumento di servizio per la collettivit\u00e0. <\/p>\n\n\n\n<p class=\"wp-block-paragraph\">Quando la cronaca supera la logica del sensazionalismo, diventa capace di d<strong>are visibilit\u00e0 a realt\u00e0 marginali <\/strong>e questioni sociali spesso trascurate dai grandi circuiti mediatici.<\/p>\n\n\n\n<h2 id=\"raccontare-la-realta-tra-ascolto-ed-etica-professionale\" class=\"wp-block-heading\">Raccontare la realt\u00e0 tra ascolto ed etica professionale<\/h2>\n\n\n\n<p class=\"wp-block-paragraph\">L&#8217;ecosistema digitale contemporaneo \u00e8 caratterizzato da una produzione continua di contenuti e da algoritmi che premiano la rapidit\u00e0 a scapito dell&#8217;approfondimento. In questo scenario, il giornalismo d&#8217;inchiesta e la narrazione sociale assumono una rilevanza ancora pi\u00f9 incisiva. <\/p>\n\n\n\n<p class=\"wp-block-paragraph\">Raccogliere testimonianze dirette sul campo, verificare i fatti e analizzare le cause profonde dei fenomeni richiede tempo, competenza e indipendenza. Le iniziative promosse da spazio + spadoni confermano quanto una corretta diffusione delle notizie legate alla <strong>solidariet\u00e0<\/strong> e all&#8217;innovazione sociale possa generare consapevolezza e mobilitazione civica. <\/p>\n\n\n\n<p class=\"wp-block-paragraph\">Dare spazio a progetti di sviluppo, cooperazione internazionale e riscatto comunitario permette di offrire una rappresentazione equilibrata e costruttiva della realt\u00e0.<\/p>\n\n\n\n<h2 id=\"verso-una-cultura-della-cooperazione-e-della-trasparenza\" class=\"wp-block-heading\">Verso una cultura della cooperazione e della trasparenza<\/h2>\n\n\n\n<p class=\"wp-block-paragraph\">La responsabilit\u00e0 comunicativa coinvolge non soltanto i professionisti dei media, ma l&#8217;intera societ\u00e0 civile. <\/p>\n\n\n\n<p class=\"wp-block-paragraph\">Scegliere un linguaggio accurato, privo di ostilit\u00e0 e attento alla dignit\u00e0 delle persone, costituisce un presupposto indispensabile per<strong> favorire il dialogo<\/strong> istituzionale e la risoluzione pacifica delle controversie. <\/p>\n\n\n\n<p class=\"wp-block-paragraph\">Nel quadro delle opere di misericordia spirituale, azioni come consigliare, informare e istruire trovano una declinazione moderna nell&#8217;accesso equo alla conoscenza. Strutturare una rete informativa trasparente e accessibile \u00e8 il primo passo per trasformare il Mediterraneo in un&#8217;area di cooperazione stabile e progresso condiviso.<\/p>\n\n\n\n<p class=\"wp-block-paragraph\"><strong>Immagine creata digitalmente da spazio + spadoni<\/strong><\/p>\n\n\n\n<p class=\"wp-block-paragraph\"><strong>Fonte: <\/strong><a href=\"https:\/\/www.vaticannews.va\/it\/mondo\/news\/2026-09\/otranto-festival-giornalisti-mediterraneo-2026-intervista-forte.html\" target=\"_blank\" rel=\"noreferrer noopener nofollow\" title=\"Vatican News\">Vatican News<\/a><\/p>\n\n\n\n<p class=\"wp-block-paragraph\"><\/p>\n","protected":false},"excerpt":{"rendered":"<p>Nel panorama geopolitico attuale, segnato da conflitti e continue trasformazioni sociali, la comunicazione riveste un ruolo strategico fondamentale. L&#8217;esperienza del Festival dei Giornalisti del Mediterraneo di Otranto, ideato da Tommaso Forte, evidenzia come il racconto dei fatti non sia una semplice trasmissione di dati, ma un presidio essenziale di democrazia e coesione civile. Riscoprire il &#8230; <a title=\"Italia, il Festival di Otranto | L&#8217;importanza di comunicare verit\u00e0 e solidariet\u00e0\" class=\"read-more\" href=\"https:\/\/spaziospadoni.org\/it\/italia-il-festival-di-otranto-limportanza-di-comunicare-verita-e-solidarieta\/\" aria-label=\"Per saperne di pi\u00f9 su Italia, il Festival di Otranto | L&#8217;importanza di comunicare verit\u00e0 e solidariet\u00e0\">Leggi tutto<\/a><\/p>\n","protected":false},"author":39,"featured_media":94959,"comment_status":"closed","ping_status":"closed","sticky":false,"template":"","format":"standard","meta":{"_sitemap_exclude":false,"_sitemap_priority":"","_sitemap_frequency":"","ss_featured_image_title":"","ss_featured_image_alt":"Il Festival dei Giornalisti del Mediterraneo a Otranto","ss_featured_image_caption":"Il Festival dei Giornalisti del Mediterraneo, compie 18 anni. Quest'anno, si terr\u00e0 dal primo al 4 settembre.","footnotes":""},"categories":[60],"tags":[637,290,421],"class_list":["post-94958","post","type-post","status-publish","format-standard","has-post-thumbnail","hentry","category-notizie-dal-mondo","tag-comunicazione","tag-giornalismo","tag-mediterraneo","infinite-scroll-item","generate-columns","tablet-grid-50","mobile-grid-100","grid-parent","grid-50"],"yoast_head":"<!-- This site is optimized with the Yoast SEO plugin v28.4 - https:\/\/yoast.com\/product\/yoast-seo-wordpress\/ -->\n<title>Italia, il Festival di Otranto | L&#039;importanza di comunicare verit\u00e0 e solidariet\u00e0<\/title>\n<meta name=\"description\" content=\"Nel panorama geopolitico attuale, segnato da conflitti e continue trasformazioni sociali, la comunicazione riveste un ruolo strategico fondamentale.\" \/>\n<meta name=\"robots\" content=\"index, follow, max-snippet:-1, max-image-preview:large, max-video-preview:-1\" \/>\n<link rel=\"canonical\" href=\"https:\/\/spaziospadoni.org\/it\/italia-il-festival-di-otranto-limportanza-di-comunicare-verita-e-solidarieta\/\" \/>\n<meta property=\"og:locale\" content=\"it_IT\" \/>\n<meta property=\"og:type\" content=\"article\" \/>\n<meta property=\"og:title\" content=\"Italia, il Festival di Otranto | L&#039;importanza di comunicare verit\u00e0 e solidariet\u00e0\" \/>\n<meta property=\"og:description\" content=\"Nel panorama geopolitico attuale, segnato da conflitti e continue trasformazioni sociali, la comunicazione riveste un ruolo strategico fondamentale.\" \/>\n<meta property=\"og:url\" content=\"https:\/\/spaziospadoni.org\/it\/italia-il-festival-di-otranto-limportanza-di-comunicare-verita-e-solidarieta\/\" \/>\n<meta property=\"og:site_name\" content=\"spazio + spadoni\" \/>\n<meta property=\"article:publisher\" content=\"https:\/\/www.facebook.com\/SpazioSpadoni\/\" \/>\n<meta property=\"article:published_time\" content=\"2026-09-02T16:40:00+00:00\" \/>\n<meta property=\"og:image\" content=\"https:\/\/spaziospadoni.org\/wp-content\/uploads\/2026\/09\/otranto-festival-mediterraneo.webp\" \/>\n\t<meta property=\"og:image:width\" content=\"1192\" \/>\n\t<meta property=\"og:image:height\" content=\"800\" \/>\n\t<meta property=\"og:image:type\" content=\"image\/webp\" \/>\n<meta name=\"author\" content=\"Redazione\" \/>\n<meta name=\"twitter:card\" content=\"summary_large_image\" \/>\n<meta name=\"twitter:label1\" content=\"Scritto da\" \/>\n\t<meta name=\"twitter:data1\" content=\"Redazione\" \/>\n\t<meta name=\"twitter:label2\" content=\"Tempo di lettura stimato\" \/>\n\t<meta name=\"twitter:data2\" content=\"3 minuti\" \/>\n<script type=\"application\/ld+json\" class=\"yoast-schema-graph\">{\"@context\":\"https:\\\/\\\/schema.org\",\"@graph\":[{\"@type\":\"Article\",\"@id\":\"https:\\\/\\\/spaziospadoni.org\\\/it\\\/italia-il-festival-di-otranto-limportanza-di-comunicare-verita-e-solidarieta\\\/#article\",\"isPartOf\":{\"@id\":\"https:\\\/\\\/spaziospadoni.org\\\/it\\\/italia-il-festival-di-otranto-limportanza-di-comunicare-verita-e-solidarieta\\\/\"},\"author\":{\"name\":\"Redazione\",\"@id\":\"https:\\\/\\\/spaziospadoni.org\\\/it\\\/#\\\/schema\\\/person\\\/411d7e71b4962bebf7ac6c70acc9a7bc\"},\"headline\":\"Italia, il Festival di Otranto | L&#8217;importanza di comunicare verit\u00e0 e solidariet\u00e0\",\"datePublished\":\"2026-09-02T16:40:00+00:00\",\"mainEntityOfPage\":{\"@id\":\"https:\\\/\\\/spaziospadoni.org\\\/it\\\/italia-il-festival-di-otranto-limportanza-di-comunicare-verita-e-solidarieta\\\/\"},\"wordCount\":388,\"publisher\":{\"@id\":\"https:\\\/\\\/spaziospadoni.org\\\/it\\\/#organization\"},\"image\":{\"@id\":\"https:\\\/\\\/spaziospadoni.org\\\/it\\\/italia-il-festival-di-otranto-limportanza-di-comunicare-verita-e-solidarieta\\\/#primaryimage\"},\"thumbnailUrl\":\"https:\\\/\\\/spaziospadoni.org\\\/wp-content\\\/uploads\\\/2026\\\/09\\\/otranto-festival-mediterraneo.webp\",\"keywords\":[\"Comunicazione\",\"Giornalismo\",\"Mediterraneo\"],\"articleSection\":[\"Notizie dal Mondo\"],\"inLanguage\":\"it-IT\"},{\"@type\":\"WebPage\",\"@id\":\"https:\\\/\\\/spaziospadoni.org\\\/it\\\/italia-il-festival-di-otranto-limportanza-di-comunicare-verita-e-solidarieta\\\/\",\"url\":\"https:\\\/\\\/spaziospadoni.org\\\/it\\\/italia-il-festival-di-otranto-limportanza-di-comunicare-verita-e-solidarieta\\\/\",\"name\":\"Italia, il Festival di Otranto | L'importanza di comunicare verit\u00e0 e solidariet\u00e0\",\"isPartOf\":{\"@id\":\"https:\\\/\\\/spaziospadoni.org\\\/it\\\/#website\"},\"primaryImageOfPage\":{\"@id\":\"https:\\\/\\\/spaziospadoni.org\\\/it\\\/italia-il-festival-di-otranto-limportanza-di-comunicare-verita-e-solidarieta\\\/#primaryimage\"},\"image\":{\"@id\":\"https:\\\/\\\/spaziospadoni.org\\\/it\\\/italia-il-festival-di-otranto-limportanza-di-comunicare-verita-e-solidarieta\\\/#primaryimage\"},\"thumbnailUrl\":\"https:\\\/\\\/spaziospadoni.org\\\/wp-content\\\/uploads\\\/2026\\\/09\\\/otranto-festival-mediterraneo.webp\",\"datePublished\":\"2026-09-02T16:40:00+00:00\",\"description\":\"Nel panorama geopolitico attuale, segnato da conflitti e continue trasformazioni sociali, la comunicazione riveste un ruolo strategico fondamentale.\",\"breadcrumb\":{\"@id\":\"https:\\\/\\\/spaziospadoni.org\\\/it\\\/italia-il-festival-di-otranto-limportanza-di-comunicare-verita-e-solidarieta\\\/#breadcrumb\"},\"inLanguage\":\"it-IT\",\"potentialAction\":[{\"@type\":\"ReadAction\",\"target\":[\"https:\\\/\\\/spaziospadoni.org\\\/it\\\/italia-il-festival-di-otranto-limportanza-di-comunicare-verita-e-solidarieta\\\/\"]}]},{\"@type\":\"ImageObject\",\"inLanguage\":\"it-IT\",\"@id\":\"https:\\\/\\\/spaziospadoni.org\\\/it\\\/italia-il-festival-di-otranto-limportanza-di-comunicare-verita-e-solidarieta\\\/#primaryimage\",\"url\":\"https:\\\/\\\/spaziospadoni.org\\\/wp-content\\\/uploads\\\/2026\\\/09\\\/otranto-festival-mediterraneo.webp\",\"contentUrl\":\"https:\\\/\\\/spaziospadoni.org\\\/wp-content\\\/uploads\\\/2026\\\/09\\\/otranto-festival-mediterraneo.webp\",\"width\":1192,\"height\":800,\"caption\":\"Il Festival dei Giornalisti del Mediterraneo, compie 18 anni. Quest'anno, si terr\u00e0 dal primo al 4 settembre.\"},{\"@type\":\"BreadcrumbList\",\"@id\":\"https:\\\/\\\/spaziospadoni.org\\\/it\\\/italia-il-festival-di-otranto-limportanza-di-comunicare-verita-e-solidarieta\\\/#breadcrumb\",\"itemListElement\":[{\"@type\":\"ListItem\",\"position\":1,\"name\":\"Home\",\"item\":\"https:\\\/\\\/spaziospadoni.org\\\/it\\\/\"},{\"@type\":\"ListItem\",\"position\":2,\"name\":\"Italia, il Festival di Otranto | L&#8217;importanza di comunicare verit\u00e0 e solidariet\u00e0\"}]},{\"@type\":\"WebSite\",\"@id\":\"https:\\\/\\\/spaziospadoni.org\\\/it\\\/#website\",\"url\":\"https:\\\/\\\/spaziospadoni.org\\\/it\\\/\",\"name\":\"spazio + spadoni\",\"description\":\"Generazione di misericordia e missione nel mondo\",\"publisher\":{\"@id\":\"https:\\\/\\\/spaziospadoni.org\\\/it\\\/#organization\"},\"alternateName\":\"spaziospadoni.org\",\"potentialAction\":[{\"@type\":\"SearchAction\",\"target\":{\"@type\":\"EntryPoint\",\"urlTemplate\":\"https:\\\/\\\/spaziospadoni.org\\\/it\\\/?s={search_term_string}\"},\"query-input\":{\"@type\":\"PropertyValueSpecification\",\"valueRequired\":true,\"valueName\":\"search_term_string\"}}],\"inLanguage\":\"it-IT\"},{\"@type\":\"Organization\",\"@id\":\"https:\\\/\\\/spaziospadoni.org\\\/it\\\/#organization\",\"name\":\"spazio + spadoni\",\"alternateName\":\"spaziospadoni.org\",\"url\":\"https:\\\/\\\/spaziospadoni.org\\\/it\\\/\",\"logo\":{\"@type\":\"ImageObject\",\"inLanguage\":\"it-IT\",\"@id\":\"https:\\\/\\\/spaziospadoni.org\\\/it\\\/#\\\/schema\\\/logo\\\/image\\\/\",\"url\":\"https:\\\/\\\/spaziospadoni.org\\\/wp-content\\\/uploads\\\/2026\\\/05\\\/spazio-spadoni-logo-100x100-1.webp\",\"contentUrl\":\"https:\\\/\\\/spaziospadoni.org\\\/wp-content\\\/uploads\\\/2026\\\/05\\\/spazio-spadoni-logo-100x100-1.webp\",\"width\":100,\"height\":100,\"caption\":\"spazio + spadoni\"},\"image\":{\"@id\":\"https:\\\/\\\/spaziospadoni.org\\\/it\\\/#\\\/schema\\\/logo\\\/image\\\/\"},\"sameAs\":[\"https:\\\/\\\/www.facebook.com\\\/SpazioSpadoni\\\/\",\"https:\\\/\\\/www.instagram.com\\\/spaziospadoni\\\/\",\"https:\\\/\\\/www.youtube.com\\\/@spaziospadoni\\\/playlists\"]},{\"@type\":\"Person\",\"@id\":\"https:\\\/\\\/spaziospadoni.org\\\/it\\\/#\\\/schema\\\/person\\\/411d7e71b4962bebf7ac6c70acc9a7bc\",\"name\":\"Redazione\",\"image\":{\"@type\":\"ImageObject\",\"inLanguage\":\"it-IT\",\"@id\":\"https:\\\/\\\/secure.gravatar.com\\\/avatar\\\/2ba413b4dca69409b680ae806ab0dce8a38d5d2cc2123a96af7bbbee33a5742e?s=96&d=mm&r=g\",\"url\":\"https:\\\/\\\/secure.gravatar.com\\\/avatar\\\/2ba413b4dca69409b680ae806ab0dce8a38d5d2cc2123a96af7bbbee33a5742e?s=96&d=mm&r=g\",\"contentUrl\":\"https:\\\/\\\/secure.gravatar.com\\\/avatar\\\/2ba413b4dca69409b680ae806ab0dce8a38d5d2cc2123a96af7bbbee33a5742e?s=96&d=mm&r=g\",\"caption\":\"Redazione\"},\"url\":\"https:\\\/\\\/spaziospadoni.org\\\/it\\\/author\\\/redazione\\\/\"}]}<\/script>\n<!-- \/ Yoast SEO plugin. -->","yoast_head_json":{"title":"Italia, il Festival di Otranto | L'importanza di comunicare verit\u00e0 e solidariet\u00e0","description":"Nel panorama geopolitico attuale, segnato da conflitti e continue trasformazioni sociali, la comunicazione riveste un ruolo strategico fondamentale.","robots":{"index":"index","follow":"follow","max-snippet":"max-snippet:-1","max-image-preview":"max-image-preview:large","max-video-preview":"max-video-preview:-1"},"canonical":"https:\/\/spaziospadoni.org\/it\/italia-il-festival-di-otranto-limportanza-di-comunicare-verita-e-solidarieta\/","og_locale":"it_IT","og_type":"article","og_title":"Italia, il Festival di Otranto | L'importanza di comunicare verit\u00e0 e solidariet\u00e0","og_description":"Nel panorama geopolitico attuale, segnato da conflitti e continue trasformazioni sociali, la comunicazione riveste un ruolo strategico fondamentale.","og_url":"https:\/\/spaziospadoni.org\/it\/italia-il-festival-di-otranto-limportanza-di-comunicare-verita-e-solidarieta\/","og_site_name":"spazio + spadoni","article_publisher":"https:\/\/www.facebook.com\/SpazioSpadoni\/","article_published_time":"2026-09-02T16:40:00+00:00","og_image":[{"width":1192,"height":800,"url":"https:\/\/spaziospadoni.org\/wp-content\/uploads\/2026\/09\/otranto-festival-mediterraneo.webp","type":"image\/webp"}],"author":"Redazione","twitter_card":"summary_large_image","twitter_misc":{"Scritto da":"Redazione","Tempo di lettura stimato":"3 minuti"},"schema":{"@context":"https:\/\/schema.org","@graph":[{"@type":"Article","@id":"https:\/\/spaziospadoni.org\/it\/italia-il-festival-di-otranto-limportanza-di-comunicare-verita-e-solidarieta\/#article","isPartOf":{"@id":"https:\/\/spaziospadoni.org\/it\/italia-il-festival-di-otranto-limportanza-di-comunicare-verita-e-solidarieta\/"},"author":{"name":"Redazione","@id":"https:\/\/spaziospadoni.org\/it\/#\/schema\/person\/411d7e71b4962bebf7ac6c70acc9a7bc"},"headline":"Italia, il Festival di Otranto | L&#8217;importanza di comunicare verit\u00e0 e solidariet\u00e0","datePublished":"2026-09-02T16:40:00+00:00","mainEntityOfPage":{"@id":"https:\/\/spaziospadoni.org\/it\/italia-il-festival-di-otranto-limportanza-di-comunicare-verita-e-solidarieta\/"},"wordCount":388,"publisher":{"@id":"https:\/\/spaziospadoni.org\/it\/#organization"},"image":{"@id":"https:\/\/spaziospadoni.org\/it\/italia-il-festival-di-otranto-limportanza-di-comunicare-verita-e-solidarieta\/#primaryimage"},"thumbnailUrl":"https:\/\/spaziospadoni.org\/wp-content\/uploads\/2026\/09\/otranto-festival-mediterraneo.webp","keywords":["Comunicazione","Giornalismo","Mediterraneo"],"articleSection":["Notizie dal Mondo"],"inLanguage":"it-IT"},{"@type":"WebPage","@id":"https:\/\/spaziospadoni.org\/it\/italia-il-festival-di-otranto-limportanza-di-comunicare-verita-e-solidarieta\/","url":"https:\/\/spaziospadoni.org\/it\/italia-il-festival-di-otranto-limportanza-di-comunicare-verita-e-solidarieta\/","name":"Italia, il Festival di Otranto | L'importanza di comunicare verit\u00e0 e solidariet\u00e0","isPartOf":{"@id":"https:\/\/spaziospadoni.org\/it\/#website"},"primaryImageOfPage":{"@id":"https:\/\/spaziospadoni.org\/it\/italia-il-festival-di-otranto-limportanza-di-comunicare-verita-e-solidarieta\/#primaryimage"},"image":{"@id":"https:\/\/spaziospadoni.org\/it\/italia-il-festival-di-otranto-limportanza-di-comunicare-verita-e-solidarieta\/#primaryimage"},"thumbnailUrl":"https:\/\/spaziospadoni.org\/wp-content\/uploads\/2026\/09\/otranto-festival-mediterraneo.webp","datePublished":"2026-09-02T16:40:00+00:00","description":"Nel panorama geopolitico attuale, segnato da conflitti e continue trasformazioni sociali, la comunicazione riveste un ruolo strategico fondamentale.","breadcrumb":{"@id":"https:\/\/spaziospadoni.org\/it\/italia-il-festival-di-otranto-limportanza-di-comunicare-verita-e-solidarieta\/#breadcrumb"},"inLanguage":"it-IT","potentialAction":[{"@type":"ReadAction","target":["https:\/\/spaziospadoni.org\/it\/italia-il-festival-di-otranto-limportanza-di-comunicare-verita-e-solidarieta\/"]}]},{"@type":"ImageObject","inLanguage":"it-IT","@id":"https:\/\/spaziospadoni.org\/it\/italia-il-festival-di-otranto-limportanza-di-comunicare-verita-e-solidarieta\/#primaryimage","url":"https:\/\/spaziospadoni.org\/wp-content\/uploads\/2026\/09\/otranto-festival-mediterraneo.webp","contentUrl":"https:\/\/spaziospadoni.org\/wp-content\/uploads\/2026\/09\/otranto-festival-mediterraneo.webp","width":1192,"height":800,"caption":"Il Festival dei Giornalisti del Mediterraneo, compie 18 anni. Quest'anno, si terr\u00e0 dal primo al 4 settembre."},{"@type":"BreadcrumbList","@id":"https:\/\/spaziospadoni.org\/it\/italia-il-festival-di-otranto-limportanza-di-comunicare-verita-e-solidarieta\/#breadcrumb","itemListElement":[{"@type":"ListItem","position":1,"name":"Home","item":"https:\/\/spaziospadoni.org\/it\/"},{"@type":"ListItem","position":2,"name":"Italia, il Festival di Otranto | L&#8217;importanza di comunicare verit\u00e0 e solidariet\u00e0"}]},{"@type":"WebSite","@id":"https:\/\/spaziospadoni.org\/it\/#website","url":"https:\/\/spaziospadoni.org\/it\/","name":"spazio + spadoni","description":"Generazione di misericordia e missione nel mondo","publisher":{"@id":"https:\/\/spaziospadoni.org\/it\/#organization"},"alternateName":"spaziospadoni.org","potentialAction":[{"@type":"SearchAction","target":{"@type":"EntryPoint","urlTemplate":"https:\/\/spaziospadoni.org\/it\/?s={search_term_string}"},"query-input":{"@type":"PropertyValueSpecification","valueRequired":true,"valueName":"search_term_string"}}],"inLanguage":"it-IT"},{"@type":"Organization","@id":"https:\/\/spaziospadoni.org\/it\/#organization","name":"spazio + spadoni","alternateName":"spaziospadoni.org","url":"https:\/\/spaziospadoni.org\/it\/","logo":{"@type":"ImageObject","inLanguage":"it-IT","@id":"https:\/\/spaziospadoni.org\/it\/#\/schema\/logo\/image\/","url":"https:\/\/spaziospadoni.org\/wp-content\/uploads\/2026\/05\/spazio-spadoni-logo-100x100-1.webp","contentUrl":"https:\/\/spaziospadoni.org\/wp-content\/uploads\/2026\/05\/spazio-spadoni-logo-100x100-1.webp","width":100,"height":100,"caption":"spazio + spadoni"},"image":{"@id":"https:\/\/spaziospadoni.org\/it\/#\/schema\/logo\/image\/"},"sameAs":["https:\/\/www.facebook.com\/SpazioSpadoni\/","https:\/\/www.instagram.com\/spaziospadoni\/","https:\/\/www.youtube.com\/@spaziospadoni\/playlists"]},{"@type":"Person","@id":"https:\/\/spaziospadoni.org\/it\/#\/schema\/person\/411d7e71b4962bebf7ac6c70acc9a7bc","name":"Redazione","image":{"@type":"ImageObject","inLanguage":"it-IT","@id":"https:\/\/secure.gravatar.com\/avatar\/2ba413b4dca69409b680ae806ab0dce8a38d5d2cc2123a96af7bbbee33a5742e?s=96&d=mm&r=g","url":"https:\/\/secure.gravatar.com\/avatar\/2ba413b4dca69409b680ae806ab0dce8a38d5d2cc2123a96af7bbbee33a5742e?s=96&d=mm&r=g","contentUrl":"https:\/\/secure.gravatar.com\/avatar\/2ba413b4dca69409b680ae806ab0dce8a38d5d2cc2123a96af7bbbee33a5742e?s=96&d=mm&r=g","caption":"Redazione"},"url":"https:\/\/spaziospadoni.org\/it\/author\/redazione\/"}]}},"_links":{"self":[{"href":"https:\/\/spaziospadoni.org\/it\/wp-json\/wp\/v2\/posts\/94958","targetHints":{"allow":["GET"]}}],"collection":[{"href":"https:\/\/spaziospadoni.org\/it\/wp-json\/wp\/v2\/posts"}],"about":[{"href":"https:\/\/spaziospadoni.org\/it\/wp-json\/wp\/v2\/types\/post"}],"author":[{"embeddable":true,"href":"https:\/\/spaziospadoni.org\/it\/wp-json\/wp\/v2\/users\/39"}],"replies":[{"embeddable":true,"href":"https:\/\/spaziospadoni.org\/it\/wp-json\/wp\/v2\/comments?post=94958"}],"version-history":[{"count":2,"href":"https:\/\/spaziospadoni.org\/it\/wp-json\/wp\/v2\/posts\/94958\/revisions"}],"predecessor-version":[{"id":94962,"href":"https:\/\/spaziospadoni.org\/it\/wp-json\/wp\/v2\/posts\/94958\/revisions\/94962"}],"wp:featuredmedia":[{"embeddable":true,"href":"https:\/\/spaziospadoni.org\/it\/wp-json\/wp\/v2\/media\/94959"}],"wp:attachment":[{"href":"https:\/\/spaziospadoni.org\/it\/wp-json\/wp\/v2\/media?parent=94958"}],"wp:term":[{"taxonomy":"category","embeddable":true,"href":"https:\/\/spaziospadoni.org\/it\/wp-json\/wp\/v2\/categories?post=94958"},{"taxonomy":"post_tag","embeddable":true,"href":"https:\/\/spaziospadoni.org\/it\/wp-json\/wp\/v2\/tags?post=94958"}],"curies":[{"name":"wp","href":"https:\/\/api.w.org\/{rel}","templated":true}]}}