{"id":95011,"date":"2026-09-05T07:00:00","date_gmt":"2026-09-05T06:00:00","guid":{"rendered":"https:\/\/spaziospadoni.org\/?p=95011"},"modified":"2026-09-02T14:05:33","modified_gmt":"2026-09-02T13:05:33","slug":"sulle-orme-dellesodo-il-cammino-di-fede-tra-egitto-e-giordania","status":"publish","type":"post","link":"https:\/\/spaziospadoni.org\/it\/sulle-orme-dellesodo-il-cammino-di-fede-tra-egitto-e-giordania\/","title":{"rendered":"Sulle orme dell&#8217;Esodo, tra Egitto e Giordania"},"content":{"rendered":"\n<h2 id=\"la-lettera-di-don-vito-vacca-gia-fidei-donum-della-diocesi-di-roma-in-palestina-ai-pellegrini-da-lui-accompagnati-nei-luoghi-santi\" class=\"wp-block-heading has-contrast-3-color has-text-color has-link-color wp-elements-1\">La lettera di don Vito Vacca, gi\u00e0 fidei donum della diocesi di Roma in Palestina, ai pellegrini da lui accompagnati nei luoghi santi<\/h2>\n\n\n\n<p class=\"wp-block-paragraph\">Cari amici pellegrini, vi ringrazio per la ricchezza delle vostre testimonianze e per la partecipazione intensa e genuina che avete mostrato come veri pellegrini.<\/p>\n\n\n\n<p class=\"wp-block-paragraph\">Come tutti avete detto, il Signore ci ha concesso un viaggio stupendo, anche dal punto di vista logistico, e un pellegrinaggio colmo di grazie.<\/p>\n\n\n\n<p class=\"wp-block-paragraph\">Fin dall\u2019inizio, con voi avevo chiesto al Signore di donarci la sua presenza e a Maria e a Giuseppe di accompagnarci come avevano accompagnato Ges\u00f9 in Egitto. Lo avevamo chiesto nella <strong>chiesa del vecchio Cairo<\/strong> in cui la Santa Famiglia aveva vissuto le acque amare della persecuzione e dell\u2019esilio.<\/p>\n\n\n\n<p class=\"wp-block-paragraph\">L\u2019incontro con i fratelli del Cairo e il loro vescovo copto ci ha donato un\u2019eucaristia meravigliosa e una cena fraterna. Era la nuova pasqua che portava a compimento la prima: non pi\u00f9 l\u2019uscita da una terra ma dalla schiavit\u00f9 del peccato e della morte.<\/p>\n\n\n\n<p class=\"wp-block-paragraph\">La resurrezione di Ges\u00f9 segna la nostra nuova meta. <strong>Le piramidi<\/strong>, una delle meraviglie del mondo, ci hanno offerto la possibilit\u00e0 di passare da quella religiosit\u00e0 naturale insita nel cuore di ogni uomo, al Dio della storia, che ascolta il grido del suo popolo come \u201cColui che c\u2019\u00e8\u201d.<\/p>\n\n\n\n<p class=\"wp-block-paragraph\">Ci ha poi accompagnato Mos\u00e8 con l\u2019invito a liberarci dalle schiavit\u00f9 e dai falsi idoli per entrare nella terra che scorre latte e miele, la terra del nuovo Regno. Mos\u00e8 lo abbiamo seguito in tutte le tappe del deserto.<\/p>\n\n\n\n<p class=\"wp-block-paragraph\">Il primo giorno lo abbiamo contemplato sul <strong>Nilo<\/strong>, bambino nella cesta, ignaro del piano d\u2019amore di Dio per lui e per l\u2019umanit\u00e0.<\/p>\n\n\n\n<p class=\"wp-block-paragraph\">Poi lo abbiamo contemplato nel roveto ardente, manifestazione del \u201cDio che c\u2019\u00e8\u201d, e all\u2019opera nelle piaghe e nell\u2019uscita dall\u2019Egitto, nel passaggio del Mar Rosso, a <strong>Mara, Elim e il deserto di Sin<\/strong>.<\/p>\n\n\n\n<p class=\"wp-block-paragraph\">A <strong>Refidim<\/strong> lo abbiamo visto con le mani alzate perch\u00e9 imparassimo come affrontare i giganti.<\/p>\n\n\n\n<p class=\"wp-block-paragraph\">Nei <strong>deserti dell\u2019Egitto<\/strong> abbiamo incontrato monasteri memorabili come quelli di sant&#8217;Antonio e di san Paolo, e monaci che hanno trasmesso la loro testimonianza di preghiera, di fuga dalla schiavit\u00f9 del faraone e rifugio nella libert\u00e0 del cuore e del corpo.<\/p>\n\n\n\n<p class=\"wp-block-paragraph\">I monaci ortodossi ci hanno persino permesso di celebrare nel loro monastero a piedi scalzi come Mos\u00e8 presso il roveto. Il <strong>monastero di Santa Caterina <\/strong>o della trasfigurazione, uno tra i pi\u00f9 antichi e preziosi del mondo per posizione, storia, e per manoscritti e icone.<\/p>\n\n\n\n<p class=\"wp-block-paragraph\">Lo abbiamo osservato dalle rocce e visitato con trepidazione mentre mostrava il pozzo di Ietro, il roveto di Mos\u00e8, la chiesa della trasfigurazione e le icone pi\u00f9 antiche e belle del mondo cristiano. Il fuoco del roveto si poser\u00e0 in Maria e poi sugli apostoli nella pentecoste.<\/p>\n\n\n\n<p class=\"wp-block-paragraph\">Quanto desiderava Ges\u00f9 che si accendesse nei nostri cuori! La salita al <strong>monte Sinai <\/strong>significa aderire all\u2019alleanza col Dio di Abramo, Isacco, Giacobbe, il Dio di Mos\u00e8 e di Ges\u00f9. Lass\u00f9 riceviamo le 10 parole portate poi a compimento nel Monte delle beatitudini e in Ges\u00f9 stesso, che nel suo sangue ha stretto la nuova alleanza.<\/p>\n\n\n\n<p class=\"wp-block-paragraph\">A <strong>Eilat<\/strong>, nelle tre ore di transito in Israele, ci ha accolto la casa-chiesa dei santi Mos\u00e8 ed Elia affidata ai presbiteri del cammino.<\/p>\n\n\n\n<p class=\"wp-block-paragraph\">Poi abbiamo seguito il popolo di Israele nei <strong>deserti della Giordania<\/strong>, dove Mos\u00e8 trascorse quarant\u2019anni plasmando la comunit\u00e0 e guidandola nella maturazione della fede. In quel lungo cammino Mos\u00e8 prepar\u00f2 il popolo alla lotta interiore della fedelt\u00e0, insegnando a riconoscere la presenza di Dio che li accompagnava e provvedeva al loro bisogno quotidiano con la manna e l\u2019acqua.<\/p>\n\n\n\n<p class=\"wp-block-paragraph\">\u00c8 la nostra vita che matura attraverso le tentazioni e le prove che ci mostrano cosa c\u2019\u00e8 nel nostro cuore, e se veramente amiamo Dio.<\/p>\n\n\n\n<p class=\"wp-block-paragraph\">Dopo aver ammirato sbalorditi la \u201ccitt\u00e0 nascosta\u201d di <strong>Petra<\/strong>, un\u2019altra delle meraviglie del mondo, abbiamo sostato presso la fontana di Mos\u00e8 che porta ancora questo nome.<\/p>\n\n\n\n<p class=\"wp-block-paragraph\">A<strong> Massa <\/strong>e <strong>Meriba <\/strong>appare la pazienza del Signore che sopporta la nostra incredulit\u00e0 e le nostre mormorazioni.<\/p>\n\n\n\n<p class=\"wp-block-paragraph\">Nel villaggio di <strong>Smakieh<\/strong>, dove sono stato parroco 5 anni, abbiamo sperimentato l\u2019accoglienza dei fratelli nella fede: messa arabo-italiano e pranzo preparato con amore, canti e balli improvvisati nella fresca atmosfera che mitigava il sole di mezzogiorno.<\/p>\n\n\n\n<p class=\"wp-block-paragraph\">Pi\u00f9 avanti il mago Balaam venuto sull\u2019asino per maledire il popolo di Israele proclama la benedizione e la profezia della stella. Nessuna maledizione pu\u00f2 colpirci se Dio \u00e8 con noi come con Maria, con Mos\u00e8, con Giosu\u00e8!<\/p>\n\n\n\n<p class=\"wp-block-paragraph\">Il <strong>Monte Nebo <\/strong>ci ricorda gli ultimi istanti di Mos\u00e8, il suo testamento, la consegna a Giosu\u00e8 e la morte dell\u2019uomo pi\u00f9 mite della terra. La sua missione si chiude prima dell\u2019ingresso nella Terra Promessa, ma si apre all\u2019ingresso nella Gerusalemme celeste, la meta ultima.<\/p>\n\n\n\n<p class=\"wp-block-paragraph\">Il cammino porta alla Terra Promessa: questa meta ci chiama ad esser pellegrini, non vagabondi nella nostra vita, a coltivare il desiderio di seguire la Parola.<\/p>\n\n\n\n<p class=\"wp-block-paragraph\">Il luogo del battesimo di Ges\u00f9 sul <strong>Giordano<\/strong>, con le antiche chiese sorte nei primi secoli e le nuove che oggi vi si costruiscono come segno dell\u2019unit\u00e0 dei cristiani nel medesimo battesimo, ci ha incoraggiati a vivere la nostra adesione a Cristo con maggiore decisione e profondit\u00e0.<\/p>\n\n\n\n<p class=\"wp-block-paragraph\">Nel Battesimo diveniamo tutti figli di Dio. Copti ortodossi, Russi, Greci, Armeni o latini, tutti tendiamo ad essere uniti nello Spirito di Ges\u00f9 morendo al peccato e risorgendo con una vita nuova.<\/p>\n\n\n\n<p class=\"wp-block-paragraph\">Visitando <strong>Gerash <\/strong>e l\u2019acropoli di <strong>Amman<\/strong>, la Rabbat Ammon della Bibbia che ricorda il peccato di Davide, abbiamo ammirato l\u2019arte e la tecnica fenomenale dei Romani.<\/p>\n\n\n\n<p class=\"wp-block-paragraph\">Infine, la sosta al <strong>fiume Yabboq<\/strong> ci ha fatto riflettere sulla nostra fragilit\u00e0 e sulle nostre paure, ma ci ha spronato a fare l\u2019alleanza con Dio e ricevere anche noi come Giacobbe, il nome \u201cIsraele\u201d, \u201cforti con Dio\u201d.<\/p>\n\n\n\n<p class=\"wp-block-paragraph\">L\u2019Esodo che abbiamo fatto, fratelli carissimi, \u00e8 il cammino preparato dal Signore per condurci alla salvezza: possa il suo ricordo rimanere nei nostri cuori come memoriale nei momenti della prova e del combattimento.<\/p>\n\n\n\n<p class=\"wp-block-paragraph\"><strong>Foto di don Vito Vacca<\/strong><\/p>\n","protected":false},"excerpt":{"rendered":"<p>La lettera di don Vito Vacca, gi\u00e0 fidei donum della diocesi di Roma in Palestina, ai pellegrini da lui accompagnati nei luoghi santi Cari amici pellegrini, vi ringrazio per la ricchezza delle vostre testimonianze e per la partecipazione intensa e genuina che avete mostrato come veri pellegrini. Come tutti avete detto, il Signore ci ha &#8230; <a title=\"Sulle orme dell&#8217;Esodo, tra Egitto e Giordania\" class=\"read-more\" href=\"https:\/\/spaziospadoni.org\/it\/sulle-orme-dellesodo-il-cammino-di-fede-tra-egitto-e-giordania\/\" aria-label=\"Per saperne di pi\u00f9 su Sulle orme dell&#8217;Esodo, tra Egitto e Giordania\">Leggi tutto<\/a><\/p>\n","protected":false},"author":65,"featured_media":95017,"comment_status":"closed","ping_status":"closed","sticky":false,"template":"","format":"standard","meta":{"_sitemap_exclude":false,"_sitemap_priority":"","_sitemap_frequency":"","ss_featured_image_title":"","ss_featured_image_alt":"Pellegrine a Petra","ss_featured_image_caption":"Una delle tappe del pellegrinaggio guidato don Vito Vacca \u00e8 stata Petra, il celebre sito archeologico nel deserto sudoccidentale della Giordania","footnotes":""},"categories":[112],"tags":[111,375,383],"class_list":["post-95011","post","type-post","status-publish","format-standard","has-post-thumbnail","hentry","category-spiritualita-cattolica","tag-gesu","tag-giordania","tag-pellegrinaggio","infinite-scroll-item","generate-columns","tablet-grid-50","mobile-grid-100","grid-parent","grid-50"],"yoast_head":"<!-- This site is optimized with the Yoast SEO plugin v28.4 - https:\/\/yoast.com\/product\/yoast-seo-wordpress\/ -->\n<title>Sulle orme dell&#039;Esodo: pellegrinaggio tra Egitto e Giordania<\/title>\n<meta name=\"description\" content=\"Il racconto del pellegrinaggio sui passi di Mos\u00e8: un viaggio spirituale dall&#039;Egitto alla Giordania per riscoprire l&#039;alleanza con Dio.\" \/>\n<meta name=\"robots\" content=\"index, follow, max-snippet:-1, max-image-preview:large, max-video-preview:-1\" \/>\n<link rel=\"canonical\" href=\"https:\/\/spaziospadoni.org\/it\/sulle-orme-dellesodo-il-cammino-di-fede-tra-egitto-e-giordania\/\" \/>\n<meta property=\"og:locale\" content=\"it_IT\" \/>\n<meta property=\"og:type\" content=\"article\" \/>\n<meta property=\"og:title\" content=\"Sulle orme dell&#039;Esodo: pellegrinaggio tra Egitto e Giordania\" \/>\n<meta property=\"og:description\" content=\"Il racconto del pellegrinaggio sui passi di Mos\u00e8: un viaggio spirituale dall&#039;Egitto alla Giordania per riscoprire l&#039;alleanza con Dio.\" \/>\n<meta property=\"og:url\" content=\"https:\/\/spaziospadoni.org\/it\/sulle-orme-dellesodo-il-cammino-di-fede-tra-egitto-e-giordania\/\" \/>\n<meta property=\"og:site_name\" content=\"spazio + spadoni\" \/>\n<meta property=\"article:publisher\" content=\"https:\/\/www.facebook.com\/SpazioSpadoni\/\" \/>\n<meta property=\"article:published_time\" content=\"2026-09-05T06:00:00+00:00\" \/>\n<meta property=\"og:image\" content=\"https:\/\/spaziospadoni.org\/wp-content\/uploads\/2026\/09\/petra-pellegrinaggio.webp\" \/>\n\t<meta property=\"og:image:width\" content=\"1200\" \/>\n\t<meta property=\"og:image:height\" content=\"675\" \/>\n\t<meta property=\"og:image:type\" content=\"image\/webp\" \/>\n<meta name=\"author\" content=\"Don Vito Vacca\" \/>\n<meta name=\"twitter:card\" content=\"summary_large_image\" \/>\n<meta name=\"twitter:label1\" content=\"Scritto da\" \/>\n\t<meta name=\"twitter:data1\" content=\"Don Vito Vacca\" \/>\n\t<meta name=\"twitter:label2\" content=\"Tempo di lettura stimato\" \/>\n\t<meta name=\"twitter:data2\" content=\"6 minuti\" \/>\n<script type=\"application\/ld+json\" class=\"yoast-schema-graph\">{\"@context\":\"https:\\\/\\\/schema.org\",\"@graph\":[{\"@type\":\"Article\",\"@id\":\"https:\\\/\\\/spaziospadoni.org\\\/it\\\/sulle-orme-dellesodo-il-cammino-di-fede-tra-egitto-e-giordania\\\/#article\",\"isPartOf\":{\"@id\":\"https:\\\/\\\/spaziospadoni.org\\\/it\\\/sulle-orme-dellesodo-il-cammino-di-fede-tra-egitto-e-giordania\\\/\"},\"author\":{\"name\":\"Don Vito Vacca\",\"@id\":\"https:\\\/\\\/spaziospadoni.org\\\/it\\\/#\\\/schema\\\/person\\\/cf409bd75015f089a90c128aa488dc83\"},\"headline\":\"Sulle orme dell&#8217;Esodo, tra Egitto e Giordania\",\"datePublished\":\"2026-09-05T06:00:00+00:00\",\"mainEntityOfPage\":{\"@id\":\"https:\\\/\\\/spaziospadoni.org\\\/it\\\/sulle-orme-dellesodo-il-cammino-di-fede-tra-egitto-e-giordania\\\/\"},\"wordCount\":1015,\"publisher\":{\"@id\":\"https:\\\/\\\/spaziospadoni.org\\\/it\\\/#organization\"},\"image\":{\"@id\":\"https:\\\/\\\/spaziospadoni.org\\\/it\\\/sulle-orme-dellesodo-il-cammino-di-fede-tra-egitto-e-giordania\\\/#primaryimage\"},\"thumbnailUrl\":\"https:\\\/\\\/spaziospadoni.org\\\/wp-content\\\/uploads\\\/2026\\\/09\\\/petra-pellegrinaggio.webp\",\"keywords\":[\"Ges\u00f9\",\"Giordania\",\"pellegrinaggio\"],\"articleSection\":[\"Spiritualit\u00e0\"],\"inLanguage\":\"it-IT\"},{\"@type\":\"WebPage\",\"@id\":\"https:\\\/\\\/spaziospadoni.org\\\/it\\\/sulle-orme-dellesodo-il-cammino-di-fede-tra-egitto-e-giordania\\\/\",\"url\":\"https:\\\/\\\/spaziospadoni.org\\\/it\\\/sulle-orme-dellesodo-il-cammino-di-fede-tra-egitto-e-giordania\\\/\",\"name\":\"Sulle orme dell'Esodo: pellegrinaggio tra Egitto e Giordania\",\"isPartOf\":{\"@id\":\"https:\\\/\\\/spaziospadoni.org\\\/it\\\/#website\"},\"primaryImageOfPage\":{\"@id\":\"https:\\\/\\\/spaziospadoni.org\\\/it\\\/sulle-orme-dellesodo-il-cammino-di-fede-tra-egitto-e-giordania\\\/#primaryimage\"},\"image\":{\"@id\":\"https:\\\/\\\/spaziospadoni.org\\\/it\\\/sulle-orme-dellesodo-il-cammino-di-fede-tra-egitto-e-giordania\\\/#primaryimage\"},\"thumbnailUrl\":\"https:\\\/\\\/spaziospadoni.org\\\/wp-content\\\/uploads\\\/2026\\\/09\\\/petra-pellegrinaggio.webp\",\"datePublished\":\"2026-09-05T06:00:00+00:00\",\"description\":\"Il racconto del pellegrinaggio sui passi di Mos\u00e8: un viaggio spirituale dall'Egitto alla Giordania per riscoprire l'alleanza con Dio.\",\"breadcrumb\":{\"@id\":\"https:\\\/\\\/spaziospadoni.org\\\/it\\\/sulle-orme-dellesodo-il-cammino-di-fede-tra-egitto-e-giordania\\\/#breadcrumb\"},\"inLanguage\":\"it-IT\",\"potentialAction\":[{\"@type\":\"ReadAction\",\"target\":[\"https:\\\/\\\/spaziospadoni.org\\\/it\\\/sulle-orme-dellesodo-il-cammino-di-fede-tra-egitto-e-giordania\\\/\"]}]},{\"@type\":\"ImageObject\",\"inLanguage\":\"it-IT\",\"@id\":\"https:\\\/\\\/spaziospadoni.org\\\/it\\\/sulle-orme-dellesodo-il-cammino-di-fede-tra-egitto-e-giordania\\\/#primaryimage\",\"url\":\"https:\\\/\\\/spaziospadoni.org\\\/wp-content\\\/uploads\\\/2026\\\/09\\\/petra-pellegrinaggio.webp\",\"contentUrl\":\"https:\\\/\\\/spaziospadoni.org\\\/wp-content\\\/uploads\\\/2026\\\/09\\\/petra-pellegrinaggio.webp\",\"width\":1200,\"height\":675,\"caption\":\"Una delle tappe del pellegrinaggio guidato don Vito Vacca \u00e8 stata Petra, il celebre sito archeologico nel deserto sudoccidentale della Giordania\"},{\"@type\":\"BreadcrumbList\",\"@id\":\"https:\\\/\\\/spaziospadoni.org\\\/it\\\/sulle-orme-dellesodo-il-cammino-di-fede-tra-egitto-e-giordania\\\/#breadcrumb\",\"itemListElement\":[{\"@type\":\"ListItem\",\"position\":1,\"name\":\"Home\",\"item\":\"https:\\\/\\\/spaziospadoni.org\\\/it\\\/\"},{\"@type\":\"ListItem\",\"position\":2,\"name\":\"Sulle orme dell&#8217;Esodo, tra Egitto e Giordania\"}]},{\"@type\":\"WebSite\",\"@id\":\"https:\\\/\\\/spaziospadoni.org\\\/it\\\/#website\",\"url\":\"https:\\\/\\\/spaziospadoni.org\\\/it\\\/\",\"name\":\"spazio + spadoni\",\"description\":\"Generazione di misericordia e missione nel mondo\",\"publisher\":{\"@id\":\"https:\\\/\\\/spaziospadoni.org\\\/it\\\/#organization\"},\"alternateName\":\"spaziospadoni.org\",\"potentialAction\":[{\"@type\":\"SearchAction\",\"target\":{\"@type\":\"EntryPoint\",\"urlTemplate\":\"https:\\\/\\\/spaziospadoni.org\\\/it\\\/?s={search_term_string}\"},\"query-input\":{\"@type\":\"PropertyValueSpecification\",\"valueRequired\":true,\"valueName\":\"search_term_string\"}}],\"inLanguage\":\"it-IT\"},{\"@type\":\"Organization\",\"@id\":\"https:\\\/\\\/spaziospadoni.org\\\/it\\\/#organization\",\"name\":\"spazio + spadoni\",\"alternateName\":\"spaziospadoni.org\",\"url\":\"https:\\\/\\\/spaziospadoni.org\\\/it\\\/\",\"logo\":{\"@type\":\"ImageObject\",\"inLanguage\":\"it-IT\",\"@id\":\"https:\\\/\\\/spaziospadoni.org\\\/it\\\/#\\\/schema\\\/logo\\\/image\\\/\",\"url\":\"https:\\\/\\\/spaziospadoni.org\\\/wp-content\\\/uploads\\\/2026\\\/05\\\/spazio-spadoni-logo-100x100-1.webp\",\"contentUrl\":\"https:\\\/\\\/spaziospadoni.org\\\/wp-content\\\/uploads\\\/2026\\\/05\\\/spazio-spadoni-logo-100x100-1.webp\",\"width\":100,\"height\":100,\"caption\":\"spazio + spadoni\"},\"image\":{\"@id\":\"https:\\\/\\\/spaziospadoni.org\\\/it\\\/#\\\/schema\\\/logo\\\/image\\\/\"},\"sameAs\":[\"https:\\\/\\\/www.facebook.com\\\/SpazioSpadoni\\\/\",\"https:\\\/\\\/www.instagram.com\\\/spaziospadoni\\\/\",\"https:\\\/\\\/www.youtube.com\\\/@spaziospadoni\\\/playlists\"]},{\"@type\":\"Person\",\"@id\":\"https:\\\/\\\/spaziospadoni.org\\\/it\\\/#\\\/schema\\\/person\\\/cf409bd75015f089a90c128aa488dc83\",\"name\":\"Don Vito Vacca\",\"image\":{\"@type\":\"ImageObject\",\"inLanguage\":\"it-IT\",\"@id\":\"https:\\\/\\\/secure.gravatar.com\\\/avatar\\\/d3ecb6a4572934eb575526a60740faa76e56f7e3f551d23631001b5f511049f0?s=96&d=mm&r=g\",\"url\":\"https:\\\/\\\/secure.gravatar.com\\\/avatar\\\/d3ecb6a4572934eb575526a60740faa76e56f7e3f551d23631001b5f511049f0?s=96&d=mm&r=g\",\"contentUrl\":\"https:\\\/\\\/secure.gravatar.com\\\/avatar\\\/d3ecb6a4572934eb575526a60740faa76e56f7e3f551d23631001b5f511049f0?s=96&d=mm&r=g\",\"caption\":\"Don Vito Vacca\"},\"description\":\"Parroco a Sant\u2019Andrea Corsini (Roma) fino al 2008, il sacerdote \u2013 di origini sarde \u2013 ha prestato servizio come fidei donum della diocesi di Roma in Palestina, Giordania e Qatar. Rientrato in Italia dopo la pandemia, il sacerdote ha un ampio bagaglio di esperienze e ricordi: dalla sua missione a Genin, roccaforte della resistenza palestinese, al suo impegno con i profughi siriani in Giordania, tra cui 140mila bambini, ecc.\",\"url\":\"https:\\\/\\\/spaziospadoni.org\\\/it\\\/author\\\/vacca_mission\\\/\"}]}<\/script>\n<!-- \/ Yoast SEO plugin. -->","yoast_head_json":{"title":"Sulle orme dell'Esodo: pellegrinaggio tra Egitto e Giordania","description":"Il racconto del pellegrinaggio sui passi di Mos\u00e8: un viaggio spirituale dall'Egitto alla Giordania per riscoprire l'alleanza con Dio.","robots":{"index":"index","follow":"follow","max-snippet":"max-snippet:-1","max-image-preview":"max-image-preview:large","max-video-preview":"max-video-preview:-1"},"canonical":"https:\/\/spaziospadoni.org\/it\/sulle-orme-dellesodo-il-cammino-di-fede-tra-egitto-e-giordania\/","og_locale":"it_IT","og_type":"article","og_title":"Sulle orme dell'Esodo: pellegrinaggio tra Egitto e Giordania","og_description":"Il racconto del pellegrinaggio sui passi di Mos\u00e8: un viaggio spirituale dall'Egitto alla Giordania per riscoprire l'alleanza con Dio.","og_url":"https:\/\/spaziospadoni.org\/it\/sulle-orme-dellesodo-il-cammino-di-fede-tra-egitto-e-giordania\/","og_site_name":"spazio + spadoni","article_publisher":"https:\/\/www.facebook.com\/SpazioSpadoni\/","article_published_time":"2026-09-05T06:00:00+00:00","og_image":[{"width":1200,"height":675,"url":"https:\/\/spaziospadoni.org\/wp-content\/uploads\/2026\/09\/petra-pellegrinaggio.webp","type":"image\/webp"}],"author":"Don Vito Vacca","twitter_card":"summary_large_image","twitter_misc":{"Scritto da":"Don Vito Vacca","Tempo di lettura stimato":"6 minuti"},"schema":{"@context":"https:\/\/schema.org","@graph":[{"@type":"Article","@id":"https:\/\/spaziospadoni.org\/it\/sulle-orme-dellesodo-il-cammino-di-fede-tra-egitto-e-giordania\/#article","isPartOf":{"@id":"https:\/\/spaziospadoni.org\/it\/sulle-orme-dellesodo-il-cammino-di-fede-tra-egitto-e-giordania\/"},"author":{"name":"Don Vito Vacca","@id":"https:\/\/spaziospadoni.org\/it\/#\/schema\/person\/cf409bd75015f089a90c128aa488dc83"},"headline":"Sulle orme dell&#8217;Esodo, tra Egitto e Giordania","datePublished":"2026-09-05T06:00:00+00:00","mainEntityOfPage":{"@id":"https:\/\/spaziospadoni.org\/it\/sulle-orme-dellesodo-il-cammino-di-fede-tra-egitto-e-giordania\/"},"wordCount":1015,"publisher":{"@id":"https:\/\/spaziospadoni.org\/it\/#organization"},"image":{"@id":"https:\/\/spaziospadoni.org\/it\/sulle-orme-dellesodo-il-cammino-di-fede-tra-egitto-e-giordania\/#primaryimage"},"thumbnailUrl":"https:\/\/spaziospadoni.org\/wp-content\/uploads\/2026\/09\/petra-pellegrinaggio.webp","keywords":["Ges\u00f9","Giordania","pellegrinaggio"],"articleSection":["Spiritualit\u00e0"],"inLanguage":"it-IT"},{"@type":"WebPage","@id":"https:\/\/spaziospadoni.org\/it\/sulle-orme-dellesodo-il-cammino-di-fede-tra-egitto-e-giordania\/","url":"https:\/\/spaziospadoni.org\/it\/sulle-orme-dellesodo-il-cammino-di-fede-tra-egitto-e-giordania\/","name":"Sulle orme dell'Esodo: pellegrinaggio tra Egitto e Giordania","isPartOf":{"@id":"https:\/\/spaziospadoni.org\/it\/#website"},"primaryImageOfPage":{"@id":"https:\/\/spaziospadoni.org\/it\/sulle-orme-dellesodo-il-cammino-di-fede-tra-egitto-e-giordania\/#primaryimage"},"image":{"@id":"https:\/\/spaziospadoni.org\/it\/sulle-orme-dellesodo-il-cammino-di-fede-tra-egitto-e-giordania\/#primaryimage"},"thumbnailUrl":"https:\/\/spaziospadoni.org\/wp-content\/uploads\/2026\/09\/petra-pellegrinaggio.webp","datePublished":"2026-09-05T06:00:00+00:00","description":"Il racconto del pellegrinaggio sui passi di Mos\u00e8: un viaggio spirituale dall'Egitto alla Giordania per riscoprire l'alleanza con Dio.","breadcrumb":{"@id":"https:\/\/spaziospadoni.org\/it\/sulle-orme-dellesodo-il-cammino-di-fede-tra-egitto-e-giordania\/#breadcrumb"},"inLanguage":"it-IT","potentialAction":[{"@type":"ReadAction","target":["https:\/\/spaziospadoni.org\/it\/sulle-orme-dellesodo-il-cammino-di-fede-tra-egitto-e-giordania\/"]}]},{"@type":"ImageObject","inLanguage":"it-IT","@id":"https:\/\/spaziospadoni.org\/it\/sulle-orme-dellesodo-il-cammino-di-fede-tra-egitto-e-giordania\/#primaryimage","url":"https:\/\/spaziospadoni.org\/wp-content\/uploads\/2026\/09\/petra-pellegrinaggio.webp","contentUrl":"https:\/\/spaziospadoni.org\/wp-content\/uploads\/2026\/09\/petra-pellegrinaggio.webp","width":1200,"height":675,"caption":"Una delle tappe del pellegrinaggio guidato don Vito Vacca \u00e8 stata Petra, il celebre sito archeologico nel deserto sudoccidentale della Giordania"},{"@type":"BreadcrumbList","@id":"https:\/\/spaziospadoni.org\/it\/sulle-orme-dellesodo-il-cammino-di-fede-tra-egitto-e-giordania\/#breadcrumb","itemListElement":[{"@type":"ListItem","position":1,"name":"Home","item":"https:\/\/spaziospadoni.org\/it\/"},{"@type":"ListItem","position":2,"name":"Sulle orme dell&#8217;Esodo, tra Egitto e Giordania"}]},{"@type":"WebSite","@id":"https:\/\/spaziospadoni.org\/it\/#website","url":"https:\/\/spaziospadoni.org\/it\/","name":"spazio + spadoni","description":"Generazione di misericordia e missione nel mondo","publisher":{"@id":"https:\/\/spaziospadoni.org\/it\/#organization"},"alternateName":"spaziospadoni.org","potentialAction":[{"@type":"SearchAction","target":{"@type":"EntryPoint","urlTemplate":"https:\/\/spaziospadoni.org\/it\/?s={search_term_string}"},"query-input":{"@type":"PropertyValueSpecification","valueRequired":true,"valueName":"search_term_string"}}],"inLanguage":"it-IT"},{"@type":"Organization","@id":"https:\/\/spaziospadoni.org\/it\/#organization","name":"spazio + spadoni","alternateName":"spaziospadoni.org","url":"https:\/\/spaziospadoni.org\/it\/","logo":{"@type":"ImageObject","inLanguage":"it-IT","@id":"https:\/\/spaziospadoni.org\/it\/#\/schema\/logo\/image\/","url":"https:\/\/spaziospadoni.org\/wp-content\/uploads\/2026\/05\/spazio-spadoni-logo-100x100-1.webp","contentUrl":"https:\/\/spaziospadoni.org\/wp-content\/uploads\/2026\/05\/spazio-spadoni-logo-100x100-1.webp","width":100,"height":100,"caption":"spazio + spadoni"},"image":{"@id":"https:\/\/spaziospadoni.org\/it\/#\/schema\/logo\/image\/"},"sameAs":["https:\/\/www.facebook.com\/SpazioSpadoni\/","https:\/\/www.instagram.com\/spaziospadoni\/","https:\/\/www.youtube.com\/@spaziospadoni\/playlists"]},{"@type":"Person","@id":"https:\/\/spaziospadoni.org\/it\/#\/schema\/person\/cf409bd75015f089a90c128aa488dc83","name":"Don Vito Vacca","image":{"@type":"ImageObject","inLanguage":"it-IT","@id":"https:\/\/secure.gravatar.com\/avatar\/d3ecb6a4572934eb575526a60740faa76e56f7e3f551d23631001b5f511049f0?s=96&d=mm&r=g","url":"https:\/\/secure.gravatar.com\/avatar\/d3ecb6a4572934eb575526a60740faa76e56f7e3f551d23631001b5f511049f0?s=96&d=mm&r=g","contentUrl":"https:\/\/secure.gravatar.com\/avatar\/d3ecb6a4572934eb575526a60740faa76e56f7e3f551d23631001b5f511049f0?s=96&d=mm&r=g","caption":"Don Vito Vacca"},"description":"Parroco a Sant\u2019Andrea Corsini (Roma) fino al 2008, il sacerdote \u2013 di origini sarde \u2013 ha prestato servizio come fidei donum della diocesi di Roma in Palestina, Giordania e Qatar. Rientrato in Italia dopo la pandemia, il sacerdote ha un ampio bagaglio di esperienze e ricordi: dalla sua missione a Genin, roccaforte della resistenza palestinese, al suo impegno con i profughi siriani in Giordania, tra cui 140mila bambini, ecc.","url":"https:\/\/spaziospadoni.org\/it\/author\/vacca_mission\/"}]}},"_links":{"self":[{"href":"https:\/\/spaziospadoni.org\/it\/wp-json\/wp\/v2\/posts\/95011","targetHints":{"allow":["GET"]}}],"collection":[{"href":"https:\/\/spaziospadoni.org\/it\/wp-json\/wp\/v2\/posts"}],"about":[{"href":"https:\/\/spaziospadoni.org\/it\/wp-json\/wp\/v2\/types\/post"}],"author":[{"embeddable":true,"href":"https:\/\/spaziospadoni.org\/it\/wp-json\/wp\/v2\/users\/65"}],"replies":[{"embeddable":true,"href":"https:\/\/spaziospadoni.org\/it\/wp-json\/wp\/v2\/comments?post=95011"}],"version-history":[{"count":3,"href":"https:\/\/spaziospadoni.org\/it\/wp-json\/wp\/v2\/posts\/95011\/revisions"}],"predecessor-version":[{"id":95016,"href":"https:\/\/spaziospadoni.org\/it\/wp-json\/wp\/v2\/posts\/95011\/revisions\/95016"}],"wp:featuredmedia":[{"embeddable":true,"href":"https:\/\/spaziospadoni.org\/it\/wp-json\/wp\/v2\/media\/95017"}],"wp:attachment":[{"href":"https:\/\/spaziospadoni.org\/it\/wp-json\/wp\/v2\/media?parent=95011"}],"wp:term":[{"taxonomy":"category","embeddable":true,"href":"https:\/\/spaziospadoni.org\/it\/wp-json\/wp\/v2\/categories?post=95011"},{"taxonomy":"post_tag","embeddable":true,"href":"https:\/\/spaziospadoni.org\/it\/wp-json\/wp\/v2\/tags?post=95011"}],"curies":[{"name":"wp","href":"https:\/\/api.w.org\/{rel}","templated":true}]}}