{"id":89988,"date":"2026-08-13T08:00:00","date_gmt":"2026-08-13T07:00:00","guid":{"rendered":"https:\/\/spaziospadoni.org\/?p=89988"},"modified":"2026-08-14T09:51:49","modified_gmt":"2026-08-14T08:51:49","slug":"deus-tem-uma-enorme-fantasia-na-maneira-como-chama-segunda-parte","status":"publish","type":"post","link":"https:\/\/spaziospadoni.org\/pt-pt\/deus-tem-uma-enorme-fantasia-na-maneira-como-chama-segunda-parte\/","title":{"rendered":"\u201cDeus tem uma enorme fantasia na maneira como chama\u201d | Segunda parte"},"content":{"rendered":"\n<pre class=\"wp-block-verse\"><strong><em>Continua o testemunho de frei Paolo Maria Braghini, Frade Menor Capuchinho, no \u201cGo! Franciscan Youth Meet 2026\u201d, evento promovido pelos Frades Menores, pelos Frades Menores Conventuais e pelos Frades Menores Capuchinhos, realizado em Assis de 3 a 6 de agosto.<\/em><\/strong><\/pre>\n\n\n\n<pre class=\"wp-block-verse\"><em><strong>N\u00f3s de spazio + spadoni estamos apresentando este relato em v\u00e1rios epis\u00f3dios, para acompanhar voc\u00ea na leitura e na escuta de uma hist\u00f3ria que nos mostra, mais uma vez, a criatividade e a miseric\u00f3rdia de Deus.<\/strong><\/em><\/pre>\n\n\n\n<h2 id=\"de-lourdes-a-assis\" class=\"wp-block-heading\">De Lourdes a Assis<\/h2>\n\n\n\n<p class=\"wp-block-paragraph\">Com a minha namorada daquela \u00e9poca, vivi momentos verdadeiramente belos, maravilhosos, e por isso s\u00f3 posso agradecer ao Senhor. Com ela, o amor entre n\u00f3s crescia cada vez mais e sent\u00edamos que quer\u00edamos nos casar.<\/p>\n\n\n\n<p class=\"wp-block-paragraph\">Pens\u00e1vamos em nos casar no dia 14 de setembro do primeiro ano de faculdade, porque as nossas condi\u00e7\u00f5es financeiras tamb\u00e9m permitiam. Meu irm\u00e3o formou sua fam\u00edlia aos 18 anos e era uma refer\u00eancia para mim. Assim, ap\u00f3s o ensino m\u00e9dio, os pais dela nos convidaram para ir a Lourdes justamente para pedir a b\u00ean\u00e7\u00e3o para o nosso futuro matrim\u00f4nio.<\/p>\n\n\n\n<p class=\"wp-block-paragraph\">Perguntei aos jovens: \u00abQuem j\u00e1 foi a Lourdes?\u00bb, e muitos levantaram a m\u00e3o. Fiquei muito feliz com isso.<\/p>\n\n\n\n<p class=\"wp-block-paragraph\">Cinco dias fant\u00e1sticos, vendo e ouvindo os enfermos e os volunt\u00e1rios ali presentes; e depois, os momentos inesquec\u00edveis com Nossa Senhora\u2026 Por\u00e9m, na \u00faltima noite antes de voltar para a It\u00e1lia, n\u00e3o consegui dormir.<\/p>\n\n\n\n<p class=\"wp-block-paragraph\">Eu me revirava de um lado para o outro, <strong>estava inquieto<\/strong> e n\u00e3o entendia o motivo, at\u00e9 que, \u00e0s tr\u00eas da manh\u00e3, senti que precisava voltar sozinho para a frente da gruta.<\/p>\n\n\n\n<p class=\"wp-block-paragraph\">Contei isso com imensa alegria diante da Bas\u00edlica, onde Nossa Senhora, olhando do alto, acolhia todos aqueles jovens.<\/p>\n\n\n\n<h2 id=\"a-viagem-a-lourdes-e-o-chamado-na-noite\" class=\"wp-block-heading\">A viagem a Lourdes e o chamado na noite<\/h2>\n\n\n\n<p class=\"wp-block-paragraph\">Voltando \u00e0quela noite diante da gruta de Lourdes, ouvi com clareza no cora\u00e7\u00e3o a voz que dizia: \u00abDeixa tudo e segue-me\u00bb.<\/p>\n\n\n\n<p class=\"wp-block-paragraph\">Era o chamado que o Senhor me fazia h\u00e1 anos e que me fazia sentir de diversas formas.<\/p>\n\n\n\n<p class=\"wp-block-paragraph\">Naquele momento, aos 18 anos, desabei a chorar como uma crian\u00e7a. E enquanto chorava, dizia: \u00abE a Michela? E a Michela?\u00bb. Eu estava dizendo sim, mas sentia que precisava deixar o grande amor da minha vida, que era aquela mo\u00e7a. Mas eu cedi. Eu cedi.<\/p>\n\n\n\n<p class=\"wp-block-paragraph\">Nos dias seguintes, compartilhei isso com a Michela; tentamos continuar juntos por algum tempo, at\u00e9 que decidimos&#8230; Na verdade, n\u00e3o decidimos. Simplesmente compreendemos que o Senhor nos chamava para caminhos diferentes e terminamos.<\/p>\n\n\n\n<h2 id=\"a-escolha-de-seguir-o-senhor-e-o-encontro-em-assis\" class=\"wp-block-heading\">A escolha de seguir o Senhor e o encontro em Assis<\/h2>\n\n\n\n<p class=\"wp-block-paragraph\">Tive um momento de revolta contra Deus, de distanciamento, e depois, gra\u00e7as \u00e0 sugest\u00e3o da professora do col\u00e9gio, passei alguns dias na montanha \u2014 eu era apaixonado por montanhas e motocicletas \u2014 e ali ocorreu a grande virada: comecei a orar e a me entregar ao Senhor.<\/p>\n\n\n\n<p class=\"wp-block-paragraph\">A partir desse momento, comecei a me deixar conduzir pelo Senhor de forma misteriosa. Em uma viagem \u00e0 Gr\u00e9cia surgiu a inspira\u00e7\u00e3o de ir para Assis, e cheguei a Assis com dezoito anos, assim como muitos de voc\u00eas, logo ap\u00f3s concluir o ensino m\u00e9dio, para um encontro de jovens.<\/p>\n\n\n\n<p class=\"wp-block-paragraph\">Naquela \u00e9poca n\u00e3o havia celular nem internet; por isso, cheguei verdadeiramente conduzido pela Provid\u00eancia a um encontro de jovens de toda a It\u00e1lia.<\/p>\n\n\n\n<p class=\"wp-block-paragraph\">Havia uma imagem de S\u00e3o Francisco com a frase: <strong>\u00abSenhor, o que queres que eu fa\u00e7a?\u00bb<\/strong>, as palavras de Jesus.<\/p>\n\n\n\n<p class=\"wp-block-paragraph\">E o primeiro frade que se apresentou disse: \u00abEu sou frei Gino, mission\u00e1rio na Amaz\u00f4nia h\u00e1 40 anos!\u00bb. Eu nunca tinha visto um frade; uma alegria imensa inundou o meu cora\u00e7\u00e3o.<\/p>\n\n\n\n<p class=\"has-text-align-center wp-block-paragraph\"><strong>FIM DA SEGUNDA PARTE<\/strong><\/p>\n\n\n\n<p class=\"wp-block-paragraph\"><strong><a href=\"https:\/\/unsplash.com\/it\/foto\/un-gruppo-di-persone-in-piedi-allinterno-di-una-grotta-xAQ8QW8_vHs\" target=\"_blank\" rel=\"noreferrer noopener nofollow\" title=\"Foto de Nick Castelli\">Foto de Nick Castelli<\/a><\/strong><\/p>\n\n\n\n<p class=\"wp-block-paragraph\"><\/p>\n","protected":false},"excerpt":{"rendered":"<p>Continua o testemunho de frei Paolo Maria Braghini, Frade Menor Capuchinho, no \u201cGo! Franciscan Youth Meet 2026\u201d, evento promovido pelos Frades Menores, pelos Frades Menores Conventuais e pelos Frades Menores Capuchinhos, realizado em Assis de 3 a 6 de agosto. N\u00f3s de spazio + spadoni estamos apresentando este relato em v\u00e1rios epis\u00f3dios, para acompanhar voc\u00ea &#8230; <a title=\"\u201cDeus tem uma enorme fantasia na maneira como chama\u201d | Segunda parte\" class=\"read-more\" href=\"https:\/\/spaziospadoni.org\/pt-pt\/deus-tem-uma-enorme-fantasia-na-maneira-como-chama-segunda-parte\/\" aria-label=\"Read more about \u201cDeus tem uma enorme fantasia na maneira como chama\u201d | Segunda parte\">Ler mais<\/a><\/p>\n","protected":false},"author":82,"featured_media":89987,"comment_status":"closed","ping_status":"closed","sticky":false,"template":"","format":"standard","meta":{"_sitemap_exclude":false,"_sitemap_priority":"","_sitemap_frequency":"","ss_featured_image_title":"","ss_featured_image_alt":"A gruta de Lourdes","ss_featured_image_caption":"Diante da gruta de Lourdes, Frei Paolo Maria Braghini sentiu o seu chamado pessoal.","footnotes":""},"categories":[2447],"tags":[5042,5742,2572,3031],"class_list":["post-89988","post","type-post","status-publish","format-standard","has-post-thumbnail","hentry","category-eu-misericordiado","tag-frades-menores-capuchinhos","tag-lurdes","tag-missao","tag-vocacao","infinite-scroll-item","generate-columns","tablet-grid-50","mobile-grid-100","grid-parent","grid-50"],"yoast_head":"<!-- This site is optimized with the Yoast SEO plugin v28.4 - https:\/\/yoast.com\/product\/yoast-seo-wordpress\/ -->\n<title>\u201cDeus tem uma enorme fantasia na maneira como chama\u201d | Segunda parte<\/title>\n<meta name=\"description\" content=\"O testemunho de frei Paolo Maria Braghini: o chamado em Lourdes, a ren\u00fancia ao casamento e a jornada de f\u00e9 at\u00e9 Assis.\" \/>\n<meta name=\"robots\" content=\"index, follow, max-snippet:-1, max-image-preview:large, max-video-preview:-1\" \/>\n<link rel=\"canonical\" href=\"https:\/\/spaziospadoni.org\/pt-pt\/deus-tem-uma-enorme-fantasia-na-maneira-como-chama-segunda-parte\/\" \/>\n<meta property=\"og:locale\" content=\"pt_PT\" \/>\n<meta property=\"og:type\" content=\"article\" \/>\n<meta property=\"og:title\" content=\"\u201cDeus tem uma enorme fantasia na maneira como chama\u201d | Segunda parte\" \/>\n<meta property=\"og:description\" content=\"O testemunho de frei Paolo Maria Braghini: o chamado em Lourdes, a ren\u00fancia ao casamento e a jornada de f\u00e9 at\u00e9 Assis.\" \/>\n<meta property=\"og:url\" content=\"https:\/\/spaziospadoni.org\/pt-pt\/deus-tem-uma-enorme-fantasia-na-maneira-como-chama-segunda-parte\/\" \/>\n<meta property=\"og:site_name\" content=\"spazio + spadoni\" \/>\n<meta property=\"article:publisher\" content=\"https:\/\/www.facebook.com\/SpazioSpadoni\/\" \/>\n<meta property=\"article:published_time\" content=\"2026-08-13T07:00:00+00:00\" \/>\n<meta property=\"article:modified_time\" content=\"2026-08-14T08:51:49+00:00\" \/>\n<meta property=\"og:image\" content=\"https:\/\/spaziospadoni.org\/wp-content\/uploads\/2026\/08\/grotta-lourdes-preghiera.webp\" \/>\n\t<meta property=\"og:image:width\" content=\"1200\" \/>\n\t<meta property=\"og:image:height\" content=\"800\" \/>\n\t<meta property=\"og:image:type\" content=\"image\/webp\" \/>\n<meta name=\"author\" content=\"Fra Paolo Maria Braghini\" \/>\n<meta name=\"twitter:card\" content=\"summary_large_image\" \/>\n<meta name=\"twitter:label1\" content=\"Escrito por\" \/>\n\t<meta name=\"twitter:data1\" content=\"Frei Paolo Maria Braghini\" \/>\n\t<meta name=\"twitter:label2\" content=\"Est. reading time\" \/>\n\t<meta name=\"twitter:data2\" content=\"3 minutes\" \/>\n<script type=\"application\/ld+json\" class=\"yoast-schema-graph\">{\"@context\":\"https:\\\/\\\/schema.org\",\"@graph\":[{\"@type\":\"Article\",\"@id\":\"https:\\\/\\\/spaziospadoni.org\\\/pt-pt\\\/deus-tem-uma-enorme-fantasia-na-maneira-como-chama-segunda-parte\\\/#article\",\"isPartOf\":{\"@id\":\"https:\\\/\\\/spaziospadoni.org\\\/pt-pt\\\/deus-tem-uma-enorme-fantasia-na-maneira-como-chama-segunda-parte\\\/\"},\"author\":{\"name\":\"Fra Paolo Maria Braghini\",\"@id\":\"https:\\\/\\\/spaziospadoni.org\\\/pt-pt\\\/#\\\/schema\\\/person\\\/3564d8acb9905b1bac4639729953e97d\"},\"headline\":\"\u201cDeus tem uma enorme fantasia na maneira como chama\u201d | Segunda parte\",\"datePublished\":\"2026-08-13T07:00:00+00:00\",\"dateModified\":\"2026-08-14T08:51:49+00:00\",\"mainEntityOfPage\":{\"@id\":\"https:\\\/\\\/spaziospadoni.org\\\/pt-pt\\\/deus-tem-uma-enorme-fantasia-na-maneira-como-chama-segunda-parte\\\/\"},\"wordCount\":562,\"publisher\":{\"@id\":\"https:\\\/\\\/spaziospadoni.org\\\/pt-pt\\\/#organization\"},\"image\":{\"@id\":\"https:\\\/\\\/spaziospadoni.org\\\/pt-pt\\\/deus-tem-uma-enorme-fantasia-na-maneira-como-chama-segunda-parte\\\/#primaryimage\"},\"thumbnailUrl\":\"https:\\\/\\\/spaziospadoni.org\\\/wp-content\\\/uploads\\\/2026\\\/08\\\/grotta-lourdes-preghiera.webp\",\"keywords\":[\"Frades Menores Capuchinhos\",\"Lurdes\",\"Miss\u00e3o\",\"voca\u00e7\u00e3o\"],\"articleSection\":[\"Eu, misericordiado\"],\"inLanguage\":\"pt-PT\"},{\"@type\":\"WebPage\",\"@id\":\"https:\\\/\\\/spaziospadoni.org\\\/pt-pt\\\/deus-tem-uma-enorme-fantasia-na-maneira-como-chama-segunda-parte\\\/\",\"url\":\"https:\\\/\\\/spaziospadoni.org\\\/pt-pt\\\/deus-tem-uma-enorme-fantasia-na-maneira-como-chama-segunda-parte\\\/\",\"name\":\"\u201cDeus tem uma enorme fantasia na maneira como chama\u201d | Segunda parte\",\"isPartOf\":{\"@id\":\"https:\\\/\\\/spaziospadoni.org\\\/pt-pt\\\/#website\"},\"primaryImageOfPage\":{\"@id\":\"https:\\\/\\\/spaziospadoni.org\\\/pt-pt\\\/deus-tem-uma-enorme-fantasia-na-maneira-como-chama-segunda-parte\\\/#primaryimage\"},\"image\":{\"@id\":\"https:\\\/\\\/spaziospadoni.org\\\/pt-pt\\\/deus-tem-uma-enorme-fantasia-na-maneira-como-chama-segunda-parte\\\/#primaryimage\"},\"thumbnailUrl\":\"https:\\\/\\\/spaziospadoni.org\\\/wp-content\\\/uploads\\\/2026\\\/08\\\/grotta-lourdes-preghiera.webp\",\"datePublished\":\"2026-08-13T07:00:00+00:00\",\"dateModified\":\"2026-08-14T08:51:49+00:00\",\"description\":\"O testemunho de frei Paolo Maria Braghini: o chamado em Lourdes, a ren\u00fancia ao casamento e a jornada de f\u00e9 at\u00e9 Assis.\",\"breadcrumb\":{\"@id\":\"https:\\\/\\\/spaziospadoni.org\\\/pt-pt\\\/deus-tem-uma-enorme-fantasia-na-maneira-como-chama-segunda-parte\\\/#breadcrumb\"},\"inLanguage\":\"pt-PT\",\"potentialAction\":[{\"@type\":\"ReadAction\",\"target\":[\"https:\\\/\\\/spaziospadoni.org\\\/pt-pt\\\/deus-tem-uma-enorme-fantasia-na-maneira-como-chama-segunda-parte\\\/\"]}]},{\"@type\":\"ImageObject\",\"inLanguage\":\"pt-PT\",\"@id\":\"https:\\\/\\\/spaziospadoni.org\\\/pt-pt\\\/deus-tem-uma-enorme-fantasia-na-maneira-como-chama-segunda-parte\\\/#primaryimage\",\"url\":\"https:\\\/\\\/spaziospadoni.org\\\/wp-content\\\/uploads\\\/2026\\\/08\\\/grotta-lourdes-preghiera.webp\",\"contentUrl\":\"https:\\\/\\\/spaziospadoni.org\\\/wp-content\\\/uploads\\\/2026\\\/08\\\/grotta-lourdes-preghiera.webp\",\"width\":1200,\"height\":800,\"caption\":\"Diante da gruta de Lourdes, Frei Paolo Maria Braghini sentiu o seu chamado pessoal.\"},{\"@type\":\"BreadcrumbList\",\"@id\":\"https:\\\/\\\/spaziospadoni.org\\\/pt-pt\\\/deus-tem-uma-enorme-fantasia-na-maneira-como-chama-segunda-parte\\\/#breadcrumb\",\"itemListElement\":[{\"@type\":\"ListItem\",\"position\":1,\"name\":\"Home\",\"item\":\"https:\\\/\\\/spaziospadoni.org\\\/pt-pt\\\/\"},{\"@type\":\"ListItem\",\"position\":2,\"name\":\"\u201cDeus tem uma enorme fantasia na maneira como chama\u201d | Segunda parte\"}]},{\"@type\":\"WebSite\",\"@id\":\"https:\\\/\\\/spaziospadoni.org\\\/pt-pt\\\/#website\",\"url\":\"https:\\\/\\\/spaziospadoni.org\\\/pt-pt\\\/\",\"name\":\"spazio + spadoni\",\"description\":\"Generazione di misericordia e missione nel mondo\",\"publisher\":{\"@id\":\"https:\\\/\\\/spaziospadoni.org\\\/pt-pt\\\/#organization\"},\"alternateName\":\"spaziospadoni.org\",\"potentialAction\":[{\"@type\":\"SearchAction\",\"target\":{\"@type\":\"EntryPoint\",\"urlTemplate\":\"https:\\\/\\\/spaziospadoni.org\\\/pt-pt\\\/?s={search_term_string}\"},\"query-input\":{\"@type\":\"PropertyValueSpecification\",\"valueRequired\":true,\"valueName\":\"search_term_string\"}}],\"inLanguage\":\"pt-PT\"},{\"@type\":\"Organization\",\"@id\":\"https:\\\/\\\/spaziospadoni.org\\\/pt-pt\\\/#organization\",\"name\":\"spazio + spadoni\",\"alternateName\":\"spaziospadoni.org\",\"url\":\"https:\\\/\\\/spaziospadoni.org\\\/pt-pt\\\/\",\"logo\":{\"@type\":\"ImageObject\",\"inLanguage\":\"pt-PT\",\"@id\":\"https:\\\/\\\/spaziospadoni.org\\\/pt-pt\\\/#\\\/schema\\\/logo\\\/image\\\/\",\"url\":\"https:\\\/\\\/spaziospadoni.org\\\/wp-content\\\/uploads\\\/2026\\\/05\\\/spazio-spadoni-logo-100x100-1.webp\",\"contentUrl\":\"https:\\\/\\\/spaziospadoni.org\\\/wp-content\\\/uploads\\\/2026\\\/05\\\/spazio-spadoni-logo-100x100-1.webp\",\"width\":100,\"height\":100,\"caption\":\"spazio + spadoni\"},\"image\":{\"@id\":\"https:\\\/\\\/spaziospadoni.org\\\/pt-pt\\\/#\\\/schema\\\/logo\\\/image\\\/\"},\"sameAs\":[\"https:\\\/\\\/www.facebook.com\\\/SpazioSpadoni\\\/\",\"https:\\\/\\\/www.instagram.com\\\/spaziospadoni\\\/\",\"https:\\\/\\\/www.youtube.com\\\/@spaziospadoni\\\/playlists\"]},{\"@type\":\"Person\",\"@id\":\"https:\\\/\\\/spaziospadoni.org\\\/pt-pt\\\/#\\\/schema\\\/person\\\/3564d8acb9905b1bac4639729953e97d\",\"name\":\"Fra Paolo Maria Braghini\",\"image\":{\"@type\":\"ImageObject\",\"inLanguage\":\"pt-PT\",\"@id\":\"https:\\\/\\\/secure.gravatar.com\\\/avatar\\\/f32ed802d88a4c5f0c578a2cf8cd64a2f093a3566f4c951be66b98720ef889ee?s=96&d=mm&r=g\",\"url\":\"https:\\\/\\\/secure.gravatar.com\\\/avatar\\\/f32ed802d88a4c5f0c578a2cf8cd64a2f093a3566f4c951be66b98720ef889ee?s=96&d=mm&r=g\",\"contentUrl\":\"https:\\\/\\\/secure.gravatar.com\\\/avatar\\\/f32ed802d88a4c5f0c578a2cf8cd64a2f093a3566f4c951be66b98720ef889ee?s=96&d=mm&r=g\",\"caption\":\"Fra Paolo Maria Braghini\"},\"description\":\"Frade menor capuchinho, nascido em 1975, esteve em miss\u00e3o durante quase 20 anos no Alto Solim\u00f5es, na Amaz\u00f3nia, na fronteira entre o Brasil e o Peru. Deslocando-se muitas vezes de canoa, chegou a 70 aldeias, partilhando a vida e a f\u00e9 simples dos povos ind\u00edgenas. Natural da regi\u00e3o de Varese, regressou a It\u00e1lia no ver\u00e3o de 2025.\",\"url\":\"https:\\\/\\\/spaziospadoni.org\\\/pt-pt\\\/author\\\/braghini_mission\\\/\"}]}<\/script>\n<!-- \/ Yoast SEO plugin. -->","yoast_head_json":{"title":"\u201cDeus tem uma enorme fantasia na maneira como chama\u201d | Segunda parte","description":"O testemunho de frei Paolo Maria Braghini: o chamado em Lourdes, a ren\u00fancia ao casamento e a jornada de f\u00e9 at\u00e9 Assis.","robots":{"index":"index","follow":"follow","max-snippet":"max-snippet:-1","max-image-preview":"max-image-preview:large","max-video-preview":"max-video-preview:-1"},"canonical":"https:\/\/spaziospadoni.org\/pt-pt\/deus-tem-uma-enorme-fantasia-na-maneira-como-chama-segunda-parte\/","og_locale":"pt_PT","og_type":"article","og_title":"\u201cDeus tem uma enorme fantasia na maneira como chama\u201d | Segunda parte","og_description":"O testemunho de frei Paolo Maria Braghini: o chamado em Lourdes, a ren\u00fancia ao casamento e a jornada de f\u00e9 at\u00e9 Assis.","og_url":"https:\/\/spaziospadoni.org\/pt-pt\/deus-tem-uma-enorme-fantasia-na-maneira-como-chama-segunda-parte\/","og_site_name":"spazio + spadoni","article_publisher":"https:\/\/www.facebook.com\/SpazioSpadoni\/","article_published_time":"2026-08-13T07:00:00+00:00","article_modified_time":"2026-08-14T08:51:49+00:00","og_image":[{"width":1200,"height":800,"url":"https:\/\/spaziospadoni.org\/wp-content\/uploads\/2026\/08\/grotta-lourdes-preghiera.webp","type":"image\/webp"}],"author":"Fra Paolo Maria Braghini","twitter_card":"summary_large_image","twitter_misc":{"Escrito por":"Frei Paolo Maria Braghini","Est. reading time":"3 minutes"},"schema":{"@context":"https:\/\/schema.org","@graph":[{"@type":"Article","@id":"https:\/\/spaziospadoni.org\/pt-pt\/deus-tem-uma-enorme-fantasia-na-maneira-como-chama-segunda-parte\/#article","isPartOf":{"@id":"https:\/\/spaziospadoni.org\/pt-pt\/deus-tem-uma-enorme-fantasia-na-maneira-como-chama-segunda-parte\/"},"author":{"name":"Fra Paolo Maria Braghini","@id":"https:\/\/spaziospadoni.org\/pt-pt\/#\/schema\/person\/3564d8acb9905b1bac4639729953e97d"},"headline":"\u201cDeus tem uma enorme fantasia na maneira como chama\u201d | Segunda parte","datePublished":"2026-08-13T07:00:00+00:00","dateModified":"2026-08-14T08:51:49+00:00","mainEntityOfPage":{"@id":"https:\/\/spaziospadoni.org\/pt-pt\/deus-tem-uma-enorme-fantasia-na-maneira-como-chama-segunda-parte\/"},"wordCount":562,"publisher":{"@id":"https:\/\/spaziospadoni.org\/pt-pt\/#organization"},"image":{"@id":"https:\/\/spaziospadoni.org\/pt-pt\/deus-tem-uma-enorme-fantasia-na-maneira-como-chama-segunda-parte\/#primaryimage"},"thumbnailUrl":"https:\/\/spaziospadoni.org\/wp-content\/uploads\/2026\/08\/grotta-lourdes-preghiera.webp","keywords":["Frades Menores Capuchinhos","Lurdes","Miss\u00e3o","voca\u00e7\u00e3o"],"articleSection":["Eu, misericordiado"],"inLanguage":"pt-PT"},{"@type":"WebPage","@id":"https:\/\/spaziospadoni.org\/pt-pt\/deus-tem-uma-enorme-fantasia-na-maneira-como-chama-segunda-parte\/","url":"https:\/\/spaziospadoni.org\/pt-pt\/deus-tem-uma-enorme-fantasia-na-maneira-como-chama-segunda-parte\/","name":"\u201cDeus tem uma enorme fantasia na maneira como chama\u201d | Segunda parte","isPartOf":{"@id":"https:\/\/spaziospadoni.org\/pt-pt\/#website"},"primaryImageOfPage":{"@id":"https:\/\/spaziospadoni.org\/pt-pt\/deus-tem-uma-enorme-fantasia-na-maneira-como-chama-segunda-parte\/#primaryimage"},"image":{"@id":"https:\/\/spaziospadoni.org\/pt-pt\/deus-tem-uma-enorme-fantasia-na-maneira-como-chama-segunda-parte\/#primaryimage"},"thumbnailUrl":"https:\/\/spaziospadoni.org\/wp-content\/uploads\/2026\/08\/grotta-lourdes-preghiera.webp","datePublished":"2026-08-13T07:00:00+00:00","dateModified":"2026-08-14T08:51:49+00:00","description":"O testemunho de frei Paolo Maria Braghini: o chamado em Lourdes, a ren\u00fancia ao casamento e a jornada de f\u00e9 at\u00e9 Assis.","breadcrumb":{"@id":"https:\/\/spaziospadoni.org\/pt-pt\/deus-tem-uma-enorme-fantasia-na-maneira-como-chama-segunda-parte\/#breadcrumb"},"inLanguage":"pt-PT","potentialAction":[{"@type":"ReadAction","target":["https:\/\/spaziospadoni.org\/pt-pt\/deus-tem-uma-enorme-fantasia-na-maneira-como-chama-segunda-parte\/"]}]},{"@type":"ImageObject","inLanguage":"pt-PT","@id":"https:\/\/spaziospadoni.org\/pt-pt\/deus-tem-uma-enorme-fantasia-na-maneira-como-chama-segunda-parte\/#primaryimage","url":"https:\/\/spaziospadoni.org\/wp-content\/uploads\/2026\/08\/grotta-lourdes-preghiera.webp","contentUrl":"https:\/\/spaziospadoni.org\/wp-content\/uploads\/2026\/08\/grotta-lourdes-preghiera.webp","width":1200,"height":800,"caption":"Diante da gruta de Lourdes, Frei Paolo Maria Braghini sentiu o seu chamado pessoal."},{"@type":"BreadcrumbList","@id":"https:\/\/spaziospadoni.org\/pt-pt\/deus-tem-uma-enorme-fantasia-na-maneira-como-chama-segunda-parte\/#breadcrumb","itemListElement":[{"@type":"ListItem","position":1,"name":"Home","item":"https:\/\/spaziospadoni.org\/pt-pt\/"},{"@type":"ListItem","position":2,"name":"\u201cDeus tem uma enorme fantasia na maneira como chama\u201d | Segunda parte"}]},{"@type":"WebSite","@id":"https:\/\/spaziospadoni.org\/pt-pt\/#website","url":"https:\/\/spaziospadoni.org\/pt-pt\/","name":"spazio + spadoni","description":"Generazione di misericordia e missione nel mondo","publisher":{"@id":"https:\/\/spaziospadoni.org\/pt-pt\/#organization"},"alternateName":"spaziospadoni.org","potentialAction":[{"@type":"SearchAction","target":{"@type":"EntryPoint","urlTemplate":"https:\/\/spaziospadoni.org\/pt-pt\/?s={search_term_string}"},"query-input":{"@type":"PropertyValueSpecification","valueRequired":true,"valueName":"search_term_string"}}],"inLanguage":"pt-PT"},{"@type":"Organization","@id":"https:\/\/spaziospadoni.org\/pt-pt\/#organization","name":"spazio + spadoni","alternateName":"spaziospadoni.org","url":"https:\/\/spaziospadoni.org\/pt-pt\/","logo":{"@type":"ImageObject","inLanguage":"pt-PT","@id":"https:\/\/spaziospadoni.org\/pt-pt\/#\/schema\/logo\/image\/","url":"https:\/\/spaziospadoni.org\/wp-content\/uploads\/2026\/05\/spazio-spadoni-logo-100x100-1.webp","contentUrl":"https:\/\/spaziospadoni.org\/wp-content\/uploads\/2026\/05\/spazio-spadoni-logo-100x100-1.webp","width":100,"height":100,"caption":"spazio + spadoni"},"image":{"@id":"https:\/\/spaziospadoni.org\/pt-pt\/#\/schema\/logo\/image\/"},"sameAs":["https:\/\/www.facebook.com\/SpazioSpadoni\/","https:\/\/www.instagram.com\/spaziospadoni\/","https:\/\/www.youtube.com\/@spaziospadoni\/playlists"]},{"@type":"Person","@id":"https:\/\/spaziospadoni.org\/pt-pt\/#\/schema\/person\/3564d8acb9905b1bac4639729953e97d","name":"Fra Paolo Maria Braghini","image":{"@type":"ImageObject","inLanguage":"pt-PT","@id":"https:\/\/secure.gravatar.com\/avatar\/f32ed802d88a4c5f0c578a2cf8cd64a2f093a3566f4c951be66b98720ef889ee?s=96&d=mm&r=g","url":"https:\/\/secure.gravatar.com\/avatar\/f32ed802d88a4c5f0c578a2cf8cd64a2f093a3566f4c951be66b98720ef889ee?s=96&d=mm&r=g","contentUrl":"https:\/\/secure.gravatar.com\/avatar\/f32ed802d88a4c5f0c578a2cf8cd64a2f093a3566f4c951be66b98720ef889ee?s=96&d=mm&r=g","caption":"Fra Paolo Maria Braghini"},"description":"Frade menor capuchinho, nascido em 1975, esteve em miss\u00e3o durante quase 20 anos no Alto Solim\u00f5es, na Amaz\u00f3nia, na fronteira entre o Brasil e o Peru. Deslocando-se muitas vezes de canoa, chegou a 70 aldeias, partilhando a vida e a f\u00e9 simples dos povos ind\u00edgenas. Natural da regi\u00e3o de Varese, regressou a It\u00e1lia no ver\u00e3o de 2025.","url":"https:\/\/spaziospadoni.org\/pt-pt\/author\/braghini_mission\/"}]}},"_links":{"self":[{"href":"https:\/\/spaziospadoni.org\/pt-pt\/wp-json\/wp\/v2\/posts\/89988","targetHints":{"allow":["GET"]}}],"collection":[{"href":"https:\/\/spaziospadoni.org\/pt-pt\/wp-json\/wp\/v2\/posts"}],"about":[{"href":"https:\/\/spaziospadoni.org\/pt-pt\/wp-json\/wp\/v2\/types\/post"}],"author":[{"embeddable":true,"href":"https:\/\/spaziospadoni.org\/pt-pt\/wp-json\/wp\/v2\/users\/82"}],"replies":[{"embeddable":true,"href":"https:\/\/spaziospadoni.org\/pt-pt\/wp-json\/wp\/v2\/comments?post=89988"}],"version-history":[{"count":1,"href":"https:\/\/spaziospadoni.org\/pt-pt\/wp-json\/wp\/v2\/posts\/89988\/revisions"}],"predecessor-version":[{"id":89989,"href":"https:\/\/spaziospadoni.org\/pt-pt\/wp-json\/wp\/v2\/posts\/89988\/revisions\/89989"}],"wp:featuredmedia":[{"embeddable":true,"href":"https:\/\/spaziospadoni.org\/pt-pt\/wp-json\/wp\/v2\/media\/89987"}],"wp:attachment":[{"href":"https:\/\/spaziospadoni.org\/pt-pt\/wp-json\/wp\/v2\/media?parent=89988"}],"wp:term":[{"taxonomy":"category","embeddable":true,"href":"https:\/\/spaziospadoni.org\/pt-pt\/wp-json\/wp\/v2\/categories?post=89988"},{"taxonomy":"post_tag","embeddable":true,"href":"https:\/\/spaziospadoni.org\/pt-pt\/wp-json\/wp\/v2\/tags?post=89988"}],"curies":[{"name":"wp","href":"https:\/\/api.w.org\/{rel}","templated":true}]}}