{"id":90001,"date":"2026-08-13T17:00:00","date_gmt":"2026-08-13T16:00:00","guid":{"rendered":"https:\/\/spaziospadoni.org\/?p=90001"},"modified":"2026-08-14T08:27:51","modified_gmt":"2026-08-14T07:27:51","slug":"irmas-que-contam-historias-das-margens-curso-de-jornalismo","status":"publish","type":"post","link":"https:\/\/spaziospadoni.org\/pt-pt\/irmas-que-contam-historias-das-margens-curso-de-jornalismo\/","title":{"rendered":"Irm\u00e3s que contam hist\u00f3rias das margens: curso de jornalismo"},"content":{"rendered":"\n<h2 id=\"descobrir-e-contar-as-historias-que-importam\" class=\"wp-block-heading\">Descobrir e contar as hist\u00f3rias que importam<\/h2>\n\n\n\n<p class=\"wp-block-paragraph\">Compartilho as informa\u00e7\u00f5es recebidas no boletim informativo mensal do Dicast\u00e9rio para a Comunica\u00e7\u00e3o.<\/p>\n\n\n\n<p class=\"wp-block-paragraph\">No \u00e2mbito do &#8220;Projeto Pentecostes com e atrav\u00e9s das Freiras&#8221;, o Dicast\u00e9rio para a Comunica\u00e7\u00e3o oferece \u00e0s religiosas uma oportunidade de forma\u00e7\u00e3o online com foco especial no jornalismo e na narrativa, dedicada especialmente ao relato sobre pessoas e lugares marginalizados e ao reconhecimento dos sinais do futuro que deles emergem.<\/p>\n\n\n\n<blockquote class=\"wp-block-quote is-layout-flow wp-block-quote-is-layout-flow\">\n<p class=\"wp-block-paragraph\"><em>O curso &#8211; gratuito &#8211; fornecer\u00e1 \u00e0s freiras as compet\u00eancias fundamentais para escrever artigos e compartilhar hist\u00f3rias vindas das margens da sociedade, utilizando diversos canais midi\u00e1ticos.<\/em><\/p>\n<\/blockquote>\n\n\n\n<p class=\"wp-block-paragraph\">As reuni\u00f5es ser\u00e3o realizadas em ingl\u00eas. Mediante solicita\u00e7\u00e3o, ser\u00e1 poss\u00edvel fornecer tradu\u00e7\u00e3o simult\u00e2nea para outro idioma.<\/p>\n\n\n\n<p class=\"wp-block-paragraph\">As freiras que demonstrarem maior compet\u00eancia e dedica\u00e7\u00e3o ter\u00e3o a oportunidade de ser selecionadas para um est\u00e1gio na Vatican Media, permitindo-lhes desenvolver ainda mais as suas capacidades num contexto profissional.<\/p>\n\n\n\n<p class=\"wp-block-paragraph\">Para mais informa\u00e7\u00f5es e para enviar candidaturas, \u00e9 poss\u00edvel preencher o formul\u00e1rio dispon\u00edvel em 5 idiomas (exclusivo para freiras):<\/p>\n\n\n\n<ul class=\"wp-block-list\">\n<li>ingl\u00eas<\/li>\n\n\n\n<li>espanhol<\/li>\n\n\n\n<li>franc\u00eas<\/li>\n\n\n\n<li>italiano<\/li>\n\n\n\n<li>portugu\u00eas<\/li>\n<\/ul>\n\n\n\n<h2 id=\"modalidades-de-trabalho\" class=\"wp-block-heading\">Modalidades de trabalho<\/h2>\n\n\n\n<p class=\"wp-block-paragraph\">12 encontros online, semanais, \u00e0s ter\u00e7as-feiras, das 14h30 \u00e0s 16h30 (hor\u00e1rio italiano), de 8 de setembro a 24 de novembro de 2026. Plataforma: Zoom. As sess\u00f5es ser\u00e3o coordenadas pela equipe do Dicast\u00e9rio para a Comunica\u00e7\u00e3o em colabora\u00e7\u00e3o com especialistas internacionais.<\/p>\n\n\n\n<p class=\"wp-block-paragraph\"><strong>Imagem criada digitalmente pela spazio + spadoni<\/strong><\/p>\n\n\n\n<p class=\"wp-block-paragraph\"><strong>Fonte: <\/strong><a href=\"https:\/\/marialuciaercole.substack.com\/\" target=\"_blank\" rel=\"noreferrer noopener nofollow\" title=\"Newsletter de Maria Lucia Ercole\">Newsletter de Maria Lucia Ercole<\/a><\/p>\n\n\n\n<p class=\"wp-block-paragraph\"><\/p>\n","protected":false},"excerpt":{"rendered":"<p>Descobrir e contar as hist\u00f3rias que importam Compartilho as informa\u00e7\u00f5es recebidas no boletim informativo mensal do Dicast\u00e9rio para a Comunica\u00e7\u00e3o. No \u00e2mbito do &#8220;Projeto Pentecostes com e atrav\u00e9s das Freiras&#8221;, o Dicast\u00e9rio para a Comunica\u00e7\u00e3o oferece \u00e0s religiosas uma oportunidade de forma\u00e7\u00e3o online com foco especial no jornalismo e na narrativa, dedicada especialmente ao relato &#8230; <a title=\"Irm\u00e3s que contam hist\u00f3rias das margens: curso de jornalismo\" class=\"read-more\" href=\"https:\/\/spaziospadoni.org\/pt-pt\/irmas-que-contam-historias-das-margens-curso-de-jornalismo\/\" aria-label=\"Read more about Irm\u00e3s que contam hist\u00f3rias das margens: curso de jornalismo\">Ler mais<\/a><\/p>\n","protected":false},"author":13,"featured_media":90000,"comment_status":"closed","ping_status":"closed","sticky":false,"template":"","format":"standard","meta":{"_sitemap_exclude":false,"_sitemap_priority":"","_sitemap_frequency":"","ss_featured_image_title":"","ss_featured_image_alt":"Curso de storytelling para religiosas","ss_featured_image_caption":"O Dicast\u00e9rio para a Comunica\u00e7\u00e3o prop\u00f5e \u00e0s religiosas um curso de storytelling para narrar as realidades que vivem nos seus pa\u00edses.","footnotes":""},"categories":[2306],"tags":[2339,4462,3643],"class_list":["post-90001","post","type-post","status-publish","format-standard","has-post-thumbnail","hentry","category-a-igreja-que-inspira","tag-freiras","tag-historias","tag-jornalismo","infinite-scroll-item","generate-columns","tablet-grid-50","mobile-grid-100","grid-parent","grid-50"],"yoast_head":"<!-- This site is optimized with the Yoast SEO plugin v28.4 - https:\/\/yoast.com\/product\/yoast-seo-wordpress\/ -->\n<title>Irm\u00e3s que contam hist\u00f3rias das margens: curso de jornalismo<\/title>\n<meta name=\"description\" content=\"Curso de forma\u00e7\u00e3o online do Dicast\u00e9rio para a Comunica\u00e7\u00e3o dedicado a freiras para contar hist\u00f3rias das margens da sociedade.\" \/>\n<meta name=\"robots\" content=\"index, follow, max-snippet:-1, max-image-preview:large, max-video-preview:-1\" \/>\n<link rel=\"canonical\" href=\"https:\/\/spaziospadoni.org\/pt-pt\/irmas-que-contam-historias-das-margens-curso-de-jornalismo\/\" \/>\n<meta property=\"og:locale\" content=\"pt_PT\" \/>\n<meta property=\"og:type\" content=\"article\" \/>\n<meta property=\"og:title\" content=\"Irm\u00e3s que contam hist\u00f3rias das margens: curso de jornalismo\" \/>\n<meta property=\"og:description\" content=\"Curso de forma\u00e7\u00e3o online do Dicast\u00e9rio para a Comunica\u00e7\u00e3o dedicado a freiras para contar hist\u00f3rias das margens da sociedade.\" \/>\n<meta property=\"og:url\" content=\"https:\/\/spaziospadoni.org\/pt-pt\/irmas-que-contam-historias-das-margens-curso-de-jornalismo\/\" \/>\n<meta property=\"og:site_name\" content=\"spazio + spadoni\" \/>\n<meta property=\"article:publisher\" content=\"https:\/\/www.facebook.com\/SpazioSpadoni\/\" \/>\n<meta property=\"article:published_time\" content=\"2026-08-13T16:00:00+00:00\" \/>\n<meta property=\"article:modified_time\" content=\"2026-08-14T07:27:51+00:00\" \/>\n<meta property=\"og:image\" content=\"https:\/\/spaziospadoni.org\/wp-content\/uploads\/2026\/08\/corso-storytelling-suore.webp\" \/>\n\t<meta property=\"og:image:width\" content=\"1200\" \/>\n\t<meta property=\"og:image:height\" content=\"800\" \/>\n\t<meta property=\"og:image:type\" content=\"image\/webp\" \/>\n<meta name=\"author\" content=\"Maria Lucia Ercole\" \/>\n<meta name=\"twitter:card\" content=\"summary_large_image\" \/>\n<meta name=\"twitter:label1\" content=\"Escrito por\" \/>\n\t<meta name=\"twitter:data1\" content=\"Maria Lucia Ercole\" \/>\n\t<meta name=\"twitter:label2\" content=\"Est. reading time\" \/>\n\t<meta name=\"twitter:data2\" content=\"2 minutes\" \/>\n<script type=\"application\/ld+json\" class=\"yoast-schema-graph\">{\"@context\":\"https:\\\/\\\/schema.org\",\"@graph\":[{\"@type\":\"Article\",\"@id\":\"https:\\\/\\\/spaziospadoni.org\\\/pt-pt\\\/irmas-que-contam-historias-das-margens-curso-de-jornalismo\\\/#article\",\"isPartOf\":{\"@id\":\"https:\\\/\\\/spaziospadoni.org\\\/pt-pt\\\/irmas-que-contam-historias-das-margens-curso-de-jornalismo\\\/\"},\"author\":{\"name\":\"Maria Lucia Ercole\",\"@id\":\"https:\\\/\\\/spaziospadoni.org\\\/pt-pt\\\/#\\\/schema\\\/person\\\/9cdee08a0f6e8328c0e19b713bde0426\"},\"headline\":\"Irm\u00e3s que contam hist\u00f3rias das margens: curso de jornalismo\",\"datePublished\":\"2026-08-13T16:00:00+00:00\",\"dateModified\":\"2026-08-14T07:27:51+00:00\",\"mainEntityOfPage\":{\"@id\":\"https:\\\/\\\/spaziospadoni.org\\\/pt-pt\\\/irmas-que-contam-historias-das-margens-curso-de-jornalismo\\\/\"},\"wordCount\":262,\"publisher\":{\"@id\":\"https:\\\/\\\/spaziospadoni.org\\\/pt-pt\\\/#organization\"},\"image\":{\"@id\":\"https:\\\/\\\/spaziospadoni.org\\\/pt-pt\\\/irmas-que-contam-historias-das-margens-curso-de-jornalismo\\\/#primaryimage\"},\"thumbnailUrl\":\"https:\\\/\\\/spaziospadoni.org\\\/wp-content\\\/uploads\\\/2026\\\/08\\\/corso-storytelling-suore.webp\",\"keywords\":[\"Freiras\",\"hist\u00f3rias\",\"Jornalismo\"],\"articleSection\":[\"A Igreja que inspira\"],\"inLanguage\":\"pt-PT\"},{\"@type\":\"WebPage\",\"@id\":\"https:\\\/\\\/spaziospadoni.org\\\/pt-pt\\\/irmas-que-contam-historias-das-margens-curso-de-jornalismo\\\/\",\"url\":\"https:\\\/\\\/spaziospadoni.org\\\/pt-pt\\\/irmas-que-contam-historias-das-margens-curso-de-jornalismo\\\/\",\"name\":\"Irm\u00e3s que contam hist\u00f3rias das margens: curso de jornalismo\",\"isPartOf\":{\"@id\":\"https:\\\/\\\/spaziospadoni.org\\\/pt-pt\\\/#website\"},\"primaryImageOfPage\":{\"@id\":\"https:\\\/\\\/spaziospadoni.org\\\/pt-pt\\\/irmas-que-contam-historias-das-margens-curso-de-jornalismo\\\/#primaryimage\"},\"image\":{\"@id\":\"https:\\\/\\\/spaziospadoni.org\\\/pt-pt\\\/irmas-que-contam-historias-das-margens-curso-de-jornalismo\\\/#primaryimage\"},\"thumbnailUrl\":\"https:\\\/\\\/spaziospadoni.org\\\/wp-content\\\/uploads\\\/2026\\\/08\\\/corso-storytelling-suore.webp\",\"datePublished\":\"2026-08-13T16:00:00+00:00\",\"dateModified\":\"2026-08-14T07:27:51+00:00\",\"description\":\"Curso de forma\u00e7\u00e3o online do Dicast\u00e9rio para a Comunica\u00e7\u00e3o dedicado a freiras para contar hist\u00f3rias das margens da sociedade.\",\"breadcrumb\":{\"@id\":\"https:\\\/\\\/spaziospadoni.org\\\/pt-pt\\\/irmas-que-contam-historias-das-margens-curso-de-jornalismo\\\/#breadcrumb\"},\"inLanguage\":\"pt-PT\",\"potentialAction\":[{\"@type\":\"ReadAction\",\"target\":[\"https:\\\/\\\/spaziospadoni.org\\\/pt-pt\\\/irmas-que-contam-historias-das-margens-curso-de-jornalismo\\\/\"]}]},{\"@type\":\"ImageObject\",\"inLanguage\":\"pt-PT\",\"@id\":\"https:\\\/\\\/spaziospadoni.org\\\/pt-pt\\\/irmas-que-contam-historias-das-margens-curso-de-jornalismo\\\/#primaryimage\",\"url\":\"https:\\\/\\\/spaziospadoni.org\\\/wp-content\\\/uploads\\\/2026\\\/08\\\/corso-storytelling-suore.webp\",\"contentUrl\":\"https:\\\/\\\/spaziospadoni.org\\\/wp-content\\\/uploads\\\/2026\\\/08\\\/corso-storytelling-suore.webp\",\"width\":1200,\"height\":800,\"caption\":\"O Dicast\u00e9rio para a Comunica\u00e7\u00e3o prop\u00f5e \u00e0s religiosas um curso de storytelling para narrar as realidades que vivem nos seus pa\u00edses.\"},{\"@type\":\"BreadcrumbList\",\"@id\":\"https:\\\/\\\/spaziospadoni.org\\\/pt-pt\\\/irmas-que-contam-historias-das-margens-curso-de-jornalismo\\\/#breadcrumb\",\"itemListElement\":[{\"@type\":\"ListItem\",\"position\":1,\"name\":\"Home\",\"item\":\"https:\\\/\\\/spaziospadoni.org\\\/pt-pt\\\/\"},{\"@type\":\"ListItem\",\"position\":2,\"name\":\"Irm\u00e3s que contam hist\u00f3rias das margens: curso de jornalismo\"}]},{\"@type\":\"WebSite\",\"@id\":\"https:\\\/\\\/spaziospadoni.org\\\/pt-pt\\\/#website\",\"url\":\"https:\\\/\\\/spaziospadoni.org\\\/pt-pt\\\/\",\"name\":\"spazio + spadoni\",\"description\":\"Generazione di misericordia e missione nel mondo\",\"publisher\":{\"@id\":\"https:\\\/\\\/spaziospadoni.org\\\/pt-pt\\\/#organization\"},\"alternateName\":\"spaziospadoni.org\",\"potentialAction\":[{\"@type\":\"SearchAction\",\"target\":{\"@type\":\"EntryPoint\",\"urlTemplate\":\"https:\\\/\\\/spaziospadoni.org\\\/pt-pt\\\/?s={search_term_string}\"},\"query-input\":{\"@type\":\"PropertyValueSpecification\",\"valueRequired\":true,\"valueName\":\"search_term_string\"}}],\"inLanguage\":\"pt-PT\"},{\"@type\":\"Organization\",\"@id\":\"https:\\\/\\\/spaziospadoni.org\\\/pt-pt\\\/#organization\",\"name\":\"spazio + spadoni\",\"alternateName\":\"spaziospadoni.org\",\"url\":\"https:\\\/\\\/spaziospadoni.org\\\/pt-pt\\\/\",\"logo\":{\"@type\":\"ImageObject\",\"inLanguage\":\"pt-PT\",\"@id\":\"https:\\\/\\\/spaziospadoni.org\\\/pt-pt\\\/#\\\/schema\\\/logo\\\/image\\\/\",\"url\":\"https:\\\/\\\/spaziospadoni.org\\\/wp-content\\\/uploads\\\/2026\\\/05\\\/spazio-spadoni-logo-100x100-1.webp\",\"contentUrl\":\"https:\\\/\\\/spaziospadoni.org\\\/wp-content\\\/uploads\\\/2026\\\/05\\\/spazio-spadoni-logo-100x100-1.webp\",\"width\":100,\"height\":100,\"caption\":\"spazio + spadoni\"},\"image\":{\"@id\":\"https:\\\/\\\/spaziospadoni.org\\\/pt-pt\\\/#\\\/schema\\\/logo\\\/image\\\/\"},\"sameAs\":[\"https:\\\/\\\/www.facebook.com\\\/SpazioSpadoni\\\/\",\"https:\\\/\\\/www.instagram.com\\\/spaziospadoni\\\/\",\"https:\\\/\\\/www.youtube.com\\\/@spaziospadoni\\\/playlists\"]},{\"@type\":\"Person\",\"@id\":\"https:\\\/\\\/spaziospadoni.org\\\/pt-pt\\\/#\\\/schema\\\/person\\\/9cdee08a0f6e8328c0e19b713bde0426\",\"name\":\"Maria Lucia Ercole\",\"image\":{\"@type\":\"ImageObject\",\"inLanguage\":\"pt-PT\",\"@id\":\"https:\\\/\\\/secure.gravatar.com\\\/avatar\\\/880bbdf4c968635b20266eac4e46e8196a6dde9230c4927c12757a6c430e6e3d?s=96&d=mm&r=g\",\"url\":\"https:\\\/\\\/secure.gravatar.com\\\/avatar\\\/880bbdf4c968635b20266eac4e46e8196a6dde9230c4927c12757a6c430e6e3d?s=96&d=mm&r=g\",\"contentUrl\":\"https:\\\/\\\/secure.gravatar.com\\\/avatar\\\/880bbdf4c968635b20266eac4e46e8196a6dde9230c4927c12757a6c430e6e3d?s=96&d=mm&r=g\",\"caption\":\"Maria Lucia Ercole\"},\"description\":\"Licenciada em Economia e Ci\u00eancias da Educa\u00e7\u00e3o, lecionou em v\u00e1rias escolas secund\u00e1rias de Turim. Atualmente, dedica-se plenamente ao voluntariado, tanto no \u00e2mbito paroquial como no educativo, ensinando italiano como l\u00edngua segunda (L2) a migrantes. Desde outubro de 2021, escreve a newsletter \u201cLa Chiesa che ispira \u2013 Spazio di riflessione sulla Chiesa Cattolica, oggi\u201d e participa ativamente nas campanhas nacionais \u201cStop smartphone e social sotto i 14 e 16 anni\u201d.\",\"url\":\"https:\\\/\\\/spaziospadoni.org\\\/pt-pt\\\/author\\\/ercolemission\\\/\"}]}<\/script>\n<!-- \/ Yoast SEO plugin. -->","yoast_head_json":{"title":"Irm\u00e3s que contam hist\u00f3rias das margens: curso de jornalismo","description":"Curso de forma\u00e7\u00e3o online do Dicast\u00e9rio para a Comunica\u00e7\u00e3o dedicado a freiras para contar hist\u00f3rias das margens da sociedade.","robots":{"index":"index","follow":"follow","max-snippet":"max-snippet:-1","max-image-preview":"max-image-preview:large","max-video-preview":"max-video-preview:-1"},"canonical":"https:\/\/spaziospadoni.org\/pt-pt\/irmas-que-contam-historias-das-margens-curso-de-jornalismo\/","og_locale":"pt_PT","og_type":"article","og_title":"Irm\u00e3s que contam hist\u00f3rias das margens: curso de jornalismo","og_description":"Curso de forma\u00e7\u00e3o online do Dicast\u00e9rio para a Comunica\u00e7\u00e3o dedicado a freiras para contar hist\u00f3rias das margens da sociedade.","og_url":"https:\/\/spaziospadoni.org\/pt-pt\/irmas-que-contam-historias-das-margens-curso-de-jornalismo\/","og_site_name":"spazio + spadoni","article_publisher":"https:\/\/www.facebook.com\/SpazioSpadoni\/","article_published_time":"2026-08-13T16:00:00+00:00","article_modified_time":"2026-08-14T07:27:51+00:00","og_image":[{"width":1200,"height":800,"url":"https:\/\/spaziospadoni.org\/wp-content\/uploads\/2026\/08\/corso-storytelling-suore.webp","type":"image\/webp"}],"author":"Maria Lucia Ercole","twitter_card":"summary_large_image","twitter_misc":{"Escrito por":"Maria Lucia Ercole","Est. reading time":"2 minutes"},"schema":{"@context":"https:\/\/schema.org","@graph":[{"@type":"Article","@id":"https:\/\/spaziospadoni.org\/pt-pt\/irmas-que-contam-historias-das-margens-curso-de-jornalismo\/#article","isPartOf":{"@id":"https:\/\/spaziospadoni.org\/pt-pt\/irmas-que-contam-historias-das-margens-curso-de-jornalismo\/"},"author":{"name":"Maria Lucia Ercole","@id":"https:\/\/spaziospadoni.org\/pt-pt\/#\/schema\/person\/9cdee08a0f6e8328c0e19b713bde0426"},"headline":"Irm\u00e3s que contam hist\u00f3rias das margens: curso de jornalismo","datePublished":"2026-08-13T16:00:00+00:00","dateModified":"2026-08-14T07:27:51+00:00","mainEntityOfPage":{"@id":"https:\/\/spaziospadoni.org\/pt-pt\/irmas-que-contam-historias-das-margens-curso-de-jornalismo\/"},"wordCount":262,"publisher":{"@id":"https:\/\/spaziospadoni.org\/pt-pt\/#organization"},"image":{"@id":"https:\/\/spaziospadoni.org\/pt-pt\/irmas-que-contam-historias-das-margens-curso-de-jornalismo\/#primaryimage"},"thumbnailUrl":"https:\/\/spaziospadoni.org\/wp-content\/uploads\/2026\/08\/corso-storytelling-suore.webp","keywords":["Freiras","hist\u00f3rias","Jornalismo"],"articleSection":["A Igreja que inspira"],"inLanguage":"pt-PT"},{"@type":"WebPage","@id":"https:\/\/spaziospadoni.org\/pt-pt\/irmas-que-contam-historias-das-margens-curso-de-jornalismo\/","url":"https:\/\/spaziospadoni.org\/pt-pt\/irmas-que-contam-historias-das-margens-curso-de-jornalismo\/","name":"Irm\u00e3s que contam hist\u00f3rias das margens: curso de jornalismo","isPartOf":{"@id":"https:\/\/spaziospadoni.org\/pt-pt\/#website"},"primaryImageOfPage":{"@id":"https:\/\/spaziospadoni.org\/pt-pt\/irmas-que-contam-historias-das-margens-curso-de-jornalismo\/#primaryimage"},"image":{"@id":"https:\/\/spaziospadoni.org\/pt-pt\/irmas-que-contam-historias-das-margens-curso-de-jornalismo\/#primaryimage"},"thumbnailUrl":"https:\/\/spaziospadoni.org\/wp-content\/uploads\/2026\/08\/corso-storytelling-suore.webp","datePublished":"2026-08-13T16:00:00+00:00","dateModified":"2026-08-14T07:27:51+00:00","description":"Curso de forma\u00e7\u00e3o online do Dicast\u00e9rio para a Comunica\u00e7\u00e3o dedicado a freiras para contar hist\u00f3rias das margens da sociedade.","breadcrumb":{"@id":"https:\/\/spaziospadoni.org\/pt-pt\/irmas-que-contam-historias-das-margens-curso-de-jornalismo\/#breadcrumb"},"inLanguage":"pt-PT","potentialAction":[{"@type":"ReadAction","target":["https:\/\/spaziospadoni.org\/pt-pt\/irmas-que-contam-historias-das-margens-curso-de-jornalismo\/"]}]},{"@type":"ImageObject","inLanguage":"pt-PT","@id":"https:\/\/spaziospadoni.org\/pt-pt\/irmas-que-contam-historias-das-margens-curso-de-jornalismo\/#primaryimage","url":"https:\/\/spaziospadoni.org\/wp-content\/uploads\/2026\/08\/corso-storytelling-suore.webp","contentUrl":"https:\/\/spaziospadoni.org\/wp-content\/uploads\/2026\/08\/corso-storytelling-suore.webp","width":1200,"height":800,"caption":"O Dicast\u00e9rio para a Comunica\u00e7\u00e3o prop\u00f5e \u00e0s religiosas um curso de storytelling para narrar as realidades que vivem nos seus pa\u00edses."},{"@type":"BreadcrumbList","@id":"https:\/\/spaziospadoni.org\/pt-pt\/irmas-que-contam-historias-das-margens-curso-de-jornalismo\/#breadcrumb","itemListElement":[{"@type":"ListItem","position":1,"name":"Home","item":"https:\/\/spaziospadoni.org\/pt-pt\/"},{"@type":"ListItem","position":2,"name":"Irm\u00e3s que contam hist\u00f3rias das margens: curso de jornalismo"}]},{"@type":"WebSite","@id":"https:\/\/spaziospadoni.org\/pt-pt\/#website","url":"https:\/\/spaziospadoni.org\/pt-pt\/","name":"spazio + spadoni","description":"Generazione di misericordia e missione nel mondo","publisher":{"@id":"https:\/\/spaziospadoni.org\/pt-pt\/#organization"},"alternateName":"spaziospadoni.org","potentialAction":[{"@type":"SearchAction","target":{"@type":"EntryPoint","urlTemplate":"https:\/\/spaziospadoni.org\/pt-pt\/?s={search_term_string}"},"query-input":{"@type":"PropertyValueSpecification","valueRequired":true,"valueName":"search_term_string"}}],"inLanguage":"pt-PT"},{"@type":"Organization","@id":"https:\/\/spaziospadoni.org\/pt-pt\/#organization","name":"spazio + spadoni","alternateName":"spaziospadoni.org","url":"https:\/\/spaziospadoni.org\/pt-pt\/","logo":{"@type":"ImageObject","inLanguage":"pt-PT","@id":"https:\/\/spaziospadoni.org\/pt-pt\/#\/schema\/logo\/image\/","url":"https:\/\/spaziospadoni.org\/wp-content\/uploads\/2026\/05\/spazio-spadoni-logo-100x100-1.webp","contentUrl":"https:\/\/spaziospadoni.org\/wp-content\/uploads\/2026\/05\/spazio-spadoni-logo-100x100-1.webp","width":100,"height":100,"caption":"spazio + spadoni"},"image":{"@id":"https:\/\/spaziospadoni.org\/pt-pt\/#\/schema\/logo\/image\/"},"sameAs":["https:\/\/www.facebook.com\/SpazioSpadoni\/","https:\/\/www.instagram.com\/spaziospadoni\/","https:\/\/www.youtube.com\/@spaziospadoni\/playlists"]},{"@type":"Person","@id":"https:\/\/spaziospadoni.org\/pt-pt\/#\/schema\/person\/9cdee08a0f6e8328c0e19b713bde0426","name":"Maria Lucia Ercole","image":{"@type":"ImageObject","inLanguage":"pt-PT","@id":"https:\/\/secure.gravatar.com\/avatar\/880bbdf4c968635b20266eac4e46e8196a6dde9230c4927c12757a6c430e6e3d?s=96&d=mm&r=g","url":"https:\/\/secure.gravatar.com\/avatar\/880bbdf4c968635b20266eac4e46e8196a6dde9230c4927c12757a6c430e6e3d?s=96&d=mm&r=g","contentUrl":"https:\/\/secure.gravatar.com\/avatar\/880bbdf4c968635b20266eac4e46e8196a6dde9230c4927c12757a6c430e6e3d?s=96&d=mm&r=g","caption":"Maria Lucia Ercole"},"description":"Licenciada em Economia e Ci\u00eancias da Educa\u00e7\u00e3o, lecionou em v\u00e1rias escolas secund\u00e1rias de Turim. Atualmente, dedica-se plenamente ao voluntariado, tanto no \u00e2mbito paroquial como no educativo, ensinando italiano como l\u00edngua segunda (L2) a migrantes. Desde outubro de 2021, escreve a newsletter \u201cLa Chiesa che ispira \u2013 Spazio di riflessione sulla Chiesa Cattolica, oggi\u201d e participa ativamente nas campanhas nacionais \u201cStop smartphone e social sotto i 14 e 16 anni\u201d.","url":"https:\/\/spaziospadoni.org\/pt-pt\/author\/ercolemission\/"}]}},"_links":{"self":[{"href":"https:\/\/spaziospadoni.org\/pt-pt\/wp-json\/wp\/v2\/posts\/90001","targetHints":{"allow":["GET"]}}],"collection":[{"href":"https:\/\/spaziospadoni.org\/pt-pt\/wp-json\/wp\/v2\/posts"}],"about":[{"href":"https:\/\/spaziospadoni.org\/pt-pt\/wp-json\/wp\/v2\/types\/post"}],"author":[{"embeddable":true,"href":"https:\/\/spaziospadoni.org\/pt-pt\/wp-json\/wp\/v2\/users\/13"}],"replies":[{"embeddable":true,"href":"https:\/\/spaziospadoni.org\/pt-pt\/wp-json\/wp\/v2\/comments?post=90001"}],"version-history":[{"count":1,"href":"https:\/\/spaziospadoni.org\/pt-pt\/wp-json\/wp\/v2\/posts\/90001\/revisions"}],"predecessor-version":[{"id":90002,"href":"https:\/\/spaziospadoni.org\/pt-pt\/wp-json\/wp\/v2\/posts\/90001\/revisions\/90002"}],"wp:featuredmedia":[{"embeddable":true,"href":"https:\/\/spaziospadoni.org\/pt-pt\/wp-json\/wp\/v2\/media\/90000"}],"wp:attachment":[{"href":"https:\/\/spaziospadoni.org\/pt-pt\/wp-json\/wp\/v2\/media?parent=90001"}],"wp:term":[{"taxonomy":"category","embeddable":true,"href":"https:\/\/spaziospadoni.org\/pt-pt\/wp-json\/wp\/v2\/categories?post=90001"},{"taxonomy":"post_tag","embeddable":true,"href":"https:\/\/spaziospadoni.org\/pt-pt\/wp-json\/wp\/v2\/tags?post=90001"}],"curies":[{"name":"wp","href":"https:\/\/api.w.org\/{rel}","templated":true}]}}