{"id":90013,"date":"2026-08-14T07:30:00","date_gmt":"2026-08-14T06:30:00","guid":{"rendered":"https:\/\/spaziospadoni.org\/?p=90013"},"modified":"2026-08-14T09:54:28","modified_gmt":"2026-08-14T08:54:28","slug":"deus-tem-uma-enorme-fantasia-na-maneira-como-chama-terceira-parte","status":"publish","type":"post","link":"https:\/\/spaziospadoni.org\/pt-pt\/deus-tem-uma-enorme-fantasia-na-maneira-como-chama-terceira-parte\/","title":{"rendered":"\u201cDeus tem uma enorme fantasia na maneira como chama\u201d | Terceira parte"},"content":{"rendered":"\n<pre class=\"wp-block-verse\"><em><strong>A terceira parte do testemunho de Frei Paolo Maria Braghini, Frade Menor Capuchinho, no \u201cGo! Franciscan Youth Meet 2026\u201d, evento promovido pelos Frades Menores, pelos Frades Menores Conventuais e pelos Frades Menores Capuchinhos, realizado em Assis de 3 a 6 de agosto. Uma hist\u00f3ria que nos mostra a fantasia e a miseric\u00f3rdia de Deus.<\/strong><\/em><\/pre>\n\n\n\n<h2 id=\"o-chamado-ao-franciscanismo-e-a-missao-na-amazonia\" class=\"wp-block-heading\">O chamado ao franciscanismo e a miss\u00e3o na Amaz\u00f4nia<\/h2>\n\n\n\n<p class=\"wp-block-paragraph\">\u00abEu realmente senti que o Senhor me chamava para ser frade. Vi um homem radical, na fraternidade, na pobreza e no viver plenamente o Evangelho, e disse sim ao Senhor. N\u00e3o tive medo. Comecei o caminho para ser frade e, depois de poucos anos, eu e outro jovem frade fomos enviados para a Amaz\u00f4nia. L\u00e1 passei vinte anos da minha vida.\u00bb<\/p>\n\n\n\n<h2 id=\"os-desafios-da-natureza-e-a-descoberta-das-72-aldeias\" class=\"wp-block-heading\">Os desafios da natureza e a descoberta das 72 aldeias<\/h2>\n\n\n\n<p class=\"wp-block-paragraph\">\u00abO que normalmente os jovens perguntam s\u00e3o as aventuras: os perigos de vida foram muit\u00edssimos. L\u00e1 s\u00f3 h\u00e1 \u00e1gua, nada de estradas, nada de motos, nada de carros; uma realidade verdadeiramente dif\u00edcil, marcada pelas armadilhas da natureza. Cheguei at\u00e9 a naufragar, mas o Senhor me salvou por um triz! E depois crocodilos, cobras que passam por cima dos p\u00e9s, tar\u00e2ntulas\u2026 <\/p>\n\n\n\n<p class=\"wp-block-paragraph\">Haveria muit\u00edssimas coisas para contar, mas a mais bonita \u00e9 esta: depois de tr\u00eas anos, junto com outros dois jovens confrades, descobrimos que a partir da nossa pequena par\u00f3quia \u2014 uma aldeia ind\u00edgena sem eletricidade nem telefone, em uma precariedade extrema (eu j\u00e1 tinha perdido 10 quilos, contra\u00eddo mal\u00e1ria, etc.) \u2014 pod\u00edamos alcan\u00e7ar outras 72 aldeias. Lugares acess\u00edveis unicamente de canoa, alguns a mais de um dia de navega\u00e7\u00e3o. N\u00f3s nos olhamos e dissemos:<\/p>\n\n\n\n<p class=\"wp-block-paragraph\">\u00abSe continuarmos neste ritmo vamos morrer, v\u00e3o nos encontrar no cemit\u00e9rio! O que Jesus teria feito? O que Ele fez, na realidade?\u00bb Jesus chamou primeiro os doze ap\u00f3stolos, depois, vendo que a miss\u00e3o era imensa, enviou outros 72, que n\u00e3o eram sacerdotes, mas fam\u00edlias, jovens, homens e mulheres.\u00bb<\/p>\n\n\n\n<h2 id=\"o-envolvimento-dos-indios-ticuna-e-o-nascimento-de-uma-igreja-viva\" class=\"wp-block-heading\">O envolvimento dos \u00edndios Ticuna e o nascimento de uma Igreja viva<\/h2>\n\n\n\n<p class=\"wp-block-paragraph\">\u00abFizemos o mesmo com os ind\u00edgenas, os \u00edndios Ticuna, um povo extraordinariamente generoso. Depois de tr\u00eas anos, quando come\u00e7amos a compreender e a falar a l\u00edngua deles, convidamos tamb\u00e9m a eles para se tornarem mission\u00e1rios. <\/p>\n\n\n\n<p class=\"wp-block-paragraph\">A resposta deste povo humilde foi incr\u00edvel: hoje h\u00e1 catequistas capazes de reunir centenas e milhares de crian\u00e7as em todas as aldeias, e muit\u00edssimos jovens que, com disponibilidade, generosidade e uma imensa confian\u00e7a no Esp\u00edrito Santo, tornaram-se grandes mission\u00e1rios. <\/p>\n\n\n\n<p class=\"wp-block-paragraph\">Vale lembrar que naquele contexto muitos jovens tornam-se pais j\u00e1 aos 15 anos e aos 25 anos t\u00eam frequentemente 6, 7 ou 8 filhos. <\/p>\n\n\n\n<p class=\"wp-block-paragraph\">E, no entanto, hoje temos<strong> uma Igreja ind\u00edgena viva<\/strong>, fundada justamente na generosidade destes jovens que sabem dizer o seu \u201csim\u201d ao Senhor.\u00bb<\/p>\n\n\n\n<p class=\"has-text-align-center wp-block-paragraph\"><strong>Fim da terceira parte<\/strong><\/p>\n\n\n\n<p class=\"wp-block-paragraph\"><strong>Foto de frei Paolo Maria Braghini<\/strong><\/p>\n\n\n\n<p class=\"wp-block-paragraph\"><\/p>\n","protected":false},"excerpt":{"rendered":"<p>A terceira parte do testemunho de Frei Paolo Maria Braghini, Frade Menor Capuchinho, no \u201cGo! Franciscan Youth Meet 2026\u201d, evento promovido pelos Frades Menores, pelos Frades Menores Conventuais e pelos Frades Menores Capuchinhos, realizado em Assis de 3 a 6 de agosto. Uma hist\u00f3ria que nos mostra a fantasia e a miseric\u00f3rdia de Deus. O &#8230; <a title=\"\u201cDeus tem uma enorme fantasia na maneira como chama\u201d | Terceira parte\" class=\"read-more\" href=\"https:\/\/spaziospadoni.org\/pt-pt\/deus-tem-uma-enorme-fantasia-na-maneira-como-chama-terceira-parte\/\" aria-label=\"Read more about \u201cDeus tem uma enorme fantasia na maneira como chama\u201d | Terceira parte\">Ler mais<\/a><\/p>\n","protected":false},"author":82,"featured_media":90012,"comment_status":"closed","ping_status":"closed","sticky":false,"template":"","format":"standard","meta":{"_sitemap_exclude":false,"_sitemap_priority":"","_sitemap_frequency":"","ss_featured_image_title":"","ss_featured_image_alt":"Frei Paolo Maria Braghini na Amaz\u00f4nia .","ss_featured_image_caption":"Frei Paolo Maria Braghini, Frade Menor Capuchinho, passou 20 anos na Amaz\u00f4nia entre os Ticuna do Alto Solim\u00f5es.","footnotes":""},"categories":[2447],"tags":[3527,5042,4346,2572],"class_list":["post-90013","post","type-post","status-publish","format-standard","has-post-thumbnail","hentry","category-eu-misericordiado","tag-amazonas","tag-frades-menores-capuchinhos","tag-indios-pt","tag-missao","infinite-scroll-item","generate-columns","tablet-grid-50","mobile-grid-100","grid-parent","grid-50"],"yoast_head":"<!-- This site is optimized with the Yoast SEO plugin v28.4 - https:\/\/yoast.com\/product\/yoast-seo-wordpress\/ -->\n<title>\u201cDeus tem uma enorme fantasia na maneira como chama\u201d | Terceira parte<\/title>\n<meta name=\"description\" content=\"A miss\u00e3o franciscana de frei Paolo Maria Braghini na Amaz\u00f4nia entre os \u00edndios Ticuna: o nascimento de uma Igreja ind\u00edgena viva e generosa.\" \/>\n<meta name=\"robots\" content=\"index, follow, max-snippet:-1, max-image-preview:large, max-video-preview:-1\" \/>\n<link rel=\"canonical\" href=\"https:\/\/spaziospadoni.org\/pt-pt\/deus-tem-uma-enorme-fantasia-na-maneira-como-chama-terceira-parte\/\" \/>\n<meta property=\"og:locale\" content=\"pt_PT\" \/>\n<meta property=\"og:type\" content=\"article\" \/>\n<meta property=\"og:title\" content=\"\u201cDeus tem uma enorme fantasia na maneira como chama\u201d | Terceira parte\" \/>\n<meta property=\"og:description\" content=\"A miss\u00e3o franciscana de frei Paolo Maria Braghini na Amaz\u00f4nia entre os \u00edndios Ticuna: o nascimento de uma Igreja ind\u00edgena viva e generosa.\" \/>\n<meta property=\"og:url\" content=\"https:\/\/spaziospadoni.org\/pt-pt\/deus-tem-uma-enorme-fantasia-na-maneira-como-chama-terceira-parte\/\" \/>\n<meta property=\"og:site_name\" content=\"spazio + spadoni\" \/>\n<meta property=\"article:publisher\" content=\"https:\/\/www.facebook.com\/SpazioSpadoni\/\" \/>\n<meta property=\"article:published_time\" content=\"2026-08-14T06:30:00+00:00\" \/>\n<meta property=\"article:modified_time\" content=\"2026-08-14T08:54:28+00:00\" \/>\n<meta property=\"og:image\" content=\"https:\/\/spaziospadoni.org\/wp-content\/uploads\/2026\/08\/fra-paolo-braghini-missione.webp\" \/>\n\t<meta property=\"og:image:width\" content=\"1200\" \/>\n\t<meta property=\"og:image:height\" content=\"675\" \/>\n\t<meta property=\"og:image:type\" content=\"image\/webp\" \/>\n<meta name=\"author\" content=\"Fra Paolo Maria Braghini\" \/>\n<meta name=\"twitter:card\" content=\"summary_large_image\" \/>\n<meta name=\"twitter:label1\" content=\"Escrito por\" \/>\n\t<meta name=\"twitter:data1\" content=\"Frei Paolo Maria Braghini\" \/>\n\t<meta name=\"twitter:label2\" content=\"Est. reading time\" \/>\n\t<meta name=\"twitter:data2\" content=\"3 minutes\" \/>\n<script type=\"application\/ld+json\" class=\"yoast-schema-graph\">{\"@context\":\"https:\\\/\\\/schema.org\",\"@graph\":[{\"@type\":\"Article\",\"@id\":\"https:\\\/\\\/spaziospadoni.org\\\/pt-pt\\\/deus-tem-uma-enorme-fantasia-na-maneira-como-chama-terceira-parte\\\/#article\",\"isPartOf\":{\"@id\":\"https:\\\/\\\/spaziospadoni.org\\\/pt-pt\\\/deus-tem-uma-enorme-fantasia-na-maneira-como-chama-terceira-parte\\\/\"},\"author\":{\"name\":\"Fra Paolo Maria Braghini\",\"@id\":\"https:\\\/\\\/spaziospadoni.org\\\/pt-pt\\\/#\\\/schema\\\/person\\\/3564d8acb9905b1bac4639729953e97d\"},\"headline\":\"\u201cDeus tem uma enorme fantasia na maneira como chama\u201d | Terceira parte\",\"datePublished\":\"2026-08-14T06:30:00+00:00\",\"dateModified\":\"2026-08-14T08:54:28+00:00\",\"mainEntityOfPage\":{\"@id\":\"https:\\\/\\\/spaziospadoni.org\\\/pt-pt\\\/deus-tem-uma-enorme-fantasia-na-maneira-como-chama-terceira-parte\\\/\"},\"wordCount\":444,\"publisher\":{\"@id\":\"https:\\\/\\\/spaziospadoni.org\\\/pt-pt\\\/#organization\"},\"image\":{\"@id\":\"https:\\\/\\\/spaziospadoni.org\\\/pt-pt\\\/deus-tem-uma-enorme-fantasia-na-maneira-como-chama-terceira-parte\\\/#primaryimage\"},\"thumbnailUrl\":\"https:\\\/\\\/spaziospadoni.org\\\/wp-content\\\/uploads\\\/2026\\\/08\\\/fra-paolo-braghini-missione.webp\",\"keywords\":[\"Amazonas\",\"Frades Menores Capuchinhos\",\"\u00cdndios\",\"Miss\u00e3o\"],\"articleSection\":[\"Eu, misericordiado\"],\"inLanguage\":\"pt-PT\"},{\"@type\":\"WebPage\",\"@id\":\"https:\\\/\\\/spaziospadoni.org\\\/pt-pt\\\/deus-tem-uma-enorme-fantasia-na-maneira-como-chama-terceira-parte\\\/\",\"url\":\"https:\\\/\\\/spaziospadoni.org\\\/pt-pt\\\/deus-tem-uma-enorme-fantasia-na-maneira-como-chama-terceira-parte\\\/\",\"name\":\"\u201cDeus tem uma enorme fantasia na maneira como chama\u201d | Terceira parte\",\"isPartOf\":{\"@id\":\"https:\\\/\\\/spaziospadoni.org\\\/pt-pt\\\/#website\"},\"primaryImageOfPage\":{\"@id\":\"https:\\\/\\\/spaziospadoni.org\\\/pt-pt\\\/deus-tem-uma-enorme-fantasia-na-maneira-como-chama-terceira-parte\\\/#primaryimage\"},\"image\":{\"@id\":\"https:\\\/\\\/spaziospadoni.org\\\/pt-pt\\\/deus-tem-uma-enorme-fantasia-na-maneira-como-chama-terceira-parte\\\/#primaryimage\"},\"thumbnailUrl\":\"https:\\\/\\\/spaziospadoni.org\\\/wp-content\\\/uploads\\\/2026\\\/08\\\/fra-paolo-braghini-missione.webp\",\"datePublished\":\"2026-08-14T06:30:00+00:00\",\"dateModified\":\"2026-08-14T08:54:28+00:00\",\"description\":\"A miss\u00e3o franciscana de frei Paolo Maria Braghini na Amaz\u00f4nia entre os \u00edndios Ticuna: o nascimento de uma Igreja ind\u00edgena viva e generosa.\",\"breadcrumb\":{\"@id\":\"https:\\\/\\\/spaziospadoni.org\\\/pt-pt\\\/deus-tem-uma-enorme-fantasia-na-maneira-como-chama-terceira-parte\\\/#breadcrumb\"},\"inLanguage\":\"pt-PT\",\"potentialAction\":[{\"@type\":\"ReadAction\",\"target\":[\"https:\\\/\\\/spaziospadoni.org\\\/pt-pt\\\/deus-tem-uma-enorme-fantasia-na-maneira-como-chama-terceira-parte\\\/\"]}]},{\"@type\":\"ImageObject\",\"inLanguage\":\"pt-PT\",\"@id\":\"https:\\\/\\\/spaziospadoni.org\\\/pt-pt\\\/deus-tem-uma-enorme-fantasia-na-maneira-como-chama-terceira-parte\\\/#primaryimage\",\"url\":\"https:\\\/\\\/spaziospadoni.org\\\/wp-content\\\/uploads\\\/2026\\\/08\\\/fra-paolo-braghini-missione.webp\",\"contentUrl\":\"https:\\\/\\\/spaziospadoni.org\\\/wp-content\\\/uploads\\\/2026\\\/08\\\/fra-paolo-braghini-missione.webp\",\"width\":1200,\"height\":675,\"caption\":\"Frei Paolo Maria Braghini, Frade Menor Capuchinho, passou 20 anos na Amaz\u00f4nia entre os Ticuna do Alto Solim\u00f5es.\"},{\"@type\":\"BreadcrumbList\",\"@id\":\"https:\\\/\\\/spaziospadoni.org\\\/pt-pt\\\/deus-tem-uma-enorme-fantasia-na-maneira-como-chama-terceira-parte\\\/#breadcrumb\",\"itemListElement\":[{\"@type\":\"ListItem\",\"position\":1,\"name\":\"Home\",\"item\":\"https:\\\/\\\/spaziospadoni.org\\\/pt-pt\\\/\"},{\"@type\":\"ListItem\",\"position\":2,\"name\":\"\u201cDeus tem uma enorme fantasia na maneira como chama\u201d | Terceira parte\"}]},{\"@type\":\"WebSite\",\"@id\":\"https:\\\/\\\/spaziospadoni.org\\\/pt-pt\\\/#website\",\"url\":\"https:\\\/\\\/spaziospadoni.org\\\/pt-pt\\\/\",\"name\":\"spazio + spadoni\",\"description\":\"Generazione di misericordia e missione nel mondo\",\"publisher\":{\"@id\":\"https:\\\/\\\/spaziospadoni.org\\\/pt-pt\\\/#organization\"},\"alternateName\":\"spaziospadoni.org\",\"potentialAction\":[{\"@type\":\"SearchAction\",\"target\":{\"@type\":\"EntryPoint\",\"urlTemplate\":\"https:\\\/\\\/spaziospadoni.org\\\/pt-pt\\\/?s={search_term_string}\"},\"query-input\":{\"@type\":\"PropertyValueSpecification\",\"valueRequired\":true,\"valueName\":\"search_term_string\"}}],\"inLanguage\":\"pt-PT\"},{\"@type\":\"Organization\",\"@id\":\"https:\\\/\\\/spaziospadoni.org\\\/pt-pt\\\/#organization\",\"name\":\"spazio + spadoni\",\"alternateName\":\"spaziospadoni.org\",\"url\":\"https:\\\/\\\/spaziospadoni.org\\\/pt-pt\\\/\",\"logo\":{\"@type\":\"ImageObject\",\"inLanguage\":\"pt-PT\",\"@id\":\"https:\\\/\\\/spaziospadoni.org\\\/pt-pt\\\/#\\\/schema\\\/logo\\\/image\\\/\",\"url\":\"https:\\\/\\\/spaziospadoni.org\\\/wp-content\\\/uploads\\\/2026\\\/05\\\/spazio-spadoni-logo-100x100-1.webp\",\"contentUrl\":\"https:\\\/\\\/spaziospadoni.org\\\/wp-content\\\/uploads\\\/2026\\\/05\\\/spazio-spadoni-logo-100x100-1.webp\",\"width\":100,\"height\":100,\"caption\":\"spazio + spadoni\"},\"image\":{\"@id\":\"https:\\\/\\\/spaziospadoni.org\\\/pt-pt\\\/#\\\/schema\\\/logo\\\/image\\\/\"},\"sameAs\":[\"https:\\\/\\\/www.facebook.com\\\/SpazioSpadoni\\\/\",\"https:\\\/\\\/www.instagram.com\\\/spaziospadoni\\\/\",\"https:\\\/\\\/www.youtube.com\\\/@spaziospadoni\\\/playlists\"]},{\"@type\":\"Person\",\"@id\":\"https:\\\/\\\/spaziospadoni.org\\\/pt-pt\\\/#\\\/schema\\\/person\\\/3564d8acb9905b1bac4639729953e97d\",\"name\":\"Fra Paolo Maria Braghini\",\"image\":{\"@type\":\"ImageObject\",\"inLanguage\":\"pt-PT\",\"@id\":\"https:\\\/\\\/secure.gravatar.com\\\/avatar\\\/f32ed802d88a4c5f0c578a2cf8cd64a2f093a3566f4c951be66b98720ef889ee?s=96&d=mm&r=g\",\"url\":\"https:\\\/\\\/secure.gravatar.com\\\/avatar\\\/f32ed802d88a4c5f0c578a2cf8cd64a2f093a3566f4c951be66b98720ef889ee?s=96&d=mm&r=g\",\"contentUrl\":\"https:\\\/\\\/secure.gravatar.com\\\/avatar\\\/f32ed802d88a4c5f0c578a2cf8cd64a2f093a3566f4c951be66b98720ef889ee?s=96&d=mm&r=g\",\"caption\":\"Fra Paolo Maria Braghini\"},\"description\":\"Frade menor capuchinho, nascido em 1975, esteve em miss\u00e3o durante quase 20 anos no Alto Solim\u00f5es, na Amaz\u00f3nia, na fronteira entre o Brasil e o Peru. Deslocando-se muitas vezes de canoa, chegou a 70 aldeias, partilhando a vida e a f\u00e9 simples dos povos ind\u00edgenas. Natural da regi\u00e3o de Varese, regressou a It\u00e1lia no ver\u00e3o de 2025.\",\"url\":\"https:\\\/\\\/spaziospadoni.org\\\/pt-pt\\\/author\\\/braghini_mission\\\/\"}]}<\/script>\n<!-- \/ Yoast SEO plugin. -->","yoast_head_json":{"title":"\u201cDeus tem uma enorme fantasia na maneira como chama\u201d | Terceira parte","description":"A miss\u00e3o franciscana de frei Paolo Maria Braghini na Amaz\u00f4nia entre os \u00edndios Ticuna: o nascimento de uma Igreja ind\u00edgena viva e generosa.","robots":{"index":"index","follow":"follow","max-snippet":"max-snippet:-1","max-image-preview":"max-image-preview:large","max-video-preview":"max-video-preview:-1"},"canonical":"https:\/\/spaziospadoni.org\/pt-pt\/deus-tem-uma-enorme-fantasia-na-maneira-como-chama-terceira-parte\/","og_locale":"pt_PT","og_type":"article","og_title":"\u201cDeus tem uma enorme fantasia na maneira como chama\u201d | Terceira parte","og_description":"A miss\u00e3o franciscana de frei Paolo Maria Braghini na Amaz\u00f4nia entre os \u00edndios Ticuna: o nascimento de uma Igreja ind\u00edgena viva e generosa.","og_url":"https:\/\/spaziospadoni.org\/pt-pt\/deus-tem-uma-enorme-fantasia-na-maneira-como-chama-terceira-parte\/","og_site_name":"spazio + spadoni","article_publisher":"https:\/\/www.facebook.com\/SpazioSpadoni\/","article_published_time":"2026-08-14T06:30:00+00:00","article_modified_time":"2026-08-14T08:54:28+00:00","og_image":[{"width":1200,"height":675,"url":"https:\/\/spaziospadoni.org\/wp-content\/uploads\/2026\/08\/fra-paolo-braghini-missione.webp","type":"image\/webp"}],"author":"Fra Paolo Maria Braghini","twitter_card":"summary_large_image","twitter_misc":{"Escrito por":"Frei Paolo Maria Braghini","Est. reading time":"3 minutes"},"schema":{"@context":"https:\/\/schema.org","@graph":[{"@type":"Article","@id":"https:\/\/spaziospadoni.org\/pt-pt\/deus-tem-uma-enorme-fantasia-na-maneira-como-chama-terceira-parte\/#article","isPartOf":{"@id":"https:\/\/spaziospadoni.org\/pt-pt\/deus-tem-uma-enorme-fantasia-na-maneira-como-chama-terceira-parte\/"},"author":{"name":"Fra Paolo Maria Braghini","@id":"https:\/\/spaziospadoni.org\/pt-pt\/#\/schema\/person\/3564d8acb9905b1bac4639729953e97d"},"headline":"\u201cDeus tem uma enorme fantasia na maneira como chama\u201d | Terceira parte","datePublished":"2026-08-14T06:30:00+00:00","dateModified":"2026-08-14T08:54:28+00:00","mainEntityOfPage":{"@id":"https:\/\/spaziospadoni.org\/pt-pt\/deus-tem-uma-enorme-fantasia-na-maneira-como-chama-terceira-parte\/"},"wordCount":444,"publisher":{"@id":"https:\/\/spaziospadoni.org\/pt-pt\/#organization"},"image":{"@id":"https:\/\/spaziospadoni.org\/pt-pt\/deus-tem-uma-enorme-fantasia-na-maneira-como-chama-terceira-parte\/#primaryimage"},"thumbnailUrl":"https:\/\/spaziospadoni.org\/wp-content\/uploads\/2026\/08\/fra-paolo-braghini-missione.webp","keywords":["Amazonas","Frades Menores Capuchinhos","\u00cdndios","Miss\u00e3o"],"articleSection":["Eu, misericordiado"],"inLanguage":"pt-PT"},{"@type":"WebPage","@id":"https:\/\/spaziospadoni.org\/pt-pt\/deus-tem-uma-enorme-fantasia-na-maneira-como-chama-terceira-parte\/","url":"https:\/\/spaziospadoni.org\/pt-pt\/deus-tem-uma-enorme-fantasia-na-maneira-como-chama-terceira-parte\/","name":"\u201cDeus tem uma enorme fantasia na maneira como chama\u201d | Terceira parte","isPartOf":{"@id":"https:\/\/spaziospadoni.org\/pt-pt\/#website"},"primaryImageOfPage":{"@id":"https:\/\/spaziospadoni.org\/pt-pt\/deus-tem-uma-enorme-fantasia-na-maneira-como-chama-terceira-parte\/#primaryimage"},"image":{"@id":"https:\/\/spaziospadoni.org\/pt-pt\/deus-tem-uma-enorme-fantasia-na-maneira-como-chama-terceira-parte\/#primaryimage"},"thumbnailUrl":"https:\/\/spaziospadoni.org\/wp-content\/uploads\/2026\/08\/fra-paolo-braghini-missione.webp","datePublished":"2026-08-14T06:30:00+00:00","dateModified":"2026-08-14T08:54:28+00:00","description":"A miss\u00e3o franciscana de frei Paolo Maria Braghini na Amaz\u00f4nia entre os \u00edndios Ticuna: o nascimento de uma Igreja ind\u00edgena viva e generosa.","breadcrumb":{"@id":"https:\/\/spaziospadoni.org\/pt-pt\/deus-tem-uma-enorme-fantasia-na-maneira-como-chama-terceira-parte\/#breadcrumb"},"inLanguage":"pt-PT","potentialAction":[{"@type":"ReadAction","target":["https:\/\/spaziospadoni.org\/pt-pt\/deus-tem-uma-enorme-fantasia-na-maneira-como-chama-terceira-parte\/"]}]},{"@type":"ImageObject","inLanguage":"pt-PT","@id":"https:\/\/spaziospadoni.org\/pt-pt\/deus-tem-uma-enorme-fantasia-na-maneira-como-chama-terceira-parte\/#primaryimage","url":"https:\/\/spaziospadoni.org\/wp-content\/uploads\/2026\/08\/fra-paolo-braghini-missione.webp","contentUrl":"https:\/\/spaziospadoni.org\/wp-content\/uploads\/2026\/08\/fra-paolo-braghini-missione.webp","width":1200,"height":675,"caption":"Frei Paolo Maria Braghini, Frade Menor Capuchinho, passou 20 anos na Amaz\u00f4nia entre os Ticuna do Alto Solim\u00f5es."},{"@type":"BreadcrumbList","@id":"https:\/\/spaziospadoni.org\/pt-pt\/deus-tem-uma-enorme-fantasia-na-maneira-como-chama-terceira-parte\/#breadcrumb","itemListElement":[{"@type":"ListItem","position":1,"name":"Home","item":"https:\/\/spaziospadoni.org\/pt-pt\/"},{"@type":"ListItem","position":2,"name":"\u201cDeus tem uma enorme fantasia na maneira como chama\u201d | Terceira parte"}]},{"@type":"WebSite","@id":"https:\/\/spaziospadoni.org\/pt-pt\/#website","url":"https:\/\/spaziospadoni.org\/pt-pt\/","name":"spazio + spadoni","description":"Generazione di misericordia e missione nel mondo","publisher":{"@id":"https:\/\/spaziospadoni.org\/pt-pt\/#organization"},"alternateName":"spaziospadoni.org","potentialAction":[{"@type":"SearchAction","target":{"@type":"EntryPoint","urlTemplate":"https:\/\/spaziospadoni.org\/pt-pt\/?s={search_term_string}"},"query-input":{"@type":"PropertyValueSpecification","valueRequired":true,"valueName":"search_term_string"}}],"inLanguage":"pt-PT"},{"@type":"Organization","@id":"https:\/\/spaziospadoni.org\/pt-pt\/#organization","name":"spazio + spadoni","alternateName":"spaziospadoni.org","url":"https:\/\/spaziospadoni.org\/pt-pt\/","logo":{"@type":"ImageObject","inLanguage":"pt-PT","@id":"https:\/\/spaziospadoni.org\/pt-pt\/#\/schema\/logo\/image\/","url":"https:\/\/spaziospadoni.org\/wp-content\/uploads\/2026\/05\/spazio-spadoni-logo-100x100-1.webp","contentUrl":"https:\/\/spaziospadoni.org\/wp-content\/uploads\/2026\/05\/spazio-spadoni-logo-100x100-1.webp","width":100,"height":100,"caption":"spazio + spadoni"},"image":{"@id":"https:\/\/spaziospadoni.org\/pt-pt\/#\/schema\/logo\/image\/"},"sameAs":["https:\/\/www.facebook.com\/SpazioSpadoni\/","https:\/\/www.instagram.com\/spaziospadoni\/","https:\/\/www.youtube.com\/@spaziospadoni\/playlists"]},{"@type":"Person","@id":"https:\/\/spaziospadoni.org\/pt-pt\/#\/schema\/person\/3564d8acb9905b1bac4639729953e97d","name":"Fra Paolo Maria Braghini","image":{"@type":"ImageObject","inLanguage":"pt-PT","@id":"https:\/\/secure.gravatar.com\/avatar\/f32ed802d88a4c5f0c578a2cf8cd64a2f093a3566f4c951be66b98720ef889ee?s=96&d=mm&r=g","url":"https:\/\/secure.gravatar.com\/avatar\/f32ed802d88a4c5f0c578a2cf8cd64a2f093a3566f4c951be66b98720ef889ee?s=96&d=mm&r=g","contentUrl":"https:\/\/secure.gravatar.com\/avatar\/f32ed802d88a4c5f0c578a2cf8cd64a2f093a3566f4c951be66b98720ef889ee?s=96&d=mm&r=g","caption":"Fra Paolo Maria Braghini"},"description":"Frade menor capuchinho, nascido em 1975, esteve em miss\u00e3o durante quase 20 anos no Alto Solim\u00f5es, na Amaz\u00f3nia, na fronteira entre o Brasil e o Peru. Deslocando-se muitas vezes de canoa, chegou a 70 aldeias, partilhando a vida e a f\u00e9 simples dos povos ind\u00edgenas. Natural da regi\u00e3o de Varese, regressou a It\u00e1lia no ver\u00e3o de 2025.","url":"https:\/\/spaziospadoni.org\/pt-pt\/author\/braghini_mission\/"}]}},"_links":{"self":[{"href":"https:\/\/spaziospadoni.org\/pt-pt\/wp-json\/wp\/v2\/posts\/90013","targetHints":{"allow":["GET"]}}],"collection":[{"href":"https:\/\/spaziospadoni.org\/pt-pt\/wp-json\/wp\/v2\/posts"}],"about":[{"href":"https:\/\/spaziospadoni.org\/pt-pt\/wp-json\/wp\/v2\/types\/post"}],"author":[{"embeddable":true,"href":"https:\/\/spaziospadoni.org\/pt-pt\/wp-json\/wp\/v2\/users\/82"}],"replies":[{"embeddable":true,"href":"https:\/\/spaziospadoni.org\/pt-pt\/wp-json\/wp\/v2\/comments?post=90013"}],"version-history":[{"count":1,"href":"https:\/\/spaziospadoni.org\/pt-pt\/wp-json\/wp\/v2\/posts\/90013\/revisions"}],"predecessor-version":[{"id":90014,"href":"https:\/\/spaziospadoni.org\/pt-pt\/wp-json\/wp\/v2\/posts\/90013\/revisions\/90014"}],"wp:featuredmedia":[{"embeddable":true,"href":"https:\/\/spaziospadoni.org\/pt-pt\/wp-json\/wp\/v2\/media\/90012"}],"wp:attachment":[{"href":"https:\/\/spaziospadoni.org\/pt-pt\/wp-json\/wp\/v2\/media?parent=90013"}],"wp:term":[{"taxonomy":"category","embeddable":true,"href":"https:\/\/spaziospadoni.org\/pt-pt\/wp-json\/wp\/v2\/categories?post=90013"},{"taxonomy":"post_tag","embeddable":true,"href":"https:\/\/spaziospadoni.org\/pt-pt\/wp-json\/wp\/v2\/tags?post=90013"}],"curies":[{"name":"wp","href":"https:\/\/api.w.org\/{rel}","templated":true}]}}