{"id":90025,"date":"2026-08-12T07:30:00","date_gmt":"2026-08-12T06:30:00","guid":{"rendered":"https:\/\/spaziospadoni.org\/?p=90025"},"modified":"2026-08-14T09:39:53","modified_gmt":"2026-08-14T08:39:53","slug":"deus-tem-uma-enorme-fantasia-na-maneira-como-chama-primeira-parte","status":"publish","type":"post","link":"https:\/\/spaziospadoni.org\/pt-pt\/deus-tem-uma-enorme-fantasia-na-maneira-como-chama-primeira-parte\/","title":{"rendered":"\u201cDeus tem uma enorme fantasia na maneira como chama\u201d | Primeira parte"},"content":{"rendered":"\n<pre class=\"wp-block-verse\"><em><strong>O testemunho de frei Paolo Maria Braghini, Frade Menor Capuchinho, no \"Go! Franciscan Youth Meet 2026\", evento promovido pelos Frades Menores, Frades Menores Conventuais e Frades Menores Capuchinhos que se realizou em Assis de 3 a 6 de agosto.<\/strong><\/em><\/pre>\n\n\n\n<pre class=\"wp-block-verse\"><em><strong>N\u00f3s da spazio + spadoni apresentamo-lo em v\u00e1rios epis\u00f3dios, para os acompanhar passo a passo na leitura e escuta de uma hist\u00f3ria que nos mostra, mais uma vez, a imagina\u00e7\u00e3o e a miseric\u00f3rdia de Deus.<\/strong><\/em><\/pre>\n\n\n\n<h2 id=\"o-encontro-com-os-jovens-em-assis-e-a-vocacao\" class=\"wp-block-heading\">O encontro com os jovens em Assis e a voca\u00e7\u00e3o<\/h2>\n\n\n\n<p class=\"wp-block-paragraph\">Quando, h\u00e1 algumas noites, subi ao palco diante da Bas\u00edlica de Santa Maria dos Anjos, estava muito emocionado.<\/p>\n\n\n\n<p class=\"wp-block-paragraph\">Ver aquela multid\u00e3o de jovens \u2014 eram mais de 2.000 jovens de v\u00e1rios pa\u00edses da Europa e tamb\u00e9m da Am\u00e9rica \u2014 impressionou-me verdadeiramente.<\/p>\n\n\n\n<p class=\"wp-block-paragraph\">Os frades organizadores \u2014 para este evento organizado por toda a fam\u00edlia franciscana \u2014 tinham-me pedido para testemunhar o meu chamado para partir.<\/p>\n\n\n\n<p class=\"wp-block-paragraph\">Depois, houve tamb\u00e9m o testemunho de um sacerdote que trabalha com os jovens da pris\u00e3o de Mil\u00e3o e o de PizzaBanda. Foi uma vig\u00edlia de ora\u00e7\u00e3o.<\/p>\n\n\n\n<p class=\"wp-block-paragraph\">Tentei falar ao cora\u00e7\u00e3o dos jovens e disse: \u00abOlhem, Deus chama e chama de formas diferentes&#8230; Ele tem uma imagina\u00e7\u00e3o enorme na sua forma de chamar\u00bb.<\/p>\n\n\n\n<h2 id=\"o-acidente-o-sofrimento-e-o-nascimento-do-desejo-de-missao\" class=\"wp-block-heading\">O acidente, o sofrimento e o nascimento do desejo de miss\u00e3o<\/h2>\n\n\n\n<p class=\"wp-block-paragraph\">Quando era jovem, frequentava a igreja superficialmente; \u00e0s vezes, durante a missa de domingo, ficava no fundo da igreja com os amigos, \u00e0s vezes um pouco distra\u00eddo: esse era o meu modo de ser crist\u00e3o.<\/p>\n\n\n\n<p class=\"wp-block-paragraph\">E quando ouvia o Evangelho do Senhor a falar do chamado, do tipo \u00abVai, vem e segue-me\u00bb, incomodava-me um pouco, n\u00e3o sei explicar bem.<\/p>\n\n\n\n<p class=\"wp-block-paragraph\">O Senhor, ent\u00e3o, encontrou outras formas de me chamar, e uma delas foi o acidente de moto. Aquele famoso acidente de moto depois de um jogo de voleibol, ao fim da noite&#8230; Estava um pouco atrasado para a escola, um acidente que n\u00e3o foi por minha culpa, tr\u00eas meses paralisado.<\/p>\n\n\n\n<p class=\"wp-block-paragraph\">A experi\u00eancia da dor desses tr\u00eas meses e a leitura do livro <em>A Cidade da Alegria<\/em> (que aconselhei os jovens a ler) colocaram dentro de mim um desejo de miss\u00e3o.<\/p>\n\n\n\n<p class=\"wp-block-paragraph\">Mesmo quando esse per\u00edodo passou, aquele chamado para ir para junto dos mais pobres dos pa\u00edses mais pobres estava sempre presente. A minha namorada da altura ajudou-me muito, uma rapariga extraordin\u00e1ria que me questionava justamente e dizia: \u00abMas porqu\u00ea ir? N\u00e3o podes ser mission\u00e1rio aqui tamb\u00e9m?\u00bb.<\/p>\n\n\n\n<p class=\"wp-block-paragraph\">Justamente provocado, comecei a fazer voluntariado com os filhos dos reclusos, servindo entre os idosos.<\/p>\n\n\n\n<p class=\"wp-block-paragraph\">FIM DA PRIMEIRA PARTE<\/p>\n\n\n\n<p class=\"wp-block-paragraph\">Foto de frei Paolo Maria Braghini<\/p>\n\n\n\n<p class=\"wp-block-paragraph\"><\/p>\n","protected":false},"excerpt":{"rendered":"<p>O testemunho de frei Paolo Maria Braghini, Frade Menor Capuchinho, no &#8220;Go! Franciscan Youth Meet 2026&#8221;, evento promovido pelos Frades Menores, Frades Menores Conventuais e Frades Menores Capuchinhos que se realizou em Assis de 3 a 6 de agosto. N\u00f3s da spazio + spadoni apresentamo-lo em v\u00e1rios epis\u00f3dios, para os acompanhar passo a passo na &#8230; <a title=\"\u201cDeus tem uma enorme fantasia na maneira como chama\u201d | Primeira parte\" class=\"read-more\" href=\"https:\/\/spaziospadoni.org\/pt-pt\/deus-tem-uma-enorme-fantasia-na-maneira-como-chama-primeira-parte\/\" aria-label=\"Read more about \u201cDeus tem uma enorme fantasia na maneira como chama\u201d | Primeira parte\">Ler mais<\/a><\/p>\n","protected":false},"author":82,"featured_media":90024,"comment_status":"closed","ping_status":"closed","sticky":false,"template":"","format":"standard","meta":{"_sitemap_exclude":false,"_sitemap_priority":"","_sitemap_frequency":"","ss_featured_image_title":"","ss_featured_image_alt":"estemunho mission\u00e1rio em Assis","ss_featured_image_caption":"Diante da Bas\u00edlica de Santa Maria dos Anjos da Porci\u00fancula, em Assis, o testemunho de Frei Paolo Maria Braghini.","footnotes":""},"categories":[2447],"tags":[5042,2572,3031],"class_list":["post-90025","post","type-post","status-publish","format-standard","has-post-thumbnail","hentry","category-eu-misericordiado","tag-frades-menores-capuchinhos","tag-missao","tag-vocacao","infinite-scroll-item","generate-columns","tablet-grid-50","mobile-grid-100","grid-parent","grid-50"],"yoast_head":"<!-- This site is optimized with the Yoast SEO plugin v28.4 - https:\/\/yoast.com\/product\/yoast-seo-wordpress\/ -->\n<title>\u201cDeus tem uma enorme fantasia na maneira como chama\u201d | Primeira parte<\/title>\n<meta name=\"description\" content=\"O testemunho de frei Paolo Maria Braghini no Go! Franciscan Youth Meet 2026 em Assis: a hist\u00f3ria de uma voca\u00e7\u00e3o nascida da dor e do servi\u00e7o.\" \/>\n<meta name=\"robots\" content=\"index, follow, max-snippet:-1, max-image-preview:large, max-video-preview:-1\" \/>\n<link rel=\"canonical\" href=\"https:\/\/spaziospadoni.org\/pt-pt\/deus-tem-uma-enorme-fantasia-na-maneira-como-chama-primeira-parte\/\" \/>\n<meta property=\"og:locale\" content=\"pt_PT\" \/>\n<meta property=\"og:type\" content=\"article\" \/>\n<meta property=\"og:title\" content=\"\u201cDeus tem uma enorme fantasia na maneira como chama\u201d | Primeira parte\" \/>\n<meta property=\"og:description\" content=\"O testemunho de frei Paolo Maria Braghini no Go! Franciscan Youth Meet 2026 em Assis: a hist\u00f3ria de uma voca\u00e7\u00e3o nascida da dor e do servi\u00e7o.\" \/>\n<meta property=\"og:url\" content=\"https:\/\/spaziospadoni.org\/pt-pt\/deus-tem-uma-enorme-fantasia-na-maneira-como-chama-primeira-parte\/\" \/>\n<meta property=\"og:site_name\" content=\"spazio + spadoni\" \/>\n<meta property=\"article:publisher\" content=\"https:\/\/www.facebook.com\/SpazioSpadoni\/\" \/>\n<meta property=\"article:published_time\" content=\"2026-08-12T06:30:00+00:00\" \/>\n<meta property=\"article:modified_time\" content=\"2026-08-14T08:39:53+00:00\" \/>\n<meta property=\"og:image\" content=\"https:\/\/spaziospadoni.org\/wp-content\/uploads\/2026\/08\/porziuncola-assisi-testimonianza.webp\" \/>\n\t<meta property=\"og:image:width\" content=\"1200\" \/>\n\t<meta property=\"og:image:height\" content=\"1200\" \/>\n\t<meta property=\"og:image:type\" content=\"image\/webp\" \/>\n<meta name=\"author\" content=\"Fra Paolo Maria Braghini\" \/>\n<meta name=\"twitter:card\" content=\"summary_large_image\" \/>\n<meta name=\"twitter:label1\" content=\"Escrito por\" \/>\n\t<meta name=\"twitter:data1\" content=\"Frei Paolo Maria Braghini\" \/>\n\t<meta name=\"twitter:label2\" content=\"Est. reading time\" \/>\n\t<meta name=\"twitter:data2\" content=\"2 minutes\" \/>\n<script type=\"application\/ld+json\" class=\"yoast-schema-graph\">{\"@context\":\"https:\\\/\\\/schema.org\",\"@graph\":[{\"@type\":\"Article\",\"@id\":\"https:\\\/\\\/spaziospadoni.org\\\/pt-pt\\\/deus-tem-uma-enorme-fantasia-na-maneira-como-chama-primeira-parte\\\/#article\",\"isPartOf\":{\"@id\":\"https:\\\/\\\/spaziospadoni.org\\\/pt-pt\\\/deus-tem-uma-enorme-fantasia-na-maneira-como-chama-primeira-parte\\\/\"},\"author\":{\"name\":\"Fra Paolo Maria Braghini\",\"@id\":\"https:\\\/\\\/spaziospadoni.org\\\/pt-pt\\\/#\\\/schema\\\/person\\\/3564d8acb9905b1bac4639729953e97d\"},\"headline\":\"\u201cDeus tem uma enorme fantasia na maneira como chama\u201d | Primeira parte\",\"datePublished\":\"2026-08-12T06:30:00+00:00\",\"dateModified\":\"2026-08-14T08:39:53+00:00\",\"mainEntityOfPage\":{\"@id\":\"https:\\\/\\\/spaziospadoni.org\\\/pt-pt\\\/deus-tem-uma-enorme-fantasia-na-maneira-como-chama-primeira-parte\\\/\"},\"wordCount\":384,\"publisher\":{\"@id\":\"https:\\\/\\\/spaziospadoni.org\\\/pt-pt\\\/#organization\"},\"image\":{\"@id\":\"https:\\\/\\\/spaziospadoni.org\\\/pt-pt\\\/deus-tem-uma-enorme-fantasia-na-maneira-como-chama-primeira-parte\\\/#primaryimage\"},\"thumbnailUrl\":\"https:\\\/\\\/spaziospadoni.org\\\/wp-content\\\/uploads\\\/2026\\\/08\\\/porziuncola-assisi-testimonianza.webp\",\"keywords\":[\"Frades Menores Capuchinhos\",\"Miss\u00e3o\",\"voca\u00e7\u00e3o\"],\"articleSection\":[\"Eu, misericordiado\"],\"inLanguage\":\"pt-PT\"},{\"@type\":\"WebPage\",\"@id\":\"https:\\\/\\\/spaziospadoni.org\\\/pt-pt\\\/deus-tem-uma-enorme-fantasia-na-maneira-como-chama-primeira-parte\\\/\",\"url\":\"https:\\\/\\\/spaziospadoni.org\\\/pt-pt\\\/deus-tem-uma-enorme-fantasia-na-maneira-como-chama-primeira-parte\\\/\",\"name\":\"\u201cDeus tem uma enorme fantasia na maneira como chama\u201d | Primeira parte\",\"isPartOf\":{\"@id\":\"https:\\\/\\\/spaziospadoni.org\\\/pt-pt\\\/#website\"},\"primaryImageOfPage\":{\"@id\":\"https:\\\/\\\/spaziospadoni.org\\\/pt-pt\\\/deus-tem-uma-enorme-fantasia-na-maneira-como-chama-primeira-parte\\\/#primaryimage\"},\"image\":{\"@id\":\"https:\\\/\\\/spaziospadoni.org\\\/pt-pt\\\/deus-tem-uma-enorme-fantasia-na-maneira-como-chama-primeira-parte\\\/#primaryimage\"},\"thumbnailUrl\":\"https:\\\/\\\/spaziospadoni.org\\\/wp-content\\\/uploads\\\/2026\\\/08\\\/porziuncola-assisi-testimonianza.webp\",\"datePublished\":\"2026-08-12T06:30:00+00:00\",\"dateModified\":\"2026-08-14T08:39:53+00:00\",\"description\":\"O testemunho de frei Paolo Maria Braghini no Go! Franciscan Youth Meet 2026 em Assis: a hist\u00f3ria de uma voca\u00e7\u00e3o nascida da dor e do servi\u00e7o.\",\"breadcrumb\":{\"@id\":\"https:\\\/\\\/spaziospadoni.org\\\/pt-pt\\\/deus-tem-uma-enorme-fantasia-na-maneira-como-chama-primeira-parte\\\/#breadcrumb\"},\"inLanguage\":\"pt-PT\",\"potentialAction\":[{\"@type\":\"ReadAction\",\"target\":[\"https:\\\/\\\/spaziospadoni.org\\\/pt-pt\\\/deus-tem-uma-enorme-fantasia-na-maneira-como-chama-primeira-parte\\\/\"]}]},{\"@type\":\"ImageObject\",\"inLanguage\":\"pt-PT\",\"@id\":\"https:\\\/\\\/spaziospadoni.org\\\/pt-pt\\\/deus-tem-uma-enorme-fantasia-na-maneira-como-chama-primeira-parte\\\/#primaryimage\",\"url\":\"https:\\\/\\\/spaziospadoni.org\\\/wp-content\\\/uploads\\\/2026\\\/08\\\/porziuncola-assisi-testimonianza.webp\",\"contentUrl\":\"https:\\\/\\\/spaziospadoni.org\\\/wp-content\\\/uploads\\\/2026\\\/08\\\/porziuncola-assisi-testimonianza.webp\",\"width\":1200,\"height\":1200,\"caption\":\"Diante da Bas\u00edlica de Santa Maria dos Anjos da Porci\u00fancula, em Assis, o testemunho de Frei Paolo Maria Braghini.\"},{\"@type\":\"BreadcrumbList\",\"@id\":\"https:\\\/\\\/spaziospadoni.org\\\/pt-pt\\\/deus-tem-uma-enorme-fantasia-na-maneira-como-chama-primeira-parte\\\/#breadcrumb\",\"itemListElement\":[{\"@type\":\"ListItem\",\"position\":1,\"name\":\"Home\",\"item\":\"https:\\\/\\\/spaziospadoni.org\\\/pt-pt\\\/\"},{\"@type\":\"ListItem\",\"position\":2,\"name\":\"\u201cDeus tem uma enorme fantasia na maneira como chama\u201d | Primeira parte\"}]},{\"@type\":\"WebSite\",\"@id\":\"https:\\\/\\\/spaziospadoni.org\\\/pt-pt\\\/#website\",\"url\":\"https:\\\/\\\/spaziospadoni.org\\\/pt-pt\\\/\",\"name\":\"spazio + spadoni\",\"description\":\"Generazione di misericordia e missione nel mondo\",\"publisher\":{\"@id\":\"https:\\\/\\\/spaziospadoni.org\\\/pt-pt\\\/#organization\"},\"alternateName\":\"spaziospadoni.org\",\"potentialAction\":[{\"@type\":\"SearchAction\",\"target\":{\"@type\":\"EntryPoint\",\"urlTemplate\":\"https:\\\/\\\/spaziospadoni.org\\\/pt-pt\\\/?s={search_term_string}\"},\"query-input\":{\"@type\":\"PropertyValueSpecification\",\"valueRequired\":true,\"valueName\":\"search_term_string\"}}],\"inLanguage\":\"pt-PT\"},{\"@type\":\"Organization\",\"@id\":\"https:\\\/\\\/spaziospadoni.org\\\/pt-pt\\\/#organization\",\"name\":\"spazio + spadoni\",\"alternateName\":\"spaziospadoni.org\",\"url\":\"https:\\\/\\\/spaziospadoni.org\\\/pt-pt\\\/\",\"logo\":{\"@type\":\"ImageObject\",\"inLanguage\":\"pt-PT\",\"@id\":\"https:\\\/\\\/spaziospadoni.org\\\/pt-pt\\\/#\\\/schema\\\/logo\\\/image\\\/\",\"url\":\"https:\\\/\\\/spaziospadoni.org\\\/wp-content\\\/uploads\\\/2026\\\/05\\\/spazio-spadoni-logo-100x100-1.webp\",\"contentUrl\":\"https:\\\/\\\/spaziospadoni.org\\\/wp-content\\\/uploads\\\/2026\\\/05\\\/spazio-spadoni-logo-100x100-1.webp\",\"width\":100,\"height\":100,\"caption\":\"spazio + spadoni\"},\"image\":{\"@id\":\"https:\\\/\\\/spaziospadoni.org\\\/pt-pt\\\/#\\\/schema\\\/logo\\\/image\\\/\"},\"sameAs\":[\"https:\\\/\\\/www.facebook.com\\\/SpazioSpadoni\\\/\",\"https:\\\/\\\/www.instagram.com\\\/spaziospadoni\\\/\",\"https:\\\/\\\/www.youtube.com\\\/@spaziospadoni\\\/playlists\"]},{\"@type\":\"Person\",\"@id\":\"https:\\\/\\\/spaziospadoni.org\\\/pt-pt\\\/#\\\/schema\\\/person\\\/3564d8acb9905b1bac4639729953e97d\",\"name\":\"Fra Paolo Maria Braghini\",\"image\":{\"@type\":\"ImageObject\",\"inLanguage\":\"pt-PT\",\"@id\":\"https:\\\/\\\/secure.gravatar.com\\\/avatar\\\/f32ed802d88a4c5f0c578a2cf8cd64a2f093a3566f4c951be66b98720ef889ee?s=96&d=mm&r=g\",\"url\":\"https:\\\/\\\/secure.gravatar.com\\\/avatar\\\/f32ed802d88a4c5f0c578a2cf8cd64a2f093a3566f4c951be66b98720ef889ee?s=96&d=mm&r=g\",\"contentUrl\":\"https:\\\/\\\/secure.gravatar.com\\\/avatar\\\/f32ed802d88a4c5f0c578a2cf8cd64a2f093a3566f4c951be66b98720ef889ee?s=96&d=mm&r=g\",\"caption\":\"Fra Paolo Maria Braghini\"},\"description\":\"Frade menor capuchinho, nascido em 1975, esteve em miss\u00e3o durante quase 20 anos no Alto Solim\u00f5es, na Amaz\u00f3nia, na fronteira entre o Brasil e o Peru. Deslocando-se muitas vezes de canoa, chegou a 70 aldeias, partilhando a vida e a f\u00e9 simples dos povos ind\u00edgenas. Natural da regi\u00e3o de Varese, regressou a It\u00e1lia no ver\u00e3o de 2025.\",\"url\":\"https:\\\/\\\/spaziospadoni.org\\\/pt-pt\\\/author\\\/braghini_mission\\\/\"}]}<\/script>\n<!-- \/ Yoast SEO plugin. -->","yoast_head_json":{"title":"\u201cDeus tem uma enorme fantasia na maneira como chama\u201d | Primeira parte","description":"O testemunho de frei Paolo Maria Braghini no Go! Franciscan Youth Meet 2026 em Assis: a hist\u00f3ria de uma voca\u00e7\u00e3o nascida da dor e do servi\u00e7o.","robots":{"index":"index","follow":"follow","max-snippet":"max-snippet:-1","max-image-preview":"max-image-preview:large","max-video-preview":"max-video-preview:-1"},"canonical":"https:\/\/spaziospadoni.org\/pt-pt\/deus-tem-uma-enorme-fantasia-na-maneira-como-chama-primeira-parte\/","og_locale":"pt_PT","og_type":"article","og_title":"\u201cDeus tem uma enorme fantasia na maneira como chama\u201d | Primeira parte","og_description":"O testemunho de frei Paolo Maria Braghini no Go! Franciscan Youth Meet 2026 em Assis: a hist\u00f3ria de uma voca\u00e7\u00e3o nascida da dor e do servi\u00e7o.","og_url":"https:\/\/spaziospadoni.org\/pt-pt\/deus-tem-uma-enorme-fantasia-na-maneira-como-chama-primeira-parte\/","og_site_name":"spazio + spadoni","article_publisher":"https:\/\/www.facebook.com\/SpazioSpadoni\/","article_published_time":"2026-08-12T06:30:00+00:00","article_modified_time":"2026-08-14T08:39:53+00:00","og_image":[{"width":1200,"height":1200,"url":"https:\/\/spaziospadoni.org\/wp-content\/uploads\/2026\/08\/porziuncola-assisi-testimonianza.webp","type":"image\/webp"}],"author":"Fra Paolo Maria Braghini","twitter_card":"summary_large_image","twitter_misc":{"Escrito por":"Frei Paolo Maria Braghini","Est. reading time":"2 minutes"},"schema":{"@context":"https:\/\/schema.org","@graph":[{"@type":"Article","@id":"https:\/\/spaziospadoni.org\/pt-pt\/deus-tem-uma-enorme-fantasia-na-maneira-como-chama-primeira-parte\/#article","isPartOf":{"@id":"https:\/\/spaziospadoni.org\/pt-pt\/deus-tem-uma-enorme-fantasia-na-maneira-como-chama-primeira-parte\/"},"author":{"name":"Fra Paolo Maria Braghini","@id":"https:\/\/spaziospadoni.org\/pt-pt\/#\/schema\/person\/3564d8acb9905b1bac4639729953e97d"},"headline":"\u201cDeus tem uma enorme fantasia na maneira como chama\u201d | Primeira parte","datePublished":"2026-08-12T06:30:00+00:00","dateModified":"2026-08-14T08:39:53+00:00","mainEntityOfPage":{"@id":"https:\/\/spaziospadoni.org\/pt-pt\/deus-tem-uma-enorme-fantasia-na-maneira-como-chama-primeira-parte\/"},"wordCount":384,"publisher":{"@id":"https:\/\/spaziospadoni.org\/pt-pt\/#organization"},"image":{"@id":"https:\/\/spaziospadoni.org\/pt-pt\/deus-tem-uma-enorme-fantasia-na-maneira-como-chama-primeira-parte\/#primaryimage"},"thumbnailUrl":"https:\/\/spaziospadoni.org\/wp-content\/uploads\/2026\/08\/porziuncola-assisi-testimonianza.webp","keywords":["Frades Menores Capuchinhos","Miss\u00e3o","voca\u00e7\u00e3o"],"articleSection":["Eu, misericordiado"],"inLanguage":"pt-PT"},{"@type":"WebPage","@id":"https:\/\/spaziospadoni.org\/pt-pt\/deus-tem-uma-enorme-fantasia-na-maneira-como-chama-primeira-parte\/","url":"https:\/\/spaziospadoni.org\/pt-pt\/deus-tem-uma-enorme-fantasia-na-maneira-como-chama-primeira-parte\/","name":"\u201cDeus tem uma enorme fantasia na maneira como chama\u201d | Primeira parte","isPartOf":{"@id":"https:\/\/spaziospadoni.org\/pt-pt\/#website"},"primaryImageOfPage":{"@id":"https:\/\/spaziospadoni.org\/pt-pt\/deus-tem-uma-enorme-fantasia-na-maneira-como-chama-primeira-parte\/#primaryimage"},"image":{"@id":"https:\/\/spaziospadoni.org\/pt-pt\/deus-tem-uma-enorme-fantasia-na-maneira-como-chama-primeira-parte\/#primaryimage"},"thumbnailUrl":"https:\/\/spaziospadoni.org\/wp-content\/uploads\/2026\/08\/porziuncola-assisi-testimonianza.webp","datePublished":"2026-08-12T06:30:00+00:00","dateModified":"2026-08-14T08:39:53+00:00","description":"O testemunho de frei Paolo Maria Braghini no Go! Franciscan Youth Meet 2026 em Assis: a hist\u00f3ria de uma voca\u00e7\u00e3o nascida da dor e do servi\u00e7o.","breadcrumb":{"@id":"https:\/\/spaziospadoni.org\/pt-pt\/deus-tem-uma-enorme-fantasia-na-maneira-como-chama-primeira-parte\/#breadcrumb"},"inLanguage":"pt-PT","potentialAction":[{"@type":"ReadAction","target":["https:\/\/spaziospadoni.org\/pt-pt\/deus-tem-uma-enorme-fantasia-na-maneira-como-chama-primeira-parte\/"]}]},{"@type":"ImageObject","inLanguage":"pt-PT","@id":"https:\/\/spaziospadoni.org\/pt-pt\/deus-tem-uma-enorme-fantasia-na-maneira-como-chama-primeira-parte\/#primaryimage","url":"https:\/\/spaziospadoni.org\/wp-content\/uploads\/2026\/08\/porziuncola-assisi-testimonianza.webp","contentUrl":"https:\/\/spaziospadoni.org\/wp-content\/uploads\/2026\/08\/porziuncola-assisi-testimonianza.webp","width":1200,"height":1200,"caption":"Diante da Bas\u00edlica de Santa Maria dos Anjos da Porci\u00fancula, em Assis, o testemunho de Frei Paolo Maria Braghini."},{"@type":"BreadcrumbList","@id":"https:\/\/spaziospadoni.org\/pt-pt\/deus-tem-uma-enorme-fantasia-na-maneira-como-chama-primeira-parte\/#breadcrumb","itemListElement":[{"@type":"ListItem","position":1,"name":"Home","item":"https:\/\/spaziospadoni.org\/pt-pt\/"},{"@type":"ListItem","position":2,"name":"\u201cDeus tem uma enorme fantasia na maneira como chama\u201d | Primeira parte"}]},{"@type":"WebSite","@id":"https:\/\/spaziospadoni.org\/pt-pt\/#website","url":"https:\/\/spaziospadoni.org\/pt-pt\/","name":"spazio + spadoni","description":"Generazione di misericordia e missione nel mondo","publisher":{"@id":"https:\/\/spaziospadoni.org\/pt-pt\/#organization"},"alternateName":"spaziospadoni.org","potentialAction":[{"@type":"SearchAction","target":{"@type":"EntryPoint","urlTemplate":"https:\/\/spaziospadoni.org\/pt-pt\/?s={search_term_string}"},"query-input":{"@type":"PropertyValueSpecification","valueRequired":true,"valueName":"search_term_string"}}],"inLanguage":"pt-PT"},{"@type":"Organization","@id":"https:\/\/spaziospadoni.org\/pt-pt\/#organization","name":"spazio + spadoni","alternateName":"spaziospadoni.org","url":"https:\/\/spaziospadoni.org\/pt-pt\/","logo":{"@type":"ImageObject","inLanguage":"pt-PT","@id":"https:\/\/spaziospadoni.org\/pt-pt\/#\/schema\/logo\/image\/","url":"https:\/\/spaziospadoni.org\/wp-content\/uploads\/2026\/05\/spazio-spadoni-logo-100x100-1.webp","contentUrl":"https:\/\/spaziospadoni.org\/wp-content\/uploads\/2026\/05\/spazio-spadoni-logo-100x100-1.webp","width":100,"height":100,"caption":"spazio + spadoni"},"image":{"@id":"https:\/\/spaziospadoni.org\/pt-pt\/#\/schema\/logo\/image\/"},"sameAs":["https:\/\/www.facebook.com\/SpazioSpadoni\/","https:\/\/www.instagram.com\/spaziospadoni\/","https:\/\/www.youtube.com\/@spaziospadoni\/playlists"]},{"@type":"Person","@id":"https:\/\/spaziospadoni.org\/pt-pt\/#\/schema\/person\/3564d8acb9905b1bac4639729953e97d","name":"Fra Paolo Maria Braghini","image":{"@type":"ImageObject","inLanguage":"pt-PT","@id":"https:\/\/secure.gravatar.com\/avatar\/f32ed802d88a4c5f0c578a2cf8cd64a2f093a3566f4c951be66b98720ef889ee?s=96&d=mm&r=g","url":"https:\/\/secure.gravatar.com\/avatar\/f32ed802d88a4c5f0c578a2cf8cd64a2f093a3566f4c951be66b98720ef889ee?s=96&d=mm&r=g","contentUrl":"https:\/\/secure.gravatar.com\/avatar\/f32ed802d88a4c5f0c578a2cf8cd64a2f093a3566f4c951be66b98720ef889ee?s=96&d=mm&r=g","caption":"Fra Paolo Maria Braghini"},"description":"Frade menor capuchinho, nascido em 1975, esteve em miss\u00e3o durante quase 20 anos no Alto Solim\u00f5es, na Amaz\u00f3nia, na fronteira entre o Brasil e o Peru. Deslocando-se muitas vezes de canoa, chegou a 70 aldeias, partilhando a vida e a f\u00e9 simples dos povos ind\u00edgenas. Natural da regi\u00e3o de Varese, regressou a It\u00e1lia no ver\u00e3o de 2025.","url":"https:\/\/spaziospadoni.org\/pt-pt\/author\/braghini_mission\/"}]}},"_links":{"self":[{"href":"https:\/\/spaziospadoni.org\/pt-pt\/wp-json\/wp\/v2\/posts\/90025","targetHints":{"allow":["GET"]}}],"collection":[{"href":"https:\/\/spaziospadoni.org\/pt-pt\/wp-json\/wp\/v2\/posts"}],"about":[{"href":"https:\/\/spaziospadoni.org\/pt-pt\/wp-json\/wp\/v2\/types\/post"}],"author":[{"embeddable":true,"href":"https:\/\/spaziospadoni.org\/pt-pt\/wp-json\/wp\/v2\/users\/82"}],"replies":[{"embeddable":true,"href":"https:\/\/spaziospadoni.org\/pt-pt\/wp-json\/wp\/v2\/comments?post=90025"}],"version-history":[{"count":1,"href":"https:\/\/spaziospadoni.org\/pt-pt\/wp-json\/wp\/v2\/posts\/90025\/revisions"}],"predecessor-version":[{"id":90028,"href":"https:\/\/spaziospadoni.org\/pt-pt\/wp-json\/wp\/v2\/posts\/90025\/revisions\/90028"}],"wp:featuredmedia":[{"embeddable":true,"href":"https:\/\/spaziospadoni.org\/pt-pt\/wp-json\/wp\/v2\/media\/90024"}],"wp:attachment":[{"href":"https:\/\/spaziospadoni.org\/pt-pt\/wp-json\/wp\/v2\/media?parent=90025"}],"wp:term":[{"taxonomy":"category","embeddable":true,"href":"https:\/\/spaziospadoni.org\/pt-pt\/wp-json\/wp\/v2\/categories?post=90025"},{"taxonomy":"post_tag","embeddable":true,"href":"https:\/\/spaziospadoni.org\/pt-pt\/wp-json\/wp\/v2\/tags?post=90025"}],"curies":[{"name":"wp","href":"https:\/\/api.w.org\/{rel}","templated":true}]}}