{"id":90062,"date":"2026-08-12T18:00:00","date_gmt":"2026-08-12T17:00:00","guid":{"rendered":"https:\/\/spaziospadoni.org\/?p=90062"},"modified":"2026-08-14T10:35:09","modified_gmt":"2026-08-14T09:35:09","slug":"o-perdao-e-a-fraternidade-no-centro-da-comunidade-de-jesus","status":"publish","type":"post","link":"https:\/\/spaziospadoni.org\/pt-pt\/o-perdao-e-a-fraternidade-no-centro-da-comunidade-de-jesus\/","title":{"rendered":"O perd\u00e3o e a fraternidade no centro da comunidade de Jesus"},"content":{"rendered":"\n<h2 id=\"viver-a-fraternidade-e-a-comunidade-em-cristo\" class=\"wp-block-heading\">Viver a fraternidade e a comunidade em Cristo<\/h2>\n\n\n\n<p class=\"wp-block-paragraph\">No Evangelho de hoje, 12 de agosto de 2026, a palavra-chave \u00e9 &#8220;irm\u00e3o&#8221;. Pergunte-se hoje: voc\u00ea considera realmente os outros como irm\u00e3os e irm\u00e3s, especialmente aqueles que o abandonaram ou aqueles que n\u00e3o compartilham das mesmas ideias? <\/p>\n\n\n\n<p class=\"wp-block-paragraph\">Em Cristo somos todos irm\u00e3os e irm\u00e3s, filhos e filhas do mesmo Pai, o nosso querido Deus. A nossa f\u00e9 n\u00e3o \u00e9 vivida como indiv\u00edduos isolados, mas em comunidade. E a comunidade dos disc\u00edpulos e das disc\u00edpulas de Jesus deve ser facilmente reconhec\u00edvel por alguns sinais: fraternidade, respeito, di\u00e1logo, perd\u00e3o m\u00fatuo.<\/p>\n\n\n\n<h2 id=\"dialogo-e-reconciliacao-diante-dos-conflitos\" class=\"wp-block-heading\">Di\u00e1logo e reconcilia\u00e7\u00e3o diante dos conflitos<\/h2>\n\n\n\n<p class=\"wp-block-paragraph\">Portanto, se uma comunidade est\u00e1 fundada no pilar insuper\u00e1vel de Jesus e do Seu Evangelho, todos os membros ver\u00e3o a necessidade de usar o di\u00e1logo e a escuta, trocando sonhos, ideias e at\u00e9 cr\u00edticas construtivas, para que cada membro contribua e nunca se afaste, buscando sempre a unidade atrav\u00e9s do perd\u00e3o e da reconcilia\u00e7\u00e3o.<\/p>\n\n\n\n<p class=\"wp-block-paragraph\">Mas pode acontecer que, apesar da boa vontade, surjam conflitos e tens\u00f5es em uma comunidade. O que fazer nestes casos? Tudo o que Jesus prop\u00f5e indica a salva\u00e7\u00e3o e a recupera\u00e7\u00e3o completa dos irm\u00e3os e irm\u00e3s, e o bem-estar da comunidade. <\/p>\n\n\n\n<p class=\"wp-block-paragraph\">Especialmente nestes tempos dif\u00edceis, sejamos sempre daqueles que somam, construindo comunidades fraternas todos os dias, onde o perd\u00e3o, a caridade, a reconcilia\u00e7\u00e3o e a compreens\u00e3o s\u00e3o os pilares. Trabalhemos, ent\u00e3o, para que tudo isso n\u00e3o fique apenas no plano te\u00f3rico, mas seja efetivamente realizado!<\/p>\n\n\n\n<p class=\"wp-block-paragraph\"><strong>Foto de padre Alessio Geraci<\/strong><\/p>\n","protected":false},"excerpt":{"rendered":"<p>Viver a fraternidade e a comunidade em Cristo No Evangelho de hoje, 12 de agosto de 2026, a palavra-chave \u00e9 &#8220;irm\u00e3o&#8221;. Pergunte-se hoje: voc\u00ea considera realmente os outros como irm\u00e3os e irm\u00e3s, especialmente aqueles que o abandonaram ou aqueles que n\u00e3o compartilham das mesmas ideias? Em Cristo somos todos irm\u00e3os e irm\u00e3s, filhos e filhas &#8230; <a title=\"O perd\u00e3o e a fraternidade no centro da comunidade de Jesus\" class=\"read-more\" href=\"https:\/\/spaziospadoni.org\/pt-pt\/o-perdao-e-a-fraternidade-no-centro-da-comunidade-de-jesus\/\" aria-label=\"Read more about O perd\u00e3o e a fraternidade no centro da comunidade de Jesus\">Ler mais<\/a><\/p>\n","protected":false},"author":17,"featured_media":90061,"comment_status":"closed","ping_status":"closed","sticky":false,"template":"","format":"standard","meta":{"_sitemap_exclude":false,"_sitemap_priority":"","_sitemap_frequency":"","ss_featured_image_title":"","ss_featured_image_alt":"Comunidade em ora\u00e7\u00e3o","ss_featured_image_caption":"Padre Alessio Geraci em ora\u00e7\u00e3o com a comunidade de sua par\u00f3quia em Chorrillos, no Peru.","footnotes":""},"categories":[2525],"tags":[2891,3007,2571,2958],"class_list":["post-90062","post","type-post","status-publish","format-standard","has-post-thumbnail","hentry","category-espiritualidade","tag-comunidade","tag-fraternidade","tag-oracao","tag-peru-pt","infinite-scroll-item","generate-columns","tablet-grid-50","mobile-grid-100","grid-parent","grid-50"],"yoast_head":"<!-- This site is optimized with the Yoast SEO plugin v28.4 - https:\/\/yoast.com\/product\/yoast-seo-wordpress\/ -->\n<title>O perd\u00e3o e a fraternidade no centro da comunidade<\/title>\n<meta name=\"description\" content=\"Reflex\u00e3o sobre o Evangelho de 12 de agosto: viver a fraternidade, o di\u00e1logo e o perd\u00e3o m\u00fatuo para construir uma comunidade unida em Cristo.\" \/>\n<meta name=\"robots\" content=\"index, follow, max-snippet:-1, max-image-preview:large, max-video-preview:-1\" \/>\n<link rel=\"canonical\" href=\"https:\/\/spaziospadoni.org\/pt-pt\/o-perdao-e-a-fraternidade-no-centro-da-comunidade-de-jesus\/\" \/>\n<meta property=\"og:locale\" content=\"pt_PT\" \/>\n<meta property=\"og:type\" content=\"article\" \/>\n<meta property=\"og:title\" content=\"O perd\u00e3o e a fraternidade no centro da comunidade\" \/>\n<meta property=\"og:description\" content=\"Reflex\u00e3o sobre o Evangelho de 12 de agosto: viver a fraternidade, o di\u00e1logo e o perd\u00e3o m\u00fatuo para construir uma comunidade unida em Cristo.\" \/>\n<meta property=\"og:url\" content=\"https:\/\/spaziospadoni.org\/pt-pt\/o-perdao-e-a-fraternidade-no-centro-da-comunidade-de-jesus\/\" \/>\n<meta property=\"og:site_name\" content=\"spazio + spadoni\" \/>\n<meta property=\"article:publisher\" content=\"https:\/\/www.facebook.com\/SpazioSpadoni\/\" \/>\n<meta property=\"article:published_time\" content=\"2026-08-12T17:00:00+00:00\" \/>\n<meta property=\"article:modified_time\" content=\"2026-08-14T09:35:09+00:00\" \/>\n<meta property=\"og:image\" content=\"https:\/\/spaziospadoni.org\/wp-content\/uploads\/2026\/08\/comunita-preghiera-fraternita.webp\" \/>\n\t<meta property=\"og:image:width\" content=\"1200\" \/>\n\t<meta property=\"og:image:height\" content=\"675\" \/>\n\t<meta property=\"og:image:type\" content=\"image\/webp\" \/>\n<meta name=\"author\" content=\"Padre Alessio Geraci\" \/>\n<meta name=\"twitter:card\" content=\"summary_large_image\" \/>\n<meta name=\"twitter:label1\" content=\"Escrito por\" \/>\n\t<meta name=\"twitter:data1\" content=\"Padre Alessio Geraci\" \/>\n\t<meta name=\"twitter:label2\" content=\"Est. reading time\" \/>\n\t<meta name=\"twitter:data2\" content=\"2 minutes\" \/>\n<script type=\"application\/ld+json\" class=\"yoast-schema-graph\">{\"@context\":\"https:\\\/\\\/schema.org\",\"@graph\":[{\"@type\":\"Article\",\"@id\":\"https:\\\/\\\/spaziospadoni.org\\\/pt-pt\\\/o-perdao-e-a-fraternidade-no-centro-da-comunidade-de-jesus\\\/#article\",\"isPartOf\":{\"@id\":\"https:\\\/\\\/spaziospadoni.org\\\/pt-pt\\\/o-perdao-e-a-fraternidade-no-centro-da-comunidade-de-jesus\\\/\"},\"author\":{\"name\":\"Padre Alessio Geraci\",\"@id\":\"https:\\\/\\\/spaziospadoni.org\\\/pt-pt\\\/#\\\/schema\\\/person\\\/d3c66a7bc7dc4e0150284c92e9cbc5df\"},\"headline\":\"O perd\u00e3o e a fraternidade no centro da comunidade de Jesus\",\"datePublished\":\"2026-08-12T17:00:00+00:00\",\"dateModified\":\"2026-08-14T09:35:09+00:00\",\"mainEntityOfPage\":{\"@id\":\"https:\\\/\\\/spaziospadoni.org\\\/pt-pt\\\/o-perdao-e-a-fraternidade-no-centro-da-comunidade-de-jesus\\\/\"},\"wordCount\":291,\"publisher\":{\"@id\":\"https:\\\/\\\/spaziospadoni.org\\\/pt-pt\\\/#organization\"},\"image\":{\"@id\":\"https:\\\/\\\/spaziospadoni.org\\\/pt-pt\\\/o-perdao-e-a-fraternidade-no-centro-da-comunidade-de-jesus\\\/#primaryimage\"},\"thumbnailUrl\":\"https:\\\/\\\/spaziospadoni.org\\\/wp-content\\\/uploads\\\/2026\\\/08\\\/comunita-preghiera-fraternita.webp\",\"keywords\":[\"Comunidade\",\"fraternidade\",\"ora\u00e7\u00e3o\",\"Peru\"],\"articleSection\":[\"Espiritualidade\"],\"inLanguage\":\"pt-PT\"},{\"@type\":\"WebPage\",\"@id\":\"https:\\\/\\\/spaziospadoni.org\\\/pt-pt\\\/o-perdao-e-a-fraternidade-no-centro-da-comunidade-de-jesus\\\/\",\"url\":\"https:\\\/\\\/spaziospadoni.org\\\/pt-pt\\\/o-perdao-e-a-fraternidade-no-centro-da-comunidade-de-jesus\\\/\",\"name\":\"O perd\u00e3o e a fraternidade no centro da comunidade\",\"isPartOf\":{\"@id\":\"https:\\\/\\\/spaziospadoni.org\\\/pt-pt\\\/#website\"},\"primaryImageOfPage\":{\"@id\":\"https:\\\/\\\/spaziospadoni.org\\\/pt-pt\\\/o-perdao-e-a-fraternidade-no-centro-da-comunidade-de-jesus\\\/#primaryimage\"},\"image\":{\"@id\":\"https:\\\/\\\/spaziospadoni.org\\\/pt-pt\\\/o-perdao-e-a-fraternidade-no-centro-da-comunidade-de-jesus\\\/#primaryimage\"},\"thumbnailUrl\":\"https:\\\/\\\/spaziospadoni.org\\\/wp-content\\\/uploads\\\/2026\\\/08\\\/comunita-preghiera-fraternita.webp\",\"datePublished\":\"2026-08-12T17:00:00+00:00\",\"dateModified\":\"2026-08-14T09:35:09+00:00\",\"description\":\"Reflex\u00e3o sobre o Evangelho de 12 de agosto: viver a fraternidade, o di\u00e1logo e o perd\u00e3o m\u00fatuo para construir uma comunidade unida em Cristo.\",\"breadcrumb\":{\"@id\":\"https:\\\/\\\/spaziospadoni.org\\\/pt-pt\\\/o-perdao-e-a-fraternidade-no-centro-da-comunidade-de-jesus\\\/#breadcrumb\"},\"inLanguage\":\"pt-PT\",\"potentialAction\":[{\"@type\":\"ReadAction\",\"target\":[\"https:\\\/\\\/spaziospadoni.org\\\/pt-pt\\\/o-perdao-e-a-fraternidade-no-centro-da-comunidade-de-jesus\\\/\"]}]},{\"@type\":\"ImageObject\",\"inLanguage\":\"pt-PT\",\"@id\":\"https:\\\/\\\/spaziospadoni.org\\\/pt-pt\\\/o-perdao-e-a-fraternidade-no-centro-da-comunidade-de-jesus\\\/#primaryimage\",\"url\":\"https:\\\/\\\/spaziospadoni.org\\\/wp-content\\\/uploads\\\/2026\\\/08\\\/comunita-preghiera-fraternita.webp\",\"contentUrl\":\"https:\\\/\\\/spaziospadoni.org\\\/wp-content\\\/uploads\\\/2026\\\/08\\\/comunita-preghiera-fraternita.webp\",\"width\":1200,\"height\":675,\"caption\":\"Padre Alessio Geraci em ora\u00e7\u00e3o com a comunidade de sua par\u00f3quia em Chorrillos, no Peru.\"},{\"@type\":\"BreadcrumbList\",\"@id\":\"https:\\\/\\\/spaziospadoni.org\\\/pt-pt\\\/o-perdao-e-a-fraternidade-no-centro-da-comunidade-de-jesus\\\/#breadcrumb\",\"itemListElement\":[{\"@type\":\"ListItem\",\"position\":1,\"name\":\"Home\",\"item\":\"https:\\\/\\\/spaziospadoni.org\\\/pt-pt\\\/\"},{\"@type\":\"ListItem\",\"position\":2,\"name\":\"O perd\u00e3o e a fraternidade no centro da comunidade de Jesus\"}]},{\"@type\":\"WebSite\",\"@id\":\"https:\\\/\\\/spaziospadoni.org\\\/pt-pt\\\/#website\",\"url\":\"https:\\\/\\\/spaziospadoni.org\\\/pt-pt\\\/\",\"name\":\"spazio + spadoni\",\"description\":\"Generazione di misericordia e missione nel mondo\",\"publisher\":{\"@id\":\"https:\\\/\\\/spaziospadoni.org\\\/pt-pt\\\/#organization\"},\"alternateName\":\"spaziospadoni.org\",\"potentialAction\":[{\"@type\":\"SearchAction\",\"target\":{\"@type\":\"EntryPoint\",\"urlTemplate\":\"https:\\\/\\\/spaziospadoni.org\\\/pt-pt\\\/?s={search_term_string}\"},\"query-input\":{\"@type\":\"PropertyValueSpecification\",\"valueRequired\":true,\"valueName\":\"search_term_string\"}}],\"inLanguage\":\"pt-PT\"},{\"@type\":\"Organization\",\"@id\":\"https:\\\/\\\/spaziospadoni.org\\\/pt-pt\\\/#organization\",\"name\":\"spazio + spadoni\",\"alternateName\":\"spaziospadoni.org\",\"url\":\"https:\\\/\\\/spaziospadoni.org\\\/pt-pt\\\/\",\"logo\":{\"@type\":\"ImageObject\",\"inLanguage\":\"pt-PT\",\"@id\":\"https:\\\/\\\/spaziospadoni.org\\\/pt-pt\\\/#\\\/schema\\\/logo\\\/image\\\/\",\"url\":\"https:\\\/\\\/spaziospadoni.org\\\/wp-content\\\/uploads\\\/2026\\\/05\\\/spazio-spadoni-logo-100x100-1.webp\",\"contentUrl\":\"https:\\\/\\\/spaziospadoni.org\\\/wp-content\\\/uploads\\\/2026\\\/05\\\/spazio-spadoni-logo-100x100-1.webp\",\"width\":100,\"height\":100,\"caption\":\"spazio + spadoni\"},\"image\":{\"@id\":\"https:\\\/\\\/spaziospadoni.org\\\/pt-pt\\\/#\\\/schema\\\/logo\\\/image\\\/\"},\"sameAs\":[\"https:\\\/\\\/www.facebook.com\\\/SpazioSpadoni\\\/\",\"https:\\\/\\\/www.instagram.com\\\/spaziospadoni\\\/\",\"https:\\\/\\\/www.youtube.com\\\/@spaziospadoni\\\/playlists\"]},{\"@type\":\"Person\",\"@id\":\"https:\\\/\\\/spaziospadoni.org\\\/pt-pt\\\/#\\\/schema\\\/person\\\/d3c66a7bc7dc4e0150284c92e9cbc5df\",\"name\":\"Padre Alessio Geraci\",\"image\":{\"@type\":\"ImageObject\",\"inLanguage\":\"pt-PT\",\"@id\":\"https:\\\/\\\/secure.gravatar.com\\\/avatar\\\/0c9c9df8c754b964a67f8a08d45b6f0557f16bca4c45a30e2d597191e75bcd69?s=96&d=mm&r=g\",\"url\":\"https:\\\/\\\/secure.gravatar.com\\\/avatar\\\/0c9c9df8c754b964a67f8a08d45b6f0557f16bca4c45a30e2d597191e75bcd69?s=96&d=mm&r=g\",\"contentUrl\":\"https:\\\/\\\/secure.gravatar.com\\\/avatar\\\/0c9c9df8c754b964a67f8a08d45b6f0557f16bca4c45a30e2d597191e75bcd69?s=96&d=mm&r=g\",\"caption\":\"Padre Alessio Geraci\"},\"description\":\"O padre Alessio Geraci nasceu em Palermo, em 11 de junho de 1983, filho \u00fanico de Gabriella e Vincenzo. Estudou l\u00ednguas estrangeiras no ensino secund\u00e1rio e aprofundou os seus estudos na universidade, movido pelo desejo de partir em miss\u00e3o. Depois de alguns anos como mission\u00e1rio leigo, especialmente na Argentina, ingressou nos Mission\u00e1rios Combonianos. Esteve em miss\u00e3o no Peru entre 2014 e 2019 e em It\u00e1lia entre 2019 e 2024, dedicando-se ao servi\u00e7o entre e com os jovens. Em outubro de 2024, regressou ao Peru, \u00e0 periferia sul de Lima, onde \u00e9 atualmente p\u00e1roco da Par\u00f3quia \u201cCristo Misionero del Padre\u201d, em Chorrillos.\",\"url\":\"https:\\\/\\\/spaziospadoni.org\\\/pt-pt\\\/author\\\/geraci_mission\\\/\"}]}<\/script>\n<!-- \/ Yoast SEO plugin. -->","yoast_head_json":{"title":"O perd\u00e3o e a fraternidade no centro da comunidade","description":"Reflex\u00e3o sobre o Evangelho de 12 de agosto: viver a fraternidade, o di\u00e1logo e o perd\u00e3o m\u00fatuo para construir uma comunidade unida em Cristo.","robots":{"index":"index","follow":"follow","max-snippet":"max-snippet:-1","max-image-preview":"max-image-preview:large","max-video-preview":"max-video-preview:-1"},"canonical":"https:\/\/spaziospadoni.org\/pt-pt\/o-perdao-e-a-fraternidade-no-centro-da-comunidade-de-jesus\/","og_locale":"pt_PT","og_type":"article","og_title":"O perd\u00e3o e a fraternidade no centro da comunidade","og_description":"Reflex\u00e3o sobre o Evangelho de 12 de agosto: viver a fraternidade, o di\u00e1logo e o perd\u00e3o m\u00fatuo para construir uma comunidade unida em Cristo.","og_url":"https:\/\/spaziospadoni.org\/pt-pt\/o-perdao-e-a-fraternidade-no-centro-da-comunidade-de-jesus\/","og_site_name":"spazio + spadoni","article_publisher":"https:\/\/www.facebook.com\/SpazioSpadoni\/","article_published_time":"2026-08-12T17:00:00+00:00","article_modified_time":"2026-08-14T09:35:09+00:00","og_image":[{"width":1200,"height":675,"url":"https:\/\/spaziospadoni.org\/wp-content\/uploads\/2026\/08\/comunita-preghiera-fraternita.webp","type":"image\/webp"}],"author":"Padre Alessio Geraci","twitter_card":"summary_large_image","twitter_misc":{"Escrito por":"Padre Alessio Geraci","Est. reading time":"2 minutes"},"schema":{"@context":"https:\/\/schema.org","@graph":[{"@type":"Article","@id":"https:\/\/spaziospadoni.org\/pt-pt\/o-perdao-e-a-fraternidade-no-centro-da-comunidade-de-jesus\/#article","isPartOf":{"@id":"https:\/\/spaziospadoni.org\/pt-pt\/o-perdao-e-a-fraternidade-no-centro-da-comunidade-de-jesus\/"},"author":{"name":"Padre Alessio Geraci","@id":"https:\/\/spaziospadoni.org\/pt-pt\/#\/schema\/person\/d3c66a7bc7dc4e0150284c92e9cbc5df"},"headline":"O perd\u00e3o e a fraternidade no centro da comunidade de Jesus","datePublished":"2026-08-12T17:00:00+00:00","dateModified":"2026-08-14T09:35:09+00:00","mainEntityOfPage":{"@id":"https:\/\/spaziospadoni.org\/pt-pt\/o-perdao-e-a-fraternidade-no-centro-da-comunidade-de-jesus\/"},"wordCount":291,"publisher":{"@id":"https:\/\/spaziospadoni.org\/pt-pt\/#organization"},"image":{"@id":"https:\/\/spaziospadoni.org\/pt-pt\/o-perdao-e-a-fraternidade-no-centro-da-comunidade-de-jesus\/#primaryimage"},"thumbnailUrl":"https:\/\/spaziospadoni.org\/wp-content\/uploads\/2026\/08\/comunita-preghiera-fraternita.webp","keywords":["Comunidade","fraternidade","ora\u00e7\u00e3o","Peru"],"articleSection":["Espiritualidade"],"inLanguage":"pt-PT"},{"@type":"WebPage","@id":"https:\/\/spaziospadoni.org\/pt-pt\/o-perdao-e-a-fraternidade-no-centro-da-comunidade-de-jesus\/","url":"https:\/\/spaziospadoni.org\/pt-pt\/o-perdao-e-a-fraternidade-no-centro-da-comunidade-de-jesus\/","name":"O perd\u00e3o e a fraternidade no centro da comunidade","isPartOf":{"@id":"https:\/\/spaziospadoni.org\/pt-pt\/#website"},"primaryImageOfPage":{"@id":"https:\/\/spaziospadoni.org\/pt-pt\/o-perdao-e-a-fraternidade-no-centro-da-comunidade-de-jesus\/#primaryimage"},"image":{"@id":"https:\/\/spaziospadoni.org\/pt-pt\/o-perdao-e-a-fraternidade-no-centro-da-comunidade-de-jesus\/#primaryimage"},"thumbnailUrl":"https:\/\/spaziospadoni.org\/wp-content\/uploads\/2026\/08\/comunita-preghiera-fraternita.webp","datePublished":"2026-08-12T17:00:00+00:00","dateModified":"2026-08-14T09:35:09+00:00","description":"Reflex\u00e3o sobre o Evangelho de 12 de agosto: viver a fraternidade, o di\u00e1logo e o perd\u00e3o m\u00fatuo para construir uma comunidade unida em Cristo.","breadcrumb":{"@id":"https:\/\/spaziospadoni.org\/pt-pt\/o-perdao-e-a-fraternidade-no-centro-da-comunidade-de-jesus\/#breadcrumb"},"inLanguage":"pt-PT","potentialAction":[{"@type":"ReadAction","target":["https:\/\/spaziospadoni.org\/pt-pt\/o-perdao-e-a-fraternidade-no-centro-da-comunidade-de-jesus\/"]}]},{"@type":"ImageObject","inLanguage":"pt-PT","@id":"https:\/\/spaziospadoni.org\/pt-pt\/o-perdao-e-a-fraternidade-no-centro-da-comunidade-de-jesus\/#primaryimage","url":"https:\/\/spaziospadoni.org\/wp-content\/uploads\/2026\/08\/comunita-preghiera-fraternita.webp","contentUrl":"https:\/\/spaziospadoni.org\/wp-content\/uploads\/2026\/08\/comunita-preghiera-fraternita.webp","width":1200,"height":675,"caption":"Padre Alessio Geraci em ora\u00e7\u00e3o com a comunidade de sua par\u00f3quia em Chorrillos, no Peru."},{"@type":"BreadcrumbList","@id":"https:\/\/spaziospadoni.org\/pt-pt\/o-perdao-e-a-fraternidade-no-centro-da-comunidade-de-jesus\/#breadcrumb","itemListElement":[{"@type":"ListItem","position":1,"name":"Home","item":"https:\/\/spaziospadoni.org\/pt-pt\/"},{"@type":"ListItem","position":2,"name":"O perd\u00e3o e a fraternidade no centro da comunidade de Jesus"}]},{"@type":"WebSite","@id":"https:\/\/spaziospadoni.org\/pt-pt\/#website","url":"https:\/\/spaziospadoni.org\/pt-pt\/","name":"spazio + spadoni","description":"Generazione di misericordia e missione nel mondo","publisher":{"@id":"https:\/\/spaziospadoni.org\/pt-pt\/#organization"},"alternateName":"spaziospadoni.org","potentialAction":[{"@type":"SearchAction","target":{"@type":"EntryPoint","urlTemplate":"https:\/\/spaziospadoni.org\/pt-pt\/?s={search_term_string}"},"query-input":{"@type":"PropertyValueSpecification","valueRequired":true,"valueName":"search_term_string"}}],"inLanguage":"pt-PT"},{"@type":"Organization","@id":"https:\/\/spaziospadoni.org\/pt-pt\/#organization","name":"spazio + spadoni","alternateName":"spaziospadoni.org","url":"https:\/\/spaziospadoni.org\/pt-pt\/","logo":{"@type":"ImageObject","inLanguage":"pt-PT","@id":"https:\/\/spaziospadoni.org\/pt-pt\/#\/schema\/logo\/image\/","url":"https:\/\/spaziospadoni.org\/wp-content\/uploads\/2026\/05\/spazio-spadoni-logo-100x100-1.webp","contentUrl":"https:\/\/spaziospadoni.org\/wp-content\/uploads\/2026\/05\/spazio-spadoni-logo-100x100-1.webp","width":100,"height":100,"caption":"spazio + spadoni"},"image":{"@id":"https:\/\/spaziospadoni.org\/pt-pt\/#\/schema\/logo\/image\/"},"sameAs":["https:\/\/www.facebook.com\/SpazioSpadoni\/","https:\/\/www.instagram.com\/spaziospadoni\/","https:\/\/www.youtube.com\/@spaziospadoni\/playlists"]},{"@type":"Person","@id":"https:\/\/spaziospadoni.org\/pt-pt\/#\/schema\/person\/d3c66a7bc7dc4e0150284c92e9cbc5df","name":"Padre Alessio Geraci","image":{"@type":"ImageObject","inLanguage":"pt-PT","@id":"https:\/\/secure.gravatar.com\/avatar\/0c9c9df8c754b964a67f8a08d45b6f0557f16bca4c45a30e2d597191e75bcd69?s=96&d=mm&r=g","url":"https:\/\/secure.gravatar.com\/avatar\/0c9c9df8c754b964a67f8a08d45b6f0557f16bca4c45a30e2d597191e75bcd69?s=96&d=mm&r=g","contentUrl":"https:\/\/secure.gravatar.com\/avatar\/0c9c9df8c754b964a67f8a08d45b6f0557f16bca4c45a30e2d597191e75bcd69?s=96&d=mm&r=g","caption":"Padre Alessio Geraci"},"description":"O padre Alessio Geraci nasceu em Palermo, em 11 de junho de 1983, filho \u00fanico de Gabriella e Vincenzo. Estudou l\u00ednguas estrangeiras no ensino secund\u00e1rio e aprofundou os seus estudos na universidade, movido pelo desejo de partir em miss\u00e3o. Depois de alguns anos como mission\u00e1rio leigo, especialmente na Argentina, ingressou nos Mission\u00e1rios Combonianos. Esteve em miss\u00e3o no Peru entre 2014 e 2019 e em It\u00e1lia entre 2019 e 2024, dedicando-se ao servi\u00e7o entre e com os jovens. Em outubro de 2024, regressou ao Peru, \u00e0 periferia sul de Lima, onde \u00e9 atualmente p\u00e1roco da Par\u00f3quia \u201cCristo Misionero del Padre\u201d, em Chorrillos.","url":"https:\/\/spaziospadoni.org\/pt-pt\/author\/geraci_mission\/"}]}},"_links":{"self":[{"href":"https:\/\/spaziospadoni.org\/pt-pt\/wp-json\/wp\/v2\/posts\/90062","targetHints":{"allow":["GET"]}}],"collection":[{"href":"https:\/\/spaziospadoni.org\/pt-pt\/wp-json\/wp\/v2\/posts"}],"about":[{"href":"https:\/\/spaziospadoni.org\/pt-pt\/wp-json\/wp\/v2\/types\/post"}],"author":[{"embeddable":true,"href":"https:\/\/spaziospadoni.org\/pt-pt\/wp-json\/wp\/v2\/users\/17"}],"replies":[{"embeddable":true,"href":"https:\/\/spaziospadoni.org\/pt-pt\/wp-json\/wp\/v2\/comments?post=90062"}],"version-history":[{"count":1,"href":"https:\/\/spaziospadoni.org\/pt-pt\/wp-json\/wp\/v2\/posts\/90062\/revisions"}],"predecessor-version":[{"id":90063,"href":"https:\/\/spaziospadoni.org\/pt-pt\/wp-json\/wp\/v2\/posts\/90062\/revisions\/90063"}],"wp:featuredmedia":[{"embeddable":true,"href":"https:\/\/spaziospadoni.org\/pt-pt\/wp-json\/wp\/v2\/media\/90061"}],"wp:attachment":[{"href":"https:\/\/spaziospadoni.org\/pt-pt\/wp-json\/wp\/v2\/media?parent=90062"}],"wp:term":[{"taxonomy":"category","embeddable":true,"href":"https:\/\/spaziospadoni.org\/pt-pt\/wp-json\/wp\/v2\/categories?post=90062"},{"taxonomy":"post_tag","embeddable":true,"href":"https:\/\/spaziospadoni.org\/pt-pt\/wp-json\/wp\/v2\/tags?post=90062"}],"curies":[{"name":"wp","href":"https:\/\/api.w.org\/{rel}","templated":true}]}}