{"id":90098,"date":"2026-08-15T13:30:00","date_gmt":"2026-08-15T12:30:00","guid":{"rendered":"https:\/\/spaziospadoni.org\/?p=90098"},"modified":"2026-08-15T07:28:48","modified_gmt":"2026-08-15T06:28:48","slug":"africa-costa-do-marfim-a-festa-da-assuncao-e-51-anos-de-missao","status":"publish","type":"post","link":"https:\/\/spaziospadoni.org\/pt-pt\/africa-costa-do-marfim-a-festa-da-assuncao-e-51-anos-de-missao\/","title":{"rendered":"\u00c1frica, Costa do Marfim | A festa da Assun\u00e7\u00e3o e 51 anos de miss\u00e3o"},"content":{"rendered":"\n<p class=\"wp-block-paragraph\">Maria assunta ao c\u00e9u, coroada com 12 estrelas, em relevo estilizado na parede da entrada da igreja paroquial, acolhe-nos e lembra-nos de que tamb\u00e9m n\u00f3s estamos a caminho do c\u00e9u e que ela nos espera l\u00e1 em cima.<\/p>\n\n\n\n<h2 id=\"vocacao-mariana-e-raizes-da-missao\" class=\"wp-block-heading\">Voca\u00e7\u00e3o mariana e ra\u00edzes da miss\u00e3o<\/h2>\n\n\n\n<p class=\"wp-block-paragraph\">Assunta \u00e9 tamb\u00e9m o meu segundo nome de batismo, tendo nascido no ano em que foi promulgado o dogma da Assun\u00e7\u00e3o de Maria.<\/p>\n\n\n\n<p class=\"wp-block-paragraph\">Sou mission\u00e1ria de Nossa Senhora dos Ap\u00f3stolos e este artigo das nossas constitui\u00e7\u00f5es sustentou-me e guiou-me ao longo destes quase 51 anos de miss\u00e3o na Costa do Marfim:<\/p>\n\n\n\n<blockquote class=\"wp-block-quote is-layout-flow wp-block-quote-is-layout-flow\">\n<p class=\"wp-block-paragraph\"><em>\u201cNossa Senhora dos Ap\u00f3stolos \u00e9 para n\u00f3s a figura ideal da mulher forte e humilde, dispon\u00edvel e cheia de esperan\u00e7a. No Cen\u00e1culo, com os Doze, contempla as coisas de Deus e anima o dinamismo mission\u00e1rio que marcou o in\u00edcio da Igreja. Nela encontramos o modelo de unidade que desejamos concretizar na nossa vida. E com Maria, m\u00e3e de Jesus, presente e ativa desde a funda\u00e7\u00e3o da Igreja, perseveramos na ora\u00e7\u00e3o e na a\u00e7\u00e3o, sempre atentas \u00e0s inspira\u00e7\u00f5es do Esp\u00edrito de Pentecostes\u201d.<\/em><\/p>\n<\/blockquote>\n\n\n\n<h2 id=\"evangelizacao-e-luz-da-fe-nas-aldeias\" class=\"wp-block-heading\">Evangeliza\u00e7\u00e3o e luz da f\u00e9 nas aldeias<\/h2>\n\n\n\n<p class=\"wp-block-paragraph\">Eis que Maria em Can\u00e1, Maria aos p\u00e9s da Cruz, Maria no Cen\u00e1culo s\u00e3o os \u00edcones que me acompanham e sustentam na minha peregrina\u00e7\u00e3o mission\u00e1ria a servi\u00e7o da pastoral dos jovens.<\/p>\n\n\n\n<p class=\"wp-block-paragraph\">A Ave-Maria e o Pai-Nosso s\u00e3o as primeiras ora\u00e7\u00f5es que apresento aos catec\u00famenos, traduzidas em todas as l\u00ednguas locais. Muitas vezes, especialmente nas aldeias onde nem todos sabem ler e escrever, mostro-lhes os 20 quadros dos mist\u00e9rios do ter\u00e7o. E quando sabem explicar cada quadro, ofere\u00e7o-lhes um ter\u00e7o fluorescente para recordar que devemos ser luz onde quer que estejamos.<\/p>\n\n\n<div class=\"wp-block-image\">\n<figure class=\"aligncenter size-full is-resized\"><img decoding=\"async\" width=\"960\" height=\"960\" src=\"https:\/\/spaziospadoni.org\/wp-content\/uploads\/2026\/08\/costa-d_avorio-vigilia-assunta-1-2.webp\" alt=\"\" class=\"wp-image-90121\" style=\"width:502px;height:auto\" srcset=\"https:\/\/spaziospadoni.org\/wp-content\/uploads\/2026\/08\/costa-d_avorio-vigilia-assunta-1-2.webp 960w, https:\/\/spaziospadoni.org\/wp-content\/uploads\/2026\/08\/costa-d_avorio-vigilia-assunta-1-2-300x300.webp 300w, https:\/\/spaziospadoni.org\/wp-content\/uploads\/2026\/08\/costa-d_avorio-vigilia-assunta-1-2-150x150.webp 150w, https:\/\/spaziospadoni.org\/wp-content\/uploads\/2026\/08\/costa-d_avorio-vigilia-assunta-1-2-768x768.webp 768w\" sizes=\"(max-width: 960px) 100vw, 960px\" \/><\/figure>\n<\/div>\n\n\n<h2 id=\"devocao-diocesana-e-festa-da-assuncao\" class=\"wp-block-heading\">Devo\u00e7\u00e3o diocesana e festa da Assun\u00e7\u00e3o<\/h2>\n\n\n\n<p class=\"wp-block-paragraph\">Durante os tempos de conflito, o povo experimentou a for\u00e7a da intercess\u00e3o de Maria.<\/p>\n\n\n\n<p class=\"wp-block-paragraph\">Quase todas as dioceses t\u00eam um santu\u00e1rio mariano e, para a vig\u00edlia da Assun\u00e7\u00e3o, realizaram-se pequenas e grandes vig\u00edlias de ora\u00e7\u00e3o. Quem n\u00e3o p\u00f4de participar na vig\u00edlia diocesana celebrou na pr\u00f3pria par\u00f3quia, onde h\u00e1 uma gruta mariana.<\/p>\n\n\n\n<p class=\"wp-block-paragraph\">Grandes s\u00e3o o fervor e o amor por Maria, a quem sentem muito pr\u00f3xima.<\/p>\n\n\n\n<p class=\"wp-block-paragraph\">Em comunh\u00e3o, desejo a todos e a todas uma serena festa da Assun\u00e7\u00e3o aqui e acol\u00e1.<\/p>\n\n\n\n<p class=\"wp-block-paragraph\"><strong>Foto da irm\u00e3 Attilia Bario<\/strong><\/p>\n\n\n\n<p class=\"wp-block-paragraph\"><\/p>\n","protected":false},"excerpt":{"rendered":"<p>Maria assunta ao c\u00e9u, coroada com 12 estrelas, em relevo estilizado na parede da entrada da igreja paroquial, acolhe-nos e lembra-nos de que tamb\u00e9m n\u00f3s estamos a caminho do c\u00e9u e que ela nos espera l\u00e1 em cima. Voca\u00e7\u00e3o mariana e ra\u00edzes da miss\u00e3o Assunta \u00e9 tamb\u00e9m o meu segundo nome de batismo, tendo nascido &#8230; <a title=\"\u00c1frica, Costa do Marfim | A festa da Assun\u00e7\u00e3o e 51 anos de miss\u00e3o\" class=\"read-more\" href=\"https:\/\/spaziospadoni.org\/pt-pt\/africa-costa-do-marfim-a-festa-da-assuncao-e-51-anos-de-missao\/\" aria-label=\"Read more about \u00c1frica, Costa do Marfim | A festa da Assun\u00e7\u00e3o e 51 anos de miss\u00e3o\">Ler mais<\/a><\/p>\n","protected":false},"author":55,"featured_media":90097,"comment_status":"closed","ping_status":"closed","sticky":false,"template":"","format":"standard","meta":{"_sitemap_exclude":false,"_sitemap_priority":"","_sitemap_frequency":"","ss_featured_image_title":"","ss_featured_image_alt":"Par\u00f3quia com fam\u00edlias aut\u00f3ctones senoufo","ss_featured_image_caption":"Tengrela \u00e9 uma cidade na fronteira com o Mali, fortemente influenciada nos \u00faltimos anos pela presen\u00e7a isl\u00e2mica. Aqui, as religiosas representam uma pequena presen\u00e7a numa zona de primeira evangeliza\u00e7\u00e3o, apesar de 50 anos de presen\u00e7a cat\u00f3lica.","footnotes":""},"categories":[2282],"tags":[4522,2573,2875,2571],"class_list":["post-90098","post","type-post","status-publish","format-standard","has-post-thumbnail","hentry","category-espaco-missionario","tag-a-contratar-maria","tag-costa-do-marfim","tag-missionaria-pt","tag-oracao","infinite-scroll-item","generate-columns","tablet-grid-50","mobile-grid-100","grid-parent","grid-50"],"yoast_head":"<!-- This site is optimized with the Yoast SEO plugin v28.4 - https:\/\/yoast.com\/product\/yoast-seo-wordpress\/ -->\n<title>\u00c1frica, Costa do Marfim | A Assun\u00e7\u00e3o e 51 anos de missao<\/title>\n<meta name=\"description\" content=\"O testemunho de uma mission\u00e1ria na Costa do Marfim: a devo\u00e7\u00e3o \u00e0 Assun\u00e7\u00e3o e 51 anos de caminhada pastoral com os jovens nas aldeias.\" \/>\n<meta name=\"robots\" content=\"index, follow, max-snippet:-1, max-image-preview:large, max-video-preview:-1\" \/>\n<link rel=\"canonical\" href=\"https:\/\/spaziospadoni.org\/pt-pt\/africa-costa-do-marfim-a-festa-da-assuncao-e-51-anos-de-missao\/\" \/>\n<meta property=\"og:locale\" content=\"pt_PT\" \/>\n<meta property=\"og:type\" content=\"article\" \/>\n<meta property=\"og:title\" content=\"\u00c1frica, Costa do Marfim | A Assun\u00e7\u00e3o e 51 anos de missao\" \/>\n<meta property=\"og:description\" content=\"O testemunho de uma mission\u00e1ria na Costa do Marfim: a devo\u00e7\u00e3o \u00e0 Assun\u00e7\u00e3o e 51 anos de caminhada pastoral com os jovens nas aldeias.\" \/>\n<meta property=\"og:url\" content=\"https:\/\/spaziospadoni.org\/pt-pt\/africa-costa-do-marfim-a-festa-da-assuncao-e-51-anos-de-missao\/\" \/>\n<meta property=\"og:site_name\" content=\"spazio + spadoni\" \/>\n<meta property=\"article:publisher\" content=\"https:\/\/www.facebook.com\/SpazioSpadoni\/\" \/>\n<meta property=\"article:published_time\" content=\"2026-08-15T12:30:00+00:00\" \/>\n<meta property=\"og:image\" content=\"https:\/\/spaziospadoni.org\/wp-content\/uploads\/2026\/08\/maria-assunta-costa-d-avorio.webp\" \/>\n\t<meta property=\"og:image:width\" content=\"1200\" \/>\n\t<meta property=\"og:image:height\" content=\"800\" \/>\n\t<meta property=\"og:image:type\" content=\"image\/webp\" \/>\n<meta name=\"author\" content=\"Suor Attilia Bario\" \/>\n<meta name=\"twitter:card\" content=\"summary_large_image\" \/>\n<meta name=\"twitter:label1\" content=\"Escrito por\" \/>\n\t<meta name=\"twitter:data1\" content=\"Irm\u00e3 Attilia Bario\" \/>\n\t<meta name=\"twitter:label2\" content=\"Est. reading time\" \/>\n\t<meta name=\"twitter:data2\" content=\"2 minutes\" \/>\n<script type=\"application\/ld+json\" class=\"yoast-schema-graph\">{\"@context\":\"https:\\\/\\\/schema.org\",\"@graph\":[{\"@type\":\"Article\",\"@id\":\"https:\\\/\\\/spaziospadoni.org\\\/pt-pt\\\/africa-costa-do-marfim-a-festa-da-assuncao-e-51-anos-de-missao\\\/#article\",\"isPartOf\":{\"@id\":\"https:\\\/\\\/spaziospadoni.org\\\/pt-pt\\\/africa-costa-do-marfim-a-festa-da-assuncao-e-51-anos-de-missao\\\/\"},\"author\":{\"name\":\"Suor Attilia Bario\",\"@id\":\"https:\\\/\\\/spaziospadoni.org\\\/pt-pt\\\/#\\\/schema\\\/person\\\/c077aafc02309391266d1862a68b7739\"},\"headline\":\"\u00c1frica, Costa do Marfim | A festa da Assun\u00e7\u00e3o e 51 anos de miss\u00e3o\",\"datePublished\":\"2026-08-15T12:30:00+00:00\",\"mainEntityOfPage\":{\"@id\":\"https:\\\/\\\/spaziospadoni.org\\\/pt-pt\\\/africa-costa-do-marfim-a-festa-da-assuncao-e-51-anos-de-missao\\\/\"},\"wordCount\":434,\"publisher\":{\"@id\":\"https:\\\/\\\/spaziospadoni.org\\\/pt-pt\\\/#organization\"},\"image\":{\"@id\":\"https:\\\/\\\/spaziospadoni.org\\\/pt-pt\\\/africa-costa-do-marfim-a-festa-da-assuncao-e-51-anos-de-missao\\\/#primaryimage\"},\"thumbnailUrl\":\"https:\\\/\\\/spaziospadoni.org\\\/wp-content\\\/uploads\\\/2026\\\/08\\\/maria-assunta-costa-d-avorio.webp\",\"keywords\":[\"a contratar maria\",\"Costa do Marfim\",\"Mission\u00e1ria\",\"ora\u00e7\u00e3o\"],\"articleSection\":[\"Espa\u00e7o mission\u00e1rio\"],\"inLanguage\":\"pt-PT\"},{\"@type\":\"WebPage\",\"@id\":\"https:\\\/\\\/spaziospadoni.org\\\/pt-pt\\\/africa-costa-do-marfim-a-festa-da-assuncao-e-51-anos-de-missao\\\/\",\"url\":\"https:\\\/\\\/spaziospadoni.org\\\/pt-pt\\\/africa-costa-do-marfim-a-festa-da-assuncao-e-51-anos-de-missao\\\/\",\"name\":\"\u00c1frica, Costa do Marfim | A Assun\u00e7\u00e3o e 51 anos de missao\",\"isPartOf\":{\"@id\":\"https:\\\/\\\/spaziospadoni.org\\\/pt-pt\\\/#website\"},\"primaryImageOfPage\":{\"@id\":\"https:\\\/\\\/spaziospadoni.org\\\/pt-pt\\\/africa-costa-do-marfim-a-festa-da-assuncao-e-51-anos-de-missao\\\/#primaryimage\"},\"image\":{\"@id\":\"https:\\\/\\\/spaziospadoni.org\\\/pt-pt\\\/africa-costa-do-marfim-a-festa-da-assuncao-e-51-anos-de-missao\\\/#primaryimage\"},\"thumbnailUrl\":\"https:\\\/\\\/spaziospadoni.org\\\/wp-content\\\/uploads\\\/2026\\\/08\\\/maria-assunta-costa-d-avorio.webp\",\"datePublished\":\"2026-08-15T12:30:00+00:00\",\"description\":\"O testemunho de uma mission\u00e1ria na Costa do Marfim: a devo\u00e7\u00e3o \u00e0 Assun\u00e7\u00e3o e 51 anos de caminhada pastoral com os jovens nas aldeias.\",\"breadcrumb\":{\"@id\":\"https:\\\/\\\/spaziospadoni.org\\\/pt-pt\\\/africa-costa-do-marfim-a-festa-da-assuncao-e-51-anos-de-missao\\\/#breadcrumb\"},\"inLanguage\":\"pt-PT\",\"potentialAction\":[{\"@type\":\"ReadAction\",\"target\":[\"https:\\\/\\\/spaziospadoni.org\\\/pt-pt\\\/africa-costa-do-marfim-a-festa-da-assuncao-e-51-anos-de-missao\\\/\"]}]},{\"@type\":\"ImageObject\",\"inLanguage\":\"pt-PT\",\"@id\":\"https:\\\/\\\/spaziospadoni.org\\\/pt-pt\\\/africa-costa-do-marfim-a-festa-da-assuncao-e-51-anos-de-missao\\\/#primaryimage\",\"url\":\"https:\\\/\\\/spaziospadoni.org\\\/wp-content\\\/uploads\\\/2026\\\/08\\\/maria-assunta-costa-d-avorio.webp\",\"contentUrl\":\"https:\\\/\\\/spaziospadoni.org\\\/wp-content\\\/uploads\\\/2026\\\/08\\\/maria-assunta-costa-d-avorio.webp\",\"width\":1200,\"height\":800,\"caption\":\"Tengrela \u00e9 uma cidade na fronteira com o Mali, fortemente influenciada nos \u00faltimos anos pela presen\u00e7a isl\u00e2mica. Aqui, as religiosas representam uma pequena presen\u00e7a numa zona de primeira evangeliza\u00e7\u00e3o, apesar de 50 anos de presen\u00e7a cat\u00f3lica.\"},{\"@type\":\"BreadcrumbList\",\"@id\":\"https:\\\/\\\/spaziospadoni.org\\\/pt-pt\\\/africa-costa-do-marfim-a-festa-da-assuncao-e-51-anos-de-missao\\\/#breadcrumb\",\"itemListElement\":[{\"@type\":\"ListItem\",\"position\":1,\"name\":\"Home\",\"item\":\"https:\\\/\\\/spaziospadoni.org\\\/pt-pt\\\/\"},{\"@type\":\"ListItem\",\"position\":2,\"name\":\"\u00c1frica, Costa do Marfim | A festa da Assun\u00e7\u00e3o e 51 anos de miss\u00e3o\"}]},{\"@type\":\"WebSite\",\"@id\":\"https:\\\/\\\/spaziospadoni.org\\\/pt-pt\\\/#website\",\"url\":\"https:\\\/\\\/spaziospadoni.org\\\/pt-pt\\\/\",\"name\":\"spazio + spadoni\",\"description\":\"Generazione di misericordia e missione nel mondo\",\"publisher\":{\"@id\":\"https:\\\/\\\/spaziospadoni.org\\\/pt-pt\\\/#organization\"},\"alternateName\":\"spaziospadoni.org\",\"potentialAction\":[{\"@type\":\"SearchAction\",\"target\":{\"@type\":\"EntryPoint\",\"urlTemplate\":\"https:\\\/\\\/spaziospadoni.org\\\/pt-pt\\\/?s={search_term_string}\"},\"query-input\":{\"@type\":\"PropertyValueSpecification\",\"valueRequired\":true,\"valueName\":\"search_term_string\"}}],\"inLanguage\":\"pt-PT\"},{\"@type\":\"Organization\",\"@id\":\"https:\\\/\\\/spaziospadoni.org\\\/pt-pt\\\/#organization\",\"name\":\"spazio + spadoni\",\"alternateName\":\"spaziospadoni.org\",\"url\":\"https:\\\/\\\/spaziospadoni.org\\\/pt-pt\\\/\",\"logo\":{\"@type\":\"ImageObject\",\"inLanguage\":\"pt-PT\",\"@id\":\"https:\\\/\\\/spaziospadoni.org\\\/pt-pt\\\/#\\\/schema\\\/logo\\\/image\\\/\",\"url\":\"https:\\\/\\\/spaziospadoni.org\\\/wp-content\\\/uploads\\\/2026\\\/05\\\/spazio-spadoni-logo-100x100-1.webp\",\"contentUrl\":\"https:\\\/\\\/spaziospadoni.org\\\/wp-content\\\/uploads\\\/2026\\\/05\\\/spazio-spadoni-logo-100x100-1.webp\",\"width\":100,\"height\":100,\"caption\":\"spazio + spadoni\"},\"image\":{\"@id\":\"https:\\\/\\\/spaziospadoni.org\\\/pt-pt\\\/#\\\/schema\\\/logo\\\/image\\\/\"},\"sameAs\":[\"https:\\\/\\\/www.facebook.com\\\/SpazioSpadoni\\\/\",\"https:\\\/\\\/www.instagram.com\\\/spaziospadoni\\\/\",\"https:\\\/\\\/www.youtube.com\\\/@spaziospadoni\\\/playlists\"]},{\"@type\":\"Person\",\"@id\":\"https:\\\/\\\/spaziospadoni.org\\\/pt-pt\\\/#\\\/schema\\\/person\\\/c077aafc02309391266d1862a68b7739\",\"name\":\"Suor Attilia Bario\",\"image\":{\"@type\":\"ImageObject\",\"inLanguage\":\"pt-PT\",\"@id\":\"https:\\\/\\\/secure.gravatar.com\\\/avatar\\\/fbc768c28400010e060c855aa6f0eb099d15950887d77143032db838a327f247?s=96&d=mm&r=g\",\"url\":\"https:\\\/\\\/secure.gravatar.com\\\/avatar\\\/fbc768c28400010e060c855aa6f0eb099d15950887d77143032db838a327f247?s=96&d=mm&r=g\",\"contentUrl\":\"https:\\\/\\\/secure.gravatar.com\\\/avatar\\\/fbc768c28400010e060c855aa6f0eb099d15950887d77143032db838a327f247?s=96&d=mm&r=g\",\"caption\":\"Suor Attilia Bario\"},\"description\":\"Natural de Bogliasco, na prov\u00edncia de G\u00e9nova, a irm\u00e3 Attilia Bario \u00e9 mission\u00e1ria h\u00e1 50 anos e pertence \u00e0 Congrega\u00e7\u00e3o das Irm\u00e3s Mission\u00e1rias de Nossa Senhora dos Ap\u00f3stolos. Vive no norte da Costa do Marfim, onde trabalha na pastoral juvenil, especialmente na educa\u00e7\u00e3o de base para a paz e a n\u00e3o viol\u00eancia. O centro da sua voca\u00e7\u00e3o reside na capacidade de encontrar e conhecer as pessoas, acolhendo a forma \u00fanica como cada uma se expressa e comunica.\",\"url\":\"https:\\\/\\\/spaziospadoni.org\\\/pt-pt\\\/author\\\/bario_mission\\\/\"}]}<\/script>\n<!-- \/ Yoast SEO plugin. -->","yoast_head_json":{"title":"\u00c1frica, Costa do Marfim | A Assun\u00e7\u00e3o e 51 anos de missao","description":"O testemunho de uma mission\u00e1ria na Costa do Marfim: a devo\u00e7\u00e3o \u00e0 Assun\u00e7\u00e3o e 51 anos de caminhada pastoral com os jovens nas aldeias.","robots":{"index":"index","follow":"follow","max-snippet":"max-snippet:-1","max-image-preview":"max-image-preview:large","max-video-preview":"max-video-preview:-1"},"canonical":"https:\/\/spaziospadoni.org\/pt-pt\/africa-costa-do-marfim-a-festa-da-assuncao-e-51-anos-de-missao\/","og_locale":"pt_PT","og_type":"article","og_title":"\u00c1frica, Costa do Marfim | A Assun\u00e7\u00e3o e 51 anos de missao","og_description":"O testemunho de uma mission\u00e1ria na Costa do Marfim: a devo\u00e7\u00e3o \u00e0 Assun\u00e7\u00e3o e 51 anos de caminhada pastoral com os jovens nas aldeias.","og_url":"https:\/\/spaziospadoni.org\/pt-pt\/africa-costa-do-marfim-a-festa-da-assuncao-e-51-anos-de-missao\/","og_site_name":"spazio + spadoni","article_publisher":"https:\/\/www.facebook.com\/SpazioSpadoni\/","article_published_time":"2026-08-15T12:30:00+00:00","og_image":[{"width":1200,"height":800,"url":"https:\/\/spaziospadoni.org\/wp-content\/uploads\/2026\/08\/maria-assunta-costa-d-avorio.webp","type":"image\/webp"}],"author":"Suor Attilia Bario","twitter_card":"summary_large_image","twitter_misc":{"Escrito por":"Irm\u00e3 Attilia Bario","Est. reading time":"2 minutes"},"schema":{"@context":"https:\/\/schema.org","@graph":[{"@type":"Article","@id":"https:\/\/spaziospadoni.org\/pt-pt\/africa-costa-do-marfim-a-festa-da-assuncao-e-51-anos-de-missao\/#article","isPartOf":{"@id":"https:\/\/spaziospadoni.org\/pt-pt\/africa-costa-do-marfim-a-festa-da-assuncao-e-51-anos-de-missao\/"},"author":{"name":"Suor Attilia Bario","@id":"https:\/\/spaziospadoni.org\/pt-pt\/#\/schema\/person\/c077aafc02309391266d1862a68b7739"},"headline":"\u00c1frica, Costa do Marfim | A festa da Assun\u00e7\u00e3o e 51 anos de miss\u00e3o","datePublished":"2026-08-15T12:30:00+00:00","mainEntityOfPage":{"@id":"https:\/\/spaziospadoni.org\/pt-pt\/africa-costa-do-marfim-a-festa-da-assuncao-e-51-anos-de-missao\/"},"wordCount":434,"publisher":{"@id":"https:\/\/spaziospadoni.org\/pt-pt\/#organization"},"image":{"@id":"https:\/\/spaziospadoni.org\/pt-pt\/africa-costa-do-marfim-a-festa-da-assuncao-e-51-anos-de-missao\/#primaryimage"},"thumbnailUrl":"https:\/\/spaziospadoni.org\/wp-content\/uploads\/2026\/08\/maria-assunta-costa-d-avorio.webp","keywords":["a contratar maria","Costa do Marfim","Mission\u00e1ria","ora\u00e7\u00e3o"],"articleSection":["Espa\u00e7o mission\u00e1rio"],"inLanguage":"pt-PT"},{"@type":"WebPage","@id":"https:\/\/spaziospadoni.org\/pt-pt\/africa-costa-do-marfim-a-festa-da-assuncao-e-51-anos-de-missao\/","url":"https:\/\/spaziospadoni.org\/pt-pt\/africa-costa-do-marfim-a-festa-da-assuncao-e-51-anos-de-missao\/","name":"\u00c1frica, Costa do Marfim | A Assun\u00e7\u00e3o e 51 anos de missao","isPartOf":{"@id":"https:\/\/spaziospadoni.org\/pt-pt\/#website"},"primaryImageOfPage":{"@id":"https:\/\/spaziospadoni.org\/pt-pt\/africa-costa-do-marfim-a-festa-da-assuncao-e-51-anos-de-missao\/#primaryimage"},"image":{"@id":"https:\/\/spaziospadoni.org\/pt-pt\/africa-costa-do-marfim-a-festa-da-assuncao-e-51-anos-de-missao\/#primaryimage"},"thumbnailUrl":"https:\/\/spaziospadoni.org\/wp-content\/uploads\/2026\/08\/maria-assunta-costa-d-avorio.webp","datePublished":"2026-08-15T12:30:00+00:00","description":"O testemunho de uma mission\u00e1ria na Costa do Marfim: a devo\u00e7\u00e3o \u00e0 Assun\u00e7\u00e3o e 51 anos de caminhada pastoral com os jovens nas aldeias.","breadcrumb":{"@id":"https:\/\/spaziospadoni.org\/pt-pt\/africa-costa-do-marfim-a-festa-da-assuncao-e-51-anos-de-missao\/#breadcrumb"},"inLanguage":"pt-PT","potentialAction":[{"@type":"ReadAction","target":["https:\/\/spaziospadoni.org\/pt-pt\/africa-costa-do-marfim-a-festa-da-assuncao-e-51-anos-de-missao\/"]}]},{"@type":"ImageObject","inLanguage":"pt-PT","@id":"https:\/\/spaziospadoni.org\/pt-pt\/africa-costa-do-marfim-a-festa-da-assuncao-e-51-anos-de-missao\/#primaryimage","url":"https:\/\/spaziospadoni.org\/wp-content\/uploads\/2026\/08\/maria-assunta-costa-d-avorio.webp","contentUrl":"https:\/\/spaziospadoni.org\/wp-content\/uploads\/2026\/08\/maria-assunta-costa-d-avorio.webp","width":1200,"height":800,"caption":"Tengrela \u00e9 uma cidade na fronteira com o Mali, fortemente influenciada nos \u00faltimos anos pela presen\u00e7a isl\u00e2mica. Aqui, as religiosas representam uma pequena presen\u00e7a numa zona de primeira evangeliza\u00e7\u00e3o, apesar de 50 anos de presen\u00e7a cat\u00f3lica."},{"@type":"BreadcrumbList","@id":"https:\/\/spaziospadoni.org\/pt-pt\/africa-costa-do-marfim-a-festa-da-assuncao-e-51-anos-de-missao\/#breadcrumb","itemListElement":[{"@type":"ListItem","position":1,"name":"Home","item":"https:\/\/spaziospadoni.org\/pt-pt\/"},{"@type":"ListItem","position":2,"name":"\u00c1frica, Costa do Marfim | A festa da Assun\u00e7\u00e3o e 51 anos de miss\u00e3o"}]},{"@type":"WebSite","@id":"https:\/\/spaziospadoni.org\/pt-pt\/#website","url":"https:\/\/spaziospadoni.org\/pt-pt\/","name":"spazio + spadoni","description":"Generazione di misericordia e missione nel mondo","publisher":{"@id":"https:\/\/spaziospadoni.org\/pt-pt\/#organization"},"alternateName":"spaziospadoni.org","potentialAction":[{"@type":"SearchAction","target":{"@type":"EntryPoint","urlTemplate":"https:\/\/spaziospadoni.org\/pt-pt\/?s={search_term_string}"},"query-input":{"@type":"PropertyValueSpecification","valueRequired":true,"valueName":"search_term_string"}}],"inLanguage":"pt-PT"},{"@type":"Organization","@id":"https:\/\/spaziospadoni.org\/pt-pt\/#organization","name":"spazio + spadoni","alternateName":"spaziospadoni.org","url":"https:\/\/spaziospadoni.org\/pt-pt\/","logo":{"@type":"ImageObject","inLanguage":"pt-PT","@id":"https:\/\/spaziospadoni.org\/pt-pt\/#\/schema\/logo\/image\/","url":"https:\/\/spaziospadoni.org\/wp-content\/uploads\/2026\/05\/spazio-spadoni-logo-100x100-1.webp","contentUrl":"https:\/\/spaziospadoni.org\/wp-content\/uploads\/2026\/05\/spazio-spadoni-logo-100x100-1.webp","width":100,"height":100,"caption":"spazio + spadoni"},"image":{"@id":"https:\/\/spaziospadoni.org\/pt-pt\/#\/schema\/logo\/image\/"},"sameAs":["https:\/\/www.facebook.com\/SpazioSpadoni\/","https:\/\/www.instagram.com\/spaziospadoni\/","https:\/\/www.youtube.com\/@spaziospadoni\/playlists"]},{"@type":"Person","@id":"https:\/\/spaziospadoni.org\/pt-pt\/#\/schema\/person\/c077aafc02309391266d1862a68b7739","name":"Suor Attilia Bario","image":{"@type":"ImageObject","inLanguage":"pt-PT","@id":"https:\/\/secure.gravatar.com\/avatar\/fbc768c28400010e060c855aa6f0eb099d15950887d77143032db838a327f247?s=96&d=mm&r=g","url":"https:\/\/secure.gravatar.com\/avatar\/fbc768c28400010e060c855aa6f0eb099d15950887d77143032db838a327f247?s=96&d=mm&r=g","contentUrl":"https:\/\/secure.gravatar.com\/avatar\/fbc768c28400010e060c855aa6f0eb099d15950887d77143032db838a327f247?s=96&d=mm&r=g","caption":"Suor Attilia Bario"},"description":"Natural de Bogliasco, na prov\u00edncia de G\u00e9nova, a irm\u00e3 Attilia Bario \u00e9 mission\u00e1ria h\u00e1 50 anos e pertence \u00e0 Congrega\u00e7\u00e3o das Irm\u00e3s Mission\u00e1rias de Nossa Senhora dos Ap\u00f3stolos. Vive no norte da Costa do Marfim, onde trabalha na pastoral juvenil, especialmente na educa\u00e7\u00e3o de base para a paz e a n\u00e3o viol\u00eancia. O centro da sua voca\u00e7\u00e3o reside na capacidade de encontrar e conhecer as pessoas, acolhendo a forma \u00fanica como cada uma se expressa e comunica.","url":"https:\/\/spaziospadoni.org\/pt-pt\/author\/bario_mission\/"}]}},"_links":{"self":[{"href":"https:\/\/spaziospadoni.org\/pt-pt\/wp-json\/wp\/v2\/posts\/90098","targetHints":{"allow":["GET"]}}],"collection":[{"href":"https:\/\/spaziospadoni.org\/pt-pt\/wp-json\/wp\/v2\/posts"}],"about":[{"href":"https:\/\/spaziospadoni.org\/pt-pt\/wp-json\/wp\/v2\/types\/post"}],"author":[{"embeddable":true,"href":"https:\/\/spaziospadoni.org\/pt-pt\/wp-json\/wp\/v2\/users\/55"}],"replies":[{"embeddable":true,"href":"https:\/\/spaziospadoni.org\/pt-pt\/wp-json\/wp\/v2\/comments?post=90098"}],"version-history":[{"count":3,"href":"https:\/\/spaziospadoni.org\/pt-pt\/wp-json\/wp\/v2\/posts\/90098\/revisions"}],"predecessor-version":[{"id":90124,"href":"https:\/\/spaziospadoni.org\/pt-pt\/wp-json\/wp\/v2\/posts\/90098\/revisions\/90124"}],"wp:featuredmedia":[{"embeddable":true,"href":"https:\/\/spaziospadoni.org\/pt-pt\/wp-json\/wp\/v2\/media\/90097"}],"wp:attachment":[{"href":"https:\/\/spaziospadoni.org\/pt-pt\/wp-json\/wp\/v2\/media?parent=90098"}],"wp:term":[{"taxonomy":"category","embeddable":true,"href":"https:\/\/spaziospadoni.org\/pt-pt\/wp-json\/wp\/v2\/categories?post=90098"},{"taxonomy":"post_tag","embeddable":true,"href":"https:\/\/spaziospadoni.org\/pt-pt\/wp-json\/wp\/v2\/tags?post=90098"}],"curies":[{"name":"wp","href":"https:\/\/api.w.org\/{rel}","templated":true}]}}