{"id":90137,"date":"2026-08-15T07:20:00","date_gmt":"2026-08-15T06:20:00","guid":{"rendered":"https:\/\/spaziospadoni.org\/?p=90137"},"modified":"2026-08-15T07:50:05","modified_gmt":"2026-08-15T06:50:05","slug":"deus-tem-uma-enorme-fantasia-na-maneira-como-chama-quarta-parte","status":"publish","type":"post","link":"https:\/\/spaziospadoni.org\/pt-pt\/deus-tem-uma-enorme-fantasia-na-maneira-como-chama-quarta-parte\/","title":{"rendered":"\u201cDeus tem uma enorme fantasia na maneira como chama\u201d | Quarta parte"},"content":{"rendered":"\n<pre class=\"wp-block-verse\"><strong><em>A quarta e \u00faltima parte do testemunho de frei Paolo Maria Braghini, Frade Menor Capuchinho, no \u201cGo! Franciscan Youth Meet 2026\u201d, evento promovido pelos Frades Menores, pelos Frades Menores Conventuais e pelos Frades Menores Capuchinhos, realizado em Assis de 3 a 6 de agosto. <\/em><\/strong><br><strong><em>N\u00f3s da spazio + spadoni apresentamos este testemunho em v\u00e1rias partes, para vos acompanhar passo a passo na leitura e na escuta de uma hist\u00f3ria que nos revelou a criatividade e a miseric\u00f3rdia de Deus.<\/em><\/strong><\/pre>\n\n\n\n<h2 id=\"o-convite-aos-jovens-dizer-sim-ao-senhor\" class=\"wp-block-heading\">O convite aos jovens: dizer sim ao Senhor<\/h2>\n\n\n\n<p class=\"wp-block-paragraph\">E, concluindo, o que sinto vontade de vos dizer, jovens? Que certamente eu, assim como tantos outros frades no mundo, mission\u00e1rios e mission\u00e1rias, errei em muitas coisas. Mas aquilo em que certamente n\u00e3o errei foi em dizer sim ao Senhor, em confiar.<\/p>\n\n\n\n<p class=\"wp-block-paragraph\">Por isso, jovens, confiai no Senhor! Se Ele vos chama, n\u00e3o fiqueis a pensar demasiado, dizei sim! E digo-vos tamb\u00e9m isto: quando aos 18 anos senti este chamamento e disse sim, tive muitas pessoas contra mim. N\u00e3o s\u00f3 muitos amigos, mas tamb\u00e9m familiares. <\/p>\n\n\n\n<p class=\"wp-block-paragraph\">Por exemplo, o meu irm\u00e3o dizia-me com sensatez: \u00abMas \u00e9s jovem, tens 18 anos, estuda, termina a universidade e depois, se o Senhor verdadeiramente te chama, chamar-te-\u00e1 de novo, assim estar\u00e1s mais preparado, ser\u00e1s mais maduro\u00bb. <\/p>\n\n\n\n<p class=\"wp-block-paragraph\">Humanamente ele tinha raz\u00e3o, mas eu vos digo: n\u00e3o fa\u00e7ais isso! Se o Senhor vos chama, confiai n&#8217;Ele! Portanto, lan\u00e7ai-vos, porque \u00e9 isso que o Senhor quer! Dizei sim ao Senhor!<\/p>\n\n\n\n<h2 id=\"a-experiencia-na-amazonia-e-a-forca-da-vocacao\" class=\"wp-block-heading\">A experi\u00eancia na Amaz\u00f4nia e a for\u00e7a da voca\u00e7\u00e3o<\/h2>\n\n\n\n<p class=\"wp-block-paragraph\">E por \u00faltimo: na Amaz\u00f4nia \u2014 e esta \u00e9 certamente a experi\u00eancia de muitos mission\u00e1rios \u2014 mais de uma vez vimos a irm\u00e3 morte bem de perto. Mais de uma vez sentimos uma for\u00e7a misteriosa que nos sustentava e nos sustenta.<\/p>\n\n\n\n<h2 id=\"sao-francisco-santa-clara-e-o-valor-das-clarissas\" class=\"wp-block-heading\">S\u00e3o Francisco, Santa Clara e o valor das Clarissas<\/h2>\n\n\n\n<p class=\"wp-block-paragraph\">E sinto realmente a necessidade de dizer isto: estamos aqui por S\u00e3o Francisco ap\u00f3s 800 anos, mas se S\u00e3o Francisco \u00e9 hoje o que \u00e9, deve-o tamb\u00e9m a Santa Clara. Quando ele tinha d\u00favidas: \u00abDevemos n\u00f3s, frades, recolher-nos em ora\u00e7\u00e3o ou ir para o mundo?\u00bb, pediu ajuda a Santa Clara, que na ora\u00e7\u00e3o lhe disse: \u00abFrancisco, tu e os teus frades ide para o mundo\u00bb. <\/p>\n\n\n\n<p class=\"wp-block-paragraph\">E Santa Clara continua a rezar todos os dias pelos mission\u00e1rios do mundo: s\u00e3o as Clarissas! Portanto, jovens, se tendes d\u00favidas sobre a vossa voca\u00e7\u00e3o, procurai um mosteiro de Clarissas, pedi ora\u00e7\u00f5es a estas jovens. <\/p>\n\n\n\n<p class=\"wp-block-paragraph\">E digo-vos uma coisa: se n\u00e3o existissem as Clarissas, que doam a vida 24 horas por dia pela ora\u00e7\u00e3o, pelas miss\u00f5es e pela paz, muitas miss\u00f5es n\u00e3o existiriam. Elas s\u00e3o verdadeiramente o cora\u00e7\u00e3o pulsante da Igreja. <\/p>\n\n\n\n<p class=\"wp-block-paragraph\">Portanto, obrigado tamb\u00e9m \u00e0s Clarissas que doam a vida pelas miss\u00f5es e a entregam em ora\u00e7\u00e3o. <\/p>\n\n\n\n<p class=\"wp-block-paragraph\">Jovens, n\u00e3o tenhais medo! Que o Senhor vos aben\u00e7oe, vos d\u00ea muita alegria e muita paz ao dizerdes sim ao Senhor!<\/p>\n\n\n\n<p class=\"has-text-align-center wp-block-paragraph\"><strong>FIM&#8230; mas a miss\u00e3o continua! <\/strong><\/p>\n\n\n\n<p class=\"wp-block-paragraph\"><strong>Foto de frei Paolo Maria Braghini<\/strong><\/p>\n\n\n\n<p class=\"wp-block-paragraph\"><\/p>\n","protected":false},"excerpt":{"rendered":"<p>A quarta e \u00faltima parte do testemunho de frei Paolo Maria Braghini, Frade Menor Capuchinho, no \u201cGo! Franciscan Youth Meet 2026\u201d, evento promovido pelos Frades Menores, pelos Frades Menores Conventuais e pelos Frades Menores Capuchinhos, realizado em Assis de 3 a 6 de agosto. N\u00f3s da spazio + spadoni apresentamos este testemunho em v\u00e1rias partes, &#8230; <a title=\"\u201cDeus tem uma enorme fantasia na maneira como chama\u201d | Quarta parte\" class=\"read-more\" href=\"https:\/\/spaziospadoni.org\/pt-pt\/deus-tem-uma-enorme-fantasia-na-maneira-como-chama-quarta-parte\/\" aria-label=\"Read more about \u201cDeus tem uma enorme fantasia na maneira como chama\u201d | Quarta parte\">Ler mais<\/a><\/p>\n","protected":false},"author":82,"featured_media":90136,"comment_status":"closed","ping_status":"closed","sticky":false,"template":"","format":"standard","meta":{"_sitemap_exclude":false,"_sitemap_priority":"","_sitemap_frequency":"","ss_featured_image_title":"","ss_featured_image_alt":"Frei Paolo com crian\u00e7as Ticuna na Amaz\u00f4nia","ss_featured_image_caption":"Frei Paolo com crian\u00e7as Ticuna na Amaz\u00f4nia. Onde quer que esteja em miss\u00e3o, o seu convite \u00e9 sempre olhar para o alto.","footnotes":""},"categories":[2447],"tags":[5042,2572,3031],"class_list":["post-90137","post","type-post","status-publish","format-standard","has-post-thumbnail","hentry","category-eu-misericordiado","tag-frades-menores-capuchinhos","tag-missao","tag-vocacao","infinite-scroll-item","generate-columns","tablet-grid-50","mobile-grid-100","grid-parent","grid-50"],"yoast_head":"<!-- This site is optimized with the Yoast SEO plugin v28.4 - https:\/\/yoast.com\/product\/yoast-seo-wordpress\/ -->\n<title>\u201cDeus tem uma enorme fantasia na maneira como chama\u201d | Quarta parte<\/title>\n<meta name=\"description\" content=\"O testemunho de frei Paolo Maria Braghini aos jovens: confiar em Deus, a miss\u00e3o na Amaz\u00f4nia e o papel precioso da ora\u00e7\u00e3o das Clarissas.\" \/>\n<meta name=\"robots\" content=\"index, follow, max-snippet:-1, max-image-preview:large, max-video-preview:-1\" \/>\n<link rel=\"canonical\" href=\"https:\/\/spaziospadoni.org\/pt-pt\/deus-tem-uma-enorme-fantasia-na-maneira-como-chama-quarta-parte\/\" \/>\n<meta property=\"og:locale\" content=\"pt_PT\" \/>\n<meta property=\"og:type\" content=\"article\" \/>\n<meta property=\"og:title\" content=\"\u201cDeus tem uma enorme fantasia na maneira como chama\u201d | Quarta parte\" \/>\n<meta property=\"og:description\" content=\"O testemunho de frei Paolo Maria Braghini aos jovens: confiar em Deus, a miss\u00e3o na Amaz\u00f4nia e o papel precioso da ora\u00e7\u00e3o das Clarissas.\" \/>\n<meta property=\"og:url\" content=\"https:\/\/spaziospadoni.org\/pt-pt\/deus-tem-uma-enorme-fantasia-na-maneira-como-chama-quarta-parte\/\" \/>\n<meta property=\"og:site_name\" content=\"spazio + spadoni\" \/>\n<meta property=\"article:publisher\" content=\"https:\/\/www.facebook.com\/SpazioSpadoni\/\" \/>\n<meta property=\"article:published_time\" content=\"2026-08-15T06:20:00+00:00\" \/>\n<meta property=\"article:modified_time\" content=\"2026-08-15T06:50:05+00:00\" \/>\n<meta property=\"og:image\" content=\"https:\/\/spaziospadoni.org\/wp-content\/uploads\/2026\/08\/fra-paolo-bambini-amazzonia-gesu.webp\" \/>\n\t<meta property=\"og:image:width\" content=\"1200\" \/>\n\t<meta property=\"og:image:height\" content=\"800\" \/>\n\t<meta property=\"og:image:type\" content=\"image\/webp\" \/>\n<meta name=\"author\" content=\"Fra Paolo Maria Braghini\" \/>\n<meta name=\"twitter:card\" content=\"summary_large_image\" \/>\n<meta name=\"twitter:label1\" content=\"Escrito por\" \/>\n\t<meta name=\"twitter:data1\" content=\"Frei Paolo Maria Braghini\" \/>\n\t<meta name=\"twitter:label2\" content=\"Est. reading time\" \/>\n\t<meta name=\"twitter:data2\" content=\"3 minutes\" \/>\n<script type=\"application\/ld+json\" class=\"yoast-schema-graph\">{\"@context\":\"https:\\\/\\\/schema.org\",\"@graph\":[{\"@type\":\"Article\",\"@id\":\"https:\\\/\\\/spaziospadoni.org\\\/pt-pt\\\/deus-tem-uma-enorme-fantasia-na-maneira-como-chama-quarta-parte\\\/#article\",\"isPartOf\":{\"@id\":\"https:\\\/\\\/spaziospadoni.org\\\/pt-pt\\\/deus-tem-uma-enorme-fantasia-na-maneira-como-chama-quarta-parte\\\/\"},\"author\":{\"name\":\"Fra Paolo Maria Braghini\",\"@id\":\"https:\\\/\\\/spaziospadoni.org\\\/pt-pt\\\/#\\\/schema\\\/person\\\/3564d8acb9905b1bac4639729953e97d\"},\"headline\":\"\u201cDeus tem uma enorme fantasia na maneira como chama\u201d | Quarta parte\",\"datePublished\":\"2026-08-15T06:20:00+00:00\",\"dateModified\":\"2026-08-15T06:50:05+00:00\",\"mainEntityOfPage\":{\"@id\":\"https:\\\/\\\/spaziospadoni.org\\\/pt-pt\\\/deus-tem-uma-enorme-fantasia-na-maneira-como-chama-quarta-parte\\\/\"},\"wordCount\":454,\"publisher\":{\"@id\":\"https:\\\/\\\/spaziospadoni.org\\\/pt-pt\\\/#organization\"},\"image\":{\"@id\":\"https:\\\/\\\/spaziospadoni.org\\\/pt-pt\\\/deus-tem-uma-enorme-fantasia-na-maneira-como-chama-quarta-parte\\\/#primaryimage\"},\"thumbnailUrl\":\"https:\\\/\\\/spaziospadoni.org\\\/wp-content\\\/uploads\\\/2026\\\/08\\\/fra-paolo-bambini-amazzonia-gesu.webp\",\"keywords\":[\"Frades Menores Capuchinhos\",\"Miss\u00e3o\",\"voca\u00e7\u00e3o\"],\"articleSection\":[\"Eu, misericordiado\"],\"inLanguage\":\"pt-PT\"},{\"@type\":\"WebPage\",\"@id\":\"https:\\\/\\\/spaziospadoni.org\\\/pt-pt\\\/deus-tem-uma-enorme-fantasia-na-maneira-como-chama-quarta-parte\\\/\",\"url\":\"https:\\\/\\\/spaziospadoni.org\\\/pt-pt\\\/deus-tem-uma-enorme-fantasia-na-maneira-como-chama-quarta-parte\\\/\",\"name\":\"\u201cDeus tem uma enorme fantasia na maneira como chama\u201d | Quarta parte\",\"isPartOf\":{\"@id\":\"https:\\\/\\\/spaziospadoni.org\\\/pt-pt\\\/#website\"},\"primaryImageOfPage\":{\"@id\":\"https:\\\/\\\/spaziospadoni.org\\\/pt-pt\\\/deus-tem-uma-enorme-fantasia-na-maneira-como-chama-quarta-parte\\\/#primaryimage\"},\"image\":{\"@id\":\"https:\\\/\\\/spaziospadoni.org\\\/pt-pt\\\/deus-tem-uma-enorme-fantasia-na-maneira-como-chama-quarta-parte\\\/#primaryimage\"},\"thumbnailUrl\":\"https:\\\/\\\/spaziospadoni.org\\\/wp-content\\\/uploads\\\/2026\\\/08\\\/fra-paolo-bambini-amazzonia-gesu.webp\",\"datePublished\":\"2026-08-15T06:20:00+00:00\",\"dateModified\":\"2026-08-15T06:50:05+00:00\",\"description\":\"O testemunho de frei Paolo Maria Braghini aos jovens: confiar em Deus, a miss\u00e3o na Amaz\u00f4nia e o papel precioso da ora\u00e7\u00e3o das Clarissas.\",\"breadcrumb\":{\"@id\":\"https:\\\/\\\/spaziospadoni.org\\\/pt-pt\\\/deus-tem-uma-enorme-fantasia-na-maneira-como-chama-quarta-parte\\\/#breadcrumb\"},\"inLanguage\":\"pt-PT\",\"potentialAction\":[{\"@type\":\"ReadAction\",\"target\":[\"https:\\\/\\\/spaziospadoni.org\\\/pt-pt\\\/deus-tem-uma-enorme-fantasia-na-maneira-como-chama-quarta-parte\\\/\"]}]},{\"@type\":\"ImageObject\",\"inLanguage\":\"pt-PT\",\"@id\":\"https:\\\/\\\/spaziospadoni.org\\\/pt-pt\\\/deus-tem-uma-enorme-fantasia-na-maneira-como-chama-quarta-parte\\\/#primaryimage\",\"url\":\"https:\\\/\\\/spaziospadoni.org\\\/wp-content\\\/uploads\\\/2026\\\/08\\\/fra-paolo-bambini-amazzonia-gesu.webp\",\"contentUrl\":\"https:\\\/\\\/spaziospadoni.org\\\/wp-content\\\/uploads\\\/2026\\\/08\\\/fra-paolo-bambini-amazzonia-gesu.webp\",\"width\":1200,\"height\":800,\"caption\":\"Frei Paolo com crian\u00e7as Ticuna na Amaz\u00f4nia. Onde quer que esteja em miss\u00e3o, o seu convite \u00e9 sempre olhar para o alto.\"},{\"@type\":\"BreadcrumbList\",\"@id\":\"https:\\\/\\\/spaziospadoni.org\\\/pt-pt\\\/deus-tem-uma-enorme-fantasia-na-maneira-como-chama-quarta-parte\\\/#breadcrumb\",\"itemListElement\":[{\"@type\":\"ListItem\",\"position\":1,\"name\":\"Home\",\"item\":\"https:\\\/\\\/spaziospadoni.org\\\/pt-pt\\\/\"},{\"@type\":\"ListItem\",\"position\":2,\"name\":\"\u201cDeus tem uma enorme fantasia na maneira como chama\u201d | Quarta parte\"}]},{\"@type\":\"WebSite\",\"@id\":\"https:\\\/\\\/spaziospadoni.org\\\/pt-pt\\\/#website\",\"url\":\"https:\\\/\\\/spaziospadoni.org\\\/pt-pt\\\/\",\"name\":\"spazio + spadoni\",\"description\":\"Generazione di misericordia e missione nel mondo\",\"publisher\":{\"@id\":\"https:\\\/\\\/spaziospadoni.org\\\/pt-pt\\\/#organization\"},\"alternateName\":\"spaziospadoni.org\",\"potentialAction\":[{\"@type\":\"SearchAction\",\"target\":{\"@type\":\"EntryPoint\",\"urlTemplate\":\"https:\\\/\\\/spaziospadoni.org\\\/pt-pt\\\/?s={search_term_string}\"},\"query-input\":{\"@type\":\"PropertyValueSpecification\",\"valueRequired\":true,\"valueName\":\"search_term_string\"}}],\"inLanguage\":\"pt-PT\"},{\"@type\":\"Organization\",\"@id\":\"https:\\\/\\\/spaziospadoni.org\\\/pt-pt\\\/#organization\",\"name\":\"spazio + spadoni\",\"alternateName\":\"spaziospadoni.org\",\"url\":\"https:\\\/\\\/spaziospadoni.org\\\/pt-pt\\\/\",\"logo\":{\"@type\":\"ImageObject\",\"inLanguage\":\"pt-PT\",\"@id\":\"https:\\\/\\\/spaziospadoni.org\\\/pt-pt\\\/#\\\/schema\\\/logo\\\/image\\\/\",\"url\":\"https:\\\/\\\/spaziospadoni.org\\\/wp-content\\\/uploads\\\/2026\\\/05\\\/spazio-spadoni-logo-100x100-1.webp\",\"contentUrl\":\"https:\\\/\\\/spaziospadoni.org\\\/wp-content\\\/uploads\\\/2026\\\/05\\\/spazio-spadoni-logo-100x100-1.webp\",\"width\":100,\"height\":100,\"caption\":\"spazio + spadoni\"},\"image\":{\"@id\":\"https:\\\/\\\/spaziospadoni.org\\\/pt-pt\\\/#\\\/schema\\\/logo\\\/image\\\/\"},\"sameAs\":[\"https:\\\/\\\/www.facebook.com\\\/SpazioSpadoni\\\/\",\"https:\\\/\\\/www.instagram.com\\\/spaziospadoni\\\/\",\"https:\\\/\\\/www.youtube.com\\\/@spaziospadoni\\\/playlists\"]},{\"@type\":\"Person\",\"@id\":\"https:\\\/\\\/spaziospadoni.org\\\/pt-pt\\\/#\\\/schema\\\/person\\\/3564d8acb9905b1bac4639729953e97d\",\"name\":\"Fra Paolo Maria Braghini\",\"image\":{\"@type\":\"ImageObject\",\"inLanguage\":\"pt-PT\",\"@id\":\"https:\\\/\\\/secure.gravatar.com\\\/avatar\\\/f32ed802d88a4c5f0c578a2cf8cd64a2f093a3566f4c951be66b98720ef889ee?s=96&d=mm&r=g\",\"url\":\"https:\\\/\\\/secure.gravatar.com\\\/avatar\\\/f32ed802d88a4c5f0c578a2cf8cd64a2f093a3566f4c951be66b98720ef889ee?s=96&d=mm&r=g\",\"contentUrl\":\"https:\\\/\\\/secure.gravatar.com\\\/avatar\\\/f32ed802d88a4c5f0c578a2cf8cd64a2f093a3566f4c951be66b98720ef889ee?s=96&d=mm&r=g\",\"caption\":\"Fra Paolo Maria Braghini\"},\"description\":\"Frade menor capuchinho, nascido em 1975, esteve em miss\u00e3o durante quase 20 anos no Alto Solim\u00f5es, na Amaz\u00f3nia, na fronteira entre o Brasil e o Peru. Deslocando-se muitas vezes de canoa, chegou a 70 aldeias, partilhando a vida e a f\u00e9 simples dos povos ind\u00edgenas. Natural da regi\u00e3o de Varese, regressou a It\u00e1lia no ver\u00e3o de 2025.\",\"url\":\"https:\\\/\\\/spaziospadoni.org\\\/pt-pt\\\/author\\\/braghini_mission\\\/\"}]}<\/script>\n<!-- \/ Yoast SEO plugin. -->","yoast_head_json":{"title":"\u201cDeus tem uma enorme fantasia na maneira como chama\u201d | Quarta parte","description":"O testemunho de frei Paolo Maria Braghini aos jovens: confiar em Deus, a miss\u00e3o na Amaz\u00f4nia e o papel precioso da ora\u00e7\u00e3o das Clarissas.","robots":{"index":"index","follow":"follow","max-snippet":"max-snippet:-1","max-image-preview":"max-image-preview:large","max-video-preview":"max-video-preview:-1"},"canonical":"https:\/\/spaziospadoni.org\/pt-pt\/deus-tem-uma-enorme-fantasia-na-maneira-como-chama-quarta-parte\/","og_locale":"pt_PT","og_type":"article","og_title":"\u201cDeus tem uma enorme fantasia na maneira como chama\u201d | Quarta parte","og_description":"O testemunho de frei Paolo Maria Braghini aos jovens: confiar em Deus, a miss\u00e3o na Amaz\u00f4nia e o papel precioso da ora\u00e7\u00e3o das Clarissas.","og_url":"https:\/\/spaziospadoni.org\/pt-pt\/deus-tem-uma-enorme-fantasia-na-maneira-como-chama-quarta-parte\/","og_site_name":"spazio + spadoni","article_publisher":"https:\/\/www.facebook.com\/SpazioSpadoni\/","article_published_time":"2026-08-15T06:20:00+00:00","article_modified_time":"2026-08-15T06:50:05+00:00","og_image":[{"width":1200,"height":800,"url":"https:\/\/spaziospadoni.org\/wp-content\/uploads\/2026\/08\/fra-paolo-bambini-amazzonia-gesu.webp","type":"image\/webp"}],"author":"Fra Paolo Maria Braghini","twitter_card":"summary_large_image","twitter_misc":{"Escrito por":"Frei Paolo Maria Braghini","Est. reading time":"3 minutes"},"schema":{"@context":"https:\/\/schema.org","@graph":[{"@type":"Article","@id":"https:\/\/spaziospadoni.org\/pt-pt\/deus-tem-uma-enorme-fantasia-na-maneira-como-chama-quarta-parte\/#article","isPartOf":{"@id":"https:\/\/spaziospadoni.org\/pt-pt\/deus-tem-uma-enorme-fantasia-na-maneira-como-chama-quarta-parte\/"},"author":{"name":"Fra Paolo Maria Braghini","@id":"https:\/\/spaziospadoni.org\/pt-pt\/#\/schema\/person\/3564d8acb9905b1bac4639729953e97d"},"headline":"\u201cDeus tem uma enorme fantasia na maneira como chama\u201d | Quarta parte","datePublished":"2026-08-15T06:20:00+00:00","dateModified":"2026-08-15T06:50:05+00:00","mainEntityOfPage":{"@id":"https:\/\/spaziospadoni.org\/pt-pt\/deus-tem-uma-enorme-fantasia-na-maneira-como-chama-quarta-parte\/"},"wordCount":454,"publisher":{"@id":"https:\/\/spaziospadoni.org\/pt-pt\/#organization"},"image":{"@id":"https:\/\/spaziospadoni.org\/pt-pt\/deus-tem-uma-enorme-fantasia-na-maneira-como-chama-quarta-parte\/#primaryimage"},"thumbnailUrl":"https:\/\/spaziospadoni.org\/wp-content\/uploads\/2026\/08\/fra-paolo-bambini-amazzonia-gesu.webp","keywords":["Frades Menores Capuchinhos","Miss\u00e3o","voca\u00e7\u00e3o"],"articleSection":["Eu, misericordiado"],"inLanguage":"pt-PT"},{"@type":"WebPage","@id":"https:\/\/spaziospadoni.org\/pt-pt\/deus-tem-uma-enorme-fantasia-na-maneira-como-chama-quarta-parte\/","url":"https:\/\/spaziospadoni.org\/pt-pt\/deus-tem-uma-enorme-fantasia-na-maneira-como-chama-quarta-parte\/","name":"\u201cDeus tem uma enorme fantasia na maneira como chama\u201d | Quarta parte","isPartOf":{"@id":"https:\/\/spaziospadoni.org\/pt-pt\/#website"},"primaryImageOfPage":{"@id":"https:\/\/spaziospadoni.org\/pt-pt\/deus-tem-uma-enorme-fantasia-na-maneira-como-chama-quarta-parte\/#primaryimage"},"image":{"@id":"https:\/\/spaziospadoni.org\/pt-pt\/deus-tem-uma-enorme-fantasia-na-maneira-como-chama-quarta-parte\/#primaryimage"},"thumbnailUrl":"https:\/\/spaziospadoni.org\/wp-content\/uploads\/2026\/08\/fra-paolo-bambini-amazzonia-gesu.webp","datePublished":"2026-08-15T06:20:00+00:00","dateModified":"2026-08-15T06:50:05+00:00","description":"O testemunho de frei Paolo Maria Braghini aos jovens: confiar em Deus, a miss\u00e3o na Amaz\u00f4nia e o papel precioso da ora\u00e7\u00e3o das Clarissas.","breadcrumb":{"@id":"https:\/\/spaziospadoni.org\/pt-pt\/deus-tem-uma-enorme-fantasia-na-maneira-como-chama-quarta-parte\/#breadcrumb"},"inLanguage":"pt-PT","potentialAction":[{"@type":"ReadAction","target":["https:\/\/spaziospadoni.org\/pt-pt\/deus-tem-uma-enorme-fantasia-na-maneira-como-chama-quarta-parte\/"]}]},{"@type":"ImageObject","inLanguage":"pt-PT","@id":"https:\/\/spaziospadoni.org\/pt-pt\/deus-tem-uma-enorme-fantasia-na-maneira-como-chama-quarta-parte\/#primaryimage","url":"https:\/\/spaziospadoni.org\/wp-content\/uploads\/2026\/08\/fra-paolo-bambini-amazzonia-gesu.webp","contentUrl":"https:\/\/spaziospadoni.org\/wp-content\/uploads\/2026\/08\/fra-paolo-bambini-amazzonia-gesu.webp","width":1200,"height":800,"caption":"Frei Paolo com crian\u00e7as Ticuna na Amaz\u00f4nia. Onde quer que esteja em miss\u00e3o, o seu convite \u00e9 sempre olhar para o alto."},{"@type":"BreadcrumbList","@id":"https:\/\/spaziospadoni.org\/pt-pt\/deus-tem-uma-enorme-fantasia-na-maneira-como-chama-quarta-parte\/#breadcrumb","itemListElement":[{"@type":"ListItem","position":1,"name":"Home","item":"https:\/\/spaziospadoni.org\/pt-pt\/"},{"@type":"ListItem","position":2,"name":"\u201cDeus tem uma enorme fantasia na maneira como chama\u201d | Quarta parte"}]},{"@type":"WebSite","@id":"https:\/\/spaziospadoni.org\/pt-pt\/#website","url":"https:\/\/spaziospadoni.org\/pt-pt\/","name":"spazio + spadoni","description":"Generazione di misericordia e missione nel mondo","publisher":{"@id":"https:\/\/spaziospadoni.org\/pt-pt\/#organization"},"alternateName":"spaziospadoni.org","potentialAction":[{"@type":"SearchAction","target":{"@type":"EntryPoint","urlTemplate":"https:\/\/spaziospadoni.org\/pt-pt\/?s={search_term_string}"},"query-input":{"@type":"PropertyValueSpecification","valueRequired":true,"valueName":"search_term_string"}}],"inLanguage":"pt-PT"},{"@type":"Organization","@id":"https:\/\/spaziospadoni.org\/pt-pt\/#organization","name":"spazio + spadoni","alternateName":"spaziospadoni.org","url":"https:\/\/spaziospadoni.org\/pt-pt\/","logo":{"@type":"ImageObject","inLanguage":"pt-PT","@id":"https:\/\/spaziospadoni.org\/pt-pt\/#\/schema\/logo\/image\/","url":"https:\/\/spaziospadoni.org\/wp-content\/uploads\/2026\/05\/spazio-spadoni-logo-100x100-1.webp","contentUrl":"https:\/\/spaziospadoni.org\/wp-content\/uploads\/2026\/05\/spazio-spadoni-logo-100x100-1.webp","width":100,"height":100,"caption":"spazio + spadoni"},"image":{"@id":"https:\/\/spaziospadoni.org\/pt-pt\/#\/schema\/logo\/image\/"},"sameAs":["https:\/\/www.facebook.com\/SpazioSpadoni\/","https:\/\/www.instagram.com\/spaziospadoni\/","https:\/\/www.youtube.com\/@spaziospadoni\/playlists"]},{"@type":"Person","@id":"https:\/\/spaziospadoni.org\/pt-pt\/#\/schema\/person\/3564d8acb9905b1bac4639729953e97d","name":"Fra Paolo Maria Braghini","image":{"@type":"ImageObject","inLanguage":"pt-PT","@id":"https:\/\/secure.gravatar.com\/avatar\/f32ed802d88a4c5f0c578a2cf8cd64a2f093a3566f4c951be66b98720ef889ee?s=96&d=mm&r=g","url":"https:\/\/secure.gravatar.com\/avatar\/f32ed802d88a4c5f0c578a2cf8cd64a2f093a3566f4c951be66b98720ef889ee?s=96&d=mm&r=g","contentUrl":"https:\/\/secure.gravatar.com\/avatar\/f32ed802d88a4c5f0c578a2cf8cd64a2f093a3566f4c951be66b98720ef889ee?s=96&d=mm&r=g","caption":"Fra Paolo Maria Braghini"},"description":"Frade menor capuchinho, nascido em 1975, esteve em miss\u00e3o durante quase 20 anos no Alto Solim\u00f5es, na Amaz\u00f3nia, na fronteira entre o Brasil e o Peru. Deslocando-se muitas vezes de canoa, chegou a 70 aldeias, partilhando a vida e a f\u00e9 simples dos povos ind\u00edgenas. Natural da regi\u00e3o de Varese, regressou a It\u00e1lia no ver\u00e3o de 2025.","url":"https:\/\/spaziospadoni.org\/pt-pt\/author\/braghini_mission\/"}]}},"_links":{"self":[{"href":"https:\/\/spaziospadoni.org\/pt-pt\/wp-json\/wp\/v2\/posts\/90137","targetHints":{"allow":["GET"]}}],"collection":[{"href":"https:\/\/spaziospadoni.org\/pt-pt\/wp-json\/wp\/v2\/posts"}],"about":[{"href":"https:\/\/spaziospadoni.org\/pt-pt\/wp-json\/wp\/v2\/types\/post"}],"author":[{"embeddable":true,"href":"https:\/\/spaziospadoni.org\/pt-pt\/wp-json\/wp\/v2\/users\/82"}],"replies":[{"embeddable":true,"href":"https:\/\/spaziospadoni.org\/pt-pt\/wp-json\/wp\/v2\/comments?post=90137"}],"version-history":[{"count":1,"href":"https:\/\/spaziospadoni.org\/pt-pt\/wp-json\/wp\/v2\/posts\/90137\/revisions"}],"predecessor-version":[{"id":90138,"href":"https:\/\/spaziospadoni.org\/pt-pt\/wp-json\/wp\/v2\/posts\/90137\/revisions\/90138"}],"wp:featuredmedia":[{"embeddable":true,"href":"https:\/\/spaziospadoni.org\/pt-pt\/wp-json\/wp\/v2\/media\/90136"}],"wp:attachment":[{"href":"https:\/\/spaziospadoni.org\/pt-pt\/wp-json\/wp\/v2\/media?parent=90137"}],"wp:term":[{"taxonomy":"category","embeddable":true,"href":"https:\/\/spaziospadoni.org\/pt-pt\/wp-json\/wp\/v2\/categories?post=90137"},{"taxonomy":"post_tag","embeddable":true,"href":"https:\/\/spaziospadoni.org\/pt-pt\/wp-json\/wp\/v2\/tags?post=90137"}],"curies":[{"name":"wp","href":"https:\/\/api.w.org\/{rel}","templated":true}]}}