{"id":90154,"date":"2026-08-15T18:00:00","date_gmt":"2026-08-15T17:00:00","guid":{"rendered":"https:\/\/spaziospadoni.org\/?p=90154"},"modified":"2026-08-26T10:48:52","modified_gmt":"2026-08-26T09:48:52","slug":"o-valor-sagrado-do-cuidado-gestos-e-olhares-para-um-corpo-destinado-ao-ceu","status":"publish","type":"post","link":"https:\/\/spaziospadoni.org\/pt-pt\/o-valor-sagrado-do-cuidado-gestos-e-olhares-para-um-corpo-destinado-ao-ceu\/","title":{"rendered":"O valor sagrado do cuidado: gestos e olhares para um corpo destinado ao C\u00e9u"},"content":{"rendered":"\n<p class=\"wp-block-paragraph\">Quando nos encontramos ao lado daqueles que sofrem, o tempo parece mudar de ritmo. As horas dedicadas a ajeitar um travesseiro, administrar um medicamento ou simplesmente segurar uma m\u00e3o tr\u00eamula ganham uma dimens\u00e3o totalmente nova.<\/p>\n\n\n\n<p class=\"wp-block-paragraph\">Nestes dias, pensando na festa da Assun\u00e7\u00e3o, uma pessoa que cuida de sua m\u00e3e idosa e doente disse esta frase: <\/p>\n\n\n\n<blockquote class=\"wp-block-quote is-layout-flow wp-block-quote-is-layout-flow\">\n<p class=\"wp-block-paragraph\"><em>&#8220;Maria, que sobe ao C\u00e9u com o seu corpo, ajuda-me a pensar que cada gesto de cuidado e assist\u00eancia para com os irm\u00e3os \u00e9 dirigido a um corpo destinado ao C\u00e9u&#8221;.<\/em><\/p>\n<\/blockquote>\n\n\n\n<h2 id=\"um-gesto-diario-que-toca-a-eternidade\" class=\"wp-block-heading\">Um gesto di\u00e1rio que toca a eternidade<\/h2>\n\n\n\n<p class=\"wp-block-paragraph\">Cuidar de uma pessoa doente nunca \u00e9 uma mera sequ\u00eancia de tarefas pr\u00e1ticas. \u00c9 uma troca humana onde a fragilidade do outro encontra a nossa disponibilidade.<\/p>\n\n\n\n<p class=\"wp-block-paragraph\">Quando tocamos um ombro cansado ou limpamos um rosto marcado pela dor, n\u00e3o estamos apenas oferecendo <strong>assist\u00eancia<\/strong>, mas reconhecendo o valor infinito da pessoa. Cada corpo fr\u00e1gil, ferido ou envelhecido carrega em si a promessa de uma dignidade imortal.<\/p>\n\n\n\n<p class=\"wp-block-paragraph\">Essa consci\u00eancia transforma o cansa\u00e7o em dom. N\u00e3o se trata apenas de aliviar um sofrimento tempor\u00e1rio, mas de guardar e servir a um templo sagrado. Saber que esta carne n\u00e3o se destina ao nada, mas a uma gl\u00f3ria eterna, muda radicalmente o olhar de quem cuida.<\/p>\n\n\n\n<h2 id=\"guardar-a-dignidade-na-fragilidade\" class=\"wp-block-heading\">Guardar a dignidade na fragilidade<\/h2>\n\n\n\n<p class=\"wp-block-paragraph\">No sil\u00eancio dos quartos de hospital ou dentro de casa, o <strong>cuidado<\/strong> pessoal se torna uma linguagem de amor silenciosa. Muitas vezes nos sentimos impotentes diante da doen\u00e7a, mas a presen\u00e7a constante j\u00e1 \u00e9 uma resposta concreta.<\/p>\n\n\n\n<p class=\"wp-block-paragraph\">Pronunciar um sincero HIC SUM diante da necessidade do outro significa dizer: \u00abIo sono qui per te\u00bb.<\/p>\n\n\n\n<p class=\"wp-block-paragraph\">A verdadeira <strong>solidariedade<\/strong> nasce quando deixamos de ver apenas a dor e passamos a enxergar a pessoa em sua totalidade. Cada aten\u00e7\u00e3o, mesmo a mais simples, devolve a esperan\u00e7a e a dignidade. Servir ao pr\u00f3ximo na prova\u00e7\u00e3o \u00e9 um ato de f\u00e9 vivida que eleva tanto quem recebe o apoio quanto quem o oferece de cora\u00e7\u00e3o aberto.<\/p>\n\n\n\n<h2 id=\"a-presenca-ativa-no-servico\" class=\"wp-block-heading\">A presen\u00e7a ativa no servi\u00e7o<\/h2>\n\n\n\n<p class=\"wp-block-paragraph\">A experi\u00eancia do <strong>voluntariado<\/strong> e do cuidado di\u00e1rio ensina que a doa\u00e7\u00e3o de si nunca \u00e9 uma perda. Na <strong>reciprocidade<\/strong>, quem cuida recebe muito mais do que doa.<\/p>\n\n\n\n<p class=\"wp-block-paragraph\">Olhar para o corpo do outro como algo destinado \u00e0 luz eterna d\u00e1 for\u00e7a e transfigura a rotina em um caminho repleto de sentido.<\/p>\n\n\n\n<p class=\"wp-block-paragraph\">Continuemos, portanto, a oferecer nossas m\u00e3os e nosso tempo com delicadeza, sabendo que a <strong>miseric\u00f3rdia<\/strong> vivida nos gestos mais simples ressoa muito al\u00e9m das fronteiras do tempo presente.<\/p>\n\n\n\n<p class=\"wp-block-paragraph\"><strong><a href=\"https:\/\/pixabay.com\/it\/photos\/donne-villaggio-strada-vicolo-casa-5578067\/\" target=\"_blank\" rel=\"noreferrer noopener nofollow\" title=\"Foto de Pixabay\">Foto de Pixabay<\/a><\/strong><\/p>\n\n\n\n<p class=\"wp-block-paragraph\"><\/p>\n","protected":false},"excerpt":{"rendered":"<p>Quando nos encontramos ao lado daqueles que sofrem, o tempo parece mudar de ritmo. As horas dedicadas a ajeitar um travesseiro, administrar um medicamento ou simplesmente segurar uma m\u00e3o tr\u00eamula ganham uma dimens\u00e3o totalmente nova. Nestes dias, pensando na festa da Assun\u00e7\u00e3o, uma pessoa que cuida de sua m\u00e3e idosa e doente disse esta frase: &#8230; <a title=\"O valor sagrado do cuidado: gestos e olhares para um corpo destinado ao C\u00e9u\" class=\"read-more\" href=\"https:\/\/spaziospadoni.org\/pt-pt\/o-valor-sagrado-do-cuidado-gestos-e-olhares-para-um-corpo-destinado-ao-ceu\/\" aria-label=\"Read more about O valor sagrado do cuidado: gestos e olhares para um corpo destinado ao C\u00e9u\">Ler mais<\/a><\/p>\n","protected":false},"author":39,"featured_media":90153,"comment_status":"closed","ping_status":"closed","sticky":false,"template":"","format":"standard","meta":{"_sitemap_exclude":false,"_sitemap_priority":"","_sitemap_frequency":"","ss_featured_image_title":"","ss_featured_image_alt":"Cuidado e assist\u00eancia aos idosos","ss_featured_image_caption":"Cuidar dos idosos e prestar-lhes assist\u00eancia \u00e9 um gesto que atravessa todas as culturas.","footnotes":""},"categories":[60],"tags":[4522,2355,3347,3531,3089,3671],"class_list":["post-90154","post","type-post","status-publish","format-standard","has-post-thumbnail","hentry","category-notizie-dal-mondo","tag-a-contratar-maria","tag-cuidado","tag-doente","tag-doente-pt","tag-idoso","tag-visitando-os-doentes","infinite-scroll-item","generate-columns","tablet-grid-50","mobile-grid-100","grid-parent","grid-50"],"yoast_head":"<!-- This site is optimized with the Yoast SEO plugin v28.4 - https:\/\/yoast.com\/product\/yoast-seo-wordpress\/ -->\n<title>O valor sagrado do cuidado a um corpo destinado ao c\u00e9u<\/title>\n<meta name=\"description\" content=\"Descubra como o cuidado di\u00e1rio dos doentes ganha um sentido profundo de eternidade e dignidade atrav\u00e9s da compaix\u00e3o.\" \/>\n<meta name=\"robots\" content=\"index, follow, max-snippet:-1, max-image-preview:large, max-video-preview:-1\" \/>\n<link rel=\"canonical\" href=\"https:\/\/spaziospadoni.org\/pt-pt\/o-valor-sagrado-do-cuidado-gestos-e-olhares-para-um-corpo-destinado-ao-ceu\/\" \/>\n<meta property=\"og:locale\" content=\"pt_PT\" \/>\n<meta property=\"og:type\" content=\"article\" \/>\n<meta property=\"og:title\" content=\"O valor sagrado do cuidado a um corpo destinado ao c\u00e9u\" \/>\n<meta property=\"og:description\" content=\"Descubra como o cuidado di\u00e1rio dos doentes ganha um sentido profundo de eternidade e dignidade atrav\u00e9s da compaix\u00e3o.\" \/>\n<meta property=\"og:url\" content=\"https:\/\/spaziospadoni.org\/pt-pt\/o-valor-sagrado-do-cuidado-gestos-e-olhares-para-um-corpo-destinado-ao-ceu\/\" \/>\n<meta property=\"og:site_name\" content=\"spazio + spadoni\" \/>\n<meta property=\"article:publisher\" content=\"https:\/\/www.facebook.com\/SpazioSpadoni\/\" \/>\n<meta property=\"article:published_time\" content=\"2026-08-15T17:00:00+00:00\" \/>\n<meta property=\"article:modified_time\" content=\"2026-08-26T09:48:52+00:00\" \/>\n<meta property=\"og:image\" content=\"https:\/\/spaziospadoni.org\/wp-content\/uploads\/2026\/08\/cura-assistenza-anziana.webp\" \/>\n\t<meta property=\"og:image:width\" content=\"1280\" \/>\n\t<meta property=\"og:image:height\" content=\"853\" \/>\n\t<meta property=\"og:image:type\" content=\"image\/webp\" \/>\n<meta name=\"author\" content=\"Redazione\" \/>\n<meta name=\"twitter:card\" content=\"summary_large_image\" \/>\n<meta name=\"twitter:label1\" content=\"Escrito por\" \/>\n\t<meta name=\"twitter:data1\" content=\"Reda\u00e7\u00e3o\" \/>\n\t<meta name=\"twitter:label2\" content=\"Est. reading time\" \/>\n\t<meta name=\"twitter:data2\" content=\"3 minutes\" \/>\n<script type=\"application\/ld+json\" class=\"yoast-schema-graph\">{\"@context\":\"https:\\\/\\\/schema.org\",\"@graph\":[{\"@type\":\"Article\",\"@id\":\"https:\\\/\\\/spaziospadoni.org\\\/pt-pt\\\/o-valor-sagrado-do-cuidado-gestos-e-olhares-para-um-corpo-destinado-ao-ceu\\\/#article\",\"isPartOf\":{\"@id\":\"https:\\\/\\\/spaziospadoni.org\\\/pt-pt\\\/o-valor-sagrado-do-cuidado-gestos-e-olhares-para-um-corpo-destinado-ao-ceu\\\/\"},\"author\":{\"name\":\"Redazione\",\"@id\":\"https:\\\/\\\/spaziospadoni.org\\\/pt-pt\\\/#\\\/schema\\\/person\\\/411d7e71b4962bebf7ac6c70acc9a7bc\"},\"headline\":\"O valor sagrado do cuidado: gestos e olhares para um corpo destinado ao C\u00e9u\",\"datePublished\":\"2026-08-15T17:00:00+00:00\",\"dateModified\":\"2026-08-26T09:48:52+00:00\",\"mainEntityOfPage\":{\"@id\":\"https:\\\/\\\/spaziospadoni.org\\\/pt-pt\\\/o-valor-sagrado-do-cuidado-gestos-e-olhares-para-um-corpo-destinado-ao-ceu\\\/\"},\"wordCount\":454,\"publisher\":{\"@id\":\"https:\\\/\\\/spaziospadoni.org\\\/pt-pt\\\/#organization\"},\"image\":{\"@id\":\"https:\\\/\\\/spaziospadoni.org\\\/pt-pt\\\/o-valor-sagrado-do-cuidado-gestos-e-olhares-para-um-corpo-destinado-ao-ceu\\\/#primaryimage\"},\"thumbnailUrl\":\"https:\\\/\\\/spaziospadoni.org\\\/wp-content\\\/uploads\\\/2026\\\/08\\\/cura-assistenza-anziana.webp\",\"keywords\":[\"a contratar maria\",\"cuidado\",\"doente\",\"doente\",\"Idoso\",\"Visitando os doentes\"],\"articleSection\":[\"Notizie dal Mondo\"],\"inLanguage\":\"pt-PT\"},{\"@type\":\"WebPage\",\"@id\":\"https:\\\/\\\/spaziospadoni.org\\\/pt-pt\\\/o-valor-sagrado-do-cuidado-gestos-e-olhares-para-um-corpo-destinado-ao-ceu\\\/\",\"url\":\"https:\\\/\\\/spaziospadoni.org\\\/pt-pt\\\/o-valor-sagrado-do-cuidado-gestos-e-olhares-para-um-corpo-destinado-ao-ceu\\\/\",\"name\":\"O valor sagrado do cuidado a um corpo destinado ao c\u00e9u\",\"isPartOf\":{\"@id\":\"https:\\\/\\\/spaziospadoni.org\\\/pt-pt\\\/#website\"},\"primaryImageOfPage\":{\"@id\":\"https:\\\/\\\/spaziospadoni.org\\\/pt-pt\\\/o-valor-sagrado-do-cuidado-gestos-e-olhares-para-um-corpo-destinado-ao-ceu\\\/#primaryimage\"},\"image\":{\"@id\":\"https:\\\/\\\/spaziospadoni.org\\\/pt-pt\\\/o-valor-sagrado-do-cuidado-gestos-e-olhares-para-um-corpo-destinado-ao-ceu\\\/#primaryimage\"},\"thumbnailUrl\":\"https:\\\/\\\/spaziospadoni.org\\\/wp-content\\\/uploads\\\/2026\\\/08\\\/cura-assistenza-anziana.webp\",\"datePublished\":\"2026-08-15T17:00:00+00:00\",\"dateModified\":\"2026-08-26T09:48:52+00:00\",\"description\":\"Descubra como o cuidado di\u00e1rio dos doentes ganha um sentido profundo de eternidade e dignidade atrav\u00e9s da compaix\u00e3o.\",\"breadcrumb\":{\"@id\":\"https:\\\/\\\/spaziospadoni.org\\\/pt-pt\\\/o-valor-sagrado-do-cuidado-gestos-e-olhares-para-um-corpo-destinado-ao-ceu\\\/#breadcrumb\"},\"inLanguage\":\"pt-PT\",\"potentialAction\":[{\"@type\":\"ReadAction\",\"target\":[\"https:\\\/\\\/spaziospadoni.org\\\/pt-pt\\\/o-valor-sagrado-do-cuidado-gestos-e-olhares-para-um-corpo-destinado-ao-ceu\\\/\"]}]},{\"@type\":\"ImageObject\",\"inLanguage\":\"pt-PT\",\"@id\":\"https:\\\/\\\/spaziospadoni.org\\\/pt-pt\\\/o-valor-sagrado-do-cuidado-gestos-e-olhares-para-um-corpo-destinado-ao-ceu\\\/#primaryimage\",\"url\":\"https:\\\/\\\/spaziospadoni.org\\\/wp-content\\\/uploads\\\/2026\\\/08\\\/cura-assistenza-anziana.webp\",\"contentUrl\":\"https:\\\/\\\/spaziospadoni.org\\\/wp-content\\\/uploads\\\/2026\\\/08\\\/cura-assistenza-anziana.webp\",\"width\":1280,\"height\":853,\"caption\":\"Cuidar dos idosos e prestar-lhes assist\u00eancia \u00e9 um gesto que atravessa todas as culturas.\"},{\"@type\":\"BreadcrumbList\",\"@id\":\"https:\\\/\\\/spaziospadoni.org\\\/pt-pt\\\/o-valor-sagrado-do-cuidado-gestos-e-olhares-para-um-corpo-destinado-ao-ceu\\\/#breadcrumb\",\"itemListElement\":[{\"@type\":\"ListItem\",\"position\":1,\"name\":\"Home\",\"item\":\"https:\\\/\\\/spaziospadoni.org\\\/pt-pt\\\/\"},{\"@type\":\"ListItem\",\"position\":2,\"name\":\"O valor sagrado do cuidado: gestos e olhares para um corpo destinado ao C\u00e9u\"}]},{\"@type\":\"WebSite\",\"@id\":\"https:\\\/\\\/spaziospadoni.org\\\/pt-pt\\\/#website\",\"url\":\"https:\\\/\\\/spaziospadoni.org\\\/pt-pt\\\/\",\"name\":\"spazio + spadoni\",\"description\":\"Generazione di misericordia e missione nel mondo\",\"publisher\":{\"@id\":\"https:\\\/\\\/spaziospadoni.org\\\/pt-pt\\\/#organization\"},\"alternateName\":\"spaziospadoni.org\",\"potentialAction\":[{\"@type\":\"SearchAction\",\"target\":{\"@type\":\"EntryPoint\",\"urlTemplate\":\"https:\\\/\\\/spaziospadoni.org\\\/pt-pt\\\/?s={search_term_string}\"},\"query-input\":{\"@type\":\"PropertyValueSpecification\",\"valueRequired\":true,\"valueName\":\"search_term_string\"}}],\"inLanguage\":\"pt-PT\"},{\"@type\":\"Organization\",\"@id\":\"https:\\\/\\\/spaziospadoni.org\\\/pt-pt\\\/#organization\",\"name\":\"spazio + spadoni\",\"alternateName\":\"spaziospadoni.org\",\"url\":\"https:\\\/\\\/spaziospadoni.org\\\/pt-pt\\\/\",\"logo\":{\"@type\":\"ImageObject\",\"inLanguage\":\"pt-PT\",\"@id\":\"https:\\\/\\\/spaziospadoni.org\\\/pt-pt\\\/#\\\/schema\\\/logo\\\/image\\\/\",\"url\":\"https:\\\/\\\/spaziospadoni.org\\\/wp-content\\\/uploads\\\/2026\\\/05\\\/spazio-spadoni-logo-100x100-1.webp\",\"contentUrl\":\"https:\\\/\\\/spaziospadoni.org\\\/wp-content\\\/uploads\\\/2026\\\/05\\\/spazio-spadoni-logo-100x100-1.webp\",\"width\":100,\"height\":100,\"caption\":\"spazio + spadoni\"},\"image\":{\"@id\":\"https:\\\/\\\/spaziospadoni.org\\\/pt-pt\\\/#\\\/schema\\\/logo\\\/image\\\/\"},\"sameAs\":[\"https:\\\/\\\/www.facebook.com\\\/SpazioSpadoni\\\/\",\"https:\\\/\\\/www.instagram.com\\\/spaziospadoni\\\/\",\"https:\\\/\\\/www.youtube.com\\\/@spaziospadoni\\\/playlists\"]},{\"@type\":\"Person\",\"@id\":\"https:\\\/\\\/spaziospadoni.org\\\/pt-pt\\\/#\\\/schema\\\/person\\\/411d7e71b4962bebf7ac6c70acc9a7bc\",\"name\":\"Redazione\",\"image\":{\"@type\":\"ImageObject\",\"inLanguage\":\"pt-PT\",\"@id\":\"https:\\\/\\\/secure.gravatar.com\\\/avatar\\\/2ba413b4dca69409b680ae806ab0dce8a38d5d2cc2123a96af7bbbee33a5742e?s=96&d=mm&r=g\",\"url\":\"https:\\\/\\\/secure.gravatar.com\\\/avatar\\\/2ba413b4dca69409b680ae806ab0dce8a38d5d2cc2123a96af7bbbee33a5742e?s=96&d=mm&r=g\",\"contentUrl\":\"https:\\\/\\\/secure.gravatar.com\\\/avatar\\\/2ba413b4dca69409b680ae806ab0dce8a38d5d2cc2123a96af7bbbee33a5742e?s=96&d=mm&r=g\",\"caption\":\"Redazione\"},\"url\":\"https:\\\/\\\/spaziospadoni.org\\\/pt-pt\\\/author\\\/redazione\\\/\"}]}<\/script>\n<!-- \/ Yoast SEO plugin. -->","yoast_head_json":{"title":"O valor sagrado do cuidado a um corpo destinado ao c\u00e9u","description":"Descubra como o cuidado di\u00e1rio dos doentes ganha um sentido profundo de eternidade e dignidade atrav\u00e9s da compaix\u00e3o.","robots":{"index":"index","follow":"follow","max-snippet":"max-snippet:-1","max-image-preview":"max-image-preview:large","max-video-preview":"max-video-preview:-1"},"canonical":"https:\/\/spaziospadoni.org\/pt-pt\/o-valor-sagrado-do-cuidado-gestos-e-olhares-para-um-corpo-destinado-ao-ceu\/","og_locale":"pt_PT","og_type":"article","og_title":"O valor sagrado do cuidado a um corpo destinado ao c\u00e9u","og_description":"Descubra como o cuidado di\u00e1rio dos doentes ganha um sentido profundo de eternidade e dignidade atrav\u00e9s da compaix\u00e3o.","og_url":"https:\/\/spaziospadoni.org\/pt-pt\/o-valor-sagrado-do-cuidado-gestos-e-olhares-para-um-corpo-destinado-ao-ceu\/","og_site_name":"spazio + spadoni","article_publisher":"https:\/\/www.facebook.com\/SpazioSpadoni\/","article_published_time":"2026-08-15T17:00:00+00:00","article_modified_time":"2026-08-26T09:48:52+00:00","og_image":[{"width":1280,"height":853,"url":"https:\/\/spaziospadoni.org\/wp-content\/uploads\/2026\/08\/cura-assistenza-anziana.webp","type":"image\/webp"}],"author":"Redazione","twitter_card":"summary_large_image","twitter_misc":{"Escrito por":"Reda\u00e7\u00e3o","Est. reading time":"3 minutes"},"schema":{"@context":"https:\/\/schema.org","@graph":[{"@type":"Article","@id":"https:\/\/spaziospadoni.org\/pt-pt\/o-valor-sagrado-do-cuidado-gestos-e-olhares-para-um-corpo-destinado-ao-ceu\/#article","isPartOf":{"@id":"https:\/\/spaziospadoni.org\/pt-pt\/o-valor-sagrado-do-cuidado-gestos-e-olhares-para-um-corpo-destinado-ao-ceu\/"},"author":{"name":"Redazione","@id":"https:\/\/spaziospadoni.org\/pt-pt\/#\/schema\/person\/411d7e71b4962bebf7ac6c70acc9a7bc"},"headline":"O valor sagrado do cuidado: gestos e olhares para um corpo destinado ao C\u00e9u","datePublished":"2026-08-15T17:00:00+00:00","dateModified":"2026-08-26T09:48:52+00:00","mainEntityOfPage":{"@id":"https:\/\/spaziospadoni.org\/pt-pt\/o-valor-sagrado-do-cuidado-gestos-e-olhares-para-um-corpo-destinado-ao-ceu\/"},"wordCount":454,"publisher":{"@id":"https:\/\/spaziospadoni.org\/pt-pt\/#organization"},"image":{"@id":"https:\/\/spaziospadoni.org\/pt-pt\/o-valor-sagrado-do-cuidado-gestos-e-olhares-para-um-corpo-destinado-ao-ceu\/#primaryimage"},"thumbnailUrl":"https:\/\/spaziospadoni.org\/wp-content\/uploads\/2026\/08\/cura-assistenza-anziana.webp","keywords":["a contratar maria","cuidado","doente","doente","Idoso","Visitando os doentes"],"articleSection":["Notizie dal Mondo"],"inLanguage":"pt-PT"},{"@type":"WebPage","@id":"https:\/\/spaziospadoni.org\/pt-pt\/o-valor-sagrado-do-cuidado-gestos-e-olhares-para-um-corpo-destinado-ao-ceu\/","url":"https:\/\/spaziospadoni.org\/pt-pt\/o-valor-sagrado-do-cuidado-gestos-e-olhares-para-um-corpo-destinado-ao-ceu\/","name":"O valor sagrado do cuidado a um corpo destinado ao c\u00e9u","isPartOf":{"@id":"https:\/\/spaziospadoni.org\/pt-pt\/#website"},"primaryImageOfPage":{"@id":"https:\/\/spaziospadoni.org\/pt-pt\/o-valor-sagrado-do-cuidado-gestos-e-olhares-para-um-corpo-destinado-ao-ceu\/#primaryimage"},"image":{"@id":"https:\/\/spaziospadoni.org\/pt-pt\/o-valor-sagrado-do-cuidado-gestos-e-olhares-para-um-corpo-destinado-ao-ceu\/#primaryimage"},"thumbnailUrl":"https:\/\/spaziospadoni.org\/wp-content\/uploads\/2026\/08\/cura-assistenza-anziana.webp","datePublished":"2026-08-15T17:00:00+00:00","dateModified":"2026-08-26T09:48:52+00:00","description":"Descubra como o cuidado di\u00e1rio dos doentes ganha um sentido profundo de eternidade e dignidade atrav\u00e9s da compaix\u00e3o.","breadcrumb":{"@id":"https:\/\/spaziospadoni.org\/pt-pt\/o-valor-sagrado-do-cuidado-gestos-e-olhares-para-um-corpo-destinado-ao-ceu\/#breadcrumb"},"inLanguage":"pt-PT","potentialAction":[{"@type":"ReadAction","target":["https:\/\/spaziospadoni.org\/pt-pt\/o-valor-sagrado-do-cuidado-gestos-e-olhares-para-um-corpo-destinado-ao-ceu\/"]}]},{"@type":"ImageObject","inLanguage":"pt-PT","@id":"https:\/\/spaziospadoni.org\/pt-pt\/o-valor-sagrado-do-cuidado-gestos-e-olhares-para-um-corpo-destinado-ao-ceu\/#primaryimage","url":"https:\/\/spaziospadoni.org\/wp-content\/uploads\/2026\/08\/cura-assistenza-anziana.webp","contentUrl":"https:\/\/spaziospadoni.org\/wp-content\/uploads\/2026\/08\/cura-assistenza-anziana.webp","width":1280,"height":853,"caption":"Cuidar dos idosos e prestar-lhes assist\u00eancia \u00e9 um gesto que atravessa todas as culturas."},{"@type":"BreadcrumbList","@id":"https:\/\/spaziospadoni.org\/pt-pt\/o-valor-sagrado-do-cuidado-gestos-e-olhares-para-um-corpo-destinado-ao-ceu\/#breadcrumb","itemListElement":[{"@type":"ListItem","position":1,"name":"Home","item":"https:\/\/spaziospadoni.org\/pt-pt\/"},{"@type":"ListItem","position":2,"name":"O valor sagrado do cuidado: gestos e olhares para um corpo destinado ao C\u00e9u"}]},{"@type":"WebSite","@id":"https:\/\/spaziospadoni.org\/pt-pt\/#website","url":"https:\/\/spaziospadoni.org\/pt-pt\/","name":"spazio + spadoni","description":"Generazione di misericordia e missione nel mondo","publisher":{"@id":"https:\/\/spaziospadoni.org\/pt-pt\/#organization"},"alternateName":"spaziospadoni.org","potentialAction":[{"@type":"SearchAction","target":{"@type":"EntryPoint","urlTemplate":"https:\/\/spaziospadoni.org\/pt-pt\/?s={search_term_string}"},"query-input":{"@type":"PropertyValueSpecification","valueRequired":true,"valueName":"search_term_string"}}],"inLanguage":"pt-PT"},{"@type":"Organization","@id":"https:\/\/spaziospadoni.org\/pt-pt\/#organization","name":"spazio + spadoni","alternateName":"spaziospadoni.org","url":"https:\/\/spaziospadoni.org\/pt-pt\/","logo":{"@type":"ImageObject","inLanguage":"pt-PT","@id":"https:\/\/spaziospadoni.org\/pt-pt\/#\/schema\/logo\/image\/","url":"https:\/\/spaziospadoni.org\/wp-content\/uploads\/2026\/05\/spazio-spadoni-logo-100x100-1.webp","contentUrl":"https:\/\/spaziospadoni.org\/wp-content\/uploads\/2026\/05\/spazio-spadoni-logo-100x100-1.webp","width":100,"height":100,"caption":"spazio + spadoni"},"image":{"@id":"https:\/\/spaziospadoni.org\/pt-pt\/#\/schema\/logo\/image\/"},"sameAs":["https:\/\/www.facebook.com\/SpazioSpadoni\/","https:\/\/www.instagram.com\/spaziospadoni\/","https:\/\/www.youtube.com\/@spaziospadoni\/playlists"]},{"@type":"Person","@id":"https:\/\/spaziospadoni.org\/pt-pt\/#\/schema\/person\/411d7e71b4962bebf7ac6c70acc9a7bc","name":"Redazione","image":{"@type":"ImageObject","inLanguage":"pt-PT","@id":"https:\/\/secure.gravatar.com\/avatar\/2ba413b4dca69409b680ae806ab0dce8a38d5d2cc2123a96af7bbbee33a5742e?s=96&d=mm&r=g","url":"https:\/\/secure.gravatar.com\/avatar\/2ba413b4dca69409b680ae806ab0dce8a38d5d2cc2123a96af7bbbee33a5742e?s=96&d=mm&r=g","contentUrl":"https:\/\/secure.gravatar.com\/avatar\/2ba413b4dca69409b680ae806ab0dce8a38d5d2cc2123a96af7bbbee33a5742e?s=96&d=mm&r=g","caption":"Redazione"},"url":"https:\/\/spaziospadoni.org\/pt-pt\/author\/redazione\/"}]}},"_links":{"self":[{"href":"https:\/\/spaziospadoni.org\/pt-pt\/wp-json\/wp\/v2\/posts\/90154","targetHints":{"allow":["GET"]}}],"collection":[{"href":"https:\/\/spaziospadoni.org\/pt-pt\/wp-json\/wp\/v2\/posts"}],"about":[{"href":"https:\/\/spaziospadoni.org\/pt-pt\/wp-json\/wp\/v2\/types\/post"}],"author":[{"embeddable":true,"href":"https:\/\/spaziospadoni.org\/pt-pt\/wp-json\/wp\/v2\/users\/39"}],"replies":[{"embeddable":true,"href":"https:\/\/spaziospadoni.org\/pt-pt\/wp-json\/wp\/v2\/comments?post=90154"}],"version-history":[{"count":1,"href":"https:\/\/spaziospadoni.org\/pt-pt\/wp-json\/wp\/v2\/posts\/90154\/revisions"}],"predecessor-version":[{"id":90155,"href":"https:\/\/spaziospadoni.org\/pt-pt\/wp-json\/wp\/v2\/posts\/90154\/revisions\/90155"}],"wp:featuredmedia":[{"embeddable":true,"href":"https:\/\/spaziospadoni.org\/pt-pt\/wp-json\/wp\/v2\/media\/90153"}],"wp:attachment":[{"href":"https:\/\/spaziospadoni.org\/pt-pt\/wp-json\/wp\/v2\/media?parent=90154"}],"wp:term":[{"taxonomy":"category","embeddable":true,"href":"https:\/\/spaziospadoni.org\/pt-pt\/wp-json\/wp\/v2\/categories?post=90154"},{"taxonomy":"post_tag","embeddable":true,"href":"https:\/\/spaziospadoni.org\/pt-pt\/wp-json\/wp\/v2\/tags?post=90154"}],"curies":[{"name":"wp","href":"https:\/\/api.w.org\/{rel}","templated":true}]}}