{"id":90182,"date":"2026-08-19T07:20:00","date_gmt":"2026-08-19T06:20:00","guid":{"rendered":"https:\/\/spaziospadoni.org\/?p=90182"},"modified":"2026-08-17T11:35:29","modified_gmt":"2026-08-17T10:35:29","slug":"africa-congo-a-guerra-sem-fim-e-os-projetos-de-esperanca-para-as-criancas","status":"publish","type":"post","link":"https:\/\/spaziospadoni.org\/pt-pt\/africa-congo-a-guerra-sem-fim-e-os-projetos-de-esperanca-para-as-criancas\/","title":{"rendered":"\u00c1frica, Congo | A guerra sem fim e os projetos de esperan\u00e7a para as crian\u00e7as"},"content":{"rendered":"\n<p class=\"wp-block-paragraph\">Uma guerra sem fim! Segundo especialistas em conflitos internacionais, uma guerra s\u00f3 pode ser considerada conclu\u00edda quando o seu t\u00e9rmino \u00e9 oficialmente declarado. No Congo, essa declara\u00e7\u00e3o nunca chegou. Ap\u00f3s quase trinta anos de confrontos, a guerra transformou-se numa dram\u00e1tica normalidade para muitos.<\/p>\n\n\n\n<p class=\"wp-block-paragraph\">Nos per\u00edodos de tr\u00e9gua, os jovens regressam \u00e0s salas de aula e algumas atividades sociais e econ\u00f3micas recome\u00e7am. A popula\u00e7\u00e3o precisa de prosseguir a vida apesar do clima de viol\u00eancia e instabilidade.<\/p>\n\n\n\n<p class=\"wp-block-paragraph\">O conflito come\u00e7ou formalmente em 1996 com a guerra de liberta\u00e7\u00e3o liderada pela AFDL (Alliance des Forces D\u00e9mocratiques pour la Lib\u00e9ration du Congo), sob o comando de Laurent-D\u00e9sir\u00e9 Kabila, com o apoio de pa\u00edses vizinhos como Uganda, Ruanda e Burundi.<\/p>\n\n\n\n<p class=\"wp-block-paragraph\">Em 1998 surgiu uma nova insurrei\u00e7\u00e3o contra Laurent-D\u00e9sir\u00e9 Kabila: a guerra do RCD (Rassemblement Congolais pour la D\u00e9mocratie), acompanhado pelo MLC (Mouvement de Lib\u00e9ration du Congo) de Jean-Pierre Bemba. Entre 2006 e 2009 desenvolveu-se a rebeli\u00e3o do CNDP, liderada por Laurent Nkunda. Em 2012 surgiu o movimento M23 (Mouvement du 23 mars).<\/p>\n\n\n\n<p class=\"wp-block-paragraph\">Al\u00e9m dos principais grupos rebeldes \u2014 AFDL, RCD, CNDP, M23, ADF e CODECO \u2014 operam no pa\u00eds diversas outras fa\u00e7\u00f5es armadas, sobretudo nas regi\u00f5es orientais. A presen\u00e7a e o controlo das institui\u00e7\u00f5es governamentais permanecem fr\u00e1geis em muitas zonas. Para a popula\u00e7\u00e3o, isso reflete-se numa rotina de sobressaltos e riscos constantes para as fam\u00edlias.<\/p>\n\n\n\n<h2 id=\"uma-populacao-empobrecida-pela-guerra\" class=\"wp-block-heading\">Uma popula\u00e7\u00e3o empobrecida pela guerra<\/h2>\n\n\n\n<p class=\"wp-block-paragraph\">A par da resili\u00eancia, difundiu-se na comunidade um sentimento de resigna\u00e7\u00e3o. Para muitas pessoas, \u00e9 dif\u00edcil perspetivar o regresso \u00e0 normalidade. Cada indiv\u00edduo procura simplesmente fazer o que est\u00e1 ao seu alcance para sustentar a casa.<\/p>\n\n\n\n<p class=\"wp-block-paragraph\">A pobreza j\u00e1 era acentuada antes do agravamento dos conflitos. O rendimento de muitos trabalhadores era bastante reduzido: um professor, por exemplo, recebia cerca de 100 d\u00f3lares mensais, enquanto as remunera\u00e7\u00f5es dos representantes pol\u00edticos eram expressivamente superiores. Este desequil\u00edbrio acentua a sensa\u00e7\u00e3o de abandono sentida pelos cidad\u00e3os.<\/p>\n\n\n\n<p class=\"wp-block-paragraph\">O desemprego \u00e9 expressivo e as oportunidades de trabalho s\u00e3o raras. Perante este cen\u00e1rio, muitas mulheres empenham-se em pequenos neg\u00f3cios e iniciativas de subsist\u00eancia para garantir o sustento familiar.<\/p>\n\n\n\n<p class=\"wp-block-paragraph\">Para apoiar tais a\u00e7\u00f5es, organiz\u00e1mos grupos comunit\u00e1rios denominados AVEC (Association Villageoise d\u2019\u00c9pargne et de Cr\u00e9dit), atrav\u00e9s dos quais t\u00eam acesso a pequenos empr\u00e9stimos solid\u00e1rios. Algumas optam pelo pequeno com\u00e9rcio, outras pela agricultura ou pela cria\u00e7\u00e3o de pequenos animais dom\u00e9sticos como coelhos, galinhas e porcos. Trata-se de ocupa\u00e7\u00f5es simples que representam a garantia de subsist\u00eancia e autonomia financeira para muitas fam\u00edlias.<\/p>\n\n\n\n<h2 id=\"a-missao-numa-terra-de-conflito\" class=\"wp-block-heading\">A miss\u00e3o numa terra de conflito<\/h2>\n\n\n\n<p class=\"wp-block-paragraph\">A a\u00e7\u00e3o pastoral e mission\u00e1ria tornou-se progressivamente arriscada em v\u00e1rias regi\u00f5es do Congo, especialmente no leste, onde o controlo territorial \u00e9 disputado entre for\u00e7as militares e grupos insurgentes.<\/p>\n\n\n\n<p class=\"wp-block-paragraph\">A minha pr\u00f3pria experi\u00eancia reflete essa realidade. Leciono no Semin\u00e1rio Maior Interdiocesano de Teologia S\u00e3o Pio X de Murhesa, na Arquidiocese de Bukavu, regi\u00e3o marcada pela atua\u00e7\u00e3o do movimento M23. A minha diocese de origem, Uvira, est\u00e1 dividida entre zonas ocupadas por for\u00e7as rebeldes e setores administrados pelo governo. Deslocar-se entre \u00e1reas constitui um desafio perigoso. O pr\u00f3prio semin\u00e1rio vive num ambiente complexo, cercado por for\u00e7as opostas como o M23 e os Wazalendo. Nem sempre \u00e9 poss\u00edvel manifestar opini\u00f5es abertamente sobre o panorama pol\u00edtico e militar. Cabe-nos transmitir serenidade e firmeza aos seminaristas que estudam no meio de temores e do eco de confrontos.<\/p>\n\n\n\n<h2 id=\"as-criancas-as-primeiras-vitimas\" class=\"wp-block-heading\">As crian\u00e7as, as primeiras v\u00edtimas<\/h2>\n\n\n\n<p class=\"wp-block-paragraph\">Neste contexto doloroso, as crian\u00e7as est\u00e3o entre as principais v\u00edtimas da guerra. Os conflitos interrompem percursos escolares, fragmentam fam\u00edlias, agravam a mis\u00e9ria e obrigam os menores a amadurecer prematuramente.<\/p>\n\n\n\n<p class=\"wp-block-paragraph\">Ir \u00e0 escola deveria ser um direito assegurado e uma experi\u00eancia di\u00e1ria regular. Em \u00e1reas de combate, a assist\u00eancia \u00e0s aulas depende da movimenta\u00e7\u00e3o das tropas e dos confrontos. \u00d3rf\u00e3os, m\u00e3es jovens e menores em condi\u00e7\u00f5es de extrema vulnerabilidade correm o risco do abandono escolar. \u00c9 exatamente para apoiar estas crian\u00e7as que direcionamos os nossos esfor\u00e7os.<\/p>\n\n\n\n<h2 id=\"os-nossos-projetos\" class=\"wp-block-heading\">Os nossos projetos<\/h2>\n\n\n\n<p class=\"wp-block-paragraph\">Por interm\u00e9dio da associa\u00e7\u00e3o italiana Mapendo Uvira ODV, da qual sou membro e cofundador, e em colabora\u00e7\u00e3o com a Association Cha\u00eene de Membre em Uvira, cri\u00e1mos iniciativas voltadas para as crian\u00e7as, jovens e fam\u00edlias:<\/p>\n\n\n\n<ul class=\"wp-block-list\">\n<li><strong>Ado\u00e7\u00e3o \u00e0 dist\u00e2ncia:<\/strong> Designamos por \u00abado\u00e7\u00e3o \u00e0 dist\u00e2ncia\u00bb o suporte educativo concedido a crian\u00e7as em vulnerabilidade: \u00f3rf\u00e3os, jovens m\u00e3es e menores em situa\u00e7\u00e3o de extrema pobreza. Com 120 euros anuais cobrimos itens escolares indispens\u00e1veis, como cadernos, fardas e propinas. Pequenas doa\u00e7\u00f5es asseguram a continuidade dos estudos de uma crian\u00e7a.<\/li>\n\n\n\n<li><strong>Projeto Excellentia:<\/strong> V\u00e1rios dos nossos alunos concluem o ensino secund\u00e1rio com distin\u00e7\u00e3o. O projeto Excellentia apoia o percurso desses jovens no ensino universit\u00e1rio, beneficiando tamb\u00e9m de doa\u00e7\u00f5es solid\u00e1rias. Com cerca de 550 euros por ano, \u00e9 poss\u00edvel financiar a forma\u00e7\u00e3o superior de um estudante, proporcionando-lhe uma profiss\u00e3o e perspetivas concretas de futuro.<\/li>\n\n\n\n<li><strong>Recupera\u00e7\u00e3o de infraestruturas escolares:<\/strong> As crian\u00e7as frequentam institui\u00e7\u00f5es p\u00fablicas e privadas. Muitas instala\u00e7\u00f5es apresentam car\u00eancias materiais graves: faltam carteiras escolares, pisos adequados, instala\u00e7\u00f5es sanit\u00e1rias e recursos did\u00e1ticos. Conclu\u00edmos a recupera\u00e7\u00e3o integral da escola de Nyamianda, equipando todas as salas com bancadas de estudo. Apoiar a escola \u00e9 investir no futuro do pa\u00eds.<\/li>\n\n\n\n<li><strong>Oficina de costura:<\/strong> Uma iniciativa dirigida a jovens m\u00e3es solteiras. Promovemos cursos de forma\u00e7\u00e3o profissional em corte e costura e disponibilizamos m\u00e1quinas de costura. O objetivo \u00e9 capacitar profissionalmente as mulheres para que alcancem estabilidade econ\u00f3mica e cuidem dos seus filhos. Com 170 euros \u00e9 poss\u00edvel oferecer uma m\u00e1quina completa com os respetivos acess\u00f3rios.<\/li>\n\n\n\n<li><strong>Projeto \u00abAdote um seminarista\u00bb:<\/strong> Na condi\u00e7\u00e3o de Vig\u00e1rio Episcopal respons\u00e1vel pela forma\u00e7\u00e3o vocacional, acompanho de perto os seminaristas. As despesas de transporte e tratamentos m\u00e9dicos outrora suportados pela Diocese recaem agora sobre fam\u00edlias j\u00e1 fragilizadas pela crise e pelos conflitos. O projeto \u00abAdote um seminarista\u00bb permite, com 200 euros anuais, apoiar os custos essenciais da caminhada de um formando ao sacerd\u00f3cio.<\/li>\n<\/ul>\n\n\n\n<h2 id=\"nao-deixar-que-a-guerra-decida-o-futuro-das-criancas\" class=\"wp-block-heading\">N\u00e3o deixar que a guerra decida o futuro das crian\u00e7as<\/h2>\n\n\n\n<p class=\"wp-block-paragraph\">A guerra no Congo n\u00e3o se resume a um confronto militar. Reflete-se nas crian\u00e7as privadas de ensino, nas fam\u00edlias desalojadas, nas m\u00e3es que procuram alimento di\u00e1rio e nos jovens que veem os seus sonhos amea\u00e7ados.<\/p>\n\n\n\n<p class=\"wp-block-paragraph\">Por essa raz\u00e3o, reafirmamos que o ensino, a forma\u00e7\u00e3o t\u00e9cnica, os estudos universit\u00e1rios e a prote\u00e7\u00e3o familiar constituem alicerces aut\u00eanticos de paz.<\/p>\n\n\n\n<p class=\"wp-block-paragraph\">A guerra pode derrubar edif\u00edcios e for\u00e7ar deslocamentos, mas n\u00e3o deve apagar o futuro de uma gera\u00e7\u00e3o inteira.<\/p>\n\n\n\n<p class=\"wp-block-paragraph\">Continuamos a trabalhar ao lado das crian\u00e7as, jovens e fam\u00edlias do Congo.<\/p>\n\n\n\n<p class=\"wp-block-paragraph\"><em>Pe. Tacite MULONDA ITULAMYA<br>E-mail: mulondaitulamya@yahoo.fr<br>Telem\u00f3vel: +393512425438<\/em><\/p>\n\n\n\n<p class=\"wp-block-paragraph\"><strong>Foto do padre Tacite<\/strong> <strong>Mulonda Itulamya<\/strong><\/p>\n\n\n\n<p class=\"wp-block-paragraph\"><\/p>\n","protected":false},"excerpt":{"rendered":"<p>Uma guerra sem fim! Segundo especialistas em conflitos internacionais, uma guerra s\u00f3 pode ser considerada conclu\u00edda quando o seu t\u00e9rmino \u00e9 oficialmente declarado. No Congo, essa declara\u00e7\u00e3o nunca chegou. Ap\u00f3s quase trinta anos de confrontos, a guerra transformou-se numa dram\u00e1tica normalidade para muitos. Nos per\u00edodos de tr\u00e9gua, os jovens regressam \u00e0s salas de aula e &#8230; <a title=\"\u00c1frica, Congo | A guerra sem fim e os projetos de esperan\u00e7a para as crian\u00e7as\" class=\"read-more\" href=\"https:\/\/spaziospadoni.org\/pt-pt\/africa-congo-a-guerra-sem-fim-e-os-projetos-de-esperanca-para-as-criancas\/\" aria-label=\"Read more about \u00c1frica, Congo | A guerra sem fim e os projetos de esperan\u00e7a para as crian\u00e7as\">Ler mais<\/a><\/p>\n","protected":false},"author":39,"featured_media":90181,"comment_status":"closed","ping_status":"closed","sticky":false,"template":"","format":"standard","meta":{"_sitemap_exclude":false,"_sitemap_priority":"","_sitemap_frequency":"","ss_featured_image_title":"","ss_featured_image_alt":"Crian\u00e7as no Congo em guerra","ss_featured_image_caption":"RDC \u2013 Em fila para buscar \u00e1gua em Kamanyola, perto da par\u00f3quia onde fica o po\u00e7o","footnotes":""},"categories":[2469],"tags":[4039,3049,2720,2572,2602],"class_list":["post-90182","post","type-post","status-publish","format-standard","has-post-thumbnail","hentry","category-noticias-do-mundo","tag-criancas-africanas","tag-educacao-pt","tag-guerra-pt","tag-missao","tag-republica-democratica-do-congo","infinite-scroll-item","generate-columns","tablet-grid-50","mobile-grid-100","grid-parent","grid-50"],"yoast_head":"<!-- This site is optimized with the Yoast SEO plugin v28.4 - https:\/\/yoast.com\/product\/yoast-seo-wordpress\/ -->\n<title>\u00c1frica, Congo | Educar para salvar o futuro das crian\u00e7as<\/title>\n<meta name=\"description\" content=\"No Congo a guerra amea\u00e7a os menores. Conhe\u00e7a os projetos educativos e solid\u00e1rios para defender o futuro das crian\u00e7as.\" \/>\n<meta name=\"robots\" content=\"index, follow, max-snippet:-1, max-image-preview:large, max-video-preview:-1\" \/>\n<link rel=\"canonical\" href=\"https:\/\/spaziospadoni.org\/pt-pt\/africa-congo-a-guerra-sem-fim-e-os-projetos-de-esperanca-para-as-criancas\/\" \/>\n<meta property=\"og:locale\" content=\"pt_PT\" \/>\n<meta property=\"og:type\" content=\"article\" \/>\n<meta property=\"og:title\" content=\"\u00c1frica, Congo | Educar para salvar o futuro das crian\u00e7as\" \/>\n<meta property=\"og:description\" content=\"No Congo a guerra amea\u00e7a os menores. Conhe\u00e7a os projetos educativos e solid\u00e1rios para defender o futuro das crian\u00e7as.\" \/>\n<meta property=\"og:url\" content=\"https:\/\/spaziospadoni.org\/pt-pt\/africa-congo-a-guerra-sem-fim-e-os-projetos-de-esperanca-para-as-criancas\/\" \/>\n<meta property=\"og:site_name\" content=\"spazio + spadoni\" \/>\n<meta property=\"article:publisher\" content=\"https:\/\/www.facebook.com\/SpazioSpadoni\/\" \/>\n<meta property=\"article:published_time\" content=\"2026-08-19T06:20:00+00:00\" \/>\n<meta property=\"og:image\" content=\"https:\/\/spaziospadoni.org\/wp-content\/uploads\/2026\/08\/congo-guerra-bambini.webp\" \/>\n\t<meta property=\"og:image:width\" content=\"1200\" \/>\n\t<meta property=\"og:image:height\" content=\"800\" \/>\n\t<meta property=\"og:image:type\" content=\"image\/webp\" \/>\n<meta name=\"author\" content=\"Redazione\" \/>\n<meta name=\"twitter:card\" content=\"summary_large_image\" \/>\n<meta name=\"twitter:label1\" content=\"Escrito por\" \/>\n\t<meta name=\"twitter:data1\" content=\"Reda\u00e7\u00e3o\" \/>\n\t<meta name=\"twitter:label2\" content=\"Est. reading time\" \/>\n\t<meta name=\"twitter:data2\" content=\"6 minutes\" \/>\n<script type=\"application\/ld+json\" class=\"yoast-schema-graph\">{\"@context\":\"https:\\\/\\\/schema.org\",\"@graph\":[{\"@type\":\"Article\",\"@id\":\"https:\\\/\\\/spaziospadoni.org\\\/pt-pt\\\/africa-congo-a-guerra-sem-fim-e-os-projetos-de-esperanca-para-as-criancas\\\/#article\",\"isPartOf\":{\"@id\":\"https:\\\/\\\/spaziospadoni.org\\\/pt-pt\\\/africa-congo-a-guerra-sem-fim-e-os-projetos-de-esperanca-para-as-criancas\\\/\"},\"author\":{\"name\":\"Redazione\",\"@id\":\"https:\\\/\\\/spaziospadoni.org\\\/pt-pt\\\/#\\\/schema\\\/person\\\/411d7e71b4962bebf7ac6c70acc9a7bc\"},\"headline\":\"\u00c1frica, Congo | A guerra sem fim e os projetos de esperan\u00e7a para as crian\u00e7as\",\"datePublished\":\"2026-08-19T06:20:00+00:00\",\"mainEntityOfPage\":{\"@id\":\"https:\\\/\\\/spaziospadoni.org\\\/pt-pt\\\/africa-congo-a-guerra-sem-fim-e-os-projetos-de-esperanca-para-as-criancas\\\/\"},\"wordCount\":1200,\"publisher\":{\"@id\":\"https:\\\/\\\/spaziospadoni.org\\\/pt-pt\\\/#organization\"},\"image\":{\"@id\":\"https:\\\/\\\/spaziospadoni.org\\\/pt-pt\\\/africa-congo-a-guerra-sem-fim-e-os-projetos-de-esperanca-para-as-criancas\\\/#primaryimage\"},\"thumbnailUrl\":\"https:\\\/\\\/spaziospadoni.org\\\/wp-content\\\/uploads\\\/2026\\\/08\\\/congo-guerra-bambini.webp\",\"keywords\":[\"Crian\u00e7as africanas\",\"Educa\u00e7\u00e3o\",\"Guerra\",\"Miss\u00e3o\",\"Rep\u00fablica Democr\u00e1tica do Congo\"],\"articleSection\":[\"Not\u00edcias do mundo\"],\"inLanguage\":\"pt-PT\"},{\"@type\":\"WebPage\",\"@id\":\"https:\\\/\\\/spaziospadoni.org\\\/pt-pt\\\/africa-congo-a-guerra-sem-fim-e-os-projetos-de-esperanca-para-as-criancas\\\/\",\"url\":\"https:\\\/\\\/spaziospadoni.org\\\/pt-pt\\\/africa-congo-a-guerra-sem-fim-e-os-projetos-de-esperanca-para-as-criancas\\\/\",\"name\":\"\u00c1frica, Congo | Educar para salvar o futuro das crian\u00e7as\",\"isPartOf\":{\"@id\":\"https:\\\/\\\/spaziospadoni.org\\\/pt-pt\\\/#website\"},\"primaryImageOfPage\":{\"@id\":\"https:\\\/\\\/spaziospadoni.org\\\/pt-pt\\\/africa-congo-a-guerra-sem-fim-e-os-projetos-de-esperanca-para-as-criancas\\\/#primaryimage\"},\"image\":{\"@id\":\"https:\\\/\\\/spaziospadoni.org\\\/pt-pt\\\/africa-congo-a-guerra-sem-fim-e-os-projetos-de-esperanca-para-as-criancas\\\/#primaryimage\"},\"thumbnailUrl\":\"https:\\\/\\\/spaziospadoni.org\\\/wp-content\\\/uploads\\\/2026\\\/08\\\/congo-guerra-bambini.webp\",\"datePublished\":\"2026-08-19T06:20:00+00:00\",\"description\":\"No Congo a guerra amea\u00e7a os menores. Conhe\u00e7a os projetos educativos e solid\u00e1rios para defender o futuro das crian\u00e7as.\",\"breadcrumb\":{\"@id\":\"https:\\\/\\\/spaziospadoni.org\\\/pt-pt\\\/africa-congo-a-guerra-sem-fim-e-os-projetos-de-esperanca-para-as-criancas\\\/#breadcrumb\"},\"inLanguage\":\"pt-PT\",\"potentialAction\":[{\"@type\":\"ReadAction\",\"target\":[\"https:\\\/\\\/spaziospadoni.org\\\/pt-pt\\\/africa-congo-a-guerra-sem-fim-e-os-projetos-de-esperanca-para-as-criancas\\\/\"]}]},{\"@type\":\"ImageObject\",\"inLanguage\":\"pt-PT\",\"@id\":\"https:\\\/\\\/spaziospadoni.org\\\/pt-pt\\\/africa-congo-a-guerra-sem-fim-e-os-projetos-de-esperanca-para-as-criancas\\\/#primaryimage\",\"url\":\"https:\\\/\\\/spaziospadoni.org\\\/wp-content\\\/uploads\\\/2026\\\/08\\\/congo-guerra-bambini.webp\",\"contentUrl\":\"https:\\\/\\\/spaziospadoni.org\\\/wp-content\\\/uploads\\\/2026\\\/08\\\/congo-guerra-bambini.webp\",\"width\":1200,\"height\":800,\"caption\":\"RDC \u2013 Em fila para buscar \u00e1gua em Kamanyola, perto da par\u00f3quia onde fica o po\u00e7o\"},{\"@type\":\"BreadcrumbList\",\"@id\":\"https:\\\/\\\/spaziospadoni.org\\\/pt-pt\\\/africa-congo-a-guerra-sem-fim-e-os-projetos-de-esperanca-para-as-criancas\\\/#breadcrumb\",\"itemListElement\":[{\"@type\":\"ListItem\",\"position\":1,\"name\":\"Home\",\"item\":\"https:\\\/\\\/spaziospadoni.org\\\/pt-pt\\\/\"},{\"@type\":\"ListItem\",\"position\":2,\"name\":\"\u00c1frica, Congo | A guerra sem fim e os projetos de esperan\u00e7a para as crian\u00e7as\"}]},{\"@type\":\"WebSite\",\"@id\":\"https:\\\/\\\/spaziospadoni.org\\\/pt-pt\\\/#website\",\"url\":\"https:\\\/\\\/spaziospadoni.org\\\/pt-pt\\\/\",\"name\":\"spazio + spadoni\",\"description\":\"Generazione di misericordia e missione nel mondo\",\"publisher\":{\"@id\":\"https:\\\/\\\/spaziospadoni.org\\\/pt-pt\\\/#organization\"},\"alternateName\":\"spaziospadoni.org\",\"potentialAction\":[{\"@type\":\"SearchAction\",\"target\":{\"@type\":\"EntryPoint\",\"urlTemplate\":\"https:\\\/\\\/spaziospadoni.org\\\/pt-pt\\\/?s={search_term_string}\"},\"query-input\":{\"@type\":\"PropertyValueSpecification\",\"valueRequired\":true,\"valueName\":\"search_term_string\"}}],\"inLanguage\":\"pt-PT\"},{\"@type\":\"Organization\",\"@id\":\"https:\\\/\\\/spaziospadoni.org\\\/pt-pt\\\/#organization\",\"name\":\"spazio + spadoni\",\"alternateName\":\"spaziospadoni.org\",\"url\":\"https:\\\/\\\/spaziospadoni.org\\\/pt-pt\\\/\",\"logo\":{\"@type\":\"ImageObject\",\"inLanguage\":\"pt-PT\",\"@id\":\"https:\\\/\\\/spaziospadoni.org\\\/pt-pt\\\/#\\\/schema\\\/logo\\\/image\\\/\",\"url\":\"https:\\\/\\\/spaziospadoni.org\\\/wp-content\\\/uploads\\\/2026\\\/05\\\/spazio-spadoni-logo-100x100-1.webp\",\"contentUrl\":\"https:\\\/\\\/spaziospadoni.org\\\/wp-content\\\/uploads\\\/2026\\\/05\\\/spazio-spadoni-logo-100x100-1.webp\",\"width\":100,\"height\":100,\"caption\":\"spazio + spadoni\"},\"image\":{\"@id\":\"https:\\\/\\\/spaziospadoni.org\\\/pt-pt\\\/#\\\/schema\\\/logo\\\/image\\\/\"},\"sameAs\":[\"https:\\\/\\\/www.facebook.com\\\/SpazioSpadoni\\\/\",\"https:\\\/\\\/www.instagram.com\\\/spaziospadoni\\\/\",\"https:\\\/\\\/www.youtube.com\\\/@spaziospadoni\\\/playlists\"]},{\"@type\":\"Person\",\"@id\":\"https:\\\/\\\/spaziospadoni.org\\\/pt-pt\\\/#\\\/schema\\\/person\\\/411d7e71b4962bebf7ac6c70acc9a7bc\",\"name\":\"Redazione\",\"image\":{\"@type\":\"ImageObject\",\"inLanguage\":\"pt-PT\",\"@id\":\"https:\\\/\\\/secure.gravatar.com\\\/avatar\\\/2ba413b4dca69409b680ae806ab0dce8a38d5d2cc2123a96af7bbbee33a5742e?s=96&d=mm&r=g\",\"url\":\"https:\\\/\\\/secure.gravatar.com\\\/avatar\\\/2ba413b4dca69409b680ae806ab0dce8a38d5d2cc2123a96af7bbbee33a5742e?s=96&d=mm&r=g\",\"contentUrl\":\"https:\\\/\\\/secure.gravatar.com\\\/avatar\\\/2ba413b4dca69409b680ae806ab0dce8a38d5d2cc2123a96af7bbbee33a5742e?s=96&d=mm&r=g\",\"caption\":\"Redazione\"},\"url\":\"https:\\\/\\\/spaziospadoni.org\\\/pt-pt\\\/author\\\/redazione\\\/\"}]}<\/script>\n<!-- \/ Yoast SEO plugin. -->","yoast_head_json":{"title":"\u00c1frica, Congo | Educar para salvar o futuro das crian\u00e7as","description":"No Congo a guerra amea\u00e7a os menores. Conhe\u00e7a os projetos educativos e solid\u00e1rios para defender o futuro das crian\u00e7as.","robots":{"index":"index","follow":"follow","max-snippet":"max-snippet:-1","max-image-preview":"max-image-preview:large","max-video-preview":"max-video-preview:-1"},"canonical":"https:\/\/spaziospadoni.org\/pt-pt\/africa-congo-a-guerra-sem-fim-e-os-projetos-de-esperanca-para-as-criancas\/","og_locale":"pt_PT","og_type":"article","og_title":"\u00c1frica, Congo | Educar para salvar o futuro das crian\u00e7as","og_description":"No Congo a guerra amea\u00e7a os menores. Conhe\u00e7a os projetos educativos e solid\u00e1rios para defender o futuro das crian\u00e7as.","og_url":"https:\/\/spaziospadoni.org\/pt-pt\/africa-congo-a-guerra-sem-fim-e-os-projetos-de-esperanca-para-as-criancas\/","og_site_name":"spazio + spadoni","article_publisher":"https:\/\/www.facebook.com\/SpazioSpadoni\/","article_published_time":"2026-08-19T06:20:00+00:00","og_image":[{"width":1200,"height":800,"url":"https:\/\/spaziospadoni.org\/wp-content\/uploads\/2026\/08\/congo-guerra-bambini.webp","type":"image\/webp"}],"author":"Redazione","twitter_card":"summary_large_image","twitter_misc":{"Escrito por":"Reda\u00e7\u00e3o","Est. reading time":"6 minutes"},"schema":{"@context":"https:\/\/schema.org","@graph":[{"@type":"Article","@id":"https:\/\/spaziospadoni.org\/pt-pt\/africa-congo-a-guerra-sem-fim-e-os-projetos-de-esperanca-para-as-criancas\/#article","isPartOf":{"@id":"https:\/\/spaziospadoni.org\/pt-pt\/africa-congo-a-guerra-sem-fim-e-os-projetos-de-esperanca-para-as-criancas\/"},"author":{"name":"Redazione","@id":"https:\/\/spaziospadoni.org\/pt-pt\/#\/schema\/person\/411d7e71b4962bebf7ac6c70acc9a7bc"},"headline":"\u00c1frica, Congo | A guerra sem fim e os projetos de esperan\u00e7a para as crian\u00e7as","datePublished":"2026-08-19T06:20:00+00:00","mainEntityOfPage":{"@id":"https:\/\/spaziospadoni.org\/pt-pt\/africa-congo-a-guerra-sem-fim-e-os-projetos-de-esperanca-para-as-criancas\/"},"wordCount":1200,"publisher":{"@id":"https:\/\/spaziospadoni.org\/pt-pt\/#organization"},"image":{"@id":"https:\/\/spaziospadoni.org\/pt-pt\/africa-congo-a-guerra-sem-fim-e-os-projetos-de-esperanca-para-as-criancas\/#primaryimage"},"thumbnailUrl":"https:\/\/spaziospadoni.org\/wp-content\/uploads\/2026\/08\/congo-guerra-bambini.webp","keywords":["Crian\u00e7as africanas","Educa\u00e7\u00e3o","Guerra","Miss\u00e3o","Rep\u00fablica Democr\u00e1tica do Congo"],"articleSection":["Not\u00edcias do mundo"],"inLanguage":"pt-PT"},{"@type":"WebPage","@id":"https:\/\/spaziospadoni.org\/pt-pt\/africa-congo-a-guerra-sem-fim-e-os-projetos-de-esperanca-para-as-criancas\/","url":"https:\/\/spaziospadoni.org\/pt-pt\/africa-congo-a-guerra-sem-fim-e-os-projetos-de-esperanca-para-as-criancas\/","name":"\u00c1frica, Congo | Educar para salvar o futuro das crian\u00e7as","isPartOf":{"@id":"https:\/\/spaziospadoni.org\/pt-pt\/#website"},"primaryImageOfPage":{"@id":"https:\/\/spaziospadoni.org\/pt-pt\/africa-congo-a-guerra-sem-fim-e-os-projetos-de-esperanca-para-as-criancas\/#primaryimage"},"image":{"@id":"https:\/\/spaziospadoni.org\/pt-pt\/africa-congo-a-guerra-sem-fim-e-os-projetos-de-esperanca-para-as-criancas\/#primaryimage"},"thumbnailUrl":"https:\/\/spaziospadoni.org\/wp-content\/uploads\/2026\/08\/congo-guerra-bambini.webp","datePublished":"2026-08-19T06:20:00+00:00","description":"No Congo a guerra amea\u00e7a os menores. Conhe\u00e7a os projetos educativos e solid\u00e1rios para defender o futuro das crian\u00e7as.","breadcrumb":{"@id":"https:\/\/spaziospadoni.org\/pt-pt\/africa-congo-a-guerra-sem-fim-e-os-projetos-de-esperanca-para-as-criancas\/#breadcrumb"},"inLanguage":"pt-PT","potentialAction":[{"@type":"ReadAction","target":["https:\/\/spaziospadoni.org\/pt-pt\/africa-congo-a-guerra-sem-fim-e-os-projetos-de-esperanca-para-as-criancas\/"]}]},{"@type":"ImageObject","inLanguage":"pt-PT","@id":"https:\/\/spaziospadoni.org\/pt-pt\/africa-congo-a-guerra-sem-fim-e-os-projetos-de-esperanca-para-as-criancas\/#primaryimage","url":"https:\/\/spaziospadoni.org\/wp-content\/uploads\/2026\/08\/congo-guerra-bambini.webp","contentUrl":"https:\/\/spaziospadoni.org\/wp-content\/uploads\/2026\/08\/congo-guerra-bambini.webp","width":1200,"height":800,"caption":"RDC \u2013 Em fila para buscar \u00e1gua em Kamanyola, perto da par\u00f3quia onde fica o po\u00e7o"},{"@type":"BreadcrumbList","@id":"https:\/\/spaziospadoni.org\/pt-pt\/africa-congo-a-guerra-sem-fim-e-os-projetos-de-esperanca-para-as-criancas\/#breadcrumb","itemListElement":[{"@type":"ListItem","position":1,"name":"Home","item":"https:\/\/spaziospadoni.org\/pt-pt\/"},{"@type":"ListItem","position":2,"name":"\u00c1frica, Congo | A guerra sem fim e os projetos de esperan\u00e7a para as crian\u00e7as"}]},{"@type":"WebSite","@id":"https:\/\/spaziospadoni.org\/pt-pt\/#website","url":"https:\/\/spaziospadoni.org\/pt-pt\/","name":"spazio + spadoni","description":"Generazione di misericordia e missione nel mondo","publisher":{"@id":"https:\/\/spaziospadoni.org\/pt-pt\/#organization"},"alternateName":"spaziospadoni.org","potentialAction":[{"@type":"SearchAction","target":{"@type":"EntryPoint","urlTemplate":"https:\/\/spaziospadoni.org\/pt-pt\/?s={search_term_string}"},"query-input":{"@type":"PropertyValueSpecification","valueRequired":true,"valueName":"search_term_string"}}],"inLanguage":"pt-PT"},{"@type":"Organization","@id":"https:\/\/spaziospadoni.org\/pt-pt\/#organization","name":"spazio + spadoni","alternateName":"spaziospadoni.org","url":"https:\/\/spaziospadoni.org\/pt-pt\/","logo":{"@type":"ImageObject","inLanguage":"pt-PT","@id":"https:\/\/spaziospadoni.org\/pt-pt\/#\/schema\/logo\/image\/","url":"https:\/\/spaziospadoni.org\/wp-content\/uploads\/2026\/05\/spazio-spadoni-logo-100x100-1.webp","contentUrl":"https:\/\/spaziospadoni.org\/wp-content\/uploads\/2026\/05\/spazio-spadoni-logo-100x100-1.webp","width":100,"height":100,"caption":"spazio + spadoni"},"image":{"@id":"https:\/\/spaziospadoni.org\/pt-pt\/#\/schema\/logo\/image\/"},"sameAs":["https:\/\/www.facebook.com\/SpazioSpadoni\/","https:\/\/www.instagram.com\/spaziospadoni\/","https:\/\/www.youtube.com\/@spaziospadoni\/playlists"]},{"@type":"Person","@id":"https:\/\/spaziospadoni.org\/pt-pt\/#\/schema\/person\/411d7e71b4962bebf7ac6c70acc9a7bc","name":"Redazione","image":{"@type":"ImageObject","inLanguage":"pt-PT","@id":"https:\/\/secure.gravatar.com\/avatar\/2ba413b4dca69409b680ae806ab0dce8a38d5d2cc2123a96af7bbbee33a5742e?s=96&d=mm&r=g","url":"https:\/\/secure.gravatar.com\/avatar\/2ba413b4dca69409b680ae806ab0dce8a38d5d2cc2123a96af7bbbee33a5742e?s=96&d=mm&r=g","contentUrl":"https:\/\/secure.gravatar.com\/avatar\/2ba413b4dca69409b680ae806ab0dce8a38d5d2cc2123a96af7bbbee33a5742e?s=96&d=mm&r=g","caption":"Redazione"},"url":"https:\/\/spaziospadoni.org\/pt-pt\/author\/redazione\/"}]}},"_links":{"self":[{"href":"https:\/\/spaziospadoni.org\/pt-pt\/wp-json\/wp\/v2\/posts\/90182","targetHints":{"allow":["GET"]}}],"collection":[{"href":"https:\/\/spaziospadoni.org\/pt-pt\/wp-json\/wp\/v2\/posts"}],"about":[{"href":"https:\/\/spaziospadoni.org\/pt-pt\/wp-json\/wp\/v2\/types\/post"}],"author":[{"embeddable":true,"href":"https:\/\/spaziospadoni.org\/pt-pt\/wp-json\/wp\/v2\/users\/39"}],"replies":[{"embeddable":true,"href":"https:\/\/spaziospadoni.org\/pt-pt\/wp-json\/wp\/v2\/comments?post=90182"}],"version-history":[{"count":3,"href":"https:\/\/spaziospadoni.org\/pt-pt\/wp-json\/wp\/v2\/posts\/90182\/revisions"}],"predecessor-version":[{"id":90191,"href":"https:\/\/spaziospadoni.org\/pt-pt\/wp-json\/wp\/v2\/posts\/90182\/revisions\/90191"}],"wp:featuredmedia":[{"embeddable":true,"href":"https:\/\/spaziospadoni.org\/pt-pt\/wp-json\/wp\/v2\/media\/90181"}],"wp:attachment":[{"href":"https:\/\/spaziospadoni.org\/pt-pt\/wp-json\/wp\/v2\/media?parent=90182"}],"wp:term":[{"taxonomy":"category","embeddable":true,"href":"https:\/\/spaziospadoni.org\/pt-pt\/wp-json\/wp\/v2\/categories?post=90182"},{"taxonomy":"post_tag","embeddable":true,"href":"https:\/\/spaziospadoni.org\/pt-pt\/wp-json\/wp\/v2\/tags?post=90182"}],"curies":[{"name":"wp","href":"https:\/\/api.w.org\/{rel}","templated":true}]}}