{"id":90405,"date":"2026-08-20T07:00:00","date_gmt":"2026-08-20T06:00:00","guid":{"rendered":"https:\/\/spaziospadoni.org\/?p=90405"},"modified":"2026-08-18T10:31:46","modified_gmt":"2026-08-18T09:31:46","slug":"africa-republica-democratica-do-congo-no-coracao-dos-conflitos-escolhemos-o-dialogo-entrevista-com-destin-byandike","status":"publish","type":"post","link":"https:\/\/spaziospadoni.org\/pt-pt\/africa-republica-democratica-do-congo-no-coracao-dos-conflitos-escolhemos-o-dialogo-entrevista-com-destin-byandike\/","title":{"rendered":"\u00c1frica, Rep\u00fablica Democr\u00e1tica do Congo | \u00abNo cora\u00e7\u00e3o dos conflitos, escolhemos o di\u00e1logo\u00bb, entrevista com Destin Byandike"},"content":{"rendered":"\n<pre class=\"wp-block-verse\"><em>A Universidade dos M\u00e1rtires do Congo institui o Centro Africano para a Paz, a Media\u00e7\u00e3o e a Diplomacia (CAPMD-UNIM).<\/em>\n\n<em>Segundo o pesquisador <strong>Destin Byandike, especialista em negocia\u00e7\u00e3o internacional e novo correspondente da spazio + spadoni<\/strong>, a constata\u00e7\u00e3o \u00e9 clara: ap\u00f3s d\u00e9cadas de conflitos no leste do pa\u00eds, faltam mecanismos de preven\u00e7\u00e3o com origem interna.\n\nO CAPMD prop\u00f5e-se como uma forma de \u201cdiplomacia universit\u00e1ria\u201d, alicer\u00e7ada em quatro pilares: ESCUTAR, DIALOGAR, RECONCILIAR, RESOLVER.\n\nO objetivo \u00e9 formar mediadores congoleses, desenvolver pesquisas e acompanhar as comunidades no territ\u00f3rio.\n\nSob a lideran\u00e7a do professor e general Alain Alisa Job Sambokera, o CAPMD convida pesquisadores, decisores e parceiros a aderirem e a assumirem esta iniciativa.<\/em><\/pre>\n\n\n\n<h2 id=\"senhor-destin-byandike-qual-e-a-constatacao-que-levou-a-unim-a-criar-este-centro\" class=\"wp-block-heading\">Senhor Destin Byandike, qual \u00e9 a constata\u00e7\u00e3o que levou a UNIM a criar este centro?<\/h2>\n\n\n\n<p class=\"wp-block-paragraph\">A constata\u00e7\u00e3o nasce, antes de tudo, da pesquisa. Durante a forma\u00e7\u00e3o na Escola de Diplomacia, Negocia\u00e7\u00e3o e Media\u00e7\u00e3o da UNIM, os resultados das pesquisas que valorizamos demonstraram um ponto central: <strong>\u00e9 necess\u00e1rio um centro africano especializado no di\u00e1logo <\/strong>para a paz, na resolu\u00e7\u00e3o de conflitos e na coopera\u00e7\u00e3o regional e internacional, em prol da seguran\u00e7a global em \u00c1frica.<\/p>\n\n\n\n<p class=\"wp-block-paragraph\">A RDC, principalmente na sua regi\u00e3o oriental, enfrenta ciclos de conflito h\u00e1 d\u00e9cadas. Apesar das interven\u00e7\u00f5es internacionais, escasseiam <strong>mecanismos de preven\u00e7\u00e3o<\/strong> originados internamente.<\/p>\n\n\n\n<p class=\"wp-block-paragraph\">Na UNIM decidimos que \u00e9 hora de a academia congolesa produzir solu\u00e7\u00f5es cient\u00edficas e concretas para o seu pr\u00f3prio povo. Foi assim que nasceu o CAPMD-UNIM.<\/p>\n\n\n\n<h2 id=\"em-que-difere-a-vossa-abordagem\" class=\"wp-block-heading\">Em que difere a vossa abordagem?<\/h2>\n\n\n\n<p class=\"wp-block-paragraph\">O nosso lema sintetiza tudo: ESCUTAR, DIALOGAR, RECONCILIAR, RESOLVER.<\/p>\n\n\n\n<p class=\"wp-block-paragraph\">N\u00e3o queremos impor a paz a partir de cima. Desejamos, em primeiro lugar, <strong>escutar as causas profundas dos conflitos<\/strong>, aproximar as comunidades e facilitar entendimentos locais.<\/p>\n\n\n\n<p class=\"wp-block-paragraph\">O CAPMD quer <strong>capacitar<\/strong> mediadores congoleses, produzir pesquisa sobre a paz na RDC e atuar no terreno. Trata-se de uma diplomacia universit\u00e1ria.<\/p>\n\n\n\n<h2 id=\"por-que-colocar-o-foco-no-leste-da-rdc\" class=\"wp-block-heading\">Por que colocar o foco no leste da RDC?<\/h2>\n\n\n\n<p class=\"wp-block-paragraph\">Porque \u00e9 a\u00ed que o sofrimento se manifesta com maior gravidade: desloca\u00e7\u00f5es em massa de popula\u00e7\u00f5es e desagrega\u00e7\u00e3o do tecido social.<\/p>\n\n\n\n<p class=\"wp-block-paragraph\">Contudo, a nossa vis\u00e3o \u00e9 nacional e africana. Se conseguirmos estabilizar o Leste por meio do di\u00e1logo, ofereceremos um modelo para todo o continente.<\/p>\n\n\n\n<h2 id=\"qual-e-o-papel-da-europa-e-dos-parceiros-internacionais\" class=\"wp-block-heading\">Qual \u00e9 o papel da Europa e dos parceiros internacionais?<\/h2>\n\n\n\n<p class=\"wp-block-paragraph\">O papel dos parceiros \u00e9 fundamental, mas deve ser de apoio. Necessitamos de parcerias t\u00e9cnicas e financeiras para a forma\u00e7\u00e3o e a pesquisa. O CAPMD tem como meta firmar acordos com diversos parceiros para o bi\u00e9nio 2026-2027.<\/p>\n\n\n\n<p class=\"wp-block-paragraph\">No entanto, a lideran\u00e7a deve permanecer congolesa e africana. A Europa pode colaborar no financiamento do conhecimento, mas n\u00e3o substitu\u00ed-lo.<\/p>\n\n\n\n<h2 id=\"esta-otimista-em-relacao-a-paz-na-rdc\" class=\"wp-block-heading\">Est\u00e1 otimista em rela\u00e7\u00e3o \u00e0 paz na RDC?<\/h2>\n\n\n\n<p class=\"wp-block-paragraph\">Sou pesquisador, logo sou realista. Mas sou tamb\u00e9m congol\u00eas. E acredito que, enquanto optarmos pelo di\u00e1logo em detrimento das armas, haver\u00e1 esperan\u00e7a. Este \u00e9 o nosso compromisso.<\/p>\n\n\n\n<blockquote class=\"wp-block-quote is-layout-flow wp-block-quote-is-layout-flow\">\n<p class=\"wp-block-paragraph\"><em>\u00abNo cora\u00e7\u00e3o dos conflitos, escolhemos o di\u00e1logo; diante das divis\u00f5es, constru\u00edmos a paz\u00bb.<\/em><\/p>\n<\/blockquote>\n\n\n\n<p class=\"wp-block-paragraph\">Gostaria igualmente de saudar os esfor\u00e7os e a vis\u00e3o do professor e general Alain Alisa Job Sambokera, cuja lideran\u00e7a tornou vi\u00e1vel esta iniciativa no seio da UNIM.<\/p>\n\n\n\n<blockquote class=\"wp-block-quote is-layout-flow wp-block-quote-is-layout-flow\">\n<p class=\"wp-block-paragraph\"><em>\u00abA paz n\u00e3o se decreta. Constr\u00f3i-se, ouvindo em primeiro lugar aqueles que sofrem\u00bb.<\/em><\/p>\n<\/blockquote>\n\n\n\n<p class=\"wp-block-paragraph\">Convido, portanto, pesquisadores, decisores, diplomatas e especialistas africanos a abra\u00e7arem esta iniciativa, que representar\u00e1 uma resposta concreta e adaptada \u00e0 realidade da Rep\u00fablica Democr\u00e1tica do Congo.<\/p>\n\n\n\n<p class=\"wp-block-paragraph\"><strong>Foto de Destin Byandike<\/strong><\/p>\n","protected":false},"excerpt":{"rendered":"<p>A Universidade dos M\u00e1rtires do Congo institui o Centro Africano para a Paz, a Media\u00e7\u00e3o e a Diplomacia (CAPMD-UNIM). Segundo o pesquisador Destin Byandike, especialista em negocia\u00e7\u00e3o internacional e novo correspondente da spazio + spadoni, a constata\u00e7\u00e3o \u00e9 clara: ap\u00f3s d\u00e9cadas de conflitos no leste do pa\u00eds, faltam mecanismos de preven\u00e7\u00e3o com origem interna. O &#8230; <a title=\"\u00c1frica, Rep\u00fablica Democr\u00e1tica do Congo | \u00abNo cora\u00e7\u00e3o dos conflitos, escolhemos o di\u00e1logo\u00bb, entrevista com Destin Byandike\" class=\"read-more\" href=\"https:\/\/spaziospadoni.org\/pt-pt\/africa-republica-democratica-do-congo-no-coracao-dos-conflitos-escolhemos-o-dialogo-entrevista-com-destin-byandike\/\" aria-label=\"Read more about \u00c1frica, Rep\u00fablica Democr\u00e1tica do Congo | \u00abNo cora\u00e7\u00e3o dos conflitos, escolhemos o di\u00e1logo\u00bb, entrevista com Destin Byandike\">Ler mais<\/a><\/p>\n","protected":false},"author":111,"featured_media":90404,"comment_status":"closed","ping_status":"closed","sticky":false,"template":"","format":"standard","meta":{"_sitemap_exclude":false,"_sitemap_priority":"","_sitemap_frequency":"","ss_featured_image_title":"","ss_featured_image_alt":"Universidade dos M\u00e1rtires do Congo na RDC","ss_featured_image_caption":"A Universidade dos M\u00e1rtires do Congo cria o Centro Africano para a Paz, Media\u00e7\u00e3o e Diplomacia (CAPMD-UNIM).","footnotes":""},"categories":[2399],"tags":[3232,2709,3379,2602],"class_list":["post-90405","post","type-post","status-publish","format-standard","has-post-thumbnail","hentry","category-dos-sonhos-as-obras","tag-dialogo-pt","tag-paz","tag-reconciliacao","tag-republica-democratica-do-congo","infinite-scroll-item","generate-columns","tablet-grid-50","mobile-grid-100","grid-parent","grid-50"],"yoast_head":"<!-- This site is optimized with the Yoast SEO plugin v28.4 - https:\/\/yoast.com\/product\/yoast-seo-wordpress\/ -->\n<title>\u00c1frica, Rep\u00fablica Democr\u00e1tica do Congo | \u00abNo cora\u00e7\u00e3o dos conflitos, escolhemos o di\u00e1logo\u00bb, entrevista com Destin Byandike<\/title>\n<meta name=\"description\" content=\"Descubra a entrevista com Destin Byandike sobre o novo Centro Africano para a Paz e Media\u00e7\u00e3o (CAPMD-UNIM) na Universidade dos M\u00e1rtires do Congo na RDC.\" \/>\n<meta name=\"robots\" content=\"index, follow, max-snippet:-1, max-image-preview:large, max-video-preview:-1\" \/>\n<link rel=\"canonical\" href=\"https:\/\/spaziospadoni.org\/pt-pt\/africa-republica-democratica-do-congo-no-coracao-dos-conflitos-escolhemos-o-dialogo-entrevista-com-destin-byandike\/\" \/>\n<meta property=\"og:locale\" content=\"pt_PT\" \/>\n<meta property=\"og:type\" content=\"article\" \/>\n<meta property=\"og:title\" content=\"\u00c1frica, Rep\u00fablica Democr\u00e1tica do Congo | \u00abNo cora\u00e7\u00e3o dos conflitos, escolhemos o di\u00e1logo\u00bb, entrevista com Destin Byandike\" \/>\n<meta property=\"og:description\" content=\"Descubra a entrevista com Destin Byandike sobre o novo Centro Africano para a Paz e Media\u00e7\u00e3o (CAPMD-UNIM) na Universidade dos M\u00e1rtires do Congo na RDC.\" \/>\n<meta property=\"og:url\" content=\"https:\/\/spaziospadoni.org\/pt-pt\/africa-republica-democratica-do-congo-no-coracao-dos-conflitos-escolhemos-o-dialogo-entrevista-com-destin-byandike\/\" \/>\n<meta property=\"og:site_name\" content=\"spazio + spadoni\" \/>\n<meta property=\"article:publisher\" content=\"https:\/\/www.facebook.com\/SpazioSpadoni\/\" \/>\n<meta property=\"article:published_time\" content=\"2026-08-20T06:00:00+00:00\" \/>\n<meta property=\"og:image\" content=\"https:\/\/spaziospadoni.org\/wp-content\/uploads\/2026\/08\/universita-martiri-congo.webp\" \/>\n\t<meta property=\"og:image:width\" content=\"1200\" \/>\n\t<meta property=\"og:image:height\" content=\"800\" \/>\n\t<meta property=\"og:image:type\" content=\"image\/webp\" \/>\n<meta name=\"author\" content=\"Destin Byandike\" \/>\n<meta name=\"twitter:card\" content=\"summary_large_image\" \/>\n<meta name=\"twitter:label1\" content=\"Escrito por\" \/>\n\t<meta name=\"twitter:data1\" content=\"Destin Byandike\" \/>\n\t<meta name=\"twitter:label2\" content=\"Est. reading time\" \/>\n\t<meta name=\"twitter:data2\" content=\"3 minutes\" \/>\n<script type=\"application\/ld+json\" class=\"yoast-schema-graph\">{\"@context\":\"https:\\\/\\\/schema.org\",\"@graph\":[{\"@type\":\"Article\",\"@id\":\"https:\\\/\\\/spaziospadoni.org\\\/pt-pt\\\/africa-republica-democratica-do-congo-no-coracao-dos-conflitos-escolhemos-o-dialogo-entrevista-com-destin-byandike\\\/#article\",\"isPartOf\":{\"@id\":\"https:\\\/\\\/spaziospadoni.org\\\/pt-pt\\\/africa-republica-democratica-do-congo-no-coracao-dos-conflitos-escolhemos-o-dialogo-entrevista-com-destin-byandike\\\/\"},\"author\":{\"name\":\"Destin Byandike\",\"@id\":\"https:\\\/\\\/spaziospadoni.org\\\/pt-pt\\\/#\\\/schema\\\/person\\\/6297cff4ad988760cee72bb3f83e078f\"},\"headline\":\"\u00c1frica, Rep\u00fablica Democr\u00e1tica do Congo | \u00abNo cora\u00e7\u00e3o dos conflitos, escolhemos o di\u00e1logo\u00bb, entrevista com Destin Byandike\",\"datePublished\":\"2026-08-20T06:00:00+00:00\",\"mainEntityOfPage\":{\"@id\":\"https:\\\/\\\/spaziospadoni.org\\\/pt-pt\\\/africa-republica-democratica-do-congo-no-coracao-dos-conflitos-escolhemos-o-dialogo-entrevista-com-destin-byandike\\\/\"},\"wordCount\":482,\"publisher\":{\"@id\":\"https:\\\/\\\/spaziospadoni.org\\\/pt-pt\\\/#organization\"},\"image\":{\"@id\":\"https:\\\/\\\/spaziospadoni.org\\\/pt-pt\\\/africa-republica-democratica-do-congo-no-coracao-dos-conflitos-escolhemos-o-dialogo-entrevista-com-destin-byandike\\\/#primaryimage\"},\"thumbnailUrl\":\"https:\\\/\\\/spaziospadoni.org\\\/wp-content\\\/uploads\\\/2026\\\/08\\\/universita-martiri-congo.webp\",\"keywords\":[\"di\u00e1logo\",\"Paz\",\"reconcilia\u00e7\u00e3o\",\"Rep\u00fablica Democr\u00e1tica do Congo\"],\"articleSection\":[\"Dos sonhos \u00e0s obras\"],\"inLanguage\":\"pt-PT\"},{\"@type\":\"WebPage\",\"@id\":\"https:\\\/\\\/spaziospadoni.org\\\/pt-pt\\\/africa-republica-democratica-do-congo-no-coracao-dos-conflitos-escolhemos-o-dialogo-entrevista-com-destin-byandike\\\/\",\"url\":\"https:\\\/\\\/spaziospadoni.org\\\/pt-pt\\\/africa-republica-democratica-do-congo-no-coracao-dos-conflitos-escolhemos-o-dialogo-entrevista-com-destin-byandike\\\/\",\"name\":\"\u00c1frica, Rep\u00fablica Democr\u00e1tica do Congo | \u00abNo cora\u00e7\u00e3o dos conflitos, escolhemos o di\u00e1logo\u00bb, entrevista com Destin Byandike\",\"isPartOf\":{\"@id\":\"https:\\\/\\\/spaziospadoni.org\\\/pt-pt\\\/#website\"},\"primaryImageOfPage\":{\"@id\":\"https:\\\/\\\/spaziospadoni.org\\\/pt-pt\\\/africa-republica-democratica-do-congo-no-coracao-dos-conflitos-escolhemos-o-dialogo-entrevista-com-destin-byandike\\\/#primaryimage\"},\"image\":{\"@id\":\"https:\\\/\\\/spaziospadoni.org\\\/pt-pt\\\/africa-republica-democratica-do-congo-no-coracao-dos-conflitos-escolhemos-o-dialogo-entrevista-com-destin-byandike\\\/#primaryimage\"},\"thumbnailUrl\":\"https:\\\/\\\/spaziospadoni.org\\\/wp-content\\\/uploads\\\/2026\\\/08\\\/universita-martiri-congo.webp\",\"datePublished\":\"2026-08-20T06:00:00+00:00\",\"description\":\"Descubra a entrevista com Destin Byandike sobre o novo Centro Africano para a Paz e Media\u00e7\u00e3o (CAPMD-UNIM) na Universidade dos M\u00e1rtires do Congo na RDC.\",\"breadcrumb\":{\"@id\":\"https:\\\/\\\/spaziospadoni.org\\\/pt-pt\\\/africa-republica-democratica-do-congo-no-coracao-dos-conflitos-escolhemos-o-dialogo-entrevista-com-destin-byandike\\\/#breadcrumb\"},\"inLanguage\":\"pt-PT\",\"potentialAction\":[{\"@type\":\"ReadAction\",\"target\":[\"https:\\\/\\\/spaziospadoni.org\\\/pt-pt\\\/africa-republica-democratica-do-congo-no-coracao-dos-conflitos-escolhemos-o-dialogo-entrevista-com-destin-byandike\\\/\"]}]},{\"@type\":\"ImageObject\",\"inLanguage\":\"pt-PT\",\"@id\":\"https:\\\/\\\/spaziospadoni.org\\\/pt-pt\\\/africa-republica-democratica-do-congo-no-coracao-dos-conflitos-escolhemos-o-dialogo-entrevista-com-destin-byandike\\\/#primaryimage\",\"url\":\"https:\\\/\\\/spaziospadoni.org\\\/wp-content\\\/uploads\\\/2026\\\/08\\\/universita-martiri-congo.webp\",\"contentUrl\":\"https:\\\/\\\/spaziospadoni.org\\\/wp-content\\\/uploads\\\/2026\\\/08\\\/universita-martiri-congo.webp\",\"width\":1200,\"height\":800,\"caption\":\"A Universidade dos M\u00e1rtires do Congo cria o Centro Africano para a Paz, Media\u00e7\u00e3o e Diplomacia (CAPMD-UNIM).\"},{\"@type\":\"BreadcrumbList\",\"@id\":\"https:\\\/\\\/spaziospadoni.org\\\/pt-pt\\\/africa-republica-democratica-do-congo-no-coracao-dos-conflitos-escolhemos-o-dialogo-entrevista-com-destin-byandike\\\/#breadcrumb\",\"itemListElement\":[{\"@type\":\"ListItem\",\"position\":1,\"name\":\"Home\",\"item\":\"https:\\\/\\\/spaziospadoni.org\\\/pt-pt\\\/\"},{\"@type\":\"ListItem\",\"position\":2,\"name\":\"\u00c1frica, Rep\u00fablica Democr\u00e1tica do Congo | \u00abNo cora\u00e7\u00e3o dos conflitos, escolhemos o di\u00e1logo\u00bb, entrevista com Destin Byandike\"}]},{\"@type\":\"WebSite\",\"@id\":\"https:\\\/\\\/spaziospadoni.org\\\/pt-pt\\\/#website\",\"url\":\"https:\\\/\\\/spaziospadoni.org\\\/pt-pt\\\/\",\"name\":\"spazio + spadoni\",\"description\":\"Generazione di misericordia e missione nel mondo\",\"publisher\":{\"@id\":\"https:\\\/\\\/spaziospadoni.org\\\/pt-pt\\\/#organization\"},\"alternateName\":\"spaziospadoni.org\",\"potentialAction\":[{\"@type\":\"SearchAction\",\"target\":{\"@type\":\"EntryPoint\",\"urlTemplate\":\"https:\\\/\\\/spaziospadoni.org\\\/pt-pt\\\/?s={search_term_string}\"},\"query-input\":{\"@type\":\"PropertyValueSpecification\",\"valueRequired\":true,\"valueName\":\"search_term_string\"}}],\"inLanguage\":\"pt-PT\"},{\"@type\":\"Organization\",\"@id\":\"https:\\\/\\\/spaziospadoni.org\\\/pt-pt\\\/#organization\",\"name\":\"spazio + spadoni\",\"alternateName\":\"spaziospadoni.org\",\"url\":\"https:\\\/\\\/spaziospadoni.org\\\/pt-pt\\\/\",\"logo\":{\"@type\":\"ImageObject\",\"inLanguage\":\"pt-PT\",\"@id\":\"https:\\\/\\\/spaziospadoni.org\\\/pt-pt\\\/#\\\/schema\\\/logo\\\/image\\\/\",\"url\":\"https:\\\/\\\/spaziospadoni.org\\\/wp-content\\\/uploads\\\/2026\\\/05\\\/spazio-spadoni-logo-100x100-1.webp\",\"contentUrl\":\"https:\\\/\\\/spaziospadoni.org\\\/wp-content\\\/uploads\\\/2026\\\/05\\\/spazio-spadoni-logo-100x100-1.webp\",\"width\":100,\"height\":100,\"caption\":\"spazio + spadoni\"},\"image\":{\"@id\":\"https:\\\/\\\/spaziospadoni.org\\\/pt-pt\\\/#\\\/schema\\\/logo\\\/image\\\/\"},\"sameAs\":[\"https:\\\/\\\/www.facebook.com\\\/SpazioSpadoni\\\/\",\"https:\\\/\\\/www.instagram.com\\\/spaziospadoni\\\/\",\"https:\\\/\\\/www.youtube.com\\\/@spaziospadoni\\\/playlists\"]},{\"@type\":\"Person\",\"@id\":\"https:\\\/\\\/spaziospadoni.org\\\/pt-pt\\\/#\\\/schema\\\/person\\\/6297cff4ad988760cee72bb3f83e078f\",\"name\":\"Destin Byandike\",\"image\":{\"@type\":\"ImageObject\",\"inLanguage\":\"pt-PT\",\"@id\":\"https:\\\/\\\/secure.gravatar.com\\\/avatar\\\/fd5587495a9a6aa30e738c0964461efb38a880d11d17dd49b6ecbb17fb18d017?s=96&d=mm&r=g\",\"url\":\"https:\\\/\\\/secure.gravatar.com\\\/avatar\\\/fd5587495a9a6aa30e738c0964461efb38a880d11d17dd49b6ecbb17fb18d017?s=96&d=mm&r=g\",\"contentUrl\":\"https:\\\/\\\/secure.gravatar.com\\\/avatar\\\/fd5587495a9a6aa30e738c0964461efb38a880d11d17dd49b6ecbb17fb18d017?s=96&d=mm&r=g\",\"caption\":\"Destin Byandike\"},\"description\":\"Cittadino della Repubblica Democratica del Congo. Autore e ricercatore nel campo della pace nella RDC. Specializzato in cooperazione internazionale e negoziazione strategica presso la Scuola Nazionale di Diplomazia, Negoziazione e Mediazione dell\u2019Universit\u00e0 dei Martiri del Congo. Svolge le sue attivit\u00e0 di ricerca presso l\u2019Universit\u00e0 dei Martiri del Congo ed \u00e8 ricercatore associato alla Revue Africaine des Sciences Sociales, con sede in Camerun.\",\"url\":\"https:\\\/\\\/spaziospadoni.org\\\/pt-pt\\\/author\\\/ddyandikespspadoni\\\/\"}]}<\/script>\n<!-- \/ Yoast SEO plugin. -->","yoast_head_json":{"title":"\u00c1frica, Rep\u00fablica Democr\u00e1tica do Congo | \u00abNo cora\u00e7\u00e3o dos conflitos, escolhemos o di\u00e1logo\u00bb, entrevista com Destin Byandike","description":"Descubra a entrevista com Destin Byandike sobre o novo Centro Africano para a Paz e Media\u00e7\u00e3o (CAPMD-UNIM) na Universidade dos M\u00e1rtires do Congo na RDC.","robots":{"index":"index","follow":"follow","max-snippet":"max-snippet:-1","max-image-preview":"max-image-preview:large","max-video-preview":"max-video-preview:-1"},"canonical":"https:\/\/spaziospadoni.org\/pt-pt\/africa-republica-democratica-do-congo-no-coracao-dos-conflitos-escolhemos-o-dialogo-entrevista-com-destin-byandike\/","og_locale":"pt_PT","og_type":"article","og_title":"\u00c1frica, Rep\u00fablica Democr\u00e1tica do Congo | \u00abNo cora\u00e7\u00e3o dos conflitos, escolhemos o di\u00e1logo\u00bb, entrevista com Destin Byandike","og_description":"Descubra a entrevista com Destin Byandike sobre o novo Centro Africano para a Paz e Media\u00e7\u00e3o (CAPMD-UNIM) na Universidade dos M\u00e1rtires do Congo na RDC.","og_url":"https:\/\/spaziospadoni.org\/pt-pt\/africa-republica-democratica-do-congo-no-coracao-dos-conflitos-escolhemos-o-dialogo-entrevista-com-destin-byandike\/","og_site_name":"spazio + spadoni","article_publisher":"https:\/\/www.facebook.com\/SpazioSpadoni\/","article_published_time":"2026-08-20T06:00:00+00:00","og_image":[{"width":1200,"height":800,"url":"https:\/\/spaziospadoni.org\/wp-content\/uploads\/2026\/08\/universita-martiri-congo.webp","type":"image\/webp"}],"author":"Destin Byandike","twitter_card":"summary_large_image","twitter_misc":{"Escrito por":"Destin Byandike","Est. reading time":"3 minutes"},"schema":{"@context":"https:\/\/schema.org","@graph":[{"@type":"Article","@id":"https:\/\/spaziospadoni.org\/pt-pt\/africa-republica-democratica-do-congo-no-coracao-dos-conflitos-escolhemos-o-dialogo-entrevista-com-destin-byandike\/#article","isPartOf":{"@id":"https:\/\/spaziospadoni.org\/pt-pt\/africa-republica-democratica-do-congo-no-coracao-dos-conflitos-escolhemos-o-dialogo-entrevista-com-destin-byandike\/"},"author":{"name":"Destin Byandike","@id":"https:\/\/spaziospadoni.org\/pt-pt\/#\/schema\/person\/6297cff4ad988760cee72bb3f83e078f"},"headline":"\u00c1frica, Rep\u00fablica Democr\u00e1tica do Congo | \u00abNo cora\u00e7\u00e3o dos conflitos, escolhemos o di\u00e1logo\u00bb, entrevista com Destin Byandike","datePublished":"2026-08-20T06:00:00+00:00","mainEntityOfPage":{"@id":"https:\/\/spaziospadoni.org\/pt-pt\/africa-republica-democratica-do-congo-no-coracao-dos-conflitos-escolhemos-o-dialogo-entrevista-com-destin-byandike\/"},"wordCount":482,"publisher":{"@id":"https:\/\/spaziospadoni.org\/pt-pt\/#organization"},"image":{"@id":"https:\/\/spaziospadoni.org\/pt-pt\/africa-republica-democratica-do-congo-no-coracao-dos-conflitos-escolhemos-o-dialogo-entrevista-com-destin-byandike\/#primaryimage"},"thumbnailUrl":"https:\/\/spaziospadoni.org\/wp-content\/uploads\/2026\/08\/universita-martiri-congo.webp","keywords":["di\u00e1logo","Paz","reconcilia\u00e7\u00e3o","Rep\u00fablica Democr\u00e1tica do Congo"],"articleSection":["Dos sonhos \u00e0s obras"],"inLanguage":"pt-PT"},{"@type":"WebPage","@id":"https:\/\/spaziospadoni.org\/pt-pt\/africa-republica-democratica-do-congo-no-coracao-dos-conflitos-escolhemos-o-dialogo-entrevista-com-destin-byandike\/","url":"https:\/\/spaziospadoni.org\/pt-pt\/africa-republica-democratica-do-congo-no-coracao-dos-conflitos-escolhemos-o-dialogo-entrevista-com-destin-byandike\/","name":"\u00c1frica, Rep\u00fablica Democr\u00e1tica do Congo | \u00abNo cora\u00e7\u00e3o dos conflitos, escolhemos o di\u00e1logo\u00bb, entrevista com Destin Byandike","isPartOf":{"@id":"https:\/\/spaziospadoni.org\/pt-pt\/#website"},"primaryImageOfPage":{"@id":"https:\/\/spaziospadoni.org\/pt-pt\/africa-republica-democratica-do-congo-no-coracao-dos-conflitos-escolhemos-o-dialogo-entrevista-com-destin-byandike\/#primaryimage"},"image":{"@id":"https:\/\/spaziospadoni.org\/pt-pt\/africa-republica-democratica-do-congo-no-coracao-dos-conflitos-escolhemos-o-dialogo-entrevista-com-destin-byandike\/#primaryimage"},"thumbnailUrl":"https:\/\/spaziospadoni.org\/wp-content\/uploads\/2026\/08\/universita-martiri-congo.webp","datePublished":"2026-08-20T06:00:00+00:00","description":"Descubra a entrevista com Destin Byandike sobre o novo Centro Africano para a Paz e Media\u00e7\u00e3o (CAPMD-UNIM) na Universidade dos M\u00e1rtires do Congo na RDC.","breadcrumb":{"@id":"https:\/\/spaziospadoni.org\/pt-pt\/africa-republica-democratica-do-congo-no-coracao-dos-conflitos-escolhemos-o-dialogo-entrevista-com-destin-byandike\/#breadcrumb"},"inLanguage":"pt-PT","potentialAction":[{"@type":"ReadAction","target":["https:\/\/spaziospadoni.org\/pt-pt\/africa-republica-democratica-do-congo-no-coracao-dos-conflitos-escolhemos-o-dialogo-entrevista-com-destin-byandike\/"]}]},{"@type":"ImageObject","inLanguage":"pt-PT","@id":"https:\/\/spaziospadoni.org\/pt-pt\/africa-republica-democratica-do-congo-no-coracao-dos-conflitos-escolhemos-o-dialogo-entrevista-com-destin-byandike\/#primaryimage","url":"https:\/\/spaziospadoni.org\/wp-content\/uploads\/2026\/08\/universita-martiri-congo.webp","contentUrl":"https:\/\/spaziospadoni.org\/wp-content\/uploads\/2026\/08\/universita-martiri-congo.webp","width":1200,"height":800,"caption":"A Universidade dos M\u00e1rtires do Congo cria o Centro Africano para a Paz, Media\u00e7\u00e3o e Diplomacia (CAPMD-UNIM)."},{"@type":"BreadcrumbList","@id":"https:\/\/spaziospadoni.org\/pt-pt\/africa-republica-democratica-do-congo-no-coracao-dos-conflitos-escolhemos-o-dialogo-entrevista-com-destin-byandike\/#breadcrumb","itemListElement":[{"@type":"ListItem","position":1,"name":"Home","item":"https:\/\/spaziospadoni.org\/pt-pt\/"},{"@type":"ListItem","position":2,"name":"\u00c1frica, Rep\u00fablica Democr\u00e1tica do Congo | \u00abNo cora\u00e7\u00e3o dos conflitos, escolhemos o di\u00e1logo\u00bb, entrevista com Destin Byandike"}]},{"@type":"WebSite","@id":"https:\/\/spaziospadoni.org\/pt-pt\/#website","url":"https:\/\/spaziospadoni.org\/pt-pt\/","name":"spazio + spadoni","description":"Generazione di misericordia e missione nel mondo","publisher":{"@id":"https:\/\/spaziospadoni.org\/pt-pt\/#organization"},"alternateName":"spaziospadoni.org","potentialAction":[{"@type":"SearchAction","target":{"@type":"EntryPoint","urlTemplate":"https:\/\/spaziospadoni.org\/pt-pt\/?s={search_term_string}"},"query-input":{"@type":"PropertyValueSpecification","valueRequired":true,"valueName":"search_term_string"}}],"inLanguage":"pt-PT"},{"@type":"Organization","@id":"https:\/\/spaziospadoni.org\/pt-pt\/#organization","name":"spazio + spadoni","alternateName":"spaziospadoni.org","url":"https:\/\/spaziospadoni.org\/pt-pt\/","logo":{"@type":"ImageObject","inLanguage":"pt-PT","@id":"https:\/\/spaziospadoni.org\/pt-pt\/#\/schema\/logo\/image\/","url":"https:\/\/spaziospadoni.org\/wp-content\/uploads\/2026\/05\/spazio-spadoni-logo-100x100-1.webp","contentUrl":"https:\/\/spaziospadoni.org\/wp-content\/uploads\/2026\/05\/spazio-spadoni-logo-100x100-1.webp","width":100,"height":100,"caption":"spazio + spadoni"},"image":{"@id":"https:\/\/spaziospadoni.org\/pt-pt\/#\/schema\/logo\/image\/"},"sameAs":["https:\/\/www.facebook.com\/SpazioSpadoni\/","https:\/\/www.instagram.com\/spaziospadoni\/","https:\/\/www.youtube.com\/@spaziospadoni\/playlists"]},{"@type":"Person","@id":"https:\/\/spaziospadoni.org\/pt-pt\/#\/schema\/person\/6297cff4ad988760cee72bb3f83e078f","name":"Destin Byandike","image":{"@type":"ImageObject","inLanguage":"pt-PT","@id":"https:\/\/secure.gravatar.com\/avatar\/fd5587495a9a6aa30e738c0964461efb38a880d11d17dd49b6ecbb17fb18d017?s=96&d=mm&r=g","url":"https:\/\/secure.gravatar.com\/avatar\/fd5587495a9a6aa30e738c0964461efb38a880d11d17dd49b6ecbb17fb18d017?s=96&d=mm&r=g","contentUrl":"https:\/\/secure.gravatar.com\/avatar\/fd5587495a9a6aa30e738c0964461efb38a880d11d17dd49b6ecbb17fb18d017?s=96&d=mm&r=g","caption":"Destin Byandike"},"description":"Cittadino della Repubblica Democratica del Congo. Autore e ricercatore nel campo della pace nella RDC. Specializzato in cooperazione internazionale e negoziazione strategica presso la Scuola Nazionale di Diplomazia, Negoziazione e Mediazione dell\u2019Universit\u00e0 dei Martiri del Congo. Svolge le sue attivit\u00e0 di ricerca presso l\u2019Universit\u00e0 dei Martiri del Congo ed \u00e8 ricercatore associato alla Revue Africaine des Sciences Sociales, con sede in Camerun.","url":"https:\/\/spaziospadoni.org\/pt-pt\/author\/ddyandikespspadoni\/"}]}},"_links":{"self":[{"href":"https:\/\/spaziospadoni.org\/pt-pt\/wp-json\/wp\/v2\/posts\/90405","targetHints":{"allow":["GET"]}}],"collection":[{"href":"https:\/\/spaziospadoni.org\/pt-pt\/wp-json\/wp\/v2\/posts"}],"about":[{"href":"https:\/\/spaziospadoni.org\/pt-pt\/wp-json\/wp\/v2\/types\/post"}],"author":[{"embeddable":true,"href":"https:\/\/spaziospadoni.org\/pt-pt\/wp-json\/wp\/v2\/users\/111"}],"replies":[{"embeddable":true,"href":"https:\/\/spaziospadoni.org\/pt-pt\/wp-json\/wp\/v2\/comments?post=90405"}],"version-history":[{"count":2,"href":"https:\/\/spaziospadoni.org\/pt-pt\/wp-json\/wp\/v2\/posts\/90405\/revisions"}],"predecessor-version":[{"id":90410,"href":"https:\/\/spaziospadoni.org\/pt-pt\/wp-json\/wp\/v2\/posts\/90405\/revisions\/90410"}],"wp:featuredmedia":[{"embeddable":true,"href":"https:\/\/spaziospadoni.org\/pt-pt\/wp-json\/wp\/v2\/media\/90404"}],"wp:attachment":[{"href":"https:\/\/spaziospadoni.org\/pt-pt\/wp-json\/wp\/v2\/media?parent=90405"}],"wp:term":[{"taxonomy":"category","embeddable":true,"href":"https:\/\/spaziospadoni.org\/pt-pt\/wp-json\/wp\/v2\/categories?post=90405"},{"taxonomy":"post_tag","embeddable":true,"href":"https:\/\/spaziospadoni.org\/pt-pt\/wp-json\/wp\/v2\/tags?post=90405"}],"curies":[{"name":"wp","href":"https:\/\/api.w.org\/{rel}","templated":true}]}}