{"id":90428,"date":"2026-08-18T07:30:00","date_gmt":"2026-08-18T06:30:00","guid":{"rendered":"https:\/\/spaziospadoni.org\/?p=90428"},"modified":"2026-08-18T13:30:17","modified_gmt":"2026-08-18T12:30:17","slug":"africa-camaroes-escolher-ficar","status":"publish","type":"post","link":"https:\/\/spaziospadoni.org\/pt-pt\/africa-camaroes-escolher-ficar\/","title":{"rendered":"\u00c1frica, Camar\u00f5es | Escolher ficar"},"content":{"rendered":"\n<p class=\"wp-block-paragraph\">Existem lugares no mundo onde a vida cotidiana se transforma em uma luta silenciosa e dram\u00e1tica pela sobreviv\u00eancia. Na remota aldeia de Baba 1, localizada na regi\u00e3o Noroeste de Camar\u00f5es, a popula\u00e7\u00e3o enfrenta h\u00e1 anos uma grave <strong>crise humanit\u00e1ria<\/strong>. <\/p>\n\n\n\n<p class=\"wp-block-paragraph\">A extrema pobreza, a aus\u00eancia de infraestruturas adequadas, a escassez de \u00e1gua pot\u00e1vel e o acesso limitado \u00e0 educa\u00e7\u00e3o desenham um cen\u00e1rio de profunda vulnerabilidade. A essa realidade somou-se um prolongado conflito armado, marcado pela <strong>viol\u00eancia<\/strong>, sequestros sistem\u00e1ticos e um clima constante de inseguran\u00e7a que for\u00e7ou muitos a fugir.<\/p>\n\n\n\n<p class=\"wp-block-paragraph\">No entanto, nesta realidade marcada pelo medo, h\u00e1 quem tenha escolhido com coragem n\u00e3o partir. As Irm\u00e3s da Santa Uni\u00e3o representam hoje a \u00fanica comunidade religiosa remanescente na \u00e1rea. Presentes na regi\u00e3o desde a d\u00e9cada de 1960, as religiosas decidiram permanecer ao lado das fam\u00edlias locais, transformando as suas vidas em um testemunho concreto de proximidade e <strong>solidariedade<\/strong>.<\/p>\n\n\n\n<h2 id=\"a-escolha-de-ficar-a-presenca-do-dom\" class=\"wp-block-heading\">A escolha de ficar: a presen\u00e7a do dom<\/h2>\n\n\n\n<p class=\"wp-block-paragraph\">O que leva algu\u00e9m a permanecer em um lugar do qual todos tentam escapar? A resposta reside no valor profundo da <strong>presen\u00e7a<\/strong>. Ficar significa pronunciar todos os dias <code>HIC SUM<\/code>, um \u00abaqui estou\u00bb. manifesto em gestos di\u00e1rios de acolhimento e escuta para com os que sofrem. As irm\u00e3s compartilham as ang\u00fastias da popula\u00e7\u00e3o, oferecendo um ponto de refer\u00eancia seguro quando todas as certezas parecem desmoronar.<\/p>\n\n\n\n<p class=\"wp-block-paragraph\">Em um cen\u00e1rio global muitas vezes dominado pela indiferen\u00e7a, essa decis\u00e3o encarna a din\u00e2mica da <strong>reciprocidade no dom<\/strong>. N\u00e3o se trata de uma simples assist\u00eancia de emerg\u00eancia, mas de um caminho compartilhado no qual se reconhece no outro uma dignidade fundamental que deve ser sempre protegida.<\/p>\n\n\n\n<h2 id=\"servir-as-feridas-sem-fazer-calculos\" class=\"wp-block-heading\">Servir as feridas sem fazer c\u00e1lculos<\/h2>\n\n\n\n<p class=\"wp-block-paragraph\">A resposta ao sofrimento traduz-se em a\u00e7\u00f5es concretas no terreno. As religiosas garantem os cuidados aos idosos sozinhos, assistem as mulheres durante a gravidez e o parto, interv\u00eam nos casos de desnutri\u00e7\u00e3o infantil e tratam de crian\u00e7as atingidas por enfermidades repentinas.<\/p>\n\n\n\n<p class=\"wp-block-paragraph\">A <strong>caridade<\/strong> vivida neste canto da \u00c1frica n\u00e3o \u00e9 um sentimento vago, mas um compromisso radical em servir o pr\u00f3ximo sem calcular custos ou consequ\u00eancias pessoais.<\/p>\n\n\n\n<p class=\"wp-block-paragraph\">O apoio m\u00e9dico e a promo\u00e7\u00e3o da sa\u00fade comunit\u00e1ria tornam-se, assim, a express\u00e3o tang\u00edvel com a qual se encarnam as <strong>obras de miseric\u00f3rdia<\/strong>. Cada vida protegida e cada ferida tratada constituem um passo real para a defesa da humanidade.<\/p>\n\n\n\n<h2 id=\"uma-esperanca-enraizada-que-nao-desilude\" class=\"wp-block-heading\">Uma esperan\u00e7a enraizada que n\u00e3o desilude<\/h2>\n\n\n\n<p class=\"wp-block-paragraph\">A hist\u00f3ria de Baba 1 demonstra que a esperan\u00e7a n\u00e3o \u00e9 uma espera passiva, mas uma a\u00e7\u00e3o corajosa. Escolher servir nas periferias mais esquecidas do planeta mostra como a compaix\u00e3o \u00e9 capaz de desencadear processos de <strong>transforma\u00e7\u00e3o social<\/strong>. Mesmo diante da devasta\u00e7\u00e3o da guerra, a continuidade do cuidado e do servi\u00e7o torna evidente que a fraternidade pode vencer a espiral do \u00f3dio.<\/p>\n\n\n\n<p class=\"wp-block-paragraph\"><strong>Imagem criada digitalmente pela spazio + spadoni<\/strong><\/p>\n","protected":false},"excerpt":{"rendered":"<p>Existem lugares no mundo onde a vida cotidiana se transforma em uma luta silenciosa e dram\u00e1tica pela sobreviv\u00eancia. Na remota aldeia de Baba 1, localizada na regi\u00e3o Noroeste de Camar\u00f5es, a popula\u00e7\u00e3o enfrenta h\u00e1 anos uma grave crise humanit\u00e1ria. A extrema pobreza, a aus\u00eancia de infraestruturas adequadas, a escassez de \u00e1gua pot\u00e1vel e o acesso &#8230; <a title=\"\u00c1frica, Camar\u00f5es | Escolher ficar\" class=\"read-more\" href=\"https:\/\/spaziospadoni.org\/pt-pt\/africa-camaroes-escolher-ficar\/\" aria-label=\"Read more about \u00c1frica, Camar\u00f5es | Escolher ficar\">Ler mais<\/a><\/p>\n","protected":false},"author":39,"featured_media":90427,"comment_status":"closed","ping_status":"closed","sticky":false,"template":"","format":"standard","meta":{"_sitemap_exclude":false,"_sitemap_priority":"","_sitemap_frequency":"","ss_featured_image_title":"","ss_featured_image_alt":"Escolher ficar","ss_featured_image_caption":"A presen\u00e7a das Irm\u00e3s da Santa Uni\u00e3o nos Camar\u00f5es conta uma hist\u00f3ria de esperan\u00e7a e proximidade.","footnotes":""},"categories":[2549],"tags":[2599,3061,2689,2339,4446],"class_list":["post-90428","post","type-post","status-publish","format-standard","has-post-thumbnail","hentry","category-vida-consagrada","tag-africa","tag-camaroes","tag-esperanca","tag-freiras","tag-presenca","infinite-scroll-item","generate-columns","tablet-grid-50","mobile-grid-100","grid-parent","grid-50"],"yoast_head":"<!-- This site is optimized with the Yoast SEO plugin v28.4 - https:\/\/yoast.com\/product\/yoast-seo-wordpress\/ -->\n<title>Camar\u00f5es: escolher ficar em meio \u00e0 viol\u00eancia<\/title>\n<meta name=\"description\" content=\"No Noroeste de Camar\u00f5es, as Irm\u00e3s da Santa Uni\u00e3o escolhem permanecer ao lado do povo atingido pela extrema pobreza e conflitos.\" \/>\n<meta name=\"robots\" content=\"index, follow, max-snippet:-1, max-image-preview:large, max-video-preview:-1\" \/>\n<link rel=\"canonical\" href=\"https:\/\/spaziospadoni.org\/pt-pt\/africa-camaroes-escolher-ficar\/\" \/>\n<meta property=\"og:locale\" content=\"pt_PT\" \/>\n<meta property=\"og:type\" content=\"article\" \/>\n<meta property=\"og:title\" content=\"Camar\u00f5es: escolher ficar em meio \u00e0 viol\u00eancia\" \/>\n<meta property=\"og:description\" content=\"No Noroeste de Camar\u00f5es, as Irm\u00e3s da Santa Uni\u00e3o escolhem permanecer ao lado do povo atingido pela extrema pobreza e conflitos.\" \/>\n<meta property=\"og:url\" content=\"https:\/\/spaziospadoni.org\/pt-pt\/africa-camaroes-escolher-ficar\/\" \/>\n<meta property=\"og:site_name\" content=\"spazio + spadoni\" \/>\n<meta property=\"article:publisher\" content=\"https:\/\/www.facebook.com\/SpazioSpadoni\/\" \/>\n<meta property=\"article:published_time\" content=\"2026-08-18T06:30:00+00:00\" \/>\n<meta property=\"article:modified_time\" content=\"2026-08-18T12:30:17+00:00\" \/>\n<meta property=\"og:image\" content=\"https:\/\/spaziospadoni.org\/wp-content\/uploads\/2026\/08\/camerun-vicinanza-difficolta.webp\" \/>\n\t<meta property=\"og:image:width\" content=\"1200\" \/>\n\t<meta property=\"og:image:height\" content=\"670\" \/>\n\t<meta property=\"og:image:type\" content=\"image\/webp\" \/>\n<meta name=\"author\" content=\"Redazione\" \/>\n<meta name=\"twitter:card\" content=\"summary_large_image\" \/>\n<meta name=\"twitter:label1\" content=\"Escrito por\" \/>\n\t<meta name=\"twitter:data1\" content=\"Reda\u00e7\u00e3o\" \/>\n\t<meta name=\"twitter:label2\" content=\"Est. reading time\" \/>\n\t<meta name=\"twitter:data2\" content=\"3 minutes\" \/>\n<script type=\"application\/ld+json\" class=\"yoast-schema-graph\">{\"@context\":\"https:\\\/\\\/schema.org\",\"@graph\":[{\"@type\":\"Article\",\"@id\":\"https:\\\/\\\/spaziospadoni.org\\\/pt-pt\\\/africa-camaroes-escolher-ficar\\\/#article\",\"isPartOf\":{\"@id\":\"https:\\\/\\\/spaziospadoni.org\\\/pt-pt\\\/africa-camaroes-escolher-ficar\\\/\"},\"author\":{\"name\":\"Redazione\",\"@id\":\"https:\\\/\\\/spaziospadoni.org\\\/pt-pt\\\/#\\\/schema\\\/person\\\/411d7e71b4962bebf7ac6c70acc9a7bc\"},\"headline\":\"\u00c1frica, Camar\u00f5es | Escolher ficar\",\"datePublished\":\"2026-08-18T06:30:00+00:00\",\"dateModified\":\"2026-08-18T12:30:17+00:00\",\"mainEntityOfPage\":{\"@id\":\"https:\\\/\\\/spaziospadoni.org\\\/pt-pt\\\/africa-camaroes-escolher-ficar\\\/\"},\"wordCount\":507,\"publisher\":{\"@id\":\"https:\\\/\\\/spaziospadoni.org\\\/pt-pt\\\/#organization\"},\"image\":{\"@id\":\"https:\\\/\\\/spaziospadoni.org\\\/pt-pt\\\/africa-camaroes-escolher-ficar\\\/#primaryimage\"},\"thumbnailUrl\":\"https:\\\/\\\/spaziospadoni.org\\\/wp-content\\\/uploads\\\/2026\\\/08\\\/camerun-vicinanza-difficolta.webp\",\"keywords\":[\"\u00c1frica\",\"Camar\u00f5es\",\"esperan\u00e7a\",\"Freiras\",\"presen\u00e7a\"],\"articleSection\":[\"Vida consagrada\"],\"inLanguage\":\"pt-PT\"},{\"@type\":\"WebPage\",\"@id\":\"https:\\\/\\\/spaziospadoni.org\\\/pt-pt\\\/africa-camaroes-escolher-ficar\\\/\",\"url\":\"https:\\\/\\\/spaziospadoni.org\\\/pt-pt\\\/africa-camaroes-escolher-ficar\\\/\",\"name\":\"Camar\u00f5es: escolher ficar em meio \u00e0 viol\u00eancia\",\"isPartOf\":{\"@id\":\"https:\\\/\\\/spaziospadoni.org\\\/pt-pt\\\/#website\"},\"primaryImageOfPage\":{\"@id\":\"https:\\\/\\\/spaziospadoni.org\\\/pt-pt\\\/africa-camaroes-escolher-ficar\\\/#primaryimage\"},\"image\":{\"@id\":\"https:\\\/\\\/spaziospadoni.org\\\/pt-pt\\\/africa-camaroes-escolher-ficar\\\/#primaryimage\"},\"thumbnailUrl\":\"https:\\\/\\\/spaziospadoni.org\\\/wp-content\\\/uploads\\\/2026\\\/08\\\/camerun-vicinanza-difficolta.webp\",\"datePublished\":\"2026-08-18T06:30:00+00:00\",\"dateModified\":\"2026-08-18T12:30:17+00:00\",\"description\":\"No Noroeste de Camar\u00f5es, as Irm\u00e3s da Santa Uni\u00e3o escolhem permanecer ao lado do povo atingido pela extrema pobreza e conflitos.\",\"breadcrumb\":{\"@id\":\"https:\\\/\\\/spaziospadoni.org\\\/pt-pt\\\/africa-camaroes-escolher-ficar\\\/#breadcrumb\"},\"inLanguage\":\"pt-PT\",\"potentialAction\":[{\"@type\":\"ReadAction\",\"target\":[\"https:\\\/\\\/spaziospadoni.org\\\/pt-pt\\\/africa-camaroes-escolher-ficar\\\/\"]}]},{\"@type\":\"ImageObject\",\"inLanguage\":\"pt-PT\",\"@id\":\"https:\\\/\\\/spaziospadoni.org\\\/pt-pt\\\/africa-camaroes-escolher-ficar\\\/#primaryimage\",\"url\":\"https:\\\/\\\/spaziospadoni.org\\\/wp-content\\\/uploads\\\/2026\\\/08\\\/camerun-vicinanza-difficolta.webp\",\"contentUrl\":\"https:\\\/\\\/spaziospadoni.org\\\/wp-content\\\/uploads\\\/2026\\\/08\\\/camerun-vicinanza-difficolta.webp\",\"width\":1200,\"height\":670,\"caption\":\"A presen\u00e7a das Irm\u00e3s da Santa Uni\u00e3o nos Camar\u00f5es conta uma hist\u00f3ria de esperan\u00e7a e proximidade.\"},{\"@type\":\"BreadcrumbList\",\"@id\":\"https:\\\/\\\/spaziospadoni.org\\\/pt-pt\\\/africa-camaroes-escolher-ficar\\\/#breadcrumb\",\"itemListElement\":[{\"@type\":\"ListItem\",\"position\":1,\"name\":\"Home\",\"item\":\"https:\\\/\\\/spaziospadoni.org\\\/pt-pt\\\/\"},{\"@type\":\"ListItem\",\"position\":2,\"name\":\"\u00c1frica, Camar\u00f5es | Escolher ficar\"}]},{\"@type\":\"WebSite\",\"@id\":\"https:\\\/\\\/spaziospadoni.org\\\/pt-pt\\\/#website\",\"url\":\"https:\\\/\\\/spaziospadoni.org\\\/pt-pt\\\/\",\"name\":\"spazio + spadoni\",\"description\":\"Generazione di misericordia e missione nel mondo\",\"publisher\":{\"@id\":\"https:\\\/\\\/spaziospadoni.org\\\/pt-pt\\\/#organization\"},\"alternateName\":\"spaziospadoni.org\",\"potentialAction\":[{\"@type\":\"SearchAction\",\"target\":{\"@type\":\"EntryPoint\",\"urlTemplate\":\"https:\\\/\\\/spaziospadoni.org\\\/pt-pt\\\/?s={search_term_string}\"},\"query-input\":{\"@type\":\"PropertyValueSpecification\",\"valueRequired\":true,\"valueName\":\"search_term_string\"}}],\"inLanguage\":\"pt-PT\"},{\"@type\":\"Organization\",\"@id\":\"https:\\\/\\\/spaziospadoni.org\\\/pt-pt\\\/#organization\",\"name\":\"spazio + spadoni\",\"alternateName\":\"spaziospadoni.org\",\"url\":\"https:\\\/\\\/spaziospadoni.org\\\/pt-pt\\\/\",\"logo\":{\"@type\":\"ImageObject\",\"inLanguage\":\"pt-PT\",\"@id\":\"https:\\\/\\\/spaziospadoni.org\\\/pt-pt\\\/#\\\/schema\\\/logo\\\/image\\\/\",\"url\":\"https:\\\/\\\/spaziospadoni.org\\\/wp-content\\\/uploads\\\/2026\\\/05\\\/spazio-spadoni-logo-100x100-1.webp\",\"contentUrl\":\"https:\\\/\\\/spaziospadoni.org\\\/wp-content\\\/uploads\\\/2026\\\/05\\\/spazio-spadoni-logo-100x100-1.webp\",\"width\":100,\"height\":100,\"caption\":\"spazio + spadoni\"},\"image\":{\"@id\":\"https:\\\/\\\/spaziospadoni.org\\\/pt-pt\\\/#\\\/schema\\\/logo\\\/image\\\/\"},\"sameAs\":[\"https:\\\/\\\/www.facebook.com\\\/SpazioSpadoni\\\/\",\"https:\\\/\\\/www.instagram.com\\\/spaziospadoni\\\/\",\"https:\\\/\\\/www.youtube.com\\\/@spaziospadoni\\\/playlists\"]},{\"@type\":\"Person\",\"@id\":\"https:\\\/\\\/spaziospadoni.org\\\/pt-pt\\\/#\\\/schema\\\/person\\\/411d7e71b4962bebf7ac6c70acc9a7bc\",\"name\":\"Redazione\",\"image\":{\"@type\":\"ImageObject\",\"inLanguage\":\"pt-PT\",\"@id\":\"https:\\\/\\\/secure.gravatar.com\\\/avatar\\\/2ba413b4dca69409b680ae806ab0dce8a38d5d2cc2123a96af7bbbee33a5742e?s=96&d=mm&r=g\",\"url\":\"https:\\\/\\\/secure.gravatar.com\\\/avatar\\\/2ba413b4dca69409b680ae806ab0dce8a38d5d2cc2123a96af7bbbee33a5742e?s=96&d=mm&r=g\",\"contentUrl\":\"https:\\\/\\\/secure.gravatar.com\\\/avatar\\\/2ba413b4dca69409b680ae806ab0dce8a38d5d2cc2123a96af7bbbee33a5742e?s=96&d=mm&r=g\",\"caption\":\"Redazione\"},\"url\":\"https:\\\/\\\/spaziospadoni.org\\\/pt-pt\\\/author\\\/redazione\\\/\"}]}<\/script>\n<!-- \/ Yoast SEO plugin. -->","yoast_head_json":{"title":"Camar\u00f5es: escolher ficar em meio \u00e0 viol\u00eancia","description":"No Noroeste de Camar\u00f5es, as Irm\u00e3s da Santa Uni\u00e3o escolhem permanecer ao lado do povo atingido pela extrema pobreza e conflitos.","robots":{"index":"index","follow":"follow","max-snippet":"max-snippet:-1","max-image-preview":"max-image-preview:large","max-video-preview":"max-video-preview:-1"},"canonical":"https:\/\/spaziospadoni.org\/pt-pt\/africa-camaroes-escolher-ficar\/","og_locale":"pt_PT","og_type":"article","og_title":"Camar\u00f5es: escolher ficar em meio \u00e0 viol\u00eancia","og_description":"No Noroeste de Camar\u00f5es, as Irm\u00e3s da Santa Uni\u00e3o escolhem permanecer ao lado do povo atingido pela extrema pobreza e conflitos.","og_url":"https:\/\/spaziospadoni.org\/pt-pt\/africa-camaroes-escolher-ficar\/","og_site_name":"spazio + spadoni","article_publisher":"https:\/\/www.facebook.com\/SpazioSpadoni\/","article_published_time":"2026-08-18T06:30:00+00:00","article_modified_time":"2026-08-18T12:30:17+00:00","og_image":[{"width":1200,"height":670,"url":"https:\/\/spaziospadoni.org\/wp-content\/uploads\/2026\/08\/camerun-vicinanza-difficolta.webp","type":"image\/webp"}],"author":"Redazione","twitter_card":"summary_large_image","twitter_misc":{"Escrito por":"Reda\u00e7\u00e3o","Est. reading time":"3 minutes"},"schema":{"@context":"https:\/\/schema.org","@graph":[{"@type":"Article","@id":"https:\/\/spaziospadoni.org\/pt-pt\/africa-camaroes-escolher-ficar\/#article","isPartOf":{"@id":"https:\/\/spaziospadoni.org\/pt-pt\/africa-camaroes-escolher-ficar\/"},"author":{"name":"Redazione","@id":"https:\/\/spaziospadoni.org\/pt-pt\/#\/schema\/person\/411d7e71b4962bebf7ac6c70acc9a7bc"},"headline":"\u00c1frica, Camar\u00f5es | Escolher ficar","datePublished":"2026-08-18T06:30:00+00:00","dateModified":"2026-08-18T12:30:17+00:00","mainEntityOfPage":{"@id":"https:\/\/spaziospadoni.org\/pt-pt\/africa-camaroes-escolher-ficar\/"},"wordCount":507,"publisher":{"@id":"https:\/\/spaziospadoni.org\/pt-pt\/#organization"},"image":{"@id":"https:\/\/spaziospadoni.org\/pt-pt\/africa-camaroes-escolher-ficar\/#primaryimage"},"thumbnailUrl":"https:\/\/spaziospadoni.org\/wp-content\/uploads\/2026\/08\/camerun-vicinanza-difficolta.webp","keywords":["\u00c1frica","Camar\u00f5es","esperan\u00e7a","Freiras","presen\u00e7a"],"articleSection":["Vida consagrada"],"inLanguage":"pt-PT"},{"@type":"WebPage","@id":"https:\/\/spaziospadoni.org\/pt-pt\/africa-camaroes-escolher-ficar\/","url":"https:\/\/spaziospadoni.org\/pt-pt\/africa-camaroes-escolher-ficar\/","name":"Camar\u00f5es: escolher ficar em meio \u00e0 viol\u00eancia","isPartOf":{"@id":"https:\/\/spaziospadoni.org\/pt-pt\/#website"},"primaryImageOfPage":{"@id":"https:\/\/spaziospadoni.org\/pt-pt\/africa-camaroes-escolher-ficar\/#primaryimage"},"image":{"@id":"https:\/\/spaziospadoni.org\/pt-pt\/africa-camaroes-escolher-ficar\/#primaryimage"},"thumbnailUrl":"https:\/\/spaziospadoni.org\/wp-content\/uploads\/2026\/08\/camerun-vicinanza-difficolta.webp","datePublished":"2026-08-18T06:30:00+00:00","dateModified":"2026-08-18T12:30:17+00:00","description":"No Noroeste de Camar\u00f5es, as Irm\u00e3s da Santa Uni\u00e3o escolhem permanecer ao lado do povo atingido pela extrema pobreza e conflitos.","breadcrumb":{"@id":"https:\/\/spaziospadoni.org\/pt-pt\/africa-camaroes-escolher-ficar\/#breadcrumb"},"inLanguage":"pt-PT","potentialAction":[{"@type":"ReadAction","target":["https:\/\/spaziospadoni.org\/pt-pt\/africa-camaroes-escolher-ficar\/"]}]},{"@type":"ImageObject","inLanguage":"pt-PT","@id":"https:\/\/spaziospadoni.org\/pt-pt\/africa-camaroes-escolher-ficar\/#primaryimage","url":"https:\/\/spaziospadoni.org\/wp-content\/uploads\/2026\/08\/camerun-vicinanza-difficolta.webp","contentUrl":"https:\/\/spaziospadoni.org\/wp-content\/uploads\/2026\/08\/camerun-vicinanza-difficolta.webp","width":1200,"height":670,"caption":"A presen\u00e7a das Irm\u00e3s da Santa Uni\u00e3o nos Camar\u00f5es conta uma hist\u00f3ria de esperan\u00e7a e proximidade."},{"@type":"BreadcrumbList","@id":"https:\/\/spaziospadoni.org\/pt-pt\/africa-camaroes-escolher-ficar\/#breadcrumb","itemListElement":[{"@type":"ListItem","position":1,"name":"Home","item":"https:\/\/spaziospadoni.org\/pt-pt\/"},{"@type":"ListItem","position":2,"name":"\u00c1frica, Camar\u00f5es | Escolher ficar"}]},{"@type":"WebSite","@id":"https:\/\/spaziospadoni.org\/pt-pt\/#website","url":"https:\/\/spaziospadoni.org\/pt-pt\/","name":"spazio + spadoni","description":"Generazione di misericordia e missione nel mondo","publisher":{"@id":"https:\/\/spaziospadoni.org\/pt-pt\/#organization"},"alternateName":"spaziospadoni.org","potentialAction":[{"@type":"SearchAction","target":{"@type":"EntryPoint","urlTemplate":"https:\/\/spaziospadoni.org\/pt-pt\/?s={search_term_string}"},"query-input":{"@type":"PropertyValueSpecification","valueRequired":true,"valueName":"search_term_string"}}],"inLanguage":"pt-PT"},{"@type":"Organization","@id":"https:\/\/spaziospadoni.org\/pt-pt\/#organization","name":"spazio + spadoni","alternateName":"spaziospadoni.org","url":"https:\/\/spaziospadoni.org\/pt-pt\/","logo":{"@type":"ImageObject","inLanguage":"pt-PT","@id":"https:\/\/spaziospadoni.org\/pt-pt\/#\/schema\/logo\/image\/","url":"https:\/\/spaziospadoni.org\/wp-content\/uploads\/2026\/05\/spazio-spadoni-logo-100x100-1.webp","contentUrl":"https:\/\/spaziospadoni.org\/wp-content\/uploads\/2026\/05\/spazio-spadoni-logo-100x100-1.webp","width":100,"height":100,"caption":"spazio + spadoni"},"image":{"@id":"https:\/\/spaziospadoni.org\/pt-pt\/#\/schema\/logo\/image\/"},"sameAs":["https:\/\/www.facebook.com\/SpazioSpadoni\/","https:\/\/www.instagram.com\/spaziospadoni\/","https:\/\/www.youtube.com\/@spaziospadoni\/playlists"]},{"@type":"Person","@id":"https:\/\/spaziospadoni.org\/pt-pt\/#\/schema\/person\/411d7e71b4962bebf7ac6c70acc9a7bc","name":"Redazione","image":{"@type":"ImageObject","inLanguage":"pt-PT","@id":"https:\/\/secure.gravatar.com\/avatar\/2ba413b4dca69409b680ae806ab0dce8a38d5d2cc2123a96af7bbbee33a5742e?s=96&d=mm&r=g","url":"https:\/\/secure.gravatar.com\/avatar\/2ba413b4dca69409b680ae806ab0dce8a38d5d2cc2123a96af7bbbee33a5742e?s=96&d=mm&r=g","contentUrl":"https:\/\/secure.gravatar.com\/avatar\/2ba413b4dca69409b680ae806ab0dce8a38d5d2cc2123a96af7bbbee33a5742e?s=96&d=mm&r=g","caption":"Redazione"},"url":"https:\/\/spaziospadoni.org\/pt-pt\/author\/redazione\/"}]}},"_links":{"self":[{"href":"https:\/\/spaziospadoni.org\/pt-pt\/wp-json\/wp\/v2\/posts\/90428","targetHints":{"allow":["GET"]}}],"collection":[{"href":"https:\/\/spaziospadoni.org\/pt-pt\/wp-json\/wp\/v2\/posts"}],"about":[{"href":"https:\/\/spaziospadoni.org\/pt-pt\/wp-json\/wp\/v2\/types\/post"}],"author":[{"embeddable":true,"href":"https:\/\/spaziospadoni.org\/pt-pt\/wp-json\/wp\/v2\/users\/39"}],"replies":[{"embeddable":true,"href":"https:\/\/spaziospadoni.org\/pt-pt\/wp-json\/wp\/v2\/comments?post=90428"}],"version-history":[{"count":1,"href":"https:\/\/spaziospadoni.org\/pt-pt\/wp-json\/wp\/v2\/posts\/90428\/revisions"}],"predecessor-version":[{"id":90434,"href":"https:\/\/spaziospadoni.org\/pt-pt\/wp-json\/wp\/v2\/posts\/90428\/revisions\/90434"}],"wp:featuredmedia":[{"embeddable":true,"href":"https:\/\/spaziospadoni.org\/pt-pt\/wp-json\/wp\/v2\/media\/90427"}],"wp:attachment":[{"href":"https:\/\/spaziospadoni.org\/pt-pt\/wp-json\/wp\/v2\/media?parent=90428"}],"wp:term":[{"taxonomy":"category","embeddable":true,"href":"https:\/\/spaziospadoni.org\/pt-pt\/wp-json\/wp\/v2\/categories?post=90428"},{"taxonomy":"post_tag","embeddable":true,"href":"https:\/\/spaziospadoni.org\/pt-pt\/wp-json\/wp\/v2\/tags?post=90428"}],"curies":[{"name":"wp","href":"https:\/\/api.w.org\/{rel}","templated":true}]}}