{"id":90454,"date":"2026-08-17T17:00:00","date_gmt":"2026-08-17T16:00:00","guid":{"rendered":"https:\/\/spaziospadoni.org\/?p=90454"},"modified":"2026-08-26T10:48:51","modified_gmt":"2026-08-26T09:48:51","slug":"terramoto-na-indonesia-proximidade-com-as-vitimas-e-a-forca-da-solidariedade","status":"publish","type":"post","link":"https:\/\/spaziospadoni.org\/pt-pt\/terramoto-na-indonesia-proximidade-com-as-vitimas-e-a-forca-da-solidariedade\/","title":{"rendered":"Terramoto na Indon\u00e9sia: proximidade com as v\u00edtimas e a for\u00e7a da solidariedade"},"content":{"rendered":"\n<p class=\"wp-block-paragraph\">A terra voltou a tremer com viol\u00eancia no Sudeste Asi\u00e1tico. Um devastador <strong>terramoto<\/strong> atingiu a regi\u00e3o de Sonda Oriental, na <strong>Indon\u00e9sia<\/strong>, provocando grandes destrui\u00e7\u00f5es materiais, numerosos feridos e milhares de pessoas desalojadas que viram os seus lares desaparecer em poucos instantes. Perante esta dram\u00e1tica emerg\u00eancia, o Papa Le\u00e3o XIV manifestou a sua profunda tristeza atrav\u00e9s de um telegrama de condol\u00eancias assinado pelo cardeal secret\u00e1rio de Estado Pietro Parolin, enviado a Dom Paulus Budi Kleden, arcebispo metropolita de Ende.<\/p>\n\n\n\n<p class=\"wp-block-paragraph\">Na mensagem, o Santo Padre expressa a sua \u00absolidariedade espiritual e a sua proximidade a todos os que continuam a sofrer as consequ\u00eancias deste desastre, em particular aos numerosos desalojados e feridos\u00bb. A par do conforto espiritual, o pont\u00edfice encorajou vivamente as autoridades eclesiais e civis a prosseguirem sem desfalecimento na presta\u00e7\u00e3o de <strong>assist\u00eancia humanit\u00e1ria<\/strong>. Foi igualmente dirigida uma ora\u00e7\u00e3o especial e de agradecimento a todas as equipas de resgate e de emerg\u00eancia empenhadas no socorro entre os escombros, encomendando os falecidos \u00e0 miseric\u00f3rdia de Deus e invocando b\u00ean\u00e7\u00e3os divinas de consola\u00e7\u00e3o e fortaleza.<\/p>\n\n\n\n<h2 id=\"a-resposta-das-obras-de-misericordia-no-sofrimento\" class=\"wp-block-heading\">A resposta das obras de miseric\u00f3rdia no sofrimento<\/h2>\n\n\n\n<p class=\"wp-block-paragraph\">Quando uma cat\u00e1strofe natural atinge uma comunidade com tanta for\u00e7a, a dor convoca toda a fam\u00edlia humana para um dever essencial de <strong>fraternidade universal<\/strong>. A solidariedade manifestada pelo Papa vai al\u00e9m das palavras de circunst\u00e2ncia: representa um apelo direto a praticar as <strong>obras de miseric\u00f3rdia<\/strong> corporais e espirituais, acolhendo os desabrigados, cuidando dos feridos, alimentando os necessitados e consolando os que choram as perdas sofridas.<\/p>\n\n\n\n<p class=\"wp-block-paragraph\">No carisma que move espa\u00e7o + spadoni, as feridas do mundo s\u00e3o lugares de encontro, partilha e corresponsabilidade. Diante do apelo urgente das comunidades na Indon\u00e9sia, a atitude de quem vive a miss\u00e3o e o voluntariado traduz-se no esp\u00edrito do HIC SUM: \u00abeis-me aqui\u00bb, pronto a fazer-se pr\u00f3ximo, a partilhar recursos e a n\u00e3o desviar o olhar do sofrimento alheio.<\/p>\n\n\n\n<h2 id=\"reconstruir-juntos-a-esperanca\" class=\"wp-block-heading\">Reconstruir juntos a esperan\u00e7a<\/h2>\n\n\n\n<p class=\"wp-block-paragraph\">A supera\u00e7\u00e3o desta crise exigir\u00e1 tempo, trabalho conjunto e uma rede est\u00e1vel de <strong>solidariedade internacional<\/strong>. N\u00e3o basta atuar no impacto imediato; \u00e9 imperativo apoiar as popula\u00e7\u00f5es locais na reconstru\u00e7\u00e3o do seu tecido social e comunit\u00e1rio, com base na reciprocidade e no amor fraterno.<\/p>\n\n\n\n<p class=\"wp-block-paragraph\">Unir a ora\u00e7\u00e3o \u00e0 a\u00e7\u00e3o concreta \u00e9 a chave para transformar a desola\u00e7\u00e3o num caminho de renovada esperan\u00e7a. A proximidade com as v\u00edtimas na Indon\u00e9sia recorda-nos que ningu\u00e9m se salva sozinho e que apenas atrav\u00e9s da partilha podemos resguardar a dignidade humana.<\/p>\n\n\n\n<p class=\"wp-block-paragraph\"><strong>Imagem criada digitalmente por spazio + spadoni<\/strong><\/p>\n\n\n\n<p class=\"wp-block-paragraph\"><\/p>\n","protected":false},"excerpt":{"rendered":"<p>A terra voltou a tremer com viol\u00eancia no Sudeste Asi\u00e1tico. Um devastador terramoto atingiu a regi\u00e3o de Sonda Oriental, na Indon\u00e9sia, provocando grandes destrui\u00e7\u00f5es materiais, numerosos feridos e milhares de pessoas desalojadas que viram os seus lares desaparecer em poucos instantes. Perante esta dram\u00e1tica emerg\u00eancia, o Papa Le\u00e3o XIV manifestou a sua profunda tristeza atrav\u00e9s &#8230; <a title=\"Terramoto na Indon\u00e9sia: proximidade com as v\u00edtimas e a for\u00e7a da solidariedade\" class=\"read-more\" href=\"https:\/\/spaziospadoni.org\/pt-pt\/terramoto-na-indonesia-proximidade-com-as-vitimas-e-a-forca-da-solidariedade\/\" aria-label=\"Read more about Terramoto na Indon\u00e9sia: proximidade com as v\u00edtimas e a for\u00e7a da solidariedade\">Ler mais<\/a><\/p>\n","protected":false},"author":39,"featured_media":90453,"comment_status":"closed","ping_status":"closed","sticky":false,"template":"","format":"standard","meta":{"_sitemap_exclude":false,"_sitemap_priority":"","_sitemap_frequency":"","ss_featured_image_title":"","ss_featured_image_alt":"Solidariedade na Indon\u00e9sia ap\u00f3s o terremoto","ss_featured_image_caption":"M\u00e3os estendidas entre escombros simbolizando ajuda humanit\u00e1ria, resgate e esperan\u00e7a ap\u00f3s o sismo na Indon\u00e9sia.","footnotes":""},"categories":[2469],"tags":[2308,3787],"class_list":["post-90454","post","type-post","status-publish","format-standard","has-post-thumbnail","hentry","category-noticias-do-mundo","tag-papa-leao-xiv","tag-sismo","infinite-scroll-item","generate-columns","tablet-grid-50","mobile-grid-100","grid-parent","grid-50"],"yoast_head":"<!-- This site is optimized with the Yoast SEO plugin v28.4 - https:\/\/yoast.com\/product\/yoast-seo-wordpress\/ -->\n<title>Terramoto na Indon\u00e9sia: proximidade e solidariedade \u00e0s v\u00edtimas<\/title>\n<meta name=\"description\" content=\"A mensagem do Papa pelo sismo na Indon\u00e9sia convida \u00e0 ora\u00e7\u00e3o, \u00e0 solidariedade e ao socorro concreto para com as pessoas desalojadas e feridas.\" \/>\n<meta name=\"robots\" content=\"index, follow, max-snippet:-1, max-image-preview:large, max-video-preview:-1\" \/>\n<link rel=\"canonical\" href=\"https:\/\/spaziospadoni.org\/pt-pt\/terramoto-na-indonesia-proximidade-com-as-vitimas-e-a-forca-da-solidariedade\/\" \/>\n<meta property=\"og:locale\" content=\"pt_PT\" \/>\n<meta property=\"og:type\" content=\"article\" \/>\n<meta property=\"og:title\" content=\"Terramoto na Indon\u00e9sia: proximidade e solidariedade \u00e0s v\u00edtimas\" \/>\n<meta property=\"og:description\" content=\"A mensagem do Papa pelo sismo na Indon\u00e9sia convida \u00e0 ora\u00e7\u00e3o, \u00e0 solidariedade e ao socorro concreto para com as pessoas desalojadas e feridas.\" \/>\n<meta property=\"og:url\" content=\"https:\/\/spaziospadoni.org\/pt-pt\/terramoto-na-indonesia-proximidade-com-as-vitimas-e-a-forca-da-solidariedade\/\" \/>\n<meta property=\"og:site_name\" content=\"spazio + spadoni\" \/>\n<meta property=\"article:publisher\" content=\"https:\/\/www.facebook.com\/SpazioSpadoni\/\" \/>\n<meta property=\"article:published_time\" content=\"2026-08-17T16:00:00+00:00\" \/>\n<meta property=\"article:modified_time\" content=\"2026-08-26T09:48:51+00:00\" \/>\n<meta property=\"og:image\" content=\"https:\/\/spaziospadoni.org\/wp-content\/uploads\/2026\/08\/terremoto-indonesia-solidarieta.webp\" \/>\n\t<meta property=\"og:image:width\" content=\"1192\" \/>\n\t<meta property=\"og:image:height\" content=\"800\" \/>\n\t<meta property=\"og:image:type\" content=\"image\/webp\" \/>\n<meta name=\"author\" content=\"Redazione\" \/>\n<meta name=\"twitter:card\" content=\"summary_large_image\" \/>\n<meta name=\"twitter:label1\" content=\"Escrito por\" \/>\n\t<meta name=\"twitter:data1\" content=\"Reda\u00e7\u00e3o\" \/>\n\t<meta name=\"twitter:label2\" content=\"Est. reading time\" \/>\n\t<meta name=\"twitter:data2\" content=\"3 minutes\" \/>\n<script type=\"application\/ld+json\" class=\"yoast-schema-graph\">{\"@context\":\"https:\\\/\\\/schema.org\",\"@graph\":[{\"@type\":\"Article\",\"@id\":\"https:\\\/\\\/spaziospadoni.org\\\/pt-pt\\\/terramoto-na-indonesia-proximidade-com-as-vitimas-e-a-forca-da-solidariedade\\\/#article\",\"isPartOf\":{\"@id\":\"https:\\\/\\\/spaziospadoni.org\\\/pt-pt\\\/terramoto-na-indonesia-proximidade-com-as-vitimas-e-a-forca-da-solidariedade\\\/\"},\"author\":{\"name\":\"Redazione\",\"@id\":\"https:\\\/\\\/spaziospadoni.org\\\/pt-pt\\\/#\\\/schema\\\/person\\\/411d7e71b4962bebf7ac6c70acc9a7bc\"},\"headline\":\"Terramoto na Indon\u00e9sia: proximidade com as v\u00edtimas e a for\u00e7a da solidariedade\",\"datePublished\":\"2026-08-17T16:00:00+00:00\",\"dateModified\":\"2026-08-26T09:48:51+00:00\",\"mainEntityOfPage\":{\"@id\":\"https:\\\/\\\/spaziospadoni.org\\\/pt-pt\\\/terramoto-na-indonesia-proximidade-com-as-vitimas-e-a-forca-da-solidariedade\\\/\"},\"wordCount\":461,\"publisher\":{\"@id\":\"https:\\\/\\\/spaziospadoni.org\\\/pt-pt\\\/#organization\"},\"image\":{\"@id\":\"https:\\\/\\\/spaziospadoni.org\\\/pt-pt\\\/terramoto-na-indonesia-proximidade-com-as-vitimas-e-a-forca-da-solidariedade\\\/#primaryimage\"},\"thumbnailUrl\":\"https:\\\/\\\/spaziospadoni.org\\\/wp-content\\\/uploads\\\/2026\\\/08\\\/terremoto-indonesia-solidarieta.webp\",\"keywords\":[\"Papa Le\u00e3o XIV\",\"sismo\"],\"articleSection\":[\"Not\u00edcias do mundo\"],\"inLanguage\":\"pt-PT\"},{\"@type\":\"WebPage\",\"@id\":\"https:\\\/\\\/spaziospadoni.org\\\/pt-pt\\\/terramoto-na-indonesia-proximidade-com-as-vitimas-e-a-forca-da-solidariedade\\\/\",\"url\":\"https:\\\/\\\/spaziospadoni.org\\\/pt-pt\\\/terramoto-na-indonesia-proximidade-com-as-vitimas-e-a-forca-da-solidariedade\\\/\",\"name\":\"Terramoto na Indon\u00e9sia: proximidade e solidariedade \u00e0s v\u00edtimas\",\"isPartOf\":{\"@id\":\"https:\\\/\\\/spaziospadoni.org\\\/pt-pt\\\/#website\"},\"primaryImageOfPage\":{\"@id\":\"https:\\\/\\\/spaziospadoni.org\\\/pt-pt\\\/terramoto-na-indonesia-proximidade-com-as-vitimas-e-a-forca-da-solidariedade\\\/#primaryimage\"},\"image\":{\"@id\":\"https:\\\/\\\/spaziospadoni.org\\\/pt-pt\\\/terramoto-na-indonesia-proximidade-com-as-vitimas-e-a-forca-da-solidariedade\\\/#primaryimage\"},\"thumbnailUrl\":\"https:\\\/\\\/spaziospadoni.org\\\/wp-content\\\/uploads\\\/2026\\\/08\\\/terremoto-indonesia-solidarieta.webp\",\"datePublished\":\"2026-08-17T16:00:00+00:00\",\"dateModified\":\"2026-08-26T09:48:51+00:00\",\"description\":\"A mensagem do Papa pelo sismo na Indon\u00e9sia convida \u00e0 ora\u00e7\u00e3o, \u00e0 solidariedade e ao socorro concreto para com as pessoas desalojadas e feridas.\",\"breadcrumb\":{\"@id\":\"https:\\\/\\\/spaziospadoni.org\\\/pt-pt\\\/terramoto-na-indonesia-proximidade-com-as-vitimas-e-a-forca-da-solidariedade\\\/#breadcrumb\"},\"inLanguage\":\"pt-PT\",\"potentialAction\":[{\"@type\":\"ReadAction\",\"target\":[\"https:\\\/\\\/spaziospadoni.org\\\/pt-pt\\\/terramoto-na-indonesia-proximidade-com-as-vitimas-e-a-forca-da-solidariedade\\\/\"]}]},{\"@type\":\"ImageObject\",\"inLanguage\":\"pt-PT\",\"@id\":\"https:\\\/\\\/spaziospadoni.org\\\/pt-pt\\\/terramoto-na-indonesia-proximidade-com-as-vitimas-e-a-forca-da-solidariedade\\\/#primaryimage\",\"url\":\"https:\\\/\\\/spaziospadoni.org\\\/wp-content\\\/uploads\\\/2026\\\/08\\\/terremoto-indonesia-solidarieta.webp\",\"contentUrl\":\"https:\\\/\\\/spaziospadoni.org\\\/wp-content\\\/uploads\\\/2026\\\/08\\\/terremoto-indonesia-solidarieta.webp\",\"width\":1192,\"height\":800,\"caption\":\"M\u00e3os estendidas entre escombros simbolizando ajuda humanit\u00e1ria, resgate e esperan\u00e7a ap\u00f3s o sismo na Indon\u00e9sia.\"},{\"@type\":\"BreadcrumbList\",\"@id\":\"https:\\\/\\\/spaziospadoni.org\\\/pt-pt\\\/terramoto-na-indonesia-proximidade-com-as-vitimas-e-a-forca-da-solidariedade\\\/#breadcrumb\",\"itemListElement\":[{\"@type\":\"ListItem\",\"position\":1,\"name\":\"Home\",\"item\":\"https:\\\/\\\/spaziospadoni.org\\\/pt-pt\\\/\"},{\"@type\":\"ListItem\",\"position\":2,\"name\":\"Terramoto na Indon\u00e9sia: proximidade com as v\u00edtimas e a for\u00e7a da solidariedade\"}]},{\"@type\":\"WebSite\",\"@id\":\"https:\\\/\\\/spaziospadoni.org\\\/pt-pt\\\/#website\",\"url\":\"https:\\\/\\\/spaziospadoni.org\\\/pt-pt\\\/\",\"name\":\"spazio + spadoni\",\"description\":\"Generazione di misericordia e missione nel mondo\",\"publisher\":{\"@id\":\"https:\\\/\\\/spaziospadoni.org\\\/pt-pt\\\/#organization\"},\"alternateName\":\"spaziospadoni.org\",\"potentialAction\":[{\"@type\":\"SearchAction\",\"target\":{\"@type\":\"EntryPoint\",\"urlTemplate\":\"https:\\\/\\\/spaziospadoni.org\\\/pt-pt\\\/?s={search_term_string}\"},\"query-input\":{\"@type\":\"PropertyValueSpecification\",\"valueRequired\":true,\"valueName\":\"search_term_string\"}}],\"inLanguage\":\"pt-PT\"},{\"@type\":\"Organization\",\"@id\":\"https:\\\/\\\/spaziospadoni.org\\\/pt-pt\\\/#organization\",\"name\":\"spazio + spadoni\",\"alternateName\":\"spaziospadoni.org\",\"url\":\"https:\\\/\\\/spaziospadoni.org\\\/pt-pt\\\/\",\"logo\":{\"@type\":\"ImageObject\",\"inLanguage\":\"pt-PT\",\"@id\":\"https:\\\/\\\/spaziospadoni.org\\\/pt-pt\\\/#\\\/schema\\\/logo\\\/image\\\/\",\"url\":\"https:\\\/\\\/spaziospadoni.org\\\/wp-content\\\/uploads\\\/2026\\\/05\\\/spazio-spadoni-logo-100x100-1.webp\",\"contentUrl\":\"https:\\\/\\\/spaziospadoni.org\\\/wp-content\\\/uploads\\\/2026\\\/05\\\/spazio-spadoni-logo-100x100-1.webp\",\"width\":100,\"height\":100,\"caption\":\"spazio + spadoni\"},\"image\":{\"@id\":\"https:\\\/\\\/spaziospadoni.org\\\/pt-pt\\\/#\\\/schema\\\/logo\\\/image\\\/\"},\"sameAs\":[\"https:\\\/\\\/www.facebook.com\\\/SpazioSpadoni\\\/\",\"https:\\\/\\\/www.instagram.com\\\/spaziospadoni\\\/\",\"https:\\\/\\\/www.youtube.com\\\/@spaziospadoni\\\/playlists\"]},{\"@type\":\"Person\",\"@id\":\"https:\\\/\\\/spaziospadoni.org\\\/pt-pt\\\/#\\\/schema\\\/person\\\/411d7e71b4962bebf7ac6c70acc9a7bc\",\"name\":\"Redazione\",\"image\":{\"@type\":\"ImageObject\",\"inLanguage\":\"pt-PT\",\"@id\":\"https:\\\/\\\/secure.gravatar.com\\\/avatar\\\/2ba413b4dca69409b680ae806ab0dce8a38d5d2cc2123a96af7bbbee33a5742e?s=96&d=mm&r=g\",\"url\":\"https:\\\/\\\/secure.gravatar.com\\\/avatar\\\/2ba413b4dca69409b680ae806ab0dce8a38d5d2cc2123a96af7bbbee33a5742e?s=96&d=mm&r=g\",\"contentUrl\":\"https:\\\/\\\/secure.gravatar.com\\\/avatar\\\/2ba413b4dca69409b680ae806ab0dce8a38d5d2cc2123a96af7bbbee33a5742e?s=96&d=mm&r=g\",\"caption\":\"Redazione\"},\"url\":\"https:\\\/\\\/spaziospadoni.org\\\/pt-pt\\\/author\\\/redazione\\\/\"}]}<\/script>\n<!-- \/ Yoast SEO plugin. -->","yoast_head_json":{"title":"Terramoto na Indon\u00e9sia: proximidade e solidariedade \u00e0s v\u00edtimas","description":"A mensagem do Papa pelo sismo na Indon\u00e9sia convida \u00e0 ora\u00e7\u00e3o, \u00e0 solidariedade e ao socorro concreto para com as pessoas desalojadas e feridas.","robots":{"index":"index","follow":"follow","max-snippet":"max-snippet:-1","max-image-preview":"max-image-preview:large","max-video-preview":"max-video-preview:-1"},"canonical":"https:\/\/spaziospadoni.org\/pt-pt\/terramoto-na-indonesia-proximidade-com-as-vitimas-e-a-forca-da-solidariedade\/","og_locale":"pt_PT","og_type":"article","og_title":"Terramoto na Indon\u00e9sia: proximidade e solidariedade \u00e0s v\u00edtimas","og_description":"A mensagem do Papa pelo sismo na Indon\u00e9sia convida \u00e0 ora\u00e7\u00e3o, \u00e0 solidariedade e ao socorro concreto para com as pessoas desalojadas e feridas.","og_url":"https:\/\/spaziospadoni.org\/pt-pt\/terramoto-na-indonesia-proximidade-com-as-vitimas-e-a-forca-da-solidariedade\/","og_site_name":"spazio + spadoni","article_publisher":"https:\/\/www.facebook.com\/SpazioSpadoni\/","article_published_time":"2026-08-17T16:00:00+00:00","article_modified_time":"2026-08-26T09:48:51+00:00","og_image":[{"width":1192,"height":800,"url":"https:\/\/spaziospadoni.org\/wp-content\/uploads\/2026\/08\/terremoto-indonesia-solidarieta.webp","type":"image\/webp"}],"author":"Redazione","twitter_card":"summary_large_image","twitter_misc":{"Escrito por":"Reda\u00e7\u00e3o","Est. reading time":"3 minutes"},"schema":{"@context":"https:\/\/schema.org","@graph":[{"@type":"Article","@id":"https:\/\/spaziospadoni.org\/pt-pt\/terramoto-na-indonesia-proximidade-com-as-vitimas-e-a-forca-da-solidariedade\/#article","isPartOf":{"@id":"https:\/\/spaziospadoni.org\/pt-pt\/terramoto-na-indonesia-proximidade-com-as-vitimas-e-a-forca-da-solidariedade\/"},"author":{"name":"Redazione","@id":"https:\/\/spaziospadoni.org\/pt-pt\/#\/schema\/person\/411d7e71b4962bebf7ac6c70acc9a7bc"},"headline":"Terramoto na Indon\u00e9sia: proximidade com as v\u00edtimas e a for\u00e7a da solidariedade","datePublished":"2026-08-17T16:00:00+00:00","dateModified":"2026-08-26T09:48:51+00:00","mainEntityOfPage":{"@id":"https:\/\/spaziospadoni.org\/pt-pt\/terramoto-na-indonesia-proximidade-com-as-vitimas-e-a-forca-da-solidariedade\/"},"wordCount":461,"publisher":{"@id":"https:\/\/spaziospadoni.org\/pt-pt\/#organization"},"image":{"@id":"https:\/\/spaziospadoni.org\/pt-pt\/terramoto-na-indonesia-proximidade-com-as-vitimas-e-a-forca-da-solidariedade\/#primaryimage"},"thumbnailUrl":"https:\/\/spaziospadoni.org\/wp-content\/uploads\/2026\/08\/terremoto-indonesia-solidarieta.webp","keywords":["Papa Le\u00e3o XIV","sismo"],"articleSection":["Not\u00edcias do mundo"],"inLanguage":"pt-PT"},{"@type":"WebPage","@id":"https:\/\/spaziospadoni.org\/pt-pt\/terramoto-na-indonesia-proximidade-com-as-vitimas-e-a-forca-da-solidariedade\/","url":"https:\/\/spaziospadoni.org\/pt-pt\/terramoto-na-indonesia-proximidade-com-as-vitimas-e-a-forca-da-solidariedade\/","name":"Terramoto na Indon\u00e9sia: proximidade e solidariedade \u00e0s v\u00edtimas","isPartOf":{"@id":"https:\/\/spaziospadoni.org\/pt-pt\/#website"},"primaryImageOfPage":{"@id":"https:\/\/spaziospadoni.org\/pt-pt\/terramoto-na-indonesia-proximidade-com-as-vitimas-e-a-forca-da-solidariedade\/#primaryimage"},"image":{"@id":"https:\/\/spaziospadoni.org\/pt-pt\/terramoto-na-indonesia-proximidade-com-as-vitimas-e-a-forca-da-solidariedade\/#primaryimage"},"thumbnailUrl":"https:\/\/spaziospadoni.org\/wp-content\/uploads\/2026\/08\/terremoto-indonesia-solidarieta.webp","datePublished":"2026-08-17T16:00:00+00:00","dateModified":"2026-08-26T09:48:51+00:00","description":"A mensagem do Papa pelo sismo na Indon\u00e9sia convida \u00e0 ora\u00e7\u00e3o, \u00e0 solidariedade e ao socorro concreto para com as pessoas desalojadas e feridas.","breadcrumb":{"@id":"https:\/\/spaziospadoni.org\/pt-pt\/terramoto-na-indonesia-proximidade-com-as-vitimas-e-a-forca-da-solidariedade\/#breadcrumb"},"inLanguage":"pt-PT","potentialAction":[{"@type":"ReadAction","target":["https:\/\/spaziospadoni.org\/pt-pt\/terramoto-na-indonesia-proximidade-com-as-vitimas-e-a-forca-da-solidariedade\/"]}]},{"@type":"ImageObject","inLanguage":"pt-PT","@id":"https:\/\/spaziospadoni.org\/pt-pt\/terramoto-na-indonesia-proximidade-com-as-vitimas-e-a-forca-da-solidariedade\/#primaryimage","url":"https:\/\/spaziospadoni.org\/wp-content\/uploads\/2026\/08\/terremoto-indonesia-solidarieta.webp","contentUrl":"https:\/\/spaziospadoni.org\/wp-content\/uploads\/2026\/08\/terremoto-indonesia-solidarieta.webp","width":1192,"height":800,"caption":"M\u00e3os estendidas entre escombros simbolizando ajuda humanit\u00e1ria, resgate e esperan\u00e7a ap\u00f3s o sismo na Indon\u00e9sia."},{"@type":"BreadcrumbList","@id":"https:\/\/spaziospadoni.org\/pt-pt\/terramoto-na-indonesia-proximidade-com-as-vitimas-e-a-forca-da-solidariedade\/#breadcrumb","itemListElement":[{"@type":"ListItem","position":1,"name":"Home","item":"https:\/\/spaziospadoni.org\/pt-pt\/"},{"@type":"ListItem","position":2,"name":"Terramoto na Indon\u00e9sia: proximidade com as v\u00edtimas e a for\u00e7a da solidariedade"}]},{"@type":"WebSite","@id":"https:\/\/spaziospadoni.org\/pt-pt\/#website","url":"https:\/\/spaziospadoni.org\/pt-pt\/","name":"spazio + spadoni","description":"Generazione di misericordia e missione nel mondo","publisher":{"@id":"https:\/\/spaziospadoni.org\/pt-pt\/#organization"},"alternateName":"spaziospadoni.org","potentialAction":[{"@type":"SearchAction","target":{"@type":"EntryPoint","urlTemplate":"https:\/\/spaziospadoni.org\/pt-pt\/?s={search_term_string}"},"query-input":{"@type":"PropertyValueSpecification","valueRequired":true,"valueName":"search_term_string"}}],"inLanguage":"pt-PT"},{"@type":"Organization","@id":"https:\/\/spaziospadoni.org\/pt-pt\/#organization","name":"spazio + spadoni","alternateName":"spaziospadoni.org","url":"https:\/\/spaziospadoni.org\/pt-pt\/","logo":{"@type":"ImageObject","inLanguage":"pt-PT","@id":"https:\/\/spaziospadoni.org\/pt-pt\/#\/schema\/logo\/image\/","url":"https:\/\/spaziospadoni.org\/wp-content\/uploads\/2026\/05\/spazio-spadoni-logo-100x100-1.webp","contentUrl":"https:\/\/spaziospadoni.org\/wp-content\/uploads\/2026\/05\/spazio-spadoni-logo-100x100-1.webp","width":100,"height":100,"caption":"spazio + spadoni"},"image":{"@id":"https:\/\/spaziospadoni.org\/pt-pt\/#\/schema\/logo\/image\/"},"sameAs":["https:\/\/www.facebook.com\/SpazioSpadoni\/","https:\/\/www.instagram.com\/spaziospadoni\/","https:\/\/www.youtube.com\/@spaziospadoni\/playlists"]},{"@type":"Person","@id":"https:\/\/spaziospadoni.org\/pt-pt\/#\/schema\/person\/411d7e71b4962bebf7ac6c70acc9a7bc","name":"Redazione","image":{"@type":"ImageObject","inLanguage":"pt-PT","@id":"https:\/\/secure.gravatar.com\/avatar\/2ba413b4dca69409b680ae806ab0dce8a38d5d2cc2123a96af7bbbee33a5742e?s=96&d=mm&r=g","url":"https:\/\/secure.gravatar.com\/avatar\/2ba413b4dca69409b680ae806ab0dce8a38d5d2cc2123a96af7bbbee33a5742e?s=96&d=mm&r=g","contentUrl":"https:\/\/secure.gravatar.com\/avatar\/2ba413b4dca69409b680ae806ab0dce8a38d5d2cc2123a96af7bbbee33a5742e?s=96&d=mm&r=g","caption":"Redazione"},"url":"https:\/\/spaziospadoni.org\/pt-pt\/author\/redazione\/"}]}},"_links":{"self":[{"href":"https:\/\/spaziospadoni.org\/pt-pt\/wp-json\/wp\/v2\/posts\/90454","targetHints":{"allow":["GET"]}}],"collection":[{"href":"https:\/\/spaziospadoni.org\/pt-pt\/wp-json\/wp\/v2\/posts"}],"about":[{"href":"https:\/\/spaziospadoni.org\/pt-pt\/wp-json\/wp\/v2\/types\/post"}],"author":[{"embeddable":true,"href":"https:\/\/spaziospadoni.org\/pt-pt\/wp-json\/wp\/v2\/users\/39"}],"replies":[{"embeddable":true,"href":"https:\/\/spaziospadoni.org\/pt-pt\/wp-json\/wp\/v2\/comments?post=90454"}],"version-history":[{"count":1,"href":"https:\/\/spaziospadoni.org\/pt-pt\/wp-json\/wp\/v2\/posts\/90454\/revisions"}],"predecessor-version":[{"id":90455,"href":"https:\/\/spaziospadoni.org\/pt-pt\/wp-json\/wp\/v2\/posts\/90454\/revisions\/90455"}],"wp:featuredmedia":[{"embeddable":true,"href":"https:\/\/spaziospadoni.org\/pt-pt\/wp-json\/wp\/v2\/media\/90453"}],"wp:attachment":[{"href":"https:\/\/spaziospadoni.org\/pt-pt\/wp-json\/wp\/v2\/media?parent=90454"}],"wp:term":[{"taxonomy":"category","embeddable":true,"href":"https:\/\/spaziospadoni.org\/pt-pt\/wp-json\/wp\/v2\/categories?post=90454"},{"taxonomy":"post_tag","embeddable":true,"href":"https:\/\/spaziospadoni.org\/pt-pt\/wp-json\/wp\/v2\/tags?post=90454"}],"curies":[{"name":"wp","href":"https:\/\/api.w.org\/{rel}","templated":true}]}}