{"id":90466,"date":"2026-08-17T13:00:00","date_gmt":"2026-08-17T12:00:00","guid":{"rendered":"https:\/\/spaziospadoni.org\/?p=90466"},"modified":"2026-08-18T14:11:28","modified_gmt":"2026-08-18T13:11:28","slug":"europa-italia-a-casa-natal-de-sao-daniel-comboni-em-limone-sul-garda","status":"publish","type":"post","link":"https:\/\/spaziospadoni.org\/pt-pt\/europa-italia-a-casa-natal-de-sao-daniel-comboni-em-limone-sul-garda\/","title":{"rendered":"Europa, It\u00e1lia | A casa natal de S\u00e3o Daniel Comboni em Limone sul Garda"},"content":{"rendered":"\n<p class=\"wp-block-paragraph\">Encravada na pitoresca localidade de Tes\u00f6l (nome que recorda as redes estendidas para a ca\u00e7a) em Limone sul Garda (BS), a casa natal de S\u00e3o Daniel Comboni n\u00e3o \u00e9 apenas um museu, mas o cora\u00e7\u00e3o pulsante de uma miss\u00e3o que continua a falar ao mundo. Aqui, entre as paredes inseridas em um hist\u00f3rico pomar de lim\u00f5es do s\u00e9culo XVIII, \u00e9 poss\u00edvel percorrer os primeiros passos do &#8220;Bispo da \u00c1frica Central&#8221;, cujos pais, Luigi e Domenica Pace, foram guardi\u00f5es destas terras.<\/p>\n\n\n\n<h2 id=\"da-igreja-de-san-benedetto-a-casa-natal\" class=\"wp-block-heading\">Da Igreja de San Benedetto \u00e0 casa natal<\/h2>\n\n\n\n<p class=\"wp-block-paragraph\">A visita sob os passos de S. Comboni deve, contudo, come\u00e7ar idealmente na Igreja de San Benedetto, no centro de Limone sul Garda, onde os pais de Daniel se casaram em 1826 e onde o futuro Santo recebeu o batismo, \u00fanico sobrevivente de oito irm\u00e3os.<\/p>\n\n\n\n<p class=\"wp-block-paragraph\">Ao chegar \u00e0 sua casa, entra-se no cerne de sua inf\u00e2ncia: os interiores, como a cozinha e o quarto natal, conservam o sabor de uma simplicidade evang\u00e9lica que forjou seu esp\u00edrito de abnega\u00e7\u00e3o.<\/p>\n\n\n\n<h2 id=\"a-capela-o-museu-e-a-vocacao-missionaria\" class=\"wp-block-heading\">A capela, o museu e a voca\u00e7\u00e3o mission\u00e1ria<\/h2>\n\n\n\n<p class=\"wp-block-paragraph\">Ao lado encontramos a humilde capela constru\u00edda no antigo dep\u00f3sito de lenha, com um tabern\u00e1culo em forma de cabana africana e um grande crucifixo de madeira de oliveira.<\/p>\n\n\n\n<p class=\"wp-block-paragraph\">Em um espa\u00e7o adicional, criado na casa, denominado &#8220;Museu das Curiosidades&#8221;, \u00e9 poss\u00edvel admirar numerosos objetos recolhidos por Comboni e pelos mission\u00e1rios combonianos durante suas miss\u00f5es na \u00c1frica.<\/p>\n\n\n\n<p class=\"wp-block-paragraph\">Nascido em 1831, Daniel amadureceu sua voca\u00e7\u00e3o muito jovem, jurando em 1849 consagrar toda a sua vida \u00e0s miss\u00f5es africanas. Seu &#8220;Plano para a regenera\u00e7\u00e3o da \u00c1frica&#8221;, nascido de uma inspira\u00e7\u00e3o diante do t\u00famulo de S\u00e3o Pedro, baseava-se na f\u00f3rmula revolucion\u00e1ria: &#8220;Salvar a \u00c1frica com a \u00c1frica&#8221;, tornando os povos locais protagonistas de sua pr\u00f3pria evangeliza\u00e7\u00e3o e promo\u00e7\u00e3o humana.<\/p>\n\n\n\n<h2 id=\"o-plano-para-a-regeneracao-da-africa-e-o-seu-legado\" class=\"wp-block-heading\">O Plano para a regenera\u00e7\u00e3o da \u00c1frica e o seu legado<\/h2>\n\n\n\n<p class=\"wp-block-paragraph\">Apesar dos cansa\u00e7os exaustivos, das febres mal\u00e1ricas e da perda de muitos companheiros, Comboni nunca se rendeu ao lema &#8220;ou Nigr\u00edcia ou morte&#8221;. Fundou em Verona os institutos dos Mission\u00e1rios Combonianos (MCCJ) e das Pie M\u00e3es da Nigr\u00edcia (SMC), que hoje levam adiante o seu carisma em dezenas de na\u00e7\u00f5es. Nomeado primeiro Bispo de Cartum, morreu ali mesmo, em 10 de outubro de 1881, exausto pelo trabalho e pelas doen\u00e7as, repetindo: \u00abEu morro, mas a obra n\u00e3o morrer\u00e1\u00bb.<\/p>\n\n\n\n<p class=\"wp-block-paragraph\">Hoje, a casa de Limone, cuidada pelos mission\u00e1rios desde 1968, permanece uma &#8220;casa aberta ao mundo&#8221; e um o\u00e1sis de reflex\u00e3o onde s\u00e3o organizados servi\u00e7os de hospitalidade para peregrinos.<\/p>\n\n\n\n<p class=\"wp-block-paragraph\"><strong>Todas as fotografias foram tiradas pela autora no dia 21 de julho de 2026 sob licen\u00e7a CC BY-SA.<\/strong><\/p>\n\n\n\n<p class=\"wp-block-paragraph\"><\/p>\n","protected":false},"excerpt":{"rendered":"<p>Encravada na pitoresca localidade de Tes\u00f6l (nome que recorda as redes estendidas para a ca\u00e7a) em Limone sul Garda (BS), a casa natal de S\u00e3o Daniel Comboni n\u00e3o \u00e9 apenas um museu, mas o cora\u00e7\u00e3o pulsante de uma miss\u00e3o que continua a falar ao mundo. Aqui, entre as paredes inseridas em um hist\u00f3rico pomar de &#8230; <a title=\"Europa, It\u00e1lia | A casa natal de S\u00e3o Daniel Comboni em Limone sul Garda\" class=\"read-more\" href=\"https:\/\/spaziospadoni.org\/pt-pt\/europa-italia-a-casa-natal-de-sao-daniel-comboni-em-limone-sul-garda\/\" aria-label=\"Read more about Europa, It\u00e1lia | A casa natal de S\u00e3o Daniel Comboni em Limone sul Garda\">Ler mais<\/a><\/p>\n","protected":false},"author":7,"featured_media":90465,"comment_status":"closed","ping_status":"closed","sticky":false,"template":"","format":"standard","meta":{"_sitemap_exclude":false,"_sitemap_priority":"","_sitemap_frequency":"","ss_featured_image_title":"","ss_featured_image_alt":"O Museu de S\u00e3o Daniel Comboni","ss_featured_image_caption":"A casa natal de S\u00e3o Daniel Comboni em Limone sul Garda, na prov\u00edncia de Brescia. Museu e \u201ccasa aberta ao mundo\u201d.","footnotes":""},"categories":[2306],"tags":[2599,4974],"class_list":["post-90466","post","type-post","status-publish","format-standard","has-post-thumbnail","hentry","category-a-igreja-que-inspira","tag-africa","tag-missionarios-combonianos","infinite-scroll-item","generate-columns","tablet-grid-50","mobile-grid-100","grid-parent","grid-50"],"yoast_head":"<!-- This site is optimized with the Yoast SEO plugin v28.4 - https:\/\/yoast.com\/product\/yoast-seo-wordpress\/ -->\n<title>Europa, It\u00e1lia | Casa natal de S\u00e3o Daniel Comboni<\/title>\n<meta name=\"description\" content=\"Descubra a casa natal de S\u00e3o Daniel Comboni em Limone sul Garda, um lugar de hist\u00f3ria, f\u00e9 e voca\u00e7\u00e3o mission\u00e1ria para a \u00c1frica.\" \/>\n<meta name=\"robots\" content=\"index, follow, max-snippet:-1, max-image-preview:large, max-video-preview:-1\" \/>\n<link rel=\"canonical\" href=\"https:\/\/spaziospadoni.org\/pt-pt\/europa-italia-a-casa-natal-de-sao-daniel-comboni-em-limone-sul-garda\/\" \/>\n<meta property=\"og:locale\" content=\"pt_PT\" \/>\n<meta property=\"og:type\" content=\"article\" \/>\n<meta property=\"og:title\" content=\"Europa, It\u00e1lia | Casa natal de S\u00e3o Daniel Comboni\" \/>\n<meta property=\"og:description\" content=\"Descubra a casa natal de S\u00e3o Daniel Comboni em Limone sul Garda, um lugar de hist\u00f3ria, f\u00e9 e voca\u00e7\u00e3o mission\u00e1ria para a \u00c1frica.\" \/>\n<meta property=\"og:url\" content=\"https:\/\/spaziospadoni.org\/pt-pt\/europa-italia-a-casa-natal-de-sao-daniel-comboni-em-limone-sul-garda\/\" \/>\n<meta property=\"og:site_name\" content=\"spazio + spadoni\" \/>\n<meta property=\"article:publisher\" content=\"https:\/\/www.facebook.com\/SpazioSpadoni\/\" \/>\n<meta property=\"article:published_time\" content=\"2026-08-17T12:00:00+00:00\" \/>\n<meta property=\"article:modified_time\" content=\"2026-08-18T13:11:28+00:00\" \/>\n<meta property=\"og:image\" content=\"https:\/\/spaziospadoni.org\/wp-content\/uploads\/2026\/08\/museo-daniele-comboni.webp\" \/>\n\t<meta property=\"og:image:width\" content=\"1200\" \/>\n\t<meta property=\"og:image:height\" content=\"800\" \/>\n\t<meta property=\"og:image:type\" content=\"image\/webp\" \/>\n<meta name=\"author\" content=\"Loredana Brigante\" \/>\n<meta name=\"twitter:card\" content=\"summary_large_image\" \/>\n<meta name=\"twitter:label1\" content=\"Escrito por\" \/>\n\t<meta name=\"twitter:data1\" content=\"Loredana Brigante\" \/>\n\t<meta name=\"twitter:label2\" content=\"Est. reading time\" \/>\n\t<meta name=\"twitter:data2\" content=\"3 minutes\" \/>\n<script type=\"application\/ld+json\" class=\"yoast-schema-graph\">{\"@context\":\"https:\\\/\\\/schema.org\",\"@graph\":[{\"@type\":\"Article\",\"@id\":\"https:\\\/\\\/spaziospadoni.org\\\/pt-pt\\\/europa-italia-a-casa-natal-de-sao-daniel-comboni-em-limone-sul-garda\\\/#article\",\"isPartOf\":{\"@id\":\"https:\\\/\\\/spaziospadoni.org\\\/pt-pt\\\/europa-italia-a-casa-natal-de-sao-daniel-comboni-em-limone-sul-garda\\\/\"},\"author\":{\"name\":\"Loredana Brigante\",\"@id\":\"https:\\\/\\\/spaziospadoni.org\\\/pt-pt\\\/#\\\/schema\\\/person\\\/5d042eaa69d726f0c03c3698f2f880c0\"},\"headline\":\"Europa, It\u00e1lia | A casa natal de S\u00e3o Daniel Comboni em Limone sul Garda\",\"datePublished\":\"2026-08-17T12:00:00+00:00\",\"dateModified\":\"2026-08-18T13:11:28+00:00\",\"mainEntityOfPage\":{\"@id\":\"https:\\\/\\\/spaziospadoni.org\\\/pt-pt\\\/europa-italia-a-casa-natal-de-sao-daniel-comboni-em-limone-sul-garda\\\/\"},\"wordCount\":480,\"publisher\":{\"@id\":\"https:\\\/\\\/spaziospadoni.org\\\/pt-pt\\\/#organization\"},\"image\":{\"@id\":\"https:\\\/\\\/spaziospadoni.org\\\/pt-pt\\\/europa-italia-a-casa-natal-de-sao-daniel-comboni-em-limone-sul-garda\\\/#primaryimage\"},\"thumbnailUrl\":\"https:\\\/\\\/spaziospadoni.org\\\/wp-content\\\/uploads\\\/2026\\\/08\\\/museo-daniele-comboni.webp\",\"keywords\":[\"\u00c1frica\",\"Mission\u00e1rios Combonianos\"],\"articleSection\":[\"A Igreja que inspira\"],\"inLanguage\":\"pt-PT\"},{\"@type\":\"WebPage\",\"@id\":\"https:\\\/\\\/spaziospadoni.org\\\/pt-pt\\\/europa-italia-a-casa-natal-de-sao-daniel-comboni-em-limone-sul-garda\\\/\",\"url\":\"https:\\\/\\\/spaziospadoni.org\\\/pt-pt\\\/europa-italia-a-casa-natal-de-sao-daniel-comboni-em-limone-sul-garda\\\/\",\"name\":\"Europa, It\u00e1lia | Casa natal de S\u00e3o Daniel Comboni\",\"isPartOf\":{\"@id\":\"https:\\\/\\\/spaziospadoni.org\\\/pt-pt\\\/#website\"},\"primaryImageOfPage\":{\"@id\":\"https:\\\/\\\/spaziospadoni.org\\\/pt-pt\\\/europa-italia-a-casa-natal-de-sao-daniel-comboni-em-limone-sul-garda\\\/#primaryimage\"},\"image\":{\"@id\":\"https:\\\/\\\/spaziospadoni.org\\\/pt-pt\\\/europa-italia-a-casa-natal-de-sao-daniel-comboni-em-limone-sul-garda\\\/#primaryimage\"},\"thumbnailUrl\":\"https:\\\/\\\/spaziospadoni.org\\\/wp-content\\\/uploads\\\/2026\\\/08\\\/museo-daniele-comboni.webp\",\"datePublished\":\"2026-08-17T12:00:00+00:00\",\"dateModified\":\"2026-08-18T13:11:28+00:00\",\"description\":\"Descubra a casa natal de S\u00e3o Daniel Comboni em Limone sul Garda, um lugar de hist\u00f3ria, f\u00e9 e voca\u00e7\u00e3o mission\u00e1ria para a \u00c1frica.\",\"breadcrumb\":{\"@id\":\"https:\\\/\\\/spaziospadoni.org\\\/pt-pt\\\/europa-italia-a-casa-natal-de-sao-daniel-comboni-em-limone-sul-garda\\\/#breadcrumb\"},\"inLanguage\":\"pt-PT\",\"potentialAction\":[{\"@type\":\"ReadAction\",\"target\":[\"https:\\\/\\\/spaziospadoni.org\\\/pt-pt\\\/europa-italia-a-casa-natal-de-sao-daniel-comboni-em-limone-sul-garda\\\/\"]}]},{\"@type\":\"ImageObject\",\"inLanguage\":\"pt-PT\",\"@id\":\"https:\\\/\\\/spaziospadoni.org\\\/pt-pt\\\/europa-italia-a-casa-natal-de-sao-daniel-comboni-em-limone-sul-garda\\\/#primaryimage\",\"url\":\"https:\\\/\\\/spaziospadoni.org\\\/wp-content\\\/uploads\\\/2026\\\/08\\\/museo-daniele-comboni.webp\",\"contentUrl\":\"https:\\\/\\\/spaziospadoni.org\\\/wp-content\\\/uploads\\\/2026\\\/08\\\/museo-daniele-comboni.webp\",\"width\":1200,\"height\":800,\"caption\":\"A casa natal de S\u00e3o Daniel Comboni em Limone sul Garda, na prov\u00edncia de Brescia. Museu e \u201ccasa aberta ao mundo\u201d.\"},{\"@type\":\"BreadcrumbList\",\"@id\":\"https:\\\/\\\/spaziospadoni.org\\\/pt-pt\\\/europa-italia-a-casa-natal-de-sao-daniel-comboni-em-limone-sul-garda\\\/#breadcrumb\",\"itemListElement\":[{\"@type\":\"ListItem\",\"position\":1,\"name\":\"Home\",\"item\":\"https:\\\/\\\/spaziospadoni.org\\\/pt-pt\\\/\"},{\"@type\":\"ListItem\",\"position\":2,\"name\":\"Europa, It\u00e1lia | A casa natal de S\u00e3o Daniel Comboni em Limone sul Garda\"}]},{\"@type\":\"WebSite\",\"@id\":\"https:\\\/\\\/spaziospadoni.org\\\/pt-pt\\\/#website\",\"url\":\"https:\\\/\\\/spaziospadoni.org\\\/pt-pt\\\/\",\"name\":\"spazio + spadoni\",\"description\":\"Generazione di misericordia e missione nel mondo\",\"publisher\":{\"@id\":\"https:\\\/\\\/spaziospadoni.org\\\/pt-pt\\\/#organization\"},\"alternateName\":\"spaziospadoni.org\",\"potentialAction\":[{\"@type\":\"SearchAction\",\"target\":{\"@type\":\"EntryPoint\",\"urlTemplate\":\"https:\\\/\\\/spaziospadoni.org\\\/pt-pt\\\/?s={search_term_string}\"},\"query-input\":{\"@type\":\"PropertyValueSpecification\",\"valueRequired\":true,\"valueName\":\"search_term_string\"}}],\"inLanguage\":\"pt-PT\"},{\"@type\":\"Organization\",\"@id\":\"https:\\\/\\\/spaziospadoni.org\\\/pt-pt\\\/#organization\",\"name\":\"spazio + spadoni\",\"alternateName\":\"spaziospadoni.org\",\"url\":\"https:\\\/\\\/spaziospadoni.org\\\/pt-pt\\\/\",\"logo\":{\"@type\":\"ImageObject\",\"inLanguage\":\"pt-PT\",\"@id\":\"https:\\\/\\\/spaziospadoni.org\\\/pt-pt\\\/#\\\/schema\\\/logo\\\/image\\\/\",\"url\":\"https:\\\/\\\/spaziospadoni.org\\\/wp-content\\\/uploads\\\/2026\\\/05\\\/spazio-spadoni-logo-100x100-1.webp\",\"contentUrl\":\"https:\\\/\\\/spaziospadoni.org\\\/wp-content\\\/uploads\\\/2026\\\/05\\\/spazio-spadoni-logo-100x100-1.webp\",\"width\":100,\"height\":100,\"caption\":\"spazio + spadoni\"},\"image\":{\"@id\":\"https:\\\/\\\/spaziospadoni.org\\\/pt-pt\\\/#\\\/schema\\\/logo\\\/image\\\/\"},\"sameAs\":[\"https:\\\/\\\/www.facebook.com\\\/SpazioSpadoni\\\/\",\"https:\\\/\\\/www.instagram.com\\\/spaziospadoni\\\/\",\"https:\\\/\\\/www.youtube.com\\\/@spaziospadoni\\\/playlists\"]},{\"@type\":\"Person\",\"@id\":\"https:\\\/\\\/spaziospadoni.org\\\/pt-pt\\\/#\\\/schema\\\/person\\\/5d042eaa69d726f0c03c3698f2f880c0\",\"name\":\"Loredana Brigante\",\"image\":{\"@type\":\"ImageObject\",\"inLanguage\":\"pt-PT\",\"@id\":\"https:\\\/\\\/secure.gravatar.com\\\/avatar\\\/ce1837a2d56dc272a3652369a6740cf43d588eaf99e2e5680a1cb57eebd4b7ca?s=96&d=mm&r=g\",\"url\":\"https:\\\/\\\/secure.gravatar.com\\\/avatar\\\/ce1837a2d56dc272a3652369a6740cf43d588eaf99e2e5680a1cb57eebd4b7ca?s=96&d=mm&r=g\",\"contentUrl\":\"https:\\\/\\\/secure.gravatar.com\\\/avatar\\\/ce1837a2d56dc272a3652369a6740cf43d588eaf99e2e5680a1cb57eebd4b7ca?s=96&d=mm&r=g\",\"caption\":\"Loredana Brigante\"},\"description\":\"Nascida em 1976, \u00e9 jornalista freelancer e apaixonada pelo mundo mission\u00e1rio. Natural do Salento, vive em Palermo desde 2007 com Rino e as filhas, Greta e Gaia. Entre 2000 e 2003, foi secret\u00e1ria nacional do Movimento Giovanile Missionario delle Pontificie Opere Missionarie, em Roma, e integra a equipa nacional de Missio Ragazzi. Atualmente, colabora com a revista \u201cPopoli e Missione\u201d da Fondazione Missio e com spazio + spadoni.\",\"url\":\"https:\\\/\\\/spaziospadoni.org\\\/pt-pt\\\/author\\\/brigante_mission\\\/\"}]}<\/script>\n<!-- \/ Yoast SEO plugin. -->","yoast_head_json":{"title":"Europa, It\u00e1lia | Casa natal de S\u00e3o Daniel Comboni","description":"Descubra a casa natal de S\u00e3o Daniel Comboni em Limone sul Garda, um lugar de hist\u00f3ria, f\u00e9 e voca\u00e7\u00e3o mission\u00e1ria para a \u00c1frica.","robots":{"index":"index","follow":"follow","max-snippet":"max-snippet:-1","max-image-preview":"max-image-preview:large","max-video-preview":"max-video-preview:-1"},"canonical":"https:\/\/spaziospadoni.org\/pt-pt\/europa-italia-a-casa-natal-de-sao-daniel-comboni-em-limone-sul-garda\/","og_locale":"pt_PT","og_type":"article","og_title":"Europa, It\u00e1lia | Casa natal de S\u00e3o Daniel Comboni","og_description":"Descubra a casa natal de S\u00e3o Daniel Comboni em Limone sul Garda, um lugar de hist\u00f3ria, f\u00e9 e voca\u00e7\u00e3o mission\u00e1ria para a \u00c1frica.","og_url":"https:\/\/spaziospadoni.org\/pt-pt\/europa-italia-a-casa-natal-de-sao-daniel-comboni-em-limone-sul-garda\/","og_site_name":"spazio + spadoni","article_publisher":"https:\/\/www.facebook.com\/SpazioSpadoni\/","article_published_time":"2026-08-17T12:00:00+00:00","article_modified_time":"2026-08-18T13:11:28+00:00","og_image":[{"width":1200,"height":800,"url":"https:\/\/spaziospadoni.org\/wp-content\/uploads\/2026\/08\/museo-daniele-comboni.webp","type":"image\/webp"}],"author":"Loredana Brigante","twitter_card":"summary_large_image","twitter_misc":{"Escrito por":"Loredana Brigante","Est. reading time":"3 minutes"},"schema":{"@context":"https:\/\/schema.org","@graph":[{"@type":"Article","@id":"https:\/\/spaziospadoni.org\/pt-pt\/europa-italia-a-casa-natal-de-sao-daniel-comboni-em-limone-sul-garda\/#article","isPartOf":{"@id":"https:\/\/spaziospadoni.org\/pt-pt\/europa-italia-a-casa-natal-de-sao-daniel-comboni-em-limone-sul-garda\/"},"author":{"name":"Loredana Brigante","@id":"https:\/\/spaziospadoni.org\/pt-pt\/#\/schema\/person\/5d042eaa69d726f0c03c3698f2f880c0"},"headline":"Europa, It\u00e1lia | A casa natal de S\u00e3o Daniel Comboni em Limone sul Garda","datePublished":"2026-08-17T12:00:00+00:00","dateModified":"2026-08-18T13:11:28+00:00","mainEntityOfPage":{"@id":"https:\/\/spaziospadoni.org\/pt-pt\/europa-italia-a-casa-natal-de-sao-daniel-comboni-em-limone-sul-garda\/"},"wordCount":480,"publisher":{"@id":"https:\/\/spaziospadoni.org\/pt-pt\/#organization"},"image":{"@id":"https:\/\/spaziospadoni.org\/pt-pt\/europa-italia-a-casa-natal-de-sao-daniel-comboni-em-limone-sul-garda\/#primaryimage"},"thumbnailUrl":"https:\/\/spaziospadoni.org\/wp-content\/uploads\/2026\/08\/museo-daniele-comboni.webp","keywords":["\u00c1frica","Mission\u00e1rios Combonianos"],"articleSection":["A Igreja que inspira"],"inLanguage":"pt-PT"},{"@type":"WebPage","@id":"https:\/\/spaziospadoni.org\/pt-pt\/europa-italia-a-casa-natal-de-sao-daniel-comboni-em-limone-sul-garda\/","url":"https:\/\/spaziospadoni.org\/pt-pt\/europa-italia-a-casa-natal-de-sao-daniel-comboni-em-limone-sul-garda\/","name":"Europa, It\u00e1lia | Casa natal de S\u00e3o Daniel Comboni","isPartOf":{"@id":"https:\/\/spaziospadoni.org\/pt-pt\/#website"},"primaryImageOfPage":{"@id":"https:\/\/spaziospadoni.org\/pt-pt\/europa-italia-a-casa-natal-de-sao-daniel-comboni-em-limone-sul-garda\/#primaryimage"},"image":{"@id":"https:\/\/spaziospadoni.org\/pt-pt\/europa-italia-a-casa-natal-de-sao-daniel-comboni-em-limone-sul-garda\/#primaryimage"},"thumbnailUrl":"https:\/\/spaziospadoni.org\/wp-content\/uploads\/2026\/08\/museo-daniele-comboni.webp","datePublished":"2026-08-17T12:00:00+00:00","dateModified":"2026-08-18T13:11:28+00:00","description":"Descubra a casa natal de S\u00e3o Daniel Comboni em Limone sul Garda, um lugar de hist\u00f3ria, f\u00e9 e voca\u00e7\u00e3o mission\u00e1ria para a \u00c1frica.","breadcrumb":{"@id":"https:\/\/spaziospadoni.org\/pt-pt\/europa-italia-a-casa-natal-de-sao-daniel-comboni-em-limone-sul-garda\/#breadcrumb"},"inLanguage":"pt-PT","potentialAction":[{"@type":"ReadAction","target":["https:\/\/spaziospadoni.org\/pt-pt\/europa-italia-a-casa-natal-de-sao-daniel-comboni-em-limone-sul-garda\/"]}]},{"@type":"ImageObject","inLanguage":"pt-PT","@id":"https:\/\/spaziospadoni.org\/pt-pt\/europa-italia-a-casa-natal-de-sao-daniel-comboni-em-limone-sul-garda\/#primaryimage","url":"https:\/\/spaziospadoni.org\/wp-content\/uploads\/2026\/08\/museo-daniele-comboni.webp","contentUrl":"https:\/\/spaziospadoni.org\/wp-content\/uploads\/2026\/08\/museo-daniele-comboni.webp","width":1200,"height":800,"caption":"A casa natal de S\u00e3o Daniel Comboni em Limone sul Garda, na prov\u00edncia de Brescia. Museu e \u201ccasa aberta ao mundo\u201d."},{"@type":"BreadcrumbList","@id":"https:\/\/spaziospadoni.org\/pt-pt\/europa-italia-a-casa-natal-de-sao-daniel-comboni-em-limone-sul-garda\/#breadcrumb","itemListElement":[{"@type":"ListItem","position":1,"name":"Home","item":"https:\/\/spaziospadoni.org\/pt-pt\/"},{"@type":"ListItem","position":2,"name":"Europa, It\u00e1lia | A casa natal de S\u00e3o Daniel Comboni em Limone sul Garda"}]},{"@type":"WebSite","@id":"https:\/\/spaziospadoni.org\/pt-pt\/#website","url":"https:\/\/spaziospadoni.org\/pt-pt\/","name":"spazio + spadoni","description":"Generazione di misericordia e missione nel mondo","publisher":{"@id":"https:\/\/spaziospadoni.org\/pt-pt\/#organization"},"alternateName":"spaziospadoni.org","potentialAction":[{"@type":"SearchAction","target":{"@type":"EntryPoint","urlTemplate":"https:\/\/spaziospadoni.org\/pt-pt\/?s={search_term_string}"},"query-input":{"@type":"PropertyValueSpecification","valueRequired":true,"valueName":"search_term_string"}}],"inLanguage":"pt-PT"},{"@type":"Organization","@id":"https:\/\/spaziospadoni.org\/pt-pt\/#organization","name":"spazio + spadoni","alternateName":"spaziospadoni.org","url":"https:\/\/spaziospadoni.org\/pt-pt\/","logo":{"@type":"ImageObject","inLanguage":"pt-PT","@id":"https:\/\/spaziospadoni.org\/pt-pt\/#\/schema\/logo\/image\/","url":"https:\/\/spaziospadoni.org\/wp-content\/uploads\/2026\/05\/spazio-spadoni-logo-100x100-1.webp","contentUrl":"https:\/\/spaziospadoni.org\/wp-content\/uploads\/2026\/05\/spazio-spadoni-logo-100x100-1.webp","width":100,"height":100,"caption":"spazio + spadoni"},"image":{"@id":"https:\/\/spaziospadoni.org\/pt-pt\/#\/schema\/logo\/image\/"},"sameAs":["https:\/\/www.facebook.com\/SpazioSpadoni\/","https:\/\/www.instagram.com\/spaziospadoni\/","https:\/\/www.youtube.com\/@spaziospadoni\/playlists"]},{"@type":"Person","@id":"https:\/\/spaziospadoni.org\/pt-pt\/#\/schema\/person\/5d042eaa69d726f0c03c3698f2f880c0","name":"Loredana Brigante","image":{"@type":"ImageObject","inLanguage":"pt-PT","@id":"https:\/\/secure.gravatar.com\/avatar\/ce1837a2d56dc272a3652369a6740cf43d588eaf99e2e5680a1cb57eebd4b7ca?s=96&d=mm&r=g","url":"https:\/\/secure.gravatar.com\/avatar\/ce1837a2d56dc272a3652369a6740cf43d588eaf99e2e5680a1cb57eebd4b7ca?s=96&d=mm&r=g","contentUrl":"https:\/\/secure.gravatar.com\/avatar\/ce1837a2d56dc272a3652369a6740cf43d588eaf99e2e5680a1cb57eebd4b7ca?s=96&d=mm&r=g","caption":"Loredana Brigante"},"description":"Nascida em 1976, \u00e9 jornalista freelancer e apaixonada pelo mundo mission\u00e1rio. Natural do Salento, vive em Palermo desde 2007 com Rino e as filhas, Greta e Gaia. Entre 2000 e 2003, foi secret\u00e1ria nacional do Movimento Giovanile Missionario delle Pontificie Opere Missionarie, em Roma, e integra a equipa nacional de Missio Ragazzi. Atualmente, colabora com a revista \u201cPopoli e Missione\u201d da Fondazione Missio e com spazio + spadoni.","url":"https:\/\/spaziospadoni.org\/pt-pt\/author\/brigante_mission\/"}]}},"_links":{"self":[{"href":"https:\/\/spaziospadoni.org\/pt-pt\/wp-json\/wp\/v2\/posts\/90466","targetHints":{"allow":["GET"]}}],"collection":[{"href":"https:\/\/spaziospadoni.org\/pt-pt\/wp-json\/wp\/v2\/posts"}],"about":[{"href":"https:\/\/spaziospadoni.org\/pt-pt\/wp-json\/wp\/v2\/types\/post"}],"author":[{"embeddable":true,"href":"https:\/\/spaziospadoni.org\/pt-pt\/wp-json\/wp\/v2\/users\/7"}],"replies":[{"embeddable":true,"href":"https:\/\/spaziospadoni.org\/pt-pt\/wp-json\/wp\/v2\/comments?post=90466"}],"version-history":[{"count":1,"href":"https:\/\/spaziospadoni.org\/pt-pt\/wp-json\/wp\/v2\/posts\/90466\/revisions"}],"predecessor-version":[{"id":90467,"href":"https:\/\/spaziospadoni.org\/pt-pt\/wp-json\/wp\/v2\/posts\/90466\/revisions\/90467"}],"wp:featuredmedia":[{"embeddable":true,"href":"https:\/\/spaziospadoni.org\/pt-pt\/wp-json\/wp\/v2\/media\/90465"}],"wp:attachment":[{"href":"https:\/\/spaziospadoni.org\/pt-pt\/wp-json\/wp\/v2\/media?parent=90466"}],"wp:term":[{"taxonomy":"category","embeddable":true,"href":"https:\/\/spaziospadoni.org\/pt-pt\/wp-json\/wp\/v2\/categories?post=90466"},{"taxonomy":"post_tag","embeddable":true,"href":"https:\/\/spaziospadoni.org\/pt-pt\/wp-json\/wp\/v2\/tags?post=90466"}],"curies":[{"name":"wp","href":"https:\/\/api.w.org\/{rel}","templated":true}]}}