{"id":90491,"date":"2026-08-16T13:00:00","date_gmt":"2026-08-16T12:00:00","guid":{"rendered":"https:\/\/spaziospadoni.org\/?p=90491"},"modified":"2026-08-18T18:12:01","modified_gmt":"2026-08-18T17:12:01","slug":"oracao-ad-ave-maria-mae-de-misericordia","status":"publish","type":"post","link":"https:\/\/spaziospadoni.org\/pt-pt\/oracao-ad-ave-maria-mae-de-misericordia\/","title":{"rendered":"Ora\u00e7\u00e3o ad Ave Maria, M\u00e3e de Miseric\u00f3rdia"},"content":{"rendered":"\n<p class=\"wp-block-paragraph\">AVE MARIA,<\/p>\n\n\n\n<p class=\"wp-block-paragraph\">deste ao mundo a verdadeira Luz de Deus,<\/p>\n\n\n\n<p class=\"wp-block-paragraph\">FONTE viva de paz e de amor,<\/p>\n\n\n\n<p class=\"wp-block-paragraph\">o teu filho Jesus.<\/p>\n\n\n\n<p class=\"wp-block-paragraph\">M\u00e3e de ternura e de sabedoria,<\/p>\n\n\n\n<p class=\"wp-block-paragraph\">toma-nos pela m\u00e3o,<\/p>\n\n\n\n<p class=\"wp-block-paragraph\">acompanha o nosso caminho rumo ao REINO de DEUS. Faze-nos pontes de esperan\u00e7a no encontro com os outros, com os pobres e com os migrantes.<\/p>\n\n\n\n<p class=\"wp-block-paragraph\">M\u00e3e cheia de Miseric\u00f3rdia,<\/p>\n\n\n\n<p class=\"wp-block-paragraph\">ensina-nos a ser disc\u00edpulos do Ressuscitado, SAL e LUZ do mundo nos caminhos da fraternidade.<\/p>\n\n\n\n<p class=\"wp-block-paragraph\">Santa Maria, M\u00e3e de Deus,<\/p>\n\n\n\n<p class=\"wp-block-paragraph\">transforma o nosso CORA\u00c7\u00c3O.<\/p>\n\n\n\n<p class=\"wp-block-paragraph\">Apaga o \u00f3dio, os preconceitos e o medo; incute em n\u00f3s o respeito pelo outro, a coragem, a solidariedade e o amor.<\/p>\n\n\n\n<p class=\"wp-block-paragraph\">Roga por n\u00f3s agora e sempre. AM\u00c9M<\/p>\n\n\n\n<p class=\"wp-block-paragraph\"><strong>Imagem criada digitalmente por spazio + spadoni<\/strong><\/p>\n\n\n\n<p class=\"wp-block-paragraph\"><\/p>\n","protected":false},"excerpt":{"rendered":"<p>AVE MARIA, deste ao mundo a verdadeira Luz de Deus, FONTE viva de paz e de amor, o teu filho Jesus. M\u00e3e de ternura e de sabedoria, toma-nos pela m\u00e3o, acompanha o nosso caminho rumo ao REINO de DEUS. Faze-nos pontes de esperan\u00e7a no encontro com os outros, com os pobres e com os migrantes. &#8230; <a title=\"Ora\u00e7\u00e3o ad Ave Maria, M\u00e3e de Miseric\u00f3rdia\" class=\"read-more\" href=\"https:\/\/spaziospadoni.org\/pt-pt\/oracao-ad-ave-maria-mae-de-misericordia\/\" aria-label=\"Read more about Ora\u00e7\u00e3o ad Ave Maria, M\u00e3e de Miseric\u00f3rdia\">Ler mais<\/a><\/p>\n","protected":false},"author":87,"featured_media":90490,"comment_status":"closed","ping_status":"closed","sticky":false,"template":"","format":"standard","meta":{"_sitemap_exclude":false,"_sitemap_priority":"","_sitemap_frequency":"","ss_featured_image_title":"","ss_featured_image_alt":"Maria Assunta no mundo","ss_featured_image_caption":"Em todo o mundo, v\u00e1rios povos s\u00e3o devotos de Maria.","footnotes":""},"categories":[2493],"tags":[4522,2571],"class_list":["post-90491","post","type-post","status-publish","format-standard","has-post-thumbnail","hentry","category-oracoes-e-celebracoes","tag-a-contratar-maria","tag-oracao","infinite-scroll-item","generate-columns","tablet-grid-50","mobile-grid-100","grid-parent","grid-50"],"yoast_head":"<!-- This site is optimized with the Yoast SEO plugin v28.4 - https:\/\/yoast.com\/product\/yoast-seo-wordpress\/ -->\n<title>Ora\u00e7\u00e3o ad Ave Maria, M\u00e3e de Miseric\u00f3rdia<\/title>\n<meta name=\"description\" content=\"Uma ora\u00e7\u00e3o sentida ad Ave Maria, M\u00e3e de Miseric\u00f3rdia e sabedoria, para pedir paz, esperan\u00e7a e fraternidade no mundo.\" \/>\n<meta name=\"robots\" content=\"index, follow, max-snippet:-1, max-image-preview:large, max-video-preview:-1\" \/>\n<link rel=\"canonical\" href=\"https:\/\/spaziospadoni.org\/pt-pt\/oracao-ad-ave-maria-mae-de-misericordia\/\" \/>\n<meta property=\"og:locale\" content=\"pt_PT\" \/>\n<meta property=\"og:type\" content=\"article\" \/>\n<meta property=\"og:title\" content=\"Ora\u00e7\u00e3o ad Ave Maria, M\u00e3e de Miseric\u00f3rdia\" \/>\n<meta property=\"og:description\" content=\"Uma ora\u00e7\u00e3o sentida ad Ave Maria, M\u00e3e de Miseric\u00f3rdia e sabedoria, para pedir paz, esperan\u00e7a e fraternidade no mundo.\" \/>\n<meta property=\"og:url\" content=\"https:\/\/spaziospadoni.org\/pt-pt\/oracao-ad-ave-maria-mae-de-misericordia\/\" \/>\n<meta property=\"og:site_name\" content=\"spazio + spadoni\" \/>\n<meta property=\"article:publisher\" content=\"https:\/\/www.facebook.com\/SpazioSpadoni\/\" \/>\n<meta property=\"article:published_time\" content=\"2026-08-16T12:00:00+00:00\" \/>\n<meta property=\"article:modified_time\" content=\"2026-08-18T17:12:01+00:00\" \/>\n<meta property=\"og:image\" content=\"https:\/\/spaziospadoni.org\/wp-content\/uploads\/2026\/08\/Madonna-madre-speranza-misericordia.webp\" \/>\n\t<meta property=\"og:image:width\" content=\"1200\" \/>\n\t<meta property=\"og:image:height\" content=\"655\" \/>\n\t<meta property=\"og:image:type\" content=\"image\/webp\" \/>\n<meta name=\"author\" content=\"Padre Renato Zilio\" \/>\n<meta name=\"twitter:card\" content=\"summary_large_image\" \/>\n<meta name=\"twitter:label1\" content=\"Escrito por\" \/>\n\t<meta name=\"twitter:data1\" content=\"Padre Renato Zilio\" \/>\n\t<meta name=\"twitter:label2\" content=\"Est. reading time\" \/>\n\t<meta name=\"twitter:data2\" content=\"1 minute\" \/>\n<script type=\"application\/ld+json\" class=\"yoast-schema-graph\">{\"@context\":\"https:\\\/\\\/schema.org\",\"@graph\":[{\"@type\":\"Article\",\"@id\":\"https:\\\/\\\/spaziospadoni.org\\\/pt-pt\\\/oracao-ad-ave-maria-mae-de-misericordia\\\/#article\",\"isPartOf\":{\"@id\":\"https:\\\/\\\/spaziospadoni.org\\\/pt-pt\\\/oracao-ad-ave-maria-mae-de-misericordia\\\/\"},\"author\":{\"name\":\"Padre Renato Zilio\",\"@id\":\"https:\\\/\\\/spaziospadoni.org\\\/pt-pt\\\/#\\\/schema\\\/person\\\/cdbfe082bf7b797369495a6f93ab63f3\"},\"headline\":\"Ora\u00e7\u00e3o ad Ave Maria, M\u00e3e de Miseric\u00f3rdia\",\"datePublished\":\"2026-08-16T12:00:00+00:00\",\"dateModified\":\"2026-08-18T17:12:01+00:00\",\"mainEntityOfPage\":{\"@id\":\"https:\\\/\\\/spaziospadoni.org\\\/pt-pt\\\/oracao-ad-ave-maria-mae-de-misericordia\\\/\"},\"wordCount\":139,\"publisher\":{\"@id\":\"https:\\\/\\\/spaziospadoni.org\\\/pt-pt\\\/#organization\"},\"image\":{\"@id\":\"https:\\\/\\\/spaziospadoni.org\\\/pt-pt\\\/oracao-ad-ave-maria-mae-de-misericordia\\\/#primaryimage\"},\"thumbnailUrl\":\"https:\\\/\\\/spaziospadoni.org\\\/wp-content\\\/uploads\\\/2026\\\/08\\\/Madonna-madre-speranza-misericordia.webp\",\"keywords\":[\"a contratar maria\",\"ora\u00e7\u00e3o\"],\"articleSection\":[\"Ora\u00e7\u00f5es e celebra\u00e7\u00f5es\"],\"inLanguage\":\"pt-PT\"},{\"@type\":\"WebPage\",\"@id\":\"https:\\\/\\\/spaziospadoni.org\\\/pt-pt\\\/oracao-ad-ave-maria-mae-de-misericordia\\\/\",\"url\":\"https:\\\/\\\/spaziospadoni.org\\\/pt-pt\\\/oracao-ad-ave-maria-mae-de-misericordia\\\/\",\"name\":\"Ora\u00e7\u00e3o ad Ave Maria, M\u00e3e de Miseric\u00f3rdia\",\"isPartOf\":{\"@id\":\"https:\\\/\\\/spaziospadoni.org\\\/pt-pt\\\/#website\"},\"primaryImageOfPage\":{\"@id\":\"https:\\\/\\\/spaziospadoni.org\\\/pt-pt\\\/oracao-ad-ave-maria-mae-de-misericordia\\\/#primaryimage\"},\"image\":{\"@id\":\"https:\\\/\\\/spaziospadoni.org\\\/pt-pt\\\/oracao-ad-ave-maria-mae-de-misericordia\\\/#primaryimage\"},\"thumbnailUrl\":\"https:\\\/\\\/spaziospadoni.org\\\/wp-content\\\/uploads\\\/2026\\\/08\\\/Madonna-madre-speranza-misericordia.webp\",\"datePublished\":\"2026-08-16T12:00:00+00:00\",\"dateModified\":\"2026-08-18T17:12:01+00:00\",\"description\":\"Uma ora\u00e7\u00e3o sentida ad Ave Maria, M\u00e3e de Miseric\u00f3rdia e sabedoria, para pedir paz, esperan\u00e7a e fraternidade no mundo.\",\"breadcrumb\":{\"@id\":\"https:\\\/\\\/spaziospadoni.org\\\/pt-pt\\\/oracao-ad-ave-maria-mae-de-misericordia\\\/#breadcrumb\"},\"inLanguage\":\"pt-PT\",\"potentialAction\":[{\"@type\":\"ReadAction\",\"target\":[\"https:\\\/\\\/spaziospadoni.org\\\/pt-pt\\\/oracao-ad-ave-maria-mae-de-misericordia\\\/\"]}]},{\"@type\":\"ImageObject\",\"inLanguage\":\"pt-PT\",\"@id\":\"https:\\\/\\\/spaziospadoni.org\\\/pt-pt\\\/oracao-ad-ave-maria-mae-de-misericordia\\\/#primaryimage\",\"url\":\"https:\\\/\\\/spaziospadoni.org\\\/wp-content\\\/uploads\\\/2026\\\/08\\\/Madonna-madre-speranza-misericordia.webp\",\"contentUrl\":\"https:\\\/\\\/spaziospadoni.org\\\/wp-content\\\/uploads\\\/2026\\\/08\\\/Madonna-madre-speranza-misericordia.webp\",\"width\":1200,\"height\":655,\"caption\":\"Em todo o mundo, v\u00e1rios povos s\u00e3o devotos de Maria.\"},{\"@type\":\"BreadcrumbList\",\"@id\":\"https:\\\/\\\/spaziospadoni.org\\\/pt-pt\\\/oracao-ad-ave-maria-mae-de-misericordia\\\/#breadcrumb\",\"itemListElement\":[{\"@type\":\"ListItem\",\"position\":1,\"name\":\"Home\",\"item\":\"https:\\\/\\\/spaziospadoni.org\\\/pt-pt\\\/\"},{\"@type\":\"ListItem\",\"position\":2,\"name\":\"Ora\u00e7\u00e3o ad Ave Maria, M\u00e3e de Miseric\u00f3rdia\"}]},{\"@type\":\"WebSite\",\"@id\":\"https:\\\/\\\/spaziospadoni.org\\\/pt-pt\\\/#website\",\"url\":\"https:\\\/\\\/spaziospadoni.org\\\/pt-pt\\\/\",\"name\":\"spazio + spadoni\",\"description\":\"Generazione di misericordia e missione nel mondo\",\"publisher\":{\"@id\":\"https:\\\/\\\/spaziospadoni.org\\\/pt-pt\\\/#organization\"},\"alternateName\":\"spaziospadoni.org\",\"potentialAction\":[{\"@type\":\"SearchAction\",\"target\":{\"@type\":\"EntryPoint\",\"urlTemplate\":\"https:\\\/\\\/spaziospadoni.org\\\/pt-pt\\\/?s={search_term_string}\"},\"query-input\":{\"@type\":\"PropertyValueSpecification\",\"valueRequired\":true,\"valueName\":\"search_term_string\"}}],\"inLanguage\":\"pt-PT\"},{\"@type\":\"Organization\",\"@id\":\"https:\\\/\\\/spaziospadoni.org\\\/pt-pt\\\/#organization\",\"name\":\"spazio + spadoni\",\"alternateName\":\"spaziospadoni.org\",\"url\":\"https:\\\/\\\/spaziospadoni.org\\\/pt-pt\\\/\",\"logo\":{\"@type\":\"ImageObject\",\"inLanguage\":\"pt-PT\",\"@id\":\"https:\\\/\\\/spaziospadoni.org\\\/pt-pt\\\/#\\\/schema\\\/logo\\\/image\\\/\",\"url\":\"https:\\\/\\\/spaziospadoni.org\\\/wp-content\\\/uploads\\\/2026\\\/05\\\/spazio-spadoni-logo-100x100-1.webp\",\"contentUrl\":\"https:\\\/\\\/spaziospadoni.org\\\/wp-content\\\/uploads\\\/2026\\\/05\\\/spazio-spadoni-logo-100x100-1.webp\",\"width\":100,\"height\":100,\"caption\":\"spazio + spadoni\"},\"image\":{\"@id\":\"https:\\\/\\\/spaziospadoni.org\\\/pt-pt\\\/#\\\/schema\\\/logo\\\/image\\\/\"},\"sameAs\":[\"https:\\\/\\\/www.facebook.com\\\/SpazioSpadoni\\\/\",\"https:\\\/\\\/www.instagram.com\\\/spaziospadoni\\\/\",\"https:\\\/\\\/www.youtube.com\\\/@spaziospadoni\\\/playlists\"]},{\"@type\":\"Person\",\"@id\":\"https:\\\/\\\/spaziospadoni.org\\\/pt-pt\\\/#\\\/schema\\\/person\\\/cdbfe082bf7b797369495a6f93ab63f3\",\"name\":\"Padre Renato Zilio\",\"image\":{\"@type\":\"ImageObject\",\"inLanguage\":\"pt-PT\",\"@id\":\"https:\\\/\\\/secure.gravatar.com\\\/avatar\\\/b1c4a06f382effba2a4e3da5cc2a4f3ce5a0d64fad713a3a7fea2ca30e158e0e?s=96&d=mm&r=g\",\"url\":\"https:\\\/\\\/secure.gravatar.com\\\/avatar\\\/b1c4a06f382effba2a4e3da5cc2a4f3ce5a0d64fad713a3a7fea2ca30e158e0e?s=96&d=mm&r=g\",\"contentUrl\":\"https:\\\/\\\/secure.gravatar.com\\\/avatar\\\/b1c4a06f382effba2a4e3da5cc2a4f3ce5a0d64fad713a3a7fea2ca30e158e0e?s=96&d=mm&r=g\",\"caption\":\"Padre Renato Zilio\"},\"url\":\"https:\\\/\\\/spaziospadoni.org\\\/pt-pt\\\/author\\\/zilio_mission\\\/\"}]}<\/script>\n<!-- \/ Yoast SEO plugin. -->","yoast_head_json":{"title":"Ora\u00e7\u00e3o ad Ave Maria, M\u00e3e de Miseric\u00f3rdia","description":"Uma ora\u00e7\u00e3o sentida ad Ave Maria, M\u00e3e de Miseric\u00f3rdia e sabedoria, para pedir paz, esperan\u00e7a e fraternidade no mundo.","robots":{"index":"index","follow":"follow","max-snippet":"max-snippet:-1","max-image-preview":"max-image-preview:large","max-video-preview":"max-video-preview:-1"},"canonical":"https:\/\/spaziospadoni.org\/pt-pt\/oracao-ad-ave-maria-mae-de-misericordia\/","og_locale":"pt_PT","og_type":"article","og_title":"Ora\u00e7\u00e3o ad Ave Maria, M\u00e3e de Miseric\u00f3rdia","og_description":"Uma ora\u00e7\u00e3o sentida ad Ave Maria, M\u00e3e de Miseric\u00f3rdia e sabedoria, para pedir paz, esperan\u00e7a e fraternidade no mundo.","og_url":"https:\/\/spaziospadoni.org\/pt-pt\/oracao-ad-ave-maria-mae-de-misericordia\/","og_site_name":"spazio + spadoni","article_publisher":"https:\/\/www.facebook.com\/SpazioSpadoni\/","article_published_time":"2026-08-16T12:00:00+00:00","article_modified_time":"2026-08-18T17:12:01+00:00","og_image":[{"width":1200,"height":655,"url":"https:\/\/spaziospadoni.org\/wp-content\/uploads\/2026\/08\/Madonna-madre-speranza-misericordia.webp","type":"image\/webp"}],"author":"Padre Renato Zilio","twitter_card":"summary_large_image","twitter_misc":{"Escrito por":"Padre Renato Zilio","Est. reading time":"1 minute"},"schema":{"@context":"https:\/\/schema.org","@graph":[{"@type":"Article","@id":"https:\/\/spaziospadoni.org\/pt-pt\/oracao-ad-ave-maria-mae-de-misericordia\/#article","isPartOf":{"@id":"https:\/\/spaziospadoni.org\/pt-pt\/oracao-ad-ave-maria-mae-de-misericordia\/"},"author":{"name":"Padre Renato Zilio","@id":"https:\/\/spaziospadoni.org\/pt-pt\/#\/schema\/person\/cdbfe082bf7b797369495a6f93ab63f3"},"headline":"Ora\u00e7\u00e3o ad Ave Maria, M\u00e3e de Miseric\u00f3rdia","datePublished":"2026-08-16T12:00:00+00:00","dateModified":"2026-08-18T17:12:01+00:00","mainEntityOfPage":{"@id":"https:\/\/spaziospadoni.org\/pt-pt\/oracao-ad-ave-maria-mae-de-misericordia\/"},"wordCount":139,"publisher":{"@id":"https:\/\/spaziospadoni.org\/pt-pt\/#organization"},"image":{"@id":"https:\/\/spaziospadoni.org\/pt-pt\/oracao-ad-ave-maria-mae-de-misericordia\/#primaryimage"},"thumbnailUrl":"https:\/\/spaziospadoni.org\/wp-content\/uploads\/2026\/08\/Madonna-madre-speranza-misericordia.webp","keywords":["a contratar maria","ora\u00e7\u00e3o"],"articleSection":["Ora\u00e7\u00f5es e celebra\u00e7\u00f5es"],"inLanguage":"pt-PT"},{"@type":"WebPage","@id":"https:\/\/spaziospadoni.org\/pt-pt\/oracao-ad-ave-maria-mae-de-misericordia\/","url":"https:\/\/spaziospadoni.org\/pt-pt\/oracao-ad-ave-maria-mae-de-misericordia\/","name":"Ora\u00e7\u00e3o ad Ave Maria, M\u00e3e de Miseric\u00f3rdia","isPartOf":{"@id":"https:\/\/spaziospadoni.org\/pt-pt\/#website"},"primaryImageOfPage":{"@id":"https:\/\/spaziospadoni.org\/pt-pt\/oracao-ad-ave-maria-mae-de-misericordia\/#primaryimage"},"image":{"@id":"https:\/\/spaziospadoni.org\/pt-pt\/oracao-ad-ave-maria-mae-de-misericordia\/#primaryimage"},"thumbnailUrl":"https:\/\/spaziospadoni.org\/wp-content\/uploads\/2026\/08\/Madonna-madre-speranza-misericordia.webp","datePublished":"2026-08-16T12:00:00+00:00","dateModified":"2026-08-18T17:12:01+00:00","description":"Uma ora\u00e7\u00e3o sentida ad Ave Maria, M\u00e3e de Miseric\u00f3rdia e sabedoria, para pedir paz, esperan\u00e7a e fraternidade no mundo.","breadcrumb":{"@id":"https:\/\/spaziospadoni.org\/pt-pt\/oracao-ad-ave-maria-mae-de-misericordia\/#breadcrumb"},"inLanguage":"pt-PT","potentialAction":[{"@type":"ReadAction","target":["https:\/\/spaziospadoni.org\/pt-pt\/oracao-ad-ave-maria-mae-de-misericordia\/"]}]},{"@type":"ImageObject","inLanguage":"pt-PT","@id":"https:\/\/spaziospadoni.org\/pt-pt\/oracao-ad-ave-maria-mae-de-misericordia\/#primaryimage","url":"https:\/\/spaziospadoni.org\/wp-content\/uploads\/2026\/08\/Madonna-madre-speranza-misericordia.webp","contentUrl":"https:\/\/spaziospadoni.org\/wp-content\/uploads\/2026\/08\/Madonna-madre-speranza-misericordia.webp","width":1200,"height":655,"caption":"Em todo o mundo, v\u00e1rios povos s\u00e3o devotos de Maria."},{"@type":"BreadcrumbList","@id":"https:\/\/spaziospadoni.org\/pt-pt\/oracao-ad-ave-maria-mae-de-misericordia\/#breadcrumb","itemListElement":[{"@type":"ListItem","position":1,"name":"Home","item":"https:\/\/spaziospadoni.org\/pt-pt\/"},{"@type":"ListItem","position":2,"name":"Ora\u00e7\u00e3o ad Ave Maria, M\u00e3e de Miseric\u00f3rdia"}]},{"@type":"WebSite","@id":"https:\/\/spaziospadoni.org\/pt-pt\/#website","url":"https:\/\/spaziospadoni.org\/pt-pt\/","name":"spazio + spadoni","description":"Generazione di misericordia e missione nel mondo","publisher":{"@id":"https:\/\/spaziospadoni.org\/pt-pt\/#organization"},"alternateName":"spaziospadoni.org","potentialAction":[{"@type":"SearchAction","target":{"@type":"EntryPoint","urlTemplate":"https:\/\/spaziospadoni.org\/pt-pt\/?s={search_term_string}"},"query-input":{"@type":"PropertyValueSpecification","valueRequired":true,"valueName":"search_term_string"}}],"inLanguage":"pt-PT"},{"@type":"Organization","@id":"https:\/\/spaziospadoni.org\/pt-pt\/#organization","name":"spazio + spadoni","alternateName":"spaziospadoni.org","url":"https:\/\/spaziospadoni.org\/pt-pt\/","logo":{"@type":"ImageObject","inLanguage":"pt-PT","@id":"https:\/\/spaziospadoni.org\/pt-pt\/#\/schema\/logo\/image\/","url":"https:\/\/spaziospadoni.org\/wp-content\/uploads\/2026\/05\/spazio-spadoni-logo-100x100-1.webp","contentUrl":"https:\/\/spaziospadoni.org\/wp-content\/uploads\/2026\/05\/spazio-spadoni-logo-100x100-1.webp","width":100,"height":100,"caption":"spazio + spadoni"},"image":{"@id":"https:\/\/spaziospadoni.org\/pt-pt\/#\/schema\/logo\/image\/"},"sameAs":["https:\/\/www.facebook.com\/SpazioSpadoni\/","https:\/\/www.instagram.com\/spaziospadoni\/","https:\/\/www.youtube.com\/@spaziospadoni\/playlists"]},{"@type":"Person","@id":"https:\/\/spaziospadoni.org\/pt-pt\/#\/schema\/person\/cdbfe082bf7b797369495a6f93ab63f3","name":"Padre Renato Zilio","image":{"@type":"ImageObject","inLanguage":"pt-PT","@id":"https:\/\/secure.gravatar.com\/avatar\/b1c4a06f382effba2a4e3da5cc2a4f3ce5a0d64fad713a3a7fea2ca30e158e0e?s=96&d=mm&r=g","url":"https:\/\/secure.gravatar.com\/avatar\/b1c4a06f382effba2a4e3da5cc2a4f3ce5a0d64fad713a3a7fea2ca30e158e0e?s=96&d=mm&r=g","contentUrl":"https:\/\/secure.gravatar.com\/avatar\/b1c4a06f382effba2a4e3da5cc2a4f3ce5a0d64fad713a3a7fea2ca30e158e0e?s=96&d=mm&r=g","caption":"Padre Renato Zilio"},"url":"https:\/\/spaziospadoni.org\/pt-pt\/author\/zilio_mission\/"}]}},"_links":{"self":[{"href":"https:\/\/spaziospadoni.org\/pt-pt\/wp-json\/wp\/v2\/posts\/90491","targetHints":{"allow":["GET"]}}],"collection":[{"href":"https:\/\/spaziospadoni.org\/pt-pt\/wp-json\/wp\/v2\/posts"}],"about":[{"href":"https:\/\/spaziospadoni.org\/pt-pt\/wp-json\/wp\/v2\/types\/post"}],"author":[{"embeddable":true,"href":"https:\/\/spaziospadoni.org\/pt-pt\/wp-json\/wp\/v2\/users\/87"}],"replies":[{"embeddable":true,"href":"https:\/\/spaziospadoni.org\/pt-pt\/wp-json\/wp\/v2\/comments?post=90491"}],"version-history":[{"count":1,"href":"https:\/\/spaziospadoni.org\/pt-pt\/wp-json\/wp\/v2\/posts\/90491\/revisions"}],"predecessor-version":[{"id":90492,"href":"https:\/\/spaziospadoni.org\/pt-pt\/wp-json\/wp\/v2\/posts\/90491\/revisions\/90492"}],"wp:featuredmedia":[{"embeddable":true,"href":"https:\/\/spaziospadoni.org\/pt-pt\/wp-json\/wp\/v2\/media\/90490"}],"wp:attachment":[{"href":"https:\/\/spaziospadoni.org\/pt-pt\/wp-json\/wp\/v2\/media?parent=90491"}],"wp:term":[{"taxonomy":"category","embeddable":true,"href":"https:\/\/spaziospadoni.org\/pt-pt\/wp-json\/wp\/v2\/categories?post=90491"},{"taxonomy":"post_tag","embeddable":true,"href":"https:\/\/spaziospadoni.org\/pt-pt\/wp-json\/wp\/v2\/tags?post=90491"}],"curies":[{"name":"wp","href":"https:\/\/api.w.org\/{rel}","templated":true}]}}