{"id":91284,"date":"2026-08-20T13:30:00","date_gmt":"2026-08-20T12:30:00","guid":{"rendered":"https:\/\/spaziospadoni.org\/?p=91284"},"modified":"2026-08-20T15:17:21","modified_gmt":"2026-08-20T14:17:21","slug":"mongolia-a-sede-da-estepe-e-o-compromisso-de-cuidar-da-terra","status":"publish","type":"post","link":"https:\/\/spaziospadoni.org\/pt-pt\/mongolia-a-sede-da-estepe-e-o-compromisso-de-cuidar-da-terra\/","title":{"rendered":"Mong\u00f3lia, a sede da estepe e o compromisso de cuidar da terra"},"content":{"rendered":"\n<p class=\"wp-block-paragraph\">A vastid\u00e3o dos planaltos mong\u00f3is expressa uma mem\u00f3ria milenar de profunda harmonia e delicado equil\u00edbrio entre o ser humano e a natureza. Hoje, contudo, este la\u00e7o ancestral corre s\u00e9rio risco de se romper perante o avan\u00e7o implac\u00e1vel da aridez e da degrada\u00e7\u00e3o ambiental. Por ocasi\u00e3o da COP17 em Ulan Bator, o grito de alerta ressoa com m\u00e1xima urg\u00eancia: a deteriora\u00e7\u00e3o do solo e a <strong>desertifica\u00e7\u00e3o<\/strong> afetam quase 77% do territ\u00f3rio nacional, pondo em causa a sobreviv\u00eancia de um ter\u00e7o da popula\u00e7\u00e3o, dependente do pastoreio tradicional.<\/p>\n\n\n\n<h2 id=\"uma-crise-ambiental-que-atinge-as-comunidades-rurais\" class=\"wp-block-heading\">Uma crise ambiental que atinge as comunidades rurais<\/h2>\n\n\n\n<p class=\"wp-block-paragraph\">\u00abA desertifica\u00e7\u00e3o na Mong\u00f3lia \u00e9 vis\u00edvel a olho nu\u00bb, relata a <strong>irm\u00e3 Sandra Garay<\/strong>, mission\u00e1ria da Consolata e diretora executiva da Caritas Mong\u00f3lia. Ao percorrer as regi\u00f5es rurais afastadas da capital, os sinais da crise ecol\u00f3gica s\u00e3o evidentes: as nascentes de \u00e1gua desaparecem gradualmente, a vegeta\u00e7\u00e3o nativa cede lugar \u00e0 areia e as tempestades de poeira mais do que triplicaram desde a d\u00e9cada de 1960.<\/p>\n\n\n\n<p class=\"wp-block-paragraph\">A agravar este cen\u00e1rio surge o <em>dzud<\/em>, um fen\u00f3meno clim\u00e1tico extremo caracterizado por invernos rigorosos que sucedem a ver\u00f5es t\u00f3rridos e secos. Apenas no per\u00edodo de 2023-2024, cerca de oito milh\u00f5es de animais morreram devido ao frio intenso e \u00e0 falta de alimento. Para os pastores n\u00f3madas, a perda do gado significa a ru\u00edna econ\u00f3mica imediata e a queda na pobreza extrema.<\/p>\n\n\n\n<h2 id=\"dar-de-beber-a-quem-tem-sede-proteger-a-vida-e-a-dignidade\" class=\"wp-block-heading\">Dar de beber a quem tem sede: proteger a vida e a dignidade<\/h2>\n\n\n\n<p class=\"wp-block-paragraph\">Perante uma terra sedenta e comunidades desprovidas de recursos, a solidariedade reflete com autenticidade a obra de miseric\u00f3rdia corporal de <strong>dar de beber a quem tem sede<\/strong>. Na estepe mongol, este apelo evang\u00e9lico vai muito al\u00e9m da assist\u00eancia pontual: converte-se numa a\u00e7\u00e3o duradoura de justi\u00e7a ecol\u00f3gica, focada em proteger os len\u00e7\u00f3is fre\u00e1ticos, recuperar po\u00e7os comunit\u00e1rios e promover uma gest\u00e3o inteligente das escassas reservas de \u00e1gua.<\/p>\n\n\n\n<p class=\"wp-block-paragraph\">Saciar a sede da terra e das pessoas significa resguardar a dignidade humana, evitar a migra\u00e7\u00e3o for\u00e7ada para as periferias urbanas e restabelecer as bases essenciais para a vida comunit\u00e1ria e a biodiversidade.<\/p>\n\n\n\n<h2 id=\"inovacao-sustentavel-e-esperanca-para-o-futuro\" class=\"wp-block-heading\">Inova\u00e7\u00e3o sustent\u00e1vel e esperan\u00e7a para o futuro<\/h2>\n\n\n\n<p class=\"wp-block-paragraph\">A resposta aos desafios clim\u00e1ticos concretiza-se em iniciativas regeneradoras de grande valor. Entre elas sobressai a implementa\u00e7\u00e3o das \u00abmeias-luas\u00bb, bacias semicirculares que ret\u00eam as \u00e1guas pluviais, aumentam a humidade do solo e estimulam a regenera\u00e7\u00e3o espont\u00e2nea das pastagens degradadas.<\/p>\n\n\n\n<p class=\"wp-block-paragraph\">Al\u00e9m disso, a edifica\u00e7\u00e3o de estufas solares passivas e a capacita\u00e7\u00e3o em agricultura biol\u00f3gica permitem aos pequenos produtores diversificar os seus rendimentos, consolidando a sua resili\u00eancia diante das intemp\u00e9ries clim\u00e1ticas.<\/p>\n\n\n\n<p class=\"wp-block-paragraph\">\u00abCuidar da terra significa cuidar das pessoas\u00bb, reitera com firmeza a irm\u00e3 Garay. Saciar a sede da estepe atrav\u00e9s de obras vivas de partilha e dedica\u00e7\u00e3o constitui um testemunho fecundo de fraternidade universal e guarda respons\u00e1vel da Cria\u00e7\u00e3o.<\/p>\n\n\n\n<p class=\"wp-block-paragraph\"><strong>Imagem criada digitalmente por spazio + spadoni<\/strong><\/p>\n\n\n\n<p class=\"wp-block-paragraph\"><strong>Fonte:<\/strong>\u00a0<a href=\"https:\/\/www.fides.org\/it\/news\/78067-ASIA_MONGOLIA_Suor_Sandra_Garay_direttrice_di_Caritas_La_desertificazione_minaccia_la_vita_delle_comunita_rurali\" target=\"_blank\" rel=\"noreferrer noopener nofollow\" title=\"Agenzia Fides\">Agenzia Fides<\/a><\/p>\n","protected":false},"excerpt":{"rendered":"<p>A vastid\u00e3o dos planaltos mong\u00f3is expressa uma mem\u00f3ria milenar de profunda harmonia e delicado equil\u00edbrio entre o ser humano e a natureza. Hoje, contudo, este la\u00e7o ancestral corre s\u00e9rio risco de se romper perante o avan\u00e7o implac\u00e1vel da aridez e da degrada\u00e7\u00e3o ambiental. Por ocasi\u00e3o da COP17 em Ulan Bator, o grito de alerta ressoa &#8230; <a title=\"Mong\u00f3lia, a sede da estepe e o compromisso de cuidar da terra\" class=\"read-more\" href=\"https:\/\/spaziospadoni.org\/pt-pt\/mongolia-a-sede-da-estepe-e-o-compromisso-de-cuidar-da-terra\/\" aria-label=\"Read more about Mong\u00f3lia, a sede da estepe e o compromisso de cuidar da terra\">Ler mais<\/a><\/p>\n","protected":false},"author":79,"featured_media":91283,"comment_status":"closed","ping_status":"closed","sticky":false,"template":"","format":"standard","meta":{"_sitemap_exclude":false,"_sitemap_priority":"","_sitemap_frequency":"","ss_featured_image_title":"","ss_featured_image_alt":"A seca das estepes da Mong\u00f3lia","ss_featured_image_caption":"Paisagem \u00e1rida da estepe na Mong\u00f3lia com pastores n\u00f3madas e projetos de recupera\u00e7\u00e3o sustent\u00e1vel da \u00e1gua","footnotes":""},"categories":[2469],"tags":[2309,4015,3117],"class_list":["post-91284","post","type-post","status-publish","format-standard","has-post-thumbnail","hentry","category-noticias-do-mundo","tag-asia","tag-seca","tag-sede","infinite-scroll-item","generate-columns","tablet-grid-50","mobile-grid-100","grid-parent","grid-50"],"yoast_head":"<!-- This site is optimized with the Yoast SEO plugin v28.4 - https:\/\/yoast.com\/product\/yoast-seo-wordpress\/ -->\n<title>Mong\u00f3lia: cuidar da terra e das comunidades rurais<\/title>\n<meta name=\"description\" content=\"Na Mong\u00f3lia, a desertifica\u00e7\u00e3o atinge 77% das pastagens. Irm\u00e3 Sandra Garay relata os desafios clim\u00e1ticos e a restaura\u00e7\u00e3o dos recursos h\u00eddricos.\" \/>\n<meta name=\"robots\" content=\"index, follow, max-snippet:-1, max-image-preview:large, max-video-preview:-1\" \/>\n<link rel=\"canonical\" href=\"https:\/\/spaziospadoni.org\/pt-pt\/mongolia-a-sede-da-estepe-e-o-compromisso-de-cuidar-da-terra\/\" \/>\n<meta property=\"og:locale\" content=\"pt_PT\" \/>\n<meta property=\"og:type\" content=\"article\" \/>\n<meta property=\"og:title\" content=\"Mong\u00f3lia: cuidar da terra e das comunidades rurais\" \/>\n<meta property=\"og:description\" content=\"Na Mong\u00f3lia, a desertifica\u00e7\u00e3o atinge 77% das pastagens. Irm\u00e3 Sandra Garay relata os desafios clim\u00e1ticos e a restaura\u00e7\u00e3o dos recursos h\u00eddricos.\" \/>\n<meta property=\"og:url\" content=\"https:\/\/spaziospadoni.org\/pt-pt\/mongolia-a-sede-da-estepe-e-o-compromisso-de-cuidar-da-terra\/\" \/>\n<meta property=\"og:site_name\" content=\"spazio + spadoni\" \/>\n<meta property=\"article:publisher\" content=\"https:\/\/www.facebook.com\/SpazioSpadoni\/\" \/>\n<meta property=\"article:published_time\" content=\"2026-08-20T12:30:00+00:00\" \/>\n<meta property=\"article:modified_time\" content=\"2026-08-20T14:17:21+00:00\" \/>\n<meta property=\"og:image\" content=\"https:\/\/spaziospadoni.org\/wp-content\/uploads\/2026\/08\/mongolia-steppe-siccita.webp\" \/>\n\t<meta property=\"og:image:width\" content=\"1192\" \/>\n\t<meta property=\"og:image:height\" content=\"800\" \/>\n\t<meta property=\"og:image:type\" content=\"image\/webp\" \/>\n<meta name=\"author\" content=\"Ze Vong\" \/>\n<meta name=\"twitter:card\" content=\"summary_large_image\" \/>\n<meta name=\"twitter:label1\" content=\"Escrito por\" \/>\n\t<meta name=\"twitter:data1\" content=\"Ze Vong\" \/>\n\t<meta name=\"twitter:label2\" content=\"Est. reading time\" \/>\n\t<meta name=\"twitter:data2\" content=\"3 minutes\" \/>\n<script type=\"application\/ld+json\" class=\"yoast-schema-graph\">{\"@context\":\"https:\\\/\\\/schema.org\",\"@graph\":[{\"@type\":\"Article\",\"@id\":\"https:\\\/\\\/spaziospadoni.org\\\/pt-pt\\\/mongolia-a-sede-da-estepe-e-o-compromisso-de-cuidar-da-terra\\\/#article\",\"isPartOf\":{\"@id\":\"https:\\\/\\\/spaziospadoni.org\\\/pt-pt\\\/mongolia-a-sede-da-estepe-e-o-compromisso-de-cuidar-da-terra\\\/\"},\"author\":{\"name\":\"Ze Vong\",\"@id\":\"https:\\\/\\\/spaziospadoni.org\\\/pt-pt\\\/#\\\/schema\\\/person\\\/cbb22a23077795e7401bdda2d1c82e35\"},\"headline\":\"Mong\u00f3lia, a sede da estepe e o compromisso de cuidar da terra\",\"datePublished\":\"2026-08-20T12:30:00+00:00\",\"dateModified\":\"2026-08-20T14:17:21+00:00\",\"mainEntityOfPage\":{\"@id\":\"https:\\\/\\\/spaziospadoni.org\\\/pt-pt\\\/mongolia-a-sede-da-estepe-e-o-compromisso-de-cuidar-da-terra\\\/\"},\"wordCount\":534,\"publisher\":{\"@id\":\"https:\\\/\\\/spaziospadoni.org\\\/pt-pt\\\/#organization\"},\"image\":{\"@id\":\"https:\\\/\\\/spaziospadoni.org\\\/pt-pt\\\/mongolia-a-sede-da-estepe-e-o-compromisso-de-cuidar-da-terra\\\/#primaryimage\"},\"thumbnailUrl\":\"https:\\\/\\\/spaziospadoni.org\\\/wp-content\\\/uploads\\\/2026\\\/08\\\/mongolia-steppe-siccita.webp\",\"keywords\":[\"\u00c1sia\",\"seca\",\"sede\"],\"articleSection\":[\"Not\u00edcias do mundo\"],\"inLanguage\":\"pt-PT\"},{\"@type\":\"WebPage\",\"@id\":\"https:\\\/\\\/spaziospadoni.org\\\/pt-pt\\\/mongolia-a-sede-da-estepe-e-o-compromisso-de-cuidar-da-terra\\\/\",\"url\":\"https:\\\/\\\/spaziospadoni.org\\\/pt-pt\\\/mongolia-a-sede-da-estepe-e-o-compromisso-de-cuidar-da-terra\\\/\",\"name\":\"Mong\u00f3lia: cuidar da terra e das comunidades rurais\",\"isPartOf\":{\"@id\":\"https:\\\/\\\/spaziospadoni.org\\\/pt-pt\\\/#website\"},\"primaryImageOfPage\":{\"@id\":\"https:\\\/\\\/spaziospadoni.org\\\/pt-pt\\\/mongolia-a-sede-da-estepe-e-o-compromisso-de-cuidar-da-terra\\\/#primaryimage\"},\"image\":{\"@id\":\"https:\\\/\\\/spaziospadoni.org\\\/pt-pt\\\/mongolia-a-sede-da-estepe-e-o-compromisso-de-cuidar-da-terra\\\/#primaryimage\"},\"thumbnailUrl\":\"https:\\\/\\\/spaziospadoni.org\\\/wp-content\\\/uploads\\\/2026\\\/08\\\/mongolia-steppe-siccita.webp\",\"datePublished\":\"2026-08-20T12:30:00+00:00\",\"dateModified\":\"2026-08-20T14:17:21+00:00\",\"description\":\"Na Mong\u00f3lia, a desertifica\u00e7\u00e3o atinge 77% das pastagens. Irm\u00e3 Sandra Garay relata os desafios clim\u00e1ticos e a restaura\u00e7\u00e3o dos recursos h\u00eddricos.\",\"breadcrumb\":{\"@id\":\"https:\\\/\\\/spaziospadoni.org\\\/pt-pt\\\/mongolia-a-sede-da-estepe-e-o-compromisso-de-cuidar-da-terra\\\/#breadcrumb\"},\"inLanguage\":\"pt-PT\",\"potentialAction\":[{\"@type\":\"ReadAction\",\"target\":[\"https:\\\/\\\/spaziospadoni.org\\\/pt-pt\\\/mongolia-a-sede-da-estepe-e-o-compromisso-de-cuidar-da-terra\\\/\"]}]},{\"@type\":\"ImageObject\",\"inLanguage\":\"pt-PT\",\"@id\":\"https:\\\/\\\/spaziospadoni.org\\\/pt-pt\\\/mongolia-a-sede-da-estepe-e-o-compromisso-de-cuidar-da-terra\\\/#primaryimage\",\"url\":\"https:\\\/\\\/spaziospadoni.org\\\/wp-content\\\/uploads\\\/2026\\\/08\\\/mongolia-steppe-siccita.webp\",\"contentUrl\":\"https:\\\/\\\/spaziospadoni.org\\\/wp-content\\\/uploads\\\/2026\\\/08\\\/mongolia-steppe-siccita.webp\",\"width\":1192,\"height\":800,\"caption\":\"Paisagem \u00e1rida da estepe na Mong\u00f3lia com pastores n\u00f3madas e projetos de recupera\u00e7\u00e3o sustent\u00e1vel da \u00e1gua\"},{\"@type\":\"BreadcrumbList\",\"@id\":\"https:\\\/\\\/spaziospadoni.org\\\/pt-pt\\\/mongolia-a-sede-da-estepe-e-o-compromisso-de-cuidar-da-terra\\\/#breadcrumb\",\"itemListElement\":[{\"@type\":\"ListItem\",\"position\":1,\"name\":\"Home\",\"item\":\"https:\\\/\\\/spaziospadoni.org\\\/pt-pt\\\/\"},{\"@type\":\"ListItem\",\"position\":2,\"name\":\"Mong\u00f3lia, a sede da estepe e o compromisso de cuidar da terra\"}]},{\"@type\":\"WebSite\",\"@id\":\"https:\\\/\\\/spaziospadoni.org\\\/pt-pt\\\/#website\",\"url\":\"https:\\\/\\\/spaziospadoni.org\\\/pt-pt\\\/\",\"name\":\"spazio + spadoni\",\"description\":\"Generazione di misericordia e missione nel mondo\",\"publisher\":{\"@id\":\"https:\\\/\\\/spaziospadoni.org\\\/pt-pt\\\/#organization\"},\"alternateName\":\"spaziospadoni.org\",\"potentialAction\":[{\"@type\":\"SearchAction\",\"target\":{\"@type\":\"EntryPoint\",\"urlTemplate\":\"https:\\\/\\\/spaziospadoni.org\\\/pt-pt\\\/?s={search_term_string}\"},\"query-input\":{\"@type\":\"PropertyValueSpecification\",\"valueRequired\":true,\"valueName\":\"search_term_string\"}}],\"inLanguage\":\"pt-PT\"},{\"@type\":\"Organization\",\"@id\":\"https:\\\/\\\/spaziospadoni.org\\\/pt-pt\\\/#organization\",\"name\":\"spazio + spadoni\",\"alternateName\":\"spaziospadoni.org\",\"url\":\"https:\\\/\\\/spaziospadoni.org\\\/pt-pt\\\/\",\"logo\":{\"@type\":\"ImageObject\",\"inLanguage\":\"pt-PT\",\"@id\":\"https:\\\/\\\/spaziospadoni.org\\\/pt-pt\\\/#\\\/schema\\\/logo\\\/image\\\/\",\"url\":\"https:\\\/\\\/spaziospadoni.org\\\/wp-content\\\/uploads\\\/2026\\\/05\\\/spazio-spadoni-logo-100x100-1.webp\",\"contentUrl\":\"https:\\\/\\\/spaziospadoni.org\\\/wp-content\\\/uploads\\\/2026\\\/05\\\/spazio-spadoni-logo-100x100-1.webp\",\"width\":100,\"height\":100,\"caption\":\"spazio + spadoni\"},\"image\":{\"@id\":\"https:\\\/\\\/spaziospadoni.org\\\/pt-pt\\\/#\\\/schema\\\/logo\\\/image\\\/\"},\"sameAs\":[\"https:\\\/\\\/www.facebook.com\\\/SpazioSpadoni\\\/\",\"https:\\\/\\\/www.instagram.com\\\/spaziospadoni\\\/\",\"https:\\\/\\\/www.youtube.com\\\/@spaziospadoni\\\/playlists\"]},{\"@type\":\"Person\",\"@id\":\"https:\\\/\\\/spaziospadoni.org\\\/pt-pt\\\/#\\\/schema\\\/person\\\/cbb22a23077795e7401bdda2d1c82e35\",\"name\":\"Ze Vong\",\"image\":{\"@type\":\"ImageObject\",\"inLanguage\":\"pt-PT\",\"@id\":\"https:\\\/\\\/secure.gravatar.com\\\/avatar\\\/dccfb8e47b405e5307fecff6a120c8d753077e4604b5c1e86d1c81219292dc84?s=96&d=mm&r=g\",\"url\":\"https:\\\/\\\/secure.gravatar.com\\\/avatar\\\/dccfb8e47b405e5307fecff6a120c8d753077e4604b5c1e86d1c81219292dc84?s=96&d=mm&r=g\",\"contentUrl\":\"https:\\\/\\\/secure.gravatar.com\\\/avatar\\\/dccfb8e47b405e5307fecff6a120c8d753077e4604b5c1e86d1c81219292dc84?s=96&d=mm&r=g\",\"caption\":\"Ze Vong\"},\"description\":\"Jovem timorense nascido h\u00e1 23 anos na periferia da capital D\u00edli, conheceu de perto as dificuldades de acesso \u00e0 educa\u00e7\u00e3o e \u00e0 sa\u00fade, mas foi precisamente dessas feridas sociais que tirou a for\u00e7a para se tornar hoje muito ativo no voluntariado e nas obras de miseric\u00f3rdia.\",\"url\":\"https:\\\/\\\/spaziospadoni.org\\\/pt-pt\\\/author\\\/vong_mission\\\/\"}]}<\/script>\n<!-- \/ Yoast SEO plugin. -->","yoast_head_json":{"title":"Mong\u00f3lia: cuidar da terra e das comunidades rurais","description":"Na Mong\u00f3lia, a desertifica\u00e7\u00e3o atinge 77% das pastagens. Irm\u00e3 Sandra Garay relata os desafios clim\u00e1ticos e a restaura\u00e7\u00e3o dos recursos h\u00eddricos.","robots":{"index":"index","follow":"follow","max-snippet":"max-snippet:-1","max-image-preview":"max-image-preview:large","max-video-preview":"max-video-preview:-1"},"canonical":"https:\/\/spaziospadoni.org\/pt-pt\/mongolia-a-sede-da-estepe-e-o-compromisso-de-cuidar-da-terra\/","og_locale":"pt_PT","og_type":"article","og_title":"Mong\u00f3lia: cuidar da terra e das comunidades rurais","og_description":"Na Mong\u00f3lia, a desertifica\u00e7\u00e3o atinge 77% das pastagens. Irm\u00e3 Sandra Garay relata os desafios clim\u00e1ticos e a restaura\u00e7\u00e3o dos recursos h\u00eddricos.","og_url":"https:\/\/spaziospadoni.org\/pt-pt\/mongolia-a-sede-da-estepe-e-o-compromisso-de-cuidar-da-terra\/","og_site_name":"spazio + spadoni","article_publisher":"https:\/\/www.facebook.com\/SpazioSpadoni\/","article_published_time":"2026-08-20T12:30:00+00:00","article_modified_time":"2026-08-20T14:17:21+00:00","og_image":[{"width":1192,"height":800,"url":"https:\/\/spaziospadoni.org\/wp-content\/uploads\/2026\/08\/mongolia-steppe-siccita.webp","type":"image\/webp"}],"author":"Ze Vong","twitter_card":"summary_large_image","twitter_misc":{"Escrito por":"Ze Vong","Est. reading time":"3 minutes"},"schema":{"@context":"https:\/\/schema.org","@graph":[{"@type":"Article","@id":"https:\/\/spaziospadoni.org\/pt-pt\/mongolia-a-sede-da-estepe-e-o-compromisso-de-cuidar-da-terra\/#article","isPartOf":{"@id":"https:\/\/spaziospadoni.org\/pt-pt\/mongolia-a-sede-da-estepe-e-o-compromisso-de-cuidar-da-terra\/"},"author":{"name":"Ze Vong","@id":"https:\/\/spaziospadoni.org\/pt-pt\/#\/schema\/person\/cbb22a23077795e7401bdda2d1c82e35"},"headline":"Mong\u00f3lia, a sede da estepe e o compromisso de cuidar da terra","datePublished":"2026-08-20T12:30:00+00:00","dateModified":"2026-08-20T14:17:21+00:00","mainEntityOfPage":{"@id":"https:\/\/spaziospadoni.org\/pt-pt\/mongolia-a-sede-da-estepe-e-o-compromisso-de-cuidar-da-terra\/"},"wordCount":534,"publisher":{"@id":"https:\/\/spaziospadoni.org\/pt-pt\/#organization"},"image":{"@id":"https:\/\/spaziospadoni.org\/pt-pt\/mongolia-a-sede-da-estepe-e-o-compromisso-de-cuidar-da-terra\/#primaryimage"},"thumbnailUrl":"https:\/\/spaziospadoni.org\/wp-content\/uploads\/2026\/08\/mongolia-steppe-siccita.webp","keywords":["\u00c1sia","seca","sede"],"articleSection":["Not\u00edcias do mundo"],"inLanguage":"pt-PT"},{"@type":"WebPage","@id":"https:\/\/spaziospadoni.org\/pt-pt\/mongolia-a-sede-da-estepe-e-o-compromisso-de-cuidar-da-terra\/","url":"https:\/\/spaziospadoni.org\/pt-pt\/mongolia-a-sede-da-estepe-e-o-compromisso-de-cuidar-da-terra\/","name":"Mong\u00f3lia: cuidar da terra e das comunidades rurais","isPartOf":{"@id":"https:\/\/spaziospadoni.org\/pt-pt\/#website"},"primaryImageOfPage":{"@id":"https:\/\/spaziospadoni.org\/pt-pt\/mongolia-a-sede-da-estepe-e-o-compromisso-de-cuidar-da-terra\/#primaryimage"},"image":{"@id":"https:\/\/spaziospadoni.org\/pt-pt\/mongolia-a-sede-da-estepe-e-o-compromisso-de-cuidar-da-terra\/#primaryimage"},"thumbnailUrl":"https:\/\/spaziospadoni.org\/wp-content\/uploads\/2026\/08\/mongolia-steppe-siccita.webp","datePublished":"2026-08-20T12:30:00+00:00","dateModified":"2026-08-20T14:17:21+00:00","description":"Na Mong\u00f3lia, a desertifica\u00e7\u00e3o atinge 77% das pastagens. Irm\u00e3 Sandra Garay relata os desafios clim\u00e1ticos e a restaura\u00e7\u00e3o dos recursos h\u00eddricos.","breadcrumb":{"@id":"https:\/\/spaziospadoni.org\/pt-pt\/mongolia-a-sede-da-estepe-e-o-compromisso-de-cuidar-da-terra\/#breadcrumb"},"inLanguage":"pt-PT","potentialAction":[{"@type":"ReadAction","target":["https:\/\/spaziospadoni.org\/pt-pt\/mongolia-a-sede-da-estepe-e-o-compromisso-de-cuidar-da-terra\/"]}]},{"@type":"ImageObject","inLanguage":"pt-PT","@id":"https:\/\/spaziospadoni.org\/pt-pt\/mongolia-a-sede-da-estepe-e-o-compromisso-de-cuidar-da-terra\/#primaryimage","url":"https:\/\/spaziospadoni.org\/wp-content\/uploads\/2026\/08\/mongolia-steppe-siccita.webp","contentUrl":"https:\/\/spaziospadoni.org\/wp-content\/uploads\/2026\/08\/mongolia-steppe-siccita.webp","width":1192,"height":800,"caption":"Paisagem \u00e1rida da estepe na Mong\u00f3lia com pastores n\u00f3madas e projetos de recupera\u00e7\u00e3o sustent\u00e1vel da \u00e1gua"},{"@type":"BreadcrumbList","@id":"https:\/\/spaziospadoni.org\/pt-pt\/mongolia-a-sede-da-estepe-e-o-compromisso-de-cuidar-da-terra\/#breadcrumb","itemListElement":[{"@type":"ListItem","position":1,"name":"Home","item":"https:\/\/spaziospadoni.org\/pt-pt\/"},{"@type":"ListItem","position":2,"name":"Mong\u00f3lia, a sede da estepe e o compromisso de cuidar da terra"}]},{"@type":"WebSite","@id":"https:\/\/spaziospadoni.org\/pt-pt\/#website","url":"https:\/\/spaziospadoni.org\/pt-pt\/","name":"spazio + spadoni","description":"Generazione di misericordia e missione nel mondo","publisher":{"@id":"https:\/\/spaziospadoni.org\/pt-pt\/#organization"},"alternateName":"spaziospadoni.org","potentialAction":[{"@type":"SearchAction","target":{"@type":"EntryPoint","urlTemplate":"https:\/\/spaziospadoni.org\/pt-pt\/?s={search_term_string}"},"query-input":{"@type":"PropertyValueSpecification","valueRequired":true,"valueName":"search_term_string"}}],"inLanguage":"pt-PT"},{"@type":"Organization","@id":"https:\/\/spaziospadoni.org\/pt-pt\/#organization","name":"spazio + spadoni","alternateName":"spaziospadoni.org","url":"https:\/\/spaziospadoni.org\/pt-pt\/","logo":{"@type":"ImageObject","inLanguage":"pt-PT","@id":"https:\/\/spaziospadoni.org\/pt-pt\/#\/schema\/logo\/image\/","url":"https:\/\/spaziospadoni.org\/wp-content\/uploads\/2026\/05\/spazio-spadoni-logo-100x100-1.webp","contentUrl":"https:\/\/spaziospadoni.org\/wp-content\/uploads\/2026\/05\/spazio-spadoni-logo-100x100-1.webp","width":100,"height":100,"caption":"spazio + spadoni"},"image":{"@id":"https:\/\/spaziospadoni.org\/pt-pt\/#\/schema\/logo\/image\/"},"sameAs":["https:\/\/www.facebook.com\/SpazioSpadoni\/","https:\/\/www.instagram.com\/spaziospadoni\/","https:\/\/www.youtube.com\/@spaziospadoni\/playlists"]},{"@type":"Person","@id":"https:\/\/spaziospadoni.org\/pt-pt\/#\/schema\/person\/cbb22a23077795e7401bdda2d1c82e35","name":"Ze Vong","image":{"@type":"ImageObject","inLanguage":"pt-PT","@id":"https:\/\/secure.gravatar.com\/avatar\/dccfb8e47b405e5307fecff6a120c8d753077e4604b5c1e86d1c81219292dc84?s=96&d=mm&r=g","url":"https:\/\/secure.gravatar.com\/avatar\/dccfb8e47b405e5307fecff6a120c8d753077e4604b5c1e86d1c81219292dc84?s=96&d=mm&r=g","contentUrl":"https:\/\/secure.gravatar.com\/avatar\/dccfb8e47b405e5307fecff6a120c8d753077e4604b5c1e86d1c81219292dc84?s=96&d=mm&r=g","caption":"Ze Vong"},"description":"Jovem timorense nascido h\u00e1 23 anos na periferia da capital D\u00edli, conheceu de perto as dificuldades de acesso \u00e0 educa\u00e7\u00e3o e \u00e0 sa\u00fade, mas foi precisamente dessas feridas sociais que tirou a for\u00e7a para se tornar hoje muito ativo no voluntariado e nas obras de miseric\u00f3rdia.","url":"https:\/\/spaziospadoni.org\/pt-pt\/author\/vong_mission\/"}]}},"_links":{"self":[{"href":"https:\/\/spaziospadoni.org\/pt-pt\/wp-json\/wp\/v2\/posts\/91284","targetHints":{"allow":["GET"]}}],"collection":[{"href":"https:\/\/spaziospadoni.org\/pt-pt\/wp-json\/wp\/v2\/posts"}],"about":[{"href":"https:\/\/spaziospadoni.org\/pt-pt\/wp-json\/wp\/v2\/types\/post"}],"author":[{"embeddable":true,"href":"https:\/\/spaziospadoni.org\/pt-pt\/wp-json\/wp\/v2\/users\/79"}],"replies":[{"embeddable":true,"href":"https:\/\/spaziospadoni.org\/pt-pt\/wp-json\/wp\/v2\/comments?post=91284"}],"version-history":[{"count":2,"href":"https:\/\/spaziospadoni.org\/pt-pt\/wp-json\/wp\/v2\/posts\/91284\/revisions"}],"predecessor-version":[{"id":91291,"href":"https:\/\/spaziospadoni.org\/pt-pt\/wp-json\/wp\/v2\/posts\/91284\/revisions\/91291"}],"wp:featuredmedia":[{"embeddable":true,"href":"https:\/\/spaziospadoni.org\/pt-pt\/wp-json\/wp\/v2\/media\/91283"}],"wp:attachment":[{"href":"https:\/\/spaziospadoni.org\/pt-pt\/wp-json\/wp\/v2\/media?parent=91284"}],"wp:term":[{"taxonomy":"category","embeddable":true,"href":"https:\/\/spaziospadoni.org\/pt-pt\/wp-json\/wp\/v2\/categories?post=91284"},{"taxonomy":"post_tag","embeddable":true,"href":"https:\/\/spaziospadoni.org\/pt-pt\/wp-json\/wp\/v2\/tags?post=91284"}],"curies":[{"name":"wp","href":"https:\/\/api.w.org\/{rel}","templated":true}]}}