{"id":91301,"date":"2026-08-20T17:30:00","date_gmt":"2026-08-20T16:30:00","guid":{"rendered":"https:\/\/spaziospadoni.org\/?p=91301"},"modified":"2026-08-20T15:34:06","modified_gmt":"2026-08-20T14:34:06","slug":"a-parabola-do-banquete-de-nupcias-o-convite-de-deus-e-a-nossa-resposta","status":"publish","type":"post","link":"https:\/\/spaziospadoni.org\/pt-pt\/a-parabola-do-banquete-de-nupcias-o-convite-de-deus-e-a-nossa-resposta\/","title":{"rendered":"A par\u00e1bola do banquete de n\u00fapcias: o convite de Deus e a nossa resposta"},"content":{"rendered":"\n<p class=\"wp-block-paragraph\">No Evangelho de hoje, 20 de agosto de 2026, Jesus apresenta uma par\u00e1bola cujos destinat\u00e1rios s\u00e3o os sacerdotes e os anci\u00e3os do povo.<\/p>\n\n\n\n<p class=\"wp-block-paragraph\">Jesus compara o Reino dos c\u00e9us a um rei que celebrou o casamento de seu filho. Este rei envia os seus servos para chamar os convidados para a festa, mas estes n\u00e3o quiseram ir. O rei envia ent\u00e3o outros servos para convidar as pessoas, mas com desculpas e justifica\u00e7\u00f5es, o resultado n\u00e3o muda: ningu\u00e9m quer participar.<\/p>\n\n\n\n<p class=\"wp-block-paragraph\">Quantas desculpas e justifica\u00e7\u00f5es apresentamos por vezes para n\u00e3o trabalhar pelo Reino de Deus e para n\u00e3o levar a s\u00e9rio os nossos compromissos batismais!<\/p>\n\n\n\n<h2 id=\"o-convite-universal-e-a-recusa-dos-convidados\" class=\"wp-block-heading\">O convite universal e a recusa dos convidados<\/h2>\n\n\n\n<p class=\"wp-block-paragraph\">Finalmente, o rei envia os seus servos para ir e convidar todos, bons e maus, porque o banquete est\u00e1 pronto. E assim a sala come\u00e7a a encher-se de pessoas, boas e m\u00e1s.<\/p>\n\n\n\n<p class=\"wp-block-paragraph\">O convite \u00e9 sempre iniciativa de Deus: Ele quer que no Seu Reino ningu\u00e9m fique para tr\u00e1s, porque a salva\u00e7\u00e3o \u00e9 para todos (e isto foi reiterado pelo Papa Francisco em Lisboa em agosto de 2023).<\/p>\n\n\n\n<h2 id=\"a-decisao-pessoal-e-o-traje-festivo\" class=\"wp-block-heading\">A decis\u00e3o pessoal e o traje festivo<\/h2>\n\n\n\n<p class=\"wp-block-paragraph\">Contudo, a decis\u00e3o \u00e9 pessoal: os convidados, na verdade, decidiram livre e voluntariamente n\u00e3o participar deste alegre banquete.<\/p>\n\n\n\n<p class=\"wp-block-paragraph\">E tu, querido irm\u00e3o, querida irm\u00e3, o que decides? Queres participar deste banquete? Queres vestir o traje de festa, indispens\u00e1vel para participar deste banquete, representado pela tua sincera convers\u00e3o, pelas tuas boas obras e pela tua experi\u00eancia vivida das Bem-aventuran\u00e7as?<\/p>\n\n\n\n<p class=\"wp-block-paragraph\"><strong>Imagem criada digitalmente por spazio + spadoni<\/strong><\/p>\n\n\n\n<p class=\"wp-block-paragraph\"><\/p>\n","protected":false},"excerpt":{"rendered":"<p>No Evangelho de hoje, 20 de agosto de 2026, Jesus apresenta uma par\u00e1bola cujos destinat\u00e1rios s\u00e3o os sacerdotes e os anci\u00e3os do povo. Jesus compara o Reino dos c\u00e9us a um rei que celebrou o casamento de seu filho. Este rei envia os seus servos para chamar os convidados para a festa, mas estes n\u00e3o &#8230; <a title=\"A par\u00e1bola do banquete de n\u00fapcias: o convite de Deus e a nossa resposta\" class=\"read-more\" href=\"https:\/\/spaziospadoni.org\/pt-pt\/a-parabola-do-banquete-de-nupcias-o-convite-de-deus-e-a-nossa-resposta\/\" aria-label=\"Read more about A par\u00e1bola do banquete de n\u00fapcias: o convite de Deus e a nossa resposta\">Ler mais<\/a><\/p>\n","protected":false},"author":17,"featured_media":91300,"comment_status":"closed","ping_status":"closed","sticky":false,"template":"","format":"standard","meta":{"_sitemap_exclude":false,"_sitemap_priority":"","_sitemap_frequency":"","ss_featured_image_title":"","ss_featured_image_alt":"O convite de Jesus para o banquete","ss_featured_image_caption":"O coment\u00e1rio do mission\u00e1rio comboniano padre Alessio Geraci sobre o Evangelho do convite para o banquete","footnotes":""},"categories":[2525],"tags":[3331,4458,2650,4686],"class_list":["post-91301","post","type-post","status-publish","format-standard","has-post-thumbnail","hentry","category-espiritualidade","tag-conversao","tag-escolha","tag-evangelho","tag-trabalho-espiritual","infinite-scroll-item","generate-columns","tablet-grid-50","mobile-grid-100","grid-parent","grid-50"],"yoast_head":"<!-- This site is optimized with the Yoast SEO plugin v28.4 - https:\/\/yoast.com\/product\/yoast-seo-wordpress\/ -->\n<title>A par\u00e1bola do banquete de n\u00fapcias e o convite de Deus<\/title>\n<meta name=\"description\" content=\"Reflex\u00e3o sobre o Evangelho de 20 de agosto de 2026: a par\u00e1bola do banquete de n\u00fapcias, o convite universal de Deus e a escolha de participar.\" \/>\n<meta name=\"robots\" content=\"index, follow, max-snippet:-1, max-image-preview:large, max-video-preview:-1\" \/>\n<link rel=\"canonical\" href=\"https:\/\/spaziospadoni.org\/pt-pt\/a-parabola-do-banquete-de-nupcias-o-convite-de-deus-e-a-nossa-resposta\/\" \/>\n<meta property=\"og:locale\" content=\"pt_PT\" \/>\n<meta property=\"og:type\" content=\"article\" \/>\n<meta property=\"og:title\" content=\"A par\u00e1bola do banquete de n\u00fapcias e o convite de Deus\" \/>\n<meta property=\"og:description\" content=\"Reflex\u00e3o sobre o Evangelho de 20 de agosto de 2026: a par\u00e1bola do banquete de n\u00fapcias, o convite universal de Deus e a escolha de participar.\" \/>\n<meta property=\"og:url\" content=\"https:\/\/spaziospadoni.org\/pt-pt\/a-parabola-do-banquete-de-nupcias-o-convite-de-deus-e-a-nossa-resposta\/\" \/>\n<meta property=\"og:site_name\" content=\"spazio + spadoni\" \/>\n<meta property=\"article:publisher\" content=\"https:\/\/www.facebook.com\/SpazioSpadoni\/\" \/>\n<meta property=\"article:published_time\" content=\"2026-08-20T16:30:00+00:00\" \/>\n<meta property=\"og:image\" content=\"https:\/\/spaziospadoni.org\/wp-content\/uploads\/2026\/08\/invitati-banchetto-gesu.webp\" \/>\n\t<meta property=\"og:image:width\" content=\"1192\" \/>\n\t<meta property=\"og:image:height\" content=\"800\" \/>\n\t<meta property=\"og:image:type\" content=\"image\/webp\" \/>\n<meta name=\"author\" content=\"Padre Alessio Geraci\" \/>\n<meta name=\"twitter:card\" content=\"summary_large_image\" \/>\n<meta name=\"twitter:label1\" content=\"Escrito por\" \/>\n\t<meta name=\"twitter:data1\" content=\"Padre Alessio Geraci\" \/>\n\t<meta name=\"twitter:label2\" content=\"Est. reading time\" \/>\n\t<meta name=\"twitter:data2\" content=\"2 minutes\" \/>\n<script type=\"application\/ld+json\" class=\"yoast-schema-graph\">{\"@context\":\"https:\\\/\\\/schema.org\",\"@graph\":[{\"@type\":\"Article\",\"@id\":\"https:\\\/\\\/spaziospadoni.org\\\/pt-pt\\\/a-parabola-do-banquete-de-nupcias-o-convite-de-deus-e-a-nossa-resposta\\\/#article\",\"isPartOf\":{\"@id\":\"https:\\\/\\\/spaziospadoni.org\\\/pt-pt\\\/a-parabola-do-banquete-de-nupcias-o-convite-de-deus-e-a-nossa-resposta\\\/\"},\"author\":{\"name\":\"Padre Alessio Geraci\",\"@id\":\"https:\\\/\\\/spaziospadoni.org\\\/pt-pt\\\/#\\\/schema\\\/person\\\/d3c66a7bc7dc4e0150284c92e9cbc5df\"},\"headline\":\"A par\u00e1bola do banquete de n\u00fapcias: o convite de Deus e a nossa resposta\",\"datePublished\":\"2026-08-20T16:30:00+00:00\",\"mainEntityOfPage\":{\"@id\":\"https:\\\/\\\/spaziospadoni.org\\\/pt-pt\\\/a-parabola-do-banquete-de-nupcias-o-convite-de-deus-e-a-nossa-resposta\\\/\"},\"wordCount\":287,\"publisher\":{\"@id\":\"https:\\\/\\\/spaziospadoni.org\\\/pt-pt\\\/#organization\"},\"image\":{\"@id\":\"https:\\\/\\\/spaziospadoni.org\\\/pt-pt\\\/a-parabola-do-banquete-de-nupcias-o-convite-de-deus-e-a-nossa-resposta\\\/#primaryimage\"},\"thumbnailUrl\":\"https:\\\/\\\/spaziospadoni.org\\\/wp-content\\\/uploads\\\/2026\\\/08\\\/invitati-banchetto-gesu.webp\",\"keywords\":[\"convers\u00e3o\",\"escolha\",\"Evangelho\",\"trabalho espiritual\"],\"articleSection\":[\"Espiritualidade\"],\"inLanguage\":\"pt-PT\"},{\"@type\":\"WebPage\",\"@id\":\"https:\\\/\\\/spaziospadoni.org\\\/pt-pt\\\/a-parabola-do-banquete-de-nupcias-o-convite-de-deus-e-a-nossa-resposta\\\/\",\"url\":\"https:\\\/\\\/spaziospadoni.org\\\/pt-pt\\\/a-parabola-do-banquete-de-nupcias-o-convite-de-deus-e-a-nossa-resposta\\\/\",\"name\":\"A par\u00e1bola do banquete de n\u00fapcias e o convite de Deus\",\"isPartOf\":{\"@id\":\"https:\\\/\\\/spaziospadoni.org\\\/pt-pt\\\/#website\"},\"primaryImageOfPage\":{\"@id\":\"https:\\\/\\\/spaziospadoni.org\\\/pt-pt\\\/a-parabola-do-banquete-de-nupcias-o-convite-de-deus-e-a-nossa-resposta\\\/#primaryimage\"},\"image\":{\"@id\":\"https:\\\/\\\/spaziospadoni.org\\\/pt-pt\\\/a-parabola-do-banquete-de-nupcias-o-convite-de-deus-e-a-nossa-resposta\\\/#primaryimage\"},\"thumbnailUrl\":\"https:\\\/\\\/spaziospadoni.org\\\/wp-content\\\/uploads\\\/2026\\\/08\\\/invitati-banchetto-gesu.webp\",\"datePublished\":\"2026-08-20T16:30:00+00:00\",\"description\":\"Reflex\u00e3o sobre o Evangelho de 20 de agosto de 2026: a par\u00e1bola do banquete de n\u00fapcias, o convite universal de Deus e a escolha de participar.\",\"breadcrumb\":{\"@id\":\"https:\\\/\\\/spaziospadoni.org\\\/pt-pt\\\/a-parabola-do-banquete-de-nupcias-o-convite-de-deus-e-a-nossa-resposta\\\/#breadcrumb\"},\"inLanguage\":\"pt-PT\",\"potentialAction\":[{\"@type\":\"ReadAction\",\"target\":[\"https:\\\/\\\/spaziospadoni.org\\\/pt-pt\\\/a-parabola-do-banquete-de-nupcias-o-convite-de-deus-e-a-nossa-resposta\\\/\"]}]},{\"@type\":\"ImageObject\",\"inLanguage\":\"pt-PT\",\"@id\":\"https:\\\/\\\/spaziospadoni.org\\\/pt-pt\\\/a-parabola-do-banquete-de-nupcias-o-convite-de-deus-e-a-nossa-resposta\\\/#primaryimage\",\"url\":\"https:\\\/\\\/spaziospadoni.org\\\/wp-content\\\/uploads\\\/2026\\\/08\\\/invitati-banchetto-gesu.webp\",\"contentUrl\":\"https:\\\/\\\/spaziospadoni.org\\\/wp-content\\\/uploads\\\/2026\\\/08\\\/invitati-banchetto-gesu.webp\",\"width\":1192,\"height\":800,\"caption\":\"O coment\u00e1rio do mission\u00e1rio comboniano padre Alessio Geraci sobre o Evangelho do convite para o banquete\"},{\"@type\":\"BreadcrumbList\",\"@id\":\"https:\\\/\\\/spaziospadoni.org\\\/pt-pt\\\/a-parabola-do-banquete-de-nupcias-o-convite-de-deus-e-a-nossa-resposta\\\/#breadcrumb\",\"itemListElement\":[{\"@type\":\"ListItem\",\"position\":1,\"name\":\"Home\",\"item\":\"https:\\\/\\\/spaziospadoni.org\\\/pt-pt\\\/\"},{\"@type\":\"ListItem\",\"position\":2,\"name\":\"A par\u00e1bola do banquete de n\u00fapcias: o convite de Deus e a nossa resposta\"}]},{\"@type\":\"WebSite\",\"@id\":\"https:\\\/\\\/spaziospadoni.org\\\/pt-pt\\\/#website\",\"url\":\"https:\\\/\\\/spaziospadoni.org\\\/pt-pt\\\/\",\"name\":\"spazio + spadoni\",\"description\":\"Generazione di misericordia e missione nel mondo\",\"publisher\":{\"@id\":\"https:\\\/\\\/spaziospadoni.org\\\/pt-pt\\\/#organization\"},\"alternateName\":\"spaziospadoni.org\",\"potentialAction\":[{\"@type\":\"SearchAction\",\"target\":{\"@type\":\"EntryPoint\",\"urlTemplate\":\"https:\\\/\\\/spaziospadoni.org\\\/pt-pt\\\/?s={search_term_string}\"},\"query-input\":{\"@type\":\"PropertyValueSpecification\",\"valueRequired\":true,\"valueName\":\"search_term_string\"}}],\"inLanguage\":\"pt-PT\"},{\"@type\":\"Organization\",\"@id\":\"https:\\\/\\\/spaziospadoni.org\\\/pt-pt\\\/#organization\",\"name\":\"spazio + spadoni\",\"alternateName\":\"spaziospadoni.org\",\"url\":\"https:\\\/\\\/spaziospadoni.org\\\/pt-pt\\\/\",\"logo\":{\"@type\":\"ImageObject\",\"inLanguage\":\"pt-PT\",\"@id\":\"https:\\\/\\\/spaziospadoni.org\\\/pt-pt\\\/#\\\/schema\\\/logo\\\/image\\\/\",\"url\":\"https:\\\/\\\/spaziospadoni.org\\\/wp-content\\\/uploads\\\/2026\\\/05\\\/spazio-spadoni-logo-100x100-1.webp\",\"contentUrl\":\"https:\\\/\\\/spaziospadoni.org\\\/wp-content\\\/uploads\\\/2026\\\/05\\\/spazio-spadoni-logo-100x100-1.webp\",\"width\":100,\"height\":100,\"caption\":\"spazio + spadoni\"},\"image\":{\"@id\":\"https:\\\/\\\/spaziospadoni.org\\\/pt-pt\\\/#\\\/schema\\\/logo\\\/image\\\/\"},\"sameAs\":[\"https:\\\/\\\/www.facebook.com\\\/SpazioSpadoni\\\/\",\"https:\\\/\\\/www.instagram.com\\\/spaziospadoni\\\/\",\"https:\\\/\\\/www.youtube.com\\\/@spaziospadoni\\\/playlists\"]},{\"@type\":\"Person\",\"@id\":\"https:\\\/\\\/spaziospadoni.org\\\/pt-pt\\\/#\\\/schema\\\/person\\\/d3c66a7bc7dc4e0150284c92e9cbc5df\",\"name\":\"Padre Alessio Geraci\",\"image\":{\"@type\":\"ImageObject\",\"inLanguage\":\"pt-PT\",\"@id\":\"https:\\\/\\\/secure.gravatar.com\\\/avatar\\\/0c9c9df8c754b964a67f8a08d45b6f0557f16bca4c45a30e2d597191e75bcd69?s=96&d=mm&r=g\",\"url\":\"https:\\\/\\\/secure.gravatar.com\\\/avatar\\\/0c9c9df8c754b964a67f8a08d45b6f0557f16bca4c45a30e2d597191e75bcd69?s=96&d=mm&r=g\",\"contentUrl\":\"https:\\\/\\\/secure.gravatar.com\\\/avatar\\\/0c9c9df8c754b964a67f8a08d45b6f0557f16bca4c45a30e2d597191e75bcd69?s=96&d=mm&r=g\",\"caption\":\"Padre Alessio Geraci\"},\"description\":\"O padre Alessio Geraci nasceu em Palermo, em 11 de junho de 1983, filho \u00fanico de Gabriella e Vincenzo. Estudou l\u00ednguas estrangeiras no ensino secund\u00e1rio e aprofundou os seus estudos na universidade, movido pelo desejo de partir em miss\u00e3o. Depois de alguns anos como mission\u00e1rio leigo, especialmente na Argentina, ingressou nos Mission\u00e1rios Combonianos. Esteve em miss\u00e3o no Peru entre 2014 e 2019 e em It\u00e1lia entre 2019 e 2024, dedicando-se ao servi\u00e7o entre e com os jovens. Em outubro de 2024, regressou ao Peru, \u00e0 periferia sul de Lima, onde \u00e9 atualmente p\u00e1roco da Par\u00f3quia \u201cCristo Misionero del Padre\u201d, em Chorrillos.\",\"url\":\"https:\\\/\\\/spaziospadoni.org\\\/pt-pt\\\/author\\\/geraci_mission\\\/\"}]}<\/script>\n<!-- \/ Yoast SEO plugin. -->","yoast_head_json":{"title":"A par\u00e1bola do banquete de n\u00fapcias e o convite de Deus","description":"Reflex\u00e3o sobre o Evangelho de 20 de agosto de 2026: a par\u00e1bola do banquete de n\u00fapcias, o convite universal de Deus e a escolha de participar.","robots":{"index":"index","follow":"follow","max-snippet":"max-snippet:-1","max-image-preview":"max-image-preview:large","max-video-preview":"max-video-preview:-1"},"canonical":"https:\/\/spaziospadoni.org\/pt-pt\/a-parabola-do-banquete-de-nupcias-o-convite-de-deus-e-a-nossa-resposta\/","og_locale":"pt_PT","og_type":"article","og_title":"A par\u00e1bola do banquete de n\u00fapcias e o convite de Deus","og_description":"Reflex\u00e3o sobre o Evangelho de 20 de agosto de 2026: a par\u00e1bola do banquete de n\u00fapcias, o convite universal de Deus e a escolha de participar.","og_url":"https:\/\/spaziospadoni.org\/pt-pt\/a-parabola-do-banquete-de-nupcias-o-convite-de-deus-e-a-nossa-resposta\/","og_site_name":"spazio + spadoni","article_publisher":"https:\/\/www.facebook.com\/SpazioSpadoni\/","article_published_time":"2026-08-20T16:30:00+00:00","og_image":[{"width":1192,"height":800,"url":"https:\/\/spaziospadoni.org\/wp-content\/uploads\/2026\/08\/invitati-banchetto-gesu.webp","type":"image\/webp"}],"author":"Padre Alessio Geraci","twitter_card":"summary_large_image","twitter_misc":{"Escrito por":"Padre Alessio Geraci","Est. reading time":"2 minutes"},"schema":{"@context":"https:\/\/schema.org","@graph":[{"@type":"Article","@id":"https:\/\/spaziospadoni.org\/pt-pt\/a-parabola-do-banquete-de-nupcias-o-convite-de-deus-e-a-nossa-resposta\/#article","isPartOf":{"@id":"https:\/\/spaziospadoni.org\/pt-pt\/a-parabola-do-banquete-de-nupcias-o-convite-de-deus-e-a-nossa-resposta\/"},"author":{"name":"Padre Alessio Geraci","@id":"https:\/\/spaziospadoni.org\/pt-pt\/#\/schema\/person\/d3c66a7bc7dc4e0150284c92e9cbc5df"},"headline":"A par\u00e1bola do banquete de n\u00fapcias: o convite de Deus e a nossa resposta","datePublished":"2026-08-20T16:30:00+00:00","mainEntityOfPage":{"@id":"https:\/\/spaziospadoni.org\/pt-pt\/a-parabola-do-banquete-de-nupcias-o-convite-de-deus-e-a-nossa-resposta\/"},"wordCount":287,"publisher":{"@id":"https:\/\/spaziospadoni.org\/pt-pt\/#organization"},"image":{"@id":"https:\/\/spaziospadoni.org\/pt-pt\/a-parabola-do-banquete-de-nupcias-o-convite-de-deus-e-a-nossa-resposta\/#primaryimage"},"thumbnailUrl":"https:\/\/spaziospadoni.org\/wp-content\/uploads\/2026\/08\/invitati-banchetto-gesu.webp","keywords":["convers\u00e3o","escolha","Evangelho","trabalho espiritual"],"articleSection":["Espiritualidade"],"inLanguage":"pt-PT"},{"@type":"WebPage","@id":"https:\/\/spaziospadoni.org\/pt-pt\/a-parabola-do-banquete-de-nupcias-o-convite-de-deus-e-a-nossa-resposta\/","url":"https:\/\/spaziospadoni.org\/pt-pt\/a-parabola-do-banquete-de-nupcias-o-convite-de-deus-e-a-nossa-resposta\/","name":"A par\u00e1bola do banquete de n\u00fapcias e o convite de Deus","isPartOf":{"@id":"https:\/\/spaziospadoni.org\/pt-pt\/#website"},"primaryImageOfPage":{"@id":"https:\/\/spaziospadoni.org\/pt-pt\/a-parabola-do-banquete-de-nupcias-o-convite-de-deus-e-a-nossa-resposta\/#primaryimage"},"image":{"@id":"https:\/\/spaziospadoni.org\/pt-pt\/a-parabola-do-banquete-de-nupcias-o-convite-de-deus-e-a-nossa-resposta\/#primaryimage"},"thumbnailUrl":"https:\/\/spaziospadoni.org\/wp-content\/uploads\/2026\/08\/invitati-banchetto-gesu.webp","datePublished":"2026-08-20T16:30:00+00:00","description":"Reflex\u00e3o sobre o Evangelho de 20 de agosto de 2026: a par\u00e1bola do banquete de n\u00fapcias, o convite universal de Deus e a escolha de participar.","breadcrumb":{"@id":"https:\/\/spaziospadoni.org\/pt-pt\/a-parabola-do-banquete-de-nupcias-o-convite-de-deus-e-a-nossa-resposta\/#breadcrumb"},"inLanguage":"pt-PT","potentialAction":[{"@type":"ReadAction","target":["https:\/\/spaziospadoni.org\/pt-pt\/a-parabola-do-banquete-de-nupcias-o-convite-de-deus-e-a-nossa-resposta\/"]}]},{"@type":"ImageObject","inLanguage":"pt-PT","@id":"https:\/\/spaziospadoni.org\/pt-pt\/a-parabola-do-banquete-de-nupcias-o-convite-de-deus-e-a-nossa-resposta\/#primaryimage","url":"https:\/\/spaziospadoni.org\/wp-content\/uploads\/2026\/08\/invitati-banchetto-gesu.webp","contentUrl":"https:\/\/spaziospadoni.org\/wp-content\/uploads\/2026\/08\/invitati-banchetto-gesu.webp","width":1192,"height":800,"caption":"O coment\u00e1rio do mission\u00e1rio comboniano padre Alessio Geraci sobre o Evangelho do convite para o banquete"},{"@type":"BreadcrumbList","@id":"https:\/\/spaziospadoni.org\/pt-pt\/a-parabola-do-banquete-de-nupcias-o-convite-de-deus-e-a-nossa-resposta\/#breadcrumb","itemListElement":[{"@type":"ListItem","position":1,"name":"Home","item":"https:\/\/spaziospadoni.org\/pt-pt\/"},{"@type":"ListItem","position":2,"name":"A par\u00e1bola do banquete de n\u00fapcias: o convite de Deus e a nossa resposta"}]},{"@type":"WebSite","@id":"https:\/\/spaziospadoni.org\/pt-pt\/#website","url":"https:\/\/spaziospadoni.org\/pt-pt\/","name":"spazio + spadoni","description":"Generazione di misericordia e missione nel mondo","publisher":{"@id":"https:\/\/spaziospadoni.org\/pt-pt\/#organization"},"alternateName":"spaziospadoni.org","potentialAction":[{"@type":"SearchAction","target":{"@type":"EntryPoint","urlTemplate":"https:\/\/spaziospadoni.org\/pt-pt\/?s={search_term_string}"},"query-input":{"@type":"PropertyValueSpecification","valueRequired":true,"valueName":"search_term_string"}}],"inLanguage":"pt-PT"},{"@type":"Organization","@id":"https:\/\/spaziospadoni.org\/pt-pt\/#organization","name":"spazio + spadoni","alternateName":"spaziospadoni.org","url":"https:\/\/spaziospadoni.org\/pt-pt\/","logo":{"@type":"ImageObject","inLanguage":"pt-PT","@id":"https:\/\/spaziospadoni.org\/pt-pt\/#\/schema\/logo\/image\/","url":"https:\/\/spaziospadoni.org\/wp-content\/uploads\/2026\/05\/spazio-spadoni-logo-100x100-1.webp","contentUrl":"https:\/\/spaziospadoni.org\/wp-content\/uploads\/2026\/05\/spazio-spadoni-logo-100x100-1.webp","width":100,"height":100,"caption":"spazio + spadoni"},"image":{"@id":"https:\/\/spaziospadoni.org\/pt-pt\/#\/schema\/logo\/image\/"},"sameAs":["https:\/\/www.facebook.com\/SpazioSpadoni\/","https:\/\/www.instagram.com\/spaziospadoni\/","https:\/\/www.youtube.com\/@spaziospadoni\/playlists"]},{"@type":"Person","@id":"https:\/\/spaziospadoni.org\/pt-pt\/#\/schema\/person\/d3c66a7bc7dc4e0150284c92e9cbc5df","name":"Padre Alessio Geraci","image":{"@type":"ImageObject","inLanguage":"pt-PT","@id":"https:\/\/secure.gravatar.com\/avatar\/0c9c9df8c754b964a67f8a08d45b6f0557f16bca4c45a30e2d597191e75bcd69?s=96&d=mm&r=g","url":"https:\/\/secure.gravatar.com\/avatar\/0c9c9df8c754b964a67f8a08d45b6f0557f16bca4c45a30e2d597191e75bcd69?s=96&d=mm&r=g","contentUrl":"https:\/\/secure.gravatar.com\/avatar\/0c9c9df8c754b964a67f8a08d45b6f0557f16bca4c45a30e2d597191e75bcd69?s=96&d=mm&r=g","caption":"Padre Alessio Geraci"},"description":"O padre Alessio Geraci nasceu em Palermo, em 11 de junho de 1983, filho \u00fanico de Gabriella e Vincenzo. Estudou l\u00ednguas estrangeiras no ensino secund\u00e1rio e aprofundou os seus estudos na universidade, movido pelo desejo de partir em miss\u00e3o. Depois de alguns anos como mission\u00e1rio leigo, especialmente na Argentina, ingressou nos Mission\u00e1rios Combonianos. Esteve em miss\u00e3o no Peru entre 2014 e 2019 e em It\u00e1lia entre 2019 e 2024, dedicando-se ao servi\u00e7o entre e com os jovens. Em outubro de 2024, regressou ao Peru, \u00e0 periferia sul de Lima, onde \u00e9 atualmente p\u00e1roco da Par\u00f3quia \u201cCristo Misionero del Padre\u201d, em Chorrillos.","url":"https:\/\/spaziospadoni.org\/pt-pt\/author\/geraci_mission\/"}]}},"_links":{"self":[{"href":"https:\/\/spaziospadoni.org\/pt-pt\/wp-json\/wp\/v2\/posts\/91301","targetHints":{"allow":["GET"]}}],"collection":[{"href":"https:\/\/spaziospadoni.org\/pt-pt\/wp-json\/wp\/v2\/posts"}],"about":[{"href":"https:\/\/spaziospadoni.org\/pt-pt\/wp-json\/wp\/v2\/types\/post"}],"author":[{"embeddable":true,"href":"https:\/\/spaziospadoni.org\/pt-pt\/wp-json\/wp\/v2\/users\/17"}],"replies":[{"embeddable":true,"href":"https:\/\/spaziospadoni.org\/pt-pt\/wp-json\/wp\/v2\/comments?post=91301"}],"version-history":[{"count":1,"href":"https:\/\/spaziospadoni.org\/pt-pt\/wp-json\/wp\/v2\/posts\/91301\/revisions"}],"predecessor-version":[{"id":91302,"href":"https:\/\/spaziospadoni.org\/pt-pt\/wp-json\/wp\/v2\/posts\/91301\/revisions\/91302"}],"wp:featuredmedia":[{"embeddable":true,"href":"https:\/\/spaziospadoni.org\/pt-pt\/wp-json\/wp\/v2\/media\/91300"}],"wp:attachment":[{"href":"https:\/\/spaziospadoni.org\/pt-pt\/wp-json\/wp\/v2\/media?parent=91301"}],"wp:term":[{"taxonomy":"category","embeddable":true,"href":"https:\/\/spaziospadoni.org\/pt-pt\/wp-json\/wp\/v2\/categories?post=91301"},{"taxonomy":"post_tag","embeddable":true,"href":"https:\/\/spaziospadoni.org\/pt-pt\/wp-json\/wp\/v2\/tags?post=91301"}],"curies":[{"name":"wp","href":"https:\/\/api.w.org\/{rel}","templated":true}]}}