{"id":91362,"date":"2026-08-21T13:30:00","date_gmt":"2026-08-21T12:30:00","guid":{"rendered":"https:\/\/spaziospadoni.org\/?p=91362"},"modified":"2026-08-21T07:52:21","modified_gmt":"2026-08-21T06:52:21","slug":"africa-burundi-formacao-em-nao-violencia-ativa-para-os-membros-fdc","status":"publish","type":"post","link":"https:\/\/spaziospadoni.org\/pt-pt\/africa-burundi-formacao-em-nao-violencia-ativa-para-os-membros-fdc\/","title":{"rendered":"\u00c1frica, Burundi | Forma\u00e7\u00e3o em n\u00e3o-viol\u00eancia ativa para os membros FDC"},"content":{"rendered":"\n<p class=\"wp-block-paragraph\">Quarenta membros associados do <strong>Instituto Fam\u00edlia das Disc\u00edpulas de Cristo (FDC)<\/strong>, provenientes das dioceses de Bururi, Bujumbura, Rutana e Ruyigi, participaram de uma sess\u00e3o de forma\u00e7\u00e3o sobre a N\u00e3o-viol\u00eancia Ativa (NVA).<\/p>\n\n\n\n<p class=\"wp-block-paragraph\">Organizada de 17 a 18 de agosto de 2026 no Pequeno Semin\u00e1rio de Buta, na diocese de Bururi, sede do Instituto, a forma\u00e7\u00e3o teve como objetivo fortalecer as compet\u00eancias dos participantes na preven\u00e7\u00e3o e na gest\u00e3o pac\u00edfica de conflitos, tanto nas fam\u00edlias quanto nos ambientes profissionais e comunit\u00e1rios.<\/p>\n\n\n\n<p class=\"wp-block-paragraph\">A forma\u00e7\u00e3o foi orientada por uma religiosa da Fam\u00edlia das Disc\u00edpulas de Cristo. Insere-se na miss\u00e3o comum do Instituto e de seus membros associados leigos: promover e acompanhar as Comunidades Eclesiais de Base para que se tornem testemunhas do amor de Deus Pai.<\/p>\n\n\n\n<h2 id=\"membros-associados-chamados-a-ser-artesaos-da-paz\" class=\"wp-block-heading\">Membros associados chamados a ser artes\u00e3os da paz<\/h2>\n\n\n\n<p class=\"wp-block-paragraph\">Os quarenta participantes eram 11 homens, 15 mulheres e 14 jovens mulheres solteiras. Atrav\u00e9s desta forma\u00e7\u00e3o, o Instituto FDC busca oferecer aos seus membros associados ferramentas pr\u00e1ticas que lhes permitam compreender melhor os mecanismos da viol\u00eancia, prevenir conflitos e buscar solu\u00e7\u00f5es fundamentadas no di\u00e1logo, na justi\u00e7a e na reconcilia\u00e7\u00e3o.<\/p>\n\n\n\n<p class=\"wp-block-paragraph\">Os ensinamentos abordaram especialmente a N\u00e3o-viol\u00eancia Ativa como alternativa \u00e0 viol\u00eancia, a preven\u00e7\u00e3o e a gest\u00e3o de conflitos, a redu\u00e7\u00e3o de suas consequ\u00eancias negativas, bem como a constru\u00e7\u00e3o de rela\u00e7\u00f5es pautadas na equidade e no respeito m\u00fatuo.<\/p>\n\n\n\n<p class=\"wp-block-paragraph\">A forma\u00e7\u00e3o tamb\u00e9m tratou da cura de traumas, com aten\u00e7\u00e3o espec\u00edfica ao modo como o organismo reage ao estresse e a viv\u00eancias traum\u00e1ticas. Os participantes foram sensibilizados sobre caminhos para lidar melhor com os traumas e seus desdobramentos.<\/p>\n\n\n\n<p class=\"wp-block-paragraph\">Entre os temas desenvolvidos estiveram tamb\u00e9m a Comunica\u00e7\u00e3o N\u00e3o-violenta (CNV), o perd\u00e3o e a reconcilia\u00e7\u00e3o.<\/p>\n\n\n\n<h2 id=\"iniciar-a-naoviolencia-a-partir-de-si-mesmo\" class=\"wp-block-heading\">Iniciar a n\u00e3o-viol\u00eancia a partir de si mesmo<\/h2>\n\n\n\n<p class=\"wp-block-paragraph\">Ao t\u00e9rmino do encontro, diversos participantes manifestaram satisfa\u00e7\u00e3o, ressaltando a aquisi\u00e7\u00e3o de conhecimentos e recursos para transformar sua forma de lidar com tens\u00f5es e conflitos.<\/p>\n\n\n\n<p class=\"wp-block-paragraph\">Conforme os relatos obtidos, a forma\u00e7\u00e3o colaborou decisivamente para fortalecer a autoconfian\u00e7a e a confian\u00e7a no pr\u00f3ximo, aprimorando simultaneamente as habilidades pessoais e profissionais indispens\u00e1veis ao enfrentamento harmonioso dos desafios cotidianos.<\/p>\n\n\n\n<h2 id=\"pierre-niyonizigiye-os-ensinamentos-recebidos-me-ajudarao-a-cumprir-melhor-a-minha-missao\" class=\"wp-block-heading\">Pierre Niyonizigiye: \u00abOs ensinamentos recebidos me ajudar\u00e3o a cumprir melhor a minha miss\u00e3o\u00bb<\/h2>\n\n\n\n<p class=\"wp-block-paragraph\">Niyonizigiye, catequista da par\u00f3quia de Rutovu e respons\u00e1vel pela institui\u00e7\u00e3o do Ubushingantahe, valorizou profundamente os conte\u00fados ministrados na capacita\u00e7\u00e3o.<\/p>\n\n\n\n<blockquote class=\"wp-block-quote is-layout-flow wp-block-quote-is-layout-flow\">\n<p class=\"wp-block-paragraph\"><em>\u00abEu, que sou catequista e respons\u00e1vel pela institui\u00e7\u00e3o do Ubushingantahe, encontro muitas pessoas. Os ensinamentos recebidos me ajudar\u00e3o a cumprir melhor a minha miss\u00e3o de orientar os outros na resolu\u00e7\u00e3o pac\u00edfica de conflitos\u00bb.<\/em><\/p>\n<\/blockquote>\n\n\n\n<p class=\"wp-block-paragraph\">Para ele, esta oportunidade proporcionou a descoberta de novos caminhos para edificar uma sociedade mais pac\u00edfica, justa e fraterna, come\u00e7ando pela pr\u00f3pria conduta.<\/p>\n\n\n\n<p class=\"wp-block-paragraph\">Ele tamb\u00e9m declarou ter sido intensamente tocado pelo tema do perd\u00e3o e da reconcilia\u00e7\u00e3o, sobretudo a partir do testemunho de Nelson Mandela. Em sua avalia\u00e7\u00e3o, diagnosticar a origem de um conflito e auxiliar o irm\u00e3o a libertar-se do rancor e do \u00f3dio \u00e9 um passo decisivo rumo \u00e0 conc\u00f3rdia.<\/p>\n\n\n\n<p class=\"wp-block-paragraph\">Ao final do treinamento, Niyonizigiye assumiu o compromisso de romper com a propaga\u00e7\u00e3o da viol\u00eancia e de n\u00e3o reagir por m\u00e9todos agressivos, priorizando o di\u00e1logo, a reflex\u00e3o sobre as causas profundas e a media\u00e7\u00e3o serena.<\/p>\n\n\n\n<h2 id=\"felicien-ndayiganyiye-e-urgente-semear-justica-e-verdade\" class=\"wp-block-heading\">F\u00e9licien Ndayiganyiye: \u00ab\u00c9 urgente semear justi\u00e7a e verdade\u00bb<\/h2>\n\n\n\n<p class=\"wp-block-paragraph\">Para F\u00e9licien Ndayiganyiye, os aprendizados colhidos representam um instrumento para vivenciar a n\u00e3o-viol\u00eancia diariamente e irradi\u00e1-la \u00e0s pessoas ao redor.<\/p>\n\n\n\n<p class=\"wp-block-paragraph\">Ele ressalta que, entre as causas preponderantes de atrito apontadas pelo grupo, a injusti\u00e7a assume papel central.<\/p>\n\n\n\n<blockquote class=\"wp-block-quote is-layout-flow wp-block-quote-is-layout-flow\">\n<p class=\"wp-block-paragraph\"><em>\u00ab\u00c9 urgente fazer um apelo firme para semear a justi\u00e7a e a verdade\u00bb.<\/em><\/p>\n<\/blockquote>\n\n\n\n<p class=\"wp-block-paragraph\">F\u00e9licien Ndayiganyiye incentiva as pessoas em lit\u00edgio a sentarem-se juntas e a darem primazia ao di\u00e1logo, com o prop\u00f3sito de alcan\u00e7arem solu\u00e7\u00f5es compartilhadas.<\/p>\n\n\n\n<h2 id=\"uma-formacao-inserida-em-um-percurso-mais-amplo\" class=\"wp-block-heading\">Uma forma\u00e7\u00e3o inserida em um percurso mais amplo<\/h2>\n\n\n\n<p class=\"wp-block-paragraph\">Esta forma\u00e7\u00e3o voltada aos membros associados d\u00e1 continuidade \u00e0 etapa realizada em abril de 2026, quando 94 religiosas da Fam\u00edlia das Disc\u00edpulas de Cristo receberam prepara\u00e7\u00e3o sobre os mesmos temas.<\/p>\n\n\n\n<p class=\"wp-block-paragraph\">Por meio desses encontros, o Instituto FDC consolida sua dedica\u00e7\u00e3o em prol do cultivo da n\u00e3o-viol\u00eancia, da escuta, da justi\u00e7a, da reconcilia\u00e7\u00e3o e do perd\u00e3o.<\/p>\n\n\n\n<p class=\"wp-block-paragraph\">A capacita\u00e7\u00e3o dos associados simboliza tamb\u00e9m um avan\u00e7o relevante no cumprimento da voca\u00e7\u00e3o compartilhada entre as religiosas do Instituto e os leigos. Ao ampliar essas compet\u00eancias, o Instituto deseja constituir agentes capacitados para fomentar a conviv\u00eancia pac\u00edfica e a fraternidade em seus lares, ambientes de trabalho e comunidades.<\/p>\n\n\n\n<p class=\"wp-block-paragraph\">Com essa realiza\u00e7\u00e3o, a Fam\u00edlia das Disc\u00edpulas de Cristo ratifica que a n\u00e3o-viol\u00eancia ultrapassa o campo das ideias: brota de uma renova\u00e7\u00e3o interior e reflete-se na rela\u00e7\u00e3o com o pr\u00f3ximo.<\/p>\n\n\n\n<p class=\"wp-block-paragraph\"><strong>Foto da irm\u00e3 Gaudence Nininahazwe<\/strong><\/p>\n\n\n\n<p class=\"wp-block-paragraph\"><\/p>\n","protected":false},"excerpt":{"rendered":"<p>Quarenta membros associados do Instituto Fam\u00edlia das Disc\u00edpulas de Cristo (FDC), provenientes das dioceses de Bururi, Bujumbura, Rutana e Ruyigi, participaram de uma sess\u00e3o de forma\u00e7\u00e3o sobre a N\u00e3o-viol\u00eancia Ativa (NVA). Organizada de 17 a 18 de agosto de 2026 no Pequeno Semin\u00e1rio de Buta, na diocese de Bururi, sede do Instituto, a forma\u00e7\u00e3o teve &#8230; <a title=\"\u00c1frica, Burundi | Forma\u00e7\u00e3o em n\u00e3o-viol\u00eancia ativa para os membros FDC\" class=\"read-more\" href=\"https:\/\/spaziospadoni.org\/pt-pt\/africa-burundi-formacao-em-nao-violencia-ativa-para-os-membros-fdc\/\" aria-label=\"Read more about \u00c1frica, Burundi | Forma\u00e7\u00e3o em n\u00e3o-viol\u00eancia ativa para os membros FDC\">Ler mais<\/a><\/p>\n","protected":false},"author":74,"featured_media":91361,"comment_status":"closed","ping_status":"closed","sticky":false,"template":"","format":"standard","meta":{"_sitemap_exclude":false,"_sitemap_priority":"","_sitemap_frequency":"","ss_featured_image_title":"","ss_featured_image_alt":"Forma\u00e7\u00e3o FDC sobre n\u00e3o viol\u00eancia em Bururi","ss_featured_image_caption":"Um momento da forma\u00e7\u00e3o sobre n\u00e3o viol\u00eancia ativa promovida pela \u00abFam\u00edlia dos Disc\u00edpulos de Cristo\u00bb na Diocese de Bururi, no Burundi.","footnotes":""},"categories":[2549],"tags":[2867,4942,3287,2339,2709],"class_list":["post-91362","post","type-post","status-publish","format-standard","has-post-thumbnail","hentry","category-vida-consagrada","tag-burundi-pt","tag-bururi-pt","tag-catequese","tag-freiras","tag-paz","infinite-scroll-item","generate-columns","tablet-grid-50","mobile-grid-100","grid-parent","grid-50"],"yoast_head":"<!-- This site is optimized with the Yoast SEO plugin v28.4 - https:\/\/yoast.com\/product\/yoast-seo-wordpress\/ -->\n<title>\u00c1frica, Burundi | Forma\u00e7\u00e3o em n\u00e3o-viol\u00eancia ativa<\/title>\n<meta name=\"description\" content=\"Em Buta, quarenta membros leigos das Disc\u00edpulas de Cristo formam-se em n\u00e3o-viol\u00eancia ativa, perd\u00e3o e resolu\u00e7\u00e3o pac\u00edfica de conflitos.\" \/>\n<meta name=\"robots\" content=\"index, follow, max-snippet:-1, max-image-preview:large, max-video-preview:-1\" \/>\n<link rel=\"canonical\" href=\"https:\/\/spaziospadoni.org\/pt-pt\/africa-burundi-formacao-em-nao-violencia-ativa-para-os-membros-fdc\/\" \/>\n<meta property=\"og:locale\" content=\"pt_PT\" \/>\n<meta property=\"og:type\" content=\"article\" \/>\n<meta property=\"og:title\" content=\"\u00c1frica, Burundi | Forma\u00e7\u00e3o em n\u00e3o-viol\u00eancia ativa\" \/>\n<meta property=\"og:description\" content=\"Em Buta, quarenta membros leigos das Disc\u00edpulas de Cristo formam-se em n\u00e3o-viol\u00eancia ativa, perd\u00e3o e resolu\u00e7\u00e3o pac\u00edfica de conflitos.\" \/>\n<meta property=\"og:url\" content=\"https:\/\/spaziospadoni.org\/pt-pt\/africa-burundi-formacao-em-nao-violencia-ativa-para-os-membros-fdc\/\" \/>\n<meta property=\"og:site_name\" content=\"spazio + spadoni\" \/>\n<meta property=\"article:publisher\" content=\"https:\/\/www.facebook.com\/SpazioSpadoni\/\" \/>\n<meta property=\"article:published_time\" content=\"2026-08-21T12:30:00+00:00\" \/>\n<meta property=\"og:image\" content=\"https:\/\/spaziospadoni.org\/wp-content\/uploads\/2026\/08\/formazione-bururi-burundi-fdc.webp\" \/>\n\t<meta property=\"og:image:width\" content=\"1200\" \/>\n\t<meta property=\"og:image:height\" content=\"900\" \/>\n\t<meta property=\"og:image:type\" content=\"image\/webp\" \/>\n<meta name=\"author\" content=\"Suor Gaudence Nininahazwe\" \/>\n<meta name=\"twitter:card\" content=\"summary_large_image\" \/>\n<meta name=\"twitter:label1\" content=\"Escrito por\" \/>\n\t<meta name=\"twitter:data1\" content=\"Irm\u00e3 Gaudence Nininahazwe\" \/>\n\t<meta name=\"twitter:label2\" content=\"Est. reading time\" \/>\n\t<meta name=\"twitter:data2\" content=\"4 minutes\" \/>\n<script type=\"application\/ld+json\" class=\"yoast-schema-graph\">{\"@context\":\"https:\\\/\\\/schema.org\",\"@graph\":[{\"@type\":\"Article\",\"@id\":\"https:\\\/\\\/spaziospadoni.org\\\/pt-pt\\\/africa-burundi-formacao-em-nao-violencia-ativa-para-os-membros-fdc\\\/#article\",\"isPartOf\":{\"@id\":\"https:\\\/\\\/spaziospadoni.org\\\/pt-pt\\\/africa-burundi-formacao-em-nao-violencia-ativa-para-os-membros-fdc\\\/\"},\"author\":{\"name\":\"Suor Gaudence Nininahazwe\",\"@id\":\"https:\\\/\\\/spaziospadoni.org\\\/pt-pt\\\/#\\\/schema\\\/person\\\/878fa65dbc8cd51476157d827d682e68\"},\"headline\":\"\u00c1frica, Burundi | Forma\u00e7\u00e3o em n\u00e3o-viol\u00eancia ativa para os membros FDC\",\"datePublished\":\"2026-08-21T12:30:00+00:00\",\"mainEntityOfPage\":{\"@id\":\"https:\\\/\\\/spaziospadoni.org\\\/pt-pt\\\/africa-burundi-formacao-em-nao-violencia-ativa-para-os-membros-fdc\\\/\"},\"wordCount\":859,\"publisher\":{\"@id\":\"https:\\\/\\\/spaziospadoni.org\\\/pt-pt\\\/#organization\"},\"image\":{\"@id\":\"https:\\\/\\\/spaziospadoni.org\\\/pt-pt\\\/africa-burundi-formacao-em-nao-violencia-ativa-para-os-membros-fdc\\\/#primaryimage\"},\"thumbnailUrl\":\"https:\\\/\\\/spaziospadoni.org\\\/wp-content\\\/uploads\\\/2026\\\/08\\\/formazione-bururi-burundi-fdc.webp\",\"keywords\":[\"Burundi\",\"Bururi\",\"catequese\",\"Freiras\",\"Paz\"],\"articleSection\":[\"Vida consagrada\"],\"inLanguage\":\"pt-PT\"},{\"@type\":\"WebPage\",\"@id\":\"https:\\\/\\\/spaziospadoni.org\\\/pt-pt\\\/africa-burundi-formacao-em-nao-violencia-ativa-para-os-membros-fdc\\\/\",\"url\":\"https:\\\/\\\/spaziospadoni.org\\\/pt-pt\\\/africa-burundi-formacao-em-nao-violencia-ativa-para-os-membros-fdc\\\/\",\"name\":\"\u00c1frica, Burundi | Forma\u00e7\u00e3o em n\u00e3o-viol\u00eancia ativa\",\"isPartOf\":{\"@id\":\"https:\\\/\\\/spaziospadoni.org\\\/pt-pt\\\/#website\"},\"primaryImageOfPage\":{\"@id\":\"https:\\\/\\\/spaziospadoni.org\\\/pt-pt\\\/africa-burundi-formacao-em-nao-violencia-ativa-para-os-membros-fdc\\\/#primaryimage\"},\"image\":{\"@id\":\"https:\\\/\\\/spaziospadoni.org\\\/pt-pt\\\/africa-burundi-formacao-em-nao-violencia-ativa-para-os-membros-fdc\\\/#primaryimage\"},\"thumbnailUrl\":\"https:\\\/\\\/spaziospadoni.org\\\/wp-content\\\/uploads\\\/2026\\\/08\\\/formazione-bururi-burundi-fdc.webp\",\"datePublished\":\"2026-08-21T12:30:00+00:00\",\"description\":\"Em Buta, quarenta membros leigos das Disc\u00edpulas de Cristo formam-se em n\u00e3o-viol\u00eancia ativa, perd\u00e3o e resolu\u00e7\u00e3o pac\u00edfica de conflitos.\",\"breadcrumb\":{\"@id\":\"https:\\\/\\\/spaziospadoni.org\\\/pt-pt\\\/africa-burundi-formacao-em-nao-violencia-ativa-para-os-membros-fdc\\\/#breadcrumb\"},\"inLanguage\":\"pt-PT\",\"potentialAction\":[{\"@type\":\"ReadAction\",\"target\":[\"https:\\\/\\\/spaziospadoni.org\\\/pt-pt\\\/africa-burundi-formacao-em-nao-violencia-ativa-para-os-membros-fdc\\\/\"]}]},{\"@type\":\"ImageObject\",\"inLanguage\":\"pt-PT\",\"@id\":\"https:\\\/\\\/spaziospadoni.org\\\/pt-pt\\\/africa-burundi-formacao-em-nao-violencia-ativa-para-os-membros-fdc\\\/#primaryimage\",\"url\":\"https:\\\/\\\/spaziospadoni.org\\\/wp-content\\\/uploads\\\/2026\\\/08\\\/formazione-bururi-burundi-fdc.webp\",\"contentUrl\":\"https:\\\/\\\/spaziospadoni.org\\\/wp-content\\\/uploads\\\/2026\\\/08\\\/formazione-bururi-burundi-fdc.webp\",\"width\":1200,\"height\":900,\"caption\":\"Um momento da forma\u00e7\u00e3o sobre n\u00e3o viol\u00eancia ativa promovida pela \u00abFam\u00edlia dos Disc\u00edpulos de Cristo\u00bb na Diocese de Bururi, no Burundi.\"},{\"@type\":\"BreadcrumbList\",\"@id\":\"https:\\\/\\\/spaziospadoni.org\\\/pt-pt\\\/africa-burundi-formacao-em-nao-violencia-ativa-para-os-membros-fdc\\\/#breadcrumb\",\"itemListElement\":[{\"@type\":\"ListItem\",\"position\":1,\"name\":\"Home\",\"item\":\"https:\\\/\\\/spaziospadoni.org\\\/pt-pt\\\/\"},{\"@type\":\"ListItem\",\"position\":2,\"name\":\"\u00c1frica, Burundi | Forma\u00e7\u00e3o em n\u00e3o-viol\u00eancia ativa para os membros FDC\"}]},{\"@type\":\"WebSite\",\"@id\":\"https:\\\/\\\/spaziospadoni.org\\\/pt-pt\\\/#website\",\"url\":\"https:\\\/\\\/spaziospadoni.org\\\/pt-pt\\\/\",\"name\":\"spazio + spadoni\",\"description\":\"Generazione di misericordia e missione nel mondo\",\"publisher\":{\"@id\":\"https:\\\/\\\/spaziospadoni.org\\\/pt-pt\\\/#organization\"},\"alternateName\":\"spaziospadoni.org\",\"potentialAction\":[{\"@type\":\"SearchAction\",\"target\":{\"@type\":\"EntryPoint\",\"urlTemplate\":\"https:\\\/\\\/spaziospadoni.org\\\/pt-pt\\\/?s={search_term_string}\"},\"query-input\":{\"@type\":\"PropertyValueSpecification\",\"valueRequired\":true,\"valueName\":\"search_term_string\"}}],\"inLanguage\":\"pt-PT\"},{\"@type\":\"Organization\",\"@id\":\"https:\\\/\\\/spaziospadoni.org\\\/pt-pt\\\/#organization\",\"name\":\"spazio + spadoni\",\"alternateName\":\"spaziospadoni.org\",\"url\":\"https:\\\/\\\/spaziospadoni.org\\\/pt-pt\\\/\",\"logo\":{\"@type\":\"ImageObject\",\"inLanguage\":\"pt-PT\",\"@id\":\"https:\\\/\\\/spaziospadoni.org\\\/pt-pt\\\/#\\\/schema\\\/logo\\\/image\\\/\",\"url\":\"https:\\\/\\\/spaziospadoni.org\\\/wp-content\\\/uploads\\\/2026\\\/05\\\/spazio-spadoni-logo-100x100-1.webp\",\"contentUrl\":\"https:\\\/\\\/spaziospadoni.org\\\/wp-content\\\/uploads\\\/2026\\\/05\\\/spazio-spadoni-logo-100x100-1.webp\",\"width\":100,\"height\":100,\"caption\":\"spazio + spadoni\"},\"image\":{\"@id\":\"https:\\\/\\\/spaziospadoni.org\\\/pt-pt\\\/#\\\/schema\\\/logo\\\/image\\\/\"},\"sameAs\":[\"https:\\\/\\\/www.facebook.com\\\/SpazioSpadoni\\\/\",\"https:\\\/\\\/www.instagram.com\\\/spaziospadoni\\\/\",\"https:\\\/\\\/www.youtube.com\\\/@spaziospadoni\\\/playlists\"]},{\"@type\":\"Person\",\"@id\":\"https:\\\/\\\/spaziospadoni.org\\\/pt-pt\\\/#\\\/schema\\\/person\\\/878fa65dbc8cd51476157d827d682e68\",\"name\":\"Suor Gaudence Nininahazwe\",\"image\":{\"@type\":\"ImageObject\",\"inLanguage\":\"pt-PT\",\"@id\":\"https:\\\/\\\/secure.gravatar.com\\\/avatar\\\/e5861bf3fded3d25758a3e74b525ba7364fd257580ed7ec54d84c2000ee59833?s=96&d=mm&r=g\",\"url\":\"https:\\\/\\\/secure.gravatar.com\\\/avatar\\\/e5861bf3fded3d25758a3e74b525ba7364fd257580ed7ec54d84c2000ee59833?s=96&d=mm&r=g\",\"contentUrl\":\"https:\\\/\\\/secure.gravatar.com\\\/avatar\\\/e5861bf3fded3d25758a3e74b525ba7364fd257580ed7ec54d84c2000ee59833?s=96&d=mm&r=g\",\"caption\":\"Suor Gaudence Nininahazwe\"},\"description\":\"Irm\u00e3 Gaudence \u00e9 uma irm\u00e3 de nacionalidade burundesa. Nascida em 5 de julho de 1975, frequentou a Universidade Cat\u00f3lica de Kabgayi em Ruanda de 2005 a 2010. \u00c9 licenciada em Jornalismo. De 2010 a 2014, foi redatora-chefe da Radio Maria Burundi. De 2014 a 2019, foi instrutora de noviciado (Mestra das Novi\u00e7as) no seu instituto religioso, a Fam\u00edlia das Disc\u00edpulas de Cristo. De 2019 a 2024, foi diretora da Escola Secund\u00e1ria T\u00e9cnica Monsenhor Bernard Bududira. Atualmente \u00e9 instrutora no Noviciado Kiryama, em Bururi.\",\"url\":\"https:\\\/\\\/spaziospadoni.org\\\/pt-pt\\\/author\\\/nininahazwe_mission\\\/\"}]}<\/script>\n<!-- \/ Yoast SEO plugin. -->","yoast_head_json":{"title":"\u00c1frica, Burundi | Forma\u00e7\u00e3o em n\u00e3o-viol\u00eancia ativa","description":"Em Buta, quarenta membros leigos das Disc\u00edpulas de Cristo formam-se em n\u00e3o-viol\u00eancia ativa, perd\u00e3o e resolu\u00e7\u00e3o pac\u00edfica de conflitos.","robots":{"index":"index","follow":"follow","max-snippet":"max-snippet:-1","max-image-preview":"max-image-preview:large","max-video-preview":"max-video-preview:-1"},"canonical":"https:\/\/spaziospadoni.org\/pt-pt\/africa-burundi-formacao-em-nao-violencia-ativa-para-os-membros-fdc\/","og_locale":"pt_PT","og_type":"article","og_title":"\u00c1frica, Burundi | Forma\u00e7\u00e3o em n\u00e3o-viol\u00eancia ativa","og_description":"Em Buta, quarenta membros leigos das Disc\u00edpulas de Cristo formam-se em n\u00e3o-viol\u00eancia ativa, perd\u00e3o e resolu\u00e7\u00e3o pac\u00edfica de conflitos.","og_url":"https:\/\/spaziospadoni.org\/pt-pt\/africa-burundi-formacao-em-nao-violencia-ativa-para-os-membros-fdc\/","og_site_name":"spazio + spadoni","article_publisher":"https:\/\/www.facebook.com\/SpazioSpadoni\/","article_published_time":"2026-08-21T12:30:00+00:00","og_image":[{"width":1200,"height":900,"url":"https:\/\/spaziospadoni.org\/wp-content\/uploads\/2026\/08\/formazione-bururi-burundi-fdc.webp","type":"image\/webp"}],"author":"Suor Gaudence Nininahazwe","twitter_card":"summary_large_image","twitter_misc":{"Escrito por":"Irm\u00e3 Gaudence Nininahazwe","Est. reading time":"4 minutes"},"schema":{"@context":"https:\/\/schema.org","@graph":[{"@type":"Article","@id":"https:\/\/spaziospadoni.org\/pt-pt\/africa-burundi-formacao-em-nao-violencia-ativa-para-os-membros-fdc\/#article","isPartOf":{"@id":"https:\/\/spaziospadoni.org\/pt-pt\/africa-burundi-formacao-em-nao-violencia-ativa-para-os-membros-fdc\/"},"author":{"name":"Suor Gaudence Nininahazwe","@id":"https:\/\/spaziospadoni.org\/pt-pt\/#\/schema\/person\/878fa65dbc8cd51476157d827d682e68"},"headline":"\u00c1frica, Burundi | Forma\u00e7\u00e3o em n\u00e3o-viol\u00eancia ativa para os membros FDC","datePublished":"2026-08-21T12:30:00+00:00","mainEntityOfPage":{"@id":"https:\/\/spaziospadoni.org\/pt-pt\/africa-burundi-formacao-em-nao-violencia-ativa-para-os-membros-fdc\/"},"wordCount":859,"publisher":{"@id":"https:\/\/spaziospadoni.org\/pt-pt\/#organization"},"image":{"@id":"https:\/\/spaziospadoni.org\/pt-pt\/africa-burundi-formacao-em-nao-violencia-ativa-para-os-membros-fdc\/#primaryimage"},"thumbnailUrl":"https:\/\/spaziospadoni.org\/wp-content\/uploads\/2026\/08\/formazione-bururi-burundi-fdc.webp","keywords":["Burundi","Bururi","catequese","Freiras","Paz"],"articleSection":["Vida consagrada"],"inLanguage":"pt-PT"},{"@type":"WebPage","@id":"https:\/\/spaziospadoni.org\/pt-pt\/africa-burundi-formacao-em-nao-violencia-ativa-para-os-membros-fdc\/","url":"https:\/\/spaziospadoni.org\/pt-pt\/africa-burundi-formacao-em-nao-violencia-ativa-para-os-membros-fdc\/","name":"\u00c1frica, Burundi | Forma\u00e7\u00e3o em n\u00e3o-viol\u00eancia ativa","isPartOf":{"@id":"https:\/\/spaziospadoni.org\/pt-pt\/#website"},"primaryImageOfPage":{"@id":"https:\/\/spaziospadoni.org\/pt-pt\/africa-burundi-formacao-em-nao-violencia-ativa-para-os-membros-fdc\/#primaryimage"},"image":{"@id":"https:\/\/spaziospadoni.org\/pt-pt\/africa-burundi-formacao-em-nao-violencia-ativa-para-os-membros-fdc\/#primaryimage"},"thumbnailUrl":"https:\/\/spaziospadoni.org\/wp-content\/uploads\/2026\/08\/formazione-bururi-burundi-fdc.webp","datePublished":"2026-08-21T12:30:00+00:00","description":"Em Buta, quarenta membros leigos das Disc\u00edpulas de Cristo formam-se em n\u00e3o-viol\u00eancia ativa, perd\u00e3o e resolu\u00e7\u00e3o pac\u00edfica de conflitos.","breadcrumb":{"@id":"https:\/\/spaziospadoni.org\/pt-pt\/africa-burundi-formacao-em-nao-violencia-ativa-para-os-membros-fdc\/#breadcrumb"},"inLanguage":"pt-PT","potentialAction":[{"@type":"ReadAction","target":["https:\/\/spaziospadoni.org\/pt-pt\/africa-burundi-formacao-em-nao-violencia-ativa-para-os-membros-fdc\/"]}]},{"@type":"ImageObject","inLanguage":"pt-PT","@id":"https:\/\/spaziospadoni.org\/pt-pt\/africa-burundi-formacao-em-nao-violencia-ativa-para-os-membros-fdc\/#primaryimage","url":"https:\/\/spaziospadoni.org\/wp-content\/uploads\/2026\/08\/formazione-bururi-burundi-fdc.webp","contentUrl":"https:\/\/spaziospadoni.org\/wp-content\/uploads\/2026\/08\/formazione-bururi-burundi-fdc.webp","width":1200,"height":900,"caption":"Um momento da forma\u00e7\u00e3o sobre n\u00e3o viol\u00eancia ativa promovida pela \u00abFam\u00edlia dos Disc\u00edpulos de Cristo\u00bb na Diocese de Bururi, no Burundi."},{"@type":"BreadcrumbList","@id":"https:\/\/spaziospadoni.org\/pt-pt\/africa-burundi-formacao-em-nao-violencia-ativa-para-os-membros-fdc\/#breadcrumb","itemListElement":[{"@type":"ListItem","position":1,"name":"Home","item":"https:\/\/spaziospadoni.org\/pt-pt\/"},{"@type":"ListItem","position":2,"name":"\u00c1frica, Burundi | Forma\u00e7\u00e3o em n\u00e3o-viol\u00eancia ativa para os membros FDC"}]},{"@type":"WebSite","@id":"https:\/\/spaziospadoni.org\/pt-pt\/#website","url":"https:\/\/spaziospadoni.org\/pt-pt\/","name":"spazio + spadoni","description":"Generazione di misericordia e missione nel mondo","publisher":{"@id":"https:\/\/spaziospadoni.org\/pt-pt\/#organization"},"alternateName":"spaziospadoni.org","potentialAction":[{"@type":"SearchAction","target":{"@type":"EntryPoint","urlTemplate":"https:\/\/spaziospadoni.org\/pt-pt\/?s={search_term_string}"},"query-input":{"@type":"PropertyValueSpecification","valueRequired":true,"valueName":"search_term_string"}}],"inLanguage":"pt-PT"},{"@type":"Organization","@id":"https:\/\/spaziospadoni.org\/pt-pt\/#organization","name":"spazio + spadoni","alternateName":"spaziospadoni.org","url":"https:\/\/spaziospadoni.org\/pt-pt\/","logo":{"@type":"ImageObject","inLanguage":"pt-PT","@id":"https:\/\/spaziospadoni.org\/pt-pt\/#\/schema\/logo\/image\/","url":"https:\/\/spaziospadoni.org\/wp-content\/uploads\/2026\/05\/spazio-spadoni-logo-100x100-1.webp","contentUrl":"https:\/\/spaziospadoni.org\/wp-content\/uploads\/2026\/05\/spazio-spadoni-logo-100x100-1.webp","width":100,"height":100,"caption":"spazio + spadoni"},"image":{"@id":"https:\/\/spaziospadoni.org\/pt-pt\/#\/schema\/logo\/image\/"},"sameAs":["https:\/\/www.facebook.com\/SpazioSpadoni\/","https:\/\/www.instagram.com\/spaziospadoni\/","https:\/\/www.youtube.com\/@spaziospadoni\/playlists"]},{"@type":"Person","@id":"https:\/\/spaziospadoni.org\/pt-pt\/#\/schema\/person\/878fa65dbc8cd51476157d827d682e68","name":"Suor Gaudence Nininahazwe","image":{"@type":"ImageObject","inLanguage":"pt-PT","@id":"https:\/\/secure.gravatar.com\/avatar\/e5861bf3fded3d25758a3e74b525ba7364fd257580ed7ec54d84c2000ee59833?s=96&d=mm&r=g","url":"https:\/\/secure.gravatar.com\/avatar\/e5861bf3fded3d25758a3e74b525ba7364fd257580ed7ec54d84c2000ee59833?s=96&d=mm&r=g","contentUrl":"https:\/\/secure.gravatar.com\/avatar\/e5861bf3fded3d25758a3e74b525ba7364fd257580ed7ec54d84c2000ee59833?s=96&d=mm&r=g","caption":"Suor Gaudence Nininahazwe"},"description":"Irm\u00e3 Gaudence \u00e9 uma irm\u00e3 de nacionalidade burundesa. Nascida em 5 de julho de 1975, frequentou a Universidade Cat\u00f3lica de Kabgayi em Ruanda de 2005 a 2010. \u00c9 licenciada em Jornalismo. De 2010 a 2014, foi redatora-chefe da Radio Maria Burundi. De 2014 a 2019, foi instrutora de noviciado (Mestra das Novi\u00e7as) no seu instituto religioso, a Fam\u00edlia das Disc\u00edpulas de Cristo. De 2019 a 2024, foi diretora da Escola Secund\u00e1ria T\u00e9cnica Monsenhor Bernard Bududira. Atualmente \u00e9 instrutora no Noviciado Kiryama, em Bururi.","url":"https:\/\/spaziospadoni.org\/pt-pt\/author\/nininahazwe_mission\/"}]}},"_links":{"self":[{"href":"https:\/\/spaziospadoni.org\/pt-pt\/wp-json\/wp\/v2\/posts\/91362","targetHints":{"allow":["GET"]}}],"collection":[{"href":"https:\/\/spaziospadoni.org\/pt-pt\/wp-json\/wp\/v2\/posts"}],"about":[{"href":"https:\/\/spaziospadoni.org\/pt-pt\/wp-json\/wp\/v2\/types\/post"}],"author":[{"embeddable":true,"href":"https:\/\/spaziospadoni.org\/pt-pt\/wp-json\/wp\/v2\/users\/74"}],"replies":[{"embeddable":true,"href":"https:\/\/spaziospadoni.org\/pt-pt\/wp-json\/wp\/v2\/comments?post=91362"}],"version-history":[{"count":2,"href":"https:\/\/spaziospadoni.org\/pt-pt\/wp-json\/wp\/v2\/posts\/91362\/revisions"}],"predecessor-version":[{"id":91364,"href":"https:\/\/spaziospadoni.org\/pt-pt\/wp-json\/wp\/v2\/posts\/91362\/revisions\/91364"}],"wp:featuredmedia":[{"embeddable":true,"href":"https:\/\/spaziospadoni.org\/pt-pt\/wp-json\/wp\/v2\/media\/91361"}],"wp:attachment":[{"href":"https:\/\/spaziospadoni.org\/pt-pt\/wp-json\/wp\/v2\/media?parent=91362"}],"wp:term":[{"taxonomy":"category","embeddable":true,"href":"https:\/\/spaziospadoni.org\/pt-pt\/wp-json\/wp\/v2\/categories?post=91362"},{"taxonomy":"post_tag","embeddable":true,"href":"https:\/\/spaziospadoni.org\/pt-pt\/wp-json\/wp\/v2\/tags?post=91362"}],"curies":[{"name":"wp","href":"https:\/\/api.w.org\/{rel}","templated":true}]}}