{"id":91381,"date":"2026-08-21T07:00:00","date_gmt":"2026-08-21T06:00:00","guid":{"rendered":"https:\/\/spaziospadoni.org\/?p=91381"},"modified":"2026-08-21T08:48:50","modified_gmt":"2026-08-21T07:48:50","slug":"o-bem-que-gera-mais-bem-obrigado-stefano-trane-protopapa","status":"publish","type":"post","link":"https:\/\/spaziospadoni.org\/pt-pt\/o-bem-que-gera-mais-bem-obrigado-stefano-trane-protopapa\/","title":{"rendered":"O bem que gera mais bem | Obrigado, Stefano Trane Protopapa!"},"content":{"rendered":"\n<p class=\"has-contrast-3-color has-text-color has-link-color wp-elements-1 wp-block-paragraph\"><em>No dia 21 de agosto, em Gagliano del Capo, na prov\u00edncia de Lecce, ser\u00e1 realizada uma noite em mem\u00f3ria de Stefano Trane Protopapa, que faleceu em 2025, aos 50 anos, ap\u00f3s uma doen\u00e7a. Nas \u00faltimas semanas de sua vida, Stefano tamb\u00e9m se dedicou ao blog de spazio + spadoni, buscando novos contatos e novos autores. Por isso, hoje, recordamos Stefano com gratid\u00e3o e carinho.<\/em><\/p>\n\n\n\n<p class=\"wp-block-paragraph\">N\u00e3o tenho a presun\u00e7\u00e3o de me definir como uma amiga de Stefano, porque os amigos s\u00e3o aqueles que est\u00e3o sempre presentes, que compartilharam tantos momentos com voc\u00ea, que estiveram ao seu lado nas dificuldades.<\/p>\n\n\n\n<p class=\"wp-block-paragraph\">Fui apenas &#8220;de passagem&#8221; na vida de Stefano e isso j\u00e1 foi um privil\u00e9gio para mim.<\/p>\n\n\n\n<p class=\"wp-block-paragraph\">N\u00f3s nos reencontramos ap\u00f3s muitos anos: 35, para ser exata. E isso porque sempre acreditei que as paix\u00f5es e afinidades mant\u00eam as pessoas unidas, apesar do tempo e da dist\u00e2ncia geogr\u00e1fica.<\/p>\n\n\n\n<p class=\"wp-block-paragraph\">O fio que nos unia era o amor pela escrita, pelas palavras: tanto na \u00e9poca do ensino m\u00e9dio, quando eu era a irm\u00e3 mais nova de sua colega de classe, quanto h\u00e1 dois anos, quando come\u00e7amos a nos falar por telefone.<\/p>\n\n\n\n<p class=\"wp-block-paragraph\">Ele, que amava os livros, sorriria l\u00e1 de cima se eu lhe dissesse que quando penso nele \u2013 e isso acontece com frequ\u00eancia \u2013 vem-me \u00e0 mente uma frase de &#8220;Noites Brancas&#8221; de Dostoi\u00e9vski: \u00abMas que sentido t\u00eam os conhecidos? Mesmo sem eles conhe\u00e7o toda Petersburgo\u00bb.<\/p>\n\n\n\n<p class=\"wp-block-paragraph\">Porque Stefano, mesmo em casa ou em um leito de hospital, escutava. Sabia captar as nuances da vida, percebia as necessidades e emo\u00e7\u00f5es de quem estava por perto.<\/p>\n\n\n\n<p class=\"wp-block-paragraph\">E, acima de tudo, tinha a capacidade extraordin\u00e1ria de criar relacionamentos, de conectar pessoas em rede.<\/p>\n\n\n\n<p class=\"wp-block-paragraph\">H\u00e1 dois anos colaboro com spazio + spadoni. <\/p>\n\n\n\n<blockquote class=\"wp-block-quote is-layout-flow wp-block-quote-is-layout-flow\">\n<p class=\"wp-block-paragraph\"><strong><em>\u00c9 impressionante o quanto ele fez pelo blog em pouqu\u00edssimos dias: inclusive, seus \u00faltimos dias.<\/em><\/strong><\/p>\n<\/blockquote>\n\n\n\n<p class=\"wp-block-paragraph\">Stefano me demonstrou que, se voc\u00ea se importa com algo, voc\u00ea leva adiante mesmo quando custa esfor\u00e7o. Al\u00e9m disso, a sua dedica\u00e7\u00e3o em procurar novos autores e correspondentes para o blog deu frutos que, para minha grande surprise, continuam at\u00e9 hoje, mais de um ano ap\u00f3s a sua morte.<\/p>\n\n\n\n<p class=\"wp-block-paragraph\">Com todo o entusiasmo poss\u00edvel, ele me enviava contatos de pessoas que, na opini\u00e3o dele, poderiam escrever para o blog, estivessem elas em Gagliano ou na \u00cdndia. E, por meio dele, nasceram belas colabora\u00e7\u00f5es que continuam ativas e geram outras.<\/p>\n\n\n\n<p class=\"wp-block-paragraph\">\u00c9 gra\u00e7as a ele que reencontrei Emiliano e o padre Gino e que conheci Massimo Buccarello, correspondente muito apreciado de spazio + spadoni, que, por sua vez, me colocou em contato com Antonella, com o padre Fabrizio, com Chiara.<\/p>\n\n\n\n<blockquote class=\"wp-block-quote is-layout-flow wp-block-quote-is-layout-flow\">\n<p class=\"wp-block-paragraph\"><strong><em>O bem sempre gera o bem e Stefano, em vez de se fechar na dor de sua enfermidade, contribuiu para fazer brotar sementes que teriam permanecido adormecidas: quatro dos nossos autores vieram por ele! Por essa raz\u00e3o, toda vez que recebo um artigo deles, \u00e9 como se Stefano voltasse \u00e0 vida. E agrade\u00e7o a ele, imaginando o sorriso de quem sabe que fez a sua parte, feliz por dar continuidade \u00e0quele c\u00edrculo virtuoso de palavras e hist\u00f3rias compartilhadas.<\/em><\/strong><\/p>\n<\/blockquote>\n\n\n\n<p class=\"wp-block-paragraph\">Hoje, al\u00e9m da nostalgia e da profunda tristeza pela sua aus\u00eancia, estou feliz por ele, por um sonho seu que se realiza: o seu livro de poesias publicado, \u201cMurmure, suoni e ri-suoni\u201d.<\/p>\n\n\n\n<p class=\"wp-block-paragraph\">Gostaria muito de ter estado presente, mas n\u00e3o pude. Esta \u00e9, portanto, a minha maneira de participar e de compartilhar a sua alegria com ele e com todos os que o amaram e o conheceram.<\/p>\n\n\n\n<p class=\"wp-block-paragraph\">Muito obrigada da minha parte e de spazio + spadoni!<\/p>\n\n\n\n<p class=\"wp-block-paragraph\">Adeus, Stefano Trane Protopapa!<\/p>\n\n\n\n<p class=\"wp-block-paragraph\"><strong>Foto de Stefano Trane Protopapa<\/strong><\/p>\n\n\n\n<p class=\"wp-block-paragraph\"><\/p>\n","protected":false},"excerpt":{"rendered":"<p>No dia 21 de agosto, em Gagliano del Capo, na prov\u00edncia de Lecce, ser\u00e1 realizada uma noite em mem\u00f3ria de Stefano Trane Protopapa, que faleceu em 2025, aos 50 anos, ap\u00f3s uma doen\u00e7a. Nas \u00faltimas semanas de sua vida, Stefano tamb\u00e9m se dedicou ao blog de spazio + spadoni, buscando novos contatos e novos autores. &#8230; <a title=\"O bem que gera mais bem | Obrigado, Stefano Trane Protopapa!\" class=\"read-more\" href=\"https:\/\/spaziospadoni.org\/pt-pt\/o-bem-que-gera-mais-bem-obrigado-stefano-trane-protopapa\/\" aria-label=\"Read more about O bem que gera mais bem | Obrigado, Stefano Trane Protopapa!\">Ler mais<\/a><\/p>\n","protected":false},"author":7,"featured_media":91380,"comment_status":"closed","ping_status":"closed","sticky":false,"template":"","format":"standard","meta":{"_sitemap_exclude":false,"_sitemap_priority":"","_sitemap_frequency":"","ss_featured_image_title":"","ss_featured_image_alt":"Foto de Stefano Trane Protopapa","ss_featured_image_caption":"Foto de Stefano Trane Protopapa presente no livro Murmure, Suoni e Ri-suoni","footnotes":""},"categories":[2529],"tags":[2601,4103,3559,2954,3871],"class_list":["post-91381","post","type-post","status-publish","format-standard","has-post-thumbnail","hentry","category-historias","tag-doenca","tag-generosidade","tag-gratidao","tag-palavras","tag-relacionamentos","infinite-scroll-item","generate-columns","tablet-grid-50","mobile-grid-100","grid-parent","grid-50"],"yoast_head":"<!-- This site is optimized with the Yoast SEO plugin v28.4 - https:\/\/yoast.com\/product\/yoast-seo-wordpress\/ -->\n<title>A mem\u00f3ria de Stefano Trane Protopapa e de suas palavras<\/title>\n<meta name=\"description\" content=\"A mem\u00f3ria de Stefano Trane Protopapa: o amor pela escrita, a for\u00e7a das rela\u00e7\u00f5es e as sementes de bem que continuam a florescer.\" \/>\n<meta name=\"robots\" content=\"index, follow, max-snippet:-1, max-image-preview:large, max-video-preview:-1\" \/>\n<link rel=\"canonical\" href=\"https:\/\/spaziospadoni.org\/pt-pt\/o-bem-que-gera-mais-bem-obrigado-stefano-trane-protopapa\/\" \/>\n<meta property=\"og:locale\" content=\"pt_PT\" \/>\n<meta property=\"og:type\" content=\"article\" \/>\n<meta property=\"og:title\" content=\"A mem\u00f3ria de Stefano Trane Protopapa e de suas palavras\" \/>\n<meta property=\"og:description\" content=\"A mem\u00f3ria de Stefano Trane Protopapa: o amor pela escrita, a for\u00e7a das rela\u00e7\u00f5es e as sementes de bem que continuam a florescer.\" \/>\n<meta property=\"og:url\" content=\"https:\/\/spaziospadoni.org\/pt-pt\/o-bem-que-gera-mais-bem-obrigado-stefano-trane-protopapa\/\" \/>\n<meta property=\"og:site_name\" content=\"spazio + spadoni\" \/>\n<meta property=\"article:publisher\" content=\"https:\/\/www.facebook.com\/SpazioSpadoni\/\" \/>\n<meta property=\"article:published_time\" content=\"2026-08-21T06:00:00+00:00\" \/>\n<meta property=\"article:modified_time\" content=\"2026-08-21T07:48:50+00:00\" \/>\n<meta property=\"og:image\" content=\"https:\/\/spaziospadoni.org\/wp-content\/uploads\/2026\/08\/colomba-foto-stefano-trane.webp\" \/>\n\t<meta property=\"og:image:width\" content=\"1200\" \/>\n\t<meta property=\"og:image:height\" content=\"803\" \/>\n\t<meta property=\"og:image:type\" content=\"image\/webp\" \/>\n<meta name=\"author\" content=\"Loredana Brigante\" \/>\n<meta name=\"twitter:card\" content=\"summary_large_image\" \/>\n<meta name=\"twitter:label1\" content=\"Escrito por\" \/>\n\t<meta name=\"twitter:data1\" content=\"Loredana Brigante\" \/>\n\t<meta name=\"twitter:label2\" content=\"Est. reading time\" \/>\n\t<meta name=\"twitter:data2\" content=\"3 minutes\" \/>\n<script type=\"application\/ld+json\" class=\"yoast-schema-graph\">{\"@context\":\"https:\\\/\\\/schema.org\",\"@graph\":[{\"@type\":\"Article\",\"@id\":\"https:\\\/\\\/spaziospadoni.org\\\/pt-pt\\\/o-bem-que-gera-mais-bem-obrigado-stefano-trane-protopapa\\\/#article\",\"isPartOf\":{\"@id\":\"https:\\\/\\\/spaziospadoni.org\\\/pt-pt\\\/o-bem-que-gera-mais-bem-obrigado-stefano-trane-protopapa\\\/\"},\"author\":{\"name\":\"Loredana Brigante\",\"@id\":\"https:\\\/\\\/spaziospadoni.org\\\/pt-pt\\\/#\\\/schema\\\/person\\\/5d042eaa69d726f0c03c3698f2f880c0\"},\"headline\":\"O bem que gera mais bem | Obrigado, Stefano Trane Protopapa!\",\"datePublished\":\"2026-08-21T06:00:00+00:00\",\"dateModified\":\"2026-08-21T07:48:50+00:00\",\"mainEntityOfPage\":{\"@id\":\"https:\\\/\\\/spaziospadoni.org\\\/pt-pt\\\/o-bem-que-gera-mais-bem-obrigado-stefano-trane-protopapa\\\/\"},\"wordCount\":626,\"publisher\":{\"@id\":\"https:\\\/\\\/spaziospadoni.org\\\/pt-pt\\\/#organization\"},\"image\":{\"@id\":\"https:\\\/\\\/spaziospadoni.org\\\/pt-pt\\\/o-bem-que-gera-mais-bem-obrigado-stefano-trane-protopapa\\\/#primaryimage\"},\"thumbnailUrl\":\"https:\\\/\\\/spaziospadoni.org\\\/wp-content\\\/uploads\\\/2026\\\/08\\\/colomba-foto-stefano-trane.webp\",\"keywords\":[\"doen\u00e7a\",\"generosidade\",\"gratid\u00e3o\",\"palavras\",\"relacionamentos\"],\"articleSection\":[\"Hist\u00f3rias\"],\"inLanguage\":\"pt-PT\"},{\"@type\":\"WebPage\",\"@id\":\"https:\\\/\\\/spaziospadoni.org\\\/pt-pt\\\/o-bem-que-gera-mais-bem-obrigado-stefano-trane-protopapa\\\/\",\"url\":\"https:\\\/\\\/spaziospadoni.org\\\/pt-pt\\\/o-bem-que-gera-mais-bem-obrigado-stefano-trane-protopapa\\\/\",\"name\":\"A mem\u00f3ria de Stefano Trane Protopapa e de suas palavras\",\"isPartOf\":{\"@id\":\"https:\\\/\\\/spaziospadoni.org\\\/pt-pt\\\/#website\"},\"primaryImageOfPage\":{\"@id\":\"https:\\\/\\\/spaziospadoni.org\\\/pt-pt\\\/o-bem-que-gera-mais-bem-obrigado-stefano-trane-protopapa\\\/#primaryimage\"},\"image\":{\"@id\":\"https:\\\/\\\/spaziospadoni.org\\\/pt-pt\\\/o-bem-que-gera-mais-bem-obrigado-stefano-trane-protopapa\\\/#primaryimage\"},\"thumbnailUrl\":\"https:\\\/\\\/spaziospadoni.org\\\/wp-content\\\/uploads\\\/2026\\\/08\\\/colomba-foto-stefano-trane.webp\",\"datePublished\":\"2026-08-21T06:00:00+00:00\",\"dateModified\":\"2026-08-21T07:48:50+00:00\",\"description\":\"A mem\u00f3ria de Stefano Trane Protopapa: o amor pela escrita, a for\u00e7a das rela\u00e7\u00f5es e as sementes de bem que continuam a florescer.\",\"breadcrumb\":{\"@id\":\"https:\\\/\\\/spaziospadoni.org\\\/pt-pt\\\/o-bem-que-gera-mais-bem-obrigado-stefano-trane-protopapa\\\/#breadcrumb\"},\"inLanguage\":\"pt-PT\",\"potentialAction\":[{\"@type\":\"ReadAction\",\"target\":[\"https:\\\/\\\/spaziospadoni.org\\\/pt-pt\\\/o-bem-que-gera-mais-bem-obrigado-stefano-trane-protopapa\\\/\"]}]},{\"@type\":\"ImageObject\",\"inLanguage\":\"pt-PT\",\"@id\":\"https:\\\/\\\/spaziospadoni.org\\\/pt-pt\\\/o-bem-que-gera-mais-bem-obrigado-stefano-trane-protopapa\\\/#primaryimage\",\"url\":\"https:\\\/\\\/spaziospadoni.org\\\/wp-content\\\/uploads\\\/2026\\\/08\\\/colomba-foto-stefano-trane.webp\",\"contentUrl\":\"https:\\\/\\\/spaziospadoni.org\\\/wp-content\\\/uploads\\\/2026\\\/08\\\/colomba-foto-stefano-trane.webp\",\"width\":1200,\"height\":803,\"caption\":\"Foto de Stefano Trane Protopapa presente no livro Murmure, Suoni e Ri-suoni\"},{\"@type\":\"BreadcrumbList\",\"@id\":\"https:\\\/\\\/spaziospadoni.org\\\/pt-pt\\\/o-bem-que-gera-mais-bem-obrigado-stefano-trane-protopapa\\\/#breadcrumb\",\"itemListElement\":[{\"@type\":\"ListItem\",\"position\":1,\"name\":\"Home\",\"item\":\"https:\\\/\\\/spaziospadoni.org\\\/pt-pt\\\/\"},{\"@type\":\"ListItem\",\"position\":2,\"name\":\"O bem que gera mais bem | Obrigado, Stefano Trane Protopapa!\"}]},{\"@type\":\"WebSite\",\"@id\":\"https:\\\/\\\/spaziospadoni.org\\\/pt-pt\\\/#website\",\"url\":\"https:\\\/\\\/spaziospadoni.org\\\/pt-pt\\\/\",\"name\":\"spazio + spadoni\",\"description\":\"Generazione di misericordia e missione nel mondo\",\"publisher\":{\"@id\":\"https:\\\/\\\/spaziospadoni.org\\\/pt-pt\\\/#organization\"},\"alternateName\":\"spaziospadoni.org\",\"potentialAction\":[{\"@type\":\"SearchAction\",\"target\":{\"@type\":\"EntryPoint\",\"urlTemplate\":\"https:\\\/\\\/spaziospadoni.org\\\/pt-pt\\\/?s={search_term_string}\"},\"query-input\":{\"@type\":\"PropertyValueSpecification\",\"valueRequired\":true,\"valueName\":\"search_term_string\"}}],\"inLanguage\":\"pt-PT\"},{\"@type\":\"Organization\",\"@id\":\"https:\\\/\\\/spaziospadoni.org\\\/pt-pt\\\/#organization\",\"name\":\"spazio + spadoni\",\"alternateName\":\"spaziospadoni.org\",\"url\":\"https:\\\/\\\/spaziospadoni.org\\\/pt-pt\\\/\",\"logo\":{\"@type\":\"ImageObject\",\"inLanguage\":\"pt-PT\",\"@id\":\"https:\\\/\\\/spaziospadoni.org\\\/pt-pt\\\/#\\\/schema\\\/logo\\\/image\\\/\",\"url\":\"https:\\\/\\\/spaziospadoni.org\\\/wp-content\\\/uploads\\\/2026\\\/05\\\/spazio-spadoni-logo-100x100-1.webp\",\"contentUrl\":\"https:\\\/\\\/spaziospadoni.org\\\/wp-content\\\/uploads\\\/2026\\\/05\\\/spazio-spadoni-logo-100x100-1.webp\",\"width\":100,\"height\":100,\"caption\":\"spazio + spadoni\"},\"image\":{\"@id\":\"https:\\\/\\\/spaziospadoni.org\\\/pt-pt\\\/#\\\/schema\\\/logo\\\/image\\\/\"},\"sameAs\":[\"https:\\\/\\\/www.facebook.com\\\/SpazioSpadoni\\\/\",\"https:\\\/\\\/www.instagram.com\\\/spaziospadoni\\\/\",\"https:\\\/\\\/www.youtube.com\\\/@spaziospadoni\\\/playlists\"]},{\"@type\":\"Person\",\"@id\":\"https:\\\/\\\/spaziospadoni.org\\\/pt-pt\\\/#\\\/schema\\\/person\\\/5d042eaa69d726f0c03c3698f2f880c0\",\"name\":\"Loredana Brigante\",\"image\":{\"@type\":\"ImageObject\",\"inLanguage\":\"pt-PT\",\"@id\":\"https:\\\/\\\/secure.gravatar.com\\\/avatar\\\/ce1837a2d56dc272a3652369a6740cf43d588eaf99e2e5680a1cb57eebd4b7ca?s=96&d=mm&r=g\",\"url\":\"https:\\\/\\\/secure.gravatar.com\\\/avatar\\\/ce1837a2d56dc272a3652369a6740cf43d588eaf99e2e5680a1cb57eebd4b7ca?s=96&d=mm&r=g\",\"contentUrl\":\"https:\\\/\\\/secure.gravatar.com\\\/avatar\\\/ce1837a2d56dc272a3652369a6740cf43d588eaf99e2e5680a1cb57eebd4b7ca?s=96&d=mm&r=g\",\"caption\":\"Loredana Brigante\"},\"description\":\"Nascida em 1976, \u00e9 jornalista freelancer e apaixonada pelo mundo mission\u00e1rio. Natural do Salento, vive em Palermo desde 2007 com Rino e as filhas, Greta e Gaia. Entre 2000 e 2003, foi secret\u00e1ria nacional do Movimento Giovanile Missionario delle Pontificie Opere Missionarie, em Roma, e integra a equipa nacional de Missio Ragazzi. Atualmente, colabora com a revista \u201cPopoli e Missione\u201d da Fondazione Missio e com spazio + spadoni.\",\"url\":\"https:\\\/\\\/spaziospadoni.org\\\/pt-pt\\\/author\\\/brigante_mission\\\/\"}]}<\/script>\n<!-- \/ Yoast SEO plugin. -->","yoast_head_json":{"title":"A mem\u00f3ria de Stefano Trane Protopapa e de suas palavras","description":"A mem\u00f3ria de Stefano Trane Protopapa: o amor pela escrita, a for\u00e7a das rela\u00e7\u00f5es e as sementes de bem que continuam a florescer.","robots":{"index":"index","follow":"follow","max-snippet":"max-snippet:-1","max-image-preview":"max-image-preview:large","max-video-preview":"max-video-preview:-1"},"canonical":"https:\/\/spaziospadoni.org\/pt-pt\/o-bem-que-gera-mais-bem-obrigado-stefano-trane-protopapa\/","og_locale":"pt_PT","og_type":"article","og_title":"A mem\u00f3ria de Stefano Trane Protopapa e de suas palavras","og_description":"A mem\u00f3ria de Stefano Trane Protopapa: o amor pela escrita, a for\u00e7a das rela\u00e7\u00f5es e as sementes de bem que continuam a florescer.","og_url":"https:\/\/spaziospadoni.org\/pt-pt\/o-bem-que-gera-mais-bem-obrigado-stefano-trane-protopapa\/","og_site_name":"spazio + spadoni","article_publisher":"https:\/\/www.facebook.com\/SpazioSpadoni\/","article_published_time":"2026-08-21T06:00:00+00:00","article_modified_time":"2026-08-21T07:48:50+00:00","og_image":[{"width":1200,"height":803,"url":"https:\/\/spaziospadoni.org\/wp-content\/uploads\/2026\/08\/colomba-foto-stefano-trane.webp","type":"image\/webp"}],"author":"Loredana Brigante","twitter_card":"summary_large_image","twitter_misc":{"Escrito por":"Loredana Brigante","Est. reading time":"3 minutes"},"schema":{"@context":"https:\/\/schema.org","@graph":[{"@type":"Article","@id":"https:\/\/spaziospadoni.org\/pt-pt\/o-bem-que-gera-mais-bem-obrigado-stefano-trane-protopapa\/#article","isPartOf":{"@id":"https:\/\/spaziospadoni.org\/pt-pt\/o-bem-que-gera-mais-bem-obrigado-stefano-trane-protopapa\/"},"author":{"name":"Loredana Brigante","@id":"https:\/\/spaziospadoni.org\/pt-pt\/#\/schema\/person\/5d042eaa69d726f0c03c3698f2f880c0"},"headline":"O bem que gera mais bem | Obrigado, Stefano Trane Protopapa!","datePublished":"2026-08-21T06:00:00+00:00","dateModified":"2026-08-21T07:48:50+00:00","mainEntityOfPage":{"@id":"https:\/\/spaziospadoni.org\/pt-pt\/o-bem-que-gera-mais-bem-obrigado-stefano-trane-protopapa\/"},"wordCount":626,"publisher":{"@id":"https:\/\/spaziospadoni.org\/pt-pt\/#organization"},"image":{"@id":"https:\/\/spaziospadoni.org\/pt-pt\/o-bem-que-gera-mais-bem-obrigado-stefano-trane-protopapa\/#primaryimage"},"thumbnailUrl":"https:\/\/spaziospadoni.org\/wp-content\/uploads\/2026\/08\/colomba-foto-stefano-trane.webp","keywords":["doen\u00e7a","generosidade","gratid\u00e3o","palavras","relacionamentos"],"articleSection":["Hist\u00f3rias"],"inLanguage":"pt-PT"},{"@type":"WebPage","@id":"https:\/\/spaziospadoni.org\/pt-pt\/o-bem-que-gera-mais-bem-obrigado-stefano-trane-protopapa\/","url":"https:\/\/spaziospadoni.org\/pt-pt\/o-bem-que-gera-mais-bem-obrigado-stefano-trane-protopapa\/","name":"A mem\u00f3ria de Stefano Trane Protopapa e de suas palavras","isPartOf":{"@id":"https:\/\/spaziospadoni.org\/pt-pt\/#website"},"primaryImageOfPage":{"@id":"https:\/\/spaziospadoni.org\/pt-pt\/o-bem-que-gera-mais-bem-obrigado-stefano-trane-protopapa\/#primaryimage"},"image":{"@id":"https:\/\/spaziospadoni.org\/pt-pt\/o-bem-que-gera-mais-bem-obrigado-stefano-trane-protopapa\/#primaryimage"},"thumbnailUrl":"https:\/\/spaziospadoni.org\/wp-content\/uploads\/2026\/08\/colomba-foto-stefano-trane.webp","datePublished":"2026-08-21T06:00:00+00:00","dateModified":"2026-08-21T07:48:50+00:00","description":"A mem\u00f3ria de Stefano Trane Protopapa: o amor pela escrita, a for\u00e7a das rela\u00e7\u00f5es e as sementes de bem que continuam a florescer.","breadcrumb":{"@id":"https:\/\/spaziospadoni.org\/pt-pt\/o-bem-que-gera-mais-bem-obrigado-stefano-trane-protopapa\/#breadcrumb"},"inLanguage":"pt-PT","potentialAction":[{"@type":"ReadAction","target":["https:\/\/spaziospadoni.org\/pt-pt\/o-bem-que-gera-mais-bem-obrigado-stefano-trane-protopapa\/"]}]},{"@type":"ImageObject","inLanguage":"pt-PT","@id":"https:\/\/spaziospadoni.org\/pt-pt\/o-bem-que-gera-mais-bem-obrigado-stefano-trane-protopapa\/#primaryimage","url":"https:\/\/spaziospadoni.org\/wp-content\/uploads\/2026\/08\/colomba-foto-stefano-trane.webp","contentUrl":"https:\/\/spaziospadoni.org\/wp-content\/uploads\/2026\/08\/colomba-foto-stefano-trane.webp","width":1200,"height":803,"caption":"Foto de Stefano Trane Protopapa presente no livro Murmure, Suoni e Ri-suoni"},{"@type":"BreadcrumbList","@id":"https:\/\/spaziospadoni.org\/pt-pt\/o-bem-que-gera-mais-bem-obrigado-stefano-trane-protopapa\/#breadcrumb","itemListElement":[{"@type":"ListItem","position":1,"name":"Home","item":"https:\/\/spaziospadoni.org\/pt-pt\/"},{"@type":"ListItem","position":2,"name":"O bem que gera mais bem | Obrigado, Stefano Trane Protopapa!"}]},{"@type":"WebSite","@id":"https:\/\/spaziospadoni.org\/pt-pt\/#website","url":"https:\/\/spaziospadoni.org\/pt-pt\/","name":"spazio + spadoni","description":"Generazione di misericordia e missione nel mondo","publisher":{"@id":"https:\/\/spaziospadoni.org\/pt-pt\/#organization"},"alternateName":"spaziospadoni.org","potentialAction":[{"@type":"SearchAction","target":{"@type":"EntryPoint","urlTemplate":"https:\/\/spaziospadoni.org\/pt-pt\/?s={search_term_string}"},"query-input":{"@type":"PropertyValueSpecification","valueRequired":true,"valueName":"search_term_string"}}],"inLanguage":"pt-PT"},{"@type":"Organization","@id":"https:\/\/spaziospadoni.org\/pt-pt\/#organization","name":"spazio + spadoni","alternateName":"spaziospadoni.org","url":"https:\/\/spaziospadoni.org\/pt-pt\/","logo":{"@type":"ImageObject","inLanguage":"pt-PT","@id":"https:\/\/spaziospadoni.org\/pt-pt\/#\/schema\/logo\/image\/","url":"https:\/\/spaziospadoni.org\/wp-content\/uploads\/2026\/05\/spazio-spadoni-logo-100x100-1.webp","contentUrl":"https:\/\/spaziospadoni.org\/wp-content\/uploads\/2026\/05\/spazio-spadoni-logo-100x100-1.webp","width":100,"height":100,"caption":"spazio + spadoni"},"image":{"@id":"https:\/\/spaziospadoni.org\/pt-pt\/#\/schema\/logo\/image\/"},"sameAs":["https:\/\/www.facebook.com\/SpazioSpadoni\/","https:\/\/www.instagram.com\/spaziospadoni\/","https:\/\/www.youtube.com\/@spaziospadoni\/playlists"]},{"@type":"Person","@id":"https:\/\/spaziospadoni.org\/pt-pt\/#\/schema\/person\/5d042eaa69d726f0c03c3698f2f880c0","name":"Loredana Brigante","image":{"@type":"ImageObject","inLanguage":"pt-PT","@id":"https:\/\/secure.gravatar.com\/avatar\/ce1837a2d56dc272a3652369a6740cf43d588eaf99e2e5680a1cb57eebd4b7ca?s=96&d=mm&r=g","url":"https:\/\/secure.gravatar.com\/avatar\/ce1837a2d56dc272a3652369a6740cf43d588eaf99e2e5680a1cb57eebd4b7ca?s=96&d=mm&r=g","contentUrl":"https:\/\/secure.gravatar.com\/avatar\/ce1837a2d56dc272a3652369a6740cf43d588eaf99e2e5680a1cb57eebd4b7ca?s=96&d=mm&r=g","caption":"Loredana Brigante"},"description":"Nascida em 1976, \u00e9 jornalista freelancer e apaixonada pelo mundo mission\u00e1rio. Natural do Salento, vive em Palermo desde 2007 com Rino e as filhas, Greta e Gaia. Entre 2000 e 2003, foi secret\u00e1ria nacional do Movimento Giovanile Missionario delle Pontificie Opere Missionarie, em Roma, e integra a equipa nacional de Missio Ragazzi. Atualmente, colabora com a revista \u201cPopoli e Missione\u201d da Fondazione Missio e com spazio + spadoni.","url":"https:\/\/spaziospadoni.org\/pt-pt\/author\/brigante_mission\/"}]}},"_links":{"self":[{"href":"https:\/\/spaziospadoni.org\/pt-pt\/wp-json\/wp\/v2\/posts\/91381","targetHints":{"allow":["GET"]}}],"collection":[{"href":"https:\/\/spaziospadoni.org\/pt-pt\/wp-json\/wp\/v2\/posts"}],"about":[{"href":"https:\/\/spaziospadoni.org\/pt-pt\/wp-json\/wp\/v2\/types\/post"}],"author":[{"embeddable":true,"href":"https:\/\/spaziospadoni.org\/pt-pt\/wp-json\/wp\/v2\/users\/7"}],"replies":[{"embeddable":true,"href":"https:\/\/spaziospadoni.org\/pt-pt\/wp-json\/wp\/v2\/comments?post=91381"}],"version-history":[{"count":2,"href":"https:\/\/spaziospadoni.org\/pt-pt\/wp-json\/wp\/v2\/posts\/91381\/revisions"}],"predecessor-version":[{"id":91383,"href":"https:\/\/spaziospadoni.org\/pt-pt\/wp-json\/wp\/v2\/posts\/91381\/revisions\/91383"}],"wp:featuredmedia":[{"embeddable":true,"href":"https:\/\/spaziospadoni.org\/pt-pt\/wp-json\/wp\/v2\/media\/91380"}],"wp:attachment":[{"href":"https:\/\/spaziospadoni.org\/pt-pt\/wp-json\/wp\/v2\/media?parent=91381"}],"wp:term":[{"taxonomy":"category","embeddable":true,"href":"https:\/\/spaziospadoni.org\/pt-pt\/wp-json\/wp\/v2\/categories?post=91381"},{"taxonomy":"post_tag","embeddable":true,"href":"https:\/\/spaziospadoni.org\/pt-pt\/wp-json\/wp\/v2\/tags?post=91381"}],"curies":[{"name":"wp","href":"https:\/\/api.w.org\/{rel}","templated":true}]}}