{"id":91398,"date":"2026-08-21T18:20:00","date_gmt":"2026-08-21T17:20:00","guid":{"rendered":"https:\/\/spaziospadoni.org\/?p=91398"},"modified":"2026-08-21T10:15:52","modified_gmt":"2026-08-21T09:15:52","slug":"a-mensagem-do-papa-leao-xiv-para-os-menores-migrantes-e-refugiados","status":"publish","type":"post","link":"https:\/\/spaziospadoni.org\/pt-pt\/a-mensagem-do-papa-leao-xiv-para-os-menores-migrantes-e-refugiados\/","title":{"rendered":"A mensagem do Papa Le\u00e3o XIV para os menores migrantes e refugiados"},"content":{"rendered":"\n<p class=\"wp-block-paragraph\">O Boletim da Sala de Imprensa da Santa S\u00e9 publicou a Mensagem do Papa Le\u00e3o XIV para o <strong>112\u00ba Dia Mundial do Migrante e do Refugiado 2026<\/strong>, que se realizar\u00e1 no pr\u00f3ximo dia 27 de setembro de 2026 sob o tema \u201cQuem acolher uma destas crian\u00e7as\u201d (Mt 18,5).<\/p>\n\n\n\n<h2 id=\"a-vulnerabilidade-dos-menores-nos-fluxos-migratorios\" class=\"wp-block-heading\">A vulnerabilidade dos menores nos fluxos migrat\u00f3rios<\/h2>\n\n\n\n<p class=\"wp-block-paragraph\">A mensagem do Papa Le\u00e3o XIV concentra-se este ano, em particular, na figura dram\u00e1tica dos menores migrantes e refugiados, identificados como as pessoas mais vulner\u00e1veis dentro dos fluxos migrat\u00f3rios mundiais.<\/p>\n\n\n\n<p class=\"wp-block-paragraph\">Milh\u00f5es de crian\u00e7as e adolescentes s\u00e3o for\u00e7ados a fugir de guerras, pobreza, viol\u00eancia e desastres, enfrentando traumas profundos, explora\u00e7\u00e3o, abusos e a tr\u00e1gica separa\u00e7\u00e3o dos pais.<\/p>\n\n\n\n<h2 id=\"o-acolhimento-pastoral-e-a-responsabilidade-partilhada\" class=\"wp-block-heading\">O acolhimento pastoral e a responsabilidade partilhada<\/h2>\n\n\n\n<p class=\"wp-block-paragraph\">Perante esta realidade, o Pont\u00edfice recorda as palavras de Jesus no Evangelho, lembrando que acolher at\u00e9 mesmo uma \u00fanica crian\u00e7a significa acolher o pr\u00f3prio Senhor.<\/p>\n\n\n\n<p class=\"wp-block-paragraph\">Isto exige superar a indiferen\u00e7a e agir em v\u00e1rios n\u00edveis: a n\u00edvel pessoal, reconhecendo a dignidade intr\u00ednseca de cada menor para al\u00e9m das estat\u00edsticas, e a n\u00edvel eclesial, fazendo com que o acolhimento se torne uma pr\u00e1tica pastoral permanente voltada para a efetiva integra\u00e7\u00e3o.<\/p>\n\n\n\n<p class=\"wp-block-paragraph\">O Papa sublinha tamb\u00e9m a necessidade de atuar no \u00e2mbito inter-religioso, recordando que a vulnerabilidade dos pequenos n\u00e3o conhece fronteiras confessionais e une-nos numa responsabilidade humanit\u00e1ria e espiritual partilhada.<\/p>\n\n\n\n<h2 id=\"o-apelo-as-instituicoes-civis-e-a-protecao-dos-direitos\" class=\"wp-block-heading\">O apelo \u00e0s institui\u00e7\u00f5es civis e a prote\u00e7\u00e3o dos direitos<\/h2>\n\n\n\n<p class=\"wp-block-paragraph\">Na mensagem, por fim, exorta as institui\u00e7\u00f5es civis a recolocarem no centro \u201co princ\u00edpio do superior interesse do menor\u201d, promovendo vias legais seguras e o reagrupamento familiar. Recordando o seu apelo ao Parlamento espanhol no passado dia 8 de junho, sublinha a urg\u00eancia de uma mudan\u00e7a de perspetiva: \u00e9 necess\u00e1rio transferir o eixo do debate da mera gest\u00e3o de fluxos para a prote\u00e7\u00e3o plena e imediata dos direitos humanos, adotando \u00abuma resposta coordenada, solid\u00e1ria e eficaz, capaz de garantir prote\u00e7\u00e3o, acolhimento e oportunidades reais de integra\u00e7\u00e3o para quem migra\u00bb.<\/p>\n\n\n\n<p class=\"wp-block-paragraph\"><a href=\"https:\/\/pixabay.com\/it\/photos\/rifugiati-mare-umano-lago-acqua-1286948\/\" target=\"_blank\" rel=\"noreferrer noopener nofollow\" title=\"Foto de &nbsp;Bernhard_Staerck (Pixabay)\"><strong>Foto de &nbsp;Bernhard_Staerck<\/strong> <strong>(Pixabay)<\/strong><\/a><\/p>\n\n\n\n<p class=\"wp-block-paragraph\"><strong>Fonte:<\/strong> <a href=\"https:\/\/marialuciaercole.substack.com\/\" target=\"_blank\" rel=\"noreferrer noopener nofollow\" title=\"Newsletter de Maria Lucia Ercole\">Newsletter de Maria Lucia Ercole<\/a><\/p>\n\n\n\n<p class=\"wp-block-paragraph\"><\/p>\n","protected":false},"excerpt":{"rendered":"<p>O Boletim da Sala de Imprensa da Santa S\u00e9 publicou a Mensagem do Papa Le\u00e3o XIV para o 112\u00ba Dia Mundial do Migrante e do Refugiado 2026, que se realizar\u00e1 no pr\u00f3ximo dia 27 de setembro de 2026 sob o tema \u201cQuem acolher uma destas crian\u00e7as\u201d (Mt 18,5). A vulnerabilidade dos menores nos fluxos migrat\u00f3rios &#8230; <a title=\"A mensagem do Papa Le\u00e3o XIV para os menores migrantes e refugiados\" class=\"read-more\" href=\"https:\/\/spaziospadoni.org\/pt-pt\/a-mensagem-do-papa-leao-xiv-para-os-menores-migrantes-e-refugiados\/\" aria-label=\"Read more about A mensagem do Papa Le\u00e3o XIV para os menores migrantes e refugiados\">Ler mais<\/a><\/p>\n","protected":false},"author":13,"featured_media":91408,"comment_status":"closed","ping_status":"closed","sticky":false,"template":"","format":"standard","meta":{"_sitemap_exclude":false,"_sitemap_priority":"","_sitemap_frequency":"","ss_featured_image_title":"","ss_featured_image_alt":"Est\u00e1tuas de migrantes","ss_featured_image_caption":"Por ocasi\u00e3o do 112\u00ba Dia Mundial do Migrante e do Refugiado de 2026, o Papa destaca a situa\u00e7\u00e3o das crian\u00e7as","footnotes":""},"categories":[2306],"tags":[5106,2775,2308,3599],"class_list":["post-91398","post","type-post","status-publish","format-standard","has-post-thumbnail","hentry","category-a-igreja-que-inspira","tag-mensagem","tag-migrantes","tag-papa-leao-xiv","tag-refugiados","infinite-scroll-item","generate-columns","tablet-grid-50","mobile-grid-100","grid-parent","grid-50"],"yoast_head":"<!-- This site is optimized with the Yoast SEO plugin v28.4 - https:\/\/yoast.com\/product\/yoast-seo-wordpress\/ -->\n<title>Papa Le\u00e3o XIV e a prote\u00e7\u00e3o dos menores migrantes e refugiados<\/title>\n<meta name=\"description\" content=\"A mensagem do Papa Le\u00e3o XIV para o 112\u00ba Dia Mundial do Migrante: proteger menores vulner\u00e1veis e promover o acolhimento e a integra\u00e7\u00e3o.\" \/>\n<meta name=\"robots\" content=\"index, follow, max-snippet:-1, max-image-preview:large, max-video-preview:-1\" \/>\n<link rel=\"canonical\" href=\"https:\/\/spaziospadoni.org\/pt-pt\/a-mensagem-do-papa-leao-xiv-para-os-menores-migrantes-e-refugiados\/\" \/>\n<meta property=\"og:locale\" content=\"pt_PT\" \/>\n<meta property=\"og:type\" content=\"article\" \/>\n<meta property=\"og:title\" content=\"Papa Le\u00e3o XIV e a prote\u00e7\u00e3o dos menores migrantes e refugiados\" \/>\n<meta property=\"og:description\" content=\"A mensagem do Papa Le\u00e3o XIV para o 112\u00ba Dia Mundial do Migrante: proteger menores vulner\u00e1veis e promover o acolhimento e a integra\u00e7\u00e3o.\" \/>\n<meta property=\"og:url\" content=\"https:\/\/spaziospadoni.org\/pt-pt\/a-mensagem-do-papa-leao-xiv-para-os-menores-migrantes-e-refugiados\/\" \/>\n<meta property=\"og:site_name\" content=\"spazio + spadoni\" \/>\n<meta property=\"article:publisher\" content=\"https:\/\/www.facebook.com\/SpazioSpadoni\/\" \/>\n<meta property=\"article:published_time\" content=\"2026-08-21T17:20:00+00:00\" \/>\n<meta property=\"og:image\" content=\"https:\/\/spaziospadoni.org\/wp-content\/uploads\/2026\/08\/statue-migranti-museo-mare.webp\" \/>\n\t<meta property=\"og:image:width\" content=\"1280\" \/>\n\t<meta property=\"og:image:height\" content=\"855\" \/>\n\t<meta property=\"og:image:type\" content=\"image\/webp\" \/>\n<meta name=\"author\" content=\"Maria Lucia Ercole\" \/>\n<meta name=\"twitter:card\" content=\"summary_large_image\" \/>\n<meta name=\"twitter:label1\" content=\"Escrito por\" \/>\n\t<meta name=\"twitter:data1\" content=\"Maria Lucia Ercole\" \/>\n\t<meta name=\"twitter:label2\" content=\"Est. reading time\" \/>\n\t<meta name=\"twitter:data2\" content=\"2 minutes\" \/>\n<script type=\"application\/ld+json\" class=\"yoast-schema-graph\">{\"@context\":\"https:\\\/\\\/schema.org\",\"@graph\":[{\"@type\":\"Article\",\"@id\":\"https:\\\/\\\/spaziospadoni.org\\\/pt-pt\\\/a-mensagem-do-papa-leao-xiv-para-os-menores-migrantes-e-refugiados\\\/#article\",\"isPartOf\":{\"@id\":\"https:\\\/\\\/spaziospadoni.org\\\/pt-pt\\\/a-mensagem-do-papa-leao-xiv-para-os-menores-migrantes-e-refugiados\\\/\"},\"author\":{\"name\":\"Maria Lucia Ercole\",\"@id\":\"https:\\\/\\\/spaziospadoni.org\\\/pt-pt\\\/#\\\/schema\\\/person\\\/9cdee08a0f6e8328c0e19b713bde0426\"},\"headline\":\"A mensagem do Papa Le\u00e3o XIV para os menores migrantes e refugiados\",\"datePublished\":\"2026-08-21T17:20:00+00:00\",\"mainEntityOfPage\":{\"@id\":\"https:\\\/\\\/spaziospadoni.org\\\/pt-pt\\\/a-mensagem-do-papa-leao-xiv-para-os-menores-migrantes-e-refugiados\\\/\"},\"wordCount\":377,\"publisher\":{\"@id\":\"https:\\\/\\\/spaziospadoni.org\\\/pt-pt\\\/#organization\"},\"image\":{\"@id\":\"https:\\\/\\\/spaziospadoni.org\\\/pt-pt\\\/a-mensagem-do-papa-leao-xiv-para-os-menores-migrantes-e-refugiados\\\/#primaryimage\"},\"thumbnailUrl\":\"https:\\\/\\\/spaziospadoni.org\\\/wp-content\\\/uploads\\\/2026\\\/08\\\/statue-migranti-museo-mare.webp\",\"keywords\":[\"mensagem\",\"migrantes\",\"Papa Le\u00e3o XIV\",\"refugiados\"],\"articleSection\":[\"A Igreja que inspira\"],\"inLanguage\":\"pt-PT\"},{\"@type\":\"WebPage\",\"@id\":\"https:\\\/\\\/spaziospadoni.org\\\/pt-pt\\\/a-mensagem-do-papa-leao-xiv-para-os-menores-migrantes-e-refugiados\\\/\",\"url\":\"https:\\\/\\\/spaziospadoni.org\\\/pt-pt\\\/a-mensagem-do-papa-leao-xiv-para-os-menores-migrantes-e-refugiados\\\/\",\"name\":\"Papa Le\u00e3o XIV e a prote\u00e7\u00e3o dos menores migrantes e refugiados\",\"isPartOf\":{\"@id\":\"https:\\\/\\\/spaziospadoni.org\\\/pt-pt\\\/#website\"},\"primaryImageOfPage\":{\"@id\":\"https:\\\/\\\/spaziospadoni.org\\\/pt-pt\\\/a-mensagem-do-papa-leao-xiv-para-os-menores-migrantes-e-refugiados\\\/#primaryimage\"},\"image\":{\"@id\":\"https:\\\/\\\/spaziospadoni.org\\\/pt-pt\\\/a-mensagem-do-papa-leao-xiv-para-os-menores-migrantes-e-refugiados\\\/#primaryimage\"},\"thumbnailUrl\":\"https:\\\/\\\/spaziospadoni.org\\\/wp-content\\\/uploads\\\/2026\\\/08\\\/statue-migranti-museo-mare.webp\",\"datePublished\":\"2026-08-21T17:20:00+00:00\",\"description\":\"A mensagem do Papa Le\u00e3o XIV para o 112\u00ba Dia Mundial do Migrante: proteger menores vulner\u00e1veis e promover o acolhimento e a integra\u00e7\u00e3o.\",\"breadcrumb\":{\"@id\":\"https:\\\/\\\/spaziospadoni.org\\\/pt-pt\\\/a-mensagem-do-papa-leao-xiv-para-os-menores-migrantes-e-refugiados\\\/#breadcrumb\"},\"inLanguage\":\"pt-PT\",\"potentialAction\":[{\"@type\":\"ReadAction\",\"target\":[\"https:\\\/\\\/spaziospadoni.org\\\/pt-pt\\\/a-mensagem-do-papa-leao-xiv-para-os-menores-migrantes-e-refugiados\\\/\"]}]},{\"@type\":\"ImageObject\",\"inLanguage\":\"pt-PT\",\"@id\":\"https:\\\/\\\/spaziospadoni.org\\\/pt-pt\\\/a-mensagem-do-papa-leao-xiv-para-os-menores-migrantes-e-refugiados\\\/#primaryimage\",\"url\":\"https:\\\/\\\/spaziospadoni.org\\\/wp-content\\\/uploads\\\/2026\\\/08\\\/statue-migranti-museo-mare.webp\",\"contentUrl\":\"https:\\\/\\\/spaziospadoni.org\\\/wp-content\\\/uploads\\\/2026\\\/08\\\/statue-migranti-museo-mare.webp\",\"width\":1280,\"height\":855,\"caption\":\"Por ocasi\u00e3o do 112\u00ba Dia Mundial do Migrante e do Refugiado de 2026, o Papa destaca a situa\u00e7\u00e3o das crian\u00e7as\"},{\"@type\":\"BreadcrumbList\",\"@id\":\"https:\\\/\\\/spaziospadoni.org\\\/pt-pt\\\/a-mensagem-do-papa-leao-xiv-para-os-menores-migrantes-e-refugiados\\\/#breadcrumb\",\"itemListElement\":[{\"@type\":\"ListItem\",\"position\":1,\"name\":\"Home\",\"item\":\"https:\\\/\\\/spaziospadoni.org\\\/pt-pt\\\/\"},{\"@type\":\"ListItem\",\"position\":2,\"name\":\"A mensagem do Papa Le\u00e3o XIV para os menores migrantes e refugiados\"}]},{\"@type\":\"WebSite\",\"@id\":\"https:\\\/\\\/spaziospadoni.org\\\/pt-pt\\\/#website\",\"url\":\"https:\\\/\\\/spaziospadoni.org\\\/pt-pt\\\/\",\"name\":\"spazio + spadoni\",\"description\":\"Generazione di misericordia e missione nel mondo\",\"publisher\":{\"@id\":\"https:\\\/\\\/spaziospadoni.org\\\/pt-pt\\\/#organization\"},\"alternateName\":\"spaziospadoni.org\",\"potentialAction\":[{\"@type\":\"SearchAction\",\"target\":{\"@type\":\"EntryPoint\",\"urlTemplate\":\"https:\\\/\\\/spaziospadoni.org\\\/pt-pt\\\/?s={search_term_string}\"},\"query-input\":{\"@type\":\"PropertyValueSpecification\",\"valueRequired\":true,\"valueName\":\"search_term_string\"}}],\"inLanguage\":\"pt-PT\"},{\"@type\":\"Organization\",\"@id\":\"https:\\\/\\\/spaziospadoni.org\\\/pt-pt\\\/#organization\",\"name\":\"spazio + spadoni\",\"alternateName\":\"spaziospadoni.org\",\"url\":\"https:\\\/\\\/spaziospadoni.org\\\/pt-pt\\\/\",\"logo\":{\"@type\":\"ImageObject\",\"inLanguage\":\"pt-PT\",\"@id\":\"https:\\\/\\\/spaziospadoni.org\\\/pt-pt\\\/#\\\/schema\\\/logo\\\/image\\\/\",\"url\":\"https:\\\/\\\/spaziospadoni.org\\\/wp-content\\\/uploads\\\/2026\\\/05\\\/spazio-spadoni-logo-100x100-1.webp\",\"contentUrl\":\"https:\\\/\\\/spaziospadoni.org\\\/wp-content\\\/uploads\\\/2026\\\/05\\\/spazio-spadoni-logo-100x100-1.webp\",\"width\":100,\"height\":100,\"caption\":\"spazio + spadoni\"},\"image\":{\"@id\":\"https:\\\/\\\/spaziospadoni.org\\\/pt-pt\\\/#\\\/schema\\\/logo\\\/image\\\/\"},\"sameAs\":[\"https:\\\/\\\/www.facebook.com\\\/SpazioSpadoni\\\/\",\"https:\\\/\\\/www.instagram.com\\\/spaziospadoni\\\/\",\"https:\\\/\\\/www.youtube.com\\\/@spaziospadoni\\\/playlists\"]},{\"@type\":\"Person\",\"@id\":\"https:\\\/\\\/spaziospadoni.org\\\/pt-pt\\\/#\\\/schema\\\/person\\\/9cdee08a0f6e8328c0e19b713bde0426\",\"name\":\"Maria Lucia Ercole\",\"image\":{\"@type\":\"ImageObject\",\"inLanguage\":\"pt-PT\",\"@id\":\"https:\\\/\\\/secure.gravatar.com\\\/avatar\\\/880bbdf4c968635b20266eac4e46e8196a6dde9230c4927c12757a6c430e6e3d?s=96&d=mm&r=g\",\"url\":\"https:\\\/\\\/secure.gravatar.com\\\/avatar\\\/880bbdf4c968635b20266eac4e46e8196a6dde9230c4927c12757a6c430e6e3d?s=96&d=mm&r=g\",\"contentUrl\":\"https:\\\/\\\/secure.gravatar.com\\\/avatar\\\/880bbdf4c968635b20266eac4e46e8196a6dde9230c4927c12757a6c430e6e3d?s=96&d=mm&r=g\",\"caption\":\"Maria Lucia Ercole\"},\"description\":\"Licenciada em Economia e Ci\u00eancias da Educa\u00e7\u00e3o, lecionou em v\u00e1rias escolas secund\u00e1rias de Turim. Atualmente, dedica-se plenamente ao voluntariado, tanto no \u00e2mbito paroquial como no educativo, ensinando italiano como l\u00edngua segunda (L2) a migrantes. Desde outubro de 2021, escreve a newsletter \u201cLa Chiesa che ispira \u2013 Spazio di riflessione sulla Chiesa Cattolica, oggi\u201d e participa ativamente nas campanhas nacionais \u201cStop smartphone e social sotto i 14 e 16 anni\u201d.\",\"url\":\"https:\\\/\\\/spaziospadoni.org\\\/pt-pt\\\/author\\\/ercolemission\\\/\"}]}<\/script>\n<!-- \/ Yoast SEO plugin. -->","yoast_head_json":{"title":"Papa Le\u00e3o XIV e a prote\u00e7\u00e3o dos menores migrantes e refugiados","description":"A mensagem do Papa Le\u00e3o XIV para o 112\u00ba Dia Mundial do Migrante: proteger menores vulner\u00e1veis e promover o acolhimento e a integra\u00e7\u00e3o.","robots":{"index":"index","follow":"follow","max-snippet":"max-snippet:-1","max-image-preview":"max-image-preview:large","max-video-preview":"max-video-preview:-1"},"canonical":"https:\/\/spaziospadoni.org\/pt-pt\/a-mensagem-do-papa-leao-xiv-para-os-menores-migrantes-e-refugiados\/","og_locale":"pt_PT","og_type":"article","og_title":"Papa Le\u00e3o XIV e a prote\u00e7\u00e3o dos menores migrantes e refugiados","og_description":"A mensagem do Papa Le\u00e3o XIV para o 112\u00ba Dia Mundial do Migrante: proteger menores vulner\u00e1veis e promover o acolhimento e a integra\u00e7\u00e3o.","og_url":"https:\/\/spaziospadoni.org\/pt-pt\/a-mensagem-do-papa-leao-xiv-para-os-menores-migrantes-e-refugiados\/","og_site_name":"spazio + spadoni","article_publisher":"https:\/\/www.facebook.com\/SpazioSpadoni\/","article_published_time":"2026-08-21T17:20:00+00:00","og_image":[{"width":1280,"height":855,"url":"https:\/\/spaziospadoni.org\/wp-content\/uploads\/2026\/08\/statue-migranti-museo-mare.webp","type":"image\/webp"}],"author":"Maria Lucia Ercole","twitter_card":"summary_large_image","twitter_misc":{"Escrito por":"Maria Lucia Ercole","Est. reading time":"2 minutes"},"schema":{"@context":"https:\/\/schema.org","@graph":[{"@type":"Article","@id":"https:\/\/spaziospadoni.org\/pt-pt\/a-mensagem-do-papa-leao-xiv-para-os-menores-migrantes-e-refugiados\/#article","isPartOf":{"@id":"https:\/\/spaziospadoni.org\/pt-pt\/a-mensagem-do-papa-leao-xiv-para-os-menores-migrantes-e-refugiados\/"},"author":{"name":"Maria Lucia Ercole","@id":"https:\/\/spaziospadoni.org\/pt-pt\/#\/schema\/person\/9cdee08a0f6e8328c0e19b713bde0426"},"headline":"A mensagem do Papa Le\u00e3o XIV para os menores migrantes e refugiados","datePublished":"2026-08-21T17:20:00+00:00","mainEntityOfPage":{"@id":"https:\/\/spaziospadoni.org\/pt-pt\/a-mensagem-do-papa-leao-xiv-para-os-menores-migrantes-e-refugiados\/"},"wordCount":377,"publisher":{"@id":"https:\/\/spaziospadoni.org\/pt-pt\/#organization"},"image":{"@id":"https:\/\/spaziospadoni.org\/pt-pt\/a-mensagem-do-papa-leao-xiv-para-os-menores-migrantes-e-refugiados\/#primaryimage"},"thumbnailUrl":"https:\/\/spaziospadoni.org\/wp-content\/uploads\/2026\/08\/statue-migranti-museo-mare.webp","keywords":["mensagem","migrantes","Papa Le\u00e3o XIV","refugiados"],"articleSection":["A Igreja que inspira"],"inLanguage":"pt-PT"},{"@type":"WebPage","@id":"https:\/\/spaziospadoni.org\/pt-pt\/a-mensagem-do-papa-leao-xiv-para-os-menores-migrantes-e-refugiados\/","url":"https:\/\/spaziospadoni.org\/pt-pt\/a-mensagem-do-papa-leao-xiv-para-os-menores-migrantes-e-refugiados\/","name":"Papa Le\u00e3o XIV e a prote\u00e7\u00e3o dos menores migrantes e refugiados","isPartOf":{"@id":"https:\/\/spaziospadoni.org\/pt-pt\/#website"},"primaryImageOfPage":{"@id":"https:\/\/spaziospadoni.org\/pt-pt\/a-mensagem-do-papa-leao-xiv-para-os-menores-migrantes-e-refugiados\/#primaryimage"},"image":{"@id":"https:\/\/spaziospadoni.org\/pt-pt\/a-mensagem-do-papa-leao-xiv-para-os-menores-migrantes-e-refugiados\/#primaryimage"},"thumbnailUrl":"https:\/\/spaziospadoni.org\/wp-content\/uploads\/2026\/08\/statue-migranti-museo-mare.webp","datePublished":"2026-08-21T17:20:00+00:00","description":"A mensagem do Papa Le\u00e3o XIV para o 112\u00ba Dia Mundial do Migrante: proteger menores vulner\u00e1veis e promover o acolhimento e a integra\u00e7\u00e3o.","breadcrumb":{"@id":"https:\/\/spaziospadoni.org\/pt-pt\/a-mensagem-do-papa-leao-xiv-para-os-menores-migrantes-e-refugiados\/#breadcrumb"},"inLanguage":"pt-PT","potentialAction":[{"@type":"ReadAction","target":["https:\/\/spaziospadoni.org\/pt-pt\/a-mensagem-do-papa-leao-xiv-para-os-menores-migrantes-e-refugiados\/"]}]},{"@type":"ImageObject","inLanguage":"pt-PT","@id":"https:\/\/spaziospadoni.org\/pt-pt\/a-mensagem-do-papa-leao-xiv-para-os-menores-migrantes-e-refugiados\/#primaryimage","url":"https:\/\/spaziospadoni.org\/wp-content\/uploads\/2026\/08\/statue-migranti-museo-mare.webp","contentUrl":"https:\/\/spaziospadoni.org\/wp-content\/uploads\/2026\/08\/statue-migranti-museo-mare.webp","width":1280,"height":855,"caption":"Por ocasi\u00e3o do 112\u00ba Dia Mundial do Migrante e do Refugiado de 2026, o Papa destaca a situa\u00e7\u00e3o das crian\u00e7as"},{"@type":"BreadcrumbList","@id":"https:\/\/spaziospadoni.org\/pt-pt\/a-mensagem-do-papa-leao-xiv-para-os-menores-migrantes-e-refugiados\/#breadcrumb","itemListElement":[{"@type":"ListItem","position":1,"name":"Home","item":"https:\/\/spaziospadoni.org\/pt-pt\/"},{"@type":"ListItem","position":2,"name":"A mensagem do Papa Le\u00e3o XIV para os menores migrantes e refugiados"}]},{"@type":"WebSite","@id":"https:\/\/spaziospadoni.org\/pt-pt\/#website","url":"https:\/\/spaziospadoni.org\/pt-pt\/","name":"spazio + spadoni","description":"Generazione di misericordia e missione nel mondo","publisher":{"@id":"https:\/\/spaziospadoni.org\/pt-pt\/#organization"},"alternateName":"spaziospadoni.org","potentialAction":[{"@type":"SearchAction","target":{"@type":"EntryPoint","urlTemplate":"https:\/\/spaziospadoni.org\/pt-pt\/?s={search_term_string}"},"query-input":{"@type":"PropertyValueSpecification","valueRequired":true,"valueName":"search_term_string"}}],"inLanguage":"pt-PT"},{"@type":"Organization","@id":"https:\/\/spaziospadoni.org\/pt-pt\/#organization","name":"spazio + spadoni","alternateName":"spaziospadoni.org","url":"https:\/\/spaziospadoni.org\/pt-pt\/","logo":{"@type":"ImageObject","inLanguage":"pt-PT","@id":"https:\/\/spaziospadoni.org\/pt-pt\/#\/schema\/logo\/image\/","url":"https:\/\/spaziospadoni.org\/wp-content\/uploads\/2026\/05\/spazio-spadoni-logo-100x100-1.webp","contentUrl":"https:\/\/spaziospadoni.org\/wp-content\/uploads\/2026\/05\/spazio-spadoni-logo-100x100-1.webp","width":100,"height":100,"caption":"spazio + spadoni"},"image":{"@id":"https:\/\/spaziospadoni.org\/pt-pt\/#\/schema\/logo\/image\/"},"sameAs":["https:\/\/www.facebook.com\/SpazioSpadoni\/","https:\/\/www.instagram.com\/spaziospadoni\/","https:\/\/www.youtube.com\/@spaziospadoni\/playlists"]},{"@type":"Person","@id":"https:\/\/spaziospadoni.org\/pt-pt\/#\/schema\/person\/9cdee08a0f6e8328c0e19b713bde0426","name":"Maria Lucia Ercole","image":{"@type":"ImageObject","inLanguage":"pt-PT","@id":"https:\/\/secure.gravatar.com\/avatar\/880bbdf4c968635b20266eac4e46e8196a6dde9230c4927c12757a6c430e6e3d?s=96&d=mm&r=g","url":"https:\/\/secure.gravatar.com\/avatar\/880bbdf4c968635b20266eac4e46e8196a6dde9230c4927c12757a6c430e6e3d?s=96&d=mm&r=g","contentUrl":"https:\/\/secure.gravatar.com\/avatar\/880bbdf4c968635b20266eac4e46e8196a6dde9230c4927c12757a6c430e6e3d?s=96&d=mm&r=g","caption":"Maria Lucia Ercole"},"description":"Licenciada em Economia e Ci\u00eancias da Educa\u00e7\u00e3o, lecionou em v\u00e1rias escolas secund\u00e1rias de Turim. Atualmente, dedica-se plenamente ao voluntariado, tanto no \u00e2mbito paroquial como no educativo, ensinando italiano como l\u00edngua segunda (L2) a migrantes. Desde outubro de 2021, escreve a newsletter \u201cLa Chiesa che ispira \u2013 Spazio di riflessione sulla Chiesa Cattolica, oggi\u201d e participa ativamente nas campanhas nacionais \u201cStop smartphone e social sotto i 14 e 16 anni\u201d.","url":"https:\/\/spaziospadoni.org\/pt-pt\/author\/ercolemission\/"}]}},"_links":{"self":[{"href":"https:\/\/spaziospadoni.org\/pt-pt\/wp-json\/wp\/v2\/posts\/91398","targetHints":{"allow":["GET"]}}],"collection":[{"href":"https:\/\/spaziospadoni.org\/pt-pt\/wp-json\/wp\/v2\/posts"}],"about":[{"href":"https:\/\/spaziospadoni.org\/pt-pt\/wp-json\/wp\/v2\/types\/post"}],"author":[{"embeddable":true,"href":"https:\/\/spaziospadoni.org\/pt-pt\/wp-json\/wp\/v2\/users\/13"}],"replies":[{"embeddable":true,"href":"https:\/\/spaziospadoni.org\/pt-pt\/wp-json\/wp\/v2\/comments?post=91398"}],"version-history":[{"count":3,"href":"https:\/\/spaziospadoni.org\/pt-pt\/wp-json\/wp\/v2\/posts\/91398\/revisions"}],"predecessor-version":[{"id":91403,"href":"https:\/\/spaziospadoni.org\/pt-pt\/wp-json\/wp\/v2\/posts\/91398\/revisions\/91403"}],"wp:featuredmedia":[{"embeddable":true,"href":"https:\/\/spaziospadoni.org\/pt-pt\/wp-json\/wp\/v2\/media\/91408"}],"wp:attachment":[{"href":"https:\/\/spaziospadoni.org\/pt-pt\/wp-json\/wp\/v2\/media?parent=91398"}],"wp:term":[{"taxonomy":"category","embeddable":true,"href":"https:\/\/spaziospadoni.org\/pt-pt\/wp-json\/wp\/v2\/categories?post=91398"},{"taxonomy":"post_tag","embeddable":true,"href":"https:\/\/spaziospadoni.org\/pt-pt\/wp-json\/wp\/v2\/tags?post=91398"}],"curies":[{"name":"wp","href":"https:\/\/api.w.org\/{rel}","templated":true}]}}