{"id":91697,"date":"2026-08-22T07:00:00","date_gmt":"2026-08-22T06:00:00","guid":{"rendered":"https:\/\/spaziospadoni.org\/?p=91697"},"modified":"2026-08-21T20:37:34","modified_gmt":"2026-08-21T19:37:34","slug":"a-caminho-de-santiago-entre-fe-e-partilha","status":"publish","type":"post","link":"https:\/\/spaziospadoni.org\/pt-pt\/a-caminho-de-santiago-entre-fe-e-partilha\/","title":{"rendered":"A caminho de Santiago entre f\u00e9 e partilha"},"content":{"rendered":"\n<p class=\"has-text-align-right wp-block-paragraph\"><em>(por Anna Maria Federico \u2013 \u00dambria)<\/em><\/p>\n\n\n\n<p class=\"wp-block-paragraph\">A proposta era exigente: uma peregrina\u00e7\u00e3o diocesana ao longo da \u00faltima parte do caminho franc\u00eas a partir de Sarria, percorrendo 118 km rumo a Santiago de Compostela. Ao lado de um grande grupo de jovens e educadores da diocese de Per\u00fagia \u2013 420 no total \u2013, propunha-se aos adultos o mesmo percurso de forma mais suave. Decidimos aceitar o desafio e embarc\u00e1mos, de 24 de julho a 1 de agosto, numa experi\u00eancia verdadeiramente \u00fanica\u2026<\/p>\n\n\n\n<p class=\"wp-block-paragraph\">N\u00f3s, adultos, viaj\u00e1mos de avi\u00e3o, ao contr\u00e1rio dos jovens que viajaram de autocarro. Nas seis etapas, com uma m\u00e9dia de 20 km cada, cont\u00e1mos com o apoio de autocarros que transportavam as nossas bagagens para as localidades onde pernoit\u00e1vamos: Sarria, Portomar\u00edn, Palas de Rei, Melide, Arz\u00faa, O Pino.<\/p>\n\n\n\n<p class=\"wp-block-paragraph\">Come\u00e7ar a caminhada muito cedo todas as manh\u00e3s, por volta das 6h00\u20136h30 (quando a temperatura est\u00e1 bem mais fresca, entre os 15 e os 18 graus), parecia cansativo, mas este \u00abir ao encontro\u00bb ajudou-nos a redescobrir o verdadeiro sentido do caminho. Entre as nossas fam\u00edlias, cerca de vinte, havia jovens e adultos: a sensa\u00e7\u00e3o inicial para alguns foi o receio de n\u00e3o conseguir concluir o percurso, sobretudo nos primeiros dois dias, com etapas de 22 e 25 km.<\/p>\n\n\n\n<h2 id=\"o-ritmo-interior-e-a-forca-da-oracao\" class=\"wp-block-heading\">O ritmo interior e a for\u00e7a da ora\u00e7\u00e3o<\/h2>\n\n\n\n<p class=\"wp-block-paragraph\">Mas depois cada um olhou para dentro de si e encontrou o seu pr\u00f3prio ritmo. N\u00e3o posso falar pelo que sentiram os amigos com quem partilhei a experi\u00eancia, mas eu e o meu marido Francesco sentimos o desejo de avan\u00e7ar olhando n\u00e3o para as dificuldades, mas para as oportunidades; esse foi o ponto de viragem que me ajudou especialmente, j\u00e1 que n\u00e3o sou grande apreciadora de caminhadas e tenho um estilo de vida mais sedent\u00e1rio.<\/p>\n\n\n\n<p class=\"wp-block-paragraph\">Pensando nisso, comecei logo a refletir e a organizar o que trazia no cora\u00e7\u00e3o: em primeiro lugar, um agradecimento a Deus que me sustentou nos \u00faltimos anos em momentos de fragilidade na sa\u00fade. Depois, o prop\u00f3sito de fazer uma peregrina\u00e7\u00e3o para pedir o aux\u00edlio do Senhor pelas necessidades de familiares e amigos que pediram ora\u00e7\u00f5es. E, por fim, o desejo de abrir o cora\u00e7\u00e3o ao mundo.<\/p>\n\n\n\n<h2 id=\"encontros-no-trilho-e-uma-igreja-universal\" class=\"wp-block-heading\">Encontros no trilho e uma Igreja universal<\/h2>\n\n\n\n<p class=\"wp-block-paragraph\">O Caminho de Santiago tem esta b\u00ean\u00e7\u00e3o maravilhosa: permite encontrar pessoas do mundo inteiro, e um sorriso, uma palavra, um \u00abbom caminho\u00bb dito com o cora\u00e7\u00e3o sustentam e encorajam em cada etapa\u2026 N\u00e3o sabia exatamente o que esperar, mas ao longo do caminho compreende-se com clareza que a Igreja \u00e9 universal e repleta de esperan\u00e7a.<\/p>\n\n\n\n<p class=\"wp-block-paragraph\">Nem todos os que encontr\u00e1mos eram crentes, mas paravam com respeito ao ouvir a recita\u00e7\u00e3o do ter\u00e7o. Mesmo nos locais de descanso, havia sempre uma atitude fraterna e solid\u00e1ria. Tive a oportunidade de conversar com um jovem argentino que me ofereceu mate, duas jovens da Col\u00f4mbia e da Venezuela com as suas bandeiras e uma fam\u00edlia portuguesa que reencontr\u00e1vamos como por encanto na etapa seguinte.<\/p>\n\n\n\n<p class=\"wp-block-paragraph\">Parece incr\u00edvel, mas ao abrirmo-nos ao outro e \u00e0 ora\u00e7\u00e3o pessoal e comunit\u00e1ria (celebr\u00e1vamos a Santa Missa todos os dias), senti que a for\u00e7a vinha d&#8217;Ele\u2026 Ter esta fonte interior faz esquecer as dores, as bolhas nos p\u00e9s, o cansa\u00e7o e os pequenos contratempos de sa\u00fade.<\/p>\n\n\n\n<h2 id=\"a-chegada-a-santiago-e-a-missao-de-se-fazer-proximo\" class=\"wp-block-heading\">A chegada a Santiago e a miss\u00e3o de se fazer pr\u00f3ximo<\/h2>\n\n\n\n<p class=\"wp-block-paragraph\">Descobrimos que somos capazes de alcan\u00e7ar metas que julg\u00e1vamos imposs\u00edveis; cresce no cora\u00e7\u00e3o a gratid\u00e3o a Deus, aos irm\u00e3os, \u00e0 peregrina\u00e7\u00e3o e a Santiago que nos chamou para esta viv\u00eancia. Tudo ganha plenitude ao chegar \u00e0 grande pra\u00e7a do Obradoiro; diante da bas\u00edlica de Santiago, contemplamos pessoas que se ajoelham, se abra\u00e7am e cantam juntas com grande como\u00e7\u00e3o, na certeza de que deste chamamento deve brotar um envio\u2026<\/p>\n\n\n\n<p class=\"wp-block-paragraph\">Em Santiago, vidas e hist\u00f3rias cruzam-se, demonstrando que no caminho somos todos chamados a fazer-nos pr\u00f3ximos de quem caminha ao nosso lado. \u00c9 imposs\u00edvel n\u00e3o rezar e n\u00e3o recordar o sofrimento de tantos irm\u00e3os em pa\u00edses fustigados por guerras, viol\u00eancia, terramotos e fomes. Somos chamados a caminhar ao lado do pr\u00f3ximo, mesmo por um breve trecho, com a ora\u00e7\u00e3o, a palavra e o amparo do Esp\u00edrito Santo que atua em cora\u00e7\u00f5es humildes e puros\u2026<\/p>\n\n\n\n<p class=\"wp-block-paragraph\">Ter esta consci\u00eancia \u00e9 um dom imenso que nos fortalece e nos revela a beleza de caminhar juntos\u2026 Uma rede de peregrinos, como tantos mission\u00e1rios que ao longo dos anos percorreram o mundo, escutando, sorrindo e colocando sempre o amor em primeiro lugar.<\/p>\n\n\n\n<p class=\"wp-block-paragraph\">O nosso agradecimento a quantos caminham pelas estradas do mundo, sempre em frente\u2026<\/p>\n\n\n\n<p class=\"wp-block-paragraph\"><strong>Foto de Anna Maria Federico<\/strong><\/p>\n\n\n\n<p class=\"wp-block-paragraph\"><\/p>\n","protected":false},"excerpt":{"rendered":"<p>(por Anna Maria Federico \u2013 \u00dambria) A proposta era exigente: uma peregrina\u00e7\u00e3o diocesana ao longo da \u00faltima parte do caminho franc\u00eas a partir de Sarria, percorrendo 118 km rumo a Santiago de Compostela. Ao lado de um grande grupo de jovens e educadores da diocese de Per\u00fagia \u2013 420 no total \u2013, propunha-se aos adultos &#8230; <a title=\"A caminho de Santiago entre f\u00e9 e partilha\" class=\"read-more\" href=\"https:\/\/spaziospadoni.org\/pt-pt\/a-caminho-de-santiago-entre-fe-e-partilha\/\" aria-label=\"Read more about A caminho de Santiago entre f\u00e9 e partilha\">Ler mais<\/a><\/p>\n","protected":false},"author":39,"featured_media":91696,"comment_status":"closed","ping_status":"closed","sticky":false,"template":"","format":"standard","meta":{"_sitemap_exclude":false,"_sitemap_priority":"","_sitemap_frequency":"","ss_featured_image_title":"","ss_featured_image_alt":"Peregrina\u00e7\u00e3o a Santiago de Compostela","ss_featured_image_caption":"Anna Maria Federico, da Diocese de Perugia, com o marido durante a peregrina\u00e7\u00e3o a Santiago de Compostela","footnotes":""},"categories":[2529],"tags":[4946,3129,2283,2286,3157],"class_list":["post-91697","post","type-post","status-publish","format-standard","has-post-thumbnail","hentry","category-historias","tag-caminhar-juntos","tag-espiritualidade","tag-fe","tag-partilha","tag-peregrinacao","infinite-scroll-item","generate-columns","tablet-grid-50","mobile-grid-100","grid-parent","grid-50"],"yoast_head":"<!-- This site is optimized with the Yoast SEO plugin v28.4 - https:\/\/yoast.com\/product\/yoast-seo-wordpress\/ -->\n<title>Europa, Espanha | A caminho de Santiago<\/title>\n<meta name=\"description\" content=\"O relato de uma peregrina\u00e7\u00e3o a Santiago: a redescoberta da f\u00e9, da ora\u00e7\u00e3o e da beleza de se fazer pr\u00f3ximo ao longo do caminho.\" \/>\n<meta name=\"robots\" content=\"index, follow, max-snippet:-1, max-image-preview:large, max-video-preview:-1\" \/>\n<link rel=\"canonical\" href=\"https:\/\/spaziospadoni.org\/pt-pt\/a-caminho-de-santiago-entre-fe-e-partilha\/\" \/>\n<meta property=\"og:locale\" content=\"pt_PT\" \/>\n<meta property=\"og:type\" content=\"article\" \/>\n<meta property=\"og:title\" content=\"Europa, Espanha | A caminho de Santiago\" \/>\n<meta property=\"og:description\" content=\"O relato de uma peregrina\u00e7\u00e3o a Santiago: a redescoberta da f\u00e9, da ora\u00e7\u00e3o e da beleza de se fazer pr\u00f3ximo ao longo do caminho.\" \/>\n<meta property=\"og:url\" content=\"https:\/\/spaziospadoni.org\/pt-pt\/a-caminho-de-santiago-entre-fe-e-partilha\/\" \/>\n<meta property=\"og:site_name\" content=\"spazio + spadoni\" \/>\n<meta property=\"article:publisher\" content=\"https:\/\/www.facebook.com\/SpazioSpadoni\/\" \/>\n<meta property=\"article:published_time\" content=\"2026-08-22T06:00:00+00:00\" \/>\n<meta property=\"og:image\" content=\"https:\/\/spaziospadoni.org\/wp-content\/uploads\/2026\/08\/pellegrini-santiago.webp\" \/>\n\t<meta property=\"og:image:width\" content=\"1207\" \/>\n\t<meta property=\"og:image:height\" content=\"804\" \/>\n\t<meta property=\"og:image:type\" content=\"image\/webp\" \/>\n<meta name=\"author\" content=\"Redazione\" \/>\n<meta name=\"twitter:card\" content=\"summary_large_image\" \/>\n<meta name=\"twitter:label1\" content=\"Escrito por\" \/>\n\t<meta name=\"twitter:data1\" content=\"Reda\u00e7\u00e3o\" \/>\n\t<meta name=\"twitter:label2\" content=\"Est. reading time\" \/>\n\t<meta name=\"twitter:data2\" content=\"4 minutes\" \/>\n<script type=\"application\/ld+json\" class=\"yoast-schema-graph\">{\"@context\":\"https:\\\/\\\/schema.org\",\"@graph\":[{\"@type\":\"Article\",\"@id\":\"https:\\\/\\\/spaziospadoni.org\\\/pt-pt\\\/a-caminho-de-santiago-entre-fe-e-partilha\\\/#article\",\"isPartOf\":{\"@id\":\"https:\\\/\\\/spaziospadoni.org\\\/pt-pt\\\/a-caminho-de-santiago-entre-fe-e-partilha\\\/\"},\"author\":{\"name\":\"Redazione\",\"@id\":\"https:\\\/\\\/spaziospadoni.org\\\/pt-pt\\\/#\\\/schema\\\/person\\\/411d7e71b4962bebf7ac6c70acc9a7bc\"},\"headline\":\"A caminho de Santiago entre f\u00e9 e partilha\",\"datePublished\":\"2026-08-22T06:00:00+00:00\",\"mainEntityOfPage\":{\"@id\":\"https:\\\/\\\/spaziospadoni.org\\\/pt-pt\\\/a-caminho-de-santiago-entre-fe-e-partilha\\\/\"},\"wordCount\":817,\"publisher\":{\"@id\":\"https:\\\/\\\/spaziospadoni.org\\\/pt-pt\\\/#organization\"},\"image\":{\"@id\":\"https:\\\/\\\/spaziospadoni.org\\\/pt-pt\\\/a-caminho-de-santiago-entre-fe-e-partilha\\\/#primaryimage\"},\"thumbnailUrl\":\"https:\\\/\\\/spaziospadoni.org\\\/wp-content\\\/uploads\\\/2026\\\/08\\\/pellegrini-santiago.webp\",\"keywords\":[\"caminhar juntos\",\"espiritualidade\",\"F\u00e9\",\"Partilha\",\"peregrina\u00e7\u00e3o\"],\"articleSection\":[\"Hist\u00f3rias\"],\"inLanguage\":\"pt-PT\"},{\"@type\":\"WebPage\",\"@id\":\"https:\\\/\\\/spaziospadoni.org\\\/pt-pt\\\/a-caminho-de-santiago-entre-fe-e-partilha\\\/\",\"url\":\"https:\\\/\\\/spaziospadoni.org\\\/pt-pt\\\/a-caminho-de-santiago-entre-fe-e-partilha\\\/\",\"name\":\"Europa, Espanha | A caminho de Santiago\",\"isPartOf\":{\"@id\":\"https:\\\/\\\/spaziospadoni.org\\\/pt-pt\\\/#website\"},\"primaryImageOfPage\":{\"@id\":\"https:\\\/\\\/spaziospadoni.org\\\/pt-pt\\\/a-caminho-de-santiago-entre-fe-e-partilha\\\/#primaryimage\"},\"image\":{\"@id\":\"https:\\\/\\\/spaziospadoni.org\\\/pt-pt\\\/a-caminho-de-santiago-entre-fe-e-partilha\\\/#primaryimage\"},\"thumbnailUrl\":\"https:\\\/\\\/spaziospadoni.org\\\/wp-content\\\/uploads\\\/2026\\\/08\\\/pellegrini-santiago.webp\",\"datePublished\":\"2026-08-22T06:00:00+00:00\",\"description\":\"O relato de uma peregrina\u00e7\u00e3o a Santiago: a redescoberta da f\u00e9, da ora\u00e7\u00e3o e da beleza de se fazer pr\u00f3ximo ao longo do caminho.\",\"breadcrumb\":{\"@id\":\"https:\\\/\\\/spaziospadoni.org\\\/pt-pt\\\/a-caminho-de-santiago-entre-fe-e-partilha\\\/#breadcrumb\"},\"inLanguage\":\"pt-PT\",\"potentialAction\":[{\"@type\":\"ReadAction\",\"target\":[\"https:\\\/\\\/spaziospadoni.org\\\/pt-pt\\\/a-caminho-de-santiago-entre-fe-e-partilha\\\/\"]}]},{\"@type\":\"ImageObject\",\"inLanguage\":\"pt-PT\",\"@id\":\"https:\\\/\\\/spaziospadoni.org\\\/pt-pt\\\/a-caminho-de-santiago-entre-fe-e-partilha\\\/#primaryimage\",\"url\":\"https:\\\/\\\/spaziospadoni.org\\\/wp-content\\\/uploads\\\/2026\\\/08\\\/pellegrini-santiago.webp\",\"contentUrl\":\"https:\\\/\\\/spaziospadoni.org\\\/wp-content\\\/uploads\\\/2026\\\/08\\\/pellegrini-santiago.webp\",\"width\":1207,\"height\":804,\"caption\":\"Anna Maria Federico, da Diocese de Perugia, com o marido durante a peregrina\u00e7\u00e3o a Santiago de Compostela\"},{\"@type\":\"BreadcrumbList\",\"@id\":\"https:\\\/\\\/spaziospadoni.org\\\/pt-pt\\\/a-caminho-de-santiago-entre-fe-e-partilha\\\/#breadcrumb\",\"itemListElement\":[{\"@type\":\"ListItem\",\"position\":1,\"name\":\"Home\",\"item\":\"https:\\\/\\\/spaziospadoni.org\\\/pt-pt\\\/\"},{\"@type\":\"ListItem\",\"position\":2,\"name\":\"A caminho de Santiago entre f\u00e9 e partilha\"}]},{\"@type\":\"WebSite\",\"@id\":\"https:\\\/\\\/spaziospadoni.org\\\/pt-pt\\\/#website\",\"url\":\"https:\\\/\\\/spaziospadoni.org\\\/pt-pt\\\/\",\"name\":\"spazio + spadoni\",\"description\":\"Generazione di misericordia e missione nel mondo\",\"publisher\":{\"@id\":\"https:\\\/\\\/spaziospadoni.org\\\/pt-pt\\\/#organization\"},\"alternateName\":\"spaziospadoni.org\",\"potentialAction\":[{\"@type\":\"SearchAction\",\"target\":{\"@type\":\"EntryPoint\",\"urlTemplate\":\"https:\\\/\\\/spaziospadoni.org\\\/pt-pt\\\/?s={search_term_string}\"},\"query-input\":{\"@type\":\"PropertyValueSpecification\",\"valueRequired\":true,\"valueName\":\"search_term_string\"}}],\"inLanguage\":\"pt-PT\"},{\"@type\":\"Organization\",\"@id\":\"https:\\\/\\\/spaziospadoni.org\\\/pt-pt\\\/#organization\",\"name\":\"spazio + spadoni\",\"alternateName\":\"spaziospadoni.org\",\"url\":\"https:\\\/\\\/spaziospadoni.org\\\/pt-pt\\\/\",\"logo\":{\"@type\":\"ImageObject\",\"inLanguage\":\"pt-PT\",\"@id\":\"https:\\\/\\\/spaziospadoni.org\\\/pt-pt\\\/#\\\/schema\\\/logo\\\/image\\\/\",\"url\":\"https:\\\/\\\/spaziospadoni.org\\\/wp-content\\\/uploads\\\/2026\\\/05\\\/spazio-spadoni-logo-100x100-1.webp\",\"contentUrl\":\"https:\\\/\\\/spaziospadoni.org\\\/wp-content\\\/uploads\\\/2026\\\/05\\\/spazio-spadoni-logo-100x100-1.webp\",\"width\":100,\"height\":100,\"caption\":\"spazio + spadoni\"},\"image\":{\"@id\":\"https:\\\/\\\/spaziospadoni.org\\\/pt-pt\\\/#\\\/schema\\\/logo\\\/image\\\/\"},\"sameAs\":[\"https:\\\/\\\/www.facebook.com\\\/SpazioSpadoni\\\/\",\"https:\\\/\\\/www.instagram.com\\\/spaziospadoni\\\/\",\"https:\\\/\\\/www.youtube.com\\\/@spaziospadoni\\\/playlists\"]},{\"@type\":\"Person\",\"@id\":\"https:\\\/\\\/spaziospadoni.org\\\/pt-pt\\\/#\\\/schema\\\/person\\\/411d7e71b4962bebf7ac6c70acc9a7bc\",\"name\":\"Redazione\",\"image\":{\"@type\":\"ImageObject\",\"inLanguage\":\"pt-PT\",\"@id\":\"https:\\\/\\\/secure.gravatar.com\\\/avatar\\\/2ba413b4dca69409b680ae806ab0dce8a38d5d2cc2123a96af7bbbee33a5742e?s=96&d=mm&r=g\",\"url\":\"https:\\\/\\\/secure.gravatar.com\\\/avatar\\\/2ba413b4dca69409b680ae806ab0dce8a38d5d2cc2123a96af7bbbee33a5742e?s=96&d=mm&r=g\",\"contentUrl\":\"https:\\\/\\\/secure.gravatar.com\\\/avatar\\\/2ba413b4dca69409b680ae806ab0dce8a38d5d2cc2123a96af7bbbee33a5742e?s=96&d=mm&r=g\",\"caption\":\"Redazione\"},\"url\":\"https:\\\/\\\/spaziospadoni.org\\\/pt-pt\\\/author\\\/redazione\\\/\"}]}<\/script>\n<!-- \/ Yoast SEO plugin. -->","yoast_head_json":{"title":"Europa, Espanha | A caminho de Santiago","description":"O relato de uma peregrina\u00e7\u00e3o a Santiago: a redescoberta da f\u00e9, da ora\u00e7\u00e3o e da beleza de se fazer pr\u00f3ximo ao longo do caminho.","robots":{"index":"index","follow":"follow","max-snippet":"max-snippet:-1","max-image-preview":"max-image-preview:large","max-video-preview":"max-video-preview:-1"},"canonical":"https:\/\/spaziospadoni.org\/pt-pt\/a-caminho-de-santiago-entre-fe-e-partilha\/","og_locale":"pt_PT","og_type":"article","og_title":"Europa, Espanha | A caminho de Santiago","og_description":"O relato de uma peregrina\u00e7\u00e3o a Santiago: a redescoberta da f\u00e9, da ora\u00e7\u00e3o e da beleza de se fazer pr\u00f3ximo ao longo do caminho.","og_url":"https:\/\/spaziospadoni.org\/pt-pt\/a-caminho-de-santiago-entre-fe-e-partilha\/","og_site_name":"spazio + spadoni","article_publisher":"https:\/\/www.facebook.com\/SpazioSpadoni\/","article_published_time":"2026-08-22T06:00:00+00:00","og_image":[{"width":1207,"height":804,"url":"https:\/\/spaziospadoni.org\/wp-content\/uploads\/2026\/08\/pellegrini-santiago.webp","type":"image\/webp"}],"author":"Redazione","twitter_card":"summary_large_image","twitter_misc":{"Escrito por":"Reda\u00e7\u00e3o","Est. reading time":"4 minutes"},"schema":{"@context":"https:\/\/schema.org","@graph":[{"@type":"Article","@id":"https:\/\/spaziospadoni.org\/pt-pt\/a-caminho-de-santiago-entre-fe-e-partilha\/#article","isPartOf":{"@id":"https:\/\/spaziospadoni.org\/pt-pt\/a-caminho-de-santiago-entre-fe-e-partilha\/"},"author":{"name":"Redazione","@id":"https:\/\/spaziospadoni.org\/pt-pt\/#\/schema\/person\/411d7e71b4962bebf7ac6c70acc9a7bc"},"headline":"A caminho de Santiago entre f\u00e9 e partilha","datePublished":"2026-08-22T06:00:00+00:00","mainEntityOfPage":{"@id":"https:\/\/spaziospadoni.org\/pt-pt\/a-caminho-de-santiago-entre-fe-e-partilha\/"},"wordCount":817,"publisher":{"@id":"https:\/\/spaziospadoni.org\/pt-pt\/#organization"},"image":{"@id":"https:\/\/spaziospadoni.org\/pt-pt\/a-caminho-de-santiago-entre-fe-e-partilha\/#primaryimage"},"thumbnailUrl":"https:\/\/spaziospadoni.org\/wp-content\/uploads\/2026\/08\/pellegrini-santiago.webp","keywords":["caminhar juntos","espiritualidade","F\u00e9","Partilha","peregrina\u00e7\u00e3o"],"articleSection":["Hist\u00f3rias"],"inLanguage":"pt-PT"},{"@type":"WebPage","@id":"https:\/\/spaziospadoni.org\/pt-pt\/a-caminho-de-santiago-entre-fe-e-partilha\/","url":"https:\/\/spaziospadoni.org\/pt-pt\/a-caminho-de-santiago-entre-fe-e-partilha\/","name":"Europa, Espanha | A caminho de Santiago","isPartOf":{"@id":"https:\/\/spaziospadoni.org\/pt-pt\/#website"},"primaryImageOfPage":{"@id":"https:\/\/spaziospadoni.org\/pt-pt\/a-caminho-de-santiago-entre-fe-e-partilha\/#primaryimage"},"image":{"@id":"https:\/\/spaziospadoni.org\/pt-pt\/a-caminho-de-santiago-entre-fe-e-partilha\/#primaryimage"},"thumbnailUrl":"https:\/\/spaziospadoni.org\/wp-content\/uploads\/2026\/08\/pellegrini-santiago.webp","datePublished":"2026-08-22T06:00:00+00:00","description":"O relato de uma peregrina\u00e7\u00e3o a Santiago: a redescoberta da f\u00e9, da ora\u00e7\u00e3o e da beleza de se fazer pr\u00f3ximo ao longo do caminho.","breadcrumb":{"@id":"https:\/\/spaziospadoni.org\/pt-pt\/a-caminho-de-santiago-entre-fe-e-partilha\/#breadcrumb"},"inLanguage":"pt-PT","potentialAction":[{"@type":"ReadAction","target":["https:\/\/spaziospadoni.org\/pt-pt\/a-caminho-de-santiago-entre-fe-e-partilha\/"]}]},{"@type":"ImageObject","inLanguage":"pt-PT","@id":"https:\/\/spaziospadoni.org\/pt-pt\/a-caminho-de-santiago-entre-fe-e-partilha\/#primaryimage","url":"https:\/\/spaziospadoni.org\/wp-content\/uploads\/2026\/08\/pellegrini-santiago.webp","contentUrl":"https:\/\/spaziospadoni.org\/wp-content\/uploads\/2026\/08\/pellegrini-santiago.webp","width":1207,"height":804,"caption":"Anna Maria Federico, da Diocese de Perugia, com o marido durante a peregrina\u00e7\u00e3o a Santiago de Compostela"},{"@type":"BreadcrumbList","@id":"https:\/\/spaziospadoni.org\/pt-pt\/a-caminho-de-santiago-entre-fe-e-partilha\/#breadcrumb","itemListElement":[{"@type":"ListItem","position":1,"name":"Home","item":"https:\/\/spaziospadoni.org\/pt-pt\/"},{"@type":"ListItem","position":2,"name":"A caminho de Santiago entre f\u00e9 e partilha"}]},{"@type":"WebSite","@id":"https:\/\/spaziospadoni.org\/pt-pt\/#website","url":"https:\/\/spaziospadoni.org\/pt-pt\/","name":"spazio + spadoni","description":"Generazione di misericordia e missione nel mondo","publisher":{"@id":"https:\/\/spaziospadoni.org\/pt-pt\/#organization"},"alternateName":"spaziospadoni.org","potentialAction":[{"@type":"SearchAction","target":{"@type":"EntryPoint","urlTemplate":"https:\/\/spaziospadoni.org\/pt-pt\/?s={search_term_string}"},"query-input":{"@type":"PropertyValueSpecification","valueRequired":true,"valueName":"search_term_string"}}],"inLanguage":"pt-PT"},{"@type":"Organization","@id":"https:\/\/spaziospadoni.org\/pt-pt\/#organization","name":"spazio + spadoni","alternateName":"spaziospadoni.org","url":"https:\/\/spaziospadoni.org\/pt-pt\/","logo":{"@type":"ImageObject","inLanguage":"pt-PT","@id":"https:\/\/spaziospadoni.org\/pt-pt\/#\/schema\/logo\/image\/","url":"https:\/\/spaziospadoni.org\/wp-content\/uploads\/2026\/05\/spazio-spadoni-logo-100x100-1.webp","contentUrl":"https:\/\/spaziospadoni.org\/wp-content\/uploads\/2026\/05\/spazio-spadoni-logo-100x100-1.webp","width":100,"height":100,"caption":"spazio + spadoni"},"image":{"@id":"https:\/\/spaziospadoni.org\/pt-pt\/#\/schema\/logo\/image\/"},"sameAs":["https:\/\/www.facebook.com\/SpazioSpadoni\/","https:\/\/www.instagram.com\/spaziospadoni\/","https:\/\/www.youtube.com\/@spaziospadoni\/playlists"]},{"@type":"Person","@id":"https:\/\/spaziospadoni.org\/pt-pt\/#\/schema\/person\/411d7e71b4962bebf7ac6c70acc9a7bc","name":"Redazione","image":{"@type":"ImageObject","inLanguage":"pt-PT","@id":"https:\/\/secure.gravatar.com\/avatar\/2ba413b4dca69409b680ae806ab0dce8a38d5d2cc2123a96af7bbbee33a5742e?s=96&d=mm&r=g","url":"https:\/\/secure.gravatar.com\/avatar\/2ba413b4dca69409b680ae806ab0dce8a38d5d2cc2123a96af7bbbee33a5742e?s=96&d=mm&r=g","contentUrl":"https:\/\/secure.gravatar.com\/avatar\/2ba413b4dca69409b680ae806ab0dce8a38d5d2cc2123a96af7bbbee33a5742e?s=96&d=mm&r=g","caption":"Redazione"},"url":"https:\/\/spaziospadoni.org\/pt-pt\/author\/redazione\/"}]}},"_links":{"self":[{"href":"https:\/\/spaziospadoni.org\/pt-pt\/wp-json\/wp\/v2\/posts\/91697","targetHints":{"allow":["GET"]}}],"collection":[{"href":"https:\/\/spaziospadoni.org\/pt-pt\/wp-json\/wp\/v2\/posts"}],"about":[{"href":"https:\/\/spaziospadoni.org\/pt-pt\/wp-json\/wp\/v2\/types\/post"}],"author":[{"embeddable":true,"href":"https:\/\/spaziospadoni.org\/pt-pt\/wp-json\/wp\/v2\/users\/39"}],"replies":[{"embeddable":true,"href":"https:\/\/spaziospadoni.org\/pt-pt\/wp-json\/wp\/v2\/comments?post=91697"}],"version-history":[{"count":2,"href":"https:\/\/spaziospadoni.org\/pt-pt\/wp-json\/wp\/v2\/posts\/91697\/revisions"}],"predecessor-version":[{"id":91700,"href":"https:\/\/spaziospadoni.org\/pt-pt\/wp-json\/wp\/v2\/posts\/91697\/revisions\/91700"}],"wp:featuredmedia":[{"embeddable":true,"href":"https:\/\/spaziospadoni.org\/pt-pt\/wp-json\/wp\/v2\/media\/91696"}],"wp:attachment":[{"href":"https:\/\/spaziospadoni.org\/pt-pt\/wp-json\/wp\/v2\/media?parent=91697"}],"wp:term":[{"taxonomy":"category","embeddable":true,"href":"https:\/\/spaziospadoni.org\/pt-pt\/wp-json\/wp\/v2\/categories?post=91697"},{"taxonomy":"post_tag","embeddable":true,"href":"https:\/\/spaziospadoni.org\/pt-pt\/wp-json\/wp\/v2\/tags?post=91697"}],"curies":[{"name":"wp","href":"https:\/\/api.w.org\/{rel}","templated":true}]}}