{"id":91873,"date":"2026-08-22T13:30:00","date_gmt":"2026-08-22T12:30:00","guid":{"rendered":"https:\/\/spaziospadoni.org\/?p=91873"},"modified":"2026-08-22T14:24:59","modified_gmt":"2026-08-22T13:24:59","slug":"europa-italia-carta-di-leuca-2026-caminho-de-paz-no-mediterraneo","status":"publish","type":"post","link":"https:\/\/spaziospadoni.org\/pt-pt\/europa-italia-carta-di-leuca-2026-caminho-de-paz-no-mediterraneo\/","title":{"rendered":"Europa, It\u00e1lia | Carta di Leuca 2026: caminho de paz no Mediterr\u00e2neo"},"content":{"rendered":"\n<p class=\"has-contrast-3-color has-text-color has-link-color wp-elements-1 wp-block-paragraph\"><em>O encontro internacional e inter-religioso \u00abCarta di Leuca\u00bb reuniu, de 10 a 14 de agosto, em Santa Maria di Leuca (Lecce), jovens de diferentes pa\u00edses do Mediterr\u00e2neo em torno do tema \u00abMediterr\u00e2neo de Paz para um mundo em Paz\u00bb. O encontro terminou ao amanhecer de 14 de agosto com a assinatura da Carta di Leuca pela paz, na presen\u00e7a do cardeal Pierbattista Pizzaballa.<\/em><\/p>\n\n\n\n<p class=\"wp-block-paragraph\">Leuca \u00e9 uma fronteira geogr\u00e1fica, mas pode tamb\u00e9m se tornar uma imagem capaz de narrar o nosso tempo: diante do Mediterr\u00e2neo, podemos escolher entre ver uma fronteira ou uma ponte.<\/p>\n\n\n\n<p class=\"wp-block-paragraph\">Santa Maria di Leuca foi, mais uma vez, o lugar onde essa escolha se transformou em experi\u00eancia concreta.<\/p>\n\n\n\n<p class=\"wp-block-paragraph\">A Carta di Leuca 2026, em sua d\u00e9cima primeira edi\u00e7\u00e3o, reuniu jovens de v\u00e1rias partes da It\u00e1lia, juntamente com participantes vindos de Chipre e de Jerusal\u00e9m, em torno de um desejo compartilhado: construir a paz.<\/p>\n\n\n\n<p class=\"wp-block-paragraph\">O tema escolhido para esta edi\u00e7\u00e3o foi \u00abMediterr\u00e2neo de Paz para um mundo em Paz\u00bb. Um t\u00edtulo que, em um Mediterr\u00e2neo marcado por guerras, divis\u00f5es e feridas, soa como um desafio e, ao mesmo tempo, como uma promessa.<\/p>\n\n\n\n<h2 id=\"um-caminho-de-encontro-e-formacao\" class=\"wp-block-heading\">Um caminho de encontro e forma\u00e7\u00e3o<\/h2>\n\n\n\n<p class=\"wp-block-paragraph\">A Carta di Leuca \u00e9 uma experi\u00eancia de encontro; \u00e9 a iniciativa de aproximar jovens de diferentes realidades para que possam se conhecer, escutar-se mutuamente e descobrir que aquilo que os une \u00e9 muito maior do que aquilo que os divide.<\/p>\n\n\n\n<p class=\"wp-block-paragraph\">Os jovens vivenciaram momentos de di\u00e1logo e forma\u00e7\u00e3o, refletindo sobre as feridas dos relacionamentos, as diferen\u00e7as, o acolhimento e a necessidade de preservar a mem\u00f3ria para construir um futuro novo. O percurso foi pensado como uma caminhada na qual o encontro com o outro n\u00e3o representava um detalhe secund\u00e1rio, mas o cora\u00e7\u00e3o de toda a viv\u00eancia.<\/p>\n\n\n\n<h2 id=\"o-testemunho-de-jerusalem-e-o-encontro-com-pizzaballa\" class=\"wp-block-heading\">O testemunho de Jerusal\u00e9m e o encontro com Pizzaballa<\/h2>\n\n\n\n<p class=\"wp-block-paragraph\">A presen\u00e7a dos jovens de Jerusal\u00e9m e de Chipre trouxe uma intensidade singular ao encontro. Jerusal\u00e9m n\u00e3o foi apenas um lugar mencionado em discursos; fez-se presente em Leuca por meio dos rostos e relatos dos jovens que ali vivem, expressando as esperan\u00e7as e dores de uma regi\u00e3o onde a palavra paz ganha um sentido de urg\u00eancia.<\/p>\n\n\n\n<p class=\"wp-block-paragraph\">Nesse itiner\u00e1rio, destacou-se a presen\u00e7a do cardeal Pierbattista Pizzaballa, Patriarca Latino de Jerusal\u00e9m, que esteve com os jovens n\u00e3o apenas como l\u00edder eclesi\u00e1stico, mas como algu\u00e9m que carrega em seu cotidiano a complexidade e o sofrimento da Terra Santa.<\/p>\n\n\n\n<p class=\"wp-block-paragraph\">O encontro com os participantes conferiu profundidade \u00e0s reflex\u00f5es amadurecidas nos dias anteriores.<\/p>\n\n\n\n<p class=\"wp-block-paragraph\">O tema da paz deixou de ser abstrato: p\u00f4de ser encarado diante de quem vivencia diariamente o desafio do di\u00e1logo e da conviv\u00eancia. Por essa raz\u00e3o, a conversa com Pizzaballa foi um dos momentos mais marcantes da Carta di Leuca.<\/p>\n\n\n\n<h2 id=\"de-alessano-a-leuca-nos-passos-de-dom-tonino-bello\" class=\"wp-block-heading\">De Alessano a Leuca: nos passos de Dom Tonino Bello<\/h2>\n\n\n\n<p class=\"wp-block-paragraph\">Em Leuca, qualquer caminho rumo \u00e0 paz conduz inevitavelmente a Alessano, ao t\u00famulo de Dom Tonino Bello; seu legado atravessa a Carta di Leuca como uma interpela\u00e7\u00e3o permanente. Dom Tonino ensinou a enxergar a paz como uma responsabilidade que nasce nas rela\u00e7\u00f5es humanas e na capacidade de acolher o pr\u00f3ximo.<\/p>\n\n\n\n<p class=\"wp-block-paragraph\">Na noite de 13 para 14 de agosto, os jovens retomaram a caminhada a partir de Alessano em dire\u00e7\u00e3o a Leuca. Caminhar juntos na escurid\u00e3o da noite, ap\u00f3s dias de reflex\u00e3o sobre a paz, possui um forte valor simb\u00f3lico: a paz \u00e9 um caminho em movimento.<\/p>\n\n\n\n<p class=\"wp-block-paragraph\">Ela n\u00e3o se alcan\u00e7a na in\u00e9rcia nem se constr\u00f3i sozinho: parte-se em conjunto.<\/p>\n\n\n\n<p class=\"wp-block-paragraph\">A experi\u00eancia atingiu o \u00e1pice ao amanhecer de 14 de agosto, quando os peregrinos chegaram \u00e0 Bas\u00edlica de Santa Maria di Leuca e proclamaram a Carta di Leuca.<\/p>\n\n\n\n<h2 id=\"uma-responsabilidade-para-o-futuro\" class=\"wp-block-heading\">Uma responsabilidade para o futuro<\/h2>\n\n\n\n<p class=\"wp-block-paragraph\">\u00abA Carta di Leuca n\u00e3o se assina. Ela \u00e9 contada\u00bb: porque contar significa assumir o compromisso com aquilo que foi vivido.<\/p>\n\n\n\n<p class=\"wp-block-paragraph\">O Mediterr\u00e2neo pode ser retratado como um mar de conflitos, migra\u00e7\u00f5es dram\u00e1ticas, barreiras e temores, mas tamb\u00e9m pode ser reconhecido pelo que representou ao longo de sua hist\u00f3ria: um espa\u00e7o de interc\u00e2mbio, encontro e conviv\u00eancia entre culturas e povos.<\/p>\n\n\n\n<p class=\"wp-block-paragraph\">A paz n\u00e3o consiste em anular as diferen\u00e7as, mas em aprender a vivenci\u00e1-las sem transform\u00e1-las em muros. \u00c9 nesse ponto que a experi\u00eancia dos jovens ganha valor essencial. Naqueles dias, rapazes e mo\u00e7as de origens distintas experimentaram o sentido real de partilhar a caminhada e acolher uma hist\u00f3ria diferente da sua.<\/p>\n\n\n\n<p class=\"wp-block-paragraph\">A Carta di Leuca despede-se com uma pergunta instigante: o que faremos, ao voltar para casa, com tudo o que vivemos?<\/p>\n\n\n\n<p class=\"wp-block-paragraph\">A resposta n\u00e3o cabe apenas aos governantes; a paz necessita da juventude. Precisa de pessoas dispostas a atravessar as diferen\u00e7as sem receio e a edificar rela\u00e7\u00f5es s\u00f3lidas.<\/p>\n\n\n\n<p class=\"wp-block-paragraph\">Por isso a Carta di Leuca \u00e9 t\u00e3o relevante: ela n\u00e3o entrega aos jovens apenas uma mensagem, mas confia-lhes uma miss\u00e3o. E enquanto a aurora ilumina o Mediterr\u00e2neo, os jovens nos recordam que o mar ainda pode ser uma ponte. Um Mediterr\u00e2neo de paz para um mundo em paz.<\/p>\n\n\n\n<p class=\"wp-block-paragraph\"><strong>Foto de grupo \u00abCarta di Leuca\u00bb<\/strong><\/p>\n\n\n\n<p class=\"wp-block-paragraph\"><\/p>\n","protected":false},"excerpt":{"rendered":"<p>O encontro internacional e inter-religioso \u00abCarta di Leuca\u00bb reuniu, de 10 a 14 de agosto, em Santa Maria di Leuca (Lecce), jovens de diferentes pa\u00edses do Mediterr\u00e2neo em torno do tema \u00abMediterr\u00e2neo de Paz para um mundo em Paz\u00bb. O encontro terminou ao amanhecer de 14 de agosto com a assinatura da Carta di Leuca &#8230; <a title=\"Europa, It\u00e1lia | Carta di Leuca 2026: caminho de paz no Mediterr\u00e2neo\" class=\"read-more\" href=\"https:\/\/spaziospadoni.org\/pt-pt\/europa-italia-carta-di-leuca-2026-caminho-de-paz-no-mediterraneo\/\" aria-label=\"Read more about Europa, It\u00e1lia | Carta di Leuca 2026: caminho de paz no Mediterr\u00e2neo\">Ler mais<\/a><\/p>\n","protected":false},"author":114,"featured_media":91905,"comment_status":"closed","ping_status":"closed","sticky":false,"template":"","format":"standard","meta":{"_sitemap_exclude":false,"_sitemap_priority":"","_sitemap_frequency":"","ss_featured_image_title":"","ss_featured_image_alt":"O cardeal Pierbattista Pizzaballa em Leuca","ss_featured_image_caption":"O cardeal Pierbattista Pizzaballa, Patriarca Latino de Jerusal\u00e9m, presente no encontro \u00abCarta di Leuca\u00bb","footnotes":""},"categories":[2399],"tags":[3395,3303,3256,2709],"class_list":["post-91873","post","type-post","status-publish","format-standard","has-post-thumbnail","hentry","category-dos-sonhos-as-obras","tag-cardeal","tag-compromisso","tag-palestina-pt","tag-paz","infinite-scroll-item","generate-columns","tablet-grid-50","mobile-grid-100","grid-parent","grid-50"],"yoast_head":"<!-- This site is optimized with the Yoast SEO plugin v28.4 - https:\/\/yoast.com\/product\/yoast-seo-wordpress\/ -->\n<title>Europa, It\u00e1lia | Carta di Leuca 2026: jovens pela paz<\/title>\n<meta name=\"description\" content=\"A Carta di Leuca 2026 re\u00fane jovens do Mediterr\u00e2neo pela paz: do di\u00e1logo com Pizzaballa ao legado de Dom Tonino Bello em Alessano.\" \/>\n<meta name=\"robots\" content=\"index, follow, max-snippet:-1, max-image-preview:large, max-video-preview:-1\" \/>\n<link rel=\"canonical\" href=\"https:\/\/spaziospadoni.org\/pt-pt\/europa-italia-carta-di-leuca-2026-caminho-de-paz-no-mediterraneo\/\" \/>\n<meta property=\"og:locale\" content=\"pt_PT\" \/>\n<meta property=\"og:type\" content=\"article\" \/>\n<meta property=\"og:title\" content=\"Europa, It\u00e1lia | Carta di Leuca 2026: jovens pela paz\" \/>\n<meta property=\"og:description\" content=\"A Carta di Leuca 2026 re\u00fane jovens do Mediterr\u00e2neo pela paz: do di\u00e1logo com Pizzaballa ao legado de Dom Tonino Bello em Alessano.\" \/>\n<meta property=\"og:url\" content=\"https:\/\/spaziospadoni.org\/pt-pt\/europa-italia-carta-di-leuca-2026-caminho-de-paz-no-mediterraneo\/\" \/>\n<meta property=\"og:site_name\" content=\"spazio + spadoni\" \/>\n<meta property=\"article:publisher\" content=\"https:\/\/www.facebook.com\/SpazioSpadoni\/\" \/>\n<meta property=\"article:published_time\" content=\"2026-08-22T12:30:00+00:00\" \/>\n<meta property=\"article:modified_time\" content=\"2026-08-22T13:24:59+00:00\" \/>\n<meta property=\"og:image\" content=\"https:\/\/spaziospadoni.org\/wp-content\/uploads\/2026\/08\/cardinale-pizzaballa-leuca.webp\" \/>\n\t<meta property=\"og:image:width\" content=\"1200\" \/>\n\t<meta property=\"og:image:height\" content=\"800\" \/>\n\t<meta property=\"og:image:type\" content=\"image\/webp\" \/>\n<meta name=\"author\" content=\"Chiara Prontera\" \/>\n<meta name=\"twitter:card\" content=\"summary_large_image\" \/>\n<meta name=\"twitter:label1\" content=\"Escrito por\" \/>\n\t<meta name=\"twitter:data1\" content=\"Chiara Prontera\" \/>\n\t<meta name=\"twitter:label2\" content=\"Est. reading time\" \/>\n\t<meta name=\"twitter:data2\" content=\"5 minutes\" \/>\n<script type=\"application\/ld+json\" class=\"yoast-schema-graph\">{\"@context\":\"https:\\\/\\\/schema.org\",\"@graph\":[{\"@type\":\"Article\",\"@id\":\"https:\\\/\\\/spaziospadoni.org\\\/pt-pt\\\/europa-italia-carta-di-leuca-2026-caminho-de-paz-no-mediterraneo\\\/#article\",\"isPartOf\":{\"@id\":\"https:\\\/\\\/spaziospadoni.org\\\/pt-pt\\\/europa-italia-carta-di-leuca-2026-caminho-de-paz-no-mediterraneo\\\/\"},\"author\":{\"name\":\"Chiara Prontera\",\"@id\":\"https:\\\/\\\/spaziospadoni.org\\\/pt-pt\\\/#\\\/schema\\\/person\\\/317507bb13cfcc9ffc054cebd11ca473\"},\"headline\":\"Europa, It\u00e1lia | Carta di Leuca 2026: caminho de paz no Mediterr\u00e2neo\",\"datePublished\":\"2026-08-22T12:30:00+00:00\",\"dateModified\":\"2026-08-22T13:24:59+00:00\",\"mainEntityOfPage\":{\"@id\":\"https:\\\/\\\/spaziospadoni.org\\\/pt-pt\\\/europa-italia-carta-di-leuca-2026-caminho-de-paz-no-mediterraneo\\\/\"},\"wordCount\":893,\"publisher\":{\"@id\":\"https:\\\/\\\/spaziospadoni.org\\\/pt-pt\\\/#organization\"},\"image\":{\"@id\":\"https:\\\/\\\/spaziospadoni.org\\\/pt-pt\\\/europa-italia-carta-di-leuca-2026-caminho-de-paz-no-mediterraneo\\\/#primaryimage\"},\"thumbnailUrl\":\"https:\\\/\\\/spaziospadoni.org\\\/wp-content\\\/uploads\\\/2026\\\/08\\\/pizzaballa-carta-leuca.webp\",\"keywords\":[\"Cardeal\",\"compromisso\",\"Palestina\",\"Paz\"],\"articleSection\":[\"Dos sonhos \u00e0s obras\"],\"inLanguage\":\"pt-PT\"},{\"@type\":\"WebPage\",\"@id\":\"https:\\\/\\\/spaziospadoni.org\\\/pt-pt\\\/europa-italia-carta-di-leuca-2026-caminho-de-paz-no-mediterraneo\\\/\",\"url\":\"https:\\\/\\\/spaziospadoni.org\\\/pt-pt\\\/europa-italia-carta-di-leuca-2026-caminho-de-paz-no-mediterraneo\\\/\",\"name\":\"Europa, It\u00e1lia | Carta di Leuca 2026: jovens pela paz\",\"isPartOf\":{\"@id\":\"https:\\\/\\\/spaziospadoni.org\\\/pt-pt\\\/#website\"},\"primaryImageOfPage\":{\"@id\":\"https:\\\/\\\/spaziospadoni.org\\\/pt-pt\\\/europa-italia-carta-di-leuca-2026-caminho-de-paz-no-mediterraneo\\\/#primaryimage\"},\"image\":{\"@id\":\"https:\\\/\\\/spaziospadoni.org\\\/pt-pt\\\/europa-italia-carta-di-leuca-2026-caminho-de-paz-no-mediterraneo\\\/#primaryimage\"},\"thumbnailUrl\":\"https:\\\/\\\/spaziospadoni.org\\\/wp-content\\\/uploads\\\/2026\\\/08\\\/pizzaballa-carta-leuca.webp\",\"datePublished\":\"2026-08-22T12:30:00+00:00\",\"dateModified\":\"2026-08-22T13:24:59+00:00\",\"description\":\"A Carta di Leuca 2026 re\u00fane jovens do Mediterr\u00e2neo pela paz: do di\u00e1logo com Pizzaballa ao legado de Dom Tonino Bello em Alessano.\",\"breadcrumb\":{\"@id\":\"https:\\\/\\\/spaziospadoni.org\\\/pt-pt\\\/europa-italia-carta-di-leuca-2026-caminho-de-paz-no-mediterraneo\\\/#breadcrumb\"},\"inLanguage\":\"pt-PT\",\"potentialAction\":[{\"@type\":\"ReadAction\",\"target\":[\"https:\\\/\\\/spaziospadoni.org\\\/pt-pt\\\/europa-italia-carta-di-leuca-2026-caminho-de-paz-no-mediterraneo\\\/\"]}]},{\"@type\":\"ImageObject\",\"inLanguage\":\"pt-PT\",\"@id\":\"https:\\\/\\\/spaziospadoni.org\\\/pt-pt\\\/europa-italia-carta-di-leuca-2026-caminho-de-paz-no-mediterraneo\\\/#primaryimage\",\"url\":\"https:\\\/\\\/spaziospadoni.org\\\/wp-content\\\/uploads\\\/2026\\\/08\\\/pizzaballa-carta-leuca.webp\",\"contentUrl\":\"https:\\\/\\\/spaziospadoni.org\\\/wp-content\\\/uploads\\\/2026\\\/08\\\/pizzaballa-carta-leuca.webp\",\"width\":1200,\"height\":900,\"caption\":\"O cardeal Pierbattista Pizzaballa, Patriarca Latino de Jerusal\u00e9m, presente no encontro \u00abCarta di Leuca\u00bb\"},{\"@type\":\"BreadcrumbList\",\"@id\":\"https:\\\/\\\/spaziospadoni.org\\\/pt-pt\\\/europa-italia-carta-di-leuca-2026-caminho-de-paz-no-mediterraneo\\\/#breadcrumb\",\"itemListElement\":[{\"@type\":\"ListItem\",\"position\":1,\"name\":\"Home\",\"item\":\"https:\\\/\\\/spaziospadoni.org\\\/pt-pt\\\/\"},{\"@type\":\"ListItem\",\"position\":2,\"name\":\"Europa, It\u00e1lia | Carta di Leuca 2026: caminho de paz no Mediterr\u00e2neo\"}]},{\"@type\":\"WebSite\",\"@id\":\"https:\\\/\\\/spaziospadoni.org\\\/pt-pt\\\/#website\",\"url\":\"https:\\\/\\\/spaziospadoni.org\\\/pt-pt\\\/\",\"name\":\"spazio + spadoni\",\"description\":\"Generazione di misericordia e missione nel mondo\",\"publisher\":{\"@id\":\"https:\\\/\\\/spaziospadoni.org\\\/pt-pt\\\/#organization\"},\"alternateName\":\"spaziospadoni.org\",\"potentialAction\":[{\"@type\":\"SearchAction\",\"target\":{\"@type\":\"EntryPoint\",\"urlTemplate\":\"https:\\\/\\\/spaziospadoni.org\\\/pt-pt\\\/?s={search_term_string}\"},\"query-input\":{\"@type\":\"PropertyValueSpecification\",\"valueRequired\":true,\"valueName\":\"search_term_string\"}}],\"inLanguage\":\"pt-PT\"},{\"@type\":\"Organization\",\"@id\":\"https:\\\/\\\/spaziospadoni.org\\\/pt-pt\\\/#organization\",\"name\":\"spazio + spadoni\",\"alternateName\":\"spaziospadoni.org\",\"url\":\"https:\\\/\\\/spaziospadoni.org\\\/pt-pt\\\/\",\"logo\":{\"@type\":\"ImageObject\",\"inLanguage\":\"pt-PT\",\"@id\":\"https:\\\/\\\/spaziospadoni.org\\\/pt-pt\\\/#\\\/schema\\\/logo\\\/image\\\/\",\"url\":\"https:\\\/\\\/spaziospadoni.org\\\/wp-content\\\/uploads\\\/2026\\\/05\\\/spazio-spadoni-logo-100x100-1.webp\",\"contentUrl\":\"https:\\\/\\\/spaziospadoni.org\\\/wp-content\\\/uploads\\\/2026\\\/05\\\/spazio-spadoni-logo-100x100-1.webp\",\"width\":100,\"height\":100,\"caption\":\"spazio + spadoni\"},\"image\":{\"@id\":\"https:\\\/\\\/spaziospadoni.org\\\/pt-pt\\\/#\\\/schema\\\/logo\\\/image\\\/\"},\"sameAs\":[\"https:\\\/\\\/www.facebook.com\\\/SpazioSpadoni\\\/\",\"https:\\\/\\\/www.instagram.com\\\/spaziospadoni\\\/\",\"https:\\\/\\\/www.youtube.com\\\/@spaziospadoni\\\/playlists\"]},{\"@type\":\"Person\",\"@id\":\"https:\\\/\\\/spaziospadoni.org\\\/pt-pt\\\/#\\\/schema\\\/person\\\/317507bb13cfcc9ffc054cebd11ca473\",\"name\":\"Chiara Prontera\",\"image\":{\"@type\":\"ImageObject\",\"inLanguage\":\"pt-PT\",\"@id\":\"https:\\\/\\\/secure.gravatar.com\\\/avatar\\\/3199cd50f7375f53b1b8e590a38c5004f9725997ff956a7773be4b95c4f6fc89?s=96&d=mm&r=g\",\"url\":\"https:\\\/\\\/secure.gravatar.com\\\/avatar\\\/3199cd50f7375f53b1b8e590a38c5004f9725997ff956a7773be4b95c4f6fc89?s=96&d=mm&r=g\",\"contentUrl\":\"https:\\\/\\\/secure.gravatar.com\\\/avatar\\\/3199cd50f7375f53b1b8e590a38c5004f9725997ff956a7773be4b95c4f6fc89?s=96&d=mm&r=g\",\"caption\":\"Chiara Prontera\"},\"description\":\"Chiara Prontera ha 26 anni e vive a Morciano, un piccolo paese vicino Santa Maria di Leuca, in provincia di Lecce. Nel 2024, ha conseguito la Laurea in Scienze politiche, Relazioni internazionali e Diritti umani all\u2019Universit\u00e0 di Padova e poco dopo \u00e8 partita a Belgrado, con il progetto Caschi Bianchi promosso da Caritas Italiana. L\u00ec ha svolto il suo servizio nel campo profughi di Obrenovac. Attualmente, sta svolgendo un tirocinio in Caritas, nella diocesi di Ugento-S.M di Leuca.\",\"url\":\"https:\\\/\\\/spaziospadoni.org\\\/pt-pt\\\/author\\\/chipontespspadoni\\\/\"}]}<\/script>\n<!-- \/ Yoast SEO plugin. -->","yoast_head_json":{"title":"Europa, It\u00e1lia | Carta di Leuca 2026: jovens pela paz","description":"A Carta di Leuca 2026 re\u00fane jovens do Mediterr\u00e2neo pela paz: do di\u00e1logo com Pizzaballa ao legado de Dom Tonino Bello em Alessano.","robots":{"index":"index","follow":"follow","max-snippet":"max-snippet:-1","max-image-preview":"max-image-preview:large","max-video-preview":"max-video-preview:-1"},"canonical":"https:\/\/spaziospadoni.org\/pt-pt\/europa-italia-carta-di-leuca-2026-caminho-de-paz-no-mediterraneo\/","og_locale":"pt_PT","og_type":"article","og_title":"Europa, It\u00e1lia | Carta di Leuca 2026: jovens pela paz","og_description":"A Carta di Leuca 2026 re\u00fane jovens do Mediterr\u00e2neo pela paz: do di\u00e1logo com Pizzaballa ao legado de Dom Tonino Bello em Alessano.","og_url":"https:\/\/spaziospadoni.org\/pt-pt\/europa-italia-carta-di-leuca-2026-caminho-de-paz-no-mediterraneo\/","og_site_name":"spazio + spadoni","article_publisher":"https:\/\/www.facebook.com\/SpazioSpadoni\/","article_published_time":"2026-08-22T12:30:00+00:00","article_modified_time":"2026-08-22T13:24:59+00:00","og_image":[{"width":1200,"height":800,"url":"https:\/\/spaziospadoni.org\/wp-content\/uploads\/2026\/08\/cardinale-pizzaballa-leuca.webp","type":"image\/webp"}],"author":"Chiara Prontera","twitter_card":"summary_large_image","twitter_misc":{"Escrito por":"Chiara Prontera","Est. reading time":"5 minutes"},"schema":{"@context":"https:\/\/schema.org","@graph":[{"@type":"Article","@id":"https:\/\/spaziospadoni.org\/pt-pt\/europa-italia-carta-di-leuca-2026-caminho-de-paz-no-mediterraneo\/#article","isPartOf":{"@id":"https:\/\/spaziospadoni.org\/pt-pt\/europa-italia-carta-di-leuca-2026-caminho-de-paz-no-mediterraneo\/"},"author":{"name":"Chiara Prontera","@id":"https:\/\/spaziospadoni.org\/pt-pt\/#\/schema\/person\/317507bb13cfcc9ffc054cebd11ca473"},"headline":"Europa, It\u00e1lia | Carta di Leuca 2026: caminho de paz no Mediterr\u00e2neo","datePublished":"2026-08-22T12:30:00+00:00","dateModified":"2026-08-22T13:24:59+00:00","mainEntityOfPage":{"@id":"https:\/\/spaziospadoni.org\/pt-pt\/europa-italia-carta-di-leuca-2026-caminho-de-paz-no-mediterraneo\/"},"wordCount":893,"publisher":{"@id":"https:\/\/spaziospadoni.org\/pt-pt\/#organization"},"image":{"@id":"https:\/\/spaziospadoni.org\/pt-pt\/europa-italia-carta-di-leuca-2026-caminho-de-paz-no-mediterraneo\/#primaryimage"},"thumbnailUrl":"https:\/\/spaziospadoni.org\/wp-content\/uploads\/2026\/08\/pizzaballa-carta-leuca.webp","keywords":["Cardeal","compromisso","Palestina","Paz"],"articleSection":["Dos sonhos \u00e0s obras"],"inLanguage":"pt-PT"},{"@type":"WebPage","@id":"https:\/\/spaziospadoni.org\/pt-pt\/europa-italia-carta-di-leuca-2026-caminho-de-paz-no-mediterraneo\/","url":"https:\/\/spaziospadoni.org\/pt-pt\/europa-italia-carta-di-leuca-2026-caminho-de-paz-no-mediterraneo\/","name":"Europa, It\u00e1lia | Carta di Leuca 2026: jovens pela paz","isPartOf":{"@id":"https:\/\/spaziospadoni.org\/pt-pt\/#website"},"primaryImageOfPage":{"@id":"https:\/\/spaziospadoni.org\/pt-pt\/europa-italia-carta-di-leuca-2026-caminho-de-paz-no-mediterraneo\/#primaryimage"},"image":{"@id":"https:\/\/spaziospadoni.org\/pt-pt\/europa-italia-carta-di-leuca-2026-caminho-de-paz-no-mediterraneo\/#primaryimage"},"thumbnailUrl":"https:\/\/spaziospadoni.org\/wp-content\/uploads\/2026\/08\/pizzaballa-carta-leuca.webp","datePublished":"2026-08-22T12:30:00+00:00","dateModified":"2026-08-22T13:24:59+00:00","description":"A Carta di Leuca 2026 re\u00fane jovens do Mediterr\u00e2neo pela paz: do di\u00e1logo com Pizzaballa ao legado de Dom Tonino Bello em Alessano.","breadcrumb":{"@id":"https:\/\/spaziospadoni.org\/pt-pt\/europa-italia-carta-di-leuca-2026-caminho-de-paz-no-mediterraneo\/#breadcrumb"},"inLanguage":"pt-PT","potentialAction":[{"@type":"ReadAction","target":["https:\/\/spaziospadoni.org\/pt-pt\/europa-italia-carta-di-leuca-2026-caminho-de-paz-no-mediterraneo\/"]}]},{"@type":"ImageObject","inLanguage":"pt-PT","@id":"https:\/\/spaziospadoni.org\/pt-pt\/europa-italia-carta-di-leuca-2026-caminho-de-paz-no-mediterraneo\/#primaryimage","url":"https:\/\/spaziospadoni.org\/wp-content\/uploads\/2026\/08\/pizzaballa-carta-leuca.webp","contentUrl":"https:\/\/spaziospadoni.org\/wp-content\/uploads\/2026\/08\/pizzaballa-carta-leuca.webp","width":1200,"height":900,"caption":"O cardeal Pierbattista Pizzaballa, Patriarca Latino de Jerusal\u00e9m, presente no encontro \u00abCarta di Leuca\u00bb"},{"@type":"BreadcrumbList","@id":"https:\/\/spaziospadoni.org\/pt-pt\/europa-italia-carta-di-leuca-2026-caminho-de-paz-no-mediterraneo\/#breadcrumb","itemListElement":[{"@type":"ListItem","position":1,"name":"Home","item":"https:\/\/spaziospadoni.org\/pt-pt\/"},{"@type":"ListItem","position":2,"name":"Europa, It\u00e1lia | Carta di Leuca 2026: caminho de paz no Mediterr\u00e2neo"}]},{"@type":"WebSite","@id":"https:\/\/spaziospadoni.org\/pt-pt\/#website","url":"https:\/\/spaziospadoni.org\/pt-pt\/","name":"spazio + spadoni","description":"Generazione di misericordia e missione nel mondo","publisher":{"@id":"https:\/\/spaziospadoni.org\/pt-pt\/#organization"},"alternateName":"spaziospadoni.org","potentialAction":[{"@type":"SearchAction","target":{"@type":"EntryPoint","urlTemplate":"https:\/\/spaziospadoni.org\/pt-pt\/?s={search_term_string}"},"query-input":{"@type":"PropertyValueSpecification","valueRequired":true,"valueName":"search_term_string"}}],"inLanguage":"pt-PT"},{"@type":"Organization","@id":"https:\/\/spaziospadoni.org\/pt-pt\/#organization","name":"spazio + spadoni","alternateName":"spaziospadoni.org","url":"https:\/\/spaziospadoni.org\/pt-pt\/","logo":{"@type":"ImageObject","inLanguage":"pt-PT","@id":"https:\/\/spaziospadoni.org\/pt-pt\/#\/schema\/logo\/image\/","url":"https:\/\/spaziospadoni.org\/wp-content\/uploads\/2026\/05\/spazio-spadoni-logo-100x100-1.webp","contentUrl":"https:\/\/spaziospadoni.org\/wp-content\/uploads\/2026\/05\/spazio-spadoni-logo-100x100-1.webp","width":100,"height":100,"caption":"spazio + spadoni"},"image":{"@id":"https:\/\/spaziospadoni.org\/pt-pt\/#\/schema\/logo\/image\/"},"sameAs":["https:\/\/www.facebook.com\/SpazioSpadoni\/","https:\/\/www.instagram.com\/spaziospadoni\/","https:\/\/www.youtube.com\/@spaziospadoni\/playlists"]},{"@type":"Person","@id":"https:\/\/spaziospadoni.org\/pt-pt\/#\/schema\/person\/317507bb13cfcc9ffc054cebd11ca473","name":"Chiara Prontera","image":{"@type":"ImageObject","inLanguage":"pt-PT","@id":"https:\/\/secure.gravatar.com\/avatar\/3199cd50f7375f53b1b8e590a38c5004f9725997ff956a7773be4b95c4f6fc89?s=96&d=mm&r=g","url":"https:\/\/secure.gravatar.com\/avatar\/3199cd50f7375f53b1b8e590a38c5004f9725997ff956a7773be4b95c4f6fc89?s=96&d=mm&r=g","contentUrl":"https:\/\/secure.gravatar.com\/avatar\/3199cd50f7375f53b1b8e590a38c5004f9725997ff956a7773be4b95c4f6fc89?s=96&d=mm&r=g","caption":"Chiara Prontera"},"description":"Chiara Prontera ha 26 anni e vive a Morciano, un piccolo paese vicino Santa Maria di Leuca, in provincia di Lecce. Nel 2024, ha conseguito la Laurea in Scienze politiche, Relazioni internazionali e Diritti umani all\u2019Universit\u00e0 di Padova e poco dopo \u00e8 partita a Belgrado, con il progetto Caschi Bianchi promosso da Caritas Italiana. L\u00ec ha svolto il suo servizio nel campo profughi di Obrenovac. Attualmente, sta svolgendo un tirocinio in Caritas, nella diocesi di Ugento-S.M di Leuca.","url":"https:\/\/spaziospadoni.org\/pt-pt\/author\/chipontespspadoni\/"}]}},"_links":{"self":[{"href":"https:\/\/spaziospadoni.org\/pt-pt\/wp-json\/wp\/v2\/posts\/91873","targetHints":{"allow":["GET"]}}],"collection":[{"href":"https:\/\/spaziospadoni.org\/pt-pt\/wp-json\/wp\/v2\/posts"}],"about":[{"href":"https:\/\/spaziospadoni.org\/pt-pt\/wp-json\/wp\/v2\/types\/post"}],"author":[{"embeddable":true,"href":"https:\/\/spaziospadoni.org\/pt-pt\/wp-json\/wp\/v2\/users\/114"}],"replies":[{"embeddable":true,"href":"https:\/\/spaziospadoni.org\/pt-pt\/wp-json\/wp\/v2\/comments?post=91873"}],"version-history":[{"count":2,"href":"https:\/\/spaziospadoni.org\/pt-pt\/wp-json\/wp\/v2\/posts\/91873\/revisions"}],"predecessor-version":[{"id":91875,"href":"https:\/\/spaziospadoni.org\/pt-pt\/wp-json\/wp\/v2\/posts\/91873\/revisions\/91875"}],"wp:featuredmedia":[{"embeddable":true,"href":"https:\/\/spaziospadoni.org\/pt-pt\/wp-json\/wp\/v2\/media\/91905"}],"wp:attachment":[{"href":"https:\/\/spaziospadoni.org\/pt-pt\/wp-json\/wp\/v2\/media?parent=91873"}],"wp:term":[{"taxonomy":"category","embeddable":true,"href":"https:\/\/spaziospadoni.org\/pt-pt\/wp-json\/wp\/v2\/categories?post=91873"},{"taxonomy":"post_tag","embeddable":true,"href":"https:\/\/spaziospadoni.org\/pt-pt\/wp-json\/wp\/v2\/tags?post=91873"}],"curies":[{"name":"wp","href":"https:\/\/api.w.org\/{rel}","templated":true}]}}