{"id":91889,"date":"2026-08-23T06:30:00","date_gmt":"2026-08-23T05:30:00","guid":{"rendered":"https:\/\/spaziospadoni.org\/?p=91889"},"modified":"2026-08-22T15:11:29","modified_gmt":"2026-08-22T14:11:29","slug":"italia-rimini-meeting-o-amor-que-coloca-o-mundo-em-movimento","status":"publish","type":"post","link":"https:\/\/spaziospadoni.org\/pt-pt\/italia-rimini-meeting-o-amor-que-coloca-o-mundo-em-movimento\/","title":{"rendered":"It\u00e1lia, Rimini | Meeting, o amor que coloca o mundo em movimento"},"content":{"rendered":"\n<p class=\"has-contrast-3-color has-text-color has-link-color wp-elements-1 wp-block-paragraph\"><em>De 21 a 26 de agosto, na Fiera di Rimini, realiza-se a 47\u00aa edi\u00e7\u00e3o do Meeting para a Amizade entre os Povos, um encontro que h\u00e1 mais de quarenta anos prop\u00f5e palestras, testemunhos, exposi\u00e7\u00f5es e momentos de reflex\u00e3o sobre os grandes temas da atualidade. O t\u00edtulo escolhido para este ano \u00e9 uma das frases mais c\u00e9lebres da Divina Com\u00e9dia de Dante Alighieri: \u00abO amor que move o sol e as outras estrelas\u00bb.<\/em><\/p>\n\n\n\n<h2 id=\"uma-forca-que-une-para-alem-da-fragmentacao\" class=\"wp-block-heading\">Uma for\u00e7a que une para al\u00e9m da fragmenta\u00e7\u00e3o<\/h2>\n\n\n\n<p class=\"wp-block-paragraph\">N\u00e3o se trata apenas de uma cita\u00e7\u00e3o liter\u00e1ria. O Meeting parte da quest\u00e3o sobre qual \u00e9 hoje a for\u00e7a capaz de manter unidas pessoas e sociedades atravessadas pela fragmenta\u00e7\u00e3o, pela solid\u00e3o e pelos conflitos. O amor \u00e9 apresentado como uma for\u00e7a que n\u00e3o domina nem obriga, mas atrai, estabelece rela\u00e7\u00f5es e permite recome\u00e7ar. Uma perspetiva particularmente significativa num tempo marcado por guerras, divis\u00f5es e novas formas de isolamento.<\/p>\n\n\n\n<p class=\"wp-block-paragraph\">O programa aborda, assim, algumas das quest\u00f5es mais urgentes do nosso tempo: a busca da paz e da reconcilia\u00e7\u00e3o, a rela\u00e7\u00e3o entre intelig\u00eancia artificial e a pessoa humana, as transforma\u00e7\u00f5es da economia e do trabalho, o papel da pol\u00edtica e a necessidade de construir novas formas de conviv\u00eancia social. No centro permanece o ser humano, com a sua liberdade, a sua capacidade de relacionamento e o desejo de um bem que n\u00e3o seja apenas individual.<\/p>\n\n\n\n<h2 id=\"entre-dialogo-testemunho-e-bem-comum\" class=\"wp-block-heading\">Entre di\u00e1logo, testemunho e bem comum<\/h2>\n\n\n\n<p class=\"wp-block-paragraph\">Um dos aspetos caracter\u00edsticos do Meeting \u00e9 justamente a possibilidade de confrontar experi\u00eancias muito diversas. Ao lado dos grandes temas internacionais, h\u00e1 espa\u00e7o para hist\u00f3rias concretas: pessoas empenhadas na educa\u00e7\u00e3o, na solidariedade, na constru\u00e7\u00e3o da paz, no cuidado dos mais fr\u00e1geis e na busca de novos caminhos para enfrentar as transforma\u00e7\u00f5es da sociedade. O Meeting prop\u00f5e, assim, um encontro entre cultura e vida quotidiana, entre reflex\u00e3o e testemunho.<\/p>\n\n\n\n<p class=\"wp-block-paragraph\">Nesta perspetiva, o amor evocado pelo t\u00edtulo n\u00e3o \u00e9 entendido como mero sentimento. \u00c9 antes uma responsabilidade que se pode traduzir em gestos, escolhas e rela\u00e7\u00f5es capazes de p\u00f4r novamente em movimento o que parece bloqueado. Mesmo perante conflitos, medo e divis\u00f5es, permanece a possibilidade de procurar o que une sem apagar as diferen\u00e7as.<\/p>\n\n\n\n<p class=\"wp-block-paragraph\">O Meeting de Rimini 2026 apresenta-se, portanto, como um espa\u00e7o de di\u00e1logo e pesquisa, no qual se questiona o futuro sem ceder \u00e0 resigna\u00e7\u00e3o. \u00abO amor que move o sol e as outras estrelas\u00bb torna-se uma pergunta dirigida a cada um: que for\u00e7a move hoje as nossas escolhas e as nossas comunidades? E, sobretudo, somos capazes de transformar esta for\u00e7a num caminho partilhado rumo ao bem comum?<\/p>\n\n\n\n<p class=\"wp-block-paragraph\"><strong>Imagem criada digitalmente por spazio + spadoni<\/strong><\/p>\n\n\n\n<p class=\"wp-block-paragraph\"><\/p>\n","protected":false},"excerpt":{"rendered":"<p>De 21 a 26 de agosto, na Fiera di Rimini, realiza-se a 47\u00aa edi\u00e7\u00e3o do Meeting para a Amizade entre os Povos, um encontro que h\u00e1 mais de quarenta anos prop\u00f5e palestras, testemunhos, exposi\u00e7\u00f5es e momentos de reflex\u00e3o sobre os grandes temas da atualidade. O t\u00edtulo escolhido para este ano \u00e9 uma das frases mais &#8230; <a title=\"It\u00e1lia, Rimini | Meeting, o amor que coloca o mundo em movimento\" class=\"read-more\" href=\"https:\/\/spaziospadoni.org\/pt-pt\/italia-rimini-meeting-o-amor-que-coloca-o-mundo-em-movimento\/\" aria-label=\"Read more about It\u00e1lia, Rimini | Meeting, o amor que coloca o mundo em movimento\">Ler mais<\/a><\/p>\n","protected":false},"author":39,"featured_media":91897,"comment_status":"closed","ping_status":"closed","sticky":false,"template":"","format":"standard","meta":{"_sitemap_exclude":false,"_sitemap_priority":"","_sitemap_frequency":"","ss_featured_image_title":"","ss_featured_image_alt":"","ss_featured_image_caption":"","footnotes":""},"categories":[2419],"tags":[2855,5754,9854],"class_list":["post-91889","post","type-post","status-publish","format-standard","has-post-thumbnail","hentry","category-economia-etica","tag-amor","tag-reuniao-pt","tag-rimini-pt","infinite-scroll-item","generate-columns","tablet-grid-50","mobile-grid-100","grid-parent","grid-50"],"yoast_head":"<!-- This site is optimized with the Yoast SEO plugin v28.4 - https:\/\/yoast.com\/product\/yoast-seo-wordpress\/ -->\n<title>Meeting de Rimini 2026: o amor que p\u00f5e o mundo em movimento<\/title>\n<meta name=\"description\" content=\"No Meeting de Rimini 2026, o amor que move o mundo inspira di\u00e1logo, paz e rela\u00e7\u00f5es para enfrentar os desafios atuais com esperan\u00e7a renovada.\" \/>\n<meta name=\"robots\" content=\"index, follow, max-snippet:-1, max-image-preview:large, max-video-preview:-1\" \/>\n<link rel=\"canonical\" href=\"https:\/\/spaziospadoni.org\/pt-pt\/italia-rimini-meeting-o-amor-que-coloca-o-mundo-em-movimento\/\" \/>\n<meta property=\"og:locale\" content=\"pt_PT\" \/>\n<meta property=\"og:type\" content=\"article\" \/>\n<meta property=\"og:title\" content=\"Meeting de Rimini 2026: o amor que p\u00f5e o mundo em movimento\" \/>\n<meta property=\"og:description\" content=\"No Meeting de Rimini 2026, o amor que move o mundo inspira di\u00e1logo, paz e rela\u00e7\u00f5es para enfrentar os desafios atuais com esperan\u00e7a renovada.\" \/>\n<meta property=\"og:url\" content=\"https:\/\/spaziospadoni.org\/pt-pt\/italia-rimini-meeting-o-amor-que-coloca-o-mundo-em-movimento\/\" \/>\n<meta property=\"og:site_name\" content=\"spazio + spadoni\" \/>\n<meta property=\"article:publisher\" content=\"https:\/\/www.facebook.com\/SpazioSpadoni\/\" \/>\n<meta property=\"article:published_time\" content=\"2026-08-23T05:30:00+00:00\" \/>\n<meta property=\"og:image\" content=\"https:\/\/spaziospadoni.org\/wp-content\/uploads\/2026\/08\/meeting-rimini-1.webp\" \/>\n\t<meta property=\"og:image:width\" content=\"2528\" \/>\n\t<meta property=\"og:image:height\" content=\"1696\" \/>\n\t<meta property=\"og:image:type\" content=\"image\/webp\" \/>\n<meta name=\"author\" content=\"Redazione\" \/>\n<meta name=\"twitter:card\" content=\"summary_large_image\" \/>\n<meta name=\"twitter:label1\" content=\"Escrito por\" \/>\n\t<meta name=\"twitter:data1\" content=\"Reda\u00e7\u00e3o\" \/>\n\t<meta name=\"twitter:label2\" content=\"Est. reading time\" \/>\n\t<meta name=\"twitter:data2\" content=\"3 minutes\" \/>\n<script type=\"application\/ld+json\" class=\"yoast-schema-graph\">{\"@context\":\"https:\\\/\\\/schema.org\",\"@graph\":[{\"@type\":\"Article\",\"@id\":\"https:\\\/\\\/spaziospadoni.org\\\/pt-pt\\\/italia-rimini-meeting-o-amor-que-coloca-o-mundo-em-movimento\\\/#article\",\"isPartOf\":{\"@id\":\"https:\\\/\\\/spaziospadoni.org\\\/pt-pt\\\/italia-rimini-meeting-o-amor-que-coloca-o-mundo-em-movimento\\\/\"},\"author\":{\"name\":\"Redazione\",\"@id\":\"https:\\\/\\\/spaziospadoni.org\\\/pt-pt\\\/#\\\/schema\\\/person\\\/411d7e71b4962bebf7ac6c70acc9a7bc\"},\"headline\":\"It\u00e1lia, Rimini | Meeting, o amor que coloca o mundo em movimento\",\"datePublished\":\"2026-08-23T05:30:00+00:00\",\"mainEntityOfPage\":{\"@id\":\"https:\\\/\\\/spaziospadoni.org\\\/pt-pt\\\/italia-rimini-meeting-o-amor-que-coloca-o-mundo-em-movimento\\\/\"},\"wordCount\":477,\"publisher\":{\"@id\":\"https:\\\/\\\/spaziospadoni.org\\\/pt-pt\\\/#organization\"},\"image\":{\"@id\":\"https:\\\/\\\/spaziospadoni.org\\\/pt-pt\\\/italia-rimini-meeting-o-amor-que-coloca-o-mundo-em-movimento\\\/#primaryimage\"},\"thumbnailUrl\":\"https:\\\/\\\/spaziospadoni.org\\\/wp-content\\\/uploads\\\/2026\\\/08\\\/meeting-rimini-1.webp\",\"keywords\":[\"amor\",\"reuni\u00e3o\",\"Rimini\"],\"articleSection\":[\"Economia \u00e9tica\"],\"inLanguage\":\"pt-PT\"},{\"@type\":\"WebPage\",\"@id\":\"https:\\\/\\\/spaziospadoni.org\\\/pt-pt\\\/italia-rimini-meeting-o-amor-que-coloca-o-mundo-em-movimento\\\/\",\"url\":\"https:\\\/\\\/spaziospadoni.org\\\/pt-pt\\\/italia-rimini-meeting-o-amor-que-coloca-o-mundo-em-movimento\\\/\",\"name\":\"Meeting de Rimini 2026: o amor que p\u00f5e o mundo em movimento\",\"isPartOf\":{\"@id\":\"https:\\\/\\\/spaziospadoni.org\\\/pt-pt\\\/#website\"},\"primaryImageOfPage\":{\"@id\":\"https:\\\/\\\/spaziospadoni.org\\\/pt-pt\\\/italia-rimini-meeting-o-amor-que-coloca-o-mundo-em-movimento\\\/#primaryimage\"},\"image\":{\"@id\":\"https:\\\/\\\/spaziospadoni.org\\\/pt-pt\\\/italia-rimini-meeting-o-amor-que-coloca-o-mundo-em-movimento\\\/#primaryimage\"},\"thumbnailUrl\":\"https:\\\/\\\/spaziospadoni.org\\\/wp-content\\\/uploads\\\/2026\\\/08\\\/meeting-rimini-1.webp\",\"datePublished\":\"2026-08-23T05:30:00+00:00\",\"description\":\"No Meeting de Rimini 2026, o amor que move o mundo inspira di\u00e1logo, paz e rela\u00e7\u00f5es para enfrentar os desafios atuais com esperan\u00e7a renovada.\",\"breadcrumb\":{\"@id\":\"https:\\\/\\\/spaziospadoni.org\\\/pt-pt\\\/italia-rimini-meeting-o-amor-que-coloca-o-mundo-em-movimento\\\/#breadcrumb\"},\"inLanguage\":\"pt-PT\",\"potentialAction\":[{\"@type\":\"ReadAction\",\"target\":[\"https:\\\/\\\/spaziospadoni.org\\\/pt-pt\\\/italia-rimini-meeting-o-amor-que-coloca-o-mundo-em-movimento\\\/\"]}]},{\"@type\":\"ImageObject\",\"inLanguage\":\"pt-PT\",\"@id\":\"https:\\\/\\\/spaziospadoni.org\\\/pt-pt\\\/italia-rimini-meeting-o-amor-que-coloca-o-mundo-em-movimento\\\/#primaryimage\",\"url\":\"https:\\\/\\\/spaziospadoni.org\\\/wp-content\\\/uploads\\\/2026\\\/08\\\/meeting-rimini-1.webp\",\"contentUrl\":\"https:\\\/\\\/spaziospadoni.org\\\/wp-content\\\/uploads\\\/2026\\\/08\\\/meeting-rimini-1.webp\",\"width\":2528,\"height\":1696},{\"@type\":\"BreadcrumbList\",\"@id\":\"https:\\\/\\\/spaziospadoni.org\\\/pt-pt\\\/italia-rimini-meeting-o-amor-que-coloca-o-mundo-em-movimento\\\/#breadcrumb\",\"itemListElement\":[{\"@type\":\"ListItem\",\"position\":1,\"name\":\"Home\",\"item\":\"https:\\\/\\\/spaziospadoni.org\\\/pt-pt\\\/\"},{\"@type\":\"ListItem\",\"position\":2,\"name\":\"It\u00e1lia, Rimini | Meeting, o amor que coloca o mundo em movimento\"}]},{\"@type\":\"WebSite\",\"@id\":\"https:\\\/\\\/spaziospadoni.org\\\/pt-pt\\\/#website\",\"url\":\"https:\\\/\\\/spaziospadoni.org\\\/pt-pt\\\/\",\"name\":\"spazio + spadoni\",\"description\":\"Generazione di misericordia e missione nel mondo\",\"publisher\":{\"@id\":\"https:\\\/\\\/spaziospadoni.org\\\/pt-pt\\\/#organization\"},\"alternateName\":\"spaziospadoni.org\",\"potentialAction\":[{\"@type\":\"SearchAction\",\"target\":{\"@type\":\"EntryPoint\",\"urlTemplate\":\"https:\\\/\\\/spaziospadoni.org\\\/pt-pt\\\/?s={search_term_string}\"},\"query-input\":{\"@type\":\"PropertyValueSpecification\",\"valueRequired\":true,\"valueName\":\"search_term_string\"}}],\"inLanguage\":\"pt-PT\"},{\"@type\":\"Organization\",\"@id\":\"https:\\\/\\\/spaziospadoni.org\\\/pt-pt\\\/#organization\",\"name\":\"spazio + spadoni\",\"alternateName\":\"spaziospadoni.org\",\"url\":\"https:\\\/\\\/spaziospadoni.org\\\/pt-pt\\\/\",\"logo\":{\"@type\":\"ImageObject\",\"inLanguage\":\"pt-PT\",\"@id\":\"https:\\\/\\\/spaziospadoni.org\\\/pt-pt\\\/#\\\/schema\\\/logo\\\/image\\\/\",\"url\":\"https:\\\/\\\/spaziospadoni.org\\\/wp-content\\\/uploads\\\/2026\\\/05\\\/spazio-spadoni-logo-100x100-1.webp\",\"contentUrl\":\"https:\\\/\\\/spaziospadoni.org\\\/wp-content\\\/uploads\\\/2026\\\/05\\\/spazio-spadoni-logo-100x100-1.webp\",\"width\":100,\"height\":100,\"caption\":\"spazio + spadoni\"},\"image\":{\"@id\":\"https:\\\/\\\/spaziospadoni.org\\\/pt-pt\\\/#\\\/schema\\\/logo\\\/image\\\/\"},\"sameAs\":[\"https:\\\/\\\/www.facebook.com\\\/SpazioSpadoni\\\/\",\"https:\\\/\\\/www.instagram.com\\\/spaziospadoni\\\/\",\"https:\\\/\\\/www.youtube.com\\\/@spaziospadoni\\\/playlists\"]},{\"@type\":\"Person\",\"@id\":\"https:\\\/\\\/spaziospadoni.org\\\/pt-pt\\\/#\\\/schema\\\/person\\\/411d7e71b4962bebf7ac6c70acc9a7bc\",\"name\":\"Redazione\",\"image\":{\"@type\":\"ImageObject\",\"inLanguage\":\"pt-PT\",\"@id\":\"https:\\\/\\\/secure.gravatar.com\\\/avatar\\\/2ba413b4dca69409b680ae806ab0dce8a38d5d2cc2123a96af7bbbee33a5742e?s=96&d=mm&r=g\",\"url\":\"https:\\\/\\\/secure.gravatar.com\\\/avatar\\\/2ba413b4dca69409b680ae806ab0dce8a38d5d2cc2123a96af7bbbee33a5742e?s=96&d=mm&r=g\",\"contentUrl\":\"https:\\\/\\\/secure.gravatar.com\\\/avatar\\\/2ba413b4dca69409b680ae806ab0dce8a38d5d2cc2123a96af7bbbee33a5742e?s=96&d=mm&r=g\",\"caption\":\"Redazione\"},\"url\":\"https:\\\/\\\/spaziospadoni.org\\\/pt-pt\\\/author\\\/redazione\\\/\"}]}<\/script>\n<!-- \/ Yoast SEO plugin. -->","yoast_head_json":{"title":"Meeting de Rimini 2026: o amor que p\u00f5e o mundo em movimento","description":"No Meeting de Rimini 2026, o amor que move o mundo inspira di\u00e1logo, paz e rela\u00e7\u00f5es para enfrentar os desafios atuais com esperan\u00e7a renovada.","robots":{"index":"index","follow":"follow","max-snippet":"max-snippet:-1","max-image-preview":"max-image-preview:large","max-video-preview":"max-video-preview:-1"},"canonical":"https:\/\/spaziospadoni.org\/pt-pt\/italia-rimini-meeting-o-amor-que-coloca-o-mundo-em-movimento\/","og_locale":"pt_PT","og_type":"article","og_title":"Meeting de Rimini 2026: o amor que p\u00f5e o mundo em movimento","og_description":"No Meeting de Rimini 2026, o amor que move o mundo inspira di\u00e1logo, paz e rela\u00e7\u00f5es para enfrentar os desafios atuais com esperan\u00e7a renovada.","og_url":"https:\/\/spaziospadoni.org\/pt-pt\/italia-rimini-meeting-o-amor-que-coloca-o-mundo-em-movimento\/","og_site_name":"spazio + spadoni","article_publisher":"https:\/\/www.facebook.com\/SpazioSpadoni\/","article_published_time":"2026-08-23T05:30:00+00:00","og_image":[{"width":2528,"height":1696,"url":"https:\/\/spaziospadoni.org\/wp-content\/uploads\/2026\/08\/meeting-rimini-1.webp","type":"image\/webp"}],"author":"Redazione","twitter_card":"summary_large_image","twitter_misc":{"Escrito por":"Reda\u00e7\u00e3o","Est. reading time":"3 minutes"},"schema":{"@context":"https:\/\/schema.org","@graph":[{"@type":"Article","@id":"https:\/\/spaziospadoni.org\/pt-pt\/italia-rimini-meeting-o-amor-que-coloca-o-mundo-em-movimento\/#article","isPartOf":{"@id":"https:\/\/spaziospadoni.org\/pt-pt\/italia-rimini-meeting-o-amor-que-coloca-o-mundo-em-movimento\/"},"author":{"name":"Redazione","@id":"https:\/\/spaziospadoni.org\/pt-pt\/#\/schema\/person\/411d7e71b4962bebf7ac6c70acc9a7bc"},"headline":"It\u00e1lia, Rimini | Meeting, o amor que coloca o mundo em movimento","datePublished":"2026-08-23T05:30:00+00:00","mainEntityOfPage":{"@id":"https:\/\/spaziospadoni.org\/pt-pt\/italia-rimini-meeting-o-amor-que-coloca-o-mundo-em-movimento\/"},"wordCount":477,"publisher":{"@id":"https:\/\/spaziospadoni.org\/pt-pt\/#organization"},"image":{"@id":"https:\/\/spaziospadoni.org\/pt-pt\/italia-rimini-meeting-o-amor-que-coloca-o-mundo-em-movimento\/#primaryimage"},"thumbnailUrl":"https:\/\/spaziospadoni.org\/wp-content\/uploads\/2026\/08\/meeting-rimini-1.webp","keywords":["amor","reuni\u00e3o","Rimini"],"articleSection":["Economia \u00e9tica"],"inLanguage":"pt-PT"},{"@type":"WebPage","@id":"https:\/\/spaziospadoni.org\/pt-pt\/italia-rimini-meeting-o-amor-que-coloca-o-mundo-em-movimento\/","url":"https:\/\/spaziospadoni.org\/pt-pt\/italia-rimini-meeting-o-amor-que-coloca-o-mundo-em-movimento\/","name":"Meeting de Rimini 2026: o amor que p\u00f5e o mundo em movimento","isPartOf":{"@id":"https:\/\/spaziospadoni.org\/pt-pt\/#website"},"primaryImageOfPage":{"@id":"https:\/\/spaziospadoni.org\/pt-pt\/italia-rimini-meeting-o-amor-que-coloca-o-mundo-em-movimento\/#primaryimage"},"image":{"@id":"https:\/\/spaziospadoni.org\/pt-pt\/italia-rimini-meeting-o-amor-que-coloca-o-mundo-em-movimento\/#primaryimage"},"thumbnailUrl":"https:\/\/spaziospadoni.org\/wp-content\/uploads\/2026\/08\/meeting-rimini-1.webp","datePublished":"2026-08-23T05:30:00+00:00","description":"No Meeting de Rimini 2026, o amor que move o mundo inspira di\u00e1logo, paz e rela\u00e7\u00f5es para enfrentar os desafios atuais com esperan\u00e7a renovada.","breadcrumb":{"@id":"https:\/\/spaziospadoni.org\/pt-pt\/italia-rimini-meeting-o-amor-que-coloca-o-mundo-em-movimento\/#breadcrumb"},"inLanguage":"pt-PT","potentialAction":[{"@type":"ReadAction","target":["https:\/\/spaziospadoni.org\/pt-pt\/italia-rimini-meeting-o-amor-que-coloca-o-mundo-em-movimento\/"]}]},{"@type":"ImageObject","inLanguage":"pt-PT","@id":"https:\/\/spaziospadoni.org\/pt-pt\/italia-rimini-meeting-o-amor-que-coloca-o-mundo-em-movimento\/#primaryimage","url":"https:\/\/spaziospadoni.org\/wp-content\/uploads\/2026\/08\/meeting-rimini-1.webp","contentUrl":"https:\/\/spaziospadoni.org\/wp-content\/uploads\/2026\/08\/meeting-rimini-1.webp","width":2528,"height":1696},{"@type":"BreadcrumbList","@id":"https:\/\/spaziospadoni.org\/pt-pt\/italia-rimini-meeting-o-amor-que-coloca-o-mundo-em-movimento\/#breadcrumb","itemListElement":[{"@type":"ListItem","position":1,"name":"Home","item":"https:\/\/spaziospadoni.org\/pt-pt\/"},{"@type":"ListItem","position":2,"name":"It\u00e1lia, Rimini | Meeting, o amor que coloca o mundo em movimento"}]},{"@type":"WebSite","@id":"https:\/\/spaziospadoni.org\/pt-pt\/#website","url":"https:\/\/spaziospadoni.org\/pt-pt\/","name":"spazio + spadoni","description":"Generazione di misericordia e missione nel mondo","publisher":{"@id":"https:\/\/spaziospadoni.org\/pt-pt\/#organization"},"alternateName":"spaziospadoni.org","potentialAction":[{"@type":"SearchAction","target":{"@type":"EntryPoint","urlTemplate":"https:\/\/spaziospadoni.org\/pt-pt\/?s={search_term_string}"},"query-input":{"@type":"PropertyValueSpecification","valueRequired":true,"valueName":"search_term_string"}}],"inLanguage":"pt-PT"},{"@type":"Organization","@id":"https:\/\/spaziospadoni.org\/pt-pt\/#organization","name":"spazio + spadoni","alternateName":"spaziospadoni.org","url":"https:\/\/spaziospadoni.org\/pt-pt\/","logo":{"@type":"ImageObject","inLanguage":"pt-PT","@id":"https:\/\/spaziospadoni.org\/pt-pt\/#\/schema\/logo\/image\/","url":"https:\/\/spaziospadoni.org\/wp-content\/uploads\/2026\/05\/spazio-spadoni-logo-100x100-1.webp","contentUrl":"https:\/\/spaziospadoni.org\/wp-content\/uploads\/2026\/05\/spazio-spadoni-logo-100x100-1.webp","width":100,"height":100,"caption":"spazio + spadoni"},"image":{"@id":"https:\/\/spaziospadoni.org\/pt-pt\/#\/schema\/logo\/image\/"},"sameAs":["https:\/\/www.facebook.com\/SpazioSpadoni\/","https:\/\/www.instagram.com\/spaziospadoni\/","https:\/\/www.youtube.com\/@spaziospadoni\/playlists"]},{"@type":"Person","@id":"https:\/\/spaziospadoni.org\/pt-pt\/#\/schema\/person\/411d7e71b4962bebf7ac6c70acc9a7bc","name":"Redazione","image":{"@type":"ImageObject","inLanguage":"pt-PT","@id":"https:\/\/secure.gravatar.com\/avatar\/2ba413b4dca69409b680ae806ab0dce8a38d5d2cc2123a96af7bbbee33a5742e?s=96&d=mm&r=g","url":"https:\/\/secure.gravatar.com\/avatar\/2ba413b4dca69409b680ae806ab0dce8a38d5d2cc2123a96af7bbbee33a5742e?s=96&d=mm&r=g","contentUrl":"https:\/\/secure.gravatar.com\/avatar\/2ba413b4dca69409b680ae806ab0dce8a38d5d2cc2123a96af7bbbee33a5742e?s=96&d=mm&r=g","caption":"Redazione"},"url":"https:\/\/spaziospadoni.org\/pt-pt\/author\/redazione\/"}]}},"_links":{"self":[{"href":"https:\/\/spaziospadoni.org\/pt-pt\/wp-json\/wp\/v2\/posts\/91889","targetHints":{"allow":["GET"]}}],"collection":[{"href":"https:\/\/spaziospadoni.org\/pt-pt\/wp-json\/wp\/v2\/posts"}],"about":[{"href":"https:\/\/spaziospadoni.org\/pt-pt\/wp-json\/wp\/v2\/types\/post"}],"author":[{"embeddable":true,"href":"https:\/\/spaziospadoni.org\/pt-pt\/wp-json\/wp\/v2\/users\/39"}],"replies":[{"embeddable":true,"href":"https:\/\/spaziospadoni.org\/pt-pt\/wp-json\/wp\/v2\/comments?post=91889"}],"version-history":[{"count":1,"href":"https:\/\/spaziospadoni.org\/pt-pt\/wp-json\/wp\/v2\/posts\/91889\/revisions"}],"predecessor-version":[{"id":91890,"href":"https:\/\/spaziospadoni.org\/pt-pt\/wp-json\/wp\/v2\/posts\/91889\/revisions\/91890"}],"wp:featuredmedia":[{"embeddable":true,"href":"https:\/\/spaziospadoni.org\/pt-pt\/wp-json\/wp\/v2\/media\/91897"}],"wp:attachment":[{"href":"https:\/\/spaziospadoni.org\/pt-pt\/wp-json\/wp\/v2\/media?parent=91889"}],"wp:term":[{"taxonomy":"category","embeddable":true,"href":"https:\/\/spaziospadoni.org\/pt-pt\/wp-json\/wp\/v2\/categories?post=91889"},{"taxonomy":"post_tag","embeddable":true,"href":"https:\/\/spaziospadoni.org\/pt-pt\/wp-json\/wp\/v2\/tags?post=91889"}],"curies":[{"name":"wp","href":"https:\/\/api.w.org\/{rel}","templated":true}]}}