{"id":92433,"date":"2026-08-26T07:00:00","date_gmt":"2026-08-26T06:00:00","guid":{"rendered":"https:\/\/spaziospadoni.org\/?p=92433"},"modified":"2026-08-26T09:00:40","modified_gmt":"2026-08-26T08:00:40","slug":"america-republica-dominicana-as-hortas-familiares-que-nutrem-a-comunidade","status":"publish","type":"post","link":"https:\/\/spaziospadoni.org\/pt-pt\/america-republica-dominicana-as-hortas-familiares-que-nutrem-a-comunidade\/","title":{"rendered":"Am\u00e9rica, Rep\u00fablica Dominicana | As hortas familiares que nutrem a comunidade"},"content":{"rendered":"\n<p class=\"has-contrast-3-color has-text-color has-link-color wp-elements-1 wp-block-paragraph\"><em>Hoje, apresento a voc\u00eas um projeto de hortas comunit\u00e1rias realizado na comunidade de La Pe\u00f1a, em San Juan de la Maguana (Rep\u00fablica Dominicana).<br>A autora \u00e9 Luc\u00eda Alejandre Javier, engenheira agr\u00f4noma e mission\u00e1ria da Comunidade Mission\u00e1ria de Villaregia com sede em Texoco (M\u00e9xico) que, ap\u00f3s professar os primeiros votos em junho, passou um m\u00eas conosco na miss\u00e3o que estamos desenvolvendo em San Juan de la Maguana.<\/em><\/p>\n\n\n\n<h5 id=\"de-lucia-alejandre-javier\" class=\"wp-block-heading has-text-align-right\"><em> (de Luc\u00eda Alejandre Javier)<\/em><\/h5>\n\n\n\n<p class=\"wp-block-paragraph\">A Organiza\u00e7\u00e3o das Na\u00e7\u00f5es Unidas para a Alimenta\u00e7\u00e3o e a Agricultura (FAO) publica anualmente o relat\u00f3rio sobre o estado da seguran\u00e7a alimentar e da nutri\u00e7\u00e3o no mundo. No relat\u00f3rio referente a 2025, destaca-se como a alta infla\u00e7\u00e3o reduziu o poder de compra em numerosos pa\u00edses e, sobretudo entre as popula\u00e7\u00f5es de baixa renda, comprometeu o acesso a uma alimenta\u00e7\u00e3o saud\u00e1vel.<\/p>\n\n\n\n<p class=\"wp-block-paragraph\">Na Rep\u00fablica Dominicana, a preval\u00eancia da inseguran\u00e7a alimentar moderada ou grave atinge <strong>43,8% da popula\u00e7\u00e3o total<\/strong>. Por esse motivo, s\u00e3o de fundamental import\u00e2ncia os projetos destinados a incentivar a ado\u00e7\u00e3o de tecnologias que promovam o acesso a uma alimenta\u00e7\u00e3o equilibrada e economicamente sustent\u00e1vel.<\/p>\n\n\n\n<p class=\"wp-block-paragraph\">H\u00e1 pouco mais de um ano, a <strong>Comunidade Mission\u00e1ria de Villaregia<\/strong>, juntamente com a Funda\u00e7\u00e3o para o Desenvolvimento das Prov\u00edncias de Azua, San Juan e El\u00edas Pi\u00f1a (FUNDASEP, da diocese de San Juan de la Maguana), promove a implanta\u00e7\u00e3o de hortas familiares.<\/p>\n\n\n\n<p class=\"wp-block-paragraph\">As hortas s\u00e3o espa\u00e7os de cerca de 30 m\u00b2, situados perto das casas, para que homens e mulheres possam cuidar delas no \u00e2mbito de suas atividades cotidianas. Nessas hortas, contudo, n\u00e3o se cultivam apenas berinjelas, tomates, cebolas, beterrabas e cenouras; cultivam-se tamb\u00e9m relacionamentos e fortalece-se a comunidade.<\/p>\n\n\n\n<p class=\"wp-block-paragraph\">Por meio dos encontros com os participantes do projeto, <strong>realizam-se as atividades <\/strong>de capacita\u00e7\u00e3o, promove-se o apoio m\u00fatuo e estimula-se a troca de experi\u00eancias e conhecimentos entre aqueles que t\u00eam maior viv\u00eancia.<\/p>\n\n\n\n<p class=\"wp-block-paragraph\">O projeto representa tamb\u00e9m um motivo de grande satisfa\u00e7\u00e3o para quem realiza as atividades de forma\u00e7\u00e3o. A engenheira agr\u00f4noma Odrys nos conta: <\/p>\n\n\n\n<p class=\"wp-block-paragraph\"><em>\u00abOfereceram-me outros trabalhos, nos quais talvez eu ganhasse um pouco mais, mas n\u00e3o trocaria a alegria de ver crescer as pessoas que apoiamos por meio dos projetos agroalimentares nas prov\u00edncias mais pobres da minha regi\u00e3o\u00bb.<\/em><\/p>\n\n\n\n<p class=\"wp-block-paragraph\">Gra\u00e7as ao conhecimento cient\u00edfico e pr\u00e1tico de formadoras como Odrys, aliado \u00e0 sua profunda sensibilidade humana, o projeto se torna uma refer\u00eancia para a introdu\u00e7\u00e3o progressiva de pr\u00e1ticas de produ\u00e7\u00e3o de hortali\u00e7as e de diversifica\u00e7\u00e3o de cultivos. Essas pr\u00e1ticas podem contribuir para <strong>melhorar a qualidade da alimenta\u00e7\u00e3o das fam\u00edlias<\/strong>, garantindo o acesso a alimentos variados e nutritivos a baixo custo.<\/p>\n\n\n\n<p class=\"wp-block-paragraph\">Embora as hortas tenham uma extens\u00e3o pequena, constituem uma grande rede de valores que, aos poucos e gra\u00e7as ao testemunho dos participantes, se torna a semente de uma experi\u00eancia que contribui para fortalecer a seguran\u00e7a alimentar do \u00abceleiro do Sul\u00bb.<\/p>\n\n\n\n<p class=\"wp-block-paragraph\"><strong>Foto de Rita Usai<\/strong><\/p>\n\n\n\n<p class=\"wp-block-paragraph\"><\/p>\n","protected":false},"excerpt":{"rendered":"<p>Hoje, apresento a voc\u00eas um projeto de hortas comunit\u00e1rias realizado na comunidade de La Pe\u00f1a, em San Juan de la Maguana (Rep\u00fablica Dominicana).A autora \u00e9 Luc\u00eda Alejandre Javier, engenheira agr\u00f4noma e mission\u00e1ria da Comunidade Mission\u00e1ria de Villaregia com sede em Texoco (M\u00e9xico) que, ap\u00f3s professar os primeiros votos em junho, passou um m\u00eas conosco na &#8230; <a title=\"Am\u00e9rica, Rep\u00fablica Dominicana | As hortas familiares que nutrem a comunidade\" class=\"read-more\" href=\"https:\/\/spaziospadoni.org\/pt-pt\/america-republica-dominicana-as-hortas-familiares-que-nutrem-a-comunidade\/\" aria-label=\"Read more about Am\u00e9rica, Rep\u00fablica Dominicana | As hortas familiares que nutrem a comunidade\">Ler mais<\/a><\/p>\n","protected":false},"author":68,"featured_media":92432,"comment_status":"closed","ping_status":"closed","sticky":false,"template":"","format":"standard","meta":{"_sitemap_exclude":false,"_sitemap_priority":"","_sitemap_frequency":"","ss_featured_image_title":"","ss_featured_image_alt":"Projeto de hortas comunit\u00e1rias em San Juan de la Maguana","ss_featured_image_caption":"O projeto de hortas comunit\u00e1rias envolveu os moradores de La Pe\u00f1a, em San Juan de la Maguana (Rep\u00fablica Dominicana).","footnotes":""},"categories":[2282],"tags":[4510,2891,2287,10905],"class_list":["post-92433","post","type-post","status-publish","format-standard","has-post-thumbnail","hentry","category-espaco-missionario","tag-agricultura","tag-comunidade","tag-experiencia-missionaria","tag-republica-dominicana","infinite-scroll-item","generate-columns","tablet-grid-50","mobile-grid-100","grid-parent","grid-50"],"yoast_head":"<!-- This site is optimized with the Yoast SEO plugin v28.4 - https:\/\/yoast.com\/product\/yoast-seo-wordpress\/ -->\n<title>Am\u00e9rica, Rep\u00fablica Dominicana | Hortas familiares contra a fome<\/title>\n<meta name=\"description\" content=\"Na Rep\u00fablica Dominicana, as hortas familiares de San Juan de la Maguana refor\u00e7am a seguran\u00e7a alimentar e fortalecem a comunidade.\" \/>\n<meta name=\"robots\" content=\"index, follow, max-snippet:-1, max-image-preview:large, max-video-preview:-1\" \/>\n<link rel=\"canonical\" href=\"https:\/\/spaziospadoni.org\/pt-pt\/america-republica-dominicana-as-hortas-familiares-que-nutrem-a-comunidade\/\" \/>\n<meta property=\"og:locale\" content=\"pt_PT\" \/>\n<meta property=\"og:type\" content=\"article\" \/>\n<meta property=\"og:title\" content=\"Am\u00e9rica, Rep\u00fablica Dominicana | Hortas familiares contra a fome\" \/>\n<meta property=\"og:description\" content=\"Na Rep\u00fablica Dominicana, as hortas familiares de San Juan de la Maguana refor\u00e7am a seguran\u00e7a alimentar e fortalecem a comunidade.\" \/>\n<meta property=\"og:url\" content=\"https:\/\/spaziospadoni.org\/pt-pt\/america-republica-dominicana-as-hortas-familiares-que-nutrem-a-comunidade\/\" \/>\n<meta property=\"og:site_name\" content=\"spazio + spadoni\" \/>\n<meta property=\"article:publisher\" content=\"https:\/\/www.facebook.com\/SpazioSpadoni\/\" \/>\n<meta property=\"article:published_time\" content=\"2026-08-26T06:00:00+00:00\" \/>\n<meta property=\"article:modified_time\" content=\"2026-08-26T08:00:40+00:00\" \/>\n<meta property=\"og:image\" content=\"https:\/\/spaziospadoni.org\/wp-content\/uploads\/2026\/08\/orti-comunitari-repubblica-dominicana.webp\" \/>\n\t<meta property=\"og:image:width\" content=\"1200\" \/>\n\t<meta property=\"og:image:height\" content=\"541\" \/>\n\t<meta property=\"og:image:type\" content=\"image\/webp\" \/>\n<meta name=\"author\" content=\"Rita Usai\" \/>\n<meta name=\"twitter:card\" content=\"summary_large_image\" \/>\n<meta name=\"twitter:label1\" content=\"Escrito por\" \/>\n\t<meta name=\"twitter:data1\" content=\"Rita Usai\" \/>\n\t<meta name=\"twitter:label2\" content=\"Est. reading time\" \/>\n\t<meta name=\"twitter:data2\" content=\"3 minutes\" \/>\n<script type=\"application\/ld+json\" class=\"yoast-schema-graph\">{\"@context\":\"https:\\\/\\\/schema.org\",\"@graph\":[{\"@type\":\"Article\",\"@id\":\"https:\\\/\\\/spaziospadoni.org\\\/pt-pt\\\/america-republica-dominicana-as-hortas-familiares-que-nutrem-a-comunidade\\\/#article\",\"isPartOf\":{\"@id\":\"https:\\\/\\\/spaziospadoni.org\\\/pt-pt\\\/america-republica-dominicana-as-hortas-familiares-que-nutrem-a-comunidade\\\/\"},\"author\":{\"name\":\"Rita Usai\",\"@id\":\"https:\\\/\\\/spaziospadoni.org\\\/pt-pt\\\/#\\\/schema\\\/person\\\/8cd0e9eb9ef908a8a7d8e3a7a6e3137f\"},\"headline\":\"Am\u00e9rica, Rep\u00fablica Dominicana | As hortas familiares que nutrem a comunidade\",\"datePublished\":\"2026-08-26T06:00:00+00:00\",\"dateModified\":\"2026-08-26T08:00:40+00:00\",\"mainEntityOfPage\":{\"@id\":\"https:\\\/\\\/spaziospadoni.org\\\/pt-pt\\\/america-republica-dominicana-as-hortas-familiares-que-nutrem-a-comunidade\\\/\"},\"wordCount\":534,\"publisher\":{\"@id\":\"https:\\\/\\\/spaziospadoni.org\\\/pt-pt\\\/#organization\"},\"image\":{\"@id\":\"https:\\\/\\\/spaziospadoni.org\\\/pt-pt\\\/america-republica-dominicana-as-hortas-familiares-que-nutrem-a-comunidade\\\/#primaryimage\"},\"thumbnailUrl\":\"https:\\\/\\\/spaziospadoni.org\\\/wp-content\\\/uploads\\\/2026\\\/08\\\/orti-comunitari-repubblica-dominicana.webp\",\"keywords\":[\"agricultura\",\"Comunidade\",\"Experi\u00eancia mission\u00e1ria\",\"Rep\u00fablica Dominicana\"],\"articleSection\":[\"Espa\u00e7o mission\u00e1rio\"],\"inLanguage\":\"pt-PT\"},{\"@type\":\"WebPage\",\"@id\":\"https:\\\/\\\/spaziospadoni.org\\\/pt-pt\\\/america-republica-dominicana-as-hortas-familiares-que-nutrem-a-comunidade\\\/\",\"url\":\"https:\\\/\\\/spaziospadoni.org\\\/pt-pt\\\/america-republica-dominicana-as-hortas-familiares-que-nutrem-a-comunidade\\\/\",\"name\":\"Am\u00e9rica, Rep\u00fablica Dominicana | Hortas familiares contra a fome\",\"isPartOf\":{\"@id\":\"https:\\\/\\\/spaziospadoni.org\\\/pt-pt\\\/#website\"},\"primaryImageOfPage\":{\"@id\":\"https:\\\/\\\/spaziospadoni.org\\\/pt-pt\\\/america-republica-dominicana-as-hortas-familiares-que-nutrem-a-comunidade\\\/#primaryimage\"},\"image\":{\"@id\":\"https:\\\/\\\/spaziospadoni.org\\\/pt-pt\\\/america-republica-dominicana-as-hortas-familiares-que-nutrem-a-comunidade\\\/#primaryimage\"},\"thumbnailUrl\":\"https:\\\/\\\/spaziospadoni.org\\\/wp-content\\\/uploads\\\/2026\\\/08\\\/orti-comunitari-repubblica-dominicana.webp\",\"datePublished\":\"2026-08-26T06:00:00+00:00\",\"dateModified\":\"2026-08-26T08:00:40+00:00\",\"description\":\"Na Rep\u00fablica Dominicana, as hortas familiares de San Juan de la Maguana refor\u00e7am a seguran\u00e7a alimentar e fortalecem a comunidade.\",\"breadcrumb\":{\"@id\":\"https:\\\/\\\/spaziospadoni.org\\\/pt-pt\\\/america-republica-dominicana-as-hortas-familiares-que-nutrem-a-comunidade\\\/#breadcrumb\"},\"inLanguage\":\"pt-PT\",\"potentialAction\":[{\"@type\":\"ReadAction\",\"target\":[\"https:\\\/\\\/spaziospadoni.org\\\/pt-pt\\\/america-republica-dominicana-as-hortas-familiares-que-nutrem-a-comunidade\\\/\"]}]},{\"@type\":\"ImageObject\",\"inLanguage\":\"pt-PT\",\"@id\":\"https:\\\/\\\/spaziospadoni.org\\\/pt-pt\\\/america-republica-dominicana-as-hortas-familiares-que-nutrem-a-comunidade\\\/#primaryimage\",\"url\":\"https:\\\/\\\/spaziospadoni.org\\\/wp-content\\\/uploads\\\/2026\\\/08\\\/orti-comunitari-repubblica-dominicana.webp\",\"contentUrl\":\"https:\\\/\\\/spaziospadoni.org\\\/wp-content\\\/uploads\\\/2026\\\/08\\\/orti-comunitari-repubblica-dominicana.webp\",\"width\":1200,\"height\":541,\"caption\":\"O projeto de hortas comunit\u00e1rias envolveu os moradores de La Pe\u00f1a, em San Juan de la Maguana (Rep\u00fablica Dominicana).\"},{\"@type\":\"BreadcrumbList\",\"@id\":\"https:\\\/\\\/spaziospadoni.org\\\/pt-pt\\\/america-republica-dominicana-as-hortas-familiares-que-nutrem-a-comunidade\\\/#breadcrumb\",\"itemListElement\":[{\"@type\":\"ListItem\",\"position\":1,\"name\":\"Home\",\"item\":\"https:\\\/\\\/spaziospadoni.org\\\/pt-pt\\\/\"},{\"@type\":\"ListItem\",\"position\":2,\"name\":\"Am\u00e9rica, Rep\u00fablica Dominicana | As hortas familiares que nutrem a comunidade\"}]},{\"@type\":\"WebSite\",\"@id\":\"https:\\\/\\\/spaziospadoni.org\\\/pt-pt\\\/#website\",\"url\":\"https:\\\/\\\/spaziospadoni.org\\\/pt-pt\\\/\",\"name\":\"spazio + spadoni\",\"description\":\"Generazione di misericordia e missione nel mondo\",\"publisher\":{\"@id\":\"https:\\\/\\\/spaziospadoni.org\\\/pt-pt\\\/#organization\"},\"alternateName\":\"spaziospadoni.org\",\"potentialAction\":[{\"@type\":\"SearchAction\",\"target\":{\"@type\":\"EntryPoint\",\"urlTemplate\":\"https:\\\/\\\/spaziospadoni.org\\\/pt-pt\\\/?s={search_term_string}\"},\"query-input\":{\"@type\":\"PropertyValueSpecification\",\"valueRequired\":true,\"valueName\":\"search_term_string\"}}],\"inLanguage\":\"pt-PT\"},{\"@type\":\"Organization\",\"@id\":\"https:\\\/\\\/spaziospadoni.org\\\/pt-pt\\\/#organization\",\"name\":\"spazio + spadoni\",\"alternateName\":\"spaziospadoni.org\",\"url\":\"https:\\\/\\\/spaziospadoni.org\\\/pt-pt\\\/\",\"logo\":{\"@type\":\"ImageObject\",\"inLanguage\":\"pt-PT\",\"@id\":\"https:\\\/\\\/spaziospadoni.org\\\/pt-pt\\\/#\\\/schema\\\/logo\\\/image\\\/\",\"url\":\"https:\\\/\\\/spaziospadoni.org\\\/wp-content\\\/uploads\\\/2026\\\/05\\\/spazio-spadoni-logo-100x100-1.webp\",\"contentUrl\":\"https:\\\/\\\/spaziospadoni.org\\\/wp-content\\\/uploads\\\/2026\\\/05\\\/spazio-spadoni-logo-100x100-1.webp\",\"width\":100,\"height\":100,\"caption\":\"spazio + spadoni\"},\"image\":{\"@id\":\"https:\\\/\\\/spaziospadoni.org\\\/pt-pt\\\/#\\\/schema\\\/logo\\\/image\\\/\"},\"sameAs\":[\"https:\\\/\\\/www.facebook.com\\\/SpazioSpadoni\\\/\",\"https:\\\/\\\/www.instagram.com\\\/spaziospadoni\\\/\",\"https:\\\/\\\/www.youtube.com\\\/@spaziospadoni\\\/playlists\"]},{\"@type\":\"Person\",\"@id\":\"https:\\\/\\\/spaziospadoni.org\\\/pt-pt\\\/#\\\/schema\\\/person\\\/8cd0e9eb9ef908a8a7d8e3a7a6e3137f\",\"name\":\"Rita Usai\",\"image\":{\"@type\":\"ImageObject\",\"inLanguage\":\"pt-PT\",\"@id\":\"https:\\\/\\\/secure.gravatar.com\\\/avatar\\\/9fcd90e3052b71758c786038f89335d3f5c713e6ba0f3723d03789357fb778dd?s=96&d=mm&r=g\",\"url\":\"https:\\\/\\\/secure.gravatar.com\\\/avatar\\\/9fcd90e3052b71758c786038f89335d3f5c713e6ba0f3723d03789357fb778dd?s=96&d=mm&r=g\",\"contentUrl\":\"https:\\\/\\\/secure.gravatar.com\\\/avatar\\\/9fcd90e3052b71758c786038f89335d3f5c713e6ba0f3723d03789357fb778dd?s=96&d=mm&r=g\",\"caption\":\"Rita Usai\"},\"description\":\"Nascida em 1958, Rita \u00e9 origin\u00e1ria da Sardenha, de Quartu Sant\u2019Elena, a d\u00e9cima primeira de 12 filhos. Religiosa consagrada da Comunidade Mission\u00e1ria de Villaregia, est\u00e1 em miss\u00e3o na Am\u00e9rica Latina h\u00e1 40 anos. Desde 2014 est\u00e1 em Porto Rico, na Comunidade de Arecibo, e desde novembro de 2023 faz a ponte com a diocese de San Juan de la Maguana, uma das prov\u00edncias mais pobres da Rep\u00fablica Dominicana.\",\"url\":\"https:\\\/\\\/spaziospadoni.org\\\/pt-pt\\\/author\\\/usai_mission\\\/\"}]}<\/script>\n<!-- \/ Yoast SEO plugin. -->","yoast_head_json":{"title":"Am\u00e9rica, Rep\u00fablica Dominicana | Hortas familiares contra a fome","description":"Na Rep\u00fablica Dominicana, as hortas familiares de San Juan de la Maguana refor\u00e7am a seguran\u00e7a alimentar e fortalecem a comunidade.","robots":{"index":"index","follow":"follow","max-snippet":"max-snippet:-1","max-image-preview":"max-image-preview:large","max-video-preview":"max-video-preview:-1"},"canonical":"https:\/\/spaziospadoni.org\/pt-pt\/america-republica-dominicana-as-hortas-familiares-que-nutrem-a-comunidade\/","og_locale":"pt_PT","og_type":"article","og_title":"Am\u00e9rica, Rep\u00fablica Dominicana | Hortas familiares contra a fome","og_description":"Na Rep\u00fablica Dominicana, as hortas familiares de San Juan de la Maguana refor\u00e7am a seguran\u00e7a alimentar e fortalecem a comunidade.","og_url":"https:\/\/spaziospadoni.org\/pt-pt\/america-republica-dominicana-as-hortas-familiares-que-nutrem-a-comunidade\/","og_site_name":"spazio + spadoni","article_publisher":"https:\/\/www.facebook.com\/SpazioSpadoni\/","article_published_time":"2026-08-26T06:00:00+00:00","article_modified_time":"2026-08-26T08:00:40+00:00","og_image":[{"width":1200,"height":541,"url":"https:\/\/spaziospadoni.org\/wp-content\/uploads\/2026\/08\/orti-comunitari-repubblica-dominicana.webp","type":"image\/webp"}],"author":"Rita Usai","twitter_card":"summary_large_image","twitter_misc":{"Escrito por":"Rita Usai","Est. reading time":"3 minutes"},"schema":{"@context":"https:\/\/schema.org","@graph":[{"@type":"Article","@id":"https:\/\/spaziospadoni.org\/pt-pt\/america-republica-dominicana-as-hortas-familiares-que-nutrem-a-comunidade\/#article","isPartOf":{"@id":"https:\/\/spaziospadoni.org\/pt-pt\/america-republica-dominicana-as-hortas-familiares-que-nutrem-a-comunidade\/"},"author":{"name":"Rita Usai","@id":"https:\/\/spaziospadoni.org\/pt-pt\/#\/schema\/person\/8cd0e9eb9ef908a8a7d8e3a7a6e3137f"},"headline":"Am\u00e9rica, Rep\u00fablica Dominicana | As hortas familiares que nutrem a comunidade","datePublished":"2026-08-26T06:00:00+00:00","dateModified":"2026-08-26T08:00:40+00:00","mainEntityOfPage":{"@id":"https:\/\/spaziospadoni.org\/pt-pt\/america-republica-dominicana-as-hortas-familiares-que-nutrem-a-comunidade\/"},"wordCount":534,"publisher":{"@id":"https:\/\/spaziospadoni.org\/pt-pt\/#organization"},"image":{"@id":"https:\/\/spaziospadoni.org\/pt-pt\/america-republica-dominicana-as-hortas-familiares-que-nutrem-a-comunidade\/#primaryimage"},"thumbnailUrl":"https:\/\/spaziospadoni.org\/wp-content\/uploads\/2026\/08\/orti-comunitari-repubblica-dominicana.webp","keywords":["agricultura","Comunidade","Experi\u00eancia mission\u00e1ria","Rep\u00fablica Dominicana"],"articleSection":["Espa\u00e7o mission\u00e1rio"],"inLanguage":"pt-PT"},{"@type":"WebPage","@id":"https:\/\/spaziospadoni.org\/pt-pt\/america-republica-dominicana-as-hortas-familiares-que-nutrem-a-comunidade\/","url":"https:\/\/spaziospadoni.org\/pt-pt\/america-republica-dominicana-as-hortas-familiares-que-nutrem-a-comunidade\/","name":"Am\u00e9rica, Rep\u00fablica Dominicana | Hortas familiares contra a fome","isPartOf":{"@id":"https:\/\/spaziospadoni.org\/pt-pt\/#website"},"primaryImageOfPage":{"@id":"https:\/\/spaziospadoni.org\/pt-pt\/america-republica-dominicana-as-hortas-familiares-que-nutrem-a-comunidade\/#primaryimage"},"image":{"@id":"https:\/\/spaziospadoni.org\/pt-pt\/america-republica-dominicana-as-hortas-familiares-que-nutrem-a-comunidade\/#primaryimage"},"thumbnailUrl":"https:\/\/spaziospadoni.org\/wp-content\/uploads\/2026\/08\/orti-comunitari-repubblica-dominicana.webp","datePublished":"2026-08-26T06:00:00+00:00","dateModified":"2026-08-26T08:00:40+00:00","description":"Na Rep\u00fablica Dominicana, as hortas familiares de San Juan de la Maguana refor\u00e7am a seguran\u00e7a alimentar e fortalecem a comunidade.","breadcrumb":{"@id":"https:\/\/spaziospadoni.org\/pt-pt\/america-republica-dominicana-as-hortas-familiares-que-nutrem-a-comunidade\/#breadcrumb"},"inLanguage":"pt-PT","potentialAction":[{"@type":"ReadAction","target":["https:\/\/spaziospadoni.org\/pt-pt\/america-republica-dominicana-as-hortas-familiares-que-nutrem-a-comunidade\/"]}]},{"@type":"ImageObject","inLanguage":"pt-PT","@id":"https:\/\/spaziospadoni.org\/pt-pt\/america-republica-dominicana-as-hortas-familiares-que-nutrem-a-comunidade\/#primaryimage","url":"https:\/\/spaziospadoni.org\/wp-content\/uploads\/2026\/08\/orti-comunitari-repubblica-dominicana.webp","contentUrl":"https:\/\/spaziospadoni.org\/wp-content\/uploads\/2026\/08\/orti-comunitari-repubblica-dominicana.webp","width":1200,"height":541,"caption":"O projeto de hortas comunit\u00e1rias envolveu os moradores de La Pe\u00f1a, em San Juan de la Maguana (Rep\u00fablica Dominicana)."},{"@type":"BreadcrumbList","@id":"https:\/\/spaziospadoni.org\/pt-pt\/america-republica-dominicana-as-hortas-familiares-que-nutrem-a-comunidade\/#breadcrumb","itemListElement":[{"@type":"ListItem","position":1,"name":"Home","item":"https:\/\/spaziospadoni.org\/pt-pt\/"},{"@type":"ListItem","position":2,"name":"Am\u00e9rica, Rep\u00fablica Dominicana | As hortas familiares que nutrem a comunidade"}]},{"@type":"WebSite","@id":"https:\/\/spaziospadoni.org\/pt-pt\/#website","url":"https:\/\/spaziospadoni.org\/pt-pt\/","name":"spazio + spadoni","description":"Generazione di misericordia e missione nel mondo","publisher":{"@id":"https:\/\/spaziospadoni.org\/pt-pt\/#organization"},"alternateName":"spaziospadoni.org","potentialAction":[{"@type":"SearchAction","target":{"@type":"EntryPoint","urlTemplate":"https:\/\/spaziospadoni.org\/pt-pt\/?s={search_term_string}"},"query-input":{"@type":"PropertyValueSpecification","valueRequired":true,"valueName":"search_term_string"}}],"inLanguage":"pt-PT"},{"@type":"Organization","@id":"https:\/\/spaziospadoni.org\/pt-pt\/#organization","name":"spazio + spadoni","alternateName":"spaziospadoni.org","url":"https:\/\/spaziospadoni.org\/pt-pt\/","logo":{"@type":"ImageObject","inLanguage":"pt-PT","@id":"https:\/\/spaziospadoni.org\/pt-pt\/#\/schema\/logo\/image\/","url":"https:\/\/spaziospadoni.org\/wp-content\/uploads\/2026\/05\/spazio-spadoni-logo-100x100-1.webp","contentUrl":"https:\/\/spaziospadoni.org\/wp-content\/uploads\/2026\/05\/spazio-spadoni-logo-100x100-1.webp","width":100,"height":100,"caption":"spazio + spadoni"},"image":{"@id":"https:\/\/spaziospadoni.org\/pt-pt\/#\/schema\/logo\/image\/"},"sameAs":["https:\/\/www.facebook.com\/SpazioSpadoni\/","https:\/\/www.instagram.com\/spaziospadoni\/","https:\/\/www.youtube.com\/@spaziospadoni\/playlists"]},{"@type":"Person","@id":"https:\/\/spaziospadoni.org\/pt-pt\/#\/schema\/person\/8cd0e9eb9ef908a8a7d8e3a7a6e3137f","name":"Rita Usai","image":{"@type":"ImageObject","inLanguage":"pt-PT","@id":"https:\/\/secure.gravatar.com\/avatar\/9fcd90e3052b71758c786038f89335d3f5c713e6ba0f3723d03789357fb778dd?s=96&d=mm&r=g","url":"https:\/\/secure.gravatar.com\/avatar\/9fcd90e3052b71758c786038f89335d3f5c713e6ba0f3723d03789357fb778dd?s=96&d=mm&r=g","contentUrl":"https:\/\/secure.gravatar.com\/avatar\/9fcd90e3052b71758c786038f89335d3f5c713e6ba0f3723d03789357fb778dd?s=96&d=mm&r=g","caption":"Rita Usai"},"description":"Nascida em 1958, Rita \u00e9 origin\u00e1ria da Sardenha, de Quartu Sant\u2019Elena, a d\u00e9cima primeira de 12 filhos. Religiosa consagrada da Comunidade Mission\u00e1ria de Villaregia, est\u00e1 em miss\u00e3o na Am\u00e9rica Latina h\u00e1 40 anos. Desde 2014 est\u00e1 em Porto Rico, na Comunidade de Arecibo, e desde novembro de 2023 faz a ponte com a diocese de San Juan de la Maguana, uma das prov\u00edncias mais pobres da Rep\u00fablica Dominicana.","url":"https:\/\/spaziospadoni.org\/pt-pt\/author\/usai_mission\/"}]}},"_links":{"self":[{"href":"https:\/\/spaziospadoni.org\/pt-pt\/wp-json\/wp\/v2\/posts\/92433","targetHints":{"allow":["GET"]}}],"collection":[{"href":"https:\/\/spaziospadoni.org\/pt-pt\/wp-json\/wp\/v2\/posts"}],"about":[{"href":"https:\/\/spaziospadoni.org\/pt-pt\/wp-json\/wp\/v2\/types\/post"}],"author":[{"embeddable":true,"href":"https:\/\/spaziospadoni.org\/pt-pt\/wp-json\/wp\/v2\/users\/68"}],"replies":[{"embeddable":true,"href":"https:\/\/spaziospadoni.org\/pt-pt\/wp-json\/wp\/v2\/comments?post=92433"}],"version-history":[{"count":4,"href":"https:\/\/spaziospadoni.org\/pt-pt\/wp-json\/wp\/v2\/posts\/92433\/revisions"}],"predecessor-version":[{"id":92439,"href":"https:\/\/spaziospadoni.org\/pt-pt\/wp-json\/wp\/v2\/posts\/92433\/revisions\/92439"}],"wp:featuredmedia":[{"embeddable":true,"href":"https:\/\/spaziospadoni.org\/pt-pt\/wp-json\/wp\/v2\/media\/92432"}],"wp:attachment":[{"href":"https:\/\/spaziospadoni.org\/pt-pt\/wp-json\/wp\/v2\/media?parent=92433"}],"wp:term":[{"taxonomy":"category","embeddable":true,"href":"https:\/\/spaziospadoni.org\/pt-pt\/wp-json\/wp\/v2\/categories?post=92433"},{"taxonomy":"post_tag","embeddable":true,"href":"https:\/\/spaziospadoni.org\/pt-pt\/wp-json\/wp\/v2\/tags?post=92433"}],"curies":[{"name":"wp","href":"https:\/\/api.w.org\/{rel}","templated":true}]}}