{"id":93189,"date":"2026-08-25T07:00:00","date_gmt":"2026-08-25T06:00:00","guid":{"rendered":"https:\/\/spaziospadoni.org\/?p=93189"},"modified":"2026-08-26T14:22:18","modified_gmt":"2026-08-26T13:22:18","slug":"africa-republica-democratica-do-congo-quando-a-misericordia-sustentou-goma","status":"publish","type":"post","link":"https:\/\/spaziospadoni.org\/pt-pt\/africa-republica-democratica-do-congo-quando-a-misericordia-sustentou-goma\/","title":{"rendered":"\u00c1frica, Rep\u00fablica Democr\u00e1tica do Congo | Quando a miseric\u00f3rdia sustentou Goma"},"content":{"rendered":"\n<p class=\"wp-block-paragraph\">Em 28 de janeiro de 2025, assistimos \u00e0 queda da cidade de Goma, no leste da Rep\u00fablica Democr\u00e1tica do Congo. Naquele dia, o barulho das armas cobriu as vozes. Mulheres e crian\u00e7as, traumatizadas, sofriam ferimentos graves. E, infelizmente, sem qualquer consola\u00e7\u00e3o. Durante duas semanas, Goma ficou sem eletricidade, sem \u00e1gua, sem internet.<\/p>\n\n\n\n<p class=\"wp-block-paragraph\">Na escurid\u00e3o, a popula\u00e7\u00e3o sobreviveu. N\u00e3o gra\u00e7as aos meios dispon\u00edveis. Mas gra\u00e7as \u00e0 resili\u00eancia. Gra\u00e7as \u00e0 miseric\u00f3rdia.<\/p>\n\n\n\n<h2 id=\"abrir-a-propria-porta-quando-falta-tudo\" class=\"wp-block-heading\">Abrir a pr\u00f3pria porta quando falta tudo<\/h2>\n\n\n\n<p class=\"wp-block-paragraph\">Na minha casa, sabia que n\u00e3o tinha o suficiente para duas semanas. Mas duas fam\u00edlias em fuga bateram \u00e0 minha porta. N\u00e3o pude dizer n\u00e3o. Partilh\u00e1mos o que t\u00ednhamos: um pouco de comida, \u00e1gua recolhida, uma esteira no ch\u00e3o. Era \u00abacolher o estrangeiro\u00bb, \u00abdar de comer a quem tem fome\u00bb, \u00abconsolar os aflitos\u00bb. Gra\u00e7as a Deus, juntos conseguimos resistir. Juntos super\u00e1mos estas calamidades.<\/p>\n\n\n\n<h2 id=\"a-misericordia-que-se-torna-mediacao\" class=\"wp-block-heading\">A miseric\u00f3rdia que se torna media\u00e7\u00e3o<\/h2>\n\n\n\n<p class=\"wp-block-paragraph\">Hoje, com o nascimento do Centro Africano para a Paz, Media\u00e7\u00e3o e Diplomacia &#8211; CAPMD-UNIM, queremos ir mais al\u00e9m. Fazemos agora parte deste Centro para valorizar as nossas investiga\u00e7\u00f5es e as nossas a\u00e7\u00f5es. A nossa miss\u00e3o \u00e9 simples: ESCUTAR \u2013 DIALOGAR \u2013 RECONCILIAR \u2013 RESOLVER. Porque esta parte do pa\u00eds vive guerras h\u00e1 d\u00e9cadas. E acreditamos que a paz passa tamb\u00e9m pela media\u00e7\u00e3o.<\/p>\n\n\n\n<h2 id=\"contar-para-que-o-bem-se-multiplique\" class=\"wp-block-heading\">Contar para que o bem se multiplique<\/h2>\n\n\n\n<p class=\"wp-block-paragraph\">Hoje, o Movimento spazio + spadoni convida-nos a contar \u00abtodo o bem que existe\u00bb. Por isso presto este testemunho, porque vi com os meus pr\u00f3prios olhos: mesmo no cora\u00e7\u00e3o da queda de uma cidade, h\u00e1 portas que se abrem. Que a hist\u00f3ria de Goma alcance outros cora\u00e7\u00f5es no mundo atrav\u00e9s de spazio + spadoni. A miseric\u00f3rdia n\u00e3o apagou a guerra. Mas impediu que a humanidade se apagasse.<\/p>\n\n\n\n<p class=\"wp-block-paragraph\"><strong>Foto de Destin Byandike<\/strong><\/p>\n","protected":false},"excerpt":{"rendered":"<p>Em 28 de janeiro de 2025, assistimos \u00e0 queda da cidade de Goma, no leste da Rep\u00fablica Democr\u00e1tica do Congo. Naquele dia, o barulho das armas cobriu as vozes. Mulheres e crian\u00e7as, traumatizadas, sofriam ferimentos graves. E, infelizmente, sem qualquer consola\u00e7\u00e3o. Durante duas semanas, Goma ficou sem eletricidade, sem \u00e1gua, sem internet. Na escurid\u00e3o, a &#8230; <a title=\"\u00c1frica, Rep\u00fablica Democr\u00e1tica do Congo | Quando a miseric\u00f3rdia sustentou Goma\" class=\"read-more\" href=\"https:\/\/spaziospadoni.org\/pt-pt\/africa-republica-democratica-do-congo-quando-a-misericordia-sustentou-goma\/\" aria-label=\"Read more about \u00c1frica, Rep\u00fablica Democr\u00e1tica do Congo | Quando a miseric\u00f3rdia sustentou Goma\">Ler mais<\/a><\/p>\n","protected":false},"author":111,"featured_media":93188,"comment_status":"closed","ping_status":"closed","sticky":false,"template":"","format":"standard","meta":{"_sitemap_exclude":false,"_sitemap_priority":"","_sitemap_frequency":"","ss_featured_image_title":"","ss_featured_image_alt":"","ss_featured_image_caption":"","footnotes":""},"categories":[2427],"tags":[3419,2720,3743,2602],"class_list":["post-93189","post","type-post","status-publish","format-standard","has-post-thumbnail","hentry","category-atos-de-misericordia","tag-goma-pt","tag-guerra-pt","tag-misericordioso-pt","tag-republica-democratica-do-congo","infinite-scroll-item","generate-columns","tablet-grid-50","mobile-grid-100","grid-parent","grid-50"],"yoast_head":"<!-- This site is optimized with the Yoast SEO plugin v28.4 - https:\/\/yoast.com\/product\/yoast-seo-wordpress\/ -->\n<title>\u00c1frica, RD Congo | A for\u00e7a da miseric\u00f3rdia em Goma<\/title>\n<meta name=\"description\" content=\"O testemunho da queda de Goma em 2025: a miseric\u00f3rdia, o acolhimento entre fam\u00edlias e o compromisso pela paz do Centro CAPMD-UNIM.\" \/>\n<meta name=\"robots\" content=\"index, follow, max-snippet:-1, max-image-preview:large, max-video-preview:-1\" \/>\n<link rel=\"canonical\" href=\"https:\/\/spaziospadoni.org\/pt-pt\/africa-republica-democratica-do-congo-quando-a-misericordia-sustentou-goma\/\" \/>\n<meta property=\"og:locale\" content=\"pt_PT\" \/>\n<meta property=\"og:type\" content=\"article\" \/>\n<meta property=\"og:title\" content=\"\u00c1frica, RD Congo | A for\u00e7a da miseric\u00f3rdia em Goma\" \/>\n<meta property=\"og:description\" content=\"O testemunho da queda de Goma em 2025: a miseric\u00f3rdia, o acolhimento entre fam\u00edlias e o compromisso pela paz do Centro CAPMD-UNIM.\" \/>\n<meta property=\"og:url\" content=\"https:\/\/spaziospadoni.org\/pt-pt\/africa-republica-democratica-do-congo-quando-a-misericordia-sustentou-goma\/\" \/>\n<meta property=\"og:site_name\" content=\"spazio + spadoni\" \/>\n<meta property=\"article:publisher\" content=\"https:\/\/www.facebook.com\/SpazioSpadoni\/\" \/>\n<meta property=\"article:published_time\" content=\"2026-08-25T06:00:00+00:00\" \/>\n<meta property=\"article:modified_time\" content=\"2026-08-26T13:22:18+00:00\" \/>\n<meta property=\"og:image\" content=\"https:\/\/spaziospadoni.org\/wp-content\/uploads\/2026\/08\/repubblica-democratica-congo-remi.webp\" \/>\n\t<meta property=\"og:image:width\" content=\"1200\" \/>\n\t<meta property=\"og:image:height\" content=\"674\" \/>\n\t<meta property=\"og:image:type\" content=\"image\/webp\" \/>\n<meta name=\"author\" content=\"Destin Byandike\" \/>\n<meta name=\"twitter:card\" content=\"summary_large_image\" \/>\n<meta name=\"twitter:label1\" content=\"Escrito por\" \/>\n\t<meta name=\"twitter:data1\" content=\"Destin Byandike\" \/>\n\t<meta name=\"twitter:label2\" content=\"Est. reading time\" \/>\n\t<meta name=\"twitter:data2\" content=\"2 minutes\" \/>\n<script type=\"application\/ld+json\" class=\"yoast-schema-graph\">{\"@context\":\"https:\\\/\\\/schema.org\",\"@graph\":[{\"@type\":\"Article\",\"@id\":\"https:\\\/\\\/spaziospadoni.org\\\/pt-pt\\\/africa-republica-democratica-do-congo-quando-a-misericordia-sustentou-goma\\\/#article\",\"isPartOf\":{\"@id\":\"https:\\\/\\\/spaziospadoni.org\\\/pt-pt\\\/africa-republica-democratica-do-congo-quando-a-misericordia-sustentou-goma\\\/\"},\"author\":{\"name\":\"Destin Byandike\",\"@id\":\"https:\\\/\\\/spaziospadoni.org\\\/pt-pt\\\/#\\\/schema\\\/person\\\/6297cff4ad988760cee72bb3f83e078f\"},\"headline\":\"\u00c1frica, Rep\u00fablica Democr\u00e1tica do Congo | Quando a miseric\u00f3rdia sustentou Goma\",\"datePublished\":\"2026-08-25T06:00:00+00:00\",\"dateModified\":\"2026-08-26T13:22:18+00:00\",\"mainEntityOfPage\":{\"@id\":\"https:\\\/\\\/spaziospadoni.org\\\/pt-pt\\\/africa-republica-democratica-do-congo-quando-a-misericordia-sustentou-goma\\\/\"},\"wordCount\":328,\"publisher\":{\"@id\":\"https:\\\/\\\/spaziospadoni.org\\\/pt-pt\\\/#organization\"},\"image\":{\"@id\":\"https:\\\/\\\/spaziospadoni.org\\\/pt-pt\\\/africa-republica-democratica-do-congo-quando-a-misericordia-sustentou-goma\\\/#primaryimage\"},\"thumbnailUrl\":\"https:\\\/\\\/spaziospadoni.org\\\/wp-content\\\/uploads\\\/2026\\\/08\\\/repubblica-democratica-congo-remi.webp\",\"keywords\":[\"Goma\",\"Guerra\",\"misericordioso\",\"Rep\u00fablica Democr\u00e1tica do Congo\"],\"articleSection\":[\"Atos de miseric\u00f3rdia\"],\"inLanguage\":\"pt-PT\"},{\"@type\":\"WebPage\",\"@id\":\"https:\\\/\\\/spaziospadoni.org\\\/pt-pt\\\/africa-republica-democratica-do-congo-quando-a-misericordia-sustentou-goma\\\/\",\"url\":\"https:\\\/\\\/spaziospadoni.org\\\/pt-pt\\\/africa-republica-democratica-do-congo-quando-a-misericordia-sustentou-goma\\\/\",\"name\":\"\u00c1frica, RD Congo | A for\u00e7a da miseric\u00f3rdia em Goma\",\"isPartOf\":{\"@id\":\"https:\\\/\\\/spaziospadoni.org\\\/pt-pt\\\/#website\"},\"primaryImageOfPage\":{\"@id\":\"https:\\\/\\\/spaziospadoni.org\\\/pt-pt\\\/africa-republica-democratica-do-congo-quando-a-misericordia-sustentou-goma\\\/#primaryimage\"},\"image\":{\"@id\":\"https:\\\/\\\/spaziospadoni.org\\\/pt-pt\\\/africa-republica-democratica-do-congo-quando-a-misericordia-sustentou-goma\\\/#primaryimage\"},\"thumbnailUrl\":\"https:\\\/\\\/spaziospadoni.org\\\/wp-content\\\/uploads\\\/2026\\\/08\\\/repubblica-democratica-congo-remi.webp\",\"datePublished\":\"2026-08-25T06:00:00+00:00\",\"dateModified\":\"2026-08-26T13:22:18+00:00\",\"description\":\"O testemunho da queda de Goma em 2025: a miseric\u00f3rdia, o acolhimento entre fam\u00edlias e o compromisso pela paz do Centro CAPMD-UNIM.\",\"breadcrumb\":{\"@id\":\"https:\\\/\\\/spaziospadoni.org\\\/pt-pt\\\/africa-republica-democratica-do-congo-quando-a-misericordia-sustentou-goma\\\/#breadcrumb\"},\"inLanguage\":\"pt-PT\",\"potentialAction\":[{\"@type\":\"ReadAction\",\"target\":[\"https:\\\/\\\/spaziospadoni.org\\\/pt-pt\\\/africa-republica-democratica-do-congo-quando-a-misericordia-sustentou-goma\\\/\"]}]},{\"@type\":\"ImageObject\",\"inLanguage\":\"pt-PT\",\"@id\":\"https:\\\/\\\/spaziospadoni.org\\\/pt-pt\\\/africa-republica-democratica-do-congo-quando-a-misericordia-sustentou-goma\\\/#primaryimage\",\"url\":\"https:\\\/\\\/spaziospadoni.org\\\/wp-content\\\/uploads\\\/2026\\\/08\\\/repubblica-democratica-congo-remi.webp\",\"contentUrl\":\"https:\\\/\\\/spaziospadoni.org\\\/wp-content\\\/uploads\\\/2026\\\/08\\\/repubblica-democratica-congo-remi.webp\",\"width\":1200,\"height\":674},{\"@type\":\"BreadcrumbList\",\"@id\":\"https:\\\/\\\/spaziospadoni.org\\\/pt-pt\\\/africa-republica-democratica-do-congo-quando-a-misericordia-sustentou-goma\\\/#breadcrumb\",\"itemListElement\":[{\"@type\":\"ListItem\",\"position\":1,\"name\":\"Home\",\"item\":\"https:\\\/\\\/spaziospadoni.org\\\/pt-pt\\\/\"},{\"@type\":\"ListItem\",\"position\":2,\"name\":\"\u00c1frica, Rep\u00fablica Democr\u00e1tica do Congo | Quando a miseric\u00f3rdia sustentou Goma\"}]},{\"@type\":\"WebSite\",\"@id\":\"https:\\\/\\\/spaziospadoni.org\\\/pt-pt\\\/#website\",\"url\":\"https:\\\/\\\/spaziospadoni.org\\\/pt-pt\\\/\",\"name\":\"spazio + spadoni\",\"description\":\"Generazione di misericordia e missione nel mondo\",\"publisher\":{\"@id\":\"https:\\\/\\\/spaziospadoni.org\\\/pt-pt\\\/#organization\"},\"alternateName\":\"spaziospadoni.org\",\"potentialAction\":[{\"@type\":\"SearchAction\",\"target\":{\"@type\":\"EntryPoint\",\"urlTemplate\":\"https:\\\/\\\/spaziospadoni.org\\\/pt-pt\\\/?s={search_term_string}\"},\"query-input\":{\"@type\":\"PropertyValueSpecification\",\"valueRequired\":true,\"valueName\":\"search_term_string\"}}],\"inLanguage\":\"pt-PT\"},{\"@type\":\"Organization\",\"@id\":\"https:\\\/\\\/spaziospadoni.org\\\/pt-pt\\\/#organization\",\"name\":\"spazio + spadoni\",\"alternateName\":\"spaziospadoni.org\",\"url\":\"https:\\\/\\\/spaziospadoni.org\\\/pt-pt\\\/\",\"logo\":{\"@type\":\"ImageObject\",\"inLanguage\":\"pt-PT\",\"@id\":\"https:\\\/\\\/spaziospadoni.org\\\/pt-pt\\\/#\\\/schema\\\/logo\\\/image\\\/\",\"url\":\"https:\\\/\\\/spaziospadoni.org\\\/wp-content\\\/uploads\\\/2026\\\/05\\\/spazio-spadoni-logo-100x100-1.webp\",\"contentUrl\":\"https:\\\/\\\/spaziospadoni.org\\\/wp-content\\\/uploads\\\/2026\\\/05\\\/spazio-spadoni-logo-100x100-1.webp\",\"width\":100,\"height\":100,\"caption\":\"spazio + spadoni\"},\"image\":{\"@id\":\"https:\\\/\\\/spaziospadoni.org\\\/pt-pt\\\/#\\\/schema\\\/logo\\\/image\\\/\"},\"sameAs\":[\"https:\\\/\\\/www.facebook.com\\\/SpazioSpadoni\\\/\",\"https:\\\/\\\/www.instagram.com\\\/spaziospadoni\\\/\",\"https:\\\/\\\/www.youtube.com\\\/@spaziospadoni\\\/playlists\"]},{\"@type\":\"Person\",\"@id\":\"https:\\\/\\\/spaziospadoni.org\\\/pt-pt\\\/#\\\/schema\\\/person\\\/6297cff4ad988760cee72bb3f83e078f\",\"name\":\"Destin Byandike\",\"image\":{\"@type\":\"ImageObject\",\"inLanguage\":\"pt-PT\",\"@id\":\"https:\\\/\\\/secure.gravatar.com\\\/avatar\\\/fd5587495a9a6aa30e738c0964461efb38a880d11d17dd49b6ecbb17fb18d017?s=96&d=mm&r=g\",\"url\":\"https:\\\/\\\/secure.gravatar.com\\\/avatar\\\/fd5587495a9a6aa30e738c0964461efb38a880d11d17dd49b6ecbb17fb18d017?s=96&d=mm&r=g\",\"contentUrl\":\"https:\\\/\\\/secure.gravatar.com\\\/avatar\\\/fd5587495a9a6aa30e738c0964461efb38a880d11d17dd49b6ecbb17fb18d017?s=96&d=mm&r=g\",\"caption\":\"Destin Byandike\"},\"description\":\"Cittadino della Repubblica Democratica del Congo. Autore e ricercatore nel campo della pace nella RDC. Specializzato in cooperazione internazionale e negoziazione strategica presso la Scuola Nazionale di Diplomazia, Negoziazione e Mediazione dell\u2019Universit\u00e0 dei Martiri del Congo. Svolge le sue attivit\u00e0 di ricerca presso l\u2019Universit\u00e0 dei Martiri del Congo ed \u00e8 ricercatore associato alla Revue Africaine des Sciences Sociales, con sede in Camerun.\",\"url\":\"https:\\\/\\\/spaziospadoni.org\\\/pt-pt\\\/author\\\/ddyandikespspadoni\\\/\"}]}<\/script>\n<!-- \/ Yoast SEO plugin. -->","yoast_head_json":{"title":"\u00c1frica, RD Congo | A for\u00e7a da miseric\u00f3rdia em Goma","description":"O testemunho da queda de Goma em 2025: a miseric\u00f3rdia, o acolhimento entre fam\u00edlias e o compromisso pela paz do Centro CAPMD-UNIM.","robots":{"index":"index","follow":"follow","max-snippet":"max-snippet:-1","max-image-preview":"max-image-preview:large","max-video-preview":"max-video-preview:-1"},"canonical":"https:\/\/spaziospadoni.org\/pt-pt\/africa-republica-democratica-do-congo-quando-a-misericordia-sustentou-goma\/","og_locale":"pt_PT","og_type":"article","og_title":"\u00c1frica, RD Congo | A for\u00e7a da miseric\u00f3rdia em Goma","og_description":"O testemunho da queda de Goma em 2025: a miseric\u00f3rdia, o acolhimento entre fam\u00edlias e o compromisso pela paz do Centro CAPMD-UNIM.","og_url":"https:\/\/spaziospadoni.org\/pt-pt\/africa-republica-democratica-do-congo-quando-a-misericordia-sustentou-goma\/","og_site_name":"spazio + spadoni","article_publisher":"https:\/\/www.facebook.com\/SpazioSpadoni\/","article_published_time":"2026-08-25T06:00:00+00:00","article_modified_time":"2026-08-26T13:22:18+00:00","og_image":[{"width":1200,"height":674,"url":"https:\/\/spaziospadoni.org\/wp-content\/uploads\/2026\/08\/repubblica-democratica-congo-remi.webp","type":"image\/webp"}],"author":"Destin Byandike","twitter_card":"summary_large_image","twitter_misc":{"Escrito por":"Destin Byandike","Est. reading time":"2 minutes"},"schema":{"@context":"https:\/\/schema.org","@graph":[{"@type":"Article","@id":"https:\/\/spaziospadoni.org\/pt-pt\/africa-republica-democratica-do-congo-quando-a-misericordia-sustentou-goma\/#article","isPartOf":{"@id":"https:\/\/spaziospadoni.org\/pt-pt\/africa-republica-democratica-do-congo-quando-a-misericordia-sustentou-goma\/"},"author":{"name":"Destin Byandike","@id":"https:\/\/spaziospadoni.org\/pt-pt\/#\/schema\/person\/6297cff4ad988760cee72bb3f83e078f"},"headline":"\u00c1frica, Rep\u00fablica Democr\u00e1tica do Congo | Quando a miseric\u00f3rdia sustentou Goma","datePublished":"2026-08-25T06:00:00+00:00","dateModified":"2026-08-26T13:22:18+00:00","mainEntityOfPage":{"@id":"https:\/\/spaziospadoni.org\/pt-pt\/africa-republica-democratica-do-congo-quando-a-misericordia-sustentou-goma\/"},"wordCount":328,"publisher":{"@id":"https:\/\/spaziospadoni.org\/pt-pt\/#organization"},"image":{"@id":"https:\/\/spaziospadoni.org\/pt-pt\/africa-republica-democratica-do-congo-quando-a-misericordia-sustentou-goma\/#primaryimage"},"thumbnailUrl":"https:\/\/spaziospadoni.org\/wp-content\/uploads\/2026\/08\/repubblica-democratica-congo-remi.webp","keywords":["Goma","Guerra","misericordioso","Rep\u00fablica Democr\u00e1tica do Congo"],"articleSection":["Atos de miseric\u00f3rdia"],"inLanguage":"pt-PT"},{"@type":"WebPage","@id":"https:\/\/spaziospadoni.org\/pt-pt\/africa-republica-democratica-do-congo-quando-a-misericordia-sustentou-goma\/","url":"https:\/\/spaziospadoni.org\/pt-pt\/africa-republica-democratica-do-congo-quando-a-misericordia-sustentou-goma\/","name":"\u00c1frica, RD Congo | A for\u00e7a da miseric\u00f3rdia em Goma","isPartOf":{"@id":"https:\/\/spaziospadoni.org\/pt-pt\/#website"},"primaryImageOfPage":{"@id":"https:\/\/spaziospadoni.org\/pt-pt\/africa-republica-democratica-do-congo-quando-a-misericordia-sustentou-goma\/#primaryimage"},"image":{"@id":"https:\/\/spaziospadoni.org\/pt-pt\/africa-republica-democratica-do-congo-quando-a-misericordia-sustentou-goma\/#primaryimage"},"thumbnailUrl":"https:\/\/spaziospadoni.org\/wp-content\/uploads\/2026\/08\/repubblica-democratica-congo-remi.webp","datePublished":"2026-08-25T06:00:00+00:00","dateModified":"2026-08-26T13:22:18+00:00","description":"O testemunho da queda de Goma em 2025: a miseric\u00f3rdia, o acolhimento entre fam\u00edlias e o compromisso pela paz do Centro CAPMD-UNIM.","breadcrumb":{"@id":"https:\/\/spaziospadoni.org\/pt-pt\/africa-republica-democratica-do-congo-quando-a-misericordia-sustentou-goma\/#breadcrumb"},"inLanguage":"pt-PT","potentialAction":[{"@type":"ReadAction","target":["https:\/\/spaziospadoni.org\/pt-pt\/africa-republica-democratica-do-congo-quando-a-misericordia-sustentou-goma\/"]}]},{"@type":"ImageObject","inLanguage":"pt-PT","@id":"https:\/\/spaziospadoni.org\/pt-pt\/africa-republica-democratica-do-congo-quando-a-misericordia-sustentou-goma\/#primaryimage","url":"https:\/\/spaziospadoni.org\/wp-content\/uploads\/2026\/08\/repubblica-democratica-congo-remi.webp","contentUrl":"https:\/\/spaziospadoni.org\/wp-content\/uploads\/2026\/08\/repubblica-democratica-congo-remi.webp","width":1200,"height":674},{"@type":"BreadcrumbList","@id":"https:\/\/spaziospadoni.org\/pt-pt\/africa-republica-democratica-do-congo-quando-a-misericordia-sustentou-goma\/#breadcrumb","itemListElement":[{"@type":"ListItem","position":1,"name":"Home","item":"https:\/\/spaziospadoni.org\/pt-pt\/"},{"@type":"ListItem","position":2,"name":"\u00c1frica, Rep\u00fablica Democr\u00e1tica do Congo | Quando a miseric\u00f3rdia sustentou Goma"}]},{"@type":"WebSite","@id":"https:\/\/spaziospadoni.org\/pt-pt\/#website","url":"https:\/\/spaziospadoni.org\/pt-pt\/","name":"spazio + spadoni","description":"Generazione di misericordia e missione nel mondo","publisher":{"@id":"https:\/\/spaziospadoni.org\/pt-pt\/#organization"},"alternateName":"spaziospadoni.org","potentialAction":[{"@type":"SearchAction","target":{"@type":"EntryPoint","urlTemplate":"https:\/\/spaziospadoni.org\/pt-pt\/?s={search_term_string}"},"query-input":{"@type":"PropertyValueSpecification","valueRequired":true,"valueName":"search_term_string"}}],"inLanguage":"pt-PT"},{"@type":"Organization","@id":"https:\/\/spaziospadoni.org\/pt-pt\/#organization","name":"spazio + spadoni","alternateName":"spaziospadoni.org","url":"https:\/\/spaziospadoni.org\/pt-pt\/","logo":{"@type":"ImageObject","inLanguage":"pt-PT","@id":"https:\/\/spaziospadoni.org\/pt-pt\/#\/schema\/logo\/image\/","url":"https:\/\/spaziospadoni.org\/wp-content\/uploads\/2026\/05\/spazio-spadoni-logo-100x100-1.webp","contentUrl":"https:\/\/spaziospadoni.org\/wp-content\/uploads\/2026\/05\/spazio-spadoni-logo-100x100-1.webp","width":100,"height":100,"caption":"spazio + spadoni"},"image":{"@id":"https:\/\/spaziospadoni.org\/pt-pt\/#\/schema\/logo\/image\/"},"sameAs":["https:\/\/www.facebook.com\/SpazioSpadoni\/","https:\/\/www.instagram.com\/spaziospadoni\/","https:\/\/www.youtube.com\/@spaziospadoni\/playlists"]},{"@type":"Person","@id":"https:\/\/spaziospadoni.org\/pt-pt\/#\/schema\/person\/6297cff4ad988760cee72bb3f83e078f","name":"Destin Byandike","image":{"@type":"ImageObject","inLanguage":"pt-PT","@id":"https:\/\/secure.gravatar.com\/avatar\/fd5587495a9a6aa30e738c0964461efb38a880d11d17dd49b6ecbb17fb18d017?s=96&d=mm&r=g","url":"https:\/\/secure.gravatar.com\/avatar\/fd5587495a9a6aa30e738c0964461efb38a880d11d17dd49b6ecbb17fb18d017?s=96&d=mm&r=g","contentUrl":"https:\/\/secure.gravatar.com\/avatar\/fd5587495a9a6aa30e738c0964461efb38a880d11d17dd49b6ecbb17fb18d017?s=96&d=mm&r=g","caption":"Destin Byandike"},"description":"Cittadino della Repubblica Democratica del Congo. Autore e ricercatore nel campo della pace nella RDC. Specializzato in cooperazione internazionale e negoziazione strategica presso la Scuola Nazionale di Diplomazia, Negoziazione e Mediazione dell\u2019Universit\u00e0 dei Martiri del Congo. Svolge le sue attivit\u00e0 di ricerca presso l\u2019Universit\u00e0 dei Martiri del Congo ed \u00e8 ricercatore associato alla Revue Africaine des Sciences Sociales, con sede in Camerun.","url":"https:\/\/spaziospadoni.org\/pt-pt\/author\/ddyandikespspadoni\/"}]}},"_links":{"self":[{"href":"https:\/\/spaziospadoni.org\/pt-pt\/wp-json\/wp\/v2\/posts\/93189","targetHints":{"allow":["GET"]}}],"collection":[{"href":"https:\/\/spaziospadoni.org\/pt-pt\/wp-json\/wp\/v2\/posts"}],"about":[{"href":"https:\/\/spaziospadoni.org\/pt-pt\/wp-json\/wp\/v2\/types\/post"}],"author":[{"embeddable":true,"href":"https:\/\/spaziospadoni.org\/pt-pt\/wp-json\/wp\/v2\/users\/111"}],"replies":[{"embeddable":true,"href":"https:\/\/spaziospadoni.org\/pt-pt\/wp-json\/wp\/v2\/comments?post=93189"}],"version-history":[{"count":1,"href":"https:\/\/spaziospadoni.org\/pt-pt\/wp-json\/wp\/v2\/posts\/93189\/revisions"}],"predecessor-version":[{"id":93239,"href":"https:\/\/spaziospadoni.org\/pt-pt\/wp-json\/wp\/v2\/posts\/93189\/revisions\/93239"}],"wp:featuredmedia":[{"embeddable":true,"href":"https:\/\/spaziospadoni.org\/pt-pt\/wp-json\/wp\/v2\/media\/93188"}],"wp:attachment":[{"href":"https:\/\/spaziospadoni.org\/pt-pt\/wp-json\/wp\/v2\/media?parent=93189"}],"wp:term":[{"taxonomy":"category","embeddable":true,"href":"https:\/\/spaziospadoni.org\/pt-pt\/wp-json\/wp\/v2\/categories?post=93189"},{"taxonomy":"post_tag","embeddable":true,"href":"https:\/\/spaziospadoni.org\/pt-pt\/wp-json\/wp\/v2\/tags?post=93189"}],"curies":[{"name":"wp","href":"https:\/\/api.w.org\/{rel}","templated":true}]}}