{"id":94940,"date":"2026-09-02T07:00:00","date_gmt":"2026-09-02T06:00:00","guid":{"rendered":"https:\/\/spaziospadoni.org\/?p=94940"},"modified":"2026-08-31T13:23:34","modified_gmt":"2026-08-31T12:23:34","slug":"africa-republica-democratica-do-congo-o-caminho-da-paz","status":"publish","type":"post","link":"https:\/\/spaziospadoni.org\/pt-pt\/africa-republica-democratica-do-congo-o-caminho-da-paz\/","title":{"rendered":"\u00c1frica, Rep\u00fablica Democr\u00e1tica do Congo | O caminho da paz"},"content":{"rendered":"\n<p class=\"wp-block-paragraph\">Quando o Papa Francisco lan\u00e7ou em Kinshasa aquele apelo que se tornou hist\u00f3rico: \u00abTirem as m\u00e3os da \u00c1frica, tirem as m\u00e3os da Rep\u00fablica Democr\u00e1tica do Congo!\u00bb, um povo inteiro chorou de esperan\u00e7a. Era janeiro de 2023.<\/p>\n\n\n\n<p class=\"wp-block-paragraph\">Tr\u00eas anos depois, o Leste do nosso pa\u00eds continua sangrando. Por qu\u00ea?<\/p>\n\n\n\n<p class=\"wp-block-paragraph\">Porque durante muito tempo pensamos na paz como uma quest\u00e3o militar. Enviam-se capacetes azuis, assinam-se acordos em Luanda, Nair\u00f3bi, Washington e Doha, contam-se as armas depostas. Mas a paz n\u00e3o retorna.<\/p>\n\n\n\n<p class=\"wp-block-paragraph\">Como pesquisadores, aprendemos a ler a situa\u00e7\u00e3o a partir de outra perspectiva: \u00e9 preciso estar perto da popula\u00e7\u00e3o, garantindo sua sobreviv\u00eancia por meio de uma pol\u00edtica econ\u00f4mica adequada \u00e0s realidades locais, uma paz duradoura e um futuro melhor.<\/p>\n\n\n\n<p class=\"wp-block-paragraph\">Hoje, quem mant\u00e9m a paz nas aldeias onde outros n\u00e3o conseguem chegar? A Igreja Cat\u00f3lica. As suas par\u00f3quias, as suas religiosas, os seus sacerdotes. Ela est\u00e1 presente porque \u00e9 s\u00f3bria e enraizada no territ\u00f3rio.<\/p>\n\n\n\n<p class=\"wp-block-paragraph\">\u00c9 isso que a Europa nos ensina por meio de funda\u00e7\u00f5es como spazio + spadoni: a verdadeira coopera\u00e7\u00e3o entre a RDC e o Ocidente n\u00e3o deve ser apenas mineral e econ\u00f4mica. Deve ser tamb\u00e9m uma coopera\u00e7\u00e3o de pensamento sobre a paz.<\/p>\n\n\n\n<p class=\"wp-block-paragraph\">A paz chegar\u00e1 quando cada interven\u00e7\u00e3o se parecer mais com uma miss\u00e3o do que com uma administra\u00e7\u00e3o.<\/p>\n\n\n\n<p class=\"wp-block-paragraph\"><strong><a href=\"https:\/\/www.pexels.com\/it-it\/foto\/ragazzi-che-giocano-con-i-bastoni-all-aperto-36163362\/\" title=\"Foto de Skylight Views (Pex\">Foto de Skylight Views (Pex<\/a><a href=\"https:\/\/www.pexels.com\/it-it\/foto\/ragazzi-che-giocano-con-i-bastoni-all-aperto-36163362\/\" target=\"_blank\" rel=\"noreferrer noopener nofollow\" title=\"e\">e<\/a><a href=\"https:\/\/www.pexels.com\/it-it\/foto\/ragazzi-che-giocano-con-i-bastoni-all-aperto-36163362\/\" title=\"ls)\">ls)<\/a><\/strong><\/p>\n\n\n\n<p class=\"wp-block-paragraph\"><\/p>\n","protected":false},"excerpt":{"rendered":"<p>Quando o Papa Francisco lan\u00e7ou em Kinshasa aquele apelo que se tornou hist\u00f3rico: \u00abTirem as m\u00e3os da \u00c1frica, tirem as m\u00e3os da Rep\u00fablica Democr\u00e1tica do Congo!\u00bb, um povo inteiro chorou de esperan\u00e7a. Era janeiro de 2023. Tr\u00eas anos depois, o Leste do nosso pa\u00eds continua sangrando. Por qu\u00ea? Porque durante muito tempo pensamos na paz &#8230; <a title=\"\u00c1frica, Rep\u00fablica Democr\u00e1tica do Congo | O caminho da paz\" class=\"read-more\" href=\"https:\/\/spaziospadoni.org\/pt-pt\/africa-republica-democratica-do-congo-o-caminho-da-paz\/\" aria-label=\"Read more about \u00c1frica, Rep\u00fablica Democr\u00e1tica do Congo | O caminho da paz\">Ler mais<\/a><\/p>\n","protected":false},"author":111,"featured_media":94939,"comment_status":"closed","ping_status":"closed","sticky":false,"template":"","format":"standard","meta":{"_sitemap_exclude":false,"_sitemap_priority":"","_sitemap_frequency":"","ss_featured_image_title":"","ss_featured_image_alt":"La paz na RDC","ss_featured_image_caption":"Crian\u00e7as brincam com paus ao ar livre. Na RDC, o desafio da paz passa pela proximidade","footnotes":""},"categories":[2469],"tags":[2617,2709,3459,2602],"class_list":["post-94940","post","type-post","status-publish","format-standard","has-post-thumbnail","hentry","category-noticias-do-mundo","tag-igreja-catolica","tag-paz","tag-proximidade-pt","tag-republica-democratica-do-congo","infinite-scroll-item","generate-columns","tablet-grid-50","mobile-grid-100","grid-parent","grid-50"],"yoast_head":"<!-- This site is optimized with the Yoast SEO plugin v28.4 - https:\/\/yoast.com\/product\/yoast-seo-wordpress\/ -->\n<title>\u00c1frica, Rep\u00fablica Democr\u00e1tica do Congo | Construir a paz atrav\u00e9s da proximidade<\/title>\n<meta name=\"description\" content=\"Tr\u00eas anos ap\u00f3s o apelo do Papa, a paz na RDC exige proximidade com a popula\u00e7\u00e3o, ra\u00edzes locais e uma nova coopera\u00e7\u00e3o de pensamento.\" \/>\n<meta name=\"robots\" content=\"index, follow, max-snippet:-1, max-image-preview:large, max-video-preview:-1\" \/>\n<link rel=\"canonical\" href=\"https:\/\/spaziospadoni.org\/pt-pt\/africa-republica-democratica-do-congo-o-caminho-da-paz\/\" \/>\n<meta property=\"og:locale\" content=\"pt_PT\" \/>\n<meta property=\"og:type\" content=\"article\" \/>\n<meta property=\"og:title\" content=\"\u00c1frica, Rep\u00fablica Democr\u00e1tica do Congo | Construir a paz atrav\u00e9s da proximidade\" \/>\n<meta property=\"og:description\" content=\"Tr\u00eas anos ap\u00f3s o apelo do Papa, a paz na RDC exige proximidade com a popula\u00e7\u00e3o, ra\u00edzes locais e uma nova coopera\u00e7\u00e3o de pensamento.\" \/>\n<meta property=\"og:url\" content=\"https:\/\/spaziospadoni.org\/pt-pt\/africa-republica-democratica-do-congo-o-caminho-da-paz\/\" \/>\n<meta property=\"og:site_name\" content=\"spazio + spadoni\" \/>\n<meta property=\"article:publisher\" content=\"https:\/\/www.facebook.com\/SpazioSpadoni\/\" \/>\n<meta property=\"article:published_time\" content=\"2026-09-02T06:00:00+00:00\" \/>\n<meta property=\"og:image\" content=\"https:\/\/spaziospadoni.org\/wp-content\/uploads\/2026\/09\/pace-congo-vicinanza.webp\" \/>\n\t<meta property=\"og:image:width\" content=\"1200\" \/>\n\t<meta property=\"og:image:height\" content=\"800\" \/>\n\t<meta property=\"og:image:type\" content=\"image\/webp\" \/>\n<meta name=\"author\" content=\"Destin Byandike\" \/>\n<meta name=\"twitter:card\" content=\"summary_large_image\" \/>\n<meta name=\"twitter:label1\" content=\"Escrito por\" \/>\n\t<meta name=\"twitter:data1\" content=\"Destin Byandike\" \/>\n\t<meta name=\"twitter:label2\" content=\"Est. reading time\" \/>\n\t<meta name=\"twitter:data2\" content=\"2 minutes\" \/>\n<script type=\"application\/ld+json\" class=\"yoast-schema-graph\">{\"@context\":\"https:\\\/\\\/schema.org\",\"@graph\":[{\"@type\":\"Article\",\"@id\":\"https:\\\/\\\/spaziospadoni.org\\\/pt-pt\\\/africa-republica-democratica-do-congo-o-caminho-da-paz\\\/#article\",\"isPartOf\":{\"@id\":\"https:\\\/\\\/spaziospadoni.org\\\/pt-pt\\\/africa-republica-democratica-do-congo-o-caminho-da-paz\\\/\"},\"author\":{\"name\":\"Destin Byandike\",\"@id\":\"https:\\\/\\\/spaziospadoni.org\\\/pt-pt\\\/#\\\/schema\\\/person\\\/6297cff4ad988760cee72bb3f83e078f\"},\"headline\":\"\u00c1frica, Rep\u00fablica Democr\u00e1tica do Congo | O caminho da paz\",\"datePublished\":\"2026-09-02T06:00:00+00:00\",\"mainEntityOfPage\":{\"@id\":\"https:\\\/\\\/spaziospadoni.org\\\/pt-pt\\\/africa-republica-democratica-do-congo-o-caminho-da-paz\\\/\"},\"wordCount\":254,\"publisher\":{\"@id\":\"https:\\\/\\\/spaziospadoni.org\\\/pt-pt\\\/#organization\"},\"image\":{\"@id\":\"https:\\\/\\\/spaziospadoni.org\\\/pt-pt\\\/africa-republica-democratica-do-congo-o-caminho-da-paz\\\/#primaryimage\"},\"thumbnailUrl\":\"https:\\\/\\\/spaziospadoni.org\\\/wp-content\\\/uploads\\\/2026\\\/09\\\/pace-congo-vicinanza.webp\",\"keywords\":[\"Igreja Cat\u00f3lica\",\"Paz\",\"proximidade\",\"Rep\u00fablica Democr\u00e1tica do Congo\"],\"articleSection\":[\"Not\u00edcias do mundo\"],\"inLanguage\":\"pt-PT\"},{\"@type\":\"WebPage\",\"@id\":\"https:\\\/\\\/spaziospadoni.org\\\/pt-pt\\\/africa-republica-democratica-do-congo-o-caminho-da-paz\\\/\",\"url\":\"https:\\\/\\\/spaziospadoni.org\\\/pt-pt\\\/africa-republica-democratica-do-congo-o-caminho-da-paz\\\/\",\"name\":\"\u00c1frica, Rep\u00fablica Democr\u00e1tica do Congo | Construir a paz atrav\u00e9s da proximidade\",\"isPartOf\":{\"@id\":\"https:\\\/\\\/spaziospadoni.org\\\/pt-pt\\\/#website\"},\"primaryImageOfPage\":{\"@id\":\"https:\\\/\\\/spaziospadoni.org\\\/pt-pt\\\/africa-republica-democratica-do-congo-o-caminho-da-paz\\\/#primaryimage\"},\"image\":{\"@id\":\"https:\\\/\\\/spaziospadoni.org\\\/pt-pt\\\/africa-republica-democratica-do-congo-o-caminho-da-paz\\\/#primaryimage\"},\"thumbnailUrl\":\"https:\\\/\\\/spaziospadoni.org\\\/wp-content\\\/uploads\\\/2026\\\/09\\\/pace-congo-vicinanza.webp\",\"datePublished\":\"2026-09-02T06:00:00+00:00\",\"description\":\"Tr\u00eas anos ap\u00f3s o apelo do Papa, a paz na RDC exige proximidade com a popula\u00e7\u00e3o, ra\u00edzes locais e uma nova coopera\u00e7\u00e3o de pensamento.\",\"breadcrumb\":{\"@id\":\"https:\\\/\\\/spaziospadoni.org\\\/pt-pt\\\/africa-republica-democratica-do-congo-o-caminho-da-paz\\\/#breadcrumb\"},\"inLanguage\":\"pt-PT\",\"potentialAction\":[{\"@type\":\"ReadAction\",\"target\":[\"https:\\\/\\\/spaziospadoni.org\\\/pt-pt\\\/africa-republica-democratica-do-congo-o-caminho-da-paz\\\/\"]}]},{\"@type\":\"ImageObject\",\"inLanguage\":\"pt-PT\",\"@id\":\"https:\\\/\\\/spaziospadoni.org\\\/pt-pt\\\/africa-republica-democratica-do-congo-o-caminho-da-paz\\\/#primaryimage\",\"url\":\"https:\\\/\\\/spaziospadoni.org\\\/wp-content\\\/uploads\\\/2026\\\/09\\\/pace-congo-vicinanza.webp\",\"contentUrl\":\"https:\\\/\\\/spaziospadoni.org\\\/wp-content\\\/uploads\\\/2026\\\/09\\\/pace-congo-vicinanza.webp\",\"width\":1200,\"height\":800,\"caption\":\"Crian\u00e7as brincam com paus ao ar livre. Na RDC, o desafio da paz passa pela proximidade\"},{\"@type\":\"BreadcrumbList\",\"@id\":\"https:\\\/\\\/spaziospadoni.org\\\/pt-pt\\\/africa-republica-democratica-do-congo-o-caminho-da-paz\\\/#breadcrumb\",\"itemListElement\":[{\"@type\":\"ListItem\",\"position\":1,\"name\":\"Home\",\"item\":\"https:\\\/\\\/spaziospadoni.org\\\/pt-pt\\\/\"},{\"@type\":\"ListItem\",\"position\":2,\"name\":\"\u00c1frica, Rep\u00fablica Democr\u00e1tica do Congo | O caminho da paz\"}]},{\"@type\":\"WebSite\",\"@id\":\"https:\\\/\\\/spaziospadoni.org\\\/pt-pt\\\/#website\",\"url\":\"https:\\\/\\\/spaziospadoni.org\\\/pt-pt\\\/\",\"name\":\"spazio + spadoni\",\"description\":\"Generazione di misericordia e missione nel mondo\",\"publisher\":{\"@id\":\"https:\\\/\\\/spaziospadoni.org\\\/pt-pt\\\/#organization\"},\"alternateName\":\"spaziospadoni.org\",\"potentialAction\":[{\"@type\":\"SearchAction\",\"target\":{\"@type\":\"EntryPoint\",\"urlTemplate\":\"https:\\\/\\\/spaziospadoni.org\\\/pt-pt\\\/?s={search_term_string}\"},\"query-input\":{\"@type\":\"PropertyValueSpecification\",\"valueRequired\":true,\"valueName\":\"search_term_string\"}}],\"inLanguage\":\"pt-PT\"},{\"@type\":\"Organization\",\"@id\":\"https:\\\/\\\/spaziospadoni.org\\\/pt-pt\\\/#organization\",\"name\":\"spazio + spadoni\",\"alternateName\":\"spaziospadoni.org\",\"url\":\"https:\\\/\\\/spaziospadoni.org\\\/pt-pt\\\/\",\"logo\":{\"@type\":\"ImageObject\",\"inLanguage\":\"pt-PT\",\"@id\":\"https:\\\/\\\/spaziospadoni.org\\\/pt-pt\\\/#\\\/schema\\\/logo\\\/image\\\/\",\"url\":\"https:\\\/\\\/spaziospadoni.org\\\/wp-content\\\/uploads\\\/2026\\\/05\\\/spazio-spadoni-logo-100x100-1.webp\",\"contentUrl\":\"https:\\\/\\\/spaziospadoni.org\\\/wp-content\\\/uploads\\\/2026\\\/05\\\/spazio-spadoni-logo-100x100-1.webp\",\"width\":100,\"height\":100,\"caption\":\"spazio + spadoni\"},\"image\":{\"@id\":\"https:\\\/\\\/spaziospadoni.org\\\/pt-pt\\\/#\\\/schema\\\/logo\\\/image\\\/\"},\"sameAs\":[\"https:\\\/\\\/www.facebook.com\\\/SpazioSpadoni\\\/\",\"https:\\\/\\\/www.instagram.com\\\/spaziospadoni\\\/\",\"https:\\\/\\\/www.youtube.com\\\/@spaziospadoni\\\/playlists\"]},{\"@type\":\"Person\",\"@id\":\"https:\\\/\\\/spaziospadoni.org\\\/pt-pt\\\/#\\\/schema\\\/person\\\/6297cff4ad988760cee72bb3f83e078f\",\"name\":\"Destin Byandike\",\"image\":{\"@type\":\"ImageObject\",\"inLanguage\":\"pt-PT\",\"@id\":\"https:\\\/\\\/secure.gravatar.com\\\/avatar\\\/fd5587495a9a6aa30e738c0964461efb38a880d11d17dd49b6ecbb17fb18d017?s=96&d=mm&r=g\",\"url\":\"https:\\\/\\\/secure.gravatar.com\\\/avatar\\\/fd5587495a9a6aa30e738c0964461efb38a880d11d17dd49b6ecbb17fb18d017?s=96&d=mm&r=g\",\"contentUrl\":\"https:\\\/\\\/secure.gravatar.com\\\/avatar\\\/fd5587495a9a6aa30e738c0964461efb38a880d11d17dd49b6ecbb17fb18d017?s=96&d=mm&r=g\",\"caption\":\"Destin Byandike\"},\"description\":\"Cittadino della Repubblica Democratica del Congo. Autore e ricercatore nel campo della pace nella RDC. Specializzato in cooperazione internazionale e negoziazione strategica presso la Scuola Nazionale di Diplomazia, Negoziazione e Mediazione dell\u2019Universit\u00e0 dei Martiri del Congo. Svolge le sue attivit\u00e0 di ricerca presso l\u2019Universit\u00e0 dei Martiri del Congo ed \u00e8 ricercatore associato alla Revue Africaine des Sciences Sociales, con sede in Camerun.\",\"url\":\"https:\\\/\\\/spaziospadoni.org\\\/pt-pt\\\/author\\\/ddyandikespspadoni\\\/\"}]}<\/script>\n<!-- \/ Yoast SEO plugin. -->","yoast_head_json":{"title":"\u00c1frica, Rep\u00fablica Democr\u00e1tica do Congo | Construir a paz atrav\u00e9s da proximidade","description":"Tr\u00eas anos ap\u00f3s o apelo do Papa, a paz na RDC exige proximidade com a popula\u00e7\u00e3o, ra\u00edzes locais e uma nova coopera\u00e7\u00e3o de pensamento.","robots":{"index":"index","follow":"follow","max-snippet":"max-snippet:-1","max-image-preview":"max-image-preview:large","max-video-preview":"max-video-preview:-1"},"canonical":"https:\/\/spaziospadoni.org\/pt-pt\/africa-republica-democratica-do-congo-o-caminho-da-paz\/","og_locale":"pt_PT","og_type":"article","og_title":"\u00c1frica, Rep\u00fablica Democr\u00e1tica do Congo | Construir a paz atrav\u00e9s da proximidade","og_description":"Tr\u00eas anos ap\u00f3s o apelo do Papa, a paz na RDC exige proximidade com a popula\u00e7\u00e3o, ra\u00edzes locais e uma nova coopera\u00e7\u00e3o de pensamento.","og_url":"https:\/\/spaziospadoni.org\/pt-pt\/africa-republica-democratica-do-congo-o-caminho-da-paz\/","og_site_name":"spazio + spadoni","article_publisher":"https:\/\/www.facebook.com\/SpazioSpadoni\/","article_published_time":"2026-09-02T06:00:00+00:00","og_image":[{"width":1200,"height":800,"url":"https:\/\/spaziospadoni.org\/wp-content\/uploads\/2026\/09\/pace-congo-vicinanza.webp","type":"image\/webp"}],"author":"Destin Byandike","twitter_card":"summary_large_image","twitter_misc":{"Escrito por":"Destin Byandike","Est. reading time":"2 minutes"},"schema":{"@context":"https:\/\/schema.org","@graph":[{"@type":"Article","@id":"https:\/\/spaziospadoni.org\/pt-pt\/africa-republica-democratica-do-congo-o-caminho-da-paz\/#article","isPartOf":{"@id":"https:\/\/spaziospadoni.org\/pt-pt\/africa-republica-democratica-do-congo-o-caminho-da-paz\/"},"author":{"name":"Destin Byandike","@id":"https:\/\/spaziospadoni.org\/pt-pt\/#\/schema\/person\/6297cff4ad988760cee72bb3f83e078f"},"headline":"\u00c1frica, Rep\u00fablica Democr\u00e1tica do Congo | O caminho da paz","datePublished":"2026-09-02T06:00:00+00:00","mainEntityOfPage":{"@id":"https:\/\/spaziospadoni.org\/pt-pt\/africa-republica-democratica-do-congo-o-caminho-da-paz\/"},"wordCount":254,"publisher":{"@id":"https:\/\/spaziospadoni.org\/pt-pt\/#organization"},"image":{"@id":"https:\/\/spaziospadoni.org\/pt-pt\/africa-republica-democratica-do-congo-o-caminho-da-paz\/#primaryimage"},"thumbnailUrl":"https:\/\/spaziospadoni.org\/wp-content\/uploads\/2026\/09\/pace-congo-vicinanza.webp","keywords":["Igreja Cat\u00f3lica","Paz","proximidade","Rep\u00fablica Democr\u00e1tica do Congo"],"articleSection":["Not\u00edcias do mundo"],"inLanguage":"pt-PT"},{"@type":"WebPage","@id":"https:\/\/spaziospadoni.org\/pt-pt\/africa-republica-democratica-do-congo-o-caminho-da-paz\/","url":"https:\/\/spaziospadoni.org\/pt-pt\/africa-republica-democratica-do-congo-o-caminho-da-paz\/","name":"\u00c1frica, Rep\u00fablica Democr\u00e1tica do Congo | Construir a paz atrav\u00e9s da proximidade","isPartOf":{"@id":"https:\/\/spaziospadoni.org\/pt-pt\/#website"},"primaryImageOfPage":{"@id":"https:\/\/spaziospadoni.org\/pt-pt\/africa-republica-democratica-do-congo-o-caminho-da-paz\/#primaryimage"},"image":{"@id":"https:\/\/spaziospadoni.org\/pt-pt\/africa-republica-democratica-do-congo-o-caminho-da-paz\/#primaryimage"},"thumbnailUrl":"https:\/\/spaziospadoni.org\/wp-content\/uploads\/2026\/09\/pace-congo-vicinanza.webp","datePublished":"2026-09-02T06:00:00+00:00","description":"Tr\u00eas anos ap\u00f3s o apelo do Papa, a paz na RDC exige proximidade com a popula\u00e7\u00e3o, ra\u00edzes locais e uma nova coopera\u00e7\u00e3o de pensamento.","breadcrumb":{"@id":"https:\/\/spaziospadoni.org\/pt-pt\/africa-republica-democratica-do-congo-o-caminho-da-paz\/#breadcrumb"},"inLanguage":"pt-PT","potentialAction":[{"@type":"ReadAction","target":["https:\/\/spaziospadoni.org\/pt-pt\/africa-republica-democratica-do-congo-o-caminho-da-paz\/"]}]},{"@type":"ImageObject","inLanguage":"pt-PT","@id":"https:\/\/spaziospadoni.org\/pt-pt\/africa-republica-democratica-do-congo-o-caminho-da-paz\/#primaryimage","url":"https:\/\/spaziospadoni.org\/wp-content\/uploads\/2026\/09\/pace-congo-vicinanza.webp","contentUrl":"https:\/\/spaziospadoni.org\/wp-content\/uploads\/2026\/09\/pace-congo-vicinanza.webp","width":1200,"height":800,"caption":"Crian\u00e7as brincam com paus ao ar livre. Na RDC, o desafio da paz passa pela proximidade"},{"@type":"BreadcrumbList","@id":"https:\/\/spaziospadoni.org\/pt-pt\/africa-republica-democratica-do-congo-o-caminho-da-paz\/#breadcrumb","itemListElement":[{"@type":"ListItem","position":1,"name":"Home","item":"https:\/\/spaziospadoni.org\/pt-pt\/"},{"@type":"ListItem","position":2,"name":"\u00c1frica, Rep\u00fablica Democr\u00e1tica do Congo | O caminho da paz"}]},{"@type":"WebSite","@id":"https:\/\/spaziospadoni.org\/pt-pt\/#website","url":"https:\/\/spaziospadoni.org\/pt-pt\/","name":"spazio + spadoni","description":"Generazione di misericordia e missione nel mondo","publisher":{"@id":"https:\/\/spaziospadoni.org\/pt-pt\/#organization"},"alternateName":"spaziospadoni.org","potentialAction":[{"@type":"SearchAction","target":{"@type":"EntryPoint","urlTemplate":"https:\/\/spaziospadoni.org\/pt-pt\/?s={search_term_string}"},"query-input":{"@type":"PropertyValueSpecification","valueRequired":true,"valueName":"search_term_string"}}],"inLanguage":"pt-PT"},{"@type":"Organization","@id":"https:\/\/spaziospadoni.org\/pt-pt\/#organization","name":"spazio + spadoni","alternateName":"spaziospadoni.org","url":"https:\/\/spaziospadoni.org\/pt-pt\/","logo":{"@type":"ImageObject","inLanguage":"pt-PT","@id":"https:\/\/spaziospadoni.org\/pt-pt\/#\/schema\/logo\/image\/","url":"https:\/\/spaziospadoni.org\/wp-content\/uploads\/2026\/05\/spazio-spadoni-logo-100x100-1.webp","contentUrl":"https:\/\/spaziospadoni.org\/wp-content\/uploads\/2026\/05\/spazio-spadoni-logo-100x100-1.webp","width":100,"height":100,"caption":"spazio + spadoni"},"image":{"@id":"https:\/\/spaziospadoni.org\/pt-pt\/#\/schema\/logo\/image\/"},"sameAs":["https:\/\/www.facebook.com\/SpazioSpadoni\/","https:\/\/www.instagram.com\/spaziospadoni\/","https:\/\/www.youtube.com\/@spaziospadoni\/playlists"]},{"@type":"Person","@id":"https:\/\/spaziospadoni.org\/pt-pt\/#\/schema\/person\/6297cff4ad988760cee72bb3f83e078f","name":"Destin Byandike","image":{"@type":"ImageObject","inLanguage":"pt-PT","@id":"https:\/\/secure.gravatar.com\/avatar\/fd5587495a9a6aa30e738c0964461efb38a880d11d17dd49b6ecbb17fb18d017?s=96&d=mm&r=g","url":"https:\/\/secure.gravatar.com\/avatar\/fd5587495a9a6aa30e738c0964461efb38a880d11d17dd49b6ecbb17fb18d017?s=96&d=mm&r=g","contentUrl":"https:\/\/secure.gravatar.com\/avatar\/fd5587495a9a6aa30e738c0964461efb38a880d11d17dd49b6ecbb17fb18d017?s=96&d=mm&r=g","caption":"Destin Byandike"},"description":"Cittadino della Repubblica Democratica del Congo. Autore e ricercatore nel campo della pace nella RDC. Specializzato in cooperazione internazionale e negoziazione strategica presso la Scuola Nazionale di Diplomazia, Negoziazione e Mediazione dell\u2019Universit\u00e0 dei Martiri del Congo. Svolge le sue attivit\u00e0 di ricerca presso l\u2019Universit\u00e0 dei Martiri del Congo ed \u00e8 ricercatore associato alla Revue Africaine des Sciences Sociales, con sede in Camerun.","url":"https:\/\/spaziospadoni.org\/pt-pt\/author\/ddyandikespspadoni\/"}]}},"_links":{"self":[{"href":"https:\/\/spaziospadoni.org\/pt-pt\/wp-json\/wp\/v2\/posts\/94940","targetHints":{"allow":["GET"]}}],"collection":[{"href":"https:\/\/spaziospadoni.org\/pt-pt\/wp-json\/wp\/v2\/posts"}],"about":[{"href":"https:\/\/spaziospadoni.org\/pt-pt\/wp-json\/wp\/v2\/types\/post"}],"author":[{"embeddable":true,"href":"https:\/\/spaziospadoni.org\/pt-pt\/wp-json\/wp\/v2\/users\/111"}],"replies":[{"embeddable":true,"href":"https:\/\/spaziospadoni.org\/pt-pt\/wp-json\/wp\/v2\/comments?post=94940"}],"version-history":[{"count":2,"href":"https:\/\/spaziospadoni.org\/pt-pt\/wp-json\/wp\/v2\/posts\/94940\/revisions"}],"predecessor-version":[{"id":94942,"href":"https:\/\/spaziospadoni.org\/pt-pt\/wp-json\/wp\/v2\/posts\/94940\/revisions\/94942"}],"wp:featuredmedia":[{"embeddable":true,"href":"https:\/\/spaziospadoni.org\/pt-pt\/wp-json\/wp\/v2\/media\/94939"}],"wp:attachment":[{"href":"https:\/\/spaziospadoni.org\/pt-pt\/wp-json\/wp\/v2\/media?parent=94940"}],"wp:term":[{"taxonomy":"category","embeddable":true,"href":"https:\/\/spaziospadoni.org\/pt-pt\/wp-json\/wp\/v2\/categories?post=94940"},{"taxonomy":"post_tag","embeddable":true,"href":"https:\/\/spaziospadoni.org\/pt-pt\/wp-json\/wp\/v2\/tags?post=94940"}],"curies":[{"name":"wp","href":"https:\/\/api.w.org\/{rel}","templated":true}]}}